{"id":70761,"date":"2013-09-30T16:54:50","date_gmt":"2013-09-30T15:54:50","guid":{"rendered":"http:\/\/www.pressenza.com\/?p=70761"},"modified":"2013-09-30T18:39:41","modified_gmt":"2013-09-30T17:39:41","slug":"veracruz-oaxaca-michoacan-zacatecas-epicentros-amenaza-y-censura","status":"publish","type":"post","link":"https:\/\/www.pressenza.com\/es\/2013\/09\/veracruz-oaxaca-michoacan-zacatecas-epicentros-amenaza-y-censura\/","title":{"rendered":"Veracruz, Oaxaca, Michoac\u00e1n, Zacatecas: epicentros de la amenaza y la censura"},"content":{"rendered":"<p class=\"yiv0066945037\" id=\"yui_3_7_2_1_1380545728541_12141\"><span id=\"yui_3_7_2_1_1380545728541_12140\" style=\"font-family: verdana, sans-serif;\">Bajo la presidencia de Vicente Fox (2000-2006) y la de Felipe Calder\u00f3n (2006-2012) M\u00e9xico se ubic\u00f3 entre los diez pa\u00edses m\u00e1s peligrosos del mundo para los periodistas y, m\u00e1s a\u00fan, para los actores de la informaci\u00f3n. En una d\u00e9cada 88 de ellos han perdido la vida y otros 17 se encuentran desaparecidos, en medio de una situaci\u00f3n de quebrantamiento del Estado de Derecho y de impunidad casi absoluta. Este siniestro balance incluye a las seis v\u00edctimas \u2013 cuatro asesinadas y dos desaparecidas\u2013 registradas desde el inicio del a\u00f1o, tras el regreso al poder del Partido Revolucionario Institucional (PRI). La ofensiva federal contra el narcotr\u00e1fico emprendida por el presidente Calder\u00f3n, que dej\u00f3 como saldo m\u00e1s de 60.000 muertos, acab\u00f3 oficialmente hace cerca de un a\u00f1o. Decimos \u201coficialmente\u201d porque el terror y la impunidad perduran, mientras que la autocensura \u2013por no decir la censura\u2013 ha ganado terreno. Para protegerse o hacer frente a las presiones, los periodistas y los medios de comunicaci\u00f3n tienden a minimizar la violencia de la que tambi\u00e9n ellos son v\u00edctimas. Reporteros sin Fronteras detect\u00f3 esta nueva problem\u00e1tica recientemente, tras recabar testimonios de periodistas y de sus familiares, provenientes de cuatro estados de la Rep\u00fablica.<\/span><\/p>\n<p class=\"yiv0066945037\" id=\"yui_3_7_2_1_1380545728541_12164\"><span style=\"font-family: verdana, sans-serif;\"><strong>Veracruz<\/strong><\/span><\/p>\n<p class=\"yiv0066945037\" id=\"yui_3_7_2_1_1380545728541_12160\"><span id=\"yui_3_7_2_1_1380545728541_12163\" style=\"font-family: verdana, sans-serif;\">En las elecciones locales del 7 de julio de 2013 en el estado de Veracruz, al menos cuatro periodistas dejaron sus medios para presentarse como candidatos. Ninguno de ellos mencion\u00f3 en su campa\u00f1a alguna propuesta para proteger a los periodistas en Veracruz, un estado en el que desde el a\u00f1o 2010 han sido asesinados nueve periodistas y otros tres se encuentran desaparecidos. Javier Duarte, elegido entonces como gobernador de Veracruz, recibi\u00f3 en abril pasado un curioso premio con el que se reconoc\u00eda sus \u201cesfuerzos para garantizar el pleno ejercicio de la libertad de expresi\u00f3n\u201d.<\/span><\/p>\n<p class=\"yiv0066945037\"><span style=\"font-family: verdana, sans-serif;\">El silencio generalizado en torno a estos casos se explica en parte por el control que ejerce el gobierno sobre los medios de comunicaci\u00f3n. Son raros los que se atreven a salirse de \u00e9l: los portales de Internet y las redes sociales. <strong>Luz Mar\u00eda Rivera<\/strong>, directora del diario digital <i>El Mercurio<\/i>, lamenta: \u201cexiste censura y autocensura por miedo\u201d. Ella fue v\u00edctima de una agresi\u00f3n el 18 de mayo de 2013, lo que la ha obligado a cambiar varias ocasiones de domicilio para no poner en peligro a su familia. Respecto al secuestro del periodista <strong><a class=\"yiv0066945037\" href=\"http:\/\/es.rsf.org\/mexico-dos-casos-nutren-la-controversia-10-04-2013,44358.html\" target=\"_blank\" rel=\"nofollow\">Sergio Landa<\/a><\/strong>, del <i>Diario Cardel<\/i>, uno de sus compa\u00f1eros, <strong>Jes\u00fas Olivares<\/strong>, afirma: \u201cpara los medios veracruzanos la desaparici\u00f3n de Sergio Landa no existi\u00f3\u201d. A la fecha se desconocer su paradero.<\/span><\/p>\n<p class=\"yiv0066945037\" id=\"yui_3_7_2_1_1380545728541_12162\"><span id=\"yui_3_7_2_1_1380545728541_12161\" style=\"font-family: verdana, sans-serif;\">La censura, las lagunas en las investigaciones polic\u00edacas y la lentitud del sistema judicial favorecen la impunidad. Tras dos a\u00f1os de investigaci\u00f3n a\u00fan no se ha encontrado a los autores del asesinato del periodista <strong>Miguel \u00c1ngel L\u00f3pez Solana<\/strong>, subdirector en <i>Notiver<\/i>, de su esposa y de uno de sus hijos. Faltan pruebas, declaran las autoridades, mientras que el informe de la polic\u00eda carece de informaci\u00f3n crucial: en ninguna parte consta que el periodista padeci\u00f3 amenazas desde 2007 y hasta algunas semanas antes de su asesinato; tampoco se encuentran en el expediente notas publicadas por la v\u00edctima que podr\u00edan apuntalar que el crimen estuvo relacionado con su profesi\u00f3n period\u00edstica. Seg\u00fan la Procuradur\u00eda General de Justicia del Estado de Veracruz, los presuntos autores materiales, pertenecientes al grupo paramilitar Los Zetas, estar\u00edan muertos. La investigaci\u00f3n est\u00e1 por archivarse \u201chasta que se aporten nuevos datos\u201d.<\/span><\/p>\n<p class=\"yiv0066945037\"><span style=\"font-family: verdana, sans-serif;\"><strong>Oaxaca<\/strong><\/span><\/p>\n<p class=\"yiv0066945037\" id=\"yui_3_7_2_1_1380545728541_12166\"><span id=\"yui_3_7_2_1_1380545728541_12165\" style=\"font-family: verdana, sans-serif;\">Desde que Gabino Cu\u00e9 Monteagudo asumi\u00f3 sus funciones como gobernador del estado de Oaxaca, en 2010, se han iniciado en el estado m\u00e1s de cincuenta averiguaciones previas en la Procuradur\u00eda de Justicia del Estado por agresiones a periodistas y medios de comunicaci\u00f3n. Muchas de estas agresiones se atribuyen a las autoridades (locales, municipales, a polic\u00edas, pol\u00edticos) y a empresarios locales que ven amenazados sus intereses econ\u00f3micos por cierta informaci\u00f3n publicada.<\/span><\/p>\n<p class=\"yiv0066945037\"><span style=\"font-family: verdana, sans-serif;\">Oaxaca, que hasta ahora era una de las zonas menos afectadas por los efectos devastadores de la ofensiva federal, vive hoy una agravaci\u00f3n de la inseguridad debido al aumento de cr\u00edmenes relacionados con el narcomenudeo. Esta realidad expone a los periodistas a mayores peligros y no favorece la solidaridad entre ellos, de por s\u00ed fr\u00e1gil.<\/span><\/p>\n<p class=\"yiv0066945037\" id=\"yui_3_7_2_1_1380545728541_12168\"><span id=\"yui_3_7_2_1_1380545728541_12167\" style=\"font-family: verdana, sans-serif;\">Para <strong>Ismael San Mart\u00edn<\/strong>, director del diario <i>Noticias<\/i>, el asesinato de <strong><a class=\"yiv0066945037\" href=\"http:\/\/es.rsf.org\/mexico-se-privilegia-la-pista-del-18-07-2013,44950.html\" target=\"_blank\" rel=\"nofollow\">Alberto L\u00f3pez Bello<\/a><\/strong>, de <i>El Imparcial<\/i>, registrado en julio pasado, \u201cno tuvo que ver con su trabajo y eso lo sabe el mismo peri\u00f3dico donde trabajaba, parece que estaba involucrad\u00edsimo\u201d. La palabra \u201cinvolucrado\u201d sugiere que la v\u00edctima pudo haber tenido alguna relaci\u00f3n con el narcotr\u00e1fico, pero el director del diario no precisa ninguna. Un excompa\u00f1ero de Alberto L\u00f3pez Bello, quien prefiere permanecer en el anonimato, considera que, al contrario, \u201csu muerte s\u00ed podr\u00eda tener algo que ver con su trabajo, \u00e9l sab\u00eda demasiado\u201d, en particular sobre los nexos de la polic\u00eda con los c\u00e1rteles. Alberto L\u00f3pez Bello public\u00f3 informaci\u00f3n sobre la posible implicaci\u00f3n de comandantes de la Agencia Estatal de Investigaciones (AEI) en actos de corrupci\u00f3n, secuestros y ejecuciones, entre ellos el Comandante de Sector de La Villa de Etla, Lorenzo Eduardo L\u00f3pez Garc\u00eda. Adem\u00e1s en un volante publicado el 27 de julio se pide expl\u00edcitamente investigar a dos comandantes de la (AEI), Jacobo Israel Guzm\u00e1n Hern\u00e1ndez y Fernando Garc\u00eda, con relaci\u00f3n a la muerte del periodista.<\/span><\/p>\n<p class=\"yiv0066945037\"><span style=\"font-family: verdana, sans-serif;\">Pese a la resonancia del asesinato del periodista, la investigaci\u00f3n no tiene a\u00fan resultados y no se ha otorgado ninguna ayuda a sus familiares, quienes decidieron dejar Oaxaca temporalmente. \u201cNadie nos ha buscado despu\u00e9s del asesinato de Alberto, ni el gobierno del Estado ni los directivos del peri\u00f3dico El Imparcial, que prometieron dar ayuda a la familia\u201d, nos confi\u00f3 uno de sus familiares.<\/span><\/p>\n<p class=\"yiv0066945037\" id=\"yui_3_7_2_1_1380545728541_12170\"><span id=\"yui_3_7_2_1_1380545728541_12169\" style=\"font-family: verdana, sans-serif;\">El estado de Oaxaca, donde se concentra gran parte de la poblaci\u00f3n ind\u00edgena del pa\u00eds, tambi\u00e9n es escenario de frecuentes conflictos sociales entre las comunidades y las autoridades locales. En este contexto, a menudo la represi\u00f3n se concentra en los defensores de los derechos humanos y en quienes trabajan en las <a class=\"yiv0066945037\" id=\"yui_3_7_2_1_1380545728541_12171\" href=\"http:\/\/es.rsf.org\/mexico-represion-de-radios-comunitarias-05-04-2013,44314.html\" target=\"_blank\" rel=\"nofollow\">radios comunitarias<\/a>. Las amenazas y la confiscaci\u00f3n de equipo que sufri\u00f3 <i>Radio Totopo<\/i> en marzo pasado en la regi\u00f3n de Juchit\u00e1n ilustran las persecuciones padecidas por medios de comunicaci\u00f3n asociativos y sin fines de lucro, que con frecuencia deben esperar a\u00f1os para obtener una licencia de difusi\u00f3n.<\/span><\/p>\n<p class=\"yiv0066945037\"><span style=\"font-family: verdana, sans-serif;\">Criminalizadas en Oaxaca, as\u00ed como en numerosos estados de la Rep\u00fablica, las radios comunitarias siguen siendo excluidas del debate sobre su regulaci\u00f3n. \u201cEn Oaxaca hay una iniciativa de Ley Reglamentaria para los medios ind\u00edgenas y comunitarios [\u2026] Las radios deber\u00e1n participar para dar su postura [\u2026] creemos que este es el principal reto, que se reconozcan estos medios comunitarios\u201d, su participaci\u00f3n en el proyecto de ley ser\u00e1 un paso en este sentido, subraya <strong>S\u00f3crates V\u00e1zquez Garc\u00eda<\/strong>, representante de la Asociaci\u00f3n Mundial de Radios Comunitarias (AMARC) en M\u00e9xico.<\/span><\/p>\n<p class=\"yiv0066945037\"><span style=\"font-family: verdana, sans-serif;\">Fue en el momento \u00e1lgido de los enfrentamientos entre movimientos sociales y el gobierno de Ulises Ruiz Ortiz, cuando el periodista alternativo y camar\u00f3grafo de <i>Indymedia<\/i> <strong><a class=\"yiv0066945037\" href=\"http:\/\/es.rsf.org\/mexico-circunspeccion-ante-el-anuncio-de-30-05-2012,42693.html\" target=\"_blank\" rel=\"nofollow\">Brad Will<\/a><\/strong> fue herido mortalmente por las balas de la guardia del entonces gobernador de Oaxaca, el 27 de octubre de 2006. Siete a\u00f1os m\u00e1s tarde, la investigaci\u00f3n no ha tenido ning\u00fan avance significativo.<\/span><\/p>\n<p class=\"yiv0066945037\"><span style=\"font-family: verdana, sans-serif;\"><strong>Michoac\u00e1n<\/strong><\/span><\/p>\n<p class=\"yiv0066945037\" id=\"yui_3_7_2_1_1380545728541_12173\"><span id=\"yui_3_7_2_1_1380545728541_12172\" style=\"font-family: verdana, sans-serif;\">El 14 de agosto de 2013, al amanecer, en el poblado de Aquila, ubicado en la costa de Michoac\u00e1n, el ej\u00e9rcito y las fuerzas de seguridad detuvieron a 45 presuntos integrantes de un grupo de civiles armados. Este tipo de grupos, llamados \u201cde autodefensa\u201d, surgieron en marzo de 2013 supuestamente con el objetivo de luchar contra el crimen organizado. <strong>\u00c1ngel El\u00edas M\u00e9ndez Morales<\/strong>, director del diario local <i>Ent\u00e9rese<\/i> y colaborador de varios medios de comunicaci\u00f3n regionales, estuvo presente en este operativo.<\/span><\/p>\n<p class=\"yiv0066945037\" id=\"yui_3_7_2_1_1380545728541_12175\"><span id=\"yui_3_7_2_1_1380545728541_12174\" style=\"font-family: verdana, sans-serif;\">Aunque desde el inicio se identificaron tanto ante los militares como ante los habitantes del poblado, el periodista y uno de sus colegas fueron atacados por un grupo de autodefensa. Ambos lograron esquivar las piedras, pero luego los agresores apedrearon su veh\u00edculo, el cual finalmente tuvieron que abandonar, perdiendo su equipo. Como no les permit\u00edan salir de la ciudad, se vieron obligados a esconderse; permanecieron sin agua ni comida durante gran parte del d\u00eda. Alertadas por Reporteros sin Fronteras, las autoridades acudieron tard\u00edamente a rescatarlos. \u201cDespu\u00e9s de lo que pas\u00f3, me he puesto a reflexionar y pienso que debo cuidar de m\u00ed y de mi familia\u201d, nos explic\u00f3 resignado \u00c1ngel El\u00edas M\u00e9ndez Morales.<\/span><\/p>\n<p class=\"yiv0066945037\"><span style=\"font-family: verdana, sans-serif;\">Fue en el estado de Michoac\u00e1n donde, en 2006, se inici\u00f3 la ofensiva federal contra el narcotr\u00e1fico a iniciativa del entonces presidente Felipe Calder\u00f3n, originario de ese lugar. Entre 2006 y 2010 <a class=\"yiv0066945037\" href=\"http:\/\/es.rsf.org\/mexico-una-periodista-de-michoacan-19-11-2009,35047.html\" target=\"_blank\" rel=\"nofollow\">desaparecieron cuatro periodistas<\/a> en esta regi\u00f3n. En cada ocasi\u00f3n los indicios se\u00f1alaban a las fuerzas del orden, de all\u00ed un sistem\u00e1tico estancamiento de las investigaciones.<\/span><\/p>\n<p class=\"yiv0066945037\"><span style=\"font-family: verdana, sans-serif;\"><strong>Zacatecas<\/strong><\/span><\/p>\n<p class=\"yiv0066945037\" id=\"yui_3_7_2_1_1380545728541_12177\"><span id=\"yui_3_7_2_1_1380545728541_12176\" style=\"font-family: verdana, sans-serif;\">Reunidos frente al edificio de la Secretar\u00eda de Gobernaci\u00f3n, en M\u00e9xico, ocho periodistas de Zacatecas denunciaron recientemente la violencia que reina en esta zona y las maniobras de censura del Gobierno del Estado. Uno de ellos, <strong>Horacio Zald\u00edvar Espino<\/strong>, director de la <i>Agencia ABZ Noticias<\/i>, record\u00f3 que desde el inicio del a\u00f1o 2013 han sido asesinadas m\u00e1s de mil personas, adem\u00e1s de las que han sido secuestradas, pero las autoridades se niegan a que se publique ese tipo de informaci\u00f3n.<\/span><\/p>\n<p class=\"yiv0066945037\" id=\"yui_3_7_2_1_1380545728541_12179\"><span id=\"yui_3_7_2_1_1380545728541_12178\" style=\"font-family: verdana, sans-serif;\">Horacio Zald\u00edvar Espino mencion\u00f3 las amenazas que ha sufrido en su persona y el hostigamiento al que han sido sometidos reporteros de aquella entidad, entre ellos refiere el caso del periodista <strong>Alfredo Valadez Rodr\u00edguez<\/strong>, corresponsal de <i>La Jornada<\/i>, que tras haber denunciado en el diario nacional, los enfrentamientos entre grupos delictivos, que dejaron como saldo decenas de muertos. De inmediato, las autoridades desmintieron esta informaci\u00f3n e iniciaron una campa\u00f1a de hostigamiento al periodista, mientras que Horacio Zald\u00edvar Espino recibi\u00f3 amenazas por tel\u00e9fono y asegur\u00f3 que esas llamadas proven\u00edan del \u00e1rea de comunicaci\u00f3n social de Gobierno del Estado. Otros periodistas, que pidieron permanecer en el anonimato, confirmaron a Reporteros sin Fronteras que les ofrecieron publicidad oficial a cambio de que su medio de comunicaci\u00f3n no publicara informaci\u00f3n que pudiera da\u00f1ar la imagen del estado de Zacatecas. El 13 de marzo de 2013 el gobierno de ese estado y algunos diarios locales firmaron un acuerdo que lleva por nombre \u201cPor nuestra imagen\u201d, en el que \u201cse prohibi\u00f3 a toda la prensa dar a conocer y publicar hechos violentos\u201d. El grupo de periodistas de Zacatecas interpel\u00f3 en ese sentido al gobierno federal, al que algunos tambi\u00e9n acusan de minimizar el estado real de la violencia en el pa\u00eds.<\/span><\/p>\n","protected":false},"excerpt":{"rendered":"<p>Bajo la presidencia de Vicente Fox (2000-2006) y la de Felipe Calder\u00f3n (2006-2012) M\u00e9xico se ubic\u00f3 entre los diez pa\u00edses m\u00e1s peligrosos del mundo para los periodistas y, m\u00e1s a\u00fan, para los actores de la informaci\u00f3n. En una d\u00e9cada 88&hellip;<\/p>\n","protected":false},"author":524,"featured_media":70786,"comment_status":"closed","ping_status":"open","sticky":false,"template":"","format":"standard","meta":{"footnotes":""},"categories":[69,149,75,79,68],"tags":[],"class_list":["post-70761","post","type-post","status-publish","format-standard","has-post-thumbnail","hentry","category-america-central","category-comunicados-de-prensa","category-cultura-es","category-derechos-humanos","category-norteamerica"],"yoast_head":"<!-- This site is optimized with the Yoast SEO plugin v27.1.1 - https:\/\/yoast.com\/product\/yoast-seo-wordpress\/ -->\n<title>Veracruz, Oaxaca, Michoac\u00e1n, Zacatecas: epicentros de la amenaza y la censura<\/title>\n<meta name=\"description\" content=\"Bajo la presidencia de Vicente Fox (2000-2006) y la de Felipe Calder\u00f3n (2006-2012) M\u00e9xico se ubic\u00f3 entre los diez pa\u00edses m\u00e1s peligrosos del mundo para los\" \/>\n<meta name=\"robots\" content=\"index, follow, max-snippet:-1, max-image-preview:large, max-video-preview:-1\" \/>\n<link rel=\"canonical\" href=\"https:\/\/www.pressenza.com\/es\/2013\/09\/veracruz-oaxaca-michoacan-zacatecas-epicentros-amenaza-y-censura\/\" \/>\n<meta property=\"og:locale\" content=\"es_ES\" \/>\n<meta property=\"og:type\" content=\"article\" \/>\n<meta property=\"og:title\" content=\"Veracruz, Oaxaca, Michoac\u00e1n, Zacatecas: epicentros de la amenaza y la censura\" \/>\n<meta property=\"og:description\" content=\"Bajo la presidencia de Vicente Fox (2000-2006) y la de Felipe Calder\u00f3n (2006-2012) M\u00e9xico se ubic\u00f3 entre los diez pa\u00edses m\u00e1s peligrosos del mundo para los\" \/>\n<meta property=\"og:url\" content=\"https:\/\/www.pressenza.com\/es\/2013\/09\/veracruz-oaxaca-michoacan-zacatecas-epicentros-amenaza-y-censura\/\" \/>\n<meta property=\"og:site_name\" content=\"Pressenza\" \/>\n<meta property=\"article:publisher\" content=\"https:\/\/www.facebook.com\/PressenzaItalia\" \/>\n<meta property=\"article:author\" content=\"https:\/\/www.facebook.com\/Reporterssansfrontieres\" \/>\n<meta property=\"article:published_time\" content=\"2013-09-30T15:54:50+00:00\" \/>\n<meta property=\"article:modified_time\" content=\"2013-09-30T17:39:41+00:00\" \/>\n<meta property=\"og:image\" content=\"https:\/\/www.pressenza.com\/wp-content\/uploads\/2013\/09\/epicentros-de-la-amenaza-y-la-censura.jpg\" \/>\n\t<meta property=\"og:image:width\" content=\"312\" \/>\n\t<meta property=\"og:image:height\" content=\"236\" \/>\n\t<meta property=\"og:image:type\" content=\"image\/jpeg\" \/>\n<meta name=\"author\" content=\"Reporters Sans Fronti\u00e8res\" \/>\n<meta name=\"twitter:card\" content=\"summary_large_image\" \/>\n<meta name=\"twitter:creator\" content=\"@rsf_rwb\" \/>\n<meta name=\"twitter:site\" content=\"@PressenzaIPA\" \/>\n<meta name=\"twitter:label1\" content=\"Escrito por\" \/>\n\t<meta name=\"twitter:data1\" content=\"Reporters Sans Fronti\u00e8res\" \/>\n\t<meta name=\"twitter:label2\" content=\"Tiempo de lectura\" \/>\n\t<meta name=\"twitter:data2\" content=\"9 minutos\" \/>\n<script type=\"application\/ld+json\" class=\"yoast-schema-graph\">{\"@context\":\"https:\/\/schema.org\",\"@graph\":[{\"@type\":\"Article\",\"@id\":\"https:\/\/www.pressenza.com\/es\/2013\/09\/veracruz-oaxaca-michoacan-zacatecas-epicentros-amenaza-y-censura\/#article\",\"isPartOf\":{\"@id\":\"https:\/\/www.pressenza.com\/es\/2013\/09\/veracruz-oaxaca-michoacan-zacatecas-epicentros-amenaza-y-censura\/\"},\"author\":{\"name\":\"Reporters Sans Fronti\u00e8res\",\"@id\":\"https:\/\/www.pressenza.com\/es\/#\/schema\/person\/48c82c5ae57b850b04eb2f9d266b11e1\"},\"headline\":\"Veracruz, Oaxaca, Michoac\u00e1n, Zacatecas: epicentros de la amenaza y la censura\",\"datePublished\":\"2013-09-30T15:54:50+00:00\",\"dateModified\":\"2013-09-30T17:39:41+00:00\",\"mainEntityOfPage\":{\"@id\":\"https:\/\/www.pressenza.com\/es\/2013\/09\/veracruz-oaxaca-michoacan-zacatecas-epicentros-amenaza-y-censura\/\"},\"wordCount\":1845,\"publisher\":{\"@id\":\"https:\/\/www.pressenza.com\/es\/#organization\"},\"image\":{\"@id\":\"https:\/\/www.pressenza.com\/es\/2013\/09\/veracruz-oaxaca-michoacan-zacatecas-epicentros-amenaza-y-censura\/#primaryimage\"},\"thumbnailUrl\":\"https:\/\/www.pressenza.com\/wp-content\/uploads\/2013\/09\/epicentros-de-la-amenaza-y-la-censura.jpg\",\"articleSection\":[\"Am\u00e9rica Central\",\"Comunicados de Prensa\",\"Cultura y Medios\",\"Derechos Humanos\",\"Norteam\u00e9rica\"],\"inLanguage\":\"es\"},{\"@type\":\"WebPage\",\"@id\":\"https:\/\/www.pressenza.com\/es\/2013\/09\/veracruz-oaxaca-michoacan-zacatecas-epicentros-amenaza-y-censura\/\",\"url\":\"https:\/\/www.pressenza.com\/es\/2013\/09\/veracruz-oaxaca-michoacan-zacatecas-epicentros-amenaza-y-censura\/\",\"name\":\"Veracruz, Oaxaca, Michoac\u00e1n, Zacatecas: epicentros de la amenaza y la censura\",\"isPartOf\":{\"@id\":\"https:\/\/www.pressenza.com\/es\/#website\"},\"primaryImageOfPage\":{\"@id\":\"https:\/\/www.pressenza.com\/es\/2013\/09\/veracruz-oaxaca-michoacan-zacatecas-epicentros-amenaza-y-censura\/#primaryimage\"},\"image\":{\"@id\":\"https:\/\/www.pressenza.com\/es\/2013\/09\/veracruz-oaxaca-michoacan-zacatecas-epicentros-amenaza-y-censura\/#primaryimage\"},\"thumbnailUrl\":\"https:\/\/www.pressenza.com\/wp-content\/uploads\/2013\/09\/epicentros-de-la-amenaza-y-la-censura.jpg\",\"datePublished\":\"2013-09-30T15:54:50+00:00\",\"dateModified\":\"2013-09-30T17:39:41+00:00\",\"description\":\"Bajo la presidencia de Vicente Fox (2000-2006) y la de Felipe Calder\u00f3n (2006-2012) M\u00e9xico se ubic\u00f3 entre los diez pa\u00edses m\u00e1s peligrosos del mundo para los\",\"breadcrumb\":{\"@id\":\"https:\/\/www.pressenza.com\/es\/2013\/09\/veracruz-oaxaca-michoacan-zacatecas-epicentros-amenaza-y-censura\/#breadcrumb\"},\"inLanguage\":\"es\",\"potentialAction\":[{\"@type\":\"ReadAction\",\"target\":[\"https:\/\/www.pressenza.com\/es\/2013\/09\/veracruz-oaxaca-michoacan-zacatecas-epicentros-amenaza-y-censura\/\"]}]},{\"@type\":\"ImageObject\",\"inLanguage\":\"es\",\"@id\":\"https:\/\/www.pressenza.com\/es\/2013\/09\/veracruz-oaxaca-michoacan-zacatecas-epicentros-amenaza-y-censura\/#primaryimage\",\"url\":\"https:\/\/www.pressenza.com\/wp-content\/uploads\/2013\/09\/epicentros-de-la-amenaza-y-la-censura.jpg\",\"contentUrl\":\"https:\/\/www.pressenza.com\/wp-content\/uploads\/2013\/09\/epicentros-de-la-amenaza-y-la-censura.jpg\",\"width\":312,\"height\":236},{\"@type\":\"BreadcrumbList\",\"@id\":\"https:\/\/www.pressenza.com\/es\/2013\/09\/veracruz-oaxaca-michoacan-zacatecas-epicentros-amenaza-y-censura\/#breadcrumb\",\"itemListElement\":[{\"@type\":\"ListItem\",\"position\":1,\"name\":\"Accueil\",\"item\":\"https:\/\/www.pressenza.com\/es\/\"},{\"@type\":\"ListItem\",\"position\":2,\"name\":\"Veracruz, Oaxaca, Michoac\u00e1n, Zacatecas: epicentros de la amenaza y la censura\"}]},{\"@type\":\"WebSite\",\"@id\":\"https:\/\/www.pressenza.com\/es\/#website\",\"url\":\"https:\/\/www.pressenza.com\/es\/\",\"name\":\"Pressenza\",\"description\":\"International Press Agency\",\"publisher\":{\"@id\":\"https:\/\/www.pressenza.com\/es\/#organization\"},\"potentialAction\":[{\"@type\":\"SearchAction\",\"target\":{\"@type\":\"EntryPoint\",\"urlTemplate\":\"https:\/\/www.pressenza.com\/es\/?s={search_term_string}\"},\"query-input\":{\"@type\":\"PropertyValueSpecification\",\"valueRequired\":true,\"valueName\":\"search_term_string\"}}],\"inLanguage\":\"es\"},{\"@type\":\"Organization\",\"@id\":\"https:\/\/www.pressenza.com\/es\/#organization\",\"name\":\"Pressenza\",\"url\":\"https:\/\/www.pressenza.com\/es\/\",\"logo\":{\"@type\":\"ImageObject\",\"inLanguage\":\"es\",\"@id\":\"https:\/\/www.pressenza.com\/es\/#\/schema\/logo\/image\/\",\"url\":\"https:\/\/www.pressenza.com\/wp-content\/uploads\/2022\/10\/pressenza_logo_200x200.jpg\",\"contentUrl\":\"https:\/\/www.pressenza.com\/wp-content\/uploads\/2022\/10\/pressenza_logo_200x200.jpg\",\"width\":200,\"height\":200,\"caption\":\"Pressenza\"},\"image\":{\"@id\":\"https:\/\/www.pressenza.com\/es\/#\/schema\/logo\/image\/\"},\"sameAs\":[\"https:\/\/www.facebook.com\/PressenzaItalia\",\"https:\/\/x.com\/PressenzaIPA\"]},{\"@type\":\"Person\",\"@id\":\"https:\/\/www.pressenza.com\/es\/#\/schema\/person\/48c82c5ae57b850b04eb2f9d266b11e1\",\"name\":\"Reporters Sans Fronti\u00e8res\",\"description\":\"Freedom of expression and of information will always be the world\u2019s most important freedom. If journalists were not free to report the facts, denounce abuses and alert the public, how would we resist the problem of children-soldiers, defend women\u2019s rights, or preserve our environment? In some countries, torturers stop their atrocious deeds as soon as they are mentioned in the media. In others, corrupt politicians abandon their illegal habits when investigative journalists publish compromising details about their activities. Still elsewhere, massacres are prevented when the international media focuses its attention and cameras on events. Freedom of information is the foundation of any democracy. Yet almost half of the world\u2019s population is still denied it. rsf.org\",\"sameAs\":[\"https:\/\/www.facebook.com\/Reporterssansfrontieres\",\"https:\/\/x.com\/rsf_rwb\"],\"url\":\"https:\/\/www.pressenza.com\/es\/author\/reporters-sans-frontieres\/\"}]}<\/script>\n<!-- \/ Yoast SEO plugin. -->","yoast_head_json":{"title":"Veracruz, Oaxaca, Michoac\u00e1n, Zacatecas: epicentros de la amenaza y la censura","description":"Bajo la presidencia de Vicente Fox (2000-2006) y la de Felipe Calder\u00f3n (2006-2012) M\u00e9xico se ubic\u00f3 entre los diez pa\u00edses m\u00e1s peligrosos del mundo para los","robots":{"index":"index","follow":"follow","max-snippet":"max-snippet:-1","max-image-preview":"max-image-preview:large","max-video-preview":"max-video-preview:-1"},"canonical":"https:\/\/www.pressenza.com\/es\/2013\/09\/veracruz-oaxaca-michoacan-zacatecas-epicentros-amenaza-y-censura\/","og_locale":"es_ES","og_type":"article","og_title":"Veracruz, Oaxaca, Michoac\u00e1n, Zacatecas: epicentros de la amenaza y la censura","og_description":"Bajo la presidencia de Vicente Fox (2000-2006) y la de Felipe Calder\u00f3n (2006-2012) M\u00e9xico se ubic\u00f3 entre los diez pa\u00edses m\u00e1s peligrosos del mundo para los","og_url":"https:\/\/www.pressenza.com\/es\/2013\/09\/veracruz-oaxaca-michoacan-zacatecas-epicentros-amenaza-y-censura\/","og_site_name":"Pressenza","article_publisher":"https:\/\/www.facebook.com\/PressenzaItalia","article_author":"https:\/\/www.facebook.com\/Reporterssansfrontieres","article_published_time":"2013-09-30T15:54:50+00:00","article_modified_time":"2013-09-30T17:39:41+00:00","og_image":[{"width":312,"height":236,"url":"https:\/\/www.pressenza.com\/wp-content\/uploads\/2013\/09\/epicentros-de-la-amenaza-y-la-censura.jpg","type":"image\/jpeg"}],"author":"Reporters Sans Fronti\u00e8res","twitter_card":"summary_large_image","twitter_creator":"@rsf_rwb","twitter_site":"@PressenzaIPA","twitter_misc":{"Escrito por":"Reporters Sans Fronti\u00e8res","Tiempo de lectura":"9 minutos"},"schema":{"@context":"https:\/\/schema.org","@graph":[{"@type":"Article","@id":"https:\/\/www.pressenza.com\/es\/2013\/09\/veracruz-oaxaca-michoacan-zacatecas-epicentros-amenaza-y-censura\/#article","isPartOf":{"@id":"https:\/\/www.pressenza.com\/es\/2013\/09\/veracruz-oaxaca-michoacan-zacatecas-epicentros-amenaza-y-censura\/"},"author":{"name":"Reporters Sans Fronti\u00e8res","@id":"https:\/\/www.pressenza.com\/es\/#\/schema\/person\/48c82c5ae57b850b04eb2f9d266b11e1"},"headline":"Veracruz, Oaxaca, Michoac\u00e1n, Zacatecas: epicentros de la amenaza y la censura","datePublished":"2013-09-30T15:54:50+00:00","dateModified":"2013-09-30T17:39:41+00:00","mainEntityOfPage":{"@id":"https:\/\/www.pressenza.com\/es\/2013\/09\/veracruz-oaxaca-michoacan-zacatecas-epicentros-amenaza-y-censura\/"},"wordCount":1845,"publisher":{"@id":"https:\/\/www.pressenza.com\/es\/#organization"},"image":{"@id":"https:\/\/www.pressenza.com\/es\/2013\/09\/veracruz-oaxaca-michoacan-zacatecas-epicentros-amenaza-y-censura\/#primaryimage"},"thumbnailUrl":"https:\/\/www.pressenza.com\/wp-content\/uploads\/2013\/09\/epicentros-de-la-amenaza-y-la-censura.jpg","articleSection":["Am\u00e9rica Central","Comunicados de Prensa","Cultura y Medios","Derechos Humanos","Norteam\u00e9rica"],"inLanguage":"es"},{"@type":"WebPage","@id":"https:\/\/www.pressenza.com\/es\/2013\/09\/veracruz-oaxaca-michoacan-zacatecas-epicentros-amenaza-y-censura\/","url":"https:\/\/www.pressenza.com\/es\/2013\/09\/veracruz-oaxaca-michoacan-zacatecas-epicentros-amenaza-y-censura\/","name":"Veracruz, Oaxaca, Michoac\u00e1n, Zacatecas: epicentros de la amenaza y la censura","isPartOf":{"@id":"https:\/\/www.pressenza.com\/es\/#website"},"primaryImageOfPage":{"@id":"https:\/\/www.pressenza.com\/es\/2013\/09\/veracruz-oaxaca-michoacan-zacatecas-epicentros-amenaza-y-censura\/#primaryimage"},"image":{"@id":"https:\/\/www.pressenza.com\/es\/2013\/09\/veracruz-oaxaca-michoacan-zacatecas-epicentros-amenaza-y-censura\/#primaryimage"},"thumbnailUrl":"https:\/\/www.pressenza.com\/wp-content\/uploads\/2013\/09\/epicentros-de-la-amenaza-y-la-censura.jpg","datePublished":"2013-09-30T15:54:50+00:00","dateModified":"2013-09-30T17:39:41+00:00","description":"Bajo la presidencia de Vicente Fox (2000-2006) y la de Felipe Calder\u00f3n (2006-2012) M\u00e9xico se ubic\u00f3 entre los diez pa\u00edses m\u00e1s peligrosos del mundo para los","breadcrumb":{"@id":"https:\/\/www.pressenza.com\/es\/2013\/09\/veracruz-oaxaca-michoacan-zacatecas-epicentros-amenaza-y-censura\/#breadcrumb"},"inLanguage":"es","potentialAction":[{"@type":"ReadAction","target":["https:\/\/www.pressenza.com\/es\/2013\/09\/veracruz-oaxaca-michoacan-zacatecas-epicentros-amenaza-y-censura\/"]}]},{"@type":"ImageObject","inLanguage":"es","@id":"https:\/\/www.pressenza.com\/es\/2013\/09\/veracruz-oaxaca-michoacan-zacatecas-epicentros-amenaza-y-censura\/#primaryimage","url":"https:\/\/www.pressenza.com\/wp-content\/uploads\/2013\/09\/epicentros-de-la-amenaza-y-la-censura.jpg","contentUrl":"https:\/\/www.pressenza.com\/wp-content\/uploads\/2013\/09\/epicentros-de-la-amenaza-y-la-censura.jpg","width":312,"height":236},{"@type":"BreadcrumbList","@id":"https:\/\/www.pressenza.com\/es\/2013\/09\/veracruz-oaxaca-michoacan-zacatecas-epicentros-amenaza-y-censura\/#breadcrumb","itemListElement":[{"@type":"ListItem","position":1,"name":"Accueil","item":"https:\/\/www.pressenza.com\/es\/"},{"@type":"ListItem","position":2,"name":"Veracruz, Oaxaca, Michoac\u00e1n, Zacatecas: epicentros de la amenaza y la censura"}]},{"@type":"WebSite","@id":"https:\/\/www.pressenza.com\/es\/#website","url":"https:\/\/www.pressenza.com\/es\/","name":"Pressenza","description":"International Press Agency","publisher":{"@id":"https:\/\/www.pressenza.com\/es\/#organization"},"potentialAction":[{"@type":"SearchAction","target":{"@type":"EntryPoint","urlTemplate":"https:\/\/www.pressenza.com\/es\/?s={search_term_string}"},"query-input":{"@type":"PropertyValueSpecification","valueRequired":true,"valueName":"search_term_string"}}],"inLanguage":"es"},{"@type":"Organization","@id":"https:\/\/www.pressenza.com\/es\/#organization","name":"Pressenza","url":"https:\/\/www.pressenza.com\/es\/","logo":{"@type":"ImageObject","inLanguage":"es","@id":"https:\/\/www.pressenza.com\/es\/#\/schema\/logo\/image\/","url":"https:\/\/www.pressenza.com\/wp-content\/uploads\/2022\/10\/pressenza_logo_200x200.jpg","contentUrl":"https:\/\/www.pressenza.com\/wp-content\/uploads\/2022\/10\/pressenza_logo_200x200.jpg","width":200,"height":200,"caption":"Pressenza"},"image":{"@id":"https:\/\/www.pressenza.com\/es\/#\/schema\/logo\/image\/"},"sameAs":["https:\/\/www.facebook.com\/PressenzaItalia","https:\/\/x.com\/PressenzaIPA"]},{"@type":"Person","@id":"https:\/\/www.pressenza.com\/es\/#\/schema\/person\/48c82c5ae57b850b04eb2f9d266b11e1","name":"Reporters Sans Fronti\u00e8res","description":"Freedom of expression and of information will always be the world\u2019s most important freedom. If journalists were not free to report the facts, denounce abuses and alert the public, how would we resist the problem of children-soldiers, defend women\u2019s rights, or preserve our environment? In some countries, torturers stop their atrocious deeds as soon as they are mentioned in the media. In others, corrupt politicians abandon their illegal habits when investigative journalists publish compromising details about their activities. Still elsewhere, massacres are prevented when the international media focuses its attention and cameras on events. Freedom of information is the foundation of any democracy. Yet almost half of the world\u2019s population is still denied it. rsf.org","sameAs":["https:\/\/www.facebook.com\/Reporterssansfrontieres","https:\/\/x.com\/rsf_rwb"],"url":"https:\/\/www.pressenza.com\/es\/author\/reporters-sans-frontieres\/"}]}},"place":"M\u00e9xico DF","original_article_url":"","_links":{"self":[{"href":"https:\/\/www.pressenza.com\/es\/wp-json\/wp\/v2\/posts\/70761","targetHints":{"allow":["GET"]}}],"collection":[{"href":"https:\/\/www.pressenza.com\/es\/wp-json\/wp\/v2\/posts"}],"about":[{"href":"https:\/\/www.pressenza.com\/es\/wp-json\/wp\/v2\/types\/post"}],"author":[{"embeddable":true,"href":"https:\/\/www.pressenza.com\/es\/wp-json\/wp\/v2\/users\/524"}],"replies":[{"embeddable":true,"href":"https:\/\/www.pressenza.com\/es\/wp-json\/wp\/v2\/comments?post=70761"}],"version-history":[{"count":0,"href":"https:\/\/www.pressenza.com\/es\/wp-json\/wp\/v2\/posts\/70761\/revisions"}],"wp:featuredmedia":[{"embeddable":true,"href":"https:\/\/www.pressenza.com\/es\/wp-json\/wp\/v2\/media\/70786"}],"wp:attachment":[{"href":"https:\/\/www.pressenza.com\/es\/wp-json\/wp\/v2\/media?parent=70761"}],"wp:term":[{"taxonomy":"category","embeddable":true,"href":"https:\/\/www.pressenza.com\/es\/wp-json\/wp\/v2\/categories?post=70761"},{"taxonomy":"post_tag","embeddable":true,"href":"https:\/\/www.pressenza.com\/es\/wp-json\/wp\/v2\/tags?post=70761"}],"curies":[{"name":"wp","href":"https:\/\/api.w.org\/{rel}","templated":true}]}}