{"id":70749,"date":"2013-09-30T15:21:24","date_gmt":"2013-09-30T14:21:24","guid":{"rendered":"http:\/\/www.pressenza.com\/?p=70749"},"modified":"2013-09-30T15:21:24","modified_gmt":"2013-09-30T14:21:24","slug":"viva-vida-viva-el-maiz","status":"publish","type":"post","link":"https:\/\/www.pressenza.com\/es\/2013\/09\/viva-vida-viva-el-maiz\/","title":{"rendered":"\u201c\u00a1Que viva la vida! \u00a1Que viva el ma\u00edz!\u201d"},"content":{"rendered":"<p><strong><em>Por Alina Rosas Duarte<\/em><\/strong> \/ <a href=\"https:\/\/twitter.com\/ARD3_0\" target=\"_blank\">@ARD3_0<\/a><\/p>\n<p>\u201c<b>Sembremos esperanza, hagamos milpa<\/b>\u201d, se\u00f1al\u00f3 Carlos Ventura el d\u00eda de hoy en conmemoraci\u00f3n, por el quinto a\u00f1o consecutivo, del <b>d\u00eda nacional del ma\u00edz<\/b>.<\/p>\n<p style=\"text-align: justify;\">Con una gran cabeza multicolor de Quetzalc\u00f3atl hecha de cart\u00f3n, con ca\u00f1as de ma\u00edz, con papalotes y disfraces aludiendo a la planta, decenas de defensores del cultivo de ma\u00edz y en contra de las empresas que manejan semillas transg\u00e9nicas se dieron cita en el Monumento a la madre sobre las avenidas Insurgentes y Reforma para celebrar el d\u00eda.<\/p>\n<p style=\"text-align: justify;\">En un comunicado, varias organizaciones sociales manifestaron que \u201cla campa\u00f1a nacional \u2018sin ma\u00edz no hay pa\u00eds\u2019 junto con el \u2018carnaval del ma\u00edz hacemos milpa\u2019, <b>llamamos a poner a M\u00e9xico en nuestras botas, a sembrar paz y exigimos nuestro derecho humano a una alimentaci\u00f3n sana, adecuada y de calidad<\/b>\u201d.<\/p>\n<p style=\"text-align: justify;\">\u201cEl campo agoniza y no por causa de sus campesinos y campesinas, sino porque los poderosos les despojan sus pertenencias y posibilidad de seguir sembrando su tierra y [los obligan] a seguir migrando en p\u00e9simas condiciones\u201d, mencion\u00f3 el integrante del Centro Fray Francisco de Vitoria.<\/p>\n<p style=\"text-align: justify;\">Por su parte, Ana Berenice de la Cruz, invit\u00f3 a \u201c<b>hacer milpa y dejar sembrar nuestras semillas<\/b>\u201d.<\/p>\n<p style=\"text-align: justify;\">\u201c<b>En este d\u00eda del ma\u00edz, nos oponemos a la siembra de cultivos transg\u00e9nicos y, en particular, a la del ma\u00edz transg\u00e9nico, sean en la fase que sean<\/b>\u201d, declar\u00f3.<\/p>\n<p style=\"text-align: justify;\">Por su parte, no s\u00f3lo organizaciones, sino campesinos y productores del sur del Distrito Federal, espec\u00edficamente de Xochimilco y Milpa Alta, tomaron la palabra.<\/p>\n<p style=\"text-align: justify;\">\u201c<b>Ahora que vuelve el famoso PRI, vuelven a resucitar todos sus proyectos que tra\u00eda Salinas de Gortari, ahora todas las tierras se las dan a todos las empresas internacionales que nos est\u00e1n acaparando nuestras tierras, y nuevamente se va contra las chinampas de Xochimilco<\/b>\u201d, dijo con l\u00e1grimas en los ojos Do\u00f1a Amelia, quien desde joven cultiv\u00f3 ma\u00edz en las chinampas xochimilcas. Hoy a sus m\u00e1s de 70 a\u00f1os, sigue defendiendo su cultivo.<\/p>\n<p style=\"text-align: justify;\">Las organizaciones presentes hicieron \u00e9nfasis en las intenciones de las empresas transnacionales en el pa\u00eds, \u201cquieren que desaparezca como alimento y que se siembre s\u00f3lo para la industria como biorreactor para producir pl\u00e1sticos, combustibles y medicamentos\u201d, denunciaron.<\/p>\n<p style=\"text-align: justify;\">Luego de \u201cfestejar\u201d como los asistentes mencionaban, decidieron partir hacia el Monumento a la Revoluci\u00f3n en donde m\u00e1s defensores de la llamada \u201cplanta fundadora\u201d los esperaban para seguir con la difusi\u00f3n de la situaci\u00f3n por la que atraviesa el cultivo en el pa\u00eds.<\/p>\n","protected":false},"excerpt":{"rendered":"<p>Por Alina Rosas Duarte \/ @ARD3_0 \u201cSembremos esperanza, hagamos milpa\u201d, se\u00f1al\u00f3 Carlos Ventura el d\u00eda de hoy en conmemoraci\u00f3n, por el quinto a\u00f1o consecutivo, del d\u00eda nacional del ma\u00edz. Con una gran cabeza multicolor de Quetzalc\u00f3atl hecha de cart\u00f3n, con&hellip;<\/p>\n","protected":false},"author":950,"featured_media":70750,"comment_status":"closed","ping_status":"open","sticky":false,"template":"","format":"standard","meta":{"footnotes":""},"categories":[69,79,78,68,80],"tags":[],"class_list":["post-70749","post","type-post","status-publish","format-standard","has-post-thumbnail","hentry","category-america-central","category-derechos-humanos","category-medio-ambiente-ecologia","category-norteamerica","category-pueblos-originarios"],"yoast_head":"<!-- This site is optimized with the Yoast SEO plugin v27.1.1 - https:\/\/yoast.com\/product\/yoast-seo-wordpress\/ -->\n<title>\u201c\u00a1Que viva la vida! \u00a1Que viva el ma\u00edz!\u201d<\/title>\n<meta name=\"description\" content=\"Por Alina Rosas Duarte \/ @ARD3_0 \u201cSembremos esperanza, hagamos milpa\u201d, se\u00f1al\u00f3 Carlos Ventura el d\u00eda de hoy en conmemoraci\u00f3n, por el quinto a\u00f1o\" \/>\n<meta name=\"robots\" content=\"index, follow, max-snippet:-1, max-image-preview:large, max-video-preview:-1\" \/>\n<link rel=\"canonical\" href=\"https:\/\/www.pressenza.com\/es\/2013\/09\/viva-vida-viva-el-maiz\/\" \/>\n<meta property=\"og:locale\" content=\"es_ES\" \/>\n<meta property=\"og:type\" content=\"article\" \/>\n<meta property=\"og:title\" content=\"\u201c\u00a1Que viva la vida! \u00a1Que viva el ma\u00edz!\u201d\" \/>\n<meta property=\"og:description\" content=\"Por Alina Rosas Duarte \/ @ARD3_0 \u201cSembremos esperanza, hagamos milpa\u201d, se\u00f1al\u00f3 Carlos Ventura el d\u00eda de hoy en conmemoraci\u00f3n, por el quinto a\u00f1o\" \/>\n<meta property=\"og:url\" content=\"https:\/\/www.pressenza.com\/es\/2013\/09\/viva-vida-viva-el-maiz\/\" \/>\n<meta property=\"og:site_name\" content=\"Pressenza\" \/>\n<meta property=\"article:publisher\" content=\"https:\/\/www.facebook.com\/PressenzaItalia\" \/>\n<meta property=\"article:published_time\" content=\"2013-09-30T14:21:24+00:00\" \/>\n<meta property=\"og:image\" content=\"https:\/\/www.pressenza.com\/wp-content\/uploads\/2013\/09\/IMG_56001-730x514.jpg\" \/>\n\t<meta property=\"og:image:width\" content=\"730\" \/>\n\t<meta property=\"og:image:height\" content=\"514\" \/>\n\t<meta property=\"og:image:type\" content=\"image\/jpeg\" \/>\n<meta name=\"author\" content=\"Revoluciontrespuntocero\" \/>\n<meta name=\"twitter:card\" content=\"summary_large_image\" \/>\n<meta name=\"twitter:creator\" content=\"@PressenzaIPA\" \/>\n<meta name=\"twitter:site\" content=\"@PressenzaIPA\" \/>\n<meta name=\"twitter:label1\" content=\"Escrito por\" \/>\n\t<meta name=\"twitter:data1\" content=\"Revoluciontrespuntocero\" \/>\n\t<meta name=\"twitter:label2\" content=\"Tiempo de lectura\" \/>\n\t<meta name=\"twitter:data2\" content=\"2 minutos\" \/>\n<script type=\"application\/ld+json\" class=\"yoast-schema-graph\">{\"@context\":\"https:\/\/schema.org\",\"@graph\":[{\"@type\":\"Article\",\"@id\":\"https:\/\/www.pressenza.com\/es\/2013\/09\/viva-vida-viva-el-maiz\/#article\",\"isPartOf\":{\"@id\":\"https:\/\/www.pressenza.com\/es\/2013\/09\/viva-vida-viva-el-maiz\/\"},\"author\":{\"name\":\"Revoluciontrespuntocero\",\"@id\":\"https:\/\/www.pressenza.com\/es\/#\/schema\/person\/e925cc98ff48be902dbcfe12b1735152\"},\"headline\":\"\u201c\u00a1Que viva la vida! \u00a1Que viva el ma\u00edz!\u201d\",\"datePublished\":\"2013-09-30T14:21:24+00:00\",\"mainEntityOfPage\":{\"@id\":\"https:\/\/www.pressenza.com\/es\/2013\/09\/viva-vida-viva-el-maiz\/\"},\"wordCount\":450,\"publisher\":{\"@id\":\"https:\/\/www.pressenza.com\/es\/#organization\"},\"image\":{\"@id\":\"https:\/\/www.pressenza.com\/es\/2013\/09\/viva-vida-viva-el-maiz\/#primaryimage\"},\"thumbnailUrl\":\"https:\/\/www.pressenza.com\/wp-content\/uploads\/2013\/09\/IMG_56001-730x514.jpg\",\"articleSection\":[\"Am\u00e9rica Central\",\"Derechos Humanos\",\"Ecolog\u00eda y Medio Ambiente\",\"Norteam\u00e9rica\",\"Pueblos Originarios\"],\"inLanguage\":\"es\"},{\"@type\":\"WebPage\",\"@id\":\"https:\/\/www.pressenza.com\/es\/2013\/09\/viva-vida-viva-el-maiz\/\",\"url\":\"https:\/\/www.pressenza.com\/es\/2013\/09\/viva-vida-viva-el-maiz\/\",\"name\":\"\u201c\u00a1Que viva la vida! \u00a1Que viva el ma\u00edz!\u201d\",\"isPartOf\":{\"@id\":\"https:\/\/www.pressenza.com\/es\/#website\"},\"primaryImageOfPage\":{\"@id\":\"https:\/\/www.pressenza.com\/es\/2013\/09\/viva-vida-viva-el-maiz\/#primaryimage\"},\"image\":{\"@id\":\"https:\/\/www.pressenza.com\/es\/2013\/09\/viva-vida-viva-el-maiz\/#primaryimage\"},\"thumbnailUrl\":\"https:\/\/www.pressenza.com\/wp-content\/uploads\/2013\/09\/IMG_56001-730x514.jpg\",\"datePublished\":\"2013-09-30T14:21:24+00:00\",\"description\":\"Por Alina Rosas Duarte \/ @ARD3_0 \u201cSembremos esperanza, hagamos milpa\u201d, se\u00f1al\u00f3 Carlos Ventura el d\u00eda de hoy en conmemoraci\u00f3n, por el quinto a\u00f1o\",\"breadcrumb\":{\"@id\":\"https:\/\/www.pressenza.com\/es\/2013\/09\/viva-vida-viva-el-maiz\/#breadcrumb\"},\"inLanguage\":\"es\",\"potentialAction\":[{\"@type\":\"ReadAction\",\"target\":[\"https:\/\/www.pressenza.com\/es\/2013\/09\/viva-vida-viva-el-maiz\/\"]}]},{\"@type\":\"ImageObject\",\"inLanguage\":\"es\",\"@id\":\"https:\/\/www.pressenza.com\/es\/2013\/09\/viva-vida-viva-el-maiz\/#primaryimage\",\"url\":\"https:\/\/www.pressenza.com\/wp-content\/uploads\/2013\/09\/IMG_56001-730x514.jpg\",\"contentUrl\":\"https:\/\/www.pressenza.com\/wp-content\/uploads\/2013\/09\/IMG_56001-730x514.jpg\",\"width\":730,\"height\":514},{\"@type\":\"BreadcrumbList\",\"@id\":\"https:\/\/www.pressenza.com\/es\/2013\/09\/viva-vida-viva-el-maiz\/#breadcrumb\",\"itemListElement\":[{\"@type\":\"ListItem\",\"position\":1,\"name\":\"Accueil\",\"item\":\"https:\/\/www.pressenza.com\/es\/\"},{\"@type\":\"ListItem\",\"position\":2,\"name\":\"\u201c\u00a1Que viva la vida! \u00a1Que viva el ma\u00edz!\u201d\"}]},{\"@type\":\"WebSite\",\"@id\":\"https:\/\/www.pressenza.com\/es\/#website\",\"url\":\"https:\/\/www.pressenza.com\/es\/\",\"name\":\"Pressenza\",\"description\":\"International Press Agency\",\"publisher\":{\"@id\":\"https:\/\/www.pressenza.com\/es\/#organization\"},\"potentialAction\":[{\"@type\":\"SearchAction\",\"target\":{\"@type\":\"EntryPoint\",\"urlTemplate\":\"https:\/\/www.pressenza.com\/es\/?s={search_term_string}\"},\"query-input\":{\"@type\":\"PropertyValueSpecification\",\"valueRequired\":true,\"valueName\":\"search_term_string\"}}],\"inLanguage\":\"es\"},{\"@type\":\"Organization\",\"@id\":\"https:\/\/www.pressenza.com\/es\/#organization\",\"name\":\"Pressenza\",\"url\":\"https:\/\/www.pressenza.com\/es\/\",\"logo\":{\"@type\":\"ImageObject\",\"inLanguage\":\"es\",\"@id\":\"https:\/\/www.pressenza.com\/es\/#\/schema\/logo\/image\/\",\"url\":\"https:\/\/www.pressenza.com\/wp-content\/uploads\/2022\/10\/pressenza_logo_200x200.jpg\",\"contentUrl\":\"https:\/\/www.pressenza.com\/wp-content\/uploads\/2022\/10\/pressenza_logo_200x200.jpg\",\"width\":200,\"height\":200,\"caption\":\"Pressenza\"},\"image\":{\"@id\":\"https:\/\/www.pressenza.com\/es\/#\/schema\/logo\/image\/\"},\"sameAs\":[\"https:\/\/www.facebook.com\/PressenzaItalia\",\"https:\/\/x.com\/PressenzaIPA\"]},{\"@type\":\"Person\",\"@id\":\"https:\/\/www.pressenza.com\/es\/#\/schema\/person\/e925cc98ff48be902dbcfe12b1735152\",\"name\":\"Revoluciontrespuntocero\",\"description\":\"Desde M\u00e9xico, un espacio abierto reconociendo la voz del ciudadano como un elemento significativo de la noticia\",\"sameAs\":[\"http:\/\/www.revoluciontrespuntocero.com\"],\"url\":\"https:\/\/www.pressenza.com\/es\/author\/revoluciontrespuntocero\/\"}]}<\/script>\n<!-- \/ Yoast SEO plugin. -->","yoast_head_json":{"title":"\u201c\u00a1Que viva la vida! \u00a1Que viva el ma\u00edz!\u201d","description":"Por Alina Rosas Duarte \/ @ARD3_0 \u201cSembremos esperanza, hagamos milpa\u201d, se\u00f1al\u00f3 Carlos Ventura el d\u00eda de hoy en conmemoraci\u00f3n, por el quinto a\u00f1o","robots":{"index":"index","follow":"follow","max-snippet":"max-snippet:-1","max-image-preview":"max-image-preview:large","max-video-preview":"max-video-preview:-1"},"canonical":"https:\/\/www.pressenza.com\/es\/2013\/09\/viva-vida-viva-el-maiz\/","og_locale":"es_ES","og_type":"article","og_title":"\u201c\u00a1Que viva la vida! \u00a1Que viva el ma\u00edz!\u201d","og_description":"Por Alina Rosas Duarte \/ @ARD3_0 \u201cSembremos esperanza, hagamos milpa\u201d, se\u00f1al\u00f3 Carlos Ventura el d\u00eda de hoy en conmemoraci\u00f3n, por el quinto a\u00f1o","og_url":"https:\/\/www.pressenza.com\/es\/2013\/09\/viva-vida-viva-el-maiz\/","og_site_name":"Pressenza","article_publisher":"https:\/\/www.facebook.com\/PressenzaItalia","article_published_time":"2013-09-30T14:21:24+00:00","og_image":[{"width":730,"height":514,"url":"https:\/\/www.pressenza.com\/wp-content\/uploads\/2013\/09\/IMG_56001-730x514.jpg","type":"image\/jpeg"}],"author":"Revoluciontrespuntocero","twitter_card":"summary_large_image","twitter_creator":"@PressenzaIPA","twitter_site":"@PressenzaIPA","twitter_misc":{"Escrito por":"Revoluciontrespuntocero","Tiempo de lectura":"2 minutos"},"schema":{"@context":"https:\/\/schema.org","@graph":[{"@type":"Article","@id":"https:\/\/www.pressenza.com\/es\/2013\/09\/viva-vida-viva-el-maiz\/#article","isPartOf":{"@id":"https:\/\/www.pressenza.com\/es\/2013\/09\/viva-vida-viva-el-maiz\/"},"author":{"name":"Revoluciontrespuntocero","@id":"https:\/\/www.pressenza.com\/es\/#\/schema\/person\/e925cc98ff48be902dbcfe12b1735152"},"headline":"\u201c\u00a1Que viva la vida! \u00a1Que viva el ma\u00edz!\u201d","datePublished":"2013-09-30T14:21:24+00:00","mainEntityOfPage":{"@id":"https:\/\/www.pressenza.com\/es\/2013\/09\/viva-vida-viva-el-maiz\/"},"wordCount":450,"publisher":{"@id":"https:\/\/www.pressenza.com\/es\/#organization"},"image":{"@id":"https:\/\/www.pressenza.com\/es\/2013\/09\/viva-vida-viva-el-maiz\/#primaryimage"},"thumbnailUrl":"https:\/\/www.pressenza.com\/wp-content\/uploads\/2013\/09\/IMG_56001-730x514.jpg","articleSection":["Am\u00e9rica Central","Derechos Humanos","Ecolog\u00eda y Medio Ambiente","Norteam\u00e9rica","Pueblos Originarios"],"inLanguage":"es"},{"@type":"WebPage","@id":"https:\/\/www.pressenza.com\/es\/2013\/09\/viva-vida-viva-el-maiz\/","url":"https:\/\/www.pressenza.com\/es\/2013\/09\/viva-vida-viva-el-maiz\/","name":"\u201c\u00a1Que viva la vida! \u00a1Que viva el ma\u00edz!\u201d","isPartOf":{"@id":"https:\/\/www.pressenza.com\/es\/#website"},"primaryImageOfPage":{"@id":"https:\/\/www.pressenza.com\/es\/2013\/09\/viva-vida-viva-el-maiz\/#primaryimage"},"image":{"@id":"https:\/\/www.pressenza.com\/es\/2013\/09\/viva-vida-viva-el-maiz\/#primaryimage"},"thumbnailUrl":"https:\/\/www.pressenza.com\/wp-content\/uploads\/2013\/09\/IMG_56001-730x514.jpg","datePublished":"2013-09-30T14:21:24+00:00","description":"Por Alina Rosas Duarte \/ @ARD3_0 \u201cSembremos esperanza, hagamos milpa\u201d, se\u00f1al\u00f3 Carlos Ventura el d\u00eda de hoy en conmemoraci\u00f3n, por el quinto a\u00f1o","breadcrumb":{"@id":"https:\/\/www.pressenza.com\/es\/2013\/09\/viva-vida-viva-el-maiz\/#breadcrumb"},"inLanguage":"es","potentialAction":[{"@type":"ReadAction","target":["https:\/\/www.pressenza.com\/es\/2013\/09\/viva-vida-viva-el-maiz\/"]}]},{"@type":"ImageObject","inLanguage":"es","@id":"https:\/\/www.pressenza.com\/es\/2013\/09\/viva-vida-viva-el-maiz\/#primaryimage","url":"https:\/\/www.pressenza.com\/wp-content\/uploads\/2013\/09\/IMG_56001-730x514.jpg","contentUrl":"https:\/\/www.pressenza.com\/wp-content\/uploads\/2013\/09\/IMG_56001-730x514.jpg","width":730,"height":514},{"@type":"BreadcrumbList","@id":"https:\/\/www.pressenza.com\/es\/2013\/09\/viva-vida-viva-el-maiz\/#breadcrumb","itemListElement":[{"@type":"ListItem","position":1,"name":"Accueil","item":"https:\/\/www.pressenza.com\/es\/"},{"@type":"ListItem","position":2,"name":"\u201c\u00a1Que viva la vida! \u00a1Que viva el ma\u00edz!\u201d"}]},{"@type":"WebSite","@id":"https:\/\/www.pressenza.com\/es\/#website","url":"https:\/\/www.pressenza.com\/es\/","name":"Pressenza","description":"International Press Agency","publisher":{"@id":"https:\/\/www.pressenza.com\/es\/#organization"},"potentialAction":[{"@type":"SearchAction","target":{"@type":"EntryPoint","urlTemplate":"https:\/\/www.pressenza.com\/es\/?s={search_term_string}"},"query-input":{"@type":"PropertyValueSpecification","valueRequired":true,"valueName":"search_term_string"}}],"inLanguage":"es"},{"@type":"Organization","@id":"https:\/\/www.pressenza.com\/es\/#organization","name":"Pressenza","url":"https:\/\/www.pressenza.com\/es\/","logo":{"@type":"ImageObject","inLanguage":"es","@id":"https:\/\/www.pressenza.com\/es\/#\/schema\/logo\/image\/","url":"https:\/\/www.pressenza.com\/wp-content\/uploads\/2022\/10\/pressenza_logo_200x200.jpg","contentUrl":"https:\/\/www.pressenza.com\/wp-content\/uploads\/2022\/10\/pressenza_logo_200x200.jpg","width":200,"height":200,"caption":"Pressenza"},"image":{"@id":"https:\/\/www.pressenza.com\/es\/#\/schema\/logo\/image\/"},"sameAs":["https:\/\/www.facebook.com\/PressenzaItalia","https:\/\/x.com\/PressenzaIPA"]},{"@type":"Person","@id":"https:\/\/www.pressenza.com\/es\/#\/schema\/person\/e925cc98ff48be902dbcfe12b1735152","name":"Revoluciontrespuntocero","description":"Desde M\u00e9xico, un espacio abierto reconociendo la voz del ciudadano como un elemento significativo de la noticia","sameAs":["http:\/\/www.revoluciontrespuntocero.com"],"url":"https:\/\/www.pressenza.com\/es\/author\/revoluciontrespuntocero\/"}]}},"place":"M\u00e9xico","original_article_url":"","_links":{"self":[{"href":"https:\/\/www.pressenza.com\/es\/wp-json\/wp\/v2\/posts\/70749","targetHints":{"allow":["GET"]}}],"collection":[{"href":"https:\/\/www.pressenza.com\/es\/wp-json\/wp\/v2\/posts"}],"about":[{"href":"https:\/\/www.pressenza.com\/es\/wp-json\/wp\/v2\/types\/post"}],"author":[{"embeddable":true,"href":"https:\/\/www.pressenza.com\/es\/wp-json\/wp\/v2\/users\/950"}],"replies":[{"embeddable":true,"href":"https:\/\/www.pressenza.com\/es\/wp-json\/wp\/v2\/comments?post=70749"}],"version-history":[{"count":0,"href":"https:\/\/www.pressenza.com\/es\/wp-json\/wp\/v2\/posts\/70749\/revisions"}],"wp:featuredmedia":[{"embeddable":true,"href":"https:\/\/www.pressenza.com\/es\/wp-json\/wp\/v2\/media\/70750"}],"wp:attachment":[{"href":"https:\/\/www.pressenza.com\/es\/wp-json\/wp\/v2\/media?parent=70749"}],"wp:term":[{"taxonomy":"category","embeddable":true,"href":"https:\/\/www.pressenza.com\/es\/wp-json\/wp\/v2\/categories?post=70749"},{"taxonomy":"post_tag","embeddable":true,"href":"https:\/\/www.pressenza.com\/es\/wp-json\/wp\/v2\/tags?post=70749"}],"curies":[{"name":"wp","href":"https:\/\/api.w.org\/{rel}","templated":true}]}}