{"id":70519,"date":"2013-09-28T05:01:00","date_gmt":"2013-09-28T04:01:00","guid":{"rendered":"http:\/\/www.pressenza.com\/?p=70519"},"modified":"2013-09-28T16:58:14","modified_gmt":"2013-09-28T15:58:14","slug":"el-gobierno-les-regala-la-plata-las-clinicas","status":"publish","type":"post","link":"https:\/\/www.pressenza.com\/es\/2013\/09\/el-gobierno-les-regala-la-plata-las-clinicas\/","title":{"rendered":"El gobierno les regala la plata a las cl\u00ednicas"},"content":{"rendered":"<p>Existe una privatizaci\u00f3n encubierta de la salud<\/p>\n<p style=\"text-align: justify;\">Los recursos p\u00fablicos se trasladan al sector privado. \u00bfDe qu\u00e9 forma? Haciendo que los hospitales tengan cada vez menos capacidad de recibir pacientes, y as\u00ed las enfermedades que son cubiertas por el plan Auge y que tienen la obligaci\u00f3n de ser atendidas por el Estado; no les queda otra salida que derivarlos a una cl\u00ednica privada.<\/p>\n<p>Pero la diferencia de costo para el Estado es mucho mayor. Por ejemplo por una cama de Unidad de cuidado Intensivo (UCI) el Estado le paga al Hospital $190.000 y a la cl\u00ednica $ 1.000.000. Por este concepto, durante un a\u00f1o se han derivado al sector privado US$ 1.200, monto equivalente a la construcci\u00f3n de 3 hospitales equipados completamente.<\/p>\n<p>Es importante aclarar que esta pol\u00edtica de salud no es solo de este Gobierno, sino que viene desde los gobiernos de la Concertaci\u00f3n.<\/p>\n<p>La propuesta es aumentar la inversi\u00f3n p\u00fablica en salud. No solo el gasto en salud, sino que construcci\u00f3n de hospitales y adquisici\u00f3n de equipamientos de \u00faltima generaci\u00f3n.<\/p>\n<p>De ese modo los hospitales podr\u00e1n cubrir a todos los pacientes en el sector p\u00fablico, y se podr\u00e1 ahorrar lo que actualmente se deriva al sector privado. Se estima que 8 de cada 10 personas se atienden en el sector p\u00fablico.<\/p>\n<p>No estamos diciendo que no existan las cl\u00ednicas privadas. Lo que estamos planteando es que no haya un financiamiento por parte del Estado al sector privado.<\/p>\n","protected":false},"excerpt":{"rendered":"<p>Existe una privatizaci\u00f3n encubierta de la salud Los recursos p\u00fablicos se trasladan al sector privado. \u00bfDe qu\u00e9 forma? Haciendo que los hospitales tengan cada vez menos capacidad de recibir pacientes, y as\u00ed las enfermedades que son cubiertas por el plan&hellip;<\/p>\n","protected":false},"author":421,"featured_media":70537,"comment_status":"closed","ping_status":"open","sticky":false,"template":"","format":"standard","meta":{"footnotes":""},"categories":[81,161,1239,67],"tags":[],"class_list":["post-70519","post","type-post","status-publish","format-standard","has-post-thumbnail","hentry","category-economia-es","category-opiniones","category-salud","category-sudamerica"],"yoast_head":"<!-- This site is optimized with the Yoast SEO plugin v27.1.1 - https:\/\/yoast.com\/product\/yoast-seo-wordpress\/ -->\n<title>El gobierno les regala la plata a las cl\u00ednicas<\/title>\n<meta name=\"description\" content=\"Existe una privatizaci\u00f3n encubierta de la salud Los recursos p\u00fablicos se trasladan al sector privado. \u00bfDe qu\u00e9 forma? Haciendo que los hospitales tengan\" \/>\n<meta name=\"robots\" content=\"index, follow, max-snippet:-1, max-image-preview:large, max-video-preview:-1\" \/>\n<link rel=\"canonical\" href=\"https:\/\/www.pressenza.com\/es\/2013\/09\/el-gobierno-les-regala-la-plata-las-clinicas\/\" \/>\n<meta property=\"og:locale\" content=\"es_ES\" \/>\n<meta property=\"og:type\" content=\"article\" \/>\n<meta property=\"og:title\" content=\"El gobierno les regala la plata a las cl\u00ednicas\" \/>\n<meta property=\"og:description\" content=\"Existe una privatizaci\u00f3n encubierta de la salud Los recursos p\u00fablicos se trasladan al sector privado. \u00bfDe qu\u00e9 forma? Haciendo que los hospitales tengan\" \/>\n<meta property=\"og:url\" content=\"https:\/\/www.pressenza.com\/es\/2013\/09\/el-gobierno-les-regala-la-plata-las-clinicas\/\" \/>\n<meta property=\"og:site_name\" content=\"Pressenza\" \/>\n<meta property=\"article:publisher\" content=\"https:\/\/www.facebook.com\/PressenzaItalia\" \/>\n<meta property=\"article:published_time\" content=\"2013-09-28T04:01:00+00:00\" \/>\n<meta property=\"article:modified_time\" content=\"2013-09-28T15:58:14+00:00\" \/>\n<meta property=\"og:image\" content=\"https:\/\/www.pressenza.com\/wp-content\/uploads\/2013\/09\/Crisis-Hospitalaria-en-Chile.jpg\" \/>\n\t<meta property=\"og:image:width\" content=\"352\" \/>\n\t<meta property=\"og:image:height\" content=\"557\" \/>\n\t<meta property=\"og:image:type\" content=\"image\/jpeg\" \/>\n<meta name=\"author\" content=\"Paola Parra\" \/>\n<meta name=\"twitter:card\" content=\"summary_large_image\" \/>\n<meta name=\"twitter:creator\" content=\"@PressenzaIPA\" \/>\n<meta name=\"twitter:site\" content=\"@PressenzaIPA\" \/>\n<meta name=\"twitter:label1\" content=\"Escrito por\" \/>\n\t<meta name=\"twitter:data1\" content=\"Paola Parra\" \/>\n\t<meta name=\"twitter:label2\" content=\"Tiempo de lectura\" \/>\n\t<meta name=\"twitter:data2\" content=\"1 minuto\" \/>\n<script type=\"application\/ld+json\" class=\"yoast-schema-graph\">{\"@context\":\"https:\/\/schema.org\",\"@graph\":[{\"@type\":\"Article\",\"@id\":\"https:\/\/www.pressenza.com\/es\/2013\/09\/el-gobierno-les-regala-la-plata-las-clinicas\/#article\",\"isPartOf\":{\"@id\":\"https:\/\/www.pressenza.com\/es\/2013\/09\/el-gobierno-les-regala-la-plata-las-clinicas\/\"},\"author\":{\"name\":\"Paola Parra\",\"@id\":\"https:\/\/www.pressenza.com\/es\/#\/schema\/person\/c0d3360e48705a9ec736c1fef45938df\"},\"headline\":\"El gobierno les regala la plata a las cl\u00ednicas\",\"datePublished\":\"2013-09-28T04:01:00+00:00\",\"dateModified\":\"2013-09-28T15:58:14+00:00\",\"mainEntityOfPage\":{\"@id\":\"https:\/\/www.pressenza.com\/es\/2013\/09\/el-gobierno-les-regala-la-plata-las-clinicas\/\"},\"wordCount\":260,\"publisher\":{\"@id\":\"https:\/\/www.pressenza.com\/es\/#organization\"},\"image\":{\"@id\":\"https:\/\/www.pressenza.com\/es\/2013\/09\/el-gobierno-les-regala-la-plata-las-clinicas\/#primaryimage\"},\"thumbnailUrl\":\"https:\/\/www.pressenza.com\/wp-content\/uploads\/2013\/09\/Crisis-Hospitalaria-en-Chile.jpg\",\"articleSection\":[\"Econom\u00eda\",\"Opiniones\",\"Salud\",\"Sudam\u00e9rica\"],\"inLanguage\":\"es\"},{\"@type\":\"WebPage\",\"@id\":\"https:\/\/www.pressenza.com\/es\/2013\/09\/el-gobierno-les-regala-la-plata-las-clinicas\/\",\"url\":\"https:\/\/www.pressenza.com\/es\/2013\/09\/el-gobierno-les-regala-la-plata-las-clinicas\/\",\"name\":\"El gobierno les regala la plata a las cl\u00ednicas\",\"isPartOf\":{\"@id\":\"https:\/\/www.pressenza.com\/es\/#website\"},\"primaryImageOfPage\":{\"@id\":\"https:\/\/www.pressenza.com\/es\/2013\/09\/el-gobierno-les-regala-la-plata-las-clinicas\/#primaryimage\"},\"image\":{\"@id\":\"https:\/\/www.pressenza.com\/es\/2013\/09\/el-gobierno-les-regala-la-plata-las-clinicas\/#primaryimage\"},\"thumbnailUrl\":\"https:\/\/www.pressenza.com\/wp-content\/uploads\/2013\/09\/Crisis-Hospitalaria-en-Chile.jpg\",\"datePublished\":\"2013-09-28T04:01:00+00:00\",\"dateModified\":\"2013-09-28T15:58:14+00:00\",\"description\":\"Existe una privatizaci\u00f3n encubierta de la salud Los recursos p\u00fablicos se trasladan al sector privado. \u00bfDe qu\u00e9 forma? Haciendo que los hospitales tengan\",\"breadcrumb\":{\"@id\":\"https:\/\/www.pressenza.com\/es\/2013\/09\/el-gobierno-les-regala-la-plata-las-clinicas\/#breadcrumb\"},\"inLanguage\":\"es\",\"potentialAction\":[{\"@type\":\"ReadAction\",\"target\":[\"https:\/\/www.pressenza.com\/es\/2013\/09\/el-gobierno-les-regala-la-plata-las-clinicas\/\"]}]},{\"@type\":\"ImageObject\",\"inLanguage\":\"es\",\"@id\":\"https:\/\/www.pressenza.com\/es\/2013\/09\/el-gobierno-les-regala-la-plata-las-clinicas\/#primaryimage\",\"url\":\"https:\/\/www.pressenza.com\/wp-content\/uploads\/2013\/09\/Crisis-Hospitalaria-en-Chile.jpg\",\"contentUrl\":\"https:\/\/www.pressenza.com\/wp-content\/uploads\/2013\/09\/Crisis-Hospitalaria-en-Chile.jpg\",\"width\":352,\"height\":557},{\"@type\":\"BreadcrumbList\",\"@id\":\"https:\/\/www.pressenza.com\/es\/2013\/09\/el-gobierno-les-regala-la-plata-las-clinicas\/#breadcrumb\",\"itemListElement\":[{\"@type\":\"ListItem\",\"position\":1,\"name\":\"Accueil\",\"item\":\"https:\/\/www.pressenza.com\/es\/\"},{\"@type\":\"ListItem\",\"position\":2,\"name\":\"El gobierno les regala la plata a las cl\u00ednicas\"}]},{\"@type\":\"WebSite\",\"@id\":\"https:\/\/www.pressenza.com\/es\/#website\",\"url\":\"https:\/\/www.pressenza.com\/es\/\",\"name\":\"Pressenza\",\"description\":\"International Press Agency\",\"publisher\":{\"@id\":\"https:\/\/www.pressenza.com\/es\/#organization\"},\"potentialAction\":[{\"@type\":\"SearchAction\",\"target\":{\"@type\":\"EntryPoint\",\"urlTemplate\":\"https:\/\/www.pressenza.com\/es\/?s={search_term_string}\"},\"query-input\":{\"@type\":\"PropertyValueSpecification\",\"valueRequired\":true,\"valueName\":\"search_term_string\"}}],\"inLanguage\":\"es\"},{\"@type\":\"Organization\",\"@id\":\"https:\/\/www.pressenza.com\/es\/#organization\",\"name\":\"Pressenza\",\"url\":\"https:\/\/www.pressenza.com\/es\/\",\"logo\":{\"@type\":\"ImageObject\",\"inLanguage\":\"es\",\"@id\":\"https:\/\/www.pressenza.com\/es\/#\/schema\/logo\/image\/\",\"url\":\"https:\/\/www.pressenza.com\/wp-content\/uploads\/2022\/10\/pressenza_logo_200x200.jpg\",\"contentUrl\":\"https:\/\/www.pressenza.com\/wp-content\/uploads\/2022\/10\/pressenza_logo_200x200.jpg\",\"width\":200,\"height\":200,\"caption\":\"Pressenza\"},\"image\":{\"@id\":\"https:\/\/www.pressenza.com\/es\/#\/schema\/logo\/image\/\"},\"sameAs\":[\"https:\/\/www.facebook.com\/PressenzaItalia\",\"https:\/\/x.com\/PressenzaIPA\"]},{\"@type\":\"Person\",\"@id\":\"https:\/\/www.pressenza.com\/es\/#\/schema\/person\/c0d3360e48705a9ec736c1fef45938df\",\"name\":\"Paola Parra\",\"description\":\"Economista, miembro de la Directiva Nacional del Partido Humanista\",\"url\":\"https:\/\/www.pressenza.com\/es\/author\/paola-parra\/\"}]}<\/script>\n<!-- \/ Yoast SEO plugin. -->","yoast_head_json":{"title":"El gobierno les regala la plata a las cl\u00ednicas","description":"Existe una privatizaci\u00f3n encubierta de la salud Los recursos p\u00fablicos se trasladan al sector privado. \u00bfDe qu\u00e9 forma? Haciendo que los hospitales tengan","robots":{"index":"index","follow":"follow","max-snippet":"max-snippet:-1","max-image-preview":"max-image-preview:large","max-video-preview":"max-video-preview:-1"},"canonical":"https:\/\/www.pressenza.com\/es\/2013\/09\/el-gobierno-les-regala-la-plata-las-clinicas\/","og_locale":"es_ES","og_type":"article","og_title":"El gobierno les regala la plata a las cl\u00ednicas","og_description":"Existe una privatizaci\u00f3n encubierta de la salud Los recursos p\u00fablicos se trasladan al sector privado. \u00bfDe qu\u00e9 forma? Haciendo que los hospitales tengan","og_url":"https:\/\/www.pressenza.com\/es\/2013\/09\/el-gobierno-les-regala-la-plata-las-clinicas\/","og_site_name":"Pressenza","article_publisher":"https:\/\/www.facebook.com\/PressenzaItalia","article_published_time":"2013-09-28T04:01:00+00:00","article_modified_time":"2013-09-28T15:58:14+00:00","og_image":[{"width":352,"height":557,"url":"https:\/\/www.pressenza.com\/wp-content\/uploads\/2013\/09\/Crisis-Hospitalaria-en-Chile.jpg","type":"image\/jpeg"}],"author":"Paola Parra","twitter_card":"summary_large_image","twitter_creator":"@PressenzaIPA","twitter_site":"@PressenzaIPA","twitter_misc":{"Escrito por":"Paola Parra","Tiempo de lectura":"1 minuto"},"schema":{"@context":"https:\/\/schema.org","@graph":[{"@type":"Article","@id":"https:\/\/www.pressenza.com\/es\/2013\/09\/el-gobierno-les-regala-la-plata-las-clinicas\/#article","isPartOf":{"@id":"https:\/\/www.pressenza.com\/es\/2013\/09\/el-gobierno-les-regala-la-plata-las-clinicas\/"},"author":{"name":"Paola Parra","@id":"https:\/\/www.pressenza.com\/es\/#\/schema\/person\/c0d3360e48705a9ec736c1fef45938df"},"headline":"El gobierno les regala la plata a las cl\u00ednicas","datePublished":"2013-09-28T04:01:00+00:00","dateModified":"2013-09-28T15:58:14+00:00","mainEntityOfPage":{"@id":"https:\/\/www.pressenza.com\/es\/2013\/09\/el-gobierno-les-regala-la-plata-las-clinicas\/"},"wordCount":260,"publisher":{"@id":"https:\/\/www.pressenza.com\/es\/#organization"},"image":{"@id":"https:\/\/www.pressenza.com\/es\/2013\/09\/el-gobierno-les-regala-la-plata-las-clinicas\/#primaryimage"},"thumbnailUrl":"https:\/\/www.pressenza.com\/wp-content\/uploads\/2013\/09\/Crisis-Hospitalaria-en-Chile.jpg","articleSection":["Econom\u00eda","Opiniones","Salud","Sudam\u00e9rica"],"inLanguage":"es"},{"@type":"WebPage","@id":"https:\/\/www.pressenza.com\/es\/2013\/09\/el-gobierno-les-regala-la-plata-las-clinicas\/","url":"https:\/\/www.pressenza.com\/es\/2013\/09\/el-gobierno-les-regala-la-plata-las-clinicas\/","name":"El gobierno les regala la plata a las cl\u00ednicas","isPartOf":{"@id":"https:\/\/www.pressenza.com\/es\/#website"},"primaryImageOfPage":{"@id":"https:\/\/www.pressenza.com\/es\/2013\/09\/el-gobierno-les-regala-la-plata-las-clinicas\/#primaryimage"},"image":{"@id":"https:\/\/www.pressenza.com\/es\/2013\/09\/el-gobierno-les-regala-la-plata-las-clinicas\/#primaryimage"},"thumbnailUrl":"https:\/\/www.pressenza.com\/wp-content\/uploads\/2013\/09\/Crisis-Hospitalaria-en-Chile.jpg","datePublished":"2013-09-28T04:01:00+00:00","dateModified":"2013-09-28T15:58:14+00:00","description":"Existe una privatizaci\u00f3n encubierta de la salud Los recursos p\u00fablicos se trasladan al sector privado. \u00bfDe qu\u00e9 forma? Haciendo que los hospitales tengan","breadcrumb":{"@id":"https:\/\/www.pressenza.com\/es\/2013\/09\/el-gobierno-les-regala-la-plata-las-clinicas\/#breadcrumb"},"inLanguage":"es","potentialAction":[{"@type":"ReadAction","target":["https:\/\/www.pressenza.com\/es\/2013\/09\/el-gobierno-les-regala-la-plata-las-clinicas\/"]}]},{"@type":"ImageObject","inLanguage":"es","@id":"https:\/\/www.pressenza.com\/es\/2013\/09\/el-gobierno-les-regala-la-plata-las-clinicas\/#primaryimage","url":"https:\/\/www.pressenza.com\/wp-content\/uploads\/2013\/09\/Crisis-Hospitalaria-en-Chile.jpg","contentUrl":"https:\/\/www.pressenza.com\/wp-content\/uploads\/2013\/09\/Crisis-Hospitalaria-en-Chile.jpg","width":352,"height":557},{"@type":"BreadcrumbList","@id":"https:\/\/www.pressenza.com\/es\/2013\/09\/el-gobierno-les-regala-la-plata-las-clinicas\/#breadcrumb","itemListElement":[{"@type":"ListItem","position":1,"name":"Accueil","item":"https:\/\/www.pressenza.com\/es\/"},{"@type":"ListItem","position":2,"name":"El gobierno les regala la plata a las cl\u00ednicas"}]},{"@type":"WebSite","@id":"https:\/\/www.pressenza.com\/es\/#website","url":"https:\/\/www.pressenza.com\/es\/","name":"Pressenza","description":"International Press Agency","publisher":{"@id":"https:\/\/www.pressenza.com\/es\/#organization"},"potentialAction":[{"@type":"SearchAction","target":{"@type":"EntryPoint","urlTemplate":"https:\/\/www.pressenza.com\/es\/?s={search_term_string}"},"query-input":{"@type":"PropertyValueSpecification","valueRequired":true,"valueName":"search_term_string"}}],"inLanguage":"es"},{"@type":"Organization","@id":"https:\/\/www.pressenza.com\/es\/#organization","name":"Pressenza","url":"https:\/\/www.pressenza.com\/es\/","logo":{"@type":"ImageObject","inLanguage":"es","@id":"https:\/\/www.pressenza.com\/es\/#\/schema\/logo\/image\/","url":"https:\/\/www.pressenza.com\/wp-content\/uploads\/2022\/10\/pressenza_logo_200x200.jpg","contentUrl":"https:\/\/www.pressenza.com\/wp-content\/uploads\/2022\/10\/pressenza_logo_200x200.jpg","width":200,"height":200,"caption":"Pressenza"},"image":{"@id":"https:\/\/www.pressenza.com\/es\/#\/schema\/logo\/image\/"},"sameAs":["https:\/\/www.facebook.com\/PressenzaItalia","https:\/\/x.com\/PressenzaIPA"]},{"@type":"Person","@id":"https:\/\/www.pressenza.com\/es\/#\/schema\/person\/c0d3360e48705a9ec736c1fef45938df","name":"Paola Parra","description":"Economista, miembro de la Directiva Nacional del Partido Humanista","url":"https:\/\/www.pressenza.com\/es\/author\/paola-parra\/"}]}},"place":"Curic\u00f3","original_article_url":"","_links":{"self":[{"href":"https:\/\/www.pressenza.com\/es\/wp-json\/wp\/v2\/posts\/70519","targetHints":{"allow":["GET"]}}],"collection":[{"href":"https:\/\/www.pressenza.com\/es\/wp-json\/wp\/v2\/posts"}],"about":[{"href":"https:\/\/www.pressenza.com\/es\/wp-json\/wp\/v2\/types\/post"}],"author":[{"embeddable":true,"href":"https:\/\/www.pressenza.com\/es\/wp-json\/wp\/v2\/users\/421"}],"replies":[{"embeddable":true,"href":"https:\/\/www.pressenza.com\/es\/wp-json\/wp\/v2\/comments?post=70519"}],"version-history":[{"count":0,"href":"https:\/\/www.pressenza.com\/es\/wp-json\/wp\/v2\/posts\/70519\/revisions"}],"wp:featuredmedia":[{"embeddable":true,"href":"https:\/\/www.pressenza.com\/es\/wp-json\/wp\/v2\/media\/70537"}],"wp:attachment":[{"href":"https:\/\/www.pressenza.com\/es\/wp-json\/wp\/v2\/media?parent=70519"}],"wp:term":[{"taxonomy":"category","embeddable":true,"href":"https:\/\/www.pressenza.com\/es\/wp-json\/wp\/v2\/categories?post=70519"},{"taxonomy":"post_tag","embeddable":true,"href":"https:\/\/www.pressenza.com\/es\/wp-json\/wp\/v2\/tags?post=70519"}],"curies":[{"name":"wp","href":"https:\/\/api.w.org\/{rel}","templated":true}]}}