{"id":70143,"date":"2013-09-25T17:30:27","date_gmt":"2013-09-25T16:30:27","guid":{"rendered":"http:\/\/www.pressenza.com\/?p=70143"},"modified":"2013-09-25T17:30:27","modified_gmt":"2013-09-25T16:30:27","slug":"contaminacion-por-glifosato-se-esparce-en-argentina","status":"publish","type":"post","link":"https:\/\/www.pressenza.com\/es\/2013\/09\/contaminacion-por-glifosato-se-esparce-en-argentina\/","title":{"rendered":"Contaminaci\u00f3n por glifosato se esparce en Argentina"},"content":{"rendered":"\n<p>En Argentina, un grupo de mujeres conocidas como \u00abLas Madres de Ituzaing\u00f3\u00bb, luchan para detener el envenenamiento que produce vivir cerca de las zonas agr\u00edcolas que son fumigadas.<\/p>\n","protected":false},"excerpt":{"rendered":"<p>En Argentina, un grupo de mujeres conocidas como \u00abLas Madres de Ituzaing\u00f3\u00bb, luchan para detener el envenenamiento que produce vivir cerca de las zonas agr\u00edcolas que son fumigadas.<\/p>\n","protected":false},"author":954,"featured_media":0,"comment_status":"closed","ping_status":"open","sticky":false,"template":"","format":"standard","meta":{"footnotes":""},"categories":[78,1239,67],"tags":[26,6887,407,5125,4897],"class_list":["post-70143","post","type-post","status-publish","format-standard","hentry","category-medio-ambiente-ecologia","category-salud","category-sudamerica","tag-argentina","tag-glifosato","tag-medio-ambiente","tag-monsanto-es","tag-soja"],"yoast_head":"<!-- This site is optimized with the Yoast SEO plugin v27.1.1 - https:\/\/yoast.com\/product\/yoast-seo-wordpress\/ -->\n<title>Contaminaci\u00f3n por glifosato se esparce en Argentina<\/title>\n<meta name=\"description\" content=\"En Argentina, un grupo de mujeres conocidas como &quot;Las Madres de Ituzaing\u00f3&quot;, luchan para detener el envenenamiento que produce vivir cerca de las zonas\" \/>\n<meta name=\"robots\" content=\"index, follow, max-snippet:-1, max-image-preview:large, max-video-preview:-1\" \/>\n<link rel=\"canonical\" href=\"https:\/\/www.pressenza.com\/es\/2013\/09\/contaminacion-por-glifosato-se-esparce-en-argentina\/\" \/>\n<meta property=\"og:locale\" content=\"es_ES\" \/>\n<meta property=\"og:type\" content=\"article\" \/>\n<meta property=\"og:title\" content=\"Contaminaci\u00f3n por glifosato se esparce en Argentina\" \/>\n<meta property=\"og:description\" content=\"En Argentina, un grupo de mujeres conocidas como &quot;Las Madres de Ituzaing\u00f3&quot;, luchan para detener el envenenamiento que produce vivir cerca de las zonas\" \/>\n<meta property=\"og:url\" content=\"https:\/\/www.pressenza.com\/es\/2013\/09\/contaminacion-por-glifosato-se-esparce-en-argentina\/\" \/>\n<meta property=\"og:site_name\" content=\"Pressenza\" \/>\n<meta property=\"article:publisher\" content=\"https:\/\/www.facebook.com\/PressenzaItalia\" \/>\n<meta property=\"article:author\" content=\"https:\/\/www.facebook.com\/Hispantv\" \/>\n<meta property=\"article:published_time\" content=\"2013-09-25T16:30:27+00:00\" \/>\n<meta name=\"author\" content=\"HispanTV\" \/>\n<meta name=\"twitter:card\" content=\"summary_large_image\" \/>\n<meta name=\"twitter:creator\" content=\"@Hispantv\" \/>\n<meta name=\"twitter:site\" content=\"@PressenzaIPA\" \/>\n<meta name=\"twitter:label1\" content=\"Escrito por\" \/>\n\t<meta name=\"twitter:data1\" content=\"HispanTV\" \/>\n<script type=\"application\/ld+json\" class=\"yoast-schema-graph\">{\"@context\":\"https:\/\/schema.org\",\"@graph\":[{\"@type\":\"Article\",\"@id\":\"https:\/\/www.pressenza.com\/es\/2013\/09\/contaminacion-por-glifosato-se-esparce-en-argentina\/#article\",\"isPartOf\":{\"@id\":\"https:\/\/www.pressenza.com\/es\/2013\/09\/contaminacion-por-glifosato-se-esparce-en-argentina\/\"},\"author\":{\"name\":\"HispanTV\",\"@id\":\"https:\/\/www.pressenza.com\/es\/#\/schema\/person\/2e5ffdf0e238fbba512bcf5c97959187\"},\"headline\":\"Contaminaci\u00f3n por glifosato se esparce en Argentina\",\"datePublished\":\"2013-09-25T16:30:27+00:00\",\"mainEntityOfPage\":{\"@id\":\"https:\/\/www.pressenza.com\/es\/2013\/09\/contaminacion-por-glifosato-se-esparce-en-argentina\/\"},\"wordCount\":43,\"publisher\":{\"@id\":\"https:\/\/www.pressenza.com\/es\/#organization\"},\"keywords\":[\"Argentina\",\"glifosato\",\"medio ambiente\",\"Monsanto\",\"soja\"],\"articleSection\":[\"Ecolog\u00eda y Medio Ambiente\",\"Salud\",\"Sudam\u00e9rica\"],\"inLanguage\":\"es\"},{\"@type\":\"WebPage\",\"@id\":\"https:\/\/www.pressenza.com\/es\/2013\/09\/contaminacion-por-glifosato-se-esparce-en-argentina\/\",\"url\":\"https:\/\/www.pressenza.com\/es\/2013\/09\/contaminacion-por-glifosato-se-esparce-en-argentina\/\",\"name\":\"Contaminaci\u00f3n por glifosato se esparce en Argentina\",\"isPartOf\":{\"@id\":\"https:\/\/www.pressenza.com\/es\/#website\"},\"datePublished\":\"2013-09-25T16:30:27+00:00\",\"description\":\"En Argentina, un grupo de mujeres conocidas como \\\"Las Madres de Ituzaing\u00f3\\\", luchan para detener el envenenamiento que produce vivir cerca de las zonas\",\"breadcrumb\":{\"@id\":\"https:\/\/www.pressenza.com\/es\/2013\/09\/contaminacion-por-glifosato-se-esparce-en-argentina\/#breadcrumb\"},\"inLanguage\":\"es\",\"potentialAction\":[{\"@type\":\"ReadAction\",\"target\":[\"https:\/\/www.pressenza.com\/es\/2013\/09\/contaminacion-por-glifosato-se-esparce-en-argentina\/\"]}]},{\"@type\":\"BreadcrumbList\",\"@id\":\"https:\/\/www.pressenza.com\/es\/2013\/09\/contaminacion-por-glifosato-se-esparce-en-argentina\/#breadcrumb\",\"itemListElement\":[{\"@type\":\"ListItem\",\"position\":1,\"name\":\"Accueil\",\"item\":\"https:\/\/www.pressenza.com\/es\/\"},{\"@type\":\"ListItem\",\"position\":2,\"name\":\"Contaminaci\u00f3n por glifosato se esparce en Argentina\"}]},{\"@type\":\"WebSite\",\"@id\":\"https:\/\/www.pressenza.com\/es\/#website\",\"url\":\"https:\/\/www.pressenza.com\/es\/\",\"name\":\"Pressenza\",\"description\":\"International Press Agency\",\"publisher\":{\"@id\":\"https:\/\/www.pressenza.com\/es\/#organization\"},\"potentialAction\":[{\"@type\":\"SearchAction\",\"target\":{\"@type\":\"EntryPoint\",\"urlTemplate\":\"https:\/\/www.pressenza.com\/es\/?s={search_term_string}\"},\"query-input\":{\"@type\":\"PropertyValueSpecification\",\"valueRequired\":true,\"valueName\":\"search_term_string\"}}],\"inLanguage\":\"es\"},{\"@type\":\"Organization\",\"@id\":\"https:\/\/www.pressenza.com\/es\/#organization\",\"name\":\"Pressenza\",\"url\":\"https:\/\/www.pressenza.com\/es\/\",\"logo\":{\"@type\":\"ImageObject\",\"inLanguage\":\"es\",\"@id\":\"https:\/\/www.pressenza.com\/es\/#\/schema\/logo\/image\/\",\"url\":\"https:\/\/www.pressenza.com\/wp-content\/uploads\/2022\/10\/pressenza_logo_200x200.jpg\",\"contentUrl\":\"https:\/\/www.pressenza.com\/wp-content\/uploads\/2022\/10\/pressenza_logo_200x200.jpg\",\"width\":200,\"height\":200,\"caption\":\"Pressenza\"},\"image\":{\"@id\":\"https:\/\/www.pressenza.com\/es\/#\/schema\/logo\/image\/\"},\"sameAs\":[\"https:\/\/www.facebook.com\/PressenzaItalia\",\"https:\/\/x.com\/PressenzaIPA\"]},{\"@type\":\"Person\",\"@id\":\"https:\/\/www.pressenza.com\/es\/#\/schema\/person\/2e5ffdf0e238fbba512bcf5c97959187\",\"name\":\"HispanTV\",\"description\":\"Trabajar bajo el f\u00e9rreo compromiso como medio de comunicaci\u00f3n para fomentar el acercamiento entre los pueblos de Ir\u00e1n, el Hispanoamericano y los de Medio Oriente, considerando adem\u00e1s la necesidad de crear una mayor cercan\u00eda entre todos los pueblos de Am\u00e9rica Latina. http:\/\/www.hispantv.com\/\",\"sameAs\":[\"http:\/\/www.hispantv.ir\",\"https:\/\/www.facebook.com\/Hispantv\",\"https:\/\/x.com\/Hispantv\"],\"url\":\"https:\/\/www.pressenza.com\/es\/author\/hispantv\/\"}]}<\/script>\n<!-- \/ Yoast SEO plugin. -->","yoast_head_json":{"title":"Contaminaci\u00f3n por glifosato se esparce en Argentina","description":"En Argentina, un grupo de mujeres conocidas como \"Las Madres de Ituzaing\u00f3\", luchan para detener el envenenamiento que produce vivir cerca de las zonas","robots":{"index":"index","follow":"follow","max-snippet":"max-snippet:-1","max-image-preview":"max-image-preview:large","max-video-preview":"max-video-preview:-1"},"canonical":"https:\/\/www.pressenza.com\/es\/2013\/09\/contaminacion-por-glifosato-se-esparce-en-argentina\/","og_locale":"es_ES","og_type":"article","og_title":"Contaminaci\u00f3n por glifosato se esparce en Argentina","og_description":"En Argentina, un grupo de mujeres conocidas como \"Las Madres de Ituzaing\u00f3\", luchan para detener el envenenamiento que produce vivir cerca de las zonas","og_url":"https:\/\/www.pressenza.com\/es\/2013\/09\/contaminacion-por-glifosato-se-esparce-en-argentina\/","og_site_name":"Pressenza","article_publisher":"https:\/\/www.facebook.com\/PressenzaItalia","article_author":"https:\/\/www.facebook.com\/Hispantv","article_published_time":"2013-09-25T16:30:27+00:00","author":"HispanTV","twitter_card":"summary_large_image","twitter_creator":"@Hispantv","twitter_site":"@PressenzaIPA","twitter_misc":{"Escrito por":"HispanTV"},"schema":{"@context":"https:\/\/schema.org","@graph":[{"@type":"Article","@id":"https:\/\/www.pressenza.com\/es\/2013\/09\/contaminacion-por-glifosato-se-esparce-en-argentina\/#article","isPartOf":{"@id":"https:\/\/www.pressenza.com\/es\/2013\/09\/contaminacion-por-glifosato-se-esparce-en-argentina\/"},"author":{"name":"HispanTV","@id":"https:\/\/www.pressenza.com\/es\/#\/schema\/person\/2e5ffdf0e238fbba512bcf5c97959187"},"headline":"Contaminaci\u00f3n por glifosato se esparce en Argentina","datePublished":"2013-09-25T16:30:27+00:00","mainEntityOfPage":{"@id":"https:\/\/www.pressenza.com\/es\/2013\/09\/contaminacion-por-glifosato-se-esparce-en-argentina\/"},"wordCount":43,"publisher":{"@id":"https:\/\/www.pressenza.com\/es\/#organization"},"keywords":["Argentina","glifosato","medio ambiente","Monsanto","soja"],"articleSection":["Ecolog\u00eda y Medio Ambiente","Salud","Sudam\u00e9rica"],"inLanguage":"es"},{"@type":"WebPage","@id":"https:\/\/www.pressenza.com\/es\/2013\/09\/contaminacion-por-glifosato-se-esparce-en-argentina\/","url":"https:\/\/www.pressenza.com\/es\/2013\/09\/contaminacion-por-glifosato-se-esparce-en-argentina\/","name":"Contaminaci\u00f3n por glifosato se esparce en Argentina","isPartOf":{"@id":"https:\/\/www.pressenza.com\/es\/#website"},"datePublished":"2013-09-25T16:30:27+00:00","description":"En Argentina, un grupo de mujeres conocidas como \"Las Madres de Ituzaing\u00f3\", luchan para detener el envenenamiento que produce vivir cerca de las zonas","breadcrumb":{"@id":"https:\/\/www.pressenza.com\/es\/2013\/09\/contaminacion-por-glifosato-se-esparce-en-argentina\/#breadcrumb"},"inLanguage":"es","potentialAction":[{"@type":"ReadAction","target":["https:\/\/www.pressenza.com\/es\/2013\/09\/contaminacion-por-glifosato-se-esparce-en-argentina\/"]}]},{"@type":"BreadcrumbList","@id":"https:\/\/www.pressenza.com\/es\/2013\/09\/contaminacion-por-glifosato-se-esparce-en-argentina\/#breadcrumb","itemListElement":[{"@type":"ListItem","position":1,"name":"Accueil","item":"https:\/\/www.pressenza.com\/es\/"},{"@type":"ListItem","position":2,"name":"Contaminaci\u00f3n por glifosato se esparce en Argentina"}]},{"@type":"WebSite","@id":"https:\/\/www.pressenza.com\/es\/#website","url":"https:\/\/www.pressenza.com\/es\/","name":"Pressenza","description":"International Press Agency","publisher":{"@id":"https:\/\/www.pressenza.com\/es\/#organization"},"potentialAction":[{"@type":"SearchAction","target":{"@type":"EntryPoint","urlTemplate":"https:\/\/www.pressenza.com\/es\/?s={search_term_string}"},"query-input":{"@type":"PropertyValueSpecification","valueRequired":true,"valueName":"search_term_string"}}],"inLanguage":"es"},{"@type":"Organization","@id":"https:\/\/www.pressenza.com\/es\/#organization","name":"Pressenza","url":"https:\/\/www.pressenza.com\/es\/","logo":{"@type":"ImageObject","inLanguage":"es","@id":"https:\/\/www.pressenza.com\/es\/#\/schema\/logo\/image\/","url":"https:\/\/www.pressenza.com\/wp-content\/uploads\/2022\/10\/pressenza_logo_200x200.jpg","contentUrl":"https:\/\/www.pressenza.com\/wp-content\/uploads\/2022\/10\/pressenza_logo_200x200.jpg","width":200,"height":200,"caption":"Pressenza"},"image":{"@id":"https:\/\/www.pressenza.com\/es\/#\/schema\/logo\/image\/"},"sameAs":["https:\/\/www.facebook.com\/PressenzaItalia","https:\/\/x.com\/PressenzaIPA"]},{"@type":"Person","@id":"https:\/\/www.pressenza.com\/es\/#\/schema\/person\/2e5ffdf0e238fbba512bcf5c97959187","name":"HispanTV","description":"Trabajar bajo el f\u00e9rreo compromiso como medio de comunicaci\u00f3n para fomentar el acercamiento entre los pueblos de Ir\u00e1n, el Hispanoamericano y los de Medio Oriente, considerando adem\u00e1s la necesidad de crear una mayor cercan\u00eda entre todos los pueblos de Am\u00e9rica Latina. http:\/\/www.hispantv.com\/","sameAs":["http:\/\/www.hispantv.ir","https:\/\/www.facebook.com\/Hispantv","https:\/\/x.com\/Hispantv"],"url":"https:\/\/www.pressenza.com\/es\/author\/hispantv\/"}]}},"place":"C\u00f3rdoba, ARGENTINA","original_article_url":"","_links":{"self":[{"href":"https:\/\/www.pressenza.com\/es\/wp-json\/wp\/v2\/posts\/70143","targetHints":{"allow":["GET"]}}],"collection":[{"href":"https:\/\/www.pressenza.com\/es\/wp-json\/wp\/v2\/posts"}],"about":[{"href":"https:\/\/www.pressenza.com\/es\/wp-json\/wp\/v2\/types\/post"}],"author":[{"embeddable":true,"href":"https:\/\/www.pressenza.com\/es\/wp-json\/wp\/v2\/users\/954"}],"replies":[{"embeddable":true,"href":"https:\/\/www.pressenza.com\/es\/wp-json\/wp\/v2\/comments?post=70143"}],"version-history":[{"count":0,"href":"https:\/\/www.pressenza.com\/es\/wp-json\/wp\/v2\/posts\/70143\/revisions"}],"wp:attachment":[{"href":"https:\/\/www.pressenza.com\/es\/wp-json\/wp\/v2\/media?parent=70143"}],"wp:term":[{"taxonomy":"category","embeddable":true,"href":"https:\/\/www.pressenza.com\/es\/wp-json\/wp\/v2\/categories?post=70143"},{"taxonomy":"post_tag","embeddable":true,"href":"https:\/\/www.pressenza.com\/es\/wp-json\/wp\/v2\/tags?post=70143"}],"curies":[{"name":"wp","href":"https:\/\/api.w.org\/{rel}","templated":true}]}}