{"id":70097,"date":"2013-09-25T14:29:46","date_gmt":"2013-09-25T13:29:46","guid":{"rendered":"http:\/\/www.pressenza.com\/?p=70097"},"modified":"2013-09-25T14:29:46","modified_gmt":"2013-09-25T13:29:46","slug":"hay-guerra-justa-lo-unico-justo-es-la-paz-dijo-la-presidenta-argentina-en-la-onu","status":"publish","type":"post","link":"https:\/\/www.pressenza.com\/es\/2013\/09\/hay-guerra-justa-lo-unico-justo-es-la-paz-dijo-la-presidenta-argentina-en-la-onu\/","title":{"rendered":"\u201cNo hay guerra justa, lo \u00fanico justo es la paz\u201d dijo la Presidenta argentina en la ONU"},"content":{"rendered":"<p>La <strong>Presidenta<\/strong> se refiri\u00f3 as\u00ed a la situaci\u00f3n en Siria. Adem\u00e1s, afirm\u00f3 que<strong> el Gobierno quiere respuestas sobre el atentado a la AMIA.<\/strong> <em>\u201cNo tenemos miedo de ir a Teher\u00e1n\u201d<\/em>, enfatiz\u00f3. La jefa de Estado brind\u00f3 su discurso ante la <strong>Asamblea General de la ONU<\/strong>.<\/p>\n<p>La presidenta <strong>Cristina Fern\u00e1ndez de Kirchner<\/strong> pidi\u00f3 esta noche a las autoridades de la <strong>Rep\u00fablica Isl\u00e1mica de Ir\u00e1n<\/strong> que <em>\u201cden respuestas\u201d<\/em> sobre el acuerdo sellado a principios de a\u00f1o para que la justicia argentina pueda interrogar en ese pa\u00eds a los cinco acusados por el ataque terrorista a la <strong>AMIA<\/strong>, ocurrido en 1994<\/p>\n<p><em>\u201cEsperamos que nos digan si se ha aprobado el acuerdo, cu\u00e1ndo se va a aprobar y que pudi\u00e9semos tener una fecha de conformaci\u00f3n de la comisi\u00f3n para que el juez argentino pueda ir a Teher\u00e1n\u201d<\/em>, expres\u00f3 Cristina en un tramo de su discurso ante <strong>la 68\u00ba Asamblea de Naciones Unidas,<\/strong> cuando se refiri\u00f3 al <strong>nuevo mandatario iran\u00ed, Has\u00e1n Rohani<\/strong>.<\/p>\n<p><strong>La jefa de Estado<\/strong> volvi\u00f3 a poner a la <em>\u201cCausa AMIA\u201d<\/em> entre los temas centrales de su discurso ante la Asamblea General, tal como lo hab\u00eda hecho en sus intervenciones anteriores.<\/p>\n<p>Desde el inicio de su ponencia, la Presidenta se refiri\u00f3 al atentado contra la sede de la mutual jud\u00eda cuando, al solidarizarse con las familias de las v\u00edctimas de los \u00faltimos actos de terrorismo internacional, record\u00f3 que Argentina lo hab\u00eda sufrido en carne propia.<\/p>\n<p>Para que no quedaran dudas de la importancia del tema, la jefa de Estado anunci\u00f3 ante la Asamblea que se encontraban en el recinto, como en otras oportunidades, los miembros del grupo de Familiares y Amigos de las V\u00edctimas del atentado contra la <strong>AMIA,<\/strong> a quienes hab\u00eda saludado al llegar a la sede central de <strong>Naciones Unidas en Nueva York<\/strong> para dar su discurso.<\/p>\n<p>Pasadas las 20 (21 hora argentina), tras 20 minutos de alocuci\u00f3n, Cristina volvi\u00f3 a instalar el tema, al se\u00f1alar que esperaba respuestas por parte del nuevo gobierno iran\u00ed respecto del Memorandun de Entendimiento suscripto a principios de a\u00f1o por ambos pa\u00edses y aprobado hace nueve meses por el parlamento argentino.<\/p>\n<p>La jefa de Estado dijo que espera recibir una \u201crespuesta positiva\u201d de parte de Ir\u00e1n, pero advirti\u00f3: <em>\u201cQue no se confunda nuestra profunda convicci\u00f3n por las normas del derecho internacional, con nuestra paciencia e ingenuidad\u201d<\/em>.<\/p>\n<p>La presidenta explic\u00f3 adem\u00e1s que el tratado fue firmado porque la justicia argentina acusa a cinco ciudadanos iran\u00edes de haber intervenido en el atentado y que, para lograr su cooperaci\u00f3n con la causa, solo se pod\u00eda avanzar en acuerdos con las autoridades de ese pa\u00eds.<\/p>\n<p><em>\u201cNo hab\u00eda otra elecci\u00f3n posible que sentarse a dialogar\u201d<\/em>, remarc\u00f3 tras se\u00f1alar que hace 10 a\u00f1os que Argentina reclamaba cooperaci\u00f3n.<\/p>\n<p>En ese punto advirti\u00f3 que el acuerdo <em>\u201cfue utilizado en Argentina\u201d<\/em> para \u201catacar\u201d al gobierno <em>\u201cpol\u00edticamente\u201d<\/em> y en <strong>Estados Unidos<\/strong>, <em>\u201cpor los fondos buitre para ponernos en contra del Congreso norteamricano y decir que ten\u00edamos un acuerdo con Ir\u00e1n\u201d<\/em>.<\/p>\n<p>Lo que no se dijo en <strong>Estados Unidos,<\/strong> remarc\u00f3 la jefa de Estado, es que el memorando era para <em>\u201cdestrabar la cuesti\u00f3n procesal y permitir tomar declaraci\u00f3n a los acusados por la justicia argentina\u201d<\/em>.<\/p>\n<p>Finalmente, sostuvo: <em>\u201cQueremos respuestas, lo merecen las v\u00edctimas y la propia Rep\u00fablica Isl\u00e1mica de Ir\u00e1n si quiere demostrar al mundo que hay un gobierno diferente\u201d<\/em>.<\/p>\n<p>A su vez, <strong>la Presidenta<\/strong> volvi\u00f3 a cuestionar ante la ONU <em>\u201cel doble est\u00e1ndar\u201d de algunos pa\u00edses, y en ese marco se\u00f1al\u00f3 tras recordar las dictaduras de Argentina y Chile en los 70 que \u201cnos hubiera gustado escuchar la condena a los dictadores en aquella \u00e9poca\u201d.<\/em><\/p>\n<p>En ese sentido, <strong>Cristina<\/strong> catalog\u00f3 como otro caso de doble est\u00e1ndar el del <strong>Reino Unido<\/strong>, que <em>\u201cmilitariza el Atl\u00e1ntico Sur y env\u00eda submarinos nucleares\u201d.<\/em><\/p>\n","protected":false},"excerpt":{"rendered":"<p>La Presidenta se refiri\u00f3 as\u00ed a la situaci\u00f3n en Siria. Adem\u00e1s, afirm\u00f3 que el Gobierno quiere respuestas sobre el atentado a la AMIA. \u201cNo tenemos miedo de ir a Teher\u00e1n\u201d, enfatiz\u00f3. La jefa de Estado brind\u00f3 su discurso ante la&hellip;<\/p>\n","protected":false},"author":640,"featured_media":70099,"comment_status":"closed","ping_status":"open","sticky":false,"template":"","format":"standard","meta":{"footnotes":""},"categories":[39,1243,67],"tags":[26,1146,419],"class_list":["post-70097","post","type-post","status-publish","format-standard","has-post-thumbnail","hentry","category-internacional","category-paz-desarme","category-sudamerica","tag-argentina","tag-cristina-fernandez-de-kirchner","tag-paz"],"yoast_head":"<!-- This site is optimized with the Yoast SEO plugin v27.1.1 - https:\/\/yoast.com\/product\/yoast-seo-wordpress\/ -->\n<title>\u201cNo hay guerra justa, lo \u00fanico justo es la paz\u201d dijo la Presidenta argentina en la ONU<\/title>\n<meta name=\"description\" content=\"La Presidenta se refiri\u00f3 as\u00ed a la situaci\u00f3n en Siria. Adem\u00e1s, afirm\u00f3 que el Gobierno quiere respuestas sobre el atentado a la AMIA. \u201cNo tenemos miedo de\" \/>\n<meta name=\"robots\" content=\"index, follow, max-snippet:-1, max-image-preview:large, max-video-preview:-1\" \/>\n<link rel=\"canonical\" href=\"https:\/\/www.pressenza.com\/es\/2013\/09\/hay-guerra-justa-lo-unico-justo-es-la-paz-dijo-la-presidenta-argentina-en-la-onu\/\" \/>\n<meta property=\"og:locale\" content=\"es_ES\" \/>\n<meta property=\"og:type\" content=\"article\" \/>\n<meta property=\"og:title\" content=\"\u201cNo hay guerra justa, lo \u00fanico justo es la paz\u201d dijo la Presidenta argentina en la ONU\" \/>\n<meta property=\"og:description\" content=\"La Presidenta se refiri\u00f3 as\u00ed a la situaci\u00f3n en Siria. Adem\u00e1s, afirm\u00f3 que el Gobierno quiere respuestas sobre el atentado a la AMIA. \u201cNo tenemos miedo de\" \/>\n<meta property=\"og:url\" content=\"https:\/\/www.pressenza.com\/es\/2013\/09\/hay-guerra-justa-lo-unico-justo-es-la-paz-dijo-la-presidenta-argentina-en-la-onu\/\" \/>\n<meta property=\"og:site_name\" content=\"Pressenza\" \/>\n<meta property=\"article:publisher\" content=\"https:\/\/www.facebook.com\/PressenzaItalia\" \/>\n<meta property=\"article:author\" content=\"https:\/\/www.facebook.com\/AgenciasUlan\" \/>\n<meta property=\"article:published_time\" content=\"2013-09-25T13:29:46+00:00\" \/>\n<meta property=\"og:image\" content=\"https:\/\/www.pressenza.com\/wp-content\/uploads\/2013\/09\/cfk.jpg\" \/>\n\t<meta property=\"og:image:width\" content=\"515\" \/>\n\t<meta property=\"og:image:height\" content=\"343\" \/>\n\t<meta property=\"og:image:type\" content=\"image\/jpeg\" \/>\n<meta name=\"author\" content=\"Uni\u00f3n Latinoamericana de Agencias de Noticias\" \/>\n<meta name=\"twitter:card\" content=\"summary_large_image\" \/>\n<meta name=\"twitter:creator\" content=\"@agenciasulan\" \/>\n<meta name=\"twitter:site\" content=\"@PressenzaIPA\" \/>\n<meta name=\"twitter:label1\" content=\"Escrito por\" \/>\n\t<meta name=\"twitter:data1\" content=\"Uni\u00f3n Latinoamericana de Agencias de Noticias\" \/>\n\t<meta name=\"twitter:label2\" content=\"Tiempo de lectura\" \/>\n\t<meta name=\"twitter:data2\" content=\"3 minutos\" \/>\n<script type=\"application\/ld+json\" class=\"yoast-schema-graph\">{\"@context\":\"https:\/\/schema.org\",\"@graph\":[{\"@type\":\"Article\",\"@id\":\"https:\/\/www.pressenza.com\/es\/2013\/09\/hay-guerra-justa-lo-unico-justo-es-la-paz-dijo-la-presidenta-argentina-en-la-onu\/#article\",\"isPartOf\":{\"@id\":\"https:\/\/www.pressenza.com\/es\/2013\/09\/hay-guerra-justa-lo-unico-justo-es-la-paz-dijo-la-presidenta-argentina-en-la-onu\/\"},\"author\":{\"name\":\"Uni\u00f3n Latinoamericana de Agencias de Noticias\",\"@id\":\"https:\/\/www.pressenza.com\/es\/#\/schema\/person\/a9efe8d7b19eb4689fcbcb71bc21dba6\"},\"headline\":\"\u201cNo hay guerra justa, lo \u00fanico justo es la paz\u201d dijo la Presidenta argentina en la ONU\",\"datePublished\":\"2013-09-25T13:29:46+00:00\",\"mainEntityOfPage\":{\"@id\":\"https:\/\/www.pressenza.com\/es\/2013\/09\/hay-guerra-justa-lo-unico-justo-es-la-paz-dijo-la-presidenta-argentina-en-la-onu\/\"},\"wordCount\":676,\"publisher\":{\"@id\":\"https:\/\/www.pressenza.com\/es\/#organization\"},\"image\":{\"@id\":\"https:\/\/www.pressenza.com\/es\/2013\/09\/hay-guerra-justa-lo-unico-justo-es-la-paz-dijo-la-presidenta-argentina-en-la-onu\/#primaryimage\"},\"thumbnailUrl\":\"https:\/\/www.pressenza.com\/wp-content\/uploads\/2013\/09\/cfk.jpg\",\"keywords\":[\"Argentina\",\"Cristina Fernandez de Kirchner\",\"Paz\"],\"articleSection\":[\"Internacional\",\"Paz y Desarme\",\"Sudam\u00e9rica\"],\"inLanguage\":\"es\"},{\"@type\":\"WebPage\",\"@id\":\"https:\/\/www.pressenza.com\/es\/2013\/09\/hay-guerra-justa-lo-unico-justo-es-la-paz-dijo-la-presidenta-argentina-en-la-onu\/\",\"url\":\"https:\/\/www.pressenza.com\/es\/2013\/09\/hay-guerra-justa-lo-unico-justo-es-la-paz-dijo-la-presidenta-argentina-en-la-onu\/\",\"name\":\"\u201cNo hay guerra justa, lo \u00fanico justo es la paz\u201d dijo la Presidenta argentina en la ONU\",\"isPartOf\":{\"@id\":\"https:\/\/www.pressenza.com\/es\/#website\"},\"primaryImageOfPage\":{\"@id\":\"https:\/\/www.pressenza.com\/es\/2013\/09\/hay-guerra-justa-lo-unico-justo-es-la-paz-dijo-la-presidenta-argentina-en-la-onu\/#primaryimage\"},\"image\":{\"@id\":\"https:\/\/www.pressenza.com\/es\/2013\/09\/hay-guerra-justa-lo-unico-justo-es-la-paz-dijo-la-presidenta-argentina-en-la-onu\/#primaryimage\"},\"thumbnailUrl\":\"https:\/\/www.pressenza.com\/wp-content\/uploads\/2013\/09\/cfk.jpg\",\"datePublished\":\"2013-09-25T13:29:46+00:00\",\"description\":\"La Presidenta se refiri\u00f3 as\u00ed a la situaci\u00f3n en Siria. Adem\u00e1s, afirm\u00f3 que el Gobierno quiere respuestas sobre el atentado a la AMIA. \u201cNo tenemos miedo de\",\"breadcrumb\":{\"@id\":\"https:\/\/www.pressenza.com\/es\/2013\/09\/hay-guerra-justa-lo-unico-justo-es-la-paz-dijo-la-presidenta-argentina-en-la-onu\/#breadcrumb\"},\"inLanguage\":\"es\",\"potentialAction\":[{\"@type\":\"ReadAction\",\"target\":[\"https:\/\/www.pressenza.com\/es\/2013\/09\/hay-guerra-justa-lo-unico-justo-es-la-paz-dijo-la-presidenta-argentina-en-la-onu\/\"]}]},{\"@type\":\"ImageObject\",\"inLanguage\":\"es\",\"@id\":\"https:\/\/www.pressenza.com\/es\/2013\/09\/hay-guerra-justa-lo-unico-justo-es-la-paz-dijo-la-presidenta-argentina-en-la-onu\/#primaryimage\",\"url\":\"https:\/\/www.pressenza.com\/wp-content\/uploads\/2013\/09\/cfk.jpg\",\"contentUrl\":\"https:\/\/www.pressenza.com\/wp-content\/uploads\/2013\/09\/cfk.jpg\",\"width\":515,\"height\":343},{\"@type\":\"BreadcrumbList\",\"@id\":\"https:\/\/www.pressenza.com\/es\/2013\/09\/hay-guerra-justa-lo-unico-justo-es-la-paz-dijo-la-presidenta-argentina-en-la-onu\/#breadcrumb\",\"itemListElement\":[{\"@type\":\"ListItem\",\"position\":1,\"name\":\"Accueil\",\"item\":\"https:\/\/www.pressenza.com\/es\/\"},{\"@type\":\"ListItem\",\"position\":2,\"name\":\"\u201cNo hay guerra justa, lo \u00fanico justo es la paz\u201d dijo la Presidenta argentina en la ONU\"}]},{\"@type\":\"WebSite\",\"@id\":\"https:\/\/www.pressenza.com\/es\/#website\",\"url\":\"https:\/\/www.pressenza.com\/es\/\",\"name\":\"Pressenza\",\"description\":\"International Press Agency\",\"publisher\":{\"@id\":\"https:\/\/www.pressenza.com\/es\/#organization\"},\"potentialAction\":[{\"@type\":\"SearchAction\",\"target\":{\"@type\":\"EntryPoint\",\"urlTemplate\":\"https:\/\/www.pressenza.com\/es\/?s={search_term_string}\"},\"query-input\":{\"@type\":\"PropertyValueSpecification\",\"valueRequired\":true,\"valueName\":\"search_term_string\"}}],\"inLanguage\":\"es\"},{\"@type\":\"Organization\",\"@id\":\"https:\/\/www.pressenza.com\/es\/#organization\",\"name\":\"Pressenza\",\"url\":\"https:\/\/www.pressenza.com\/es\/\",\"logo\":{\"@type\":\"ImageObject\",\"inLanguage\":\"es\",\"@id\":\"https:\/\/www.pressenza.com\/es\/#\/schema\/logo\/image\/\",\"url\":\"https:\/\/www.pressenza.com\/wp-content\/uploads\/2022\/10\/pressenza_logo_200x200.jpg\",\"contentUrl\":\"https:\/\/www.pressenza.com\/wp-content\/uploads\/2022\/10\/pressenza_logo_200x200.jpg\",\"width\":200,\"height\":200,\"caption\":\"Pressenza\"},\"image\":{\"@id\":\"https:\/\/www.pressenza.com\/es\/#\/schema\/logo\/image\/\"},\"sameAs\":[\"https:\/\/www.facebook.com\/PressenzaItalia\",\"https:\/\/x.com\/PressenzaIPA\"]},{\"@type\":\"Person\",\"@id\":\"https:\/\/www.pressenza.com\/es\/#\/schema\/person\/a9efe8d7b19eb4689fcbcb71bc21dba6\",\"name\":\"Uni\u00f3n Latinoamericana de Agencias de Noticias\",\"description\":\"Una asociaci\u00f3n supranacional que re\u00fane a las agencias de noticias de Am\u00e9rica Latina y el Caribe. agenciasulan.org\",\"sameAs\":[\"https:\/\/www.facebook.com\/AgenciasUlan\",\"https:\/\/x.com\/agenciasulan\"],\"url\":\"https:\/\/www.pressenza.com\/es\/author\/union-latinoamericana-de-agencias-de-noticias\/\"}]}<\/script>\n<!-- \/ Yoast SEO plugin. -->","yoast_head_json":{"title":"\u201cNo hay guerra justa, lo \u00fanico justo es la paz\u201d dijo la Presidenta argentina en la ONU","description":"La Presidenta se refiri\u00f3 as\u00ed a la situaci\u00f3n en Siria. Adem\u00e1s, afirm\u00f3 que el Gobierno quiere respuestas sobre el atentado a la AMIA. \u201cNo tenemos miedo de","robots":{"index":"index","follow":"follow","max-snippet":"max-snippet:-1","max-image-preview":"max-image-preview:large","max-video-preview":"max-video-preview:-1"},"canonical":"https:\/\/www.pressenza.com\/es\/2013\/09\/hay-guerra-justa-lo-unico-justo-es-la-paz-dijo-la-presidenta-argentina-en-la-onu\/","og_locale":"es_ES","og_type":"article","og_title":"\u201cNo hay guerra justa, lo \u00fanico justo es la paz\u201d dijo la Presidenta argentina en la ONU","og_description":"La Presidenta se refiri\u00f3 as\u00ed a la situaci\u00f3n en Siria. Adem\u00e1s, afirm\u00f3 que el Gobierno quiere respuestas sobre el atentado a la AMIA. \u201cNo tenemos miedo de","og_url":"https:\/\/www.pressenza.com\/es\/2013\/09\/hay-guerra-justa-lo-unico-justo-es-la-paz-dijo-la-presidenta-argentina-en-la-onu\/","og_site_name":"Pressenza","article_publisher":"https:\/\/www.facebook.com\/PressenzaItalia","article_author":"https:\/\/www.facebook.com\/AgenciasUlan","article_published_time":"2013-09-25T13:29:46+00:00","og_image":[{"width":515,"height":343,"url":"https:\/\/www.pressenza.com\/wp-content\/uploads\/2013\/09\/cfk.jpg","type":"image\/jpeg"}],"author":"Uni\u00f3n Latinoamericana de Agencias de Noticias","twitter_card":"summary_large_image","twitter_creator":"@agenciasulan","twitter_site":"@PressenzaIPA","twitter_misc":{"Escrito por":"Uni\u00f3n Latinoamericana de Agencias de Noticias","Tiempo de lectura":"3 minutos"},"schema":{"@context":"https:\/\/schema.org","@graph":[{"@type":"Article","@id":"https:\/\/www.pressenza.com\/es\/2013\/09\/hay-guerra-justa-lo-unico-justo-es-la-paz-dijo-la-presidenta-argentina-en-la-onu\/#article","isPartOf":{"@id":"https:\/\/www.pressenza.com\/es\/2013\/09\/hay-guerra-justa-lo-unico-justo-es-la-paz-dijo-la-presidenta-argentina-en-la-onu\/"},"author":{"name":"Uni\u00f3n Latinoamericana de Agencias de Noticias","@id":"https:\/\/www.pressenza.com\/es\/#\/schema\/person\/a9efe8d7b19eb4689fcbcb71bc21dba6"},"headline":"\u201cNo hay guerra justa, lo \u00fanico justo es la paz\u201d dijo la Presidenta argentina en la ONU","datePublished":"2013-09-25T13:29:46+00:00","mainEntityOfPage":{"@id":"https:\/\/www.pressenza.com\/es\/2013\/09\/hay-guerra-justa-lo-unico-justo-es-la-paz-dijo-la-presidenta-argentina-en-la-onu\/"},"wordCount":676,"publisher":{"@id":"https:\/\/www.pressenza.com\/es\/#organization"},"image":{"@id":"https:\/\/www.pressenza.com\/es\/2013\/09\/hay-guerra-justa-lo-unico-justo-es-la-paz-dijo-la-presidenta-argentina-en-la-onu\/#primaryimage"},"thumbnailUrl":"https:\/\/www.pressenza.com\/wp-content\/uploads\/2013\/09\/cfk.jpg","keywords":["Argentina","Cristina Fernandez de Kirchner","Paz"],"articleSection":["Internacional","Paz y Desarme","Sudam\u00e9rica"],"inLanguage":"es"},{"@type":"WebPage","@id":"https:\/\/www.pressenza.com\/es\/2013\/09\/hay-guerra-justa-lo-unico-justo-es-la-paz-dijo-la-presidenta-argentina-en-la-onu\/","url":"https:\/\/www.pressenza.com\/es\/2013\/09\/hay-guerra-justa-lo-unico-justo-es-la-paz-dijo-la-presidenta-argentina-en-la-onu\/","name":"\u201cNo hay guerra justa, lo \u00fanico justo es la paz\u201d dijo la Presidenta argentina en la ONU","isPartOf":{"@id":"https:\/\/www.pressenza.com\/es\/#website"},"primaryImageOfPage":{"@id":"https:\/\/www.pressenza.com\/es\/2013\/09\/hay-guerra-justa-lo-unico-justo-es-la-paz-dijo-la-presidenta-argentina-en-la-onu\/#primaryimage"},"image":{"@id":"https:\/\/www.pressenza.com\/es\/2013\/09\/hay-guerra-justa-lo-unico-justo-es-la-paz-dijo-la-presidenta-argentina-en-la-onu\/#primaryimage"},"thumbnailUrl":"https:\/\/www.pressenza.com\/wp-content\/uploads\/2013\/09\/cfk.jpg","datePublished":"2013-09-25T13:29:46+00:00","description":"La Presidenta se refiri\u00f3 as\u00ed a la situaci\u00f3n en Siria. Adem\u00e1s, afirm\u00f3 que el Gobierno quiere respuestas sobre el atentado a la AMIA. \u201cNo tenemos miedo de","breadcrumb":{"@id":"https:\/\/www.pressenza.com\/es\/2013\/09\/hay-guerra-justa-lo-unico-justo-es-la-paz-dijo-la-presidenta-argentina-en-la-onu\/#breadcrumb"},"inLanguage":"es","potentialAction":[{"@type":"ReadAction","target":["https:\/\/www.pressenza.com\/es\/2013\/09\/hay-guerra-justa-lo-unico-justo-es-la-paz-dijo-la-presidenta-argentina-en-la-onu\/"]}]},{"@type":"ImageObject","inLanguage":"es","@id":"https:\/\/www.pressenza.com\/es\/2013\/09\/hay-guerra-justa-lo-unico-justo-es-la-paz-dijo-la-presidenta-argentina-en-la-onu\/#primaryimage","url":"https:\/\/www.pressenza.com\/wp-content\/uploads\/2013\/09\/cfk.jpg","contentUrl":"https:\/\/www.pressenza.com\/wp-content\/uploads\/2013\/09\/cfk.jpg","width":515,"height":343},{"@type":"BreadcrumbList","@id":"https:\/\/www.pressenza.com\/es\/2013\/09\/hay-guerra-justa-lo-unico-justo-es-la-paz-dijo-la-presidenta-argentina-en-la-onu\/#breadcrumb","itemListElement":[{"@type":"ListItem","position":1,"name":"Accueil","item":"https:\/\/www.pressenza.com\/es\/"},{"@type":"ListItem","position":2,"name":"\u201cNo hay guerra justa, lo \u00fanico justo es la paz\u201d dijo la Presidenta argentina en la ONU"}]},{"@type":"WebSite","@id":"https:\/\/www.pressenza.com\/es\/#website","url":"https:\/\/www.pressenza.com\/es\/","name":"Pressenza","description":"International Press Agency","publisher":{"@id":"https:\/\/www.pressenza.com\/es\/#organization"},"potentialAction":[{"@type":"SearchAction","target":{"@type":"EntryPoint","urlTemplate":"https:\/\/www.pressenza.com\/es\/?s={search_term_string}"},"query-input":{"@type":"PropertyValueSpecification","valueRequired":true,"valueName":"search_term_string"}}],"inLanguage":"es"},{"@type":"Organization","@id":"https:\/\/www.pressenza.com\/es\/#organization","name":"Pressenza","url":"https:\/\/www.pressenza.com\/es\/","logo":{"@type":"ImageObject","inLanguage":"es","@id":"https:\/\/www.pressenza.com\/es\/#\/schema\/logo\/image\/","url":"https:\/\/www.pressenza.com\/wp-content\/uploads\/2022\/10\/pressenza_logo_200x200.jpg","contentUrl":"https:\/\/www.pressenza.com\/wp-content\/uploads\/2022\/10\/pressenza_logo_200x200.jpg","width":200,"height":200,"caption":"Pressenza"},"image":{"@id":"https:\/\/www.pressenza.com\/es\/#\/schema\/logo\/image\/"},"sameAs":["https:\/\/www.facebook.com\/PressenzaItalia","https:\/\/x.com\/PressenzaIPA"]},{"@type":"Person","@id":"https:\/\/www.pressenza.com\/es\/#\/schema\/person\/a9efe8d7b19eb4689fcbcb71bc21dba6","name":"Uni\u00f3n Latinoamericana de Agencias de Noticias","description":"Una asociaci\u00f3n supranacional que re\u00fane a las agencias de noticias de Am\u00e9rica Latina y el Caribe. agenciasulan.org","sameAs":["https:\/\/www.facebook.com\/AgenciasUlan","https:\/\/x.com\/agenciasulan"],"url":"https:\/\/www.pressenza.com\/es\/author\/union-latinoamericana-de-agencias-de-noticias\/"}]}},"place":"ONU","original_article_url":"","_links":{"self":[{"href":"https:\/\/www.pressenza.com\/es\/wp-json\/wp\/v2\/posts\/70097","targetHints":{"allow":["GET"]}}],"collection":[{"href":"https:\/\/www.pressenza.com\/es\/wp-json\/wp\/v2\/posts"}],"about":[{"href":"https:\/\/www.pressenza.com\/es\/wp-json\/wp\/v2\/types\/post"}],"author":[{"embeddable":true,"href":"https:\/\/www.pressenza.com\/es\/wp-json\/wp\/v2\/users\/640"}],"replies":[{"embeddable":true,"href":"https:\/\/www.pressenza.com\/es\/wp-json\/wp\/v2\/comments?post=70097"}],"version-history":[{"count":0,"href":"https:\/\/www.pressenza.com\/es\/wp-json\/wp\/v2\/posts\/70097\/revisions"}],"wp:featuredmedia":[{"embeddable":true,"href":"https:\/\/www.pressenza.com\/es\/wp-json\/wp\/v2\/media\/70099"}],"wp:attachment":[{"href":"https:\/\/www.pressenza.com\/es\/wp-json\/wp\/v2\/media?parent=70097"}],"wp:term":[{"taxonomy":"category","embeddable":true,"href":"https:\/\/www.pressenza.com\/es\/wp-json\/wp\/v2\/categories?post=70097"},{"taxonomy":"post_tag","embeddable":true,"href":"https:\/\/www.pressenza.com\/es\/wp-json\/wp\/v2\/tags?post=70097"}],"curies":[{"name":"wp","href":"https:\/\/api.w.org\/{rel}","templated":true}]}}