{"id":70063,"date":"2013-09-25T02:15:04","date_gmt":"2013-09-25T01:15:04","guid":{"rendered":"http:\/\/www.pressenza.com\/?p=70063"},"modified":"2013-09-25T17:33:36","modified_gmt":"2013-09-25T16:33:36","slug":"catalunya-derecho-decidir-independentismo","status":"publish","type":"post","link":"https:\/\/www.pressenza.com\/es\/2013\/09\/catalunya-derecho-decidir-independentismo\/","title":{"rendered":"Catalunya: derecho a decidir. Independentismo."},"content":{"rendered":"<p><em><strong>Por Raquel Paricio<\/strong><\/em><\/p>\n<p><!--[if gte mso 9]><xml>\n<o:OfficeDocumentSettings>\n<o:PixelsPerInch>72<\/o:PixelsPerInch>\n<o:TargetScreenSize>544x376<\/o:TargetScreenSize>\n<\/o:OfficeDocumentSettings>\n<\/xml><![endif]--><\/p>\n<p style=\"text-align: justify;\"><span lang=\"ES-TRAD\" style=\"font-size: 11.0pt; font-family: 'Georgia','serif'; mso-ansi-language: ES-TRAD;\">El pueblo catal\u00e1n pide su independencia<span style=\"mso-spacerun: yes;\">\u00a0 <\/span>tras multitudes manifestadas en actos pac\u00edficos.<\/span><\/p>\n<p style=\"text-align: justify;\"><span lang=\"ES-TRAD\" style=\"font-size: 11.0pt; font-family: 'Georgia','serif'; mso-ansi-language: ES-TRAD;\">El primer paso, la pregunta al <b style=\"mso-bidi-font-weight: normal;\">derecho a decidir<\/b>. El segundo, el posible <b style=\"mso-bidi-font-weight: normal;\">Estado propio.<\/b><\/span><\/p>\n<p style=\"text-align: justify;\"><span lang=\"ES-TRAD\" style=\"font-size: 11.0pt; font-family: 'Georgia','serif'; mso-ansi-language: ES-TRAD;\">Una \u00abV\u00eda\u00bb humana de manos entrelazadas ha recorrido la costa de Catalu\u00f1a de norte a sur en un acto reivindicativo de independencia nacional.<\/span><\/p>\n<p style=\"text-align: justify;\"><span lang=\"ES-TRAD\" style=\"font-size: 11.0pt; font-family: 'Georgia','serif'; mso-ansi-language: ES-TRAD;\">Como imagen y como acto simb\u00f3lico de uni\u00f3n y fuerza humana ba\u00f1ada por una ola de emotividad, la gran cadena<sup>1<\/sup>, con connotaciones pacifistas, tiene escasos precedentes en la geograf\u00eda mundial. El territorio catal\u00e1n est\u00e1 en su legitimidad a reclamar el \u201cderecho a decidir\u201d. Es totalmente comprensible tanto desde el punto de vista hist\u00f3rico<sup>2<\/sup> como del posible modelo de organizaci\u00f3n social futura.<\/span><\/p>\n<p style=\"text-align: justify;\"><span lang=\"ES-TRAD\" style=\"font-size: 11.0pt; font-family: 'Georgia','serif'; mso-ansi-language: ES-TRAD;\">La V\u00eda, que aunque no impulsada directamente por los pol\u00edticos al mando responde a sus intereses, deja un manto de misterio sobre cu\u00e1l es la real intenci\u00f3n de \u00e9stos en un acto que todav\u00eda no ha definido cual ser\u00e1 su reivindicaci\u00f3n. El <b style=\"mso-bidi-font-weight: normal;\">derecho a decidir<\/b> es un mero <b style=\"mso-bidi-font-weight: normal;\">eslogan<\/b> vac\u00edo de contenido al no aclarar qui\u00e9n y qu\u00e9 es lo que se decide. Se quiere hacer una consulta al gobierno espa\u00f1ol, y se incita al ciudadano que apoye en ello, pero los t\u00e9rminos que el ciudadano tiene que apoyar no solo no est\u00e1n definidos sino que son totalmente contrarios en relaci\u00f3n a quien los pida.<\/span><\/p>\n<p style=\"text-align: justify;\"><span lang=\"ES-TRAD\" style=\"font-size: 11.0pt; font-family: 'Georgia','serif'; mso-ansi-language: ES-TRAD;\">La primera lectura de tal situaci\u00f3n es un intento de <b style=\"mso-bidi-font-weight: normal;\">desviar los verdaderos problemas de ra\u00edz de la crisis <\/b>en que nos encontramos <span style=\"mso-spacerun: yes;\">\u00a0<\/span>y convertir el independentismo en la soluci\u00f3n al cr\u00edtico momento contempor\u00e1neo. Desesperaci\u00f3n, promesa de un lugar mejor y<span style=\"mso-spacerun: yes;\">\u00a0 <\/span>esperanza son los ingredientes del mito del para\u00edso prometido.<\/span><\/p>\n<p style=\"text-align: justify;\"><span lang=\"ES-TRAD\" style=\"font-size: 11.0pt; font-family: 'Georgia','serif'; mso-ansi-language: ES-TRAD;\">Redefinir el concepto de <b style=\"mso-bidi-font-weight: normal;\">democracia<\/b> as\u00ed como el de <b style=\"mso-bidi-font-weight: normal;\">libertad<\/b> ser\u00edan los otros puntos cr\u00edticos de la situaci\u00f3n.<\/span><\/p>\n<p style=\"text-align: justify;\"><b style=\"mso-bidi-font-weight: normal;\"><span lang=\"ES-TRAD\" style=\"font-size: 11.0pt; font-family: 'Georgia','serif'; mso-ansi-language: ES-TRAD;\">Qu\u00e9 se pide<\/span><\/b><\/p>\n<p style=\"text-align: justify;\"><span lang=\"ES-TRAD\" style=\"font-size: 11.0pt; font-family: 'Georgia','serif'; mso-ansi-language: ES-TRAD;\">El gobierno catal\u00e1n quiere presentar en el 2014 un refer\u00e9ndum al gobierno espa\u00f1ol para reclamar seg\u00fan fuentes oficiales: el derecho a decidir, transici\u00f3n nacional y forma de Estado, todo ello a trav\u00e9s de democracia, di\u00e1logo, legalidad y esp\u00edritu pac\u00edfico.<\/span><\/p>\n<p style=\"text-align: justify;\"><span lang=\"ES-TRAD\" style=\"font-size: 11.0pt; font-family: 'Georgia','serif'; mso-ansi-language: ES-TRAD;\">El pueblo catal\u00e1n votar\u00eda si desea un Estado<span style=\"mso-spacerun: yes;\">\u00a0 <\/span>independiente.<\/span><\/p>\n<p style=\"text-align: justify;\"><b style=\"mso-bidi-font-weight: normal;\"><span lang=\"ES-TRAD\" style=\"font-size: 11.0pt; font-family: 'Georgia','serif'; mso-ansi-language: ES-TRAD;\">El discurso oficial del gobierno catal\u00e1n<\/span><\/b><\/p>\n<p style=\"text-align: justify;\"><span lang=\"ES-TRAD\" style=\"font-size: 11.0pt; font-family: 'Georgia','serif'; mso-ansi-language: ES-TRAD;\">Lejos de acercarse a alg\u00fan atisbo de realidad y con un tono absolutamente ingenuo, el discurso de los pol\u00edticos catalanes al mando afirma que la v\u00eda del derecho a decidir permitir\u00e1 <i style=\"mso-bidi-font-style: normal;\">\u00abdejar atr\u00e1s la recesi\u00f3n, el paro y el aumento de pobreza\u00bb en aras de \u00abaumentar el \u00e9xito escolar, y poder atender correctamente a las personas enfermas o a las m\u00e1s vulnerables&#8230;.construir un pa\u00eds socialmente justo, econ\u00f3micamente acomodado, cultural <span style=\"mso-spacerun: yes;\">\u00a0<\/span>y democr\u00e1ticamente ejemplar\u00bb<sup>3<\/sup><\/i>. <\/span><\/p>\n<p style=\"text-align: justify;\"><b style=\"mso-bidi-font-weight: normal;\"><span lang=\"ES-TRAD\" style=\"font-size: 11.0pt; font-family: 'Georgia','serif'; mso-ansi-language: ES-TRAD;\">El discurso del gobierno central<\/span><\/b><\/p>\n<p style=\"text-align: justify;\"><span lang=\"ES-TRAD\" style=\"font-size: 11.0pt; font-family: 'Georgia','serif'; mso-ansi-language: ES-TRAD;\">El \u00e9xito de los acontecimientos reivindicativos, ha alertado y acelerado respuestas del gobierno central espa\u00f1ol, que tratando de alargar acciones, ofrece posibilidades de di\u00e1logo sin fecha clara y con respuestas confusas, pero anulando un apoyo<span style=\"mso-spacerun: yes;\">\u00a0 <\/span>en el supuesto derecho a decidir o m\u00e1s all\u00e1 de independentismo.<\/span><\/p>\n<p style=\"text-align: justify;\"><b style=\"mso-bidi-font-weight: normal;\"><span lang=\"ES-TRAD\" style=\"font-size: 11.0pt; font-family: 'Georgia','serif'; mso-ansi-language: ES-TRAD;\">El debate sobre la situaci\u00f3n ante la UE<\/span><\/b><\/p>\n<p style=\"text-align: justify;\"><span lang=\"ES-TRAD\" style=\"font-size: 11.0pt; font-family: 'Georgia','serif'; mso-ansi-language: ES-TRAD;\">Respecto al actual sombr\u00edo debate sobre la situaci\u00f3n en la que quedar\u00eda Catalu\u00f1a como pa\u00eds independiente, sin respaldo del gobierno espa\u00f1ol,<span style=\"mso-spacerun: yes;\">\u00a0 <\/span>las consecuencias que seg\u00fan \u00e9ste supondr\u00eda una posible secesi\u00f3n ser\u00edan la no aceptaci\u00f3n de Catalunya en la UE: \u00abser\u00eda una declaraci\u00f3n unilateral de independencia que tendr\u00eda consecuencias grav\u00edsimas para Catalunya y para Espa\u00f1a\u00bb suponiendo una salida inmediata de Catalunya de la Uni\u00f3n Europea<sup>4<\/sup>. <\/span><span lang=\"ES-TRAD\" style=\"font-size: 11.0pt; font-family: 'Georgia','serif'; color: windowtext; mso-ansi-language: ES-TRAD;\">Por su parte, seg\u00fan fuentes medi\u00e1ticas, la ONU reconoce el caso catal\u00e1n m\u00e1s pr\u00f3ximo al de Palestina o Kosovo, que quedaron fuera de la Uni\u00f3n Europea.<\/span><\/p>\n<p style=\"text-align: justify;\"><span lang=\"ES-TRAD\" style=\"font-size: 11.0pt; font-family: 'Georgia','serif'; mso-ansi-language: ES-TRAD;\">Opuestamente, el an\u00e1lisis de economistas aunque dif\u00edcil de simplificar desde puntos de vista parciales en los que s\u00f3lo se tenga en cuenta relaciones presupuestarias,<span style=\"mso-spacerun: yes;\">\u00a0 <\/span>Catalunya estar\u00eda en condiciones similares a pa\u00edses como Suecia, Finlandia, Dinamarca y Austria tanto en n\u00famero de poblaci\u00f3n como en nivel econ\u00f3mico. Definen el hecho de que Catalu\u00f1a es aportadora neta al presupuesto de la UE, presentando as\u00ed un d\u00e9ficit fiscal, frente a Espa\u00f1a que es una receptora neta. Es decir, \u00ablos ingresos comunitarios aportados por Catalunya a la UE han superado a\u00f1o tras a\u00f1o (desde 1986) los gastos que la UE ha destinado a Catalunya, y \u00e9ste d\u00e9ficit fiscal se ha ido acentuando a lo largo del tiempo\u00bb. Concretamente \u201cCatalunya aporta unos 1.400 millones de Euros al a\u00f1o, superando as\u00ed el aporte de Suecia, que el 2009 fue de 1.126 millones\u201d<sup>5.<\/sup><\/span><\/p>\n<p style=\"text-align: justify;\"><b style=\"mso-bidi-font-weight: normal;\"><span lang=\"ES-TRAD\" style=\"font-size: 11.0pt; font-family: 'Georgia','serif'; mso-ansi-language: ES-TRAD;\">Historia de los hechos<\/span><\/b><\/p>\n<p style=\"text-align: justify;\"><span lang=\"ES-TRAD\" style=\"font-size: 11.0pt; font-family: 'Georgia','serif'; mso-ansi-language: ES-TRAD;\">Desde junio del 2010, y tras la sentencia del tribunal Constitucional sobre la revisi\u00f3n del Estatuto catal\u00e1n, el pueblo catal\u00e1n se lanzaba de nuevo a las calles, como lo hizo en 1977 tras la muerte de Franco, para reivindicar una vez m\u00e1s su autonom\u00eda. La desaparici\u00f3n de la dictadura permiti\u00f3 al pueblo catal\u00e1n iniciar una transici\u00f3n hacia un supuesto sistema democr\u00e1tico y as\u00ed recuperar un gobierno propio, la Generalitat de Catalunya y con \u00e9sta un primer Estatuto de Autonom\u00eda pactado con el gobierno central. <\/span><\/p>\n<p style=\"text-align: justify;\"><span lang=\"ES-TRAD\" style=\"font-size: 11.0pt; font-family: 'Georgia','serif'; mso-ansi-language: ES-TRAD;\">Este Estatuto, firmado por Convergencia (el actual partido en el poder junto con Uni\u00f3), distaba mucho de los derechos que otras dos comunidades aut\u00f3nomas en Espa\u00f1a, Pa\u00eds Vasco y Navarra, consiguieron al ser beneficiarias de una agencia tributaria propia. <\/span><\/p>\n<p style=\"text-align: justify;\"><span lang=\"ES-TRAD\" style=\"font-size: 11.0pt; font-family: 'Georgia','serif'; mso-ansi-language: ES-TRAD;\">Es en esta petici\u00f3n de renovaci\u00f3n del Estatuto de junio del 2010 se pidi\u00f3 que se equiparen los derechos de Catalu\u00f1a con estas dos comunidades y se le concediera una Agencia Tributaria propia. La negaci\u00f3n del gobierno central a firmar un nuevo Estatuto es lo que ha supuesto un punto de inflexi\u00f3n en el catalanismo provocando un cambio de actitud de las fuerzas pol\u00edticas y sociales. Dir\u00edase que ya no se quiere intentar estar en comuni\u00f3n a merced de lo que el gobierno del territorio mayor decide. <\/span><\/p>\n<p style=\"text-align: justify;\"><b style=\"mso-bidi-font-weight: normal;\"><span lang=\"ES-TRAD\" style=\"font-size: 11.0pt; font-family: 'Georgia','serif'; mso-ansi-language: ES-TRAD;\">Situaci\u00f3n actual<\/span><\/b><\/p>\n<p style=\"text-align: justify;\"><span lang=\"ES-TRAD\" style=\"font-size: 11.0pt; font-family: 'Georgia','serif'; mso-ansi-language: ES-TRAD;\">En un claro \u00e1mbito de confusi\u00f3n de ideas, de ahora digo y ma\u00f1ana desdigo, de opiniones diferentes en los diferentes partidos pol\u00edticos,<span style=\"mso-spacerun: yes;\">\u00a0 <\/span>aprovechando la situaci\u00f3n global de crisis, y sus consecuencias de inestabilidad y falta de visi\u00f3n a futuro, la cuesti\u00f3n de la Independencia se ha convertido en el ojo del hurac\u00e1n en Catalu\u00f1a, proponiendo al ciudadano que es la v\u00eda para salir de este estado y la angustia de opresi\u00f3n que est\u00e1 causando. Poner una imagen a futuro donde se abra una puerta por la que entre un rayo de luz, tranquiliza y abre futuro, aunque sea una nueva dimensi\u00f3n de ilusionismo. <\/span><\/p>\n<p style=\"text-align: justify;\"><span lang=\"ES-TRAD\" style=\"font-size: 11.0pt; font-family: 'Georgia','serif'; mso-ansi-language: ES-TRAD;\">La Independencia es la palabra con la que el ciudadano est\u00e1 reclamando un cambio de relaci\u00f3n pol\u00edtica con el gobierno central espa\u00f1ol y con el resto de pa\u00edses de la Comunidad Europea, pero los partidos pol\u00edticos, de momento solo susurran esta palabra d\u00e9bilmente, y hablan del \u201cderecho a decidir\u201d. Este ser\u00eda el primer paso que se pide al gobierno espa\u00f1ol, para que los ciudadanos catalanes decidan qu\u00e9 modelo de pa\u00eds quieren.<\/span><\/p>\n<p style=\"text-align: justify;\"><span lang=\"ES-TRAD\" style=\"font-size: 11.0pt; font-family: 'Georgia','serif'; mso-ansi-language: ES-TRAD;\">Pero de momento, no hay ning\u00fan documento donde queden reflejadas las posibilidades de modelo a decidir, y cuando las haya vendr\u00e1n dictadas por los mismos que ahora est\u00e1n el<span style=\"mso-spacerun: yes;\">\u00a0 <\/span>poder sin dejar espacio una vez m\u00e1s a que se debata de modo democr\u00e1tico entre los mismos ciudadanos.<\/span><\/p>\n<p style=\"text-align: justify;\"><span lang=\"ES-TRAD\" style=\"font-size: 11.0pt; font-family: 'Georgia','serif'; mso-ansi-language: ES-TRAD;\">As\u00ed por tanto el uso de la palabra \u201cdemocracia\u201d que hace el pol\u00edtico dista mucho de la decisi\u00f3n colectiva.<\/span><\/p>\n<p style=\"text-align: justify;\"><span lang=\"ES-TRAD\" style=\"font-size: 11.0pt; font-family: 'Georgia','serif'; mso-ansi-language: ES-TRAD;\">La t\u00e1ctica de la pol\u00edtica para seguir manteniendo el control humano no tiene l\u00edmites. El adoctrinado por los medios de comunicaci\u00f3n, sus v\u00edas de poder, ha monopolizado la informaci\u00f3n con la Independencia como tema primario, sin realmente definir en qu\u00e9 consistir\u00e1 la primera consulta y mucho menos definirla.<\/span><\/p>\n<p style=\"text-align: justify;\"><span lang=\"ES-TRAD\" style=\"font-size: 11.0pt; font-family: 'Georgia','serif'; mso-ansi-language: ES-TRAD;\">\u00bfPor qu\u00e9 el esfuerzo y la intenci\u00f3n que hay que poner para conseguir la V\u00eda (la cadena humana)<span style=\"mso-spacerun: yes;\">\u00a0 <\/span>s\u00f3lo se ha dado para reclamar una independencia mientras<span style=\"mso-spacerun: yes;\">\u00a0 <\/span>el gobierno catal\u00e1n sigue aumentando los recortes presupuestarios en todos los \u00e1mbitos, privatizando la educaci\u00f3n y la sanidad, aniquilando el desarrollo de la cultura y desviando fondos p\u00fablicos a subvencionar entidades privadas? Todo ello unido al incesante aumento de paro y a la gravedad con la que las entidades bancarias han lastrado al pa\u00eds.<\/span><\/p>\n<p style=\"text-align: justify;\"><span lang=\"ES-TRAD\" style=\"font-size: 11.0pt; font-family: 'Georgia','serif'; mso-ansi-language: ES-TRAD;\">Catalunya y Espa\u00f1a han sido tocadas y hundidas. Tambi\u00e9n Italia y Grecia. Hay crisis econ\u00f3mica, psicol\u00f3gica, institucional, de valores y de modelo social. Hay casos de malnutrici\u00f3n infantil, comedores p\u00fablicos abarrotados con ciudadanos que pertenec\u00edan a la clase media de la sociedad del bienestar, j\u00f3venes con una fabulosa educaci\u00f3n, pagada por todos, que tienen que emigrar por no encontrar aplicaci\u00f3n, no tan j\u00f3venes que ya no se ajustan a las necesidades del mercado, colas de espera en hospitales p\u00fablicos, desahucios de viviendas diarios por no poder pagar hipotecas y suicidios por todo ello. <\/span><\/p>\n<p style=\"text-align: justify;\"><span lang=\"ES-TRAD\" style=\"font-size: 11.0pt; font-family: 'Georgia','serif'; mso-ansi-language: ES-TRAD;\">El modelo de Estado no vela por los intereses de las personas, sino por el de las corporaciones financieras, por tanto tambi\u00e9n hay crisis de Estado, entonces para qu\u00e9 reivindicar un Estado propio, simplemente un nuevo hijo menor con los mismos genes de los padres. <\/span><\/p>\n<p style=\"text-align: justify;\"><span lang=\"ES-TRAD\" style=\"font-size: 11.0pt; font-family: 'Georgia','serif'; mso-ansi-language: ES-TRAD;\">El ciudadano que ha salido a la calle por estas injusticias, que ha reivindicado su democracia en las plazas, no puede ser el mismo que el que ha ido a la V\u00eda. No puede ser que haya olvidado quien le ha llevado a esta situaci\u00f3n para ahora apoyarlo, a no ser que la presi\u00f3n medi\u00e1tica haya cumplido bien su papel y tambi\u00e9n a \u00e9l\/ ella los haya confundido. A no ser que su verdadera opini\u00f3n todav\u00eda no haya podido ser expresada porque no tiene cabida, porque no ha encontrado las fisuras suficientes para colarse y decir: no, la V\u00eda por la que lucho va m\u00e1s all\u00e1 de un deseo de Independencia pol\u00edtico-econ\u00f3mica en manos de los mismos que nos han llevado a esta situaci\u00f3n.<\/span><\/p>\n<p style=\"text-align: justify;\"><span lang=\"ES-TRAD\" style=\"font-size: 11.0pt; font-family: 'Georgia','serif'; mso-ansi-language: ES-TRAD;\">El sentimiento nacionalista est\u00e1 en la calle, representado por banderas independentistas (esteladas) colgando de todos los edificios. Sobre este sentimiento, de ra\u00edz secular y transmitido de generaci\u00f3n en generaci\u00f3n, \u00bfqui\u00e9n tiene derecho a oponerse?. Pero no estamos debatiendo una cuesti\u00f3n s\u00f3lo sentimental o incluso de desagravio por lo acontecido hace 300 a\u00f1os. Deber\u00edamos situarnos en el contexto contempor\u00e1neo y su relaci\u00f3n con el acontecer global. <\/span><\/p>\n<p style=\"text-align: justify;\"><span lang=\"ES-TRAD\" style=\"font-size: 11.0pt; font-family: 'Georgia','serif'; mso-ansi-language: ES-TRAD;\">Plantear la necesidad de un cambio de modelo social, econ\u00f3mico, de valores y pol\u00edtico, deber\u00eda ser la real lucha por la que el ciudadano se hermana en una V\u00eda humana. Ante esta situaci\u00f3n, pedir urgentemente participaci\u00f3n directa de todo ciudadano en el derecho a decidir. El modo del voto en las urnas ya no sirve al circunscribirse a quien lo ha dictado. Una sociedad de la comunicaci\u00f3n deber\u00eda explotar otros medios posibles de decisi\u00f3n.<\/span><\/p>\n<p style=\"text-align: justify;\"><span lang=\"ES-TRAD\" style=\"font-size: 11.0pt; font-family: 'Georgia','serif'; mso-ansi-language: ES-TRAD;\">Resulta insultante, incluso m\u00e1s que ingenuo, que de boca del gobierno surjan frases como que la Independencia traer\u00e1 prosperidad econ\u00f3mica, resulta insultante que la palabra democracia siga siendo usada en manos de pol\u00edticos. Resulta insultante que el t\u00e9rmino libertad, se use en el marco de una opresi\u00f3n psicol\u00f3gica y donde los derechos b\u00e1sicos de supervivencia est\u00e1n mermando. <\/span><\/p>\n<p style=\"text-align: justify;\"><b style=\"mso-bidi-font-weight: normal;\"><span lang=\"ES-TRAD\" style=\"font-size: 11.0pt; font-family: 'Georgia','serif'; mso-ansi-language: ES-TRAD;\">Las cosas est\u00e1n bien cuando marchan en conjunto, no aisladamente<\/span><\/b><\/p>\n<p style=\"text-align: justify;\"><span lang=\"ES-TRAD\" style=\"font-size: 11.0pt; font-family: 'Georgia','serif'; mso-ansi-language: ES-TRAD;\">Una renovaci\u00f3n del sistema de organizaci\u00f3n social, pol\u00edtico y de Estado es necesaria para la transici\u00f3n hacia una nueva era global. Que el poder de decisi\u00f3n llegue a las bases, y que est\u00e1s puedan disponer de suficiente claridad para decidir democr\u00e1ticamente ser\u00eda lo deseado y esta reforma deber\u00eda plantearse antes o paralelamente a una posible independencia u otro sistema que conceda mayor descentralizaci\u00f3n. Sistemas, que por otro lado, m\u00e1s all\u00e1 de modelos confederales o federalismos, tambi\u00e9n pueden ser reinventados, como ser\u00eda lo deseable<span style=\"mso-spacerun: yes;\">\u00a0 <\/span>en una sociedad que ha perdido todos los valores que la sustentaban y que deber\u00eda luchar por derrotar los valores que todav\u00eda perduran<span style=\"mso-spacerun: yes;\">\u00a0 <\/span>del pasado, de sociedad del bienestar, de consumo sin freno, de neoliberalismo y de deshumanizaci\u00f3n creciente.<\/span><\/p>\n<p style=\"text-align: justify;\"><b style=\"mso-bidi-font-weight: normal;\"><span lang=\"ES-TRAD\" style=\"font-size: 11.0pt; font-family: 'Georgia','serif'; mso-ansi-language: ES-TRAD;\">El derecho a decidir SI<\/span><\/b><span lang=\"ES-TRAD\" style=\"font-size: 11.0pt; font-family: 'Georgia','serif'; mso-ansi-language: ES-TRAD;\">, pero no por los pol\u00edticos que actualmente dirigen nuestra sociedad.<span style=\"mso-spacerun: yes;\">\u00a0 <\/span>No han sido elegidos democr\u00e1ticamente, cuando la pr\u00e1ctica de la democracia consiste en debatirse entre un n\u00famero reducido de partidos que controlan el poder, dificultando hasta el punto de impedir que otras voces se manifiesten. Cuando la manipulaci\u00f3n de la informaci\u00f3n, el adoctrinamiento por parte de los medios de comunicaci\u00f3n se ha dirigido hacia formas mentales anestesiadas, hipnotizadas y unidireccionales. Cuando hay privaci\u00f3n de pensar desde los datos reales y cuando el filtro de la realidad pasa por <span style=\"mso-spacerun: yes;\">\u00a0<\/span>una subjetividad que no<span style=\"mso-spacerun: yes;\">\u00a0 <\/span>tiene en cuenta al ser humano como eje vertebrador.<\/span><\/p>\n<p style=\"text-align: justify;\"><span lang=\"ES-TRAD\" style=\"font-size: 11.0pt; font-family: 'Georgia','serif'; mso-ansi-language: ES-TRAD;\">El grito de \u00ablibertad\u00bb con el que Catalu\u00f1a ondeaba su mensaje el d\u00eda de la Diada, la festividad Nacional del 11 de septiembre<sup>6<\/sup>, ha perdido todo su significado. Un eslogan al que se ha vaciado de contenido. Del mismo modo que <span style=\"mso-spacerun: yes;\">\u00a0<\/span>han perdido significado las mismas palabras provenientes de una boca o de otra.<\/span><\/p>\n<p style=\"text-align: justify;\"><span lang=\"ES-TRAD\" style=\"font-size: 11.0pt; font-family: 'Georgia','serif'; mso-ansi-language: ES-TRAD;\">La real independencia, la real libertad, no puede pasar por la sumisi\u00f3n a un nuevo Estado opresor y controlador. La verdadera libertad es un grito de evoluci\u00f3n hacia una libertad interior, hacia una forma mental despejada de valores antievolucionistas.<\/span><\/p>\n<p style=\"text-align: justify;\"><span lang=\"ES-TRAD\" style=\"font-size: 11.0pt; font-family: 'Georgia','serif'; mso-ansi-language: ES-TRAD;\">El sentimiento de independencia deber\u00eda ser hijo de un amor por evolucionar en aquello que nos hace humanos. En reivindicar un avance cultural, entendiendo el t\u00e9rmino cultura como el crisol de una civilizaci\u00f3n. <i style=\"mso-bidi-font-style: normal;\">La autentica libertad pasa por ofrecer una cultura cuyos valores se gesten en la igualdad, en la<span style=\"mso-spacerun: yes;\">\u00a0 <\/span>real democracia y en <\/i>ahondar en un paisaje interno desconocido que<b style=\"mso-bidi-font-weight: normal;\"> aproxime a los individuos a los valores de lo humano. <\/b><\/span><\/p>\n<p style=\"text-align: justify;\"><b style=\"mso-bidi-font-weight: normal;\"><span lang=\"ES-TRAD\" style=\"font-size: 11.0pt; font-family: 'Georgia','serif'; mso-ansi-language: ES-TRAD;\">Las democracias deben ser revisadas.<\/span><\/b><\/p>\n<p style=\"text-align: justify;\"><b style=\"mso-bidi-font-weight: normal;\"><span lang=\"ES-TRAD\" style=\"font-size: 11.0pt; font-family: 'Georgia','serif'; mso-ansi-language: ES-TRAD;\">La capacidad de pensamiento libre debe ser un derecho de todo ciudadano.<\/span><\/b><\/p>\n<p style=\"text-align: justify;\"><sup><span lang=\"ES-TRAD\" style=\"mso-ansi-language: ES-TRAD;\">1<\/span><\/sup><span lang=\"ES-TRAD\" style=\"font-size: 9.0pt; mso-bidi-font-size: 10.0pt; mso-fareast-font-family: 'Arial Unicode MS'; mso-hansi-font-family: 'Arial Unicode MS'; color: black; mso-ansi-language: ES-TRAD;\">Una cadena humana, denominada <\/span><span lang=\"ES-TRAD\" style=\"font-size: 9.0pt; mso-bidi-font-size: 10.0pt; font-family: 'Arial Unicode MS','sans-serif'; mso-ascii-font-family: 'Times New Roman'; mso-bidi-font-family: 'Times New Roman'; color: black; mso-ansi-language: ES-TRAD;\">\u201c<\/span><span lang=\"ES-TRAD\" style=\"font-size: 9.0pt; mso-bidi-font-size: 10.0pt; mso-fareast-font-family: 'Arial Unicode MS'; mso-hansi-font-family: 'Arial Unicode MS'; color: black; mso-ansi-language: ES-TRAD;\">V<\/span><span lang=\"ES-TRAD\" style=\"font-size: 9.0pt; mso-bidi-font-size: 10.0pt; font-family: 'Arial Unicode MS','sans-serif'; mso-ascii-font-family: 'Times New Roman'; mso-bidi-font-family: 'Times New Roman'; color: black; mso-ansi-language: ES-TRAD;\">\u00ed<\/span><span lang=\"ES-TRAD\" style=\"font-size: 9.0pt; mso-bidi-font-size: 10.0pt; mso-fareast-font-family: 'Arial Unicode MS'; mso-hansi-font-family: 'Arial Unicode MS'; color: black; mso-ansi-language: ES-TRAD;\">a Catalana<\/span><span lang=\"ES-TRAD\" style=\"font-size: 9.0pt; mso-bidi-font-size: 10.0pt; font-family: 'Arial Unicode MS','sans-serif'; mso-ascii-font-family: 'Times New Roman'; mso-bidi-font-family: 'Times New Roman'; color: black; mso-ansi-language: ES-TRAD;\">\u201d<\/span><span lang=\"ES-TRAD\" style=\"font-size: 9.0pt; mso-bidi-font-size: 10.0pt; mso-fareast-font-family: 'Arial Unicode MS'; mso-hansi-font-family: 'Arial Unicode MS'; color: black; mso-ansi-language: ES-TRAD;\">, formada seg<\/span><span lang=\"ES-TRAD\" style=\"font-size: 9.0pt; mso-bidi-font-size: 10.0pt; font-family: 'Arial Unicode MS','sans-serif'; mso-ascii-font-family: 'Times New Roman'; mso-bidi-font-family: 'Times New Roman'; color: black; mso-ansi-language: ES-TRAD;\">\u00fa<\/span><span lang=\"ES-TRAD\" style=\"font-size: 9.0pt; mso-bidi-font-size: 10.0pt; mso-fareast-font-family: 'Arial Unicode MS'; mso-hansi-font-family: 'Arial Unicode MS'; color: black; mso-ansi-language: ES-TRAD;\">n fuentes oficiales por un mill<\/span><span lang=\"ES-TRAD\" style=\"font-size: 9.0pt; mso-bidi-font-size: 10.0pt; font-family: 'Arial Unicode MS','sans-serif'; mso-ascii-font-family: 'Times New Roman'; mso-bidi-font-family: 'Times New Roman'; color: black; mso-ansi-language: ES-TRAD;\">\u00f3<\/span><span lang=\"ES-TRAD\" style=\"font-size: 9.0pt; mso-bidi-font-size: 10.0pt; mso-fareast-font-family: 'Arial Unicode MS'; mso-hansi-font-family: 'Arial Unicode MS'; color: black; mso-ansi-language: ES-TRAD;\">n seiscientas mil personas ha recorrido 400 km de costa catalana.<\/span><\/p>\n<p style=\"text-align: justify;\"><sup><span lang=\"ES-TRAD\" style=\"font-size: 11.0pt; mso-bidi-font-size: 10.0pt; font-family: 'Georgia','serif'; mso-ansi-language: ES-TRAD;\">2 <\/span><\/sup><span lang=\"ES-TRAD\" style=\"font-size: 9.0pt; mso-bidi-font-size: 10.0pt; mso-hansi-font-family: 'Arial Unicode MS'; mso-ansi-language: ES-TRAD;\">La guerra de Sucesi<\/span><span lang=\"ES-TRAD\" style=\"font-size: 9.0pt; mso-bidi-font-size: 10.0pt; font-family: 'Arial Unicode MS','sans-serif'; mso-ascii-font-family: 'Times New Roman'; mso-bidi-font-family: 'Times New Roman'; mso-ansi-language: ES-TRAD;\">\u00f3<\/span><span lang=\"ES-TRAD\" style=\"font-size: 9.0pt; mso-bidi-font-size: 10.0pt; mso-hansi-font-family: 'Arial Unicode MS'; mso-ansi-language: ES-TRAD;\">n Espa<\/span><span lang=\"ES-TRAD\" style=\"font-size: 9.0pt; mso-bidi-font-size: 10.0pt; font-family: 'Arial Unicode MS','sans-serif'; mso-ascii-font-family: 'Times New Roman'; mso-bidi-font-family: 'Times New Roman'; mso-ansi-language: ES-TRAD;\">\u00f1<\/span><span lang=\"ES-TRAD\" style=\"font-size: 9.0pt; mso-bidi-font-size: 10.0pt; mso-hansi-font-family: 'Arial Unicode MS'; mso-ansi-language: ES-TRAD;\">ola, fue un conflicto internacional de qui<\/span><span lang=\"ES-TRAD\" style=\"font-size: 9.0pt; mso-bidi-font-size: 10.0pt; font-family: 'Arial Unicode MS','sans-serif'; mso-ascii-font-family: 'Times New Roman'; mso-bidi-font-family: 'Times New Roman'; mso-ansi-language: ES-TRAD;\">\u00e9<\/span><span lang=\"ES-TRAD\" style=\"font-size: 9.0pt; mso-bidi-font-size: 10.0pt; mso-hansi-font-family: 'Arial Unicode MS'; mso-ansi-language: ES-TRAD;\">n deb<\/span><span lang=\"ES-TRAD\" style=\"font-size: 9.0pt; mso-bidi-font-size: 10.0pt; font-family: 'Arial Unicode MS','sans-serif'; mso-ascii-font-family: 'Times New Roman'; mso-bidi-font-family: 'Times New Roman'; mso-ansi-language: ES-TRAD;\">\u00ed<\/span><span lang=\"ES-TRAD\" style=\"font-size: 9.0pt; mso-bidi-font-size: 10.0pt; mso-hansi-font-family: 'Arial Unicode MS'; mso-ansi-language: ES-TRAD;\">a ocupar el trono hisp<\/span><span lang=\"ES-TRAD\" style=\"font-size: 9.0pt; mso-bidi-font-size: 10.0pt; font-family: 'Arial Unicode MS','sans-serif'; mso-ascii-font-family: 'Times New Roman'; mso-bidi-font-family: 'Times New Roman'; mso-ansi-language: ES-TRAD;\">\u00e1<\/span><span lang=\"ES-TRAD\" style=\"font-size: 9.0pt; mso-bidi-font-size: 10.0pt; mso-hansi-font-family: 'Arial Unicode MS'; mso-ansi-language: ES-TRAD;\">nico tras la muerte de Carlos II de Espa<\/span><span lang=\"ES-TRAD\" style=\"font-size: 9.0pt; mso-bidi-font-size: 10.0pt; font-family: 'Arial Unicode MS','sans-serif'; mso-ascii-font-family: 'Times New Roman'; mso-bidi-font-family: 'Times New Roman'; mso-ansi-language: ES-TRAD;\">\u00f1<\/span><span lang=\"ES-TRAD\" style=\"font-size: 9.0pt; mso-bidi-font-size: 10.0pt; mso-hansi-font-family: 'Arial Unicode MS'; mso-ansi-language: ES-TRAD;\">a, el <\/span><span lang=\"ES-TRAD\" style=\"font-size: 9.0pt; mso-bidi-font-size: 10.0pt; font-family: 'Arial Unicode MS','sans-serif'; mso-ascii-font-family: 'Times New Roman'; mso-bidi-font-family: 'Times New Roman'; mso-ansi-language: ES-TRAD;\">\u00fa<\/span><span lang=\"ES-TRAD\" style=\"font-size: 9.0pt; mso-bidi-font-size: 10.0pt; mso-hansi-font-family: 'Arial Unicode MS'; mso-ansi-language: ES-TRAD;\">ltimo monarca de la casa de los Habsburgo, sin descendencia. <\/span><\/p>\n<p style=\"text-align: justify;\"><span lang=\"ES-TRAD\" style=\"font-size: 9.0pt; mso-bidi-font-size: 10.0pt; mso-hansi-font-family: 'Arial Unicode MS'; mso-ansi-language: ES-TRAD;\">Su desenlace supuso la p<\/span><span lang=\"ES-TRAD\" style=\"font-size: 9.0pt; mso-bidi-font-size: 10.0pt; font-family: 'Arial Unicode MS','sans-serif'; mso-ascii-font-family: 'Times New Roman'; mso-bidi-font-family: 'Times New Roman'; mso-ansi-language: ES-TRAD;\">\u00e9<\/span><span lang=\"ES-TRAD\" style=\"font-size: 9.0pt; mso-bidi-font-size: 10.0pt; mso-hansi-font-family: 'Arial Unicode MS'; mso-ansi-language: ES-TRAD;\">rdida de sus posesiones europeas y una guerra civil entre borb<\/span><span lang=\"ES-TRAD\" style=\"font-size: 9.0pt; mso-bidi-font-size: 10.0pt; font-family: 'Arial Unicode MS','sans-serif'; mso-ascii-font-family: 'Times New Roman'; mso-bidi-font-family: 'Times New Roman'; mso-ansi-language: ES-TRAD;\">\u00f3<\/span><span lang=\"ES-TRAD\" style=\"font-size: 9.0pt; mso-bidi-font-size: 10.0pt; mso-hansi-font-family: 'Arial Unicode MS'; mso-ansi-language: ES-TRAD;\">nicos y austracistas para acabar ganando la batalla la casa de Borb<\/span><span lang=\"ES-TRAD\" style=\"font-size: 9.0pt; mso-bidi-font-size: 10.0pt; font-family: 'Arial Unicode MS','sans-serif'; mso-ascii-font-family: 'Times New Roman'; mso-bidi-font-family: 'Times New Roman'; mso-ansi-language: ES-TRAD;\">\u00f3<\/span><span lang=\"ES-TRAD\" style=\"font-size: 9.0pt; mso-bidi-font-size: 10.0pt; mso-hansi-font-family: 'Arial Unicode MS'; mso-ansi-language: ES-TRAD;\">n, con Felipe V como monarca. De este modo se elimina la corona De Arag<\/span><span lang=\"ES-TRAD\" style=\"font-size: 9.0pt; mso-bidi-font-size: 10.0pt; font-family: 'Arial Unicode MS','sans-serif'; mso-ascii-font-family: 'Times New Roman'; mso-bidi-font-family: 'Times New Roman'; mso-ansi-language: ES-TRAD;\">\u00f3<\/span><span lang=\"ES-TRAD\" style=\"font-size: 9.0pt; mso-bidi-font-size: 10.0pt; mso-hansi-font-family: 'Arial Unicode MS'; mso-ansi-language: ES-TRAD;\">n poniendo fin al modelo de monarqu<\/span><span lang=\"ES-TRAD\" style=\"font-size: 9.0pt; mso-bidi-font-size: 10.0pt; font-family: 'Arial Unicode MS','sans-serif'; mso-ascii-font-family: 'Times New Roman'; mso-bidi-font-family: 'Times New Roman'; mso-ansi-language: ES-TRAD;\">\u00ed<\/span><span lang=\"ES-TRAD\" style=\"font-size: 9.0pt; mso-bidi-font-size: 10.0pt; mso-hansi-font-family: 'Arial Unicode MS'; mso-ansi-language: ES-TRAD;\">a confederal. <\/span><\/p>\n<p style=\"text-align: justify;\"><span lang=\"ES-TRAD\" style=\"font-size: 9.0pt; mso-bidi-font-size: 10.0pt; mso-hansi-font-family: 'Arial Unicode MS'; mso-ansi-language: ES-TRAD;\">Catalunya perdi<\/span><span lang=\"ES-TRAD\" style=\"font-size: 9.0pt; mso-bidi-font-size: 10.0pt; font-family: 'Arial Unicode MS','sans-serif'; mso-ascii-font-family: 'Times New Roman'; mso-bidi-font-family: 'Times New Roman'; mso-ansi-language: ES-TRAD;\">\u00f3<\/span><span lang=\"ES-TRAD\" style=\"font-size: 9.0pt; mso-bidi-font-size: 10.0pt; mso-hansi-font-family: 'Arial Unicode MS'; mso-ansi-language: ES-TRAD;\"> el control de un modelo institucional propio que manten<\/span><span lang=\"ES-TRAD\" style=\"font-size: 9.0pt; mso-bidi-font-size: 10.0pt; font-family: 'Arial Unicode MS','sans-serif'; mso-ascii-font-family: 'Times New Roman'; mso-bidi-font-family: 'Times New Roman'; mso-ansi-language: ES-TRAD;\">\u00ed<\/span><span lang=\"ES-TRAD\" style=\"font-size: 9.0pt; mso-bidi-font-size: 10.0pt; mso-hansi-font-family: 'Arial Unicode MS'; mso-ansi-language: ES-TRAD;\">a desde la Edad Media,<span style=\"mso-spacerun: yes;\">\u00a0 <\/span>econ<\/span><span lang=\"ES-TRAD\" style=\"font-size: 9.0pt; mso-bidi-font-size: 10.0pt; font-family: 'Arial Unicode MS','sans-serif'; mso-ascii-font-family: 'Times New Roman'; mso-bidi-font-family: 'Times New Roman'; mso-ansi-language: ES-TRAD;\">\u00f3<\/span><span lang=\"ES-TRAD\" style=\"font-size: 9.0pt; mso-bidi-font-size: 10.0pt; mso-hansi-font-family: 'Arial Unicode MS'; mso-ansi-language: ES-TRAD;\">mico, fiscal, judicial, aduanero y monetario para pasar a ser regido por las leyes de Castilla y el nuevo monarca hisp<\/span><span lang=\"ES-TRAD\" style=\"font-size: 9.0pt; mso-bidi-font-size: 10.0pt; font-family: 'Arial Unicode MS','sans-serif'; mso-ascii-font-family: 'Times New Roman'; mso-bidi-font-family: 'Times New Roman'; mso-ansi-language: ES-TRAD;\">\u00e1<\/span><span lang=\"ES-TRAD\" style=\"font-size: 9.0pt; mso-bidi-font-size: 10.0pt; mso-hansi-font-family: 'Arial Unicode MS'; mso-ansi-language: ES-TRAD;\">nico Felipe V. En lo cultural, se impuso el castellano como lengua oficial, reduciendo el propio idioma, el catal<\/span><span lang=\"ES-TRAD\" style=\"font-size: 9.0pt; mso-bidi-font-size: 10.0pt; font-family: 'Arial Unicode MS','sans-serif'; mso-ascii-font-family: 'Times New Roman'; mso-bidi-font-family: 'Times New Roman'; mso-ansi-language: ES-TRAD;\">\u00e1<\/span><span lang=\"ES-TRAD\" style=\"font-size: 9.0pt; mso-bidi-font-size: 10.0pt; mso-hansi-font-family: 'Arial Unicode MS'; mso-ansi-language: ES-TRAD;\">n, al uso familiar.<\/span><\/p>\n<p style=\"text-align: justify;\"><span lang=\"ES-TRAD\" style=\"font-size: 9.0pt; mso-bidi-font-size: 10.0pt; mso-hansi-font-family: 'Arial Unicode MS'; mso-ansi-language: ES-TRAD;\">Este hecho hist<\/span><span lang=\"ES-TRAD\" style=\"font-size: 9.0pt; mso-bidi-font-size: 10.0pt; font-family: 'Arial Unicode MS','sans-serif'; mso-ascii-font-family: 'Times New Roman'; mso-bidi-font-family: 'Times New Roman'; mso-ansi-language: ES-TRAD;\">\u00f3<\/span><span lang=\"ES-TRAD\" style=\"font-size: 9.0pt; mso-bidi-font-size: 10.0pt; mso-hansi-font-family: 'Arial Unicode MS'; mso-ansi-language: ES-TRAD;\">rico, de p<\/span><span lang=\"ES-TRAD\" style=\"font-size: 9.0pt; mso-bidi-font-size: 10.0pt; font-family: 'Arial Unicode MS','sans-serif'; mso-ascii-font-family: 'Times New Roman'; mso-bidi-font-family: 'Times New Roman'; mso-ansi-language: ES-TRAD;\">\u00e9<\/span><span lang=\"ES-TRAD\" style=\"font-size: 9.0pt; mso-bidi-font-size: 10.0pt; mso-hansi-font-family: 'Arial Unicode MS'; mso-ansi-language: ES-TRAD;\">rdida, impotencia, y resentimiento hacia el opresor, se ha ido transmitiendo durante 300 a<\/span><span lang=\"ES-TRAD\" style=\"font-size: 9.0pt; mso-bidi-font-size: 10.0pt; font-family: 'Arial Unicode MS','sans-serif'; mso-ascii-font-family: 'Times New Roman'; mso-bidi-font-family: 'Times New Roman'; mso-ansi-language: ES-TRAD;\">\u00f1<\/span><span lang=\"ES-TRAD\" style=\"font-size: 9.0pt; mso-bidi-font-size: 10.0pt; mso-hansi-font-family: 'Arial Unicode MS'; mso-ansi-language: ES-TRAD;\">os produciendo una emotividad patri<\/span><span lang=\"ES-TRAD\" style=\"font-size: 9.0pt; mso-bidi-font-size: 10.0pt; font-family: 'Arial Unicode MS','sans-serif'; mso-ascii-font-family: 'Times New Roman'; mso-bidi-font-family: 'Times New Roman'; mso-ansi-language: ES-TRAD;\">\u00f3<\/span><span lang=\"ES-TRAD\" style=\"font-size: 9.0pt; mso-bidi-font-size: 10.0pt; mso-hansi-font-family: 'Arial Unicode MS'; mso-ansi-language: ES-TRAD;\">tica que s<\/span><span lang=\"ES-TRAD\" style=\"font-size: 9.0pt; mso-bidi-font-size: 10.0pt; font-family: 'Arial Unicode MS','sans-serif'; mso-ascii-font-family: 'Times New Roman'; mso-bidi-font-family: 'Times New Roman'; mso-ansi-language: ES-TRAD;\">\u00f3<\/span><span lang=\"ES-TRAD\" style=\"font-size: 9.0pt; mso-bidi-font-size: 10.0pt; mso-hansi-font-family: 'Arial Unicode MS'; mso-ansi-language: ES-TRAD;\">lo puede surgir de la memoria generacional.<\/span><\/p>\n<p style=\"text-align: justify;\"><sup><span lang=\"ES-TRAD\" style=\"font-size: 11.0pt; mso-bidi-font-size: 10.0pt; font-family: 'Georgia','serif'; mso-ansi-language: ES-TRAD;\">3 <\/span><\/sup><span lang=\"ES-TRAD\" style=\"font-size: 9.0pt; mso-bidi-font-size: 10.0pt; mso-hansi-font-family: 'Arial Unicode MS'; mso-ansi-language: ES-TRAD;\">(La Vanguardia, 11 de Septiembre 2013).<\/span><\/p>\n<p style=\"text-align: justify;\"><sup><span lang=\"ES-TRAD\" style=\"font-size: 11.0pt; mso-bidi-font-size: 10.0pt; font-family: 'Georgia','serif'; mso-ansi-language: ES-TRAD;\">4 <\/span><\/sup><span lang=\"ES-TRAD\" style=\"font-size: 9.0pt; mso-bidi-font-size: 10.0pt; mso-hansi-font-family: 'Arial Unicode MS'; mso-ansi-language: ES-TRAD;\">(La Vanguardia, 11 de Septiembre 2013).<\/span><\/p>\n<p style=\"text-align: justify;\"><span class=\"MsoEndnoteReference\"><span lang=\"ES\">5<\/span><\/span><span lang=\"ES-TRAD\" style=\"font-size: 9.0pt; mso-ansi-language: ES-TRAD;\">(Marta Espasa. ARA, <\/span><span lang=\"ES-TRAD\" style=\"font-size: 9.0pt; mso-bidi-font-size: 10.0pt; mso-hansi-font-family: 'Arial Unicode MS'; mso-ansi-language: ES-TRAD;\">23 de Septiembre<\/span><span lang=\"ES-TRAD\" style=\"font-size: 9.0pt; mso-ansi-language: ES-TRAD;\"> 2013<\/span><\/p>\n<p style=\"text-align: justify;\"><span class=\"MsoEndnoteReference\"><span lang=\"ES\">6<\/span><\/span><span lang=\"ES-TRAD\" style=\"font-size: 9.0pt; mso-bidi-font-size: 10.0pt; mso-hansi-font-family: 'Arial Unicode MS'; mso-ansi-language: ES-TRAD;\">El 11 de septiembre es el d<\/span><span lang=\"ES-TRAD\" style=\"font-size: 9.0pt; mso-bidi-font-size: 10.0pt; font-family: 'Arial Unicode MS','sans-serif'; mso-ascii-font-family: 'Times New Roman'; mso-bidi-font-family: 'Times New Roman'; mso-ansi-language: ES-TRAD;\">\u00ed<\/span><span lang=\"ES-TRAD\" style=\"font-size: 9.0pt; mso-bidi-font-size: 10.0pt; mso-hansi-font-family: 'Arial Unicode MS'; mso-ansi-language: ES-TRAD;\">a de fiesta nacional en Catalunya, la Diada Nacional de Catalunya, que aunque se<\/span><span lang=\"ES-TRAD\" style=\"font-size: 9.0pt; mso-bidi-font-size: 10.0pt; font-family: 'Arial Unicode MS','sans-serif'; mso-ascii-font-family: 'Times New Roman'; mso-bidi-font-family: 'Times New Roman'; mso-ansi-language: ES-TRAD;\">\u00f1<\/span><span lang=\"ES-TRAD\" style=\"font-size: 9.0pt; mso-bidi-font-size: 10.0pt; mso-hansi-font-family: 'Arial Unicode MS'; mso-ansi-language: ES-TRAD;\">ala la fecha de un fracaso, el de la p<\/span><span lang=\"ES-TRAD\" style=\"font-size: 9.0pt; mso-bidi-font-size: 10.0pt; font-family: 'Arial Unicode MS','sans-serif'; mso-ascii-font-family: 'Times New Roman'; mso-bidi-font-family: 'Times New Roman'; mso-ansi-language: ES-TRAD;\">\u00e9<\/span><span lang=\"ES-TRAD\" style=\"font-size: 9.0pt; mso-bidi-font-size: 10.0pt; mso-hansi-font-family: 'Arial Unicode MS'; mso-ansi-language: ES-TRAD;\">rdida de las libertades seculares tras la derrota en 1714 en la Guerra de Sucesi<\/span><span lang=\"ES-TRAD\" style=\"font-size: 9.0pt; mso-bidi-font-size: 10.0pt; font-family: 'Arial Unicode MS','sans-serif'; mso-ascii-font-family: 'Times New Roman'; mso-bidi-font-family: 'Times New Roman'; mso-ansi-language: ES-TRAD;\">\u00f3<\/span><span lang=\"ES-TRAD\" style=\"font-size: 9.0pt; mso-bidi-font-size: 10.0pt; mso-hansi-font-family: 'Arial Unicode MS'; mso-ansi-language: ES-TRAD;\">n Espa<\/span><span lang=\"ES-TRAD\" style=\"font-size: 9.0pt; mso-bidi-font-size: 10.0pt; font-family: 'Arial Unicode MS','sans-serif'; mso-ascii-font-family: 'Times New Roman'; mso-bidi-font-family: 'Times New Roman'; mso-ansi-language: ES-TRAD;\">\u00f1<\/span><span lang=\"ES-TRAD\" style=\"font-size: 9.0pt; mso-bidi-font-size: 10.0pt; mso-hansi-font-family: 'Arial Unicode MS'; mso-ansi-language: ES-TRAD;\">ola, se trata de una jornada de reivindicaci<\/span><span lang=\"ES-TRAD\" style=\"font-size: 9.0pt; mso-bidi-font-size: 10.0pt; font-family: 'Arial Unicode MS','sans-serif'; mso-ascii-font-family: 'Times New Roman'; mso-bidi-font-family: 'Times New Roman'; mso-ansi-language: ES-TRAD;\">\u00f3<\/span><span lang=\"ES-TRAD\" style=\"font-size: 9.0pt; mso-bidi-font-size: 10.0pt; mso-hansi-font-family: 'Arial Unicode MS'; mso-ansi-language: ES-TRAD;\">n y resistencia activa frente a la opresi<\/span><span lang=\"ES-TRAD\" style=\"font-size: 9.0pt; mso-bidi-font-size: 10.0pt; font-family: 'Arial Unicode MS','sans-serif'; mso-ascii-font-family: 'Times New Roman'; mso-bidi-font-family: 'Times New Roman'; mso-ansi-language: ES-TRAD;\">\u00f3<\/span><span lang=\"ES-TRAD\" style=\"font-size: 9.0pt; mso-bidi-font-size: 10.0pt; mso-hansi-font-family: 'Arial Unicode MS'; mso-ansi-language: ES-TRAD;\">n, un intento de defensa contra la tiran<\/span><span lang=\"ES-TRAD\" style=\"font-size: 9.0pt; mso-bidi-font-size: 10.0pt; font-family: 'Arial Unicode MS','sans-serif'; mso-ascii-font-family: 'Times New Roman'; mso-bidi-font-family: 'Times New Roman'; mso-ansi-language: ES-TRAD;\">\u00ed<\/span><span lang=\"ES-TRAD\" style=\"font-size: 9.0pt; mso-bidi-font-size: 10.0pt; mso-hansi-font-family: 'Arial Unicode MS'; mso-ansi-language: ES-TRAD;\">a que amenazaba su libertad.<\/span><\/p>\n","protected":false},"excerpt":{"rendered":"<p>Por Raquel Paricio El pueblo catal\u00e1n pide su independencia\u00a0 tras multitudes manifestadas en actos pac\u00edficos. El primer paso, la pregunta al derecho a decidir. El segundo, el posible Estado propio. Una \u00abV\u00eda\u00bb humana de manos entrelazadas ha recorrido la costa&hellip;<\/p>\n","protected":false},"author":19,"featured_media":70145,"comment_status":"closed","ping_status":"open","sticky":false,"template":"","format":"standard","meta":{"footnotes":""},"categories":[66,161,74],"tags":[],"class_list":["post-70063","post","type-post","status-publish","format-standard","has-post-thumbnail","hentry","category-europa-es","category-opiniones","category-politica-es"],"yoast_head":"<!-- This site is optimized with the Yoast SEO plugin v27.1.1 - https:\/\/yoast.com\/product\/yoast-seo-wordpress\/ -->\n<title>Catalunya: derecho a decidir. Independentismo.<\/title>\n<meta name=\"description\" content=\"Por Raquel Paricio 72 544x376 El pueblo catal\u00e1n pide su independencia\u00a0 tras multitudes manifestadas en actos pac\u00edficos. El primer paso, la pregunta al\" \/>\n<meta name=\"robots\" content=\"index, follow, max-snippet:-1, max-image-preview:large, max-video-preview:-1\" \/>\n<link rel=\"canonical\" href=\"https:\/\/www.pressenza.com\/es\/2013\/09\/catalunya-derecho-decidir-independentismo\/\" \/>\n<meta property=\"og:locale\" content=\"es_ES\" \/>\n<meta property=\"og:type\" content=\"article\" \/>\n<meta property=\"og:title\" content=\"Catalunya: derecho a decidir. Independentismo.\" \/>\n<meta property=\"og:description\" content=\"Por Raquel Paricio 72 544x376 El pueblo catal\u00e1n pide su independencia\u00a0 tras multitudes manifestadas en actos pac\u00edficos. El primer paso, la pregunta al\" \/>\n<meta property=\"og:url\" content=\"https:\/\/www.pressenza.com\/es\/2013\/09\/catalunya-derecho-decidir-independentismo\/\" \/>\n<meta property=\"og:site_name\" content=\"Pressenza\" \/>\n<meta property=\"article:publisher\" content=\"https:\/\/www.facebook.com\/PressenzaItalia\" \/>\n<meta property=\"article:author\" content=\"https:\/\/www.facebook.com\/pressenza\" \/>\n<meta property=\"article:published_time\" content=\"2013-09-25T01:15:04+00:00\" \/>\n<meta property=\"article:modified_time\" content=\"2013-09-25T16:33:36+00:00\" \/>\n<meta property=\"og:image\" content=\"https:\/\/www.pressenza.com\/wp-content\/uploads\/2013\/09\/espectaculo-de-ilusionismo3.jpg\" \/>\n\t<meta property=\"og:image:width\" content=\"600\" \/>\n\t<meta property=\"og:image:height\" content=\"375\" \/>\n\t<meta property=\"og:image:type\" content=\"image\/jpeg\" \/>\n<meta name=\"author\" content=\"Pressenza IPA\" \/>\n<meta name=\"twitter:card\" content=\"summary_large_image\" \/>\n<meta name=\"twitter:creator\" content=\"@PressenzaIPA\" \/>\n<meta name=\"twitter:site\" content=\"@PressenzaIPA\" \/>\n<meta name=\"twitter:label1\" content=\"Escrito por\" \/>\n\t<meta name=\"twitter:data1\" content=\"Pressenza IPA\" \/>\n\t<meta name=\"twitter:label2\" content=\"Tiempo de lectura\" \/>\n\t<meta name=\"twitter:data2\" content=\"13 minutos\" \/>\n<script type=\"application\/ld+json\" class=\"yoast-schema-graph\">{\"@context\":\"https:\/\/schema.org\",\"@graph\":[{\"@type\":\"Article\",\"@id\":\"https:\/\/www.pressenza.com\/es\/2013\/09\/catalunya-derecho-decidir-independentismo\/#article\",\"isPartOf\":{\"@id\":\"https:\/\/www.pressenza.com\/es\/2013\/09\/catalunya-derecho-decidir-independentismo\/\"},\"author\":{\"name\":\"Pressenza IPA\",\"@id\":\"https:\/\/www.pressenza.com\/es\/#\/schema\/person\/010e5d02bcf40965427a1289a4cc8d75\"},\"headline\":\"Catalunya: derecho a decidir. Independentismo.\",\"datePublished\":\"2013-09-25T01:15:04+00:00\",\"dateModified\":\"2013-09-25T16:33:36+00:00\",\"mainEntityOfPage\":{\"@id\":\"https:\/\/www.pressenza.com\/es\/2013\/09\/catalunya-derecho-decidir-independentismo\/\"},\"wordCount\":2702,\"publisher\":{\"@id\":\"https:\/\/www.pressenza.com\/es\/#organization\"},\"image\":{\"@id\":\"https:\/\/www.pressenza.com\/es\/2013\/09\/catalunya-derecho-decidir-independentismo\/#primaryimage\"},\"thumbnailUrl\":\"https:\/\/www.pressenza.com\/wp-content\/uploads\/2013\/09\/espectaculo-de-ilusionismo3.jpg\",\"articleSection\":[\"Europa\",\"Opiniones\",\"Pol\u00edtica\"],\"inLanguage\":\"es\"},{\"@type\":\"WebPage\",\"@id\":\"https:\/\/www.pressenza.com\/es\/2013\/09\/catalunya-derecho-decidir-independentismo\/\",\"url\":\"https:\/\/www.pressenza.com\/es\/2013\/09\/catalunya-derecho-decidir-independentismo\/\",\"name\":\"Catalunya: derecho a decidir. Independentismo.\",\"isPartOf\":{\"@id\":\"https:\/\/www.pressenza.com\/es\/#website\"},\"primaryImageOfPage\":{\"@id\":\"https:\/\/www.pressenza.com\/es\/2013\/09\/catalunya-derecho-decidir-independentismo\/#primaryimage\"},\"image\":{\"@id\":\"https:\/\/www.pressenza.com\/es\/2013\/09\/catalunya-derecho-decidir-independentismo\/#primaryimage\"},\"thumbnailUrl\":\"https:\/\/www.pressenza.com\/wp-content\/uploads\/2013\/09\/espectaculo-de-ilusionismo3.jpg\",\"datePublished\":\"2013-09-25T01:15:04+00:00\",\"dateModified\":\"2013-09-25T16:33:36+00:00\",\"description\":\"Por Raquel Paricio 72 544x376 El pueblo catal\u00e1n pide su independencia\u00a0 tras multitudes manifestadas en actos pac\u00edficos. El primer paso, la pregunta al\",\"breadcrumb\":{\"@id\":\"https:\/\/www.pressenza.com\/es\/2013\/09\/catalunya-derecho-decidir-independentismo\/#breadcrumb\"},\"inLanguage\":\"es\",\"potentialAction\":[{\"@type\":\"ReadAction\",\"target\":[\"https:\/\/www.pressenza.com\/es\/2013\/09\/catalunya-derecho-decidir-independentismo\/\"]}]},{\"@type\":\"ImageObject\",\"inLanguage\":\"es\",\"@id\":\"https:\/\/www.pressenza.com\/es\/2013\/09\/catalunya-derecho-decidir-independentismo\/#primaryimage\",\"url\":\"https:\/\/www.pressenza.com\/wp-content\/uploads\/2013\/09\/espectaculo-de-ilusionismo3.jpg\",\"contentUrl\":\"https:\/\/www.pressenza.com\/wp-content\/uploads\/2013\/09\/espectaculo-de-ilusionismo3.jpg\",\"width\":600,\"height\":375},{\"@type\":\"BreadcrumbList\",\"@id\":\"https:\/\/www.pressenza.com\/es\/2013\/09\/catalunya-derecho-decidir-independentismo\/#breadcrumb\",\"itemListElement\":[{\"@type\":\"ListItem\",\"position\":1,\"name\":\"Accueil\",\"item\":\"https:\/\/www.pressenza.com\/es\/\"},{\"@type\":\"ListItem\",\"position\":2,\"name\":\"Catalunya: derecho a decidir. Independentismo.\"}]},{\"@type\":\"WebSite\",\"@id\":\"https:\/\/www.pressenza.com\/es\/#website\",\"url\":\"https:\/\/www.pressenza.com\/es\/\",\"name\":\"Pressenza\",\"description\":\"International Press Agency\",\"publisher\":{\"@id\":\"https:\/\/www.pressenza.com\/es\/#organization\"},\"potentialAction\":[{\"@type\":\"SearchAction\",\"target\":{\"@type\":\"EntryPoint\",\"urlTemplate\":\"https:\/\/www.pressenza.com\/es\/?s={search_term_string}\"},\"query-input\":{\"@type\":\"PropertyValueSpecification\",\"valueRequired\":true,\"valueName\":\"search_term_string\"}}],\"inLanguage\":\"es\"},{\"@type\":\"Organization\",\"@id\":\"https:\/\/www.pressenza.com\/es\/#organization\",\"name\":\"Pressenza\",\"url\":\"https:\/\/www.pressenza.com\/es\/\",\"logo\":{\"@type\":\"ImageObject\",\"inLanguage\":\"es\",\"@id\":\"https:\/\/www.pressenza.com\/es\/#\/schema\/logo\/image\/\",\"url\":\"https:\/\/www.pressenza.com\/wp-content\/uploads\/2022\/10\/pressenza_logo_200x200.jpg\",\"contentUrl\":\"https:\/\/www.pressenza.com\/wp-content\/uploads\/2022\/10\/pressenza_logo_200x200.jpg\",\"width\":200,\"height\":200,\"caption\":\"Pressenza\"},\"image\":{\"@id\":\"https:\/\/www.pressenza.com\/es\/#\/schema\/logo\/image\/\"},\"sameAs\":[\"https:\/\/www.facebook.com\/PressenzaItalia\",\"https:\/\/x.com\/PressenzaIPA\"]},{\"@type\":\"Person\",\"@id\":\"https:\/\/www.pressenza.com\/es\/#\/schema\/person\/010e5d02bcf40965427a1289a4cc8d75\",\"name\":\"Pressenza IPA\",\"description\":\"News from Pressenza IPA correspondents\",\"sameAs\":[\"https:\/\/www.facebook.com\/pressenza\",\"https:\/\/x.com\/PressenzaIPA\"],\"url\":\"https:\/\/www.pressenza.com\/es\/author\/pressenza-ipa\/\"}]}<\/script>\n<!-- \/ Yoast SEO plugin. -->","yoast_head_json":{"title":"Catalunya: derecho a decidir. Independentismo.","description":"Por Raquel Paricio 72 544x376 El pueblo catal\u00e1n pide su independencia\u00a0 tras multitudes manifestadas en actos pac\u00edficos. El primer paso, la pregunta al","robots":{"index":"index","follow":"follow","max-snippet":"max-snippet:-1","max-image-preview":"max-image-preview:large","max-video-preview":"max-video-preview:-1"},"canonical":"https:\/\/www.pressenza.com\/es\/2013\/09\/catalunya-derecho-decidir-independentismo\/","og_locale":"es_ES","og_type":"article","og_title":"Catalunya: derecho a decidir. Independentismo.","og_description":"Por Raquel Paricio 72 544x376 El pueblo catal\u00e1n pide su independencia\u00a0 tras multitudes manifestadas en actos pac\u00edficos. El primer paso, la pregunta al","og_url":"https:\/\/www.pressenza.com\/es\/2013\/09\/catalunya-derecho-decidir-independentismo\/","og_site_name":"Pressenza","article_publisher":"https:\/\/www.facebook.com\/PressenzaItalia","article_author":"https:\/\/www.facebook.com\/pressenza","article_published_time":"2013-09-25T01:15:04+00:00","article_modified_time":"2013-09-25T16:33:36+00:00","og_image":[{"width":600,"height":375,"url":"https:\/\/www.pressenza.com\/wp-content\/uploads\/2013\/09\/espectaculo-de-ilusionismo3.jpg","type":"image\/jpeg"}],"author":"Pressenza IPA","twitter_card":"summary_large_image","twitter_creator":"@PressenzaIPA","twitter_site":"@PressenzaIPA","twitter_misc":{"Escrito por":"Pressenza IPA","Tiempo de lectura":"13 minutos"},"schema":{"@context":"https:\/\/schema.org","@graph":[{"@type":"Article","@id":"https:\/\/www.pressenza.com\/es\/2013\/09\/catalunya-derecho-decidir-independentismo\/#article","isPartOf":{"@id":"https:\/\/www.pressenza.com\/es\/2013\/09\/catalunya-derecho-decidir-independentismo\/"},"author":{"name":"Pressenza IPA","@id":"https:\/\/www.pressenza.com\/es\/#\/schema\/person\/010e5d02bcf40965427a1289a4cc8d75"},"headline":"Catalunya: derecho a decidir. Independentismo.","datePublished":"2013-09-25T01:15:04+00:00","dateModified":"2013-09-25T16:33:36+00:00","mainEntityOfPage":{"@id":"https:\/\/www.pressenza.com\/es\/2013\/09\/catalunya-derecho-decidir-independentismo\/"},"wordCount":2702,"publisher":{"@id":"https:\/\/www.pressenza.com\/es\/#organization"},"image":{"@id":"https:\/\/www.pressenza.com\/es\/2013\/09\/catalunya-derecho-decidir-independentismo\/#primaryimage"},"thumbnailUrl":"https:\/\/www.pressenza.com\/wp-content\/uploads\/2013\/09\/espectaculo-de-ilusionismo3.jpg","articleSection":["Europa","Opiniones","Pol\u00edtica"],"inLanguage":"es"},{"@type":"WebPage","@id":"https:\/\/www.pressenza.com\/es\/2013\/09\/catalunya-derecho-decidir-independentismo\/","url":"https:\/\/www.pressenza.com\/es\/2013\/09\/catalunya-derecho-decidir-independentismo\/","name":"Catalunya: derecho a decidir. Independentismo.","isPartOf":{"@id":"https:\/\/www.pressenza.com\/es\/#website"},"primaryImageOfPage":{"@id":"https:\/\/www.pressenza.com\/es\/2013\/09\/catalunya-derecho-decidir-independentismo\/#primaryimage"},"image":{"@id":"https:\/\/www.pressenza.com\/es\/2013\/09\/catalunya-derecho-decidir-independentismo\/#primaryimage"},"thumbnailUrl":"https:\/\/www.pressenza.com\/wp-content\/uploads\/2013\/09\/espectaculo-de-ilusionismo3.jpg","datePublished":"2013-09-25T01:15:04+00:00","dateModified":"2013-09-25T16:33:36+00:00","description":"Por Raquel Paricio 72 544x376 El pueblo catal\u00e1n pide su independencia\u00a0 tras multitudes manifestadas en actos pac\u00edficos. El primer paso, la pregunta al","breadcrumb":{"@id":"https:\/\/www.pressenza.com\/es\/2013\/09\/catalunya-derecho-decidir-independentismo\/#breadcrumb"},"inLanguage":"es","potentialAction":[{"@type":"ReadAction","target":["https:\/\/www.pressenza.com\/es\/2013\/09\/catalunya-derecho-decidir-independentismo\/"]}]},{"@type":"ImageObject","inLanguage":"es","@id":"https:\/\/www.pressenza.com\/es\/2013\/09\/catalunya-derecho-decidir-independentismo\/#primaryimage","url":"https:\/\/www.pressenza.com\/wp-content\/uploads\/2013\/09\/espectaculo-de-ilusionismo3.jpg","contentUrl":"https:\/\/www.pressenza.com\/wp-content\/uploads\/2013\/09\/espectaculo-de-ilusionismo3.jpg","width":600,"height":375},{"@type":"BreadcrumbList","@id":"https:\/\/www.pressenza.com\/es\/2013\/09\/catalunya-derecho-decidir-independentismo\/#breadcrumb","itemListElement":[{"@type":"ListItem","position":1,"name":"Accueil","item":"https:\/\/www.pressenza.com\/es\/"},{"@type":"ListItem","position":2,"name":"Catalunya: derecho a decidir. Independentismo."}]},{"@type":"WebSite","@id":"https:\/\/www.pressenza.com\/es\/#website","url":"https:\/\/www.pressenza.com\/es\/","name":"Pressenza","description":"International Press Agency","publisher":{"@id":"https:\/\/www.pressenza.com\/es\/#organization"},"potentialAction":[{"@type":"SearchAction","target":{"@type":"EntryPoint","urlTemplate":"https:\/\/www.pressenza.com\/es\/?s={search_term_string}"},"query-input":{"@type":"PropertyValueSpecification","valueRequired":true,"valueName":"search_term_string"}}],"inLanguage":"es"},{"@type":"Organization","@id":"https:\/\/www.pressenza.com\/es\/#organization","name":"Pressenza","url":"https:\/\/www.pressenza.com\/es\/","logo":{"@type":"ImageObject","inLanguage":"es","@id":"https:\/\/www.pressenza.com\/es\/#\/schema\/logo\/image\/","url":"https:\/\/www.pressenza.com\/wp-content\/uploads\/2022\/10\/pressenza_logo_200x200.jpg","contentUrl":"https:\/\/www.pressenza.com\/wp-content\/uploads\/2022\/10\/pressenza_logo_200x200.jpg","width":200,"height":200,"caption":"Pressenza"},"image":{"@id":"https:\/\/www.pressenza.com\/es\/#\/schema\/logo\/image\/"},"sameAs":["https:\/\/www.facebook.com\/PressenzaItalia","https:\/\/x.com\/PressenzaIPA"]},{"@type":"Person","@id":"https:\/\/www.pressenza.com\/es\/#\/schema\/person\/010e5d02bcf40965427a1289a4cc8d75","name":"Pressenza IPA","description":"News from Pressenza IPA correspondents","sameAs":["https:\/\/www.facebook.com\/pressenza","https:\/\/x.com\/PressenzaIPA"],"url":"https:\/\/www.pressenza.com\/es\/author\/pressenza-ipa\/"}]}},"place":"Barcelona","original_article_url":"","_links":{"self":[{"href":"https:\/\/www.pressenza.com\/es\/wp-json\/wp\/v2\/posts\/70063","targetHints":{"allow":["GET"]}}],"collection":[{"href":"https:\/\/www.pressenza.com\/es\/wp-json\/wp\/v2\/posts"}],"about":[{"href":"https:\/\/www.pressenza.com\/es\/wp-json\/wp\/v2\/types\/post"}],"author":[{"embeddable":true,"href":"https:\/\/www.pressenza.com\/es\/wp-json\/wp\/v2\/users\/19"}],"replies":[{"embeddable":true,"href":"https:\/\/www.pressenza.com\/es\/wp-json\/wp\/v2\/comments?post=70063"}],"version-history":[{"count":0,"href":"https:\/\/www.pressenza.com\/es\/wp-json\/wp\/v2\/posts\/70063\/revisions"}],"wp:featuredmedia":[{"embeddable":true,"href":"https:\/\/www.pressenza.com\/es\/wp-json\/wp\/v2\/media\/70145"}],"wp:attachment":[{"href":"https:\/\/www.pressenza.com\/es\/wp-json\/wp\/v2\/media?parent=70063"}],"wp:term":[{"taxonomy":"category","embeddable":true,"href":"https:\/\/www.pressenza.com\/es\/wp-json\/wp\/v2\/categories?post=70063"},{"taxonomy":"post_tag","embeddable":true,"href":"https:\/\/www.pressenza.com\/es\/wp-json\/wp\/v2\/tags?post=70063"}],"curies":[{"name":"wp","href":"https:\/\/api.w.org\/{rel}","templated":true}]}}