{"id":699584,"date":"2018-08-26T22:15:27","date_gmt":"2018-08-26T21:15:27","guid":{"rendered":"https:\/\/www.pressenza.com\/?p=699584"},"modified":"2018-08-26T22:15:27","modified_gmt":"2018-08-26T21:15:27","slug":"jovenes-realizadores-festival-de-cine-social-feciso","status":"publish","type":"post","link":"https:\/\/www.pressenza.com\/es\/2018\/08\/jovenes-realizadores-festival-de-cine-social-feciso\/","title":{"rendered":"J\u00f3venes realizadores, Festival de Cine Social,  FECISO"},"content":{"rendered":"<p align=\"justify\">En el Sitio de Memoria de calle Londres 38, en Santiago de Chile, se inaugur\u00f3 este fin de semana la 24ava versi\u00f3n del Festival de Cine Social, donde j\u00f3venes y no tan j\u00f3venes realizadores muestran sus trabajos audiovisuales.<\/p>\n<p align=\"justify\">La muestra nace en la Escuela Popular de Cine, una instancia de educaci\u00f3n popular que va en su 8ava versi\u00f3n. Una escuela de cine gratuita que funciona en comunas de la zona sur de Santiago, un colectivo que nace de los realizadores Jos\u00e9 Luis Sepulveda y Carolina Adriazola (Il Siciliano, El Pejesapo, Historia de un Comit\u00e9) como proyecto colaborativo, inclusivo, respetuoso y de libertad cradora. Pel\u00edculas que nos tocan el alma:. el seguimiento de la abuela con Alhzaimer, los perros y la tortura, los hijos del exilio, los sitios de memoria, la inmigraci\u00f3n, la poes\u00eda de Gabriela Mistral, animaciones que nos dejan una extra\u00f1a inquietud, eso es el festival FECISO N\u00b0 24.<\/p>\n<p align=\"justify\">Hay que ir preparados porque no hay alfombra roja, solo la humanidad en toda su expresi\u00f3n.<\/p>\n<p align=\"justify\">Las fotos son de Dalia Chiu S.<\/p>\n<div class=\"post-gallery\">\n\t\t\t<figure class=\"post-gallery-item\">\n\t\t\t\t<img decoding=\"async\" src=\"https:\/\/www.pressenza.com\/wp-content\/uploads\/2018\/08\/MG_6227_2592x1728-720x480.jpg\" loading=\"lazy\">\n\t\t\t\t<figcaption>\n\t\t\t\t\t\n\t\t\t\t<\/figcaption>\n\t\t\t<\/figure>\n\t\t\t<figure class=\"post-gallery-item\">\n\t\t\t\t<img decoding=\"async\" src=\"https:\/\/www.pressenza.com\/wp-content\/uploads\/2018\/08\/MG_6208_2592x1728-720x480.jpg\" loading=\"lazy\">\n\t\t\t\t<figcaption>\n\t\t\t\t\t\n\t\t\t\t<\/figcaption>\n\t\t\t<\/figure>\n\t\t\t<figure class=\"post-gallery-item\">\n\t\t\t\t<img decoding=\"async\" src=\"https:\/\/www.pressenza.com\/wp-content\/uploads\/2018\/08\/MG_6212_2592x1728-720x480.jpg\" loading=\"lazy\">\n\t\t\t\t<figcaption>\n\t\t\t\t\t\n\t\t\t\t<\/figcaption>\n\t\t\t<\/figure>\n\t\t\t<figure class=\"post-gallery-item\">\n\t\t\t\t<img decoding=\"async\" src=\"https:\/\/www.pressenza.com\/wp-content\/uploads\/2018\/08\/MG_6174_2592x1728-720x480.jpg\" loading=\"lazy\">\n\t\t\t\t<figcaption>\n\t\t\t\t\t\n\t\t\t\t<\/figcaption>\n\t\t\t<\/figure>\n\t\t\t<figure class=\"post-gallery-item\">\n\t\t\t\t<img decoding=\"async\" src=\"https:\/\/www.pressenza.com\/wp-content\/uploads\/2018\/08\/MG_6171_2592x1728-720x480.jpg\" loading=\"lazy\">\n\t\t\t\t<figcaption>\n\t\t\t\t\t\n\t\t\t\t<\/figcaption>\n\t\t\t<\/figure><\/div>\n","protected":false},"excerpt":{"rendered":"<p>En el Sitio de Memoria de calle Londres 38, en Santiago de Chile, se inaugur\u00f3 este fin de semana la 24ava versi\u00f3n del Festival de Cine Social, donde j\u00f3venes y no tan j\u00f3venes realizadores muestran sus trabajos audiovisuales. La muestra&hellip;<\/p>\n","protected":false},"author":1510,"featured_media":699586,"comment_status":"closed","ping_status":"closed","sticky":false,"template":"","format":"standard","meta":{"footnotes":""},"categories":[11389,75,5667,67],"tags":[29,3305,49285],"class_list":["post-699584","post","type-post","status-publish","format-standard","has-post-thumbnail","hentry","category-contenido-original","category-cultura-es","category-foto-reportajes","category-sudamerica","tag-chile","tag-cine","tag-festival-de-cine-social"],"yoast_head":"<!-- This site is optimized with the Yoast SEO plugin v27.1.1 - https:\/\/yoast.com\/product\/yoast-seo-wordpress\/ -->\n<title>J\u00f3venes realizadores, Festival de Cine Social, FECISO<\/title>\n<meta name=\"description\" content=\"En el Sitio de Memoria de calle Londres 38, en Santiago de Chile, se inaugur\u00f3 este fin de semana la 24ava versi\u00f3n del Festival de Cine Social, donde\" \/>\n<meta name=\"robots\" content=\"index, follow, max-snippet:-1, max-image-preview:large, max-video-preview:-1\" \/>\n<link rel=\"canonical\" href=\"https:\/\/www.pressenza.com\/es\/2018\/08\/jovenes-realizadores-festival-de-cine-social-feciso\/\" \/>\n<meta property=\"og:locale\" content=\"es_ES\" \/>\n<meta property=\"og:type\" content=\"article\" \/>\n<meta property=\"og:title\" content=\"J\u00f3venes realizadores, Festival de Cine Social, FECISO\" \/>\n<meta property=\"og:description\" content=\"En el Sitio de Memoria de calle Londres 38, en Santiago de Chile, se inaugur\u00f3 este fin de semana la 24ava versi\u00f3n del Festival de Cine Social, donde\" \/>\n<meta property=\"og:url\" content=\"https:\/\/www.pressenza.com\/es\/2018\/08\/jovenes-realizadores-festival-de-cine-social-feciso\/\" \/>\n<meta property=\"og:site_name\" content=\"Pressenza\" \/>\n<meta property=\"article:publisher\" content=\"https:\/\/www.facebook.com\/PressenzaItalia\" \/>\n<meta property=\"article:published_time\" content=\"2018-08-26T21:15:27+00:00\" \/>\n<meta property=\"og:image\" content=\"https:\/\/www.pressenza.com\/wp-content\/uploads\/2018\/08\/MG_6247_2592x1728.jpg\" \/>\n\t<meta property=\"og:image:width\" content=\"2048\" \/>\n\t<meta property=\"og:image:height\" content=\"1365\" \/>\n\t<meta property=\"og:image:type\" content=\"image\/jpeg\" \/>\n<meta name=\"author\" content=\"Dalia Chiu S.\" \/>\n<meta name=\"twitter:card\" content=\"summary_large_image\" \/>\n<meta name=\"twitter:creator\" content=\"@PressenzaIPA\" \/>\n<meta name=\"twitter:site\" content=\"@PressenzaIPA\" \/>\n<meta name=\"twitter:label1\" content=\"Escrito por\" \/>\n\t<meta name=\"twitter:data1\" content=\"Dalia Chiu S.\" \/>\n\t<meta name=\"twitter:label2\" content=\"Tiempo de lectura\" \/>\n\t<meta name=\"twitter:data2\" content=\"1 minuto\" \/>\n<script type=\"application\/ld+json\" class=\"yoast-schema-graph\">{\"@context\":\"https:\/\/schema.org\",\"@graph\":[{\"@type\":\"Article\",\"@id\":\"https:\/\/www.pressenza.com\/es\/2018\/08\/jovenes-realizadores-festival-de-cine-social-feciso\/#article\",\"isPartOf\":{\"@id\":\"https:\/\/www.pressenza.com\/es\/2018\/08\/jovenes-realizadores-festival-de-cine-social-feciso\/\"},\"author\":{\"name\":\"Dalia Chiu S.\",\"@id\":\"https:\/\/www.pressenza.com\/es\/#\/schema\/person\/7bde354a3d9ffb1b22919c581d0357ea\"},\"headline\":\"J\u00f3venes realizadores, Festival de Cine Social, FECISO\",\"datePublished\":\"2018-08-26T21:15:27+00:00\",\"mainEntityOfPage\":{\"@id\":\"https:\/\/www.pressenza.com\/es\/2018\/08\/jovenes-realizadores-festival-de-cine-social-feciso\/\"},\"wordCount\":191,\"publisher\":{\"@id\":\"https:\/\/www.pressenza.com\/es\/#organization\"},\"image\":{\"@id\":\"https:\/\/www.pressenza.com\/es\/2018\/08\/jovenes-realizadores-festival-de-cine-social-feciso\/#primaryimage\"},\"thumbnailUrl\":\"https:\/\/www.pressenza.com\/wp-content\/uploads\/2018\/08\/MG_6247_2592x1728.jpg\",\"keywords\":[\"Chile\",\"cine\",\"Festival de Cine Social\"],\"articleSection\":[\"Contenido Original\",\"Cultura y Medios\",\"Fotorreportajes\",\"Sudam\u00e9rica\"],\"inLanguage\":\"es\"},{\"@type\":\"WebPage\",\"@id\":\"https:\/\/www.pressenza.com\/es\/2018\/08\/jovenes-realizadores-festival-de-cine-social-feciso\/\",\"url\":\"https:\/\/www.pressenza.com\/es\/2018\/08\/jovenes-realizadores-festival-de-cine-social-feciso\/\",\"name\":\"J\u00f3venes realizadores, Festival de Cine Social, FECISO\",\"isPartOf\":{\"@id\":\"https:\/\/www.pressenza.com\/es\/#website\"},\"primaryImageOfPage\":{\"@id\":\"https:\/\/www.pressenza.com\/es\/2018\/08\/jovenes-realizadores-festival-de-cine-social-feciso\/#primaryimage\"},\"image\":{\"@id\":\"https:\/\/www.pressenza.com\/es\/2018\/08\/jovenes-realizadores-festival-de-cine-social-feciso\/#primaryimage\"},\"thumbnailUrl\":\"https:\/\/www.pressenza.com\/wp-content\/uploads\/2018\/08\/MG_6247_2592x1728.jpg\",\"datePublished\":\"2018-08-26T21:15:27+00:00\",\"description\":\"En el Sitio de Memoria de calle Londres 38, en Santiago de Chile, se inaugur\u00f3 este fin de semana la 24ava versi\u00f3n del Festival de Cine Social, donde\",\"breadcrumb\":{\"@id\":\"https:\/\/www.pressenza.com\/es\/2018\/08\/jovenes-realizadores-festival-de-cine-social-feciso\/#breadcrumb\"},\"inLanguage\":\"es\",\"potentialAction\":[{\"@type\":\"ReadAction\",\"target\":[\"https:\/\/www.pressenza.com\/es\/2018\/08\/jovenes-realizadores-festival-de-cine-social-feciso\/\"]}]},{\"@type\":\"ImageObject\",\"inLanguage\":\"es\",\"@id\":\"https:\/\/www.pressenza.com\/es\/2018\/08\/jovenes-realizadores-festival-de-cine-social-feciso\/#primaryimage\",\"url\":\"https:\/\/www.pressenza.com\/wp-content\/uploads\/2018\/08\/MG_6247_2592x1728.jpg\",\"contentUrl\":\"https:\/\/www.pressenza.com\/wp-content\/uploads\/2018\/08\/MG_6247_2592x1728.jpg\",\"width\":2048,\"height\":1365},{\"@type\":\"BreadcrumbList\",\"@id\":\"https:\/\/www.pressenza.com\/es\/2018\/08\/jovenes-realizadores-festival-de-cine-social-feciso\/#breadcrumb\",\"itemListElement\":[{\"@type\":\"ListItem\",\"position\":1,\"name\":\"Accueil\",\"item\":\"https:\/\/www.pressenza.com\/es\/\"},{\"@type\":\"ListItem\",\"position\":2,\"name\":\"J\u00f3venes realizadores, Festival de Cine Social, FECISO\"}]},{\"@type\":\"WebSite\",\"@id\":\"https:\/\/www.pressenza.com\/es\/#website\",\"url\":\"https:\/\/www.pressenza.com\/es\/\",\"name\":\"Pressenza\",\"description\":\"International Press Agency\",\"publisher\":{\"@id\":\"https:\/\/www.pressenza.com\/es\/#organization\"},\"potentialAction\":[{\"@type\":\"SearchAction\",\"target\":{\"@type\":\"EntryPoint\",\"urlTemplate\":\"https:\/\/www.pressenza.com\/es\/?s={search_term_string}\"},\"query-input\":{\"@type\":\"PropertyValueSpecification\",\"valueRequired\":true,\"valueName\":\"search_term_string\"}}],\"inLanguage\":\"es\"},{\"@type\":\"Organization\",\"@id\":\"https:\/\/www.pressenza.com\/es\/#organization\",\"name\":\"Pressenza\",\"url\":\"https:\/\/www.pressenza.com\/es\/\",\"logo\":{\"@type\":\"ImageObject\",\"inLanguage\":\"es\",\"@id\":\"https:\/\/www.pressenza.com\/es\/#\/schema\/logo\/image\/\",\"url\":\"https:\/\/www.pressenza.com\/wp-content\/uploads\/2022\/10\/pressenza_logo_200x200.jpg\",\"contentUrl\":\"https:\/\/www.pressenza.com\/wp-content\/uploads\/2022\/10\/pressenza_logo_200x200.jpg\",\"width\":200,\"height\":200,\"caption\":\"Pressenza\"},\"image\":{\"@id\":\"https:\/\/www.pressenza.com\/es\/#\/schema\/logo\/image\/\"},\"sameAs\":[\"https:\/\/www.facebook.com\/PressenzaItalia\",\"https:\/\/x.com\/PressenzaIPA\"]},{\"@type\":\"Person\",\"@id\":\"https:\/\/www.pressenza.com\/es\/#\/schema\/person\/7bde354a3d9ffb1b22919c581d0357ea\",\"name\":\"Dalia Chiu S.\",\"description\":\"Ge\u00f3loga de la Universidad de Chile, nacida en Santiago en 1954\",\"url\":\"https:\/\/www.pressenza.com\/es\/author\/dalia-chiu\/\"}]}<\/script>\n<!-- \/ Yoast SEO plugin. -->","yoast_head_json":{"title":"J\u00f3venes realizadores, Festival de Cine Social, FECISO","description":"En el Sitio de Memoria de calle Londres 38, en Santiago de Chile, se inaugur\u00f3 este fin de semana la 24ava versi\u00f3n del Festival de Cine Social, donde","robots":{"index":"index","follow":"follow","max-snippet":"max-snippet:-1","max-image-preview":"max-image-preview:large","max-video-preview":"max-video-preview:-1"},"canonical":"https:\/\/www.pressenza.com\/es\/2018\/08\/jovenes-realizadores-festival-de-cine-social-feciso\/","og_locale":"es_ES","og_type":"article","og_title":"J\u00f3venes realizadores, Festival de Cine Social, FECISO","og_description":"En el Sitio de Memoria de calle Londres 38, en Santiago de Chile, se inaugur\u00f3 este fin de semana la 24ava versi\u00f3n del Festival de Cine Social, donde","og_url":"https:\/\/www.pressenza.com\/es\/2018\/08\/jovenes-realizadores-festival-de-cine-social-feciso\/","og_site_name":"Pressenza","article_publisher":"https:\/\/www.facebook.com\/PressenzaItalia","article_published_time":"2018-08-26T21:15:27+00:00","og_image":[{"width":2048,"height":1365,"url":"https:\/\/www.pressenza.com\/wp-content\/uploads\/2018\/08\/MG_6247_2592x1728.jpg","type":"image\/jpeg"}],"author":"Dalia Chiu S.","twitter_card":"summary_large_image","twitter_creator":"@PressenzaIPA","twitter_site":"@PressenzaIPA","twitter_misc":{"Escrito por":"Dalia Chiu S.","Tiempo de lectura":"1 minuto"},"schema":{"@context":"https:\/\/schema.org","@graph":[{"@type":"Article","@id":"https:\/\/www.pressenza.com\/es\/2018\/08\/jovenes-realizadores-festival-de-cine-social-feciso\/#article","isPartOf":{"@id":"https:\/\/www.pressenza.com\/es\/2018\/08\/jovenes-realizadores-festival-de-cine-social-feciso\/"},"author":{"name":"Dalia Chiu S.","@id":"https:\/\/www.pressenza.com\/es\/#\/schema\/person\/7bde354a3d9ffb1b22919c581d0357ea"},"headline":"J\u00f3venes realizadores, Festival de Cine Social, FECISO","datePublished":"2018-08-26T21:15:27+00:00","mainEntityOfPage":{"@id":"https:\/\/www.pressenza.com\/es\/2018\/08\/jovenes-realizadores-festival-de-cine-social-feciso\/"},"wordCount":191,"publisher":{"@id":"https:\/\/www.pressenza.com\/es\/#organization"},"image":{"@id":"https:\/\/www.pressenza.com\/es\/2018\/08\/jovenes-realizadores-festival-de-cine-social-feciso\/#primaryimage"},"thumbnailUrl":"https:\/\/www.pressenza.com\/wp-content\/uploads\/2018\/08\/MG_6247_2592x1728.jpg","keywords":["Chile","cine","Festival de Cine Social"],"articleSection":["Contenido Original","Cultura y Medios","Fotorreportajes","Sudam\u00e9rica"],"inLanguage":"es"},{"@type":"WebPage","@id":"https:\/\/www.pressenza.com\/es\/2018\/08\/jovenes-realizadores-festival-de-cine-social-feciso\/","url":"https:\/\/www.pressenza.com\/es\/2018\/08\/jovenes-realizadores-festival-de-cine-social-feciso\/","name":"J\u00f3venes realizadores, Festival de Cine Social, FECISO","isPartOf":{"@id":"https:\/\/www.pressenza.com\/es\/#website"},"primaryImageOfPage":{"@id":"https:\/\/www.pressenza.com\/es\/2018\/08\/jovenes-realizadores-festival-de-cine-social-feciso\/#primaryimage"},"image":{"@id":"https:\/\/www.pressenza.com\/es\/2018\/08\/jovenes-realizadores-festival-de-cine-social-feciso\/#primaryimage"},"thumbnailUrl":"https:\/\/www.pressenza.com\/wp-content\/uploads\/2018\/08\/MG_6247_2592x1728.jpg","datePublished":"2018-08-26T21:15:27+00:00","description":"En el Sitio de Memoria de calle Londres 38, en Santiago de Chile, se inaugur\u00f3 este fin de semana la 24ava versi\u00f3n del Festival de Cine Social, donde","breadcrumb":{"@id":"https:\/\/www.pressenza.com\/es\/2018\/08\/jovenes-realizadores-festival-de-cine-social-feciso\/#breadcrumb"},"inLanguage":"es","potentialAction":[{"@type":"ReadAction","target":["https:\/\/www.pressenza.com\/es\/2018\/08\/jovenes-realizadores-festival-de-cine-social-feciso\/"]}]},{"@type":"ImageObject","inLanguage":"es","@id":"https:\/\/www.pressenza.com\/es\/2018\/08\/jovenes-realizadores-festival-de-cine-social-feciso\/#primaryimage","url":"https:\/\/www.pressenza.com\/wp-content\/uploads\/2018\/08\/MG_6247_2592x1728.jpg","contentUrl":"https:\/\/www.pressenza.com\/wp-content\/uploads\/2018\/08\/MG_6247_2592x1728.jpg","width":2048,"height":1365},{"@type":"BreadcrumbList","@id":"https:\/\/www.pressenza.com\/es\/2018\/08\/jovenes-realizadores-festival-de-cine-social-feciso\/#breadcrumb","itemListElement":[{"@type":"ListItem","position":1,"name":"Accueil","item":"https:\/\/www.pressenza.com\/es\/"},{"@type":"ListItem","position":2,"name":"J\u00f3venes realizadores, Festival de Cine Social, FECISO"}]},{"@type":"WebSite","@id":"https:\/\/www.pressenza.com\/es\/#website","url":"https:\/\/www.pressenza.com\/es\/","name":"Pressenza","description":"International Press Agency","publisher":{"@id":"https:\/\/www.pressenza.com\/es\/#organization"},"potentialAction":[{"@type":"SearchAction","target":{"@type":"EntryPoint","urlTemplate":"https:\/\/www.pressenza.com\/es\/?s={search_term_string}"},"query-input":{"@type":"PropertyValueSpecification","valueRequired":true,"valueName":"search_term_string"}}],"inLanguage":"es"},{"@type":"Organization","@id":"https:\/\/www.pressenza.com\/es\/#organization","name":"Pressenza","url":"https:\/\/www.pressenza.com\/es\/","logo":{"@type":"ImageObject","inLanguage":"es","@id":"https:\/\/www.pressenza.com\/es\/#\/schema\/logo\/image\/","url":"https:\/\/www.pressenza.com\/wp-content\/uploads\/2022\/10\/pressenza_logo_200x200.jpg","contentUrl":"https:\/\/www.pressenza.com\/wp-content\/uploads\/2022\/10\/pressenza_logo_200x200.jpg","width":200,"height":200,"caption":"Pressenza"},"image":{"@id":"https:\/\/www.pressenza.com\/es\/#\/schema\/logo\/image\/"},"sameAs":["https:\/\/www.facebook.com\/PressenzaItalia","https:\/\/x.com\/PressenzaIPA"]},{"@type":"Person","@id":"https:\/\/www.pressenza.com\/es\/#\/schema\/person\/7bde354a3d9ffb1b22919c581d0357ea","name":"Dalia Chiu S.","description":"Ge\u00f3loga de la Universidad de Chile, nacida en Santiago en 1954","url":"https:\/\/www.pressenza.com\/es\/author\/dalia-chiu\/"}]}},"place":"Santiago de Chile","original_article_url":"","_links":{"self":[{"href":"https:\/\/www.pressenza.com\/es\/wp-json\/wp\/v2\/posts\/699584","targetHints":{"allow":["GET"]}}],"collection":[{"href":"https:\/\/www.pressenza.com\/es\/wp-json\/wp\/v2\/posts"}],"about":[{"href":"https:\/\/www.pressenza.com\/es\/wp-json\/wp\/v2\/types\/post"}],"author":[{"embeddable":true,"href":"https:\/\/www.pressenza.com\/es\/wp-json\/wp\/v2\/users\/1510"}],"replies":[{"embeddable":true,"href":"https:\/\/www.pressenza.com\/es\/wp-json\/wp\/v2\/comments?post=699584"}],"version-history":[{"count":0,"href":"https:\/\/www.pressenza.com\/es\/wp-json\/wp\/v2\/posts\/699584\/revisions"}],"wp:featuredmedia":[{"embeddable":true,"href":"https:\/\/www.pressenza.com\/es\/wp-json\/wp\/v2\/media\/699586"}],"wp:attachment":[{"href":"https:\/\/www.pressenza.com\/es\/wp-json\/wp\/v2\/media?parent=699584"}],"wp:term":[{"taxonomy":"category","embeddable":true,"href":"https:\/\/www.pressenza.com\/es\/wp-json\/wp\/v2\/categories?post=699584"},{"taxonomy":"post_tag","embeddable":true,"href":"https:\/\/www.pressenza.com\/es\/wp-json\/wp\/v2\/tags?post=699584"}],"curies":[{"name":"wp","href":"https:\/\/api.w.org\/{rel}","templated":true}]}}