{"id":698629,"date":"2018-08-24T00:06:34","date_gmt":"2018-08-23T23:06:34","guid":{"rendered":"https:\/\/www.pressenza.com\/?p=698629"},"modified":"2018-08-24T00:06:34","modified_gmt":"2018-08-23T23:06:34","slug":"la-corte-confirmo-la-extradicion-de-facundo-jones-huala-a-chile","status":"publish","type":"post","link":"https:\/\/www.pressenza.com\/es\/2018\/08\/la-corte-confirmo-la-extradicion-de-facundo-jones-huala-a-chile\/","title":{"rendered":"La Corte confirm\u00f3 la extradici\u00f3n de Facundo Jones Huala a Chile"},"content":{"rendered":"<p><em>Por<strong> CIJ, Centro de Informaci\u00f3n Judicial<\/strong><\/em><\/p>\n<p><strong>El M\u00e1ximo Tribunal resolvi\u00f3 confirmar la resoluci\u00f3n apelada en cuanto declar\u00f3 procedente la extradici\u00f3n<\/strong><\/p>\n<p>En el d\u00eda de la fecha la Corte Suprema de Justicia de la Naci\u00f3n, por unanimidad, confirm\u00f3 la resoluci\u00f3n del juez de primera instancia para que Francisco Facundo Jones Huala sea extraditado a la Rep\u00fablica de Chile para ser juzgado por los delitos de incendio en lugar habitado y tenencia ilegal de arma de fuego de fabricaci\u00f3n artesanal.<\/p>\n<p>Los jueces Lorenzetti, Highton de Nolasco y Maqueda \u2013en voto conjunto\u2013 desestimaron los distintos planteos formulados por la defensa de Jones Huala por los que se opon\u00eda a la extradici\u00f3n con base en la nulidad decretada en un pedido previo, la insuficiente aplicaci\u00f3n al caso de la normativa que rige en materia de pueblos originarios y cuestiones varias vinculadas con el \u201cprincipio de doble incriminaci\u00f3n\u201d respecto de los delitos antes referidos.<\/p>\n<p>Asimismo, los magistrados mencionados descartaron el planteo de la parte por el que la extradici\u00f3n resultaba improcedente por estar referida a delitos pol\u00edticos o conexos. Con sustento en precedentes del Tribunal y en antecedentes relevantes del derecho internacional, se destac\u00f3 la falta de fundamentaci\u00f3n y argumentaci\u00f3n para demostrar la proporci\u00f3n entre el medio empleado y el objetivo pol\u00edtico alegado.<\/p>\n<p>Tambi\u00e9n desestimaron la alegaci\u00f3n de la defensa de Jones Huala de que en caso de ser este extraditado existir\u00eda riesgo de persecuci\u00f3n por raza y nacionalidad o de que se aplicara una pena cruel, inhumana y degradante. Por su parte, respecto de la pretensi\u00f3n del requerido de ser juzgado en la Rep\u00fablica Argentina atento su car\u00e1cter de nacional, se\u00f1alaron que seg\u00fan la normativa vigente, esta cuesti\u00f3n resulta competencia del Poder Ejecutivo Nacional. Por \u00faltimo, se dispuso que el tiempo de privaci\u00f3n de libertad al que estuvo sujeto el requerido durante el tr\u00e1mite de extradici\u00f3n sea computado por las autoridades de la Rep\u00fablica de Chile como si este lo hubiese sufrido en el curso del proceso que motiv\u00f3 el requerimiento.<\/p>\n<p>Los jueces Rosatti y Rosenkrantz se pronunciaron en sentido favorable a la procedencia de la extradici\u00f3n con consideraciones propias para desestimar el planteo vinculado al delito pol\u00edtico concurriendo, sobre el particular, con la falta de fundamentaci\u00f3n y argumentaci\u00f3n para demostrar la proporci\u00f3n entre el medio empleado y el objetivo pol\u00edtico alegado.<\/p>\n<p><a href=\"https:\/\/www.pressenza.com\/wp-content\/uploads\/2018\/08\/CSJ-Jones-Huala-extradicion-220818.pdf\" target=\"_blank\" rel=\"noopener\">Aqu\u00ed el dictamen<\/a> de la Corte<\/p>\n","protected":false},"excerpt":{"rendered":"<p>Por CIJ, Centro de Informaci\u00f3n Judicial El M\u00e1ximo Tribunal resolvi\u00f3 confirmar la resoluci\u00f3n apelada en cuanto declar\u00f3 procedente la extradici\u00f3n En el d\u00eda de la fecha la Corte Suprema de Justicia de la Naci\u00f3n, por unanimidad, confirm\u00f3 la resoluci\u00f3n del&hellip;<\/p>\n","protected":false},"author":1254,"featured_media":601776,"comment_status":"closed","ping_status":"closed","sticky":false,"template":"","format":"standard","meta":{"footnotes":""},"categories":[149,79,80,67],"tags":[26,29,24643,30164,5323,26584,936,22210,18507],"class_list":["post-698629","post","type-post","status-publish","format-standard","has-post-thumbnail","hentry","category-comunicados-de-prensa","category-derechos-humanos","category-pueblos-originarios","category-sudamerica","tag-argentina","tag-chile","tag-corte-suprema-de-justicia","tag-extradicion","tag-indigenas","tag-mapuce","tag-mapuche-es","tag-pueblos-originarios","tag-territorios"],"yoast_head":"<!-- This site is optimized with the Yoast SEO plugin v27.1.1 - https:\/\/yoast.com\/product\/yoast-seo-wordpress\/ -->\n<title>La Corte confirm\u00f3 la extradici\u00f3n de Facundo Jones Huala a Chile<\/title>\n<meta name=\"description\" content=\"Por CIJ, Centro de Informaci\u00f3n Judicial El M\u00e1ximo Tribunal resolvi\u00f3 confirmar la resoluci\u00f3n apelada en cuanto declar\u00f3 procedente la extradici\u00f3n En el d\u00eda\" \/>\n<meta name=\"robots\" content=\"index, follow, max-snippet:-1, max-image-preview:large, max-video-preview:-1\" \/>\n<link rel=\"canonical\" href=\"https:\/\/www.pressenza.com\/es\/2018\/08\/la-corte-confirmo-la-extradicion-de-facundo-jones-huala-a-chile\/\" \/>\n<meta property=\"og:locale\" content=\"es_ES\" \/>\n<meta property=\"og:type\" content=\"article\" \/>\n<meta property=\"og:title\" content=\"La Corte confirm\u00f3 la extradici\u00f3n de Facundo Jones Huala a Chile\" \/>\n<meta property=\"og:description\" content=\"Por CIJ, Centro de Informaci\u00f3n Judicial El M\u00e1ximo Tribunal resolvi\u00f3 confirmar la resoluci\u00f3n apelada en cuanto declar\u00f3 procedente la extradici\u00f3n En el d\u00eda\" \/>\n<meta property=\"og:url\" content=\"https:\/\/www.pressenza.com\/es\/2018\/08\/la-corte-confirmo-la-extradicion-de-facundo-jones-huala-a-chile\/\" \/>\n<meta property=\"og:site_name\" content=\"Pressenza\" \/>\n<meta property=\"article:publisher\" content=\"https:\/\/www.facebook.com\/PressenzaItalia\" \/>\n<meta property=\"article:author\" content=\"https:\/\/www.facebook.com\/pressenza\" \/>\n<meta property=\"article:published_time\" content=\"2018-08-23T23:06:34+00:00\" \/>\n<meta property=\"og:image\" content=\"https:\/\/www.pressenza.com\/wp-content\/uploads\/2018\/02\/Facundo-JH-Prensa-Fol-Anred.jpg\" \/>\n\t<meta property=\"og:image:width\" content=\"960\" \/>\n\t<meta property=\"og:image:height\" content=\"720\" \/>\n\t<meta property=\"og:image:type\" content=\"image\/jpeg\" \/>\n<meta name=\"author\" content=\"Redacci\u00f3n Mar del Plata\" \/>\n<meta name=\"twitter:card\" content=\"summary_large_image\" \/>\n<meta name=\"twitter:creator\" content=\"@Pressenza\" \/>\n<meta name=\"twitter:site\" content=\"@PressenzaIPA\" \/>\n<meta name=\"twitter:label1\" content=\"Escrito por\" \/>\n\t<meta name=\"twitter:data1\" content=\"Redacci\u00f3n Mar del Plata\" \/>\n\t<meta name=\"twitter:label2\" content=\"Tiempo de lectura\" \/>\n\t<meta name=\"twitter:data2\" content=\"2 minutos\" \/>\n<script type=\"application\/ld+json\" class=\"yoast-schema-graph\">{\"@context\":\"https:\/\/schema.org\",\"@graph\":[{\"@type\":\"Article\",\"@id\":\"https:\/\/www.pressenza.com\/es\/2018\/08\/la-corte-confirmo-la-extradicion-de-facundo-jones-huala-a-chile\/#article\",\"isPartOf\":{\"@id\":\"https:\/\/www.pressenza.com\/es\/2018\/08\/la-corte-confirmo-la-extradicion-de-facundo-jones-huala-a-chile\/\"},\"author\":{\"name\":\"Redacci\u00f3n Mar del Plata\",\"@id\":\"https:\/\/www.pressenza.com\/es\/#\/schema\/person\/738658b5125ecea661a8a0b96dba8b69\"},\"headline\":\"La Corte confirm\u00f3 la extradici\u00f3n de Facundo Jones Huala a Chile\",\"datePublished\":\"2018-08-23T23:06:34+00:00\",\"mainEntityOfPage\":{\"@id\":\"https:\/\/www.pressenza.com\/es\/2018\/08\/la-corte-confirmo-la-extradicion-de-facundo-jones-huala-a-chile\/\"},\"wordCount\":435,\"publisher\":{\"@id\":\"https:\/\/www.pressenza.com\/es\/#organization\"},\"image\":{\"@id\":\"https:\/\/www.pressenza.com\/es\/2018\/08\/la-corte-confirmo-la-extradicion-de-facundo-jones-huala-a-chile\/#primaryimage\"},\"thumbnailUrl\":\"https:\/\/www.pressenza.com\/wp-content\/uploads\/2018\/02\/Facundo-JH-Prensa-Fol-Anred.jpg\",\"keywords\":[\"Argentina\",\"Chile\",\"Corte Suprema de Justicia\",\"extradici\u00f3n\",\"indigenas\",\"mapuce\",\"mapuche\",\"Pueblos Originarios\",\"territorios\"],\"articleSection\":[\"Comunicados de Prensa\",\"Derechos Humanos\",\"Pueblos Originarios\",\"Sudam\u00e9rica\"],\"inLanguage\":\"es\"},{\"@type\":\"WebPage\",\"@id\":\"https:\/\/www.pressenza.com\/es\/2018\/08\/la-corte-confirmo-la-extradicion-de-facundo-jones-huala-a-chile\/\",\"url\":\"https:\/\/www.pressenza.com\/es\/2018\/08\/la-corte-confirmo-la-extradicion-de-facundo-jones-huala-a-chile\/\",\"name\":\"La Corte confirm\u00f3 la extradici\u00f3n de Facundo Jones Huala a Chile\",\"isPartOf\":{\"@id\":\"https:\/\/www.pressenza.com\/es\/#website\"},\"primaryImageOfPage\":{\"@id\":\"https:\/\/www.pressenza.com\/es\/2018\/08\/la-corte-confirmo-la-extradicion-de-facundo-jones-huala-a-chile\/#primaryimage\"},\"image\":{\"@id\":\"https:\/\/www.pressenza.com\/es\/2018\/08\/la-corte-confirmo-la-extradicion-de-facundo-jones-huala-a-chile\/#primaryimage\"},\"thumbnailUrl\":\"https:\/\/www.pressenza.com\/wp-content\/uploads\/2018\/02\/Facundo-JH-Prensa-Fol-Anred.jpg\",\"datePublished\":\"2018-08-23T23:06:34+00:00\",\"description\":\"Por CIJ, Centro de Informaci\u00f3n Judicial El M\u00e1ximo Tribunal resolvi\u00f3 confirmar la resoluci\u00f3n apelada en cuanto declar\u00f3 procedente la extradici\u00f3n En el d\u00eda\",\"breadcrumb\":{\"@id\":\"https:\/\/www.pressenza.com\/es\/2018\/08\/la-corte-confirmo-la-extradicion-de-facundo-jones-huala-a-chile\/#breadcrumb\"},\"inLanguage\":\"es\",\"potentialAction\":[{\"@type\":\"ReadAction\",\"target\":[\"https:\/\/www.pressenza.com\/es\/2018\/08\/la-corte-confirmo-la-extradicion-de-facundo-jones-huala-a-chile\/\"]}]},{\"@type\":\"ImageObject\",\"inLanguage\":\"es\",\"@id\":\"https:\/\/www.pressenza.com\/es\/2018\/08\/la-corte-confirmo-la-extradicion-de-facundo-jones-huala-a-chile\/#primaryimage\",\"url\":\"https:\/\/www.pressenza.com\/wp-content\/uploads\/2018\/02\/Facundo-JH-Prensa-Fol-Anred.jpg\",\"contentUrl\":\"https:\/\/www.pressenza.com\/wp-content\/uploads\/2018\/02\/Facundo-JH-Prensa-Fol-Anred.jpg\",\"width\":960,\"height\":720,\"caption\":\"Foto Prensa Fol\/Anred\"},{\"@type\":\"BreadcrumbList\",\"@id\":\"https:\/\/www.pressenza.com\/es\/2018\/08\/la-corte-confirmo-la-extradicion-de-facundo-jones-huala-a-chile\/#breadcrumb\",\"itemListElement\":[{\"@type\":\"ListItem\",\"position\":1,\"name\":\"Accueil\",\"item\":\"https:\/\/www.pressenza.com\/es\/\"},{\"@type\":\"ListItem\",\"position\":2,\"name\":\"La Corte confirm\u00f3 la extradici\u00f3n de Facundo Jones Huala a Chile\"}]},{\"@type\":\"WebSite\",\"@id\":\"https:\/\/www.pressenza.com\/es\/#website\",\"url\":\"https:\/\/www.pressenza.com\/es\/\",\"name\":\"Pressenza\",\"description\":\"International Press Agency\",\"publisher\":{\"@id\":\"https:\/\/www.pressenza.com\/es\/#organization\"},\"potentialAction\":[{\"@type\":\"SearchAction\",\"target\":{\"@type\":\"EntryPoint\",\"urlTemplate\":\"https:\/\/www.pressenza.com\/es\/?s={search_term_string}\"},\"query-input\":{\"@type\":\"PropertyValueSpecification\",\"valueRequired\":true,\"valueName\":\"search_term_string\"}}],\"inLanguage\":\"es\"},{\"@type\":\"Organization\",\"@id\":\"https:\/\/www.pressenza.com\/es\/#organization\",\"name\":\"Pressenza\",\"url\":\"https:\/\/www.pressenza.com\/es\/\",\"logo\":{\"@type\":\"ImageObject\",\"inLanguage\":\"es\",\"@id\":\"https:\/\/www.pressenza.com\/es\/#\/schema\/logo\/image\/\",\"url\":\"https:\/\/www.pressenza.com\/wp-content\/uploads\/2022\/10\/pressenza_logo_200x200.jpg\",\"contentUrl\":\"https:\/\/www.pressenza.com\/wp-content\/uploads\/2022\/10\/pressenza_logo_200x200.jpg\",\"width\":200,\"height\":200,\"caption\":\"Pressenza\"},\"image\":{\"@id\":\"https:\/\/www.pressenza.com\/es\/#\/schema\/logo\/image\/\"},\"sameAs\":[\"https:\/\/www.facebook.com\/PressenzaItalia\",\"https:\/\/x.com\/PressenzaIPA\"]},{\"@type\":\"Person\",\"@id\":\"https:\/\/www.pressenza.com\/es\/#\/schema\/person\/738658b5125ecea661a8a0b96dba8b69\",\"name\":\"Redacci\u00f3n Mar del Plata\",\"description\":\"News published by the Pressenza bureau in Mar Del Plata, Argentina\",\"sameAs\":[\"https:\/\/www.facebook.com\/pressenza\",\"https:\/\/x.com\/Pressenza\"],\"url\":\"https:\/\/www.pressenza.com\/es\/author\/redaccion-mar-del-plata\/\"}]}<\/script>\n<!-- \/ Yoast SEO plugin. -->","yoast_head_json":{"title":"La Corte confirm\u00f3 la extradici\u00f3n de Facundo Jones Huala a Chile","description":"Por CIJ, Centro de Informaci\u00f3n Judicial El M\u00e1ximo Tribunal resolvi\u00f3 confirmar la resoluci\u00f3n apelada en cuanto declar\u00f3 procedente la extradici\u00f3n En el d\u00eda","robots":{"index":"index","follow":"follow","max-snippet":"max-snippet:-1","max-image-preview":"max-image-preview:large","max-video-preview":"max-video-preview:-1"},"canonical":"https:\/\/www.pressenza.com\/es\/2018\/08\/la-corte-confirmo-la-extradicion-de-facundo-jones-huala-a-chile\/","og_locale":"es_ES","og_type":"article","og_title":"La Corte confirm\u00f3 la extradici\u00f3n de Facundo Jones Huala a Chile","og_description":"Por CIJ, Centro de Informaci\u00f3n Judicial El M\u00e1ximo Tribunal resolvi\u00f3 confirmar la resoluci\u00f3n apelada en cuanto declar\u00f3 procedente la extradici\u00f3n En el d\u00eda","og_url":"https:\/\/www.pressenza.com\/es\/2018\/08\/la-corte-confirmo-la-extradicion-de-facundo-jones-huala-a-chile\/","og_site_name":"Pressenza","article_publisher":"https:\/\/www.facebook.com\/PressenzaItalia","article_author":"https:\/\/www.facebook.com\/pressenza","article_published_time":"2018-08-23T23:06:34+00:00","og_image":[{"width":960,"height":720,"url":"https:\/\/www.pressenza.com\/wp-content\/uploads\/2018\/02\/Facundo-JH-Prensa-Fol-Anred.jpg","type":"image\/jpeg"}],"author":"Redacci\u00f3n Mar del Plata","twitter_card":"summary_large_image","twitter_creator":"@Pressenza","twitter_site":"@PressenzaIPA","twitter_misc":{"Escrito por":"Redacci\u00f3n Mar del Plata","Tiempo de lectura":"2 minutos"},"schema":{"@context":"https:\/\/schema.org","@graph":[{"@type":"Article","@id":"https:\/\/www.pressenza.com\/es\/2018\/08\/la-corte-confirmo-la-extradicion-de-facundo-jones-huala-a-chile\/#article","isPartOf":{"@id":"https:\/\/www.pressenza.com\/es\/2018\/08\/la-corte-confirmo-la-extradicion-de-facundo-jones-huala-a-chile\/"},"author":{"name":"Redacci\u00f3n Mar del Plata","@id":"https:\/\/www.pressenza.com\/es\/#\/schema\/person\/738658b5125ecea661a8a0b96dba8b69"},"headline":"La Corte confirm\u00f3 la extradici\u00f3n de Facundo Jones Huala a Chile","datePublished":"2018-08-23T23:06:34+00:00","mainEntityOfPage":{"@id":"https:\/\/www.pressenza.com\/es\/2018\/08\/la-corte-confirmo-la-extradicion-de-facundo-jones-huala-a-chile\/"},"wordCount":435,"publisher":{"@id":"https:\/\/www.pressenza.com\/es\/#organization"},"image":{"@id":"https:\/\/www.pressenza.com\/es\/2018\/08\/la-corte-confirmo-la-extradicion-de-facundo-jones-huala-a-chile\/#primaryimage"},"thumbnailUrl":"https:\/\/www.pressenza.com\/wp-content\/uploads\/2018\/02\/Facundo-JH-Prensa-Fol-Anred.jpg","keywords":["Argentina","Chile","Corte Suprema de Justicia","extradici\u00f3n","indigenas","mapuce","mapuche","Pueblos Originarios","territorios"],"articleSection":["Comunicados de Prensa","Derechos Humanos","Pueblos Originarios","Sudam\u00e9rica"],"inLanguage":"es"},{"@type":"WebPage","@id":"https:\/\/www.pressenza.com\/es\/2018\/08\/la-corte-confirmo-la-extradicion-de-facundo-jones-huala-a-chile\/","url":"https:\/\/www.pressenza.com\/es\/2018\/08\/la-corte-confirmo-la-extradicion-de-facundo-jones-huala-a-chile\/","name":"La Corte confirm\u00f3 la extradici\u00f3n de Facundo Jones Huala a Chile","isPartOf":{"@id":"https:\/\/www.pressenza.com\/es\/#website"},"primaryImageOfPage":{"@id":"https:\/\/www.pressenza.com\/es\/2018\/08\/la-corte-confirmo-la-extradicion-de-facundo-jones-huala-a-chile\/#primaryimage"},"image":{"@id":"https:\/\/www.pressenza.com\/es\/2018\/08\/la-corte-confirmo-la-extradicion-de-facundo-jones-huala-a-chile\/#primaryimage"},"thumbnailUrl":"https:\/\/www.pressenza.com\/wp-content\/uploads\/2018\/02\/Facundo-JH-Prensa-Fol-Anred.jpg","datePublished":"2018-08-23T23:06:34+00:00","description":"Por CIJ, Centro de Informaci\u00f3n Judicial El M\u00e1ximo Tribunal resolvi\u00f3 confirmar la resoluci\u00f3n apelada en cuanto declar\u00f3 procedente la extradici\u00f3n En el d\u00eda","breadcrumb":{"@id":"https:\/\/www.pressenza.com\/es\/2018\/08\/la-corte-confirmo-la-extradicion-de-facundo-jones-huala-a-chile\/#breadcrumb"},"inLanguage":"es","potentialAction":[{"@type":"ReadAction","target":["https:\/\/www.pressenza.com\/es\/2018\/08\/la-corte-confirmo-la-extradicion-de-facundo-jones-huala-a-chile\/"]}]},{"@type":"ImageObject","inLanguage":"es","@id":"https:\/\/www.pressenza.com\/es\/2018\/08\/la-corte-confirmo-la-extradicion-de-facundo-jones-huala-a-chile\/#primaryimage","url":"https:\/\/www.pressenza.com\/wp-content\/uploads\/2018\/02\/Facundo-JH-Prensa-Fol-Anred.jpg","contentUrl":"https:\/\/www.pressenza.com\/wp-content\/uploads\/2018\/02\/Facundo-JH-Prensa-Fol-Anred.jpg","width":960,"height":720,"caption":"Foto Prensa Fol\/Anred"},{"@type":"BreadcrumbList","@id":"https:\/\/www.pressenza.com\/es\/2018\/08\/la-corte-confirmo-la-extradicion-de-facundo-jones-huala-a-chile\/#breadcrumb","itemListElement":[{"@type":"ListItem","position":1,"name":"Accueil","item":"https:\/\/www.pressenza.com\/es\/"},{"@type":"ListItem","position":2,"name":"La Corte confirm\u00f3 la extradici\u00f3n de Facundo Jones Huala a Chile"}]},{"@type":"WebSite","@id":"https:\/\/www.pressenza.com\/es\/#website","url":"https:\/\/www.pressenza.com\/es\/","name":"Pressenza","description":"International Press Agency","publisher":{"@id":"https:\/\/www.pressenza.com\/es\/#organization"},"potentialAction":[{"@type":"SearchAction","target":{"@type":"EntryPoint","urlTemplate":"https:\/\/www.pressenza.com\/es\/?s={search_term_string}"},"query-input":{"@type":"PropertyValueSpecification","valueRequired":true,"valueName":"search_term_string"}}],"inLanguage":"es"},{"@type":"Organization","@id":"https:\/\/www.pressenza.com\/es\/#organization","name":"Pressenza","url":"https:\/\/www.pressenza.com\/es\/","logo":{"@type":"ImageObject","inLanguage":"es","@id":"https:\/\/www.pressenza.com\/es\/#\/schema\/logo\/image\/","url":"https:\/\/www.pressenza.com\/wp-content\/uploads\/2022\/10\/pressenza_logo_200x200.jpg","contentUrl":"https:\/\/www.pressenza.com\/wp-content\/uploads\/2022\/10\/pressenza_logo_200x200.jpg","width":200,"height":200,"caption":"Pressenza"},"image":{"@id":"https:\/\/www.pressenza.com\/es\/#\/schema\/logo\/image\/"},"sameAs":["https:\/\/www.facebook.com\/PressenzaItalia","https:\/\/x.com\/PressenzaIPA"]},{"@type":"Person","@id":"https:\/\/www.pressenza.com\/es\/#\/schema\/person\/738658b5125ecea661a8a0b96dba8b69","name":"Redacci\u00f3n Mar del Plata","description":"News published by the Pressenza bureau in Mar Del Plata, Argentina","sameAs":["https:\/\/www.facebook.com\/pressenza","https:\/\/x.com\/Pressenza"],"url":"https:\/\/www.pressenza.com\/es\/author\/redaccion-mar-del-plata\/"}]}},"place":"Ciudad de Buenos Aires, Argentina","original_article_url":"http:\/\/www.cij.gov.ar\/nota-31574.html","_links":{"self":[{"href":"https:\/\/www.pressenza.com\/es\/wp-json\/wp\/v2\/posts\/698629","targetHints":{"allow":["GET"]}}],"collection":[{"href":"https:\/\/www.pressenza.com\/es\/wp-json\/wp\/v2\/posts"}],"about":[{"href":"https:\/\/www.pressenza.com\/es\/wp-json\/wp\/v2\/types\/post"}],"author":[{"embeddable":true,"href":"https:\/\/www.pressenza.com\/es\/wp-json\/wp\/v2\/users\/1254"}],"replies":[{"embeddable":true,"href":"https:\/\/www.pressenza.com\/es\/wp-json\/wp\/v2\/comments?post=698629"}],"version-history":[{"count":0,"href":"https:\/\/www.pressenza.com\/es\/wp-json\/wp\/v2\/posts\/698629\/revisions"}],"wp:featuredmedia":[{"embeddable":true,"href":"https:\/\/www.pressenza.com\/es\/wp-json\/wp\/v2\/media\/601776"}],"wp:attachment":[{"href":"https:\/\/www.pressenza.com\/es\/wp-json\/wp\/v2\/media?parent=698629"}],"wp:term":[{"taxonomy":"category","embeddable":true,"href":"https:\/\/www.pressenza.com\/es\/wp-json\/wp\/v2\/categories?post=698629"},{"taxonomy":"post_tag","embeddable":true,"href":"https:\/\/www.pressenza.com\/es\/wp-json\/wp\/v2\/tags?post=698629"}],"curies":[{"name":"wp","href":"https:\/\/api.w.org\/{rel}","templated":true}]}}