{"id":698175,"date":"2018-08-23T01:46:25","date_gmt":"2018-08-23T00:46:25","guid":{"rendered":"https:\/\/www.pressenza.com\/?p=698175"},"modified":"2018-08-23T01:55:06","modified_gmt":"2018-08-23T00:55:06","slug":"multitudinaria-marcha-en-defensa-de-la-universidad-publica-en-cordoba","status":"publish","type":"post","link":"https:\/\/www.pressenza.com\/es\/2018\/08\/multitudinaria-marcha-en-defensa-de-la-universidad-publica-en-cordoba\/","title":{"rendered":"Multitudinaria marcha en defensa de la Universidad P\u00fablica en C\u00f3rdoba"},"content":{"rendered":"<p>Bajo el lema \u00abLa Universidad est\u00e1 en peligro\u00bb, marcharon hoy miles de personas en la ciudad de C\u00f3rdoba. En protesta por el recorte de presupuesto del gobierno de Mauricio Macri y en reclamo de mejoras salariales para los trabajadores universitarios, una multitud de estudiantes, docentes, investigadores, delegaciones sindicales y sociales exigieron al gobierno cambiar la pol\u00edtica de desfinanciaci\u00f3n de la educaci\u00f3n universitaria.<\/p>\n<p>El contexto es la quita millonaria efectuada por el macrismo al presupuesto para gasto corriente de las Universidades p\u00fablicas, que afecta no solamente el programa educativo, sino tambi\u00e9n la investigaci\u00f3n, los programas de extensi\u00f3n, la manutenci\u00f3n edilicia, entre otras erogaciones primarias.<\/p>\n<p>Por otro lado, los docentes universitarios se hallan en huelga desde hace ya dos semanas, sin haberse iniciado el segundo cuatrimestre del a\u00f1o, en reclamo de respuestas por parte del Ejecutivo, ante la magra oferta de un 15% de aumento en los salarios.<\/p>\n<p>Aumento que los docentes consideran insuficiente, dado el \u00edndice inflacionario de la econom\u00eda argentina, cercano ya al 35% anual seg\u00fan las distintas proyecciones.<\/p>\n<p>Todo el arco universitario estuvo representado y march\u00f3 de negro, coreando diversas consignas en defensa de la condici\u00f3n p\u00fablica, gratuita, laica y de excelencia del sistema nacional universitario y destacando la conquista hist\u00f3rica que \u00e9ste significa.<\/p>\n<p>La comunidad march\u00f3 unida y habl\u00f3 alto y claro. \u00bfHabr\u00e1 quien escuche?<\/p>\n<div class=\"post-gallery\">\n\t\t\t<figure class=\"post-gallery-item\">\n\t\t\t\t<img decoding=\"async\" src=\"https:\/\/www.pressenza.com\/wp-content\/uploads\/2018\/08\/marchacba10-720x540.jpg\" loading=\"lazy\">\n\t\t\t\t<figcaption>\n\t\t\t\t\t\n\t\t\t\t<\/figcaption>\n\t\t\t<\/figure>\n\t\t\t<figure class=\"post-gallery-item\">\n\t\t\t\t<img decoding=\"async\" src=\"https:\/\/www.pressenza.com\/wp-content\/uploads\/2018\/08\/marchacba9.jpg\" loading=\"lazy\">\n\t\t\t\t<figcaption>\n\t\t\t\t\t\n\t\t\t\t<\/figcaption>\n\t\t\t<\/figure>\n\t\t\t<figure class=\"post-gallery-item\">\n\t\t\t\t<img decoding=\"async\" src=\"https:\/\/www.pressenza.com\/wp-content\/uploads\/2018\/08\/marcha0.jpg\" loading=\"lazy\">\n\t\t\t\t<figcaption>\n\t\t\t\t\t\n\t\t\t\t<\/figcaption>\n\t\t\t<\/figure>\n\t\t\t<figure class=\"post-gallery-item\">\n\t\t\t\t<img decoding=\"async\" src=\"https:\/\/www.pressenza.com\/wp-content\/uploads\/2018\/08\/marcha11.jpg\" loading=\"lazy\">\n\t\t\t\t<figcaption>\n\t\t\t\t\t\n\t\t\t\t<\/figcaption>\n\t\t\t<\/figure>\n\t\t\t<figure class=\"post-gallery-item\">\n\t\t\t\t<img decoding=\"async\" src=\"https:\/\/www.pressenza.com\/wp-content\/uploads\/2018\/08\/marchacba8.jpg\" loading=\"lazy\">\n\t\t\t\t<figcaption>\n\t\t\t\t\t\n\t\t\t\t<\/figcaption>\n\t\t\t<\/figure>\n\t\t\t<figure class=\"post-gallery-item\">\n\t\t\t\t<img decoding=\"async\" src=\"https:\/\/www.pressenza.com\/wp-content\/uploads\/2018\/08\/marchacba5.jpg\" loading=\"lazy\">\n\t\t\t\t<figcaption>\n\t\t\t\t\t\n\t\t\t\t<\/figcaption>\n\t\t\t<\/figure>\n\t\t\t<figure class=\"post-gallery-item\">\n\t\t\t\t<img decoding=\"async\" src=\"https:\/\/www.pressenza.com\/wp-content\/uploads\/2018\/08\/marchacba6.jpg\" loading=\"lazy\">\n\t\t\t\t<figcaption>\n\t\t\t\t\t\n\t\t\t\t<\/figcaption>\n\t\t\t<\/figure>\n\t\t\t<figure class=\"post-gallery-item\">\n\t\t\t\t<img decoding=\"async\" src=\"https:\/\/www.pressenza.com\/wp-content\/uploads\/2018\/08\/marchacba7.jpg\" loading=\"lazy\">\n\t\t\t\t<figcaption>\n\t\t\t\t\t\n\t\t\t\t<\/figcaption>\n\t\t\t<\/figure><\/div>\n<p>Fotos: Pressenza<\/p>\n","protected":false},"excerpt":{"rendered":"<p>Bajo el lema \u00abLa Universidad est\u00e1 en peligro\u00bb, marcharon hoy miles de personas en la ciudad de C\u00f3rdoba. En protesta por el recorte de presupuesto del gobierno de Mauricio Macri y en reclamo de mejoras salariales para los trabajadores universitarios,&hellip;<\/p>\n","protected":false},"author":87,"featured_media":698316,"comment_status":"closed","ping_status":"closed","sticky":false,"template":"","format":"standard","meta":{"footnotes":""},"categories":[11389,1230,67],"tags":[46926,49177,49176,27016],"class_list":["post-698175","post","type-post","status-publish","format-standard","has-post-thumbnail","hentry","category-contenido-original","category-educacion-tema","category-sudamerica","tag-educacion-publica-y-gratuita","tag-plan-de-ajuste","tag-universidad-nacional-de-cordoba","tag-universidad-publica"],"yoast_head":"<!-- This site is optimized with the Yoast SEO plugin v27.1.1 - https:\/\/yoast.com\/product\/yoast-seo-wordpress\/ -->\n<title>Multitudinaria marcha en defensa de la Universidad P\u00fablica en C\u00f3rdoba<\/title>\n<meta name=\"description\" content=\"Bajo el lema &quot;La Universidad est\u00e1 en peligro&quot;, marcharon hoy miles de personas en la ciudad de C\u00f3rdoba. En protesta por el recorte de presupuesto del\" \/>\n<meta name=\"robots\" content=\"index, follow, max-snippet:-1, max-image-preview:large, max-video-preview:-1\" \/>\n<link rel=\"canonical\" href=\"https:\/\/www.pressenza.com\/es\/2018\/08\/multitudinaria-marcha-en-defensa-de-la-universidad-publica-en-cordoba\/\" \/>\n<meta property=\"og:locale\" content=\"es_ES\" \/>\n<meta property=\"og:type\" content=\"article\" \/>\n<meta property=\"og:title\" content=\"Multitudinaria marcha en defensa de la Universidad P\u00fablica en C\u00f3rdoba\" \/>\n<meta property=\"og:description\" content=\"Bajo el lema &quot;La Universidad est\u00e1 en peligro&quot;, marcharon hoy miles de personas en la ciudad de C\u00f3rdoba. En protesta por el recorte de presupuesto del\" \/>\n<meta property=\"og:url\" content=\"https:\/\/www.pressenza.com\/es\/2018\/08\/multitudinaria-marcha-en-defensa-de-la-universidad-publica-en-cordoba\/\" \/>\n<meta property=\"og:site_name\" content=\"Pressenza\" \/>\n<meta property=\"article:publisher\" content=\"https:\/\/www.facebook.com\/PressenzaItalia\" \/>\n<meta property=\"article:published_time\" content=\"2018-08-23T00:46:25+00:00\" \/>\n<meta property=\"article:modified_time\" content=\"2018-08-23T00:55:06+00:00\" \/>\n<meta property=\"og:image\" content=\"https:\/\/www.pressenza.com\/wp-content\/uploads\/2018\/08\/marchacba3-1.jpg\" \/>\n\t<meta property=\"og:image:width\" content=\"2048\" \/>\n\t<meta property=\"og:image:height\" content=\"1536\" \/>\n\t<meta property=\"og:image:type\" content=\"image\/jpeg\" \/>\n<meta name=\"author\" content=\"Redacci\u00f3n Argentina\" \/>\n<meta name=\"twitter:card\" content=\"summary_large_image\" \/>\n<meta name=\"twitter:creator\" content=\"@pressenza\" \/>\n<meta name=\"twitter:site\" content=\"@PressenzaIPA\" \/>\n<meta name=\"twitter:label1\" content=\"Escrito por\" \/>\n\t<meta name=\"twitter:data1\" content=\"Redacci\u00f3n Argentina\" \/>\n\t<meta name=\"twitter:label2\" content=\"Tiempo de lectura\" \/>\n\t<meta name=\"twitter:data2\" content=\"1 minuto\" \/>\n<script type=\"application\/ld+json\" class=\"yoast-schema-graph\">{\"@context\":\"https:\/\/schema.org\",\"@graph\":[{\"@type\":\"Article\",\"@id\":\"https:\/\/www.pressenza.com\/es\/2018\/08\/multitudinaria-marcha-en-defensa-de-la-universidad-publica-en-cordoba\/#article\",\"isPartOf\":{\"@id\":\"https:\/\/www.pressenza.com\/es\/2018\/08\/multitudinaria-marcha-en-defensa-de-la-universidad-publica-en-cordoba\/\"},\"author\":{\"name\":\"Redacci\u00f3n Argentina\",\"@id\":\"https:\/\/www.pressenza.com\/es\/#\/schema\/person\/0dda7d1b68267ad95b1e1d83abc98c89\"},\"headline\":\"Multitudinaria marcha en defensa de la Universidad P\u00fablica en C\u00f3rdoba\",\"datePublished\":\"2018-08-23T00:46:25+00:00\",\"dateModified\":\"2018-08-23T00:55:06+00:00\",\"mainEntityOfPage\":{\"@id\":\"https:\/\/www.pressenza.com\/es\/2018\/08\/multitudinaria-marcha-en-defensa-de-la-universidad-publica-en-cordoba\/\"},\"wordCount\":246,\"publisher\":{\"@id\":\"https:\/\/www.pressenza.com\/es\/#organization\"},\"image\":{\"@id\":\"https:\/\/www.pressenza.com\/es\/2018\/08\/multitudinaria-marcha-en-defensa-de-la-universidad-publica-en-cordoba\/#primaryimage\"},\"thumbnailUrl\":\"https:\/\/www.pressenza.com\/wp-content\/uploads\/2018\/08\/marchacba3-1.jpg\",\"keywords\":[\"Educaci\u00f3n p\u00fablica y gratuita\",\"plan de ajuste\",\"Universidad Nacional de C\u00f3rdoba\",\"Universidad p\u00fablica\"],\"articleSection\":[\"Contenido Original\",\"Educaci\u00f3n\",\"Sudam\u00e9rica\"],\"inLanguage\":\"es\"},{\"@type\":\"WebPage\",\"@id\":\"https:\/\/www.pressenza.com\/es\/2018\/08\/multitudinaria-marcha-en-defensa-de-la-universidad-publica-en-cordoba\/\",\"url\":\"https:\/\/www.pressenza.com\/es\/2018\/08\/multitudinaria-marcha-en-defensa-de-la-universidad-publica-en-cordoba\/\",\"name\":\"Multitudinaria marcha en defensa de la Universidad P\u00fablica en C\u00f3rdoba\",\"isPartOf\":{\"@id\":\"https:\/\/www.pressenza.com\/es\/#website\"},\"primaryImageOfPage\":{\"@id\":\"https:\/\/www.pressenza.com\/es\/2018\/08\/multitudinaria-marcha-en-defensa-de-la-universidad-publica-en-cordoba\/#primaryimage\"},\"image\":{\"@id\":\"https:\/\/www.pressenza.com\/es\/2018\/08\/multitudinaria-marcha-en-defensa-de-la-universidad-publica-en-cordoba\/#primaryimage\"},\"thumbnailUrl\":\"https:\/\/www.pressenza.com\/wp-content\/uploads\/2018\/08\/marchacba3-1.jpg\",\"datePublished\":\"2018-08-23T00:46:25+00:00\",\"dateModified\":\"2018-08-23T00:55:06+00:00\",\"description\":\"Bajo el lema \\\"La Universidad est\u00e1 en peligro\\\", marcharon hoy miles de personas en la ciudad de C\u00f3rdoba. En protesta por el recorte de presupuesto del\",\"breadcrumb\":{\"@id\":\"https:\/\/www.pressenza.com\/es\/2018\/08\/multitudinaria-marcha-en-defensa-de-la-universidad-publica-en-cordoba\/#breadcrumb\"},\"inLanguage\":\"es\",\"potentialAction\":[{\"@type\":\"ReadAction\",\"target\":[\"https:\/\/www.pressenza.com\/es\/2018\/08\/multitudinaria-marcha-en-defensa-de-la-universidad-publica-en-cordoba\/\"]}]},{\"@type\":\"ImageObject\",\"inLanguage\":\"es\",\"@id\":\"https:\/\/www.pressenza.com\/es\/2018\/08\/multitudinaria-marcha-en-defensa-de-la-universidad-publica-en-cordoba\/#primaryimage\",\"url\":\"https:\/\/www.pressenza.com\/wp-content\/uploads\/2018\/08\/marchacba3-1.jpg\",\"contentUrl\":\"https:\/\/www.pressenza.com\/wp-content\/uploads\/2018\/08\/marchacba3-1.jpg\",\"width\":2048,\"height\":1536},{\"@type\":\"BreadcrumbList\",\"@id\":\"https:\/\/www.pressenza.com\/es\/2018\/08\/multitudinaria-marcha-en-defensa-de-la-universidad-publica-en-cordoba\/#breadcrumb\",\"itemListElement\":[{\"@type\":\"ListItem\",\"position\":1,\"name\":\"Accueil\",\"item\":\"https:\/\/www.pressenza.com\/es\/\"},{\"@type\":\"ListItem\",\"position\":2,\"name\":\"Multitudinaria marcha en defensa de la Universidad P\u00fablica en C\u00f3rdoba\"}]},{\"@type\":\"WebSite\",\"@id\":\"https:\/\/www.pressenza.com\/es\/#website\",\"url\":\"https:\/\/www.pressenza.com\/es\/\",\"name\":\"Pressenza\",\"description\":\"International Press Agency\",\"publisher\":{\"@id\":\"https:\/\/www.pressenza.com\/es\/#organization\"},\"potentialAction\":[{\"@type\":\"SearchAction\",\"target\":{\"@type\":\"EntryPoint\",\"urlTemplate\":\"https:\/\/www.pressenza.com\/es\/?s={search_term_string}\"},\"query-input\":{\"@type\":\"PropertyValueSpecification\",\"valueRequired\":true,\"valueName\":\"search_term_string\"}}],\"inLanguage\":\"es\"},{\"@type\":\"Organization\",\"@id\":\"https:\/\/www.pressenza.com\/es\/#organization\",\"name\":\"Pressenza\",\"url\":\"https:\/\/www.pressenza.com\/es\/\",\"logo\":{\"@type\":\"ImageObject\",\"inLanguage\":\"es\",\"@id\":\"https:\/\/www.pressenza.com\/es\/#\/schema\/logo\/image\/\",\"url\":\"https:\/\/www.pressenza.com\/wp-content\/uploads\/2022\/10\/pressenza_logo_200x200.jpg\",\"contentUrl\":\"https:\/\/www.pressenza.com\/wp-content\/uploads\/2022\/10\/pressenza_logo_200x200.jpg\",\"width\":200,\"height\":200,\"caption\":\"Pressenza\"},\"image\":{\"@id\":\"https:\/\/www.pressenza.com\/es\/#\/schema\/logo\/image\/\"},\"sameAs\":[\"https:\/\/www.facebook.com\/PressenzaItalia\",\"https:\/\/x.com\/PressenzaIPA\"]},{\"@type\":\"Person\",\"@id\":\"https:\/\/www.pressenza.com\/es\/#\/schema\/person\/0dda7d1b68267ad95b1e1d83abc98c89\",\"name\":\"Redacci\u00f3n Argentina\",\"description\":\"News from the Pressenza Bureau in Argentina.\",\"sameAs\":[\"https:\/\/x.com\/pressenza\"],\"url\":\"https:\/\/www.pressenza.com\/es\/author\/redaccion-argentina\/\"}]}<\/script>\n<!-- \/ Yoast SEO plugin. -->","yoast_head_json":{"title":"Multitudinaria marcha en defensa de la Universidad P\u00fablica en C\u00f3rdoba","description":"Bajo el lema \"La Universidad est\u00e1 en peligro\", marcharon hoy miles de personas en la ciudad de C\u00f3rdoba. En protesta por el recorte de presupuesto del","robots":{"index":"index","follow":"follow","max-snippet":"max-snippet:-1","max-image-preview":"max-image-preview:large","max-video-preview":"max-video-preview:-1"},"canonical":"https:\/\/www.pressenza.com\/es\/2018\/08\/multitudinaria-marcha-en-defensa-de-la-universidad-publica-en-cordoba\/","og_locale":"es_ES","og_type":"article","og_title":"Multitudinaria marcha en defensa de la Universidad P\u00fablica en C\u00f3rdoba","og_description":"Bajo el lema \"La Universidad est\u00e1 en peligro\", marcharon hoy miles de personas en la ciudad de C\u00f3rdoba. En protesta por el recorte de presupuesto del","og_url":"https:\/\/www.pressenza.com\/es\/2018\/08\/multitudinaria-marcha-en-defensa-de-la-universidad-publica-en-cordoba\/","og_site_name":"Pressenza","article_publisher":"https:\/\/www.facebook.com\/PressenzaItalia","article_published_time":"2018-08-23T00:46:25+00:00","article_modified_time":"2018-08-23T00:55:06+00:00","og_image":[{"width":2048,"height":1536,"url":"https:\/\/www.pressenza.com\/wp-content\/uploads\/2018\/08\/marchacba3-1.jpg","type":"image\/jpeg"}],"author":"Redacci\u00f3n Argentina","twitter_card":"summary_large_image","twitter_creator":"@pressenza","twitter_site":"@PressenzaIPA","twitter_misc":{"Escrito por":"Redacci\u00f3n Argentina","Tiempo de lectura":"1 minuto"},"schema":{"@context":"https:\/\/schema.org","@graph":[{"@type":"Article","@id":"https:\/\/www.pressenza.com\/es\/2018\/08\/multitudinaria-marcha-en-defensa-de-la-universidad-publica-en-cordoba\/#article","isPartOf":{"@id":"https:\/\/www.pressenza.com\/es\/2018\/08\/multitudinaria-marcha-en-defensa-de-la-universidad-publica-en-cordoba\/"},"author":{"name":"Redacci\u00f3n Argentina","@id":"https:\/\/www.pressenza.com\/es\/#\/schema\/person\/0dda7d1b68267ad95b1e1d83abc98c89"},"headline":"Multitudinaria marcha en defensa de la Universidad P\u00fablica en C\u00f3rdoba","datePublished":"2018-08-23T00:46:25+00:00","dateModified":"2018-08-23T00:55:06+00:00","mainEntityOfPage":{"@id":"https:\/\/www.pressenza.com\/es\/2018\/08\/multitudinaria-marcha-en-defensa-de-la-universidad-publica-en-cordoba\/"},"wordCount":246,"publisher":{"@id":"https:\/\/www.pressenza.com\/es\/#organization"},"image":{"@id":"https:\/\/www.pressenza.com\/es\/2018\/08\/multitudinaria-marcha-en-defensa-de-la-universidad-publica-en-cordoba\/#primaryimage"},"thumbnailUrl":"https:\/\/www.pressenza.com\/wp-content\/uploads\/2018\/08\/marchacba3-1.jpg","keywords":["Educaci\u00f3n p\u00fablica y gratuita","plan de ajuste","Universidad Nacional de C\u00f3rdoba","Universidad p\u00fablica"],"articleSection":["Contenido Original","Educaci\u00f3n","Sudam\u00e9rica"],"inLanguage":"es"},{"@type":"WebPage","@id":"https:\/\/www.pressenza.com\/es\/2018\/08\/multitudinaria-marcha-en-defensa-de-la-universidad-publica-en-cordoba\/","url":"https:\/\/www.pressenza.com\/es\/2018\/08\/multitudinaria-marcha-en-defensa-de-la-universidad-publica-en-cordoba\/","name":"Multitudinaria marcha en defensa de la Universidad P\u00fablica en C\u00f3rdoba","isPartOf":{"@id":"https:\/\/www.pressenza.com\/es\/#website"},"primaryImageOfPage":{"@id":"https:\/\/www.pressenza.com\/es\/2018\/08\/multitudinaria-marcha-en-defensa-de-la-universidad-publica-en-cordoba\/#primaryimage"},"image":{"@id":"https:\/\/www.pressenza.com\/es\/2018\/08\/multitudinaria-marcha-en-defensa-de-la-universidad-publica-en-cordoba\/#primaryimage"},"thumbnailUrl":"https:\/\/www.pressenza.com\/wp-content\/uploads\/2018\/08\/marchacba3-1.jpg","datePublished":"2018-08-23T00:46:25+00:00","dateModified":"2018-08-23T00:55:06+00:00","description":"Bajo el lema \"La Universidad est\u00e1 en peligro\", marcharon hoy miles de personas en la ciudad de C\u00f3rdoba. En protesta por el recorte de presupuesto del","breadcrumb":{"@id":"https:\/\/www.pressenza.com\/es\/2018\/08\/multitudinaria-marcha-en-defensa-de-la-universidad-publica-en-cordoba\/#breadcrumb"},"inLanguage":"es","potentialAction":[{"@type":"ReadAction","target":["https:\/\/www.pressenza.com\/es\/2018\/08\/multitudinaria-marcha-en-defensa-de-la-universidad-publica-en-cordoba\/"]}]},{"@type":"ImageObject","inLanguage":"es","@id":"https:\/\/www.pressenza.com\/es\/2018\/08\/multitudinaria-marcha-en-defensa-de-la-universidad-publica-en-cordoba\/#primaryimage","url":"https:\/\/www.pressenza.com\/wp-content\/uploads\/2018\/08\/marchacba3-1.jpg","contentUrl":"https:\/\/www.pressenza.com\/wp-content\/uploads\/2018\/08\/marchacba3-1.jpg","width":2048,"height":1536},{"@type":"BreadcrumbList","@id":"https:\/\/www.pressenza.com\/es\/2018\/08\/multitudinaria-marcha-en-defensa-de-la-universidad-publica-en-cordoba\/#breadcrumb","itemListElement":[{"@type":"ListItem","position":1,"name":"Accueil","item":"https:\/\/www.pressenza.com\/es\/"},{"@type":"ListItem","position":2,"name":"Multitudinaria marcha en defensa de la Universidad P\u00fablica en C\u00f3rdoba"}]},{"@type":"WebSite","@id":"https:\/\/www.pressenza.com\/es\/#website","url":"https:\/\/www.pressenza.com\/es\/","name":"Pressenza","description":"International Press Agency","publisher":{"@id":"https:\/\/www.pressenza.com\/es\/#organization"},"potentialAction":[{"@type":"SearchAction","target":{"@type":"EntryPoint","urlTemplate":"https:\/\/www.pressenza.com\/es\/?s={search_term_string}"},"query-input":{"@type":"PropertyValueSpecification","valueRequired":true,"valueName":"search_term_string"}}],"inLanguage":"es"},{"@type":"Organization","@id":"https:\/\/www.pressenza.com\/es\/#organization","name":"Pressenza","url":"https:\/\/www.pressenza.com\/es\/","logo":{"@type":"ImageObject","inLanguage":"es","@id":"https:\/\/www.pressenza.com\/es\/#\/schema\/logo\/image\/","url":"https:\/\/www.pressenza.com\/wp-content\/uploads\/2022\/10\/pressenza_logo_200x200.jpg","contentUrl":"https:\/\/www.pressenza.com\/wp-content\/uploads\/2022\/10\/pressenza_logo_200x200.jpg","width":200,"height":200,"caption":"Pressenza"},"image":{"@id":"https:\/\/www.pressenza.com\/es\/#\/schema\/logo\/image\/"},"sameAs":["https:\/\/www.facebook.com\/PressenzaItalia","https:\/\/x.com\/PressenzaIPA"]},{"@type":"Person","@id":"https:\/\/www.pressenza.com\/es\/#\/schema\/person\/0dda7d1b68267ad95b1e1d83abc98c89","name":"Redacci\u00f3n Argentina","description":"News from the Pressenza Bureau in Argentina.","sameAs":["https:\/\/x.com\/pressenza"],"url":"https:\/\/www.pressenza.com\/es\/author\/redaccion-argentina\/"}]}},"place":"C\u00f3rdoba, Argentina","original_article_url":"","_links":{"self":[{"href":"https:\/\/www.pressenza.com\/es\/wp-json\/wp\/v2\/posts\/698175","targetHints":{"allow":["GET"]}}],"collection":[{"href":"https:\/\/www.pressenza.com\/es\/wp-json\/wp\/v2\/posts"}],"about":[{"href":"https:\/\/www.pressenza.com\/es\/wp-json\/wp\/v2\/types\/post"}],"author":[{"embeddable":true,"href":"https:\/\/www.pressenza.com\/es\/wp-json\/wp\/v2\/users\/87"}],"replies":[{"embeddable":true,"href":"https:\/\/www.pressenza.com\/es\/wp-json\/wp\/v2\/comments?post=698175"}],"version-history":[{"count":0,"href":"https:\/\/www.pressenza.com\/es\/wp-json\/wp\/v2\/posts\/698175\/revisions"}],"wp:featuredmedia":[{"embeddable":true,"href":"https:\/\/www.pressenza.com\/es\/wp-json\/wp\/v2\/media\/698316"}],"wp:attachment":[{"href":"https:\/\/www.pressenza.com\/es\/wp-json\/wp\/v2\/media?parent=698175"}],"wp:term":[{"taxonomy":"category","embeddable":true,"href":"https:\/\/www.pressenza.com\/es\/wp-json\/wp\/v2\/categories?post=698175"},{"taxonomy":"post_tag","embeddable":true,"href":"https:\/\/www.pressenza.com\/es\/wp-json\/wp\/v2\/tags?post=698175"}],"curies":[{"name":"wp","href":"https:\/\/api.w.org\/{rel}","templated":true}]}}