{"id":697,"date":"2009-07-13T00:00:00","date_gmt":"2009-07-13T00:00:00","guid":{"rendered":""},"modified":"2009-09-28T05:01:03","modified_gmt":"2009-09-28T05:01:03","slug":"patricia-sosax-seria-muy-bueno-hacer-un-spot-de-la-marcha-mundial-en-lengua-de-sexas-para-la-comunidad-sordomuda","status":"publish","type":"post","link":"https:\/\/www.pressenza.com\/es\/2009\/07\/patricia-sosax-seria-muy-bueno-hacer-un-spot-de-la-marcha-mundial-en-lengua-de-sexas-para-la-comunidad-sordomuda\/","title":{"rendered":"Patricia Sosa: Seria muy bueno hacer un spot de la Marcha Mundial en lengua de se\u00f1as para la comunidad sordomuda"},"content":{"rendered":"<p>Patricia Sosa reconoce que es como una m\u00e1quina de hacer cosas, que escribe, que crea, que prefiere hacer a no hacer, y de su vida art\u00edstica, que ha sido como aquella audici\u00f3n de radio de los setenta que escuchaba tirada en la playa, y que dec\u00eda \u201chas recorrido un largo camino muchacha\u201d. Recuerda sus comienzos en el soul, el auge del rock nacional pos-malvinas, a la que define como una \u201cguerra chota\u201d, que sirvi\u00f3 entre otras cosas para aprovecharse de la solidaridad de la gente y sacarle hasta las pulseritas. <\/p>\n<p>En una charla distendida, coment\u00f3 como la popularidad debe servir para conjugarla con la solidaridad y habl\u00f3 de la Fundaci\u00f3n \u201cPeque\u00f1os Gestos, Grandes Logros\u201d que ella preside y que cada dos meses env\u00eda al Impenetrable, nombre con que se conoce la selva chaque\u00f1a, camiones con medicamentos, telas, alimentos y agua entre otros insumos, producto de la donaci\u00f3n de la gente.<\/p>\n<p>Ante la consulta de su adhesi\u00f3n a la Marcha Mundial, dijo \u201c\u00bfC\u00f3mo no adherir? Habr\u00eda que estar loco realmente para no hacerlo\u201d y ante una propuesta de un oyente dijo que le gustar\u00eda poder grabar un spot de difusi\u00f3n en lengua de se\u00f1as para la comunidad sordomuda, lenguaje que aprendi\u00f3 cuando interpret\u00f3 la novela \u201cAprender a Volar\u201d. <\/p>\n<p>Con respecto a su carrera dijo \u201cahora puedo ver todo con un poco m\u00e1s de aplomo.  Hay muchos dolores que me los hubiera evitado. En mi vida la solidaridad ocupa un lugar muy importante. Ya no hay mucho tiempo, el mundo se cae a pedazos. Hoy, yo dir\u00eda que todo depende de nosotros\u201d<\/p>\n<p>>La entrevista completa se puede escuchar en el blog del programa [Comunicaci\u00f3n Directa](http:\/\/www.comdirecta.blogspot.com) <\/p>\n","protected":false},"excerpt":{"rendered":"<p>En una entrevista realizada en el programa \u201cComunicaci\u00f3n Directa\u201d por FM de la Azotea de Mar del Plata, una de las mejores cantantes argentinas, habl\u00f3 de su compromiso con las comunidades tobas en el Chaco, su adhesi\u00f3n a la Marcha Mundial e hizo un repaso de su carrera art\u00edstica.<\/p>\n","protected":false},"author":19,"featured_media":0,"comment_status":"closed","ping_status":"open","sticky":false,"template":"","format":"standard","meta":{"footnotes":""},"categories":[75,161,67],"tags":[],"class_list":["post-697","post","type-post","status-publish","format-standard","hentry","category-cultura-es","category-opiniones","category-sudamerica"],"yoast_head":"<!-- This site is optimized with the Yoast SEO plugin v27.1.1 - https:\/\/yoast.com\/product\/yoast-seo-wordpress\/ -->\n<title>Patricia Sosa: Seria muy bueno hacer un spot de la Marcha Mundial en lengua de se\u00f1as para la comunidad sordomuda<\/title>\n<meta name=\"description\" content=\"En una entrevista realizada en el programa \u201cComunicaci\u00f3n Directa\u201d por FM de la Azotea de Mar del Plata, una de las mejores cantantes argentinas, habl\u00f3 de su compromiso con las comunidades tobas en el Chaco, su adhesi\u00f3n a la Marcha Mundial e hizo un repaso de su carrera art\u00edstica.\" \/>\n<meta name=\"robots\" content=\"index, follow, max-snippet:-1, max-image-preview:large, max-video-preview:-1\" \/>\n<link rel=\"canonical\" href=\"https:\/\/www.pressenza.com\/es\/2009\/07\/patricia-sosax-seria-muy-bueno-hacer-un-spot-de-la-marcha-mundial-en-lengua-de-sexas-para-la-comunidad-sordomuda\/\" \/>\n<meta property=\"og:locale\" content=\"es_ES\" \/>\n<meta property=\"og:type\" content=\"article\" \/>\n<meta property=\"og:title\" content=\"Patricia Sosa: Seria muy bueno hacer un spot de la Marcha Mundial en lengua de se\u00f1as para la comunidad sordomuda\" \/>\n<meta property=\"og:description\" content=\"En una entrevista realizada en el programa \u201cComunicaci\u00f3n Directa\u201d por FM de la Azotea de Mar del Plata, una de las mejores cantantes argentinas, habl\u00f3 de su compromiso con las comunidades tobas en el Chaco, su adhesi\u00f3n a la Marcha Mundial e hizo un repaso de su carrera art\u00edstica.\" \/>\n<meta property=\"og:url\" content=\"https:\/\/www.pressenza.com\/es\/2009\/07\/patricia-sosax-seria-muy-bueno-hacer-un-spot-de-la-marcha-mundial-en-lengua-de-sexas-para-la-comunidad-sordomuda\/\" \/>\n<meta property=\"og:site_name\" content=\"Pressenza\" \/>\n<meta property=\"article:publisher\" content=\"https:\/\/www.facebook.com\/PressenzaItalia\" \/>\n<meta property=\"article:author\" content=\"https:\/\/www.facebook.com\/pressenza\" \/>\n<meta property=\"article:published_time\" content=\"2009-07-13T00:00:00+00:00\" \/>\n<meta property=\"article:modified_time\" content=\"2009-09-28T05:01:03+00:00\" \/>\n<meta name=\"author\" content=\"Pressenza IPA\" \/>\n<meta name=\"twitter:card\" content=\"summary_large_image\" \/>\n<meta name=\"twitter:creator\" content=\"@PressenzaIPA\" \/>\n<meta name=\"twitter:site\" content=\"@PressenzaIPA\" \/>\n<meta name=\"twitter:label1\" content=\"Escrito por\" \/>\n\t<meta name=\"twitter:data1\" content=\"Pressenza IPA\" \/>\n\t<meta name=\"twitter:label2\" content=\"Tiempo de lectura\" \/>\n\t<meta name=\"twitter:data2\" content=\"1 minuto\" \/>\n<script type=\"application\/ld+json\" class=\"yoast-schema-graph\">{\"@context\":\"https:\/\/schema.org\",\"@graph\":[{\"@type\":\"Article\",\"@id\":\"https:\/\/www.pressenza.com\/es\/2009\/07\/patricia-sosax-seria-muy-bueno-hacer-un-spot-de-la-marcha-mundial-en-lengua-de-sexas-para-la-comunidad-sordomuda\/#article\",\"isPartOf\":{\"@id\":\"https:\/\/www.pressenza.com\/es\/2009\/07\/patricia-sosax-seria-muy-bueno-hacer-un-spot-de-la-marcha-mundial-en-lengua-de-sexas-para-la-comunidad-sordomuda\/\"},\"author\":{\"name\":\"Pressenza IPA\",\"@id\":\"https:\/\/www.pressenza.com\/es\/#\/schema\/person\/010e5d02bcf40965427a1289a4cc8d75\"},\"headline\":\"Patricia Sosa: Seria muy bueno hacer un spot de la Marcha Mundial en lengua de se\u00f1as para la comunidad sordomuda\",\"datePublished\":\"2009-07-13T00:00:00+00:00\",\"dateModified\":\"2009-09-28T05:01:03+00:00\",\"mainEntityOfPage\":{\"@id\":\"https:\/\/www.pressenza.com\/es\/2009\/07\/patricia-sosax-seria-muy-bueno-hacer-un-spot-de-la-marcha-mundial-en-lengua-de-sexas-para-la-comunidad-sordomuda\/\"},\"wordCount\":317,\"publisher\":{\"@id\":\"https:\/\/www.pressenza.com\/es\/#organization\"},\"articleSection\":[\"Cultura y Medios\",\"Opiniones\",\"Sudam\u00e9rica\"],\"inLanguage\":\"es\"},{\"@type\":\"WebPage\",\"@id\":\"https:\/\/www.pressenza.com\/es\/2009\/07\/patricia-sosax-seria-muy-bueno-hacer-un-spot-de-la-marcha-mundial-en-lengua-de-sexas-para-la-comunidad-sordomuda\/\",\"url\":\"https:\/\/www.pressenza.com\/es\/2009\/07\/patricia-sosax-seria-muy-bueno-hacer-un-spot-de-la-marcha-mundial-en-lengua-de-sexas-para-la-comunidad-sordomuda\/\",\"name\":\"Patricia Sosa: Seria muy bueno hacer un spot de la Marcha Mundial en lengua de se\u00f1as para la comunidad sordomuda\",\"isPartOf\":{\"@id\":\"https:\/\/www.pressenza.com\/es\/#website\"},\"datePublished\":\"2009-07-13T00:00:00+00:00\",\"dateModified\":\"2009-09-28T05:01:03+00:00\",\"description\":\"En una entrevista realizada en el programa \u201cComunicaci\u00f3n Directa\u201d por FM de la Azotea de Mar del Plata, una de las mejores cantantes argentinas, habl\u00f3 de su compromiso con las comunidades tobas en el Chaco, su adhesi\u00f3n a la Marcha Mundial e hizo un repaso de su carrera art\u00edstica.\",\"breadcrumb\":{\"@id\":\"https:\/\/www.pressenza.com\/es\/2009\/07\/patricia-sosax-seria-muy-bueno-hacer-un-spot-de-la-marcha-mundial-en-lengua-de-sexas-para-la-comunidad-sordomuda\/#breadcrumb\"},\"inLanguage\":\"es\",\"potentialAction\":[{\"@type\":\"ReadAction\",\"target\":[\"https:\/\/www.pressenza.com\/es\/2009\/07\/patricia-sosax-seria-muy-bueno-hacer-un-spot-de-la-marcha-mundial-en-lengua-de-sexas-para-la-comunidad-sordomuda\/\"]}]},{\"@type\":\"BreadcrumbList\",\"@id\":\"https:\/\/www.pressenza.com\/es\/2009\/07\/patricia-sosax-seria-muy-bueno-hacer-un-spot-de-la-marcha-mundial-en-lengua-de-sexas-para-la-comunidad-sordomuda\/#breadcrumb\",\"itemListElement\":[{\"@type\":\"ListItem\",\"position\":1,\"name\":\"Accueil\",\"item\":\"https:\/\/www.pressenza.com\/es\/\"},{\"@type\":\"ListItem\",\"position\":2,\"name\":\"Patricia Sosa: Seria muy bueno hacer un spot de la Marcha Mundial en lengua de se\u00f1as para la comunidad sordomuda\"}]},{\"@type\":\"WebSite\",\"@id\":\"https:\/\/www.pressenza.com\/es\/#website\",\"url\":\"https:\/\/www.pressenza.com\/es\/\",\"name\":\"Pressenza\",\"description\":\"International Press Agency\",\"publisher\":{\"@id\":\"https:\/\/www.pressenza.com\/es\/#organization\"},\"potentialAction\":[{\"@type\":\"SearchAction\",\"target\":{\"@type\":\"EntryPoint\",\"urlTemplate\":\"https:\/\/www.pressenza.com\/es\/?s={search_term_string}\"},\"query-input\":{\"@type\":\"PropertyValueSpecification\",\"valueRequired\":true,\"valueName\":\"search_term_string\"}}],\"inLanguage\":\"es\"},{\"@type\":\"Organization\",\"@id\":\"https:\/\/www.pressenza.com\/es\/#organization\",\"name\":\"Pressenza\",\"url\":\"https:\/\/www.pressenza.com\/es\/\",\"logo\":{\"@type\":\"ImageObject\",\"inLanguage\":\"es\",\"@id\":\"https:\/\/www.pressenza.com\/es\/#\/schema\/logo\/image\/\",\"url\":\"https:\/\/www.pressenza.com\/wp-content\/uploads\/2022\/10\/pressenza_logo_200x200.jpg\",\"contentUrl\":\"https:\/\/www.pressenza.com\/wp-content\/uploads\/2022\/10\/pressenza_logo_200x200.jpg\",\"width\":200,\"height\":200,\"caption\":\"Pressenza\"},\"image\":{\"@id\":\"https:\/\/www.pressenza.com\/es\/#\/schema\/logo\/image\/\"},\"sameAs\":[\"https:\/\/www.facebook.com\/PressenzaItalia\",\"https:\/\/x.com\/PressenzaIPA\"]},{\"@type\":\"Person\",\"@id\":\"https:\/\/www.pressenza.com\/es\/#\/schema\/person\/010e5d02bcf40965427a1289a4cc8d75\",\"name\":\"Pressenza IPA\",\"description\":\"News from Pressenza IPA correspondents\",\"sameAs\":[\"https:\/\/www.facebook.com\/pressenza\",\"https:\/\/x.com\/PressenzaIPA\"],\"url\":\"https:\/\/www.pressenza.com\/es\/author\/pressenza-ipa\/\"}]}<\/script>\n<!-- \/ Yoast SEO plugin. -->","yoast_head_json":{"title":"Patricia Sosa: Seria muy bueno hacer un spot de la Marcha Mundial en lengua de se\u00f1as para la comunidad sordomuda","description":"En una entrevista realizada en el programa \u201cComunicaci\u00f3n Directa\u201d por FM de la Azotea de Mar del Plata, una de las mejores cantantes argentinas, habl\u00f3 de su compromiso con las comunidades tobas en el Chaco, su adhesi\u00f3n a la Marcha Mundial e hizo un repaso de su carrera art\u00edstica.","robots":{"index":"index","follow":"follow","max-snippet":"max-snippet:-1","max-image-preview":"max-image-preview:large","max-video-preview":"max-video-preview:-1"},"canonical":"https:\/\/www.pressenza.com\/es\/2009\/07\/patricia-sosax-seria-muy-bueno-hacer-un-spot-de-la-marcha-mundial-en-lengua-de-sexas-para-la-comunidad-sordomuda\/","og_locale":"es_ES","og_type":"article","og_title":"Patricia Sosa: Seria muy bueno hacer un spot de la Marcha Mundial en lengua de se\u00f1as para la comunidad sordomuda","og_description":"En una entrevista realizada en el programa \u201cComunicaci\u00f3n Directa\u201d por FM de la Azotea de Mar del Plata, una de las mejores cantantes argentinas, habl\u00f3 de su compromiso con las comunidades tobas en el Chaco, su adhesi\u00f3n a la Marcha Mundial e hizo un repaso de su carrera art\u00edstica.","og_url":"https:\/\/www.pressenza.com\/es\/2009\/07\/patricia-sosax-seria-muy-bueno-hacer-un-spot-de-la-marcha-mundial-en-lengua-de-sexas-para-la-comunidad-sordomuda\/","og_site_name":"Pressenza","article_publisher":"https:\/\/www.facebook.com\/PressenzaItalia","article_author":"https:\/\/www.facebook.com\/pressenza","article_published_time":"2009-07-13T00:00:00+00:00","article_modified_time":"2009-09-28T05:01:03+00:00","author":"Pressenza IPA","twitter_card":"summary_large_image","twitter_creator":"@PressenzaIPA","twitter_site":"@PressenzaIPA","twitter_misc":{"Escrito por":"Pressenza IPA","Tiempo de lectura":"1 minuto"},"schema":{"@context":"https:\/\/schema.org","@graph":[{"@type":"Article","@id":"https:\/\/www.pressenza.com\/es\/2009\/07\/patricia-sosax-seria-muy-bueno-hacer-un-spot-de-la-marcha-mundial-en-lengua-de-sexas-para-la-comunidad-sordomuda\/#article","isPartOf":{"@id":"https:\/\/www.pressenza.com\/es\/2009\/07\/patricia-sosax-seria-muy-bueno-hacer-un-spot-de-la-marcha-mundial-en-lengua-de-sexas-para-la-comunidad-sordomuda\/"},"author":{"name":"Pressenza IPA","@id":"https:\/\/www.pressenza.com\/es\/#\/schema\/person\/010e5d02bcf40965427a1289a4cc8d75"},"headline":"Patricia Sosa: Seria muy bueno hacer un spot de la Marcha Mundial en lengua de se\u00f1as para la comunidad sordomuda","datePublished":"2009-07-13T00:00:00+00:00","dateModified":"2009-09-28T05:01:03+00:00","mainEntityOfPage":{"@id":"https:\/\/www.pressenza.com\/es\/2009\/07\/patricia-sosax-seria-muy-bueno-hacer-un-spot-de-la-marcha-mundial-en-lengua-de-sexas-para-la-comunidad-sordomuda\/"},"wordCount":317,"publisher":{"@id":"https:\/\/www.pressenza.com\/es\/#organization"},"articleSection":["Cultura y Medios","Opiniones","Sudam\u00e9rica"],"inLanguage":"es"},{"@type":"WebPage","@id":"https:\/\/www.pressenza.com\/es\/2009\/07\/patricia-sosax-seria-muy-bueno-hacer-un-spot-de-la-marcha-mundial-en-lengua-de-sexas-para-la-comunidad-sordomuda\/","url":"https:\/\/www.pressenza.com\/es\/2009\/07\/patricia-sosax-seria-muy-bueno-hacer-un-spot-de-la-marcha-mundial-en-lengua-de-sexas-para-la-comunidad-sordomuda\/","name":"Patricia Sosa: Seria muy bueno hacer un spot de la Marcha Mundial en lengua de se\u00f1as para la comunidad sordomuda","isPartOf":{"@id":"https:\/\/www.pressenza.com\/es\/#website"},"datePublished":"2009-07-13T00:00:00+00:00","dateModified":"2009-09-28T05:01:03+00:00","description":"En una entrevista realizada en el programa \u201cComunicaci\u00f3n Directa\u201d por FM de la Azotea de Mar del Plata, una de las mejores cantantes argentinas, habl\u00f3 de su compromiso con las comunidades tobas en el Chaco, su adhesi\u00f3n a la Marcha Mundial e hizo un repaso de su carrera art\u00edstica.","breadcrumb":{"@id":"https:\/\/www.pressenza.com\/es\/2009\/07\/patricia-sosax-seria-muy-bueno-hacer-un-spot-de-la-marcha-mundial-en-lengua-de-sexas-para-la-comunidad-sordomuda\/#breadcrumb"},"inLanguage":"es","potentialAction":[{"@type":"ReadAction","target":["https:\/\/www.pressenza.com\/es\/2009\/07\/patricia-sosax-seria-muy-bueno-hacer-un-spot-de-la-marcha-mundial-en-lengua-de-sexas-para-la-comunidad-sordomuda\/"]}]},{"@type":"BreadcrumbList","@id":"https:\/\/www.pressenza.com\/es\/2009\/07\/patricia-sosax-seria-muy-bueno-hacer-un-spot-de-la-marcha-mundial-en-lengua-de-sexas-para-la-comunidad-sordomuda\/#breadcrumb","itemListElement":[{"@type":"ListItem","position":1,"name":"Accueil","item":"https:\/\/www.pressenza.com\/es\/"},{"@type":"ListItem","position":2,"name":"Patricia Sosa: Seria muy bueno hacer un spot de la Marcha Mundial en lengua de se\u00f1as para la comunidad sordomuda"}]},{"@type":"WebSite","@id":"https:\/\/www.pressenza.com\/es\/#website","url":"https:\/\/www.pressenza.com\/es\/","name":"Pressenza","description":"International Press Agency","publisher":{"@id":"https:\/\/www.pressenza.com\/es\/#organization"},"potentialAction":[{"@type":"SearchAction","target":{"@type":"EntryPoint","urlTemplate":"https:\/\/www.pressenza.com\/es\/?s={search_term_string}"},"query-input":{"@type":"PropertyValueSpecification","valueRequired":true,"valueName":"search_term_string"}}],"inLanguage":"es"},{"@type":"Organization","@id":"https:\/\/www.pressenza.com\/es\/#organization","name":"Pressenza","url":"https:\/\/www.pressenza.com\/es\/","logo":{"@type":"ImageObject","inLanguage":"es","@id":"https:\/\/www.pressenza.com\/es\/#\/schema\/logo\/image\/","url":"https:\/\/www.pressenza.com\/wp-content\/uploads\/2022\/10\/pressenza_logo_200x200.jpg","contentUrl":"https:\/\/www.pressenza.com\/wp-content\/uploads\/2022\/10\/pressenza_logo_200x200.jpg","width":200,"height":200,"caption":"Pressenza"},"image":{"@id":"https:\/\/www.pressenza.com\/es\/#\/schema\/logo\/image\/"},"sameAs":["https:\/\/www.facebook.com\/PressenzaItalia","https:\/\/x.com\/PressenzaIPA"]},{"@type":"Person","@id":"https:\/\/www.pressenza.com\/es\/#\/schema\/person\/010e5d02bcf40965427a1289a4cc8d75","name":"Pressenza IPA","description":"News from Pressenza IPA correspondents","sameAs":["https:\/\/www.facebook.com\/pressenza","https:\/\/x.com\/PressenzaIPA"],"url":"https:\/\/www.pressenza.com\/es\/author\/pressenza-ipa\/"}]}},"place":"Mar del Plata","original_article_url":"","_links":{"self":[{"href":"https:\/\/www.pressenza.com\/es\/wp-json\/wp\/v2\/posts\/697","targetHints":{"allow":["GET"]}}],"collection":[{"href":"https:\/\/www.pressenza.com\/es\/wp-json\/wp\/v2\/posts"}],"about":[{"href":"https:\/\/www.pressenza.com\/es\/wp-json\/wp\/v2\/types\/post"}],"author":[{"embeddable":true,"href":"https:\/\/www.pressenza.com\/es\/wp-json\/wp\/v2\/users\/19"}],"replies":[{"embeddable":true,"href":"https:\/\/www.pressenza.com\/es\/wp-json\/wp\/v2\/comments?post=697"}],"version-history":[{"count":0,"href":"https:\/\/www.pressenza.com\/es\/wp-json\/wp\/v2\/posts\/697\/revisions"}],"wp:attachment":[{"href":"https:\/\/www.pressenza.com\/es\/wp-json\/wp\/v2\/media?parent=697"}],"wp:term":[{"taxonomy":"category","embeddable":true,"href":"https:\/\/www.pressenza.com\/es\/wp-json\/wp\/v2\/categories?post=697"},{"taxonomy":"post_tag","embeddable":true,"href":"https:\/\/www.pressenza.com\/es\/wp-json\/wp\/v2\/tags?post=697"}],"curies":[{"name":"wp","href":"https:\/\/api.w.org\/{rel}","templated":true}]}}