{"id":696526,"date":"2018-08-19T03:05:30","date_gmt":"2018-08-19T02:05:30","guid":{"rendered":"https:\/\/www.pressenza.com\/?p=696526"},"modified":"2018-08-19T03:05:30","modified_gmt":"2018-08-19T02:05:30","slug":"milagro-sala-el-tribunal-supremo-pide-que-regrese-al-arresto-domiciliario","status":"publish","type":"post","link":"https:\/\/www.pressenza.com\/es\/2018\/08\/milagro-sala-el-tribunal-supremo-pide-que-regrese-al-arresto-domiciliario\/","title":{"rendered":"Milagro Sala: El Tribunal Supremo pide que regrese al arresto domiciliario"},"content":{"rendered":"<p>El martes 14, la Corte Suprema de Justicia de la Naci\u00f3n solicit\u00f3 al Tribunal de la Provincia de Jujuy \u00abdar pleno e inmediato efecto\u00bb a la sentencia anterior de la misma Corte -firmada el 5 de diciembre del a\u00f1o pasado- que orden\u00f3 la sustituci\u00f3n de la prisi\u00f3n preventiva de Milagro Sala por el arresto domiciliario. De esta manera, la Corte Suprema de Justicia le orden\u00f3 dar cumplimiento a la sentencia de la Corte Interamericana de Derechos Humanos del 27 de noviembre de 2017.<\/p>\n<p>Seg\u00fan la opini\u00f3n un\u00e1nime de Ricardo Lorenzetti, Juan Carlos Maqueda, Elena Highton de Nolasco, Horacio Rosatti y Carlos Rosenkrantz, la sustituci\u00f3n de la pena tradicional de prisi\u00f3n \u00abdebe producirse en su residencia o en su lugar de residencia habitual\u00bb o, en todo caso, con una medida a\u00fan menos restrictiva de arresto domiciliario.<\/p>\n<p>La l\u00edder de T\u00fapac Amaru ha sido recluida, la semana pasada, en el Complejo Penitenciario General Federal G\u00fcemes en Salta.<\/p>\n<p>La sentencia de la Corte se dict\u00f3 el martes a trav\u00e9s del Centro de Informaci\u00f3n Judicial (IGC), el sitio web de la instituci\u00f3n judicial. En el texto de cuatro p\u00e1ginas, los cinco miembros del m\u00e1s alto tribunal ordenaron que las medidas necesarias para \u00absalvaguardar la vida, la integridad personal y la salud de la se\u00f1ora Milagro Amalia \u00c1ngela Sala\u00bb se deben adoptar \u00abcon car\u00e1cter de urgencia\u00bb.<\/p>\n<p>Adem\u00e1s, la sentencia de la Corte exige que el Tribunal de Jujuy informe \u00ablas razones por las que su decisi\u00f3n no fue conocida\u00bb, de fecha 5 de diciembre de 2017, \u00abtan pronto como se orden\u00f3 el arresto domiciliario\u00bb.<\/p>\n<p>Los familiares de Milagro Sala acusan al juez Pullen Llermanos de no haber respetado nunca los preceptos establecidos por la CIDH y el Tribunal Supremo, a partir de la decisi\u00f3n de no enviarla a su residencia bajo arresto domiciliario, sino a esa alejada del centro de El Carmen, a 25 kil\u00f3metros de la capital.<\/p>\n<p>El Comit\u00e9 para la Liberaci\u00f3n de Milagro Sala ha cancelado la manifestaci\u00f3n programada para ma\u00f1ana jueves 16 en el Obelisco de Buenos Aires que cuestionaba qu\u00e9 hab\u00eda hecho ya la Corte. Milagro Sala contin\u00faa su huelga de hambre en la prisi\u00f3n de Salta.<\/p>\n<p><em>Traducido del italiano por Mar\u00eda Cristina S\u00e1nchez<\/em><\/p>\n","protected":false},"excerpt":{"rendered":"<p>El martes 14, la Corte Suprema de Justicia de la Naci\u00f3n solicit\u00f3 al Tribunal de la Provincia de Jujuy \u00abdar pleno e inmediato efecto\u00bb a la sentencia anterior de la misma Corte -firmada el 5 de diciembre del a\u00f1o pasado-&hellip;<\/p>\n","protected":false},"author":594,"featured_media":694334,"comment_status":"closed","ping_status":"closed","sticky":false,"template":"","format":"standard","meta":{"footnotes":""},"categories":[11389,79,39,67],"tags":[26,5654,7399,1266,1096],"class_list":["post-696526","post","type-post","status-publish","format-standard","has-post-thumbnail","hentry","category-contenido-original","category-derechos-humanos","category-internacional","category-sudamerica","tag-argentina","tag-corte-suprema","tag-jujuy","tag-milagro-sala","tag-tupac-amaru"],"yoast_head":"<!-- This site is optimized with the Yoast SEO plugin v27.1.1 - https:\/\/yoast.com\/product\/yoast-seo-wordpress\/ -->\n<title>Milagro Sala: El Tribunal Supremo pide que regrese al arresto domiciliario<\/title>\n<meta name=\"description\" content=\"El martes 14, la Corte Suprema de Justicia de la Naci\u00f3n solicit\u00f3 al Tribunal de la Provincia de Jujuy &quot;dar pleno e inmediato efecto&quot; a la sentencia\" \/>\n<meta name=\"robots\" content=\"index, follow, max-snippet:-1, max-image-preview:large, max-video-preview:-1\" \/>\n<link rel=\"canonical\" href=\"https:\/\/www.pressenza.com\/es\/2018\/08\/milagro-sala-el-tribunal-supremo-pide-que-regrese-al-arresto-domiciliario\/\" \/>\n<meta property=\"og:locale\" content=\"es_ES\" \/>\n<meta property=\"og:type\" content=\"article\" \/>\n<meta property=\"og:title\" content=\"Milagro Sala: El Tribunal Supremo pide que regrese al arresto domiciliario\" \/>\n<meta property=\"og:description\" content=\"El martes 14, la Corte Suprema de Justicia de la Naci\u00f3n solicit\u00f3 al Tribunal de la Provincia de Jujuy &quot;dar pleno e inmediato efecto&quot; a la sentencia\" \/>\n<meta property=\"og:url\" content=\"https:\/\/www.pressenza.com\/es\/2018\/08\/milagro-sala-el-tribunal-supremo-pide-que-regrese-al-arresto-domiciliario\/\" \/>\n<meta property=\"og:site_name\" content=\"Pressenza\" \/>\n<meta property=\"article:publisher\" content=\"https:\/\/www.facebook.com\/PressenzaItalia\" \/>\n<meta property=\"article:author\" content=\"https:\/\/www.facebook.com\/PressenzaItalia\" \/>\n<meta property=\"article:published_time\" content=\"2018-08-19T02:05:30+00:00\" \/>\n<meta property=\"og:image\" content=\"https:\/\/www.pressenza.com\/wp-content\/uploads\/2018\/08\/Milagro-Sala-1.jpg\" \/>\n\t<meta property=\"og:image:width\" content=\"760\" \/>\n\t<meta property=\"og:image:height\" content=\"505\" \/>\n\t<meta property=\"og:image:type\" content=\"image\/jpeg\" \/>\n<meta name=\"author\" content=\"Redazione Italia\" \/>\n<meta name=\"twitter:card\" content=\"summary_large_image\" \/>\n<meta name=\"twitter:creator\" content=\"@pressenza_it\" \/>\n<meta name=\"twitter:site\" content=\"@PressenzaIPA\" \/>\n<meta name=\"twitter:label1\" content=\"Escrito por\" \/>\n\t<meta name=\"twitter:data1\" content=\"Redazione Italia\" \/>\n\t<meta name=\"twitter:label2\" content=\"Tiempo de lectura\" \/>\n\t<meta name=\"twitter:data2\" content=\"2 minutos\" \/>\n<script type=\"application\/ld+json\" class=\"yoast-schema-graph\">{\"@context\":\"https:\/\/schema.org\",\"@graph\":[{\"@type\":\"Article\",\"@id\":\"https:\/\/www.pressenza.com\/es\/2018\/08\/milagro-sala-el-tribunal-supremo-pide-que-regrese-al-arresto-domiciliario\/#article\",\"isPartOf\":{\"@id\":\"https:\/\/www.pressenza.com\/es\/2018\/08\/milagro-sala-el-tribunal-supremo-pide-que-regrese-al-arresto-domiciliario\/\"},\"author\":{\"name\":\"Redazione Italia\",\"@id\":\"https:\/\/www.pressenza.com\/es\/#\/schema\/person\/d983e81827ae24f2c7b1a2123d197f8d\"},\"headline\":\"Milagro Sala: El Tribunal Supremo pide que regrese al arresto domiciliario\",\"datePublished\":\"2018-08-19T02:05:30+00:00\",\"mainEntityOfPage\":{\"@id\":\"https:\/\/www.pressenza.com\/es\/2018\/08\/milagro-sala-el-tribunal-supremo-pide-que-regrese-al-arresto-domiciliario\/\"},\"wordCount\":398,\"publisher\":{\"@id\":\"https:\/\/www.pressenza.com\/es\/#organization\"},\"image\":{\"@id\":\"https:\/\/www.pressenza.com\/es\/2018\/08\/milagro-sala-el-tribunal-supremo-pide-que-regrese-al-arresto-domiciliario\/#primaryimage\"},\"thumbnailUrl\":\"https:\/\/www.pressenza.com\/wp-content\/uploads\/2018\/08\/Milagro-Sala-1.jpg\",\"keywords\":[\"Argentina\",\"Corte Suprema\",\"Jujuy\",\"Milagro Sala\",\"Tupac Amaru\"],\"articleSection\":[\"Contenido Original\",\"Derechos Humanos\",\"Internacional\",\"Sudam\u00e9rica\"],\"inLanguage\":\"es\"},{\"@type\":\"WebPage\",\"@id\":\"https:\/\/www.pressenza.com\/es\/2018\/08\/milagro-sala-el-tribunal-supremo-pide-que-regrese-al-arresto-domiciliario\/\",\"url\":\"https:\/\/www.pressenza.com\/es\/2018\/08\/milagro-sala-el-tribunal-supremo-pide-que-regrese-al-arresto-domiciliario\/\",\"name\":\"Milagro Sala: El Tribunal Supremo pide que regrese al arresto domiciliario\",\"isPartOf\":{\"@id\":\"https:\/\/www.pressenza.com\/es\/#website\"},\"primaryImageOfPage\":{\"@id\":\"https:\/\/www.pressenza.com\/es\/2018\/08\/milagro-sala-el-tribunal-supremo-pide-que-regrese-al-arresto-domiciliario\/#primaryimage\"},\"image\":{\"@id\":\"https:\/\/www.pressenza.com\/es\/2018\/08\/milagro-sala-el-tribunal-supremo-pide-que-regrese-al-arresto-domiciliario\/#primaryimage\"},\"thumbnailUrl\":\"https:\/\/www.pressenza.com\/wp-content\/uploads\/2018\/08\/Milagro-Sala-1.jpg\",\"datePublished\":\"2018-08-19T02:05:30+00:00\",\"description\":\"El martes 14, la Corte Suprema de Justicia de la Naci\u00f3n solicit\u00f3 al Tribunal de la Provincia de Jujuy \\\"dar pleno e inmediato efecto\\\" a la sentencia\",\"breadcrumb\":{\"@id\":\"https:\/\/www.pressenza.com\/es\/2018\/08\/milagro-sala-el-tribunal-supremo-pide-que-regrese-al-arresto-domiciliario\/#breadcrumb\"},\"inLanguage\":\"es\",\"potentialAction\":[{\"@type\":\"ReadAction\",\"target\":[\"https:\/\/www.pressenza.com\/es\/2018\/08\/milagro-sala-el-tribunal-supremo-pide-que-regrese-al-arresto-domiciliario\/\"]}]},{\"@type\":\"ImageObject\",\"inLanguage\":\"es\",\"@id\":\"https:\/\/www.pressenza.com\/es\/2018\/08\/milagro-sala-el-tribunal-supremo-pide-que-regrese-al-arresto-domiciliario\/#primaryimage\",\"url\":\"https:\/\/www.pressenza.com\/wp-content\/uploads\/2018\/08\/Milagro-Sala-1.jpg\",\"contentUrl\":\"https:\/\/www.pressenza.com\/wp-content\/uploads\/2018\/08\/Milagro-Sala-1.jpg\",\"width\":760,\"height\":505,\"caption\":\"Milagro Sala : La Cour supr\u00eame demande le retour \u00e0 la d\u00e9tention domiciliaire\"},{\"@type\":\"BreadcrumbList\",\"@id\":\"https:\/\/www.pressenza.com\/es\/2018\/08\/milagro-sala-el-tribunal-supremo-pide-que-regrese-al-arresto-domiciliario\/#breadcrumb\",\"itemListElement\":[{\"@type\":\"ListItem\",\"position\":1,\"name\":\"Accueil\",\"item\":\"https:\/\/www.pressenza.com\/es\/\"},{\"@type\":\"ListItem\",\"position\":2,\"name\":\"Milagro Sala: El Tribunal Supremo pide que regrese al arresto domiciliario\"}]},{\"@type\":\"WebSite\",\"@id\":\"https:\/\/www.pressenza.com\/es\/#website\",\"url\":\"https:\/\/www.pressenza.com\/es\/\",\"name\":\"Pressenza\",\"description\":\"International Press Agency\",\"publisher\":{\"@id\":\"https:\/\/www.pressenza.com\/es\/#organization\"},\"potentialAction\":[{\"@type\":\"SearchAction\",\"target\":{\"@type\":\"EntryPoint\",\"urlTemplate\":\"https:\/\/www.pressenza.com\/es\/?s={search_term_string}\"},\"query-input\":{\"@type\":\"PropertyValueSpecification\",\"valueRequired\":true,\"valueName\":\"search_term_string\"}}],\"inLanguage\":\"es\"},{\"@type\":\"Organization\",\"@id\":\"https:\/\/www.pressenza.com\/es\/#organization\",\"name\":\"Pressenza\",\"url\":\"https:\/\/www.pressenza.com\/es\/\",\"logo\":{\"@type\":\"ImageObject\",\"inLanguage\":\"es\",\"@id\":\"https:\/\/www.pressenza.com\/es\/#\/schema\/logo\/image\/\",\"url\":\"https:\/\/www.pressenza.com\/wp-content\/uploads\/2022\/10\/pressenza_logo_200x200.jpg\",\"contentUrl\":\"https:\/\/www.pressenza.com\/wp-content\/uploads\/2022\/10\/pressenza_logo_200x200.jpg\",\"width\":200,\"height\":200,\"caption\":\"Pressenza\"},\"image\":{\"@id\":\"https:\/\/www.pressenza.com\/es\/#\/schema\/logo\/image\/\"},\"sameAs\":[\"https:\/\/www.facebook.com\/PressenzaItalia\",\"https:\/\/x.com\/PressenzaIPA\"]},{\"@type\":\"Person\",\"@id\":\"https:\/\/www.pressenza.com\/es\/#\/schema\/person\/d983e81827ae24f2c7b1a2123d197f8d\",\"name\":\"Redazione Italia\",\"description\":\"News from the Pressenza Bureau in Italy\",\"sameAs\":[\"https:\/\/www.pressenza.com\/it\/author\/redazione-italia\/\",\"https:\/\/www.facebook.com\/PressenzaItalia\",\"https:\/\/www.instagram.com\/pressenza_italia\/\",\"https:\/\/x.com\/pressenza_it\",\"https:\/\/www.youtube.com\/channel\/UCSalEIWjE1RSxkwjfftFuqg\"],\"url\":\"https:\/\/www.pressenza.com\/es\/author\/redazione-italia\/\"}]}<\/script>\n<!-- \/ Yoast SEO plugin. -->","yoast_head_json":{"title":"Milagro Sala: El Tribunal Supremo pide que regrese al arresto domiciliario","description":"El martes 14, la Corte Suprema de Justicia de la Naci\u00f3n solicit\u00f3 al Tribunal de la Provincia de Jujuy \"dar pleno e inmediato efecto\" a la sentencia","robots":{"index":"index","follow":"follow","max-snippet":"max-snippet:-1","max-image-preview":"max-image-preview:large","max-video-preview":"max-video-preview:-1"},"canonical":"https:\/\/www.pressenza.com\/es\/2018\/08\/milagro-sala-el-tribunal-supremo-pide-que-regrese-al-arresto-domiciliario\/","og_locale":"es_ES","og_type":"article","og_title":"Milagro Sala: El Tribunal Supremo pide que regrese al arresto domiciliario","og_description":"El martes 14, la Corte Suprema de Justicia de la Naci\u00f3n solicit\u00f3 al Tribunal de la Provincia de Jujuy \"dar pleno e inmediato efecto\" a la sentencia","og_url":"https:\/\/www.pressenza.com\/es\/2018\/08\/milagro-sala-el-tribunal-supremo-pide-que-regrese-al-arresto-domiciliario\/","og_site_name":"Pressenza","article_publisher":"https:\/\/www.facebook.com\/PressenzaItalia","article_author":"https:\/\/www.facebook.com\/PressenzaItalia","article_published_time":"2018-08-19T02:05:30+00:00","og_image":[{"width":760,"height":505,"url":"https:\/\/www.pressenza.com\/wp-content\/uploads\/2018\/08\/Milagro-Sala-1.jpg","type":"image\/jpeg"}],"author":"Redazione Italia","twitter_card":"summary_large_image","twitter_creator":"@pressenza_it","twitter_site":"@PressenzaIPA","twitter_misc":{"Escrito por":"Redazione Italia","Tiempo de lectura":"2 minutos"},"schema":{"@context":"https:\/\/schema.org","@graph":[{"@type":"Article","@id":"https:\/\/www.pressenza.com\/es\/2018\/08\/milagro-sala-el-tribunal-supremo-pide-que-regrese-al-arresto-domiciliario\/#article","isPartOf":{"@id":"https:\/\/www.pressenza.com\/es\/2018\/08\/milagro-sala-el-tribunal-supremo-pide-que-regrese-al-arresto-domiciliario\/"},"author":{"name":"Redazione Italia","@id":"https:\/\/www.pressenza.com\/es\/#\/schema\/person\/d983e81827ae24f2c7b1a2123d197f8d"},"headline":"Milagro Sala: El Tribunal Supremo pide que regrese al arresto domiciliario","datePublished":"2018-08-19T02:05:30+00:00","mainEntityOfPage":{"@id":"https:\/\/www.pressenza.com\/es\/2018\/08\/milagro-sala-el-tribunal-supremo-pide-que-regrese-al-arresto-domiciliario\/"},"wordCount":398,"publisher":{"@id":"https:\/\/www.pressenza.com\/es\/#organization"},"image":{"@id":"https:\/\/www.pressenza.com\/es\/2018\/08\/milagro-sala-el-tribunal-supremo-pide-que-regrese-al-arresto-domiciliario\/#primaryimage"},"thumbnailUrl":"https:\/\/www.pressenza.com\/wp-content\/uploads\/2018\/08\/Milagro-Sala-1.jpg","keywords":["Argentina","Corte Suprema","Jujuy","Milagro Sala","Tupac Amaru"],"articleSection":["Contenido Original","Derechos Humanos","Internacional","Sudam\u00e9rica"],"inLanguage":"es"},{"@type":"WebPage","@id":"https:\/\/www.pressenza.com\/es\/2018\/08\/milagro-sala-el-tribunal-supremo-pide-que-regrese-al-arresto-domiciliario\/","url":"https:\/\/www.pressenza.com\/es\/2018\/08\/milagro-sala-el-tribunal-supremo-pide-que-regrese-al-arresto-domiciliario\/","name":"Milagro Sala: El Tribunal Supremo pide que regrese al arresto domiciliario","isPartOf":{"@id":"https:\/\/www.pressenza.com\/es\/#website"},"primaryImageOfPage":{"@id":"https:\/\/www.pressenza.com\/es\/2018\/08\/milagro-sala-el-tribunal-supremo-pide-que-regrese-al-arresto-domiciliario\/#primaryimage"},"image":{"@id":"https:\/\/www.pressenza.com\/es\/2018\/08\/milagro-sala-el-tribunal-supremo-pide-que-regrese-al-arresto-domiciliario\/#primaryimage"},"thumbnailUrl":"https:\/\/www.pressenza.com\/wp-content\/uploads\/2018\/08\/Milagro-Sala-1.jpg","datePublished":"2018-08-19T02:05:30+00:00","description":"El martes 14, la Corte Suprema de Justicia de la Naci\u00f3n solicit\u00f3 al Tribunal de la Provincia de Jujuy \"dar pleno e inmediato efecto\" a la sentencia","breadcrumb":{"@id":"https:\/\/www.pressenza.com\/es\/2018\/08\/milagro-sala-el-tribunal-supremo-pide-que-regrese-al-arresto-domiciliario\/#breadcrumb"},"inLanguage":"es","potentialAction":[{"@type":"ReadAction","target":["https:\/\/www.pressenza.com\/es\/2018\/08\/milagro-sala-el-tribunal-supremo-pide-que-regrese-al-arresto-domiciliario\/"]}]},{"@type":"ImageObject","inLanguage":"es","@id":"https:\/\/www.pressenza.com\/es\/2018\/08\/milagro-sala-el-tribunal-supremo-pide-que-regrese-al-arresto-domiciliario\/#primaryimage","url":"https:\/\/www.pressenza.com\/wp-content\/uploads\/2018\/08\/Milagro-Sala-1.jpg","contentUrl":"https:\/\/www.pressenza.com\/wp-content\/uploads\/2018\/08\/Milagro-Sala-1.jpg","width":760,"height":505,"caption":"Milagro Sala : La Cour supr\u00eame demande le retour \u00e0 la d\u00e9tention domiciliaire"},{"@type":"BreadcrumbList","@id":"https:\/\/www.pressenza.com\/es\/2018\/08\/milagro-sala-el-tribunal-supremo-pide-que-regrese-al-arresto-domiciliario\/#breadcrumb","itemListElement":[{"@type":"ListItem","position":1,"name":"Accueil","item":"https:\/\/www.pressenza.com\/es\/"},{"@type":"ListItem","position":2,"name":"Milagro Sala: El Tribunal Supremo pide que regrese al arresto domiciliario"}]},{"@type":"WebSite","@id":"https:\/\/www.pressenza.com\/es\/#website","url":"https:\/\/www.pressenza.com\/es\/","name":"Pressenza","description":"International Press Agency","publisher":{"@id":"https:\/\/www.pressenza.com\/es\/#organization"},"potentialAction":[{"@type":"SearchAction","target":{"@type":"EntryPoint","urlTemplate":"https:\/\/www.pressenza.com\/es\/?s={search_term_string}"},"query-input":{"@type":"PropertyValueSpecification","valueRequired":true,"valueName":"search_term_string"}}],"inLanguage":"es"},{"@type":"Organization","@id":"https:\/\/www.pressenza.com\/es\/#organization","name":"Pressenza","url":"https:\/\/www.pressenza.com\/es\/","logo":{"@type":"ImageObject","inLanguage":"es","@id":"https:\/\/www.pressenza.com\/es\/#\/schema\/logo\/image\/","url":"https:\/\/www.pressenza.com\/wp-content\/uploads\/2022\/10\/pressenza_logo_200x200.jpg","contentUrl":"https:\/\/www.pressenza.com\/wp-content\/uploads\/2022\/10\/pressenza_logo_200x200.jpg","width":200,"height":200,"caption":"Pressenza"},"image":{"@id":"https:\/\/www.pressenza.com\/es\/#\/schema\/logo\/image\/"},"sameAs":["https:\/\/www.facebook.com\/PressenzaItalia","https:\/\/x.com\/PressenzaIPA"]},{"@type":"Person","@id":"https:\/\/www.pressenza.com\/es\/#\/schema\/person\/d983e81827ae24f2c7b1a2123d197f8d","name":"Redazione Italia","description":"News from the Pressenza Bureau in Italy","sameAs":["https:\/\/www.pressenza.com\/it\/author\/redazione-italia\/","https:\/\/www.facebook.com\/PressenzaItalia","https:\/\/www.instagram.com\/pressenza_italia\/","https:\/\/x.com\/pressenza_it","https:\/\/www.youtube.com\/channel\/UCSalEIWjE1RSxkwjfftFuqg"],"url":"https:\/\/www.pressenza.com\/es\/author\/redazione-italia\/"}]}},"place":"Buenos Aires","original_article_url":"","_links":{"self":[{"href":"https:\/\/www.pressenza.com\/es\/wp-json\/wp\/v2\/posts\/696526","targetHints":{"allow":["GET"]}}],"collection":[{"href":"https:\/\/www.pressenza.com\/es\/wp-json\/wp\/v2\/posts"}],"about":[{"href":"https:\/\/www.pressenza.com\/es\/wp-json\/wp\/v2\/types\/post"}],"author":[{"embeddable":true,"href":"https:\/\/www.pressenza.com\/es\/wp-json\/wp\/v2\/users\/594"}],"replies":[{"embeddable":true,"href":"https:\/\/www.pressenza.com\/es\/wp-json\/wp\/v2\/comments?post=696526"}],"version-history":[{"count":0,"href":"https:\/\/www.pressenza.com\/es\/wp-json\/wp\/v2\/posts\/696526\/revisions"}],"wp:featuredmedia":[{"embeddable":true,"href":"https:\/\/www.pressenza.com\/es\/wp-json\/wp\/v2\/media\/694334"}],"wp:attachment":[{"href":"https:\/\/www.pressenza.com\/es\/wp-json\/wp\/v2\/media?parent=696526"}],"wp:term":[{"taxonomy":"category","embeddable":true,"href":"https:\/\/www.pressenza.com\/es\/wp-json\/wp\/v2\/categories?post=696526"},{"taxonomy":"post_tag","embeddable":true,"href":"https:\/\/www.pressenza.com\/es\/wp-json\/wp\/v2\/tags?post=696526"}],"curies":[{"name":"wp","href":"https:\/\/api.w.org\/{rel}","templated":true}]}}