{"id":695,"date":"2009-07-12T00:00:00","date_gmt":"2009-07-12T00:00:00","guid":{"rendered":""},"modified":"2009-09-28T05:01:03","modified_gmt":"2009-09-28T05:01:03","slug":"bahais-de-brasil-se-movilizan-en-pro-de-la-liberacixn-de-siete-lxderes-apresados-en-irxn","status":"publish","type":"post","link":"https:\/\/www.pressenza.com\/es\/2009\/07\/bahais-de-brasil-se-movilizan-en-pro-de-la-liberacixn-de-siete-lxderes-apresados-en-irxn\/","title":{"rendered":"Bahais de Brasil se movilizan en pro de la liberaci\u00f3n de siete l\u00edderes apresados en Ir\u00e1n"},"content":{"rendered":"<p>La Comunidad Bahai de Brasil cuenta nuevamente con su apoyo en pro de la defensa de siete l\u00edderes bahais, antiguos miembros del grupo conocido como Yaran, que se encuentran en la Prisi\u00f3n de Evin, en Ir\u00e1n, desde hace m\u00e1s de un a\u00f1o.<br \/>\nSeg\u00fan las \u00faltimas informaciones recibidas, ser\u00e1n juzgadas el d\u00eda 11 de julio de 2009, bajo la jurisdicci\u00f3n del juzgado 28 de la Corte Revolucionaria de Ir\u00e1n.<br \/>\nConforme se manifest\u00f3 en nuestra comunicaci\u00f3n de fecha 16 de febrero de 2009, los siete l\u00edderes bahais formaban un grupo ad hoc, autorizado y reconocido por el Gobierno iran\u00ed, que coordinaba las actividades comunitarias de los 300.000 bahais que residen en el pa\u00eds. No obstante, desde que las autoridades iran\u00edes anunciaran que la formaci\u00f3n y las actividades del grupo eran de car\u00e1cter ilegal, este se disolvi\u00f3, en demostraci\u00f3n voluntaria del principio de obediencia al Gobierno, que observan los bahais.<br \/>\nEs importante reparar en que los cinco hombres y las dos mujeres bahais que van a ser juzgados fueron apresados sin ninguna acusaci\u00f3n formal, y que en el transcurso de m\u00e1s de un a\u00f1o de prisi\u00f3n se les deneg\u00f3 el derecho a defensa letrada. A lo largo de este periodo, se presentaron acusaciones sin pruebas, a la que se suma ahora una nueva acusaci\u00f3n: \u201cpropagaci\u00f3n de corrupci\u00f3n en la Tierra\u201d, punible con la pena de muerte. La Comunidad Internacional Bahai niega categ\u00f3ricamente las acusaciones contra estos siete bahais.<br \/>\nAgencias de las Naciones Unidas han facilitado documentos que apuntan a una campa\u00f1a sistem\u00e1tica del Gobierno iran\u00ed para la aniquilaci\u00f3n de los bahais, dejando patente que la intolerancia religiosa es la verdadera causa de la prisi\u00f3n y juicio de los siete l\u00edderes bahais.  <\/p>\n<p>La manifestaci\u00f3n por parte de la comunidad internacional ha demostrado ser un elemento fundamental para presionar al Gobierno iran\u00ed a garantizar, aunque de forma no del todo satisfactoria, los derechos humanos reservados a estos bahais. La presi\u00f3n internacional ejercida en el reciente caso de la periodista Roxana Saberi, presa bajo acusaciones falsas y sometida a juicio en la misma jurisdicci\u00f3n que los antiguos Yaran, result\u00f3 en la petici\u00f3n de un juicio justo por parte del Presidente Ahmadinejad a la Corte Revolucionaria de Ir\u00e1n, y en la revisi\u00f3n de su pena.<br \/>\nPor lo tanto, pedimos la colaboraci\u00f3n de los simpatizantes para que empleen las acciones y los medios que est\u00e9n a su alcance para expresar su repulsa hacia las inaceptables violaciones de los derechos humanos de estos siete bahais. Pedimos que se articulen pol\u00edticamente para que se retiren las falsas acusaciones y para que los siete l\u00edderes bahais sean liberados y puedan esperar su juicio en libertad, como permite la ley iran\u00ed.<br \/>\nSabemos que las declaraciones realizadas por los simpatizantes de los bahais en su defensa pueden ser manipuladas, y que el veredicto puede haberse decidido ya, convirtiendo al juicio en una mera formalidad. Recientemente, el acceso a los archivos de los prisioneros se ha facilitado a los abogados del Defenders for Human Rights Center, as\u00ed como el comunicado de la fecha del juicio. Los abogados han manifestado su preocupaci\u00f3n por el enorme volumen de los archivos y la consiguiente dificultad para revisar el caso adecuadamente hasta la fecha del juicio.<br \/>\nEn anexo acompa\u00f1amos una minuta dirigida al Presidente de Ir\u00e1n, Mahmoud Ahmadinejad, que podr\u00e1 utilizarse por los simpatizantes como protesta formal, en desaprobaci\u00f3n del tratamiento dispensado a los siete bahais.<br \/>\nSigue, tambi\u00e9n en anexo, un manifiesto p\u00fablico sobre la cuesti\u00f3n, el cual les invitamos a firmar y divulgar.<br \/>\nAsimismo, ser\u00e1n bien recibidas otras acciones que los simpatizantes pueden emprender para hacer visible el caso y expresar preocupaci\u00f3n con la situaci\u00f3n de los bahais en Ir\u00e1n.<br \/>\nOtra contribuci\u00f3n relevante ser\u00eda exigir a las autoridades brasile\u00f1as que env\u00eden un representante diplom\u00e1tico para seguir el juicio o, al menos, que pueda visitar a los prisioneros.  <\/p>\n<p>Este caso demanda una articulaci\u00f3n internacional inmediata; quedamos a disposici\u00f3n de ofrecer un mayor esclarecimiento sobre el mismo, contando con su apoyo y colaboraci\u00f3n.<br \/>\nContacto: rgushiken@terra.com.br<br \/>\nM\u00e1s informaci\u00f3n: secext.bahai.org.br<br \/>\nYoutube: http:\/\/www.youtube.com\/watch?v=_CfxMJiZIRc<\/p>\n","protected":false},"excerpt":{"rendered":"<p>La Comunidad Bahai est\u00e1 movilizando a partidarios y a organizaciones simpatizantes para presionar al Gobierno y a las autoridades iran\u00edes con el fin de que absuelvan a siete l\u00edderes que se encuentran en la Prisi\u00f3n de Evin. El juicio estaba se\u00f1alado para este s\u00e1bado, 11 de julio. Lea la carta enviada por la comunidad brasile\u00f1a.<\/p>\n","protected":false},"author":19,"featured_media":0,"comment_status":"closed","ping_status":"open","sticky":false,"template":"","format":"standard","meta":{"footnotes":""},"categories":[76,39,67],"tags":[],"class_list":["post-695","post","type-post","status-publish","format-standard","hentry","category-relaciones-exteriores","category-internacional","category-sudamerica"],"yoast_head":"<!-- This site is optimized with the Yoast SEO plugin v27.1.1 - https:\/\/yoast.com\/product\/yoast-seo-wordpress\/ -->\n<title>Bahais de Brasil se movilizan en pro de la liberaci\u00f3n de siete l\u00edderes apresados en Ir\u00e1n<\/title>\n<meta name=\"description\" content=\"La Comunidad Bahai est\u00e1 movilizando a partidarios y a organizaciones simpatizantes para presionar al Gobierno y a las autoridades iran\u00edes con el fin de que absuelvan a siete l\u00edderes que se encuentran en la Prisi\u00f3n de Evin. El juicio estaba se\u00f1alado para este s\u00e1bado, 11 de julio. Lea la carta enviada por la comunidad brasile\u00f1a.\" \/>\n<meta name=\"robots\" content=\"index, follow, max-snippet:-1, max-image-preview:large, max-video-preview:-1\" \/>\n<link rel=\"canonical\" href=\"https:\/\/www.pressenza.com\/es\/2009\/07\/bahais-de-brasil-se-movilizan-en-pro-de-la-liberacixn-de-siete-lxderes-apresados-en-irxn\/\" \/>\n<meta property=\"og:locale\" content=\"es_ES\" \/>\n<meta property=\"og:type\" content=\"article\" \/>\n<meta property=\"og:title\" content=\"Bahais de Brasil se movilizan en pro de la liberaci\u00f3n de siete l\u00edderes apresados en Ir\u00e1n\" \/>\n<meta property=\"og:description\" content=\"La Comunidad Bahai est\u00e1 movilizando a partidarios y a organizaciones simpatizantes para presionar al Gobierno y a las autoridades iran\u00edes con el fin de que absuelvan a siete l\u00edderes que se encuentran en la Prisi\u00f3n de Evin. El juicio estaba se\u00f1alado para este s\u00e1bado, 11 de julio. Lea la carta enviada por la comunidad brasile\u00f1a.\" \/>\n<meta property=\"og:url\" content=\"https:\/\/www.pressenza.com\/es\/2009\/07\/bahais-de-brasil-se-movilizan-en-pro-de-la-liberacixn-de-siete-lxderes-apresados-en-irxn\/\" \/>\n<meta property=\"og:site_name\" content=\"Pressenza\" \/>\n<meta property=\"article:publisher\" content=\"https:\/\/www.facebook.com\/PressenzaItalia\" \/>\n<meta property=\"article:author\" content=\"https:\/\/www.facebook.com\/pressenza\" \/>\n<meta property=\"article:published_time\" content=\"2009-07-12T00:00:00+00:00\" \/>\n<meta property=\"article:modified_time\" content=\"2009-09-28T05:01:03+00:00\" \/>\n<meta name=\"author\" content=\"Pressenza IPA\" \/>\n<meta name=\"twitter:card\" content=\"summary_large_image\" \/>\n<meta name=\"twitter:creator\" content=\"@PressenzaIPA\" \/>\n<meta name=\"twitter:site\" content=\"@PressenzaIPA\" \/>\n<meta name=\"twitter:label1\" content=\"Escrito por\" \/>\n\t<meta name=\"twitter:data1\" content=\"Pressenza IPA\" \/>\n\t<meta name=\"twitter:label2\" content=\"Tiempo de lectura\" \/>\n\t<meta name=\"twitter:data2\" content=\"4 minutos\" \/>\n<script type=\"application\/ld+json\" class=\"yoast-schema-graph\">{\"@context\":\"https:\/\/schema.org\",\"@graph\":[{\"@type\":\"Article\",\"@id\":\"https:\/\/www.pressenza.com\/es\/2009\/07\/bahais-de-brasil-se-movilizan-en-pro-de-la-liberacixn-de-siete-lxderes-apresados-en-irxn\/#article\",\"isPartOf\":{\"@id\":\"https:\/\/www.pressenza.com\/es\/2009\/07\/bahais-de-brasil-se-movilizan-en-pro-de-la-liberacixn-de-siete-lxderes-apresados-en-irxn\/\"},\"author\":{\"name\":\"Pressenza IPA\",\"@id\":\"https:\/\/www.pressenza.com\/es\/#\/schema\/person\/010e5d02bcf40965427a1289a4cc8d75\"},\"headline\":\"Bahais de Brasil se movilizan en pro de la liberaci\u00f3n de siete l\u00edderes apresados en Ir\u00e1n\",\"datePublished\":\"2009-07-12T00:00:00+00:00\",\"dateModified\":\"2009-09-28T05:01:03+00:00\",\"mainEntityOfPage\":{\"@id\":\"https:\/\/www.pressenza.com\/es\/2009\/07\/bahais-de-brasil-se-movilizan-en-pro-de-la-liberacixn-de-siete-lxderes-apresados-en-irxn\/\"},\"wordCount\":747,\"publisher\":{\"@id\":\"https:\/\/www.pressenza.com\/es\/#organization\"},\"articleSection\":[\"Asuntos internacionales\",\"Internacional\",\"Sudam\u00e9rica\"],\"inLanguage\":\"es\"},{\"@type\":\"WebPage\",\"@id\":\"https:\/\/www.pressenza.com\/es\/2009\/07\/bahais-de-brasil-se-movilizan-en-pro-de-la-liberacixn-de-siete-lxderes-apresados-en-irxn\/\",\"url\":\"https:\/\/www.pressenza.com\/es\/2009\/07\/bahais-de-brasil-se-movilizan-en-pro-de-la-liberacixn-de-siete-lxderes-apresados-en-irxn\/\",\"name\":\"Bahais de Brasil se movilizan en pro de la liberaci\u00f3n de siete l\u00edderes apresados en Ir\u00e1n\",\"isPartOf\":{\"@id\":\"https:\/\/www.pressenza.com\/es\/#website\"},\"datePublished\":\"2009-07-12T00:00:00+00:00\",\"dateModified\":\"2009-09-28T05:01:03+00:00\",\"description\":\"La Comunidad Bahai est\u00e1 movilizando a partidarios y a organizaciones simpatizantes para presionar al Gobierno y a las autoridades iran\u00edes con el fin de que absuelvan a siete l\u00edderes que se encuentran en la Prisi\u00f3n de Evin. El juicio estaba se\u00f1alado para este s\u00e1bado, 11 de julio. Lea la carta enviada por la comunidad brasile\u00f1a.\",\"breadcrumb\":{\"@id\":\"https:\/\/www.pressenza.com\/es\/2009\/07\/bahais-de-brasil-se-movilizan-en-pro-de-la-liberacixn-de-siete-lxderes-apresados-en-irxn\/#breadcrumb\"},\"inLanguage\":\"es\",\"potentialAction\":[{\"@type\":\"ReadAction\",\"target\":[\"https:\/\/www.pressenza.com\/es\/2009\/07\/bahais-de-brasil-se-movilizan-en-pro-de-la-liberacixn-de-siete-lxderes-apresados-en-irxn\/\"]}]},{\"@type\":\"BreadcrumbList\",\"@id\":\"https:\/\/www.pressenza.com\/es\/2009\/07\/bahais-de-brasil-se-movilizan-en-pro-de-la-liberacixn-de-siete-lxderes-apresados-en-irxn\/#breadcrumb\",\"itemListElement\":[{\"@type\":\"ListItem\",\"position\":1,\"name\":\"Accueil\",\"item\":\"https:\/\/www.pressenza.com\/es\/\"},{\"@type\":\"ListItem\",\"position\":2,\"name\":\"Bahais de Brasil se movilizan en pro de la liberaci\u00f3n de siete l\u00edderes apresados en Ir\u00e1n\"}]},{\"@type\":\"WebSite\",\"@id\":\"https:\/\/www.pressenza.com\/es\/#website\",\"url\":\"https:\/\/www.pressenza.com\/es\/\",\"name\":\"Pressenza\",\"description\":\"International Press Agency\",\"publisher\":{\"@id\":\"https:\/\/www.pressenza.com\/es\/#organization\"},\"potentialAction\":[{\"@type\":\"SearchAction\",\"target\":{\"@type\":\"EntryPoint\",\"urlTemplate\":\"https:\/\/www.pressenza.com\/es\/?s={search_term_string}\"},\"query-input\":{\"@type\":\"PropertyValueSpecification\",\"valueRequired\":true,\"valueName\":\"search_term_string\"}}],\"inLanguage\":\"es\"},{\"@type\":\"Organization\",\"@id\":\"https:\/\/www.pressenza.com\/es\/#organization\",\"name\":\"Pressenza\",\"url\":\"https:\/\/www.pressenza.com\/es\/\",\"logo\":{\"@type\":\"ImageObject\",\"inLanguage\":\"es\",\"@id\":\"https:\/\/www.pressenza.com\/es\/#\/schema\/logo\/image\/\",\"url\":\"https:\/\/www.pressenza.com\/wp-content\/uploads\/2022\/10\/pressenza_logo_200x200.jpg\",\"contentUrl\":\"https:\/\/www.pressenza.com\/wp-content\/uploads\/2022\/10\/pressenza_logo_200x200.jpg\",\"width\":200,\"height\":200,\"caption\":\"Pressenza\"},\"image\":{\"@id\":\"https:\/\/www.pressenza.com\/es\/#\/schema\/logo\/image\/\"},\"sameAs\":[\"https:\/\/www.facebook.com\/PressenzaItalia\",\"https:\/\/x.com\/PressenzaIPA\"]},{\"@type\":\"Person\",\"@id\":\"https:\/\/www.pressenza.com\/es\/#\/schema\/person\/010e5d02bcf40965427a1289a4cc8d75\",\"name\":\"Pressenza IPA\",\"description\":\"News from Pressenza IPA correspondents\",\"sameAs\":[\"https:\/\/www.facebook.com\/pressenza\",\"https:\/\/x.com\/PressenzaIPA\"],\"url\":\"https:\/\/www.pressenza.com\/es\/author\/pressenza-ipa\/\"}]}<\/script>\n<!-- \/ Yoast SEO plugin. -->","yoast_head_json":{"title":"Bahais de Brasil se movilizan en pro de la liberaci\u00f3n de siete l\u00edderes apresados en Ir\u00e1n","description":"La Comunidad Bahai est\u00e1 movilizando a partidarios y a organizaciones simpatizantes para presionar al Gobierno y a las autoridades iran\u00edes con el fin de que absuelvan a siete l\u00edderes que se encuentran en la Prisi\u00f3n de Evin. El juicio estaba se\u00f1alado para este s\u00e1bado, 11 de julio. Lea la carta enviada por la comunidad brasile\u00f1a.","robots":{"index":"index","follow":"follow","max-snippet":"max-snippet:-1","max-image-preview":"max-image-preview:large","max-video-preview":"max-video-preview:-1"},"canonical":"https:\/\/www.pressenza.com\/es\/2009\/07\/bahais-de-brasil-se-movilizan-en-pro-de-la-liberacixn-de-siete-lxderes-apresados-en-irxn\/","og_locale":"es_ES","og_type":"article","og_title":"Bahais de Brasil se movilizan en pro de la liberaci\u00f3n de siete l\u00edderes apresados en Ir\u00e1n","og_description":"La Comunidad Bahai est\u00e1 movilizando a partidarios y a organizaciones simpatizantes para presionar al Gobierno y a las autoridades iran\u00edes con el fin de que absuelvan a siete l\u00edderes que se encuentran en la Prisi\u00f3n de Evin. El juicio estaba se\u00f1alado para este s\u00e1bado, 11 de julio. Lea la carta enviada por la comunidad brasile\u00f1a.","og_url":"https:\/\/www.pressenza.com\/es\/2009\/07\/bahais-de-brasil-se-movilizan-en-pro-de-la-liberacixn-de-siete-lxderes-apresados-en-irxn\/","og_site_name":"Pressenza","article_publisher":"https:\/\/www.facebook.com\/PressenzaItalia","article_author":"https:\/\/www.facebook.com\/pressenza","article_published_time":"2009-07-12T00:00:00+00:00","article_modified_time":"2009-09-28T05:01:03+00:00","author":"Pressenza IPA","twitter_card":"summary_large_image","twitter_creator":"@PressenzaIPA","twitter_site":"@PressenzaIPA","twitter_misc":{"Escrito por":"Pressenza IPA","Tiempo de lectura":"4 minutos"},"schema":{"@context":"https:\/\/schema.org","@graph":[{"@type":"Article","@id":"https:\/\/www.pressenza.com\/es\/2009\/07\/bahais-de-brasil-se-movilizan-en-pro-de-la-liberacixn-de-siete-lxderes-apresados-en-irxn\/#article","isPartOf":{"@id":"https:\/\/www.pressenza.com\/es\/2009\/07\/bahais-de-brasil-se-movilizan-en-pro-de-la-liberacixn-de-siete-lxderes-apresados-en-irxn\/"},"author":{"name":"Pressenza IPA","@id":"https:\/\/www.pressenza.com\/es\/#\/schema\/person\/010e5d02bcf40965427a1289a4cc8d75"},"headline":"Bahais de Brasil se movilizan en pro de la liberaci\u00f3n de siete l\u00edderes apresados en Ir\u00e1n","datePublished":"2009-07-12T00:00:00+00:00","dateModified":"2009-09-28T05:01:03+00:00","mainEntityOfPage":{"@id":"https:\/\/www.pressenza.com\/es\/2009\/07\/bahais-de-brasil-se-movilizan-en-pro-de-la-liberacixn-de-siete-lxderes-apresados-en-irxn\/"},"wordCount":747,"publisher":{"@id":"https:\/\/www.pressenza.com\/es\/#organization"},"articleSection":["Asuntos internacionales","Internacional","Sudam\u00e9rica"],"inLanguage":"es"},{"@type":"WebPage","@id":"https:\/\/www.pressenza.com\/es\/2009\/07\/bahais-de-brasil-se-movilizan-en-pro-de-la-liberacixn-de-siete-lxderes-apresados-en-irxn\/","url":"https:\/\/www.pressenza.com\/es\/2009\/07\/bahais-de-brasil-se-movilizan-en-pro-de-la-liberacixn-de-siete-lxderes-apresados-en-irxn\/","name":"Bahais de Brasil se movilizan en pro de la liberaci\u00f3n de siete l\u00edderes apresados en Ir\u00e1n","isPartOf":{"@id":"https:\/\/www.pressenza.com\/es\/#website"},"datePublished":"2009-07-12T00:00:00+00:00","dateModified":"2009-09-28T05:01:03+00:00","description":"La Comunidad Bahai est\u00e1 movilizando a partidarios y a organizaciones simpatizantes para presionar al Gobierno y a las autoridades iran\u00edes con el fin de que absuelvan a siete l\u00edderes que se encuentran en la Prisi\u00f3n de Evin. El juicio estaba se\u00f1alado para este s\u00e1bado, 11 de julio. Lea la carta enviada por la comunidad brasile\u00f1a.","breadcrumb":{"@id":"https:\/\/www.pressenza.com\/es\/2009\/07\/bahais-de-brasil-se-movilizan-en-pro-de-la-liberacixn-de-siete-lxderes-apresados-en-irxn\/#breadcrumb"},"inLanguage":"es","potentialAction":[{"@type":"ReadAction","target":["https:\/\/www.pressenza.com\/es\/2009\/07\/bahais-de-brasil-se-movilizan-en-pro-de-la-liberacixn-de-siete-lxderes-apresados-en-irxn\/"]}]},{"@type":"BreadcrumbList","@id":"https:\/\/www.pressenza.com\/es\/2009\/07\/bahais-de-brasil-se-movilizan-en-pro-de-la-liberacixn-de-siete-lxderes-apresados-en-irxn\/#breadcrumb","itemListElement":[{"@type":"ListItem","position":1,"name":"Accueil","item":"https:\/\/www.pressenza.com\/es\/"},{"@type":"ListItem","position":2,"name":"Bahais de Brasil se movilizan en pro de la liberaci\u00f3n de siete l\u00edderes apresados en Ir\u00e1n"}]},{"@type":"WebSite","@id":"https:\/\/www.pressenza.com\/es\/#website","url":"https:\/\/www.pressenza.com\/es\/","name":"Pressenza","description":"International Press Agency","publisher":{"@id":"https:\/\/www.pressenza.com\/es\/#organization"},"potentialAction":[{"@type":"SearchAction","target":{"@type":"EntryPoint","urlTemplate":"https:\/\/www.pressenza.com\/es\/?s={search_term_string}"},"query-input":{"@type":"PropertyValueSpecification","valueRequired":true,"valueName":"search_term_string"}}],"inLanguage":"es"},{"@type":"Organization","@id":"https:\/\/www.pressenza.com\/es\/#organization","name":"Pressenza","url":"https:\/\/www.pressenza.com\/es\/","logo":{"@type":"ImageObject","inLanguage":"es","@id":"https:\/\/www.pressenza.com\/es\/#\/schema\/logo\/image\/","url":"https:\/\/www.pressenza.com\/wp-content\/uploads\/2022\/10\/pressenza_logo_200x200.jpg","contentUrl":"https:\/\/www.pressenza.com\/wp-content\/uploads\/2022\/10\/pressenza_logo_200x200.jpg","width":200,"height":200,"caption":"Pressenza"},"image":{"@id":"https:\/\/www.pressenza.com\/es\/#\/schema\/logo\/image\/"},"sameAs":["https:\/\/www.facebook.com\/PressenzaItalia","https:\/\/x.com\/PressenzaIPA"]},{"@type":"Person","@id":"https:\/\/www.pressenza.com\/es\/#\/schema\/person\/010e5d02bcf40965427a1289a4cc8d75","name":"Pressenza IPA","description":"News from Pressenza IPA correspondents","sameAs":["https:\/\/www.facebook.com\/pressenza","https:\/\/x.com\/PressenzaIPA"],"url":"https:\/\/www.pressenza.com\/es\/author\/pressenza-ipa\/"}]}},"place":"Sap Paulo","original_article_url":"","_links":{"self":[{"href":"https:\/\/www.pressenza.com\/es\/wp-json\/wp\/v2\/posts\/695","targetHints":{"allow":["GET"]}}],"collection":[{"href":"https:\/\/www.pressenza.com\/es\/wp-json\/wp\/v2\/posts"}],"about":[{"href":"https:\/\/www.pressenza.com\/es\/wp-json\/wp\/v2\/types\/post"}],"author":[{"embeddable":true,"href":"https:\/\/www.pressenza.com\/es\/wp-json\/wp\/v2\/users\/19"}],"replies":[{"embeddable":true,"href":"https:\/\/www.pressenza.com\/es\/wp-json\/wp\/v2\/comments?post=695"}],"version-history":[{"count":0,"href":"https:\/\/www.pressenza.com\/es\/wp-json\/wp\/v2\/posts\/695\/revisions"}],"wp:attachment":[{"href":"https:\/\/www.pressenza.com\/es\/wp-json\/wp\/v2\/media?parent=695"}],"wp:term":[{"taxonomy":"category","embeddable":true,"href":"https:\/\/www.pressenza.com\/es\/wp-json\/wp\/v2\/categories?post=695"},{"taxonomy":"post_tag","embeddable":true,"href":"https:\/\/www.pressenza.com\/es\/wp-json\/wp\/v2\/tags?post=695"}],"curies":[{"name":"wp","href":"https:\/\/api.w.org\/{rel}","templated":true}]}}