{"id":694424,"date":"2018-08-16T02:24:48","date_gmt":"2018-08-16T01:24:48","guid":{"rendered":"https:\/\/www.pressenza.com\/?p=694424"},"modified":"2018-08-16T02:24:48","modified_gmt":"2018-08-16T01:24:48","slug":"conferencia-regional-africana-sobre-desarme-nuclear-y-armas-autonomas-se-desarrolla-en-pretoria","status":"publish","type":"post","link":"https:\/\/www.pressenza.com\/es\/2018\/08\/conferencia-regional-africana-sobre-desarme-nuclear-y-armas-autonomas-se-desarrolla-en-pretoria\/","title":{"rendered":"Conferencia Regional Africana sobre Desarme nuclear y armas aut\u00f3nomas se desarrolla en Pretoria"},"content":{"rendered":"<p>El 16 y 17 de Agosto tendr\u00e1 lugar en Pretoria la Conferencia Regional Africana sobre Desarme nuclear y Armas letales aut\u00f3nomas.<\/p>\n<p>El evento es organizado conjuntamente por la Campa\u00f1a Internacional para la Abolici\u00f3n de Armas Nucleares (ICAN), alianza que recibi\u00f3 el Premio Nobel de la Paz en 2017 y el Departamento de Relaciones Internacionales y Cooperaci\u00f3n de Sud\u00e1frica.<\/p>\n<p>El prop\u00f3sito de la conferencia, en la que participar\u00e1n diplom\u00e1ticos, organizaciones internacionales y de la sociedad civil, es discutir v\u00edas para avanzar en el proceso de entrada en vigor del Tratado de Prohibici\u00f3n de Armas Nucleares, aprobado en Naciones Unidas en Julio del a\u00f1o pasado.<\/p>\n<p>El tratado es un logro hist\u00f3rico, dado que la eliminaci\u00f3n de armas de destrucci\u00f3n masiva ha estado en la agenda multilateral por m\u00e1s de 70 a\u00f1os, desde el mismo de momento de la primera resoluci\u00f3n de la Asamblea General de Naciones Unidas en 1946.<\/p>\n<p>Los asistentes analizar\u00e1n tambi\u00e9n la cuesti\u00f3n de los sistemas de armas letales aut\u00f3nomos (LAWS por sus siglas en ingl\u00e9s), armamento que engloba todos aquellos dispositivos que una vez activados tienen capacidad de elegir y atacar objetivos sin mediar control humano.<\/p>\n<p>Las discusiones se focalizar\u00e1n en el amplio abanico de consideraciones humanitarias, \u00e9ticas, legales y tecnol\u00f3gicas que arroja el desarrollo actual de ese tipo de armas.<\/p>\n<p>La Conferencia Regional servir\u00e1 como un nuevo foro preparatorio para las sesiones sobre armamento aut\u00f3nomo que tendr\u00e1n lugar en Agosto en Ginebra, a fin de recabar m\u00e1s apoyos al inicio de tratativas para un Tratado de Prohibici\u00f3n de estos sistemas, similar al ya aprobado en relaci\u00f3n a los dem\u00e1s tipos de armamento de destrucci\u00f3n masiva.<\/p>\n<p>Al mismo tiempo, se alentar\u00e1 a aquellos pa\u00edses que a\u00fan no lo han hecho, a adherir y\u00a0 ratificar el tratado de abolici\u00f3n de armas nucleares, que entrar\u00e1 en vigor cuando al menos 50 naciones lo hayan ratificado.<\/p>\n<hr \/>\n<p>(*) Elaborado con informaci\u00f3n distribuida por el APO Group, por encargo del Departamento de Relaciones Internacionales y Cooperaci\u00f3n de la Rep\u00fablica de Sud \u00c1frica.<\/p>\n<p><img loading=\"lazy\" decoding=\"async\" class=\"alignnone size-large wp-image-694481\" src=\"https:\/\/www.pressenza.com\/wp-content\/uploads\/2018\/08\/conf-720x347.jpg\" alt=\"\" width=\"720\" height=\"347\" srcset=\"https:\/\/www.pressenza.com\/wp-content\/uploads\/2018\/08\/conf-720x347.jpg 720w, https:\/\/www.pressenza.com\/wp-content\/uploads\/2018\/08\/conf-300x145.jpg 300w, https:\/\/www.pressenza.com\/wp-content\/uploads\/2018\/08\/conf-768x371.jpg 768w, https:\/\/www.pressenza.com\/wp-content\/uploads\/2018\/08\/conf.jpg 800w\" sizes=\"auto, (max-width: 720px) 100vw, 720px\" \/><\/p>\n<p>&nbsp;<\/p>\n","protected":false},"excerpt":{"rendered":"<p>El 16 y 17 de Agosto tendr\u00e1 lugar en Pretoria la Conferencia Regional Africana sobre Desarme nuclear y Armas letales aut\u00f3nomas. El evento es organizado conjuntamente por la Campa\u00f1a Internacional para la Abolici\u00f3n de Armas Nucleares (ICAN), alianza que recibi\u00f3&hellip;<\/p>\n","protected":false},"author":19,"featured_media":694491,"comment_status":"closed","ping_status":"closed","sticky":false,"template":"","format":"standard","meta":{"footnotes":""},"categories":[64,11389,39,1243,20607],"tags":[41620,650,4707,40880],"class_list":["post-694424","post","type-post","status-publish","format-standard","has-post-thumbnail","hentry","category-africa-es","category-contenido-original","category-internacional","category-paz-desarme","category-sin-categorizar","tag-armas-autonomas-letales","tag-desarme-nuclear","tag-ican-es","tag-tratado-prohibicion-armas-nucleares"],"yoast_head":"<!-- This site is optimized with the Yoast SEO plugin v27.1.1 - https:\/\/yoast.com\/product\/yoast-seo-wordpress\/ -->\n<title>Conferencia Regional Africana sobre Desarme nuclear y armas aut\u00f3nomas se desarrolla en Pretoria<\/title>\n<meta name=\"description\" content=\"El 16 y 17 de Agosto tendr\u00e1 lugar en Pretoria la Conferencia Regional Africana sobre Desarme nuclear y Armas letales aut\u00f3nomas. El evento es organizado\" \/>\n<meta name=\"robots\" content=\"index, follow, max-snippet:-1, max-image-preview:large, max-video-preview:-1\" \/>\n<link rel=\"canonical\" href=\"https:\/\/www.pressenza.com\/es\/2018\/08\/conferencia-regional-africana-sobre-desarme-nuclear-y-armas-autonomas-se-desarrolla-en-pretoria\/\" \/>\n<meta property=\"og:locale\" content=\"es_ES\" \/>\n<meta property=\"og:type\" content=\"article\" \/>\n<meta property=\"og:title\" content=\"Conferencia Regional Africana sobre Desarme nuclear y armas aut\u00f3nomas se desarrolla en Pretoria\" \/>\n<meta property=\"og:description\" content=\"El 16 y 17 de Agosto tendr\u00e1 lugar en Pretoria la Conferencia Regional Africana sobre Desarme nuclear y Armas letales aut\u00f3nomas. El evento es organizado\" \/>\n<meta property=\"og:url\" content=\"https:\/\/www.pressenza.com\/es\/2018\/08\/conferencia-regional-africana-sobre-desarme-nuclear-y-armas-autonomas-se-desarrolla-en-pretoria\/\" \/>\n<meta property=\"og:site_name\" content=\"Pressenza\" \/>\n<meta property=\"article:publisher\" content=\"https:\/\/www.facebook.com\/PressenzaItalia\" \/>\n<meta property=\"article:author\" content=\"https:\/\/www.facebook.com\/pressenza\" \/>\n<meta property=\"article:published_time\" content=\"2018-08-16T01:24:48+00:00\" \/>\n<meta property=\"og:image\" content=\"https:\/\/www.pressenza.com\/wp-content\/uploads\/2018\/08\/3414063865_87fcaf2ea2_o.jpg\" \/>\n\t<meta property=\"og:image:width\" content=\"1024\" \/>\n\t<meta property=\"og:image:height\" content=\"683\" \/>\n\t<meta property=\"og:image:type\" content=\"image\/jpeg\" \/>\n<meta name=\"author\" content=\"Pressenza IPA\" \/>\n<meta name=\"twitter:card\" content=\"summary_large_image\" \/>\n<meta name=\"twitter:creator\" content=\"@PressenzaIPA\" \/>\n<meta name=\"twitter:site\" content=\"@PressenzaIPA\" \/>\n<meta name=\"twitter:label1\" content=\"Escrito por\" \/>\n\t<meta name=\"twitter:data1\" content=\"Pressenza IPA\" \/>\n\t<meta name=\"twitter:label2\" content=\"Tiempo de lectura\" \/>\n\t<meta name=\"twitter:data2\" content=\"2 minutos\" \/>\n<script type=\"application\/ld+json\" class=\"yoast-schema-graph\">{\"@context\":\"https:\/\/schema.org\",\"@graph\":[{\"@type\":\"Article\",\"@id\":\"https:\/\/www.pressenza.com\/es\/2018\/08\/conferencia-regional-africana-sobre-desarme-nuclear-y-armas-autonomas-se-desarrolla-en-pretoria\/#article\",\"isPartOf\":{\"@id\":\"https:\/\/www.pressenza.com\/es\/2018\/08\/conferencia-regional-africana-sobre-desarme-nuclear-y-armas-autonomas-se-desarrolla-en-pretoria\/\"},\"author\":{\"name\":\"Pressenza IPA\",\"@id\":\"https:\/\/www.pressenza.com\/es\/#\/schema\/person\/010e5d02bcf40965427a1289a4cc8d75\"},\"headline\":\"Conferencia Regional Africana sobre Desarme nuclear y armas aut\u00f3nomas se desarrolla en Pretoria\",\"datePublished\":\"2018-08-16T01:24:48+00:00\",\"mainEntityOfPage\":{\"@id\":\"https:\/\/www.pressenza.com\/es\/2018\/08\/conferencia-regional-africana-sobre-desarme-nuclear-y-armas-autonomas-se-desarrolla-en-pretoria\/\"},\"wordCount\":373,\"publisher\":{\"@id\":\"https:\/\/www.pressenza.com\/es\/#organization\"},\"image\":{\"@id\":\"https:\/\/www.pressenza.com\/es\/2018\/08\/conferencia-regional-africana-sobre-desarme-nuclear-y-armas-autonomas-se-desarrolla-en-pretoria\/#primaryimage\"},\"thumbnailUrl\":\"https:\/\/www.pressenza.com\/wp-content\/uploads\/2018\/08\/3414063865_87fcaf2ea2_o.jpg\",\"keywords\":[\"Armas aut\u00f3nomas letales\",\"Desarme nuclear\",\"ICAN\",\"tratado prohibici\u00f3n armas nucleares\"],\"articleSection\":[\"Africa\",\"Contenido Original\",\"Internacional\",\"Paz y Desarme\",\"Sin categorizar\"],\"inLanguage\":\"es\"},{\"@type\":\"WebPage\",\"@id\":\"https:\/\/www.pressenza.com\/es\/2018\/08\/conferencia-regional-africana-sobre-desarme-nuclear-y-armas-autonomas-se-desarrolla-en-pretoria\/\",\"url\":\"https:\/\/www.pressenza.com\/es\/2018\/08\/conferencia-regional-africana-sobre-desarme-nuclear-y-armas-autonomas-se-desarrolla-en-pretoria\/\",\"name\":\"Conferencia Regional Africana sobre Desarme nuclear y armas aut\u00f3nomas se desarrolla en Pretoria\",\"isPartOf\":{\"@id\":\"https:\/\/www.pressenza.com\/es\/#website\"},\"primaryImageOfPage\":{\"@id\":\"https:\/\/www.pressenza.com\/es\/2018\/08\/conferencia-regional-africana-sobre-desarme-nuclear-y-armas-autonomas-se-desarrolla-en-pretoria\/#primaryimage\"},\"image\":{\"@id\":\"https:\/\/www.pressenza.com\/es\/2018\/08\/conferencia-regional-africana-sobre-desarme-nuclear-y-armas-autonomas-se-desarrolla-en-pretoria\/#primaryimage\"},\"thumbnailUrl\":\"https:\/\/www.pressenza.com\/wp-content\/uploads\/2018\/08\/3414063865_87fcaf2ea2_o.jpg\",\"datePublished\":\"2018-08-16T01:24:48+00:00\",\"description\":\"El 16 y 17 de Agosto tendr\u00e1 lugar en Pretoria la Conferencia Regional Africana sobre Desarme nuclear y Armas letales aut\u00f3nomas. El evento es organizado\",\"breadcrumb\":{\"@id\":\"https:\/\/www.pressenza.com\/es\/2018\/08\/conferencia-regional-africana-sobre-desarme-nuclear-y-armas-autonomas-se-desarrolla-en-pretoria\/#breadcrumb\"},\"inLanguage\":\"es\",\"potentialAction\":[{\"@type\":\"ReadAction\",\"target\":[\"https:\/\/www.pressenza.com\/es\/2018\/08\/conferencia-regional-africana-sobre-desarme-nuclear-y-armas-autonomas-se-desarrolla-en-pretoria\/\"]}]},{\"@type\":\"ImageObject\",\"inLanguage\":\"es\",\"@id\":\"https:\/\/www.pressenza.com\/es\/2018\/08\/conferencia-regional-africana-sobre-desarme-nuclear-y-armas-autonomas-se-desarrolla-en-pretoria\/#primaryimage\",\"url\":\"https:\/\/www.pressenza.com\/wp-content\/uploads\/2018\/08\/3414063865_87fcaf2ea2_o.jpg\",\"contentUrl\":\"https:\/\/www.pressenza.com\/wp-content\/uploads\/2018\/08\/3414063865_87fcaf2ea2_o.jpg\",\"width\":1024,\"height\":683},{\"@type\":\"BreadcrumbList\",\"@id\":\"https:\/\/www.pressenza.com\/es\/2018\/08\/conferencia-regional-africana-sobre-desarme-nuclear-y-armas-autonomas-se-desarrolla-en-pretoria\/#breadcrumb\",\"itemListElement\":[{\"@type\":\"ListItem\",\"position\":1,\"name\":\"Accueil\",\"item\":\"https:\/\/www.pressenza.com\/es\/\"},{\"@type\":\"ListItem\",\"position\":2,\"name\":\"Conferencia Regional Africana sobre Desarme nuclear y armas aut\u00f3nomas se desarrolla en Pretoria\"}]},{\"@type\":\"WebSite\",\"@id\":\"https:\/\/www.pressenza.com\/es\/#website\",\"url\":\"https:\/\/www.pressenza.com\/es\/\",\"name\":\"Pressenza\",\"description\":\"International Press Agency\",\"publisher\":{\"@id\":\"https:\/\/www.pressenza.com\/es\/#organization\"},\"potentialAction\":[{\"@type\":\"SearchAction\",\"target\":{\"@type\":\"EntryPoint\",\"urlTemplate\":\"https:\/\/www.pressenza.com\/es\/?s={search_term_string}\"},\"query-input\":{\"@type\":\"PropertyValueSpecification\",\"valueRequired\":true,\"valueName\":\"search_term_string\"}}],\"inLanguage\":\"es\"},{\"@type\":\"Organization\",\"@id\":\"https:\/\/www.pressenza.com\/es\/#organization\",\"name\":\"Pressenza\",\"url\":\"https:\/\/www.pressenza.com\/es\/\",\"logo\":{\"@type\":\"ImageObject\",\"inLanguage\":\"es\",\"@id\":\"https:\/\/www.pressenza.com\/es\/#\/schema\/logo\/image\/\",\"url\":\"https:\/\/www.pressenza.com\/wp-content\/uploads\/2022\/10\/pressenza_logo_200x200.jpg\",\"contentUrl\":\"https:\/\/www.pressenza.com\/wp-content\/uploads\/2022\/10\/pressenza_logo_200x200.jpg\",\"width\":200,\"height\":200,\"caption\":\"Pressenza\"},\"image\":{\"@id\":\"https:\/\/www.pressenza.com\/es\/#\/schema\/logo\/image\/\"},\"sameAs\":[\"https:\/\/www.facebook.com\/PressenzaItalia\",\"https:\/\/x.com\/PressenzaIPA\"]},{\"@type\":\"Person\",\"@id\":\"https:\/\/www.pressenza.com\/es\/#\/schema\/person\/010e5d02bcf40965427a1289a4cc8d75\",\"name\":\"Pressenza IPA\",\"description\":\"News from Pressenza IPA correspondents\",\"sameAs\":[\"https:\/\/www.facebook.com\/pressenza\",\"https:\/\/x.com\/PressenzaIPA\"],\"url\":\"https:\/\/www.pressenza.com\/es\/author\/pressenza-ipa\/\"}]}<\/script>\n<!-- \/ Yoast SEO plugin. -->","yoast_head_json":{"title":"Conferencia Regional Africana sobre Desarme nuclear y armas aut\u00f3nomas se desarrolla en Pretoria","description":"El 16 y 17 de Agosto tendr\u00e1 lugar en Pretoria la Conferencia Regional Africana sobre Desarme nuclear y Armas letales aut\u00f3nomas. El evento es organizado","robots":{"index":"index","follow":"follow","max-snippet":"max-snippet:-1","max-image-preview":"max-image-preview:large","max-video-preview":"max-video-preview:-1"},"canonical":"https:\/\/www.pressenza.com\/es\/2018\/08\/conferencia-regional-africana-sobre-desarme-nuclear-y-armas-autonomas-se-desarrolla-en-pretoria\/","og_locale":"es_ES","og_type":"article","og_title":"Conferencia Regional Africana sobre Desarme nuclear y armas aut\u00f3nomas se desarrolla en Pretoria","og_description":"El 16 y 17 de Agosto tendr\u00e1 lugar en Pretoria la Conferencia Regional Africana sobre Desarme nuclear y Armas letales aut\u00f3nomas. El evento es organizado","og_url":"https:\/\/www.pressenza.com\/es\/2018\/08\/conferencia-regional-africana-sobre-desarme-nuclear-y-armas-autonomas-se-desarrolla-en-pretoria\/","og_site_name":"Pressenza","article_publisher":"https:\/\/www.facebook.com\/PressenzaItalia","article_author":"https:\/\/www.facebook.com\/pressenza","article_published_time":"2018-08-16T01:24:48+00:00","og_image":[{"width":1024,"height":683,"url":"https:\/\/www.pressenza.com\/wp-content\/uploads\/2018\/08\/3414063865_87fcaf2ea2_o.jpg","type":"image\/jpeg"}],"author":"Pressenza IPA","twitter_card":"summary_large_image","twitter_creator":"@PressenzaIPA","twitter_site":"@PressenzaIPA","twitter_misc":{"Escrito por":"Pressenza IPA","Tiempo de lectura":"2 minutos"},"schema":{"@context":"https:\/\/schema.org","@graph":[{"@type":"Article","@id":"https:\/\/www.pressenza.com\/es\/2018\/08\/conferencia-regional-africana-sobre-desarme-nuclear-y-armas-autonomas-se-desarrolla-en-pretoria\/#article","isPartOf":{"@id":"https:\/\/www.pressenza.com\/es\/2018\/08\/conferencia-regional-africana-sobre-desarme-nuclear-y-armas-autonomas-se-desarrolla-en-pretoria\/"},"author":{"name":"Pressenza IPA","@id":"https:\/\/www.pressenza.com\/es\/#\/schema\/person\/010e5d02bcf40965427a1289a4cc8d75"},"headline":"Conferencia Regional Africana sobre Desarme nuclear y armas aut\u00f3nomas se desarrolla en Pretoria","datePublished":"2018-08-16T01:24:48+00:00","mainEntityOfPage":{"@id":"https:\/\/www.pressenza.com\/es\/2018\/08\/conferencia-regional-africana-sobre-desarme-nuclear-y-armas-autonomas-se-desarrolla-en-pretoria\/"},"wordCount":373,"publisher":{"@id":"https:\/\/www.pressenza.com\/es\/#organization"},"image":{"@id":"https:\/\/www.pressenza.com\/es\/2018\/08\/conferencia-regional-africana-sobre-desarme-nuclear-y-armas-autonomas-se-desarrolla-en-pretoria\/#primaryimage"},"thumbnailUrl":"https:\/\/www.pressenza.com\/wp-content\/uploads\/2018\/08\/3414063865_87fcaf2ea2_o.jpg","keywords":["Armas aut\u00f3nomas letales","Desarme nuclear","ICAN","tratado prohibici\u00f3n armas nucleares"],"articleSection":["Africa","Contenido Original","Internacional","Paz y Desarme","Sin categorizar"],"inLanguage":"es"},{"@type":"WebPage","@id":"https:\/\/www.pressenza.com\/es\/2018\/08\/conferencia-regional-africana-sobre-desarme-nuclear-y-armas-autonomas-se-desarrolla-en-pretoria\/","url":"https:\/\/www.pressenza.com\/es\/2018\/08\/conferencia-regional-africana-sobre-desarme-nuclear-y-armas-autonomas-se-desarrolla-en-pretoria\/","name":"Conferencia Regional Africana sobre Desarme nuclear y armas aut\u00f3nomas se desarrolla en Pretoria","isPartOf":{"@id":"https:\/\/www.pressenza.com\/es\/#website"},"primaryImageOfPage":{"@id":"https:\/\/www.pressenza.com\/es\/2018\/08\/conferencia-regional-africana-sobre-desarme-nuclear-y-armas-autonomas-se-desarrolla-en-pretoria\/#primaryimage"},"image":{"@id":"https:\/\/www.pressenza.com\/es\/2018\/08\/conferencia-regional-africana-sobre-desarme-nuclear-y-armas-autonomas-se-desarrolla-en-pretoria\/#primaryimage"},"thumbnailUrl":"https:\/\/www.pressenza.com\/wp-content\/uploads\/2018\/08\/3414063865_87fcaf2ea2_o.jpg","datePublished":"2018-08-16T01:24:48+00:00","description":"El 16 y 17 de Agosto tendr\u00e1 lugar en Pretoria la Conferencia Regional Africana sobre Desarme nuclear y Armas letales aut\u00f3nomas. El evento es organizado","breadcrumb":{"@id":"https:\/\/www.pressenza.com\/es\/2018\/08\/conferencia-regional-africana-sobre-desarme-nuclear-y-armas-autonomas-se-desarrolla-en-pretoria\/#breadcrumb"},"inLanguage":"es","potentialAction":[{"@type":"ReadAction","target":["https:\/\/www.pressenza.com\/es\/2018\/08\/conferencia-regional-africana-sobre-desarme-nuclear-y-armas-autonomas-se-desarrolla-en-pretoria\/"]}]},{"@type":"ImageObject","inLanguage":"es","@id":"https:\/\/www.pressenza.com\/es\/2018\/08\/conferencia-regional-africana-sobre-desarme-nuclear-y-armas-autonomas-se-desarrolla-en-pretoria\/#primaryimage","url":"https:\/\/www.pressenza.com\/wp-content\/uploads\/2018\/08\/3414063865_87fcaf2ea2_o.jpg","contentUrl":"https:\/\/www.pressenza.com\/wp-content\/uploads\/2018\/08\/3414063865_87fcaf2ea2_o.jpg","width":1024,"height":683},{"@type":"BreadcrumbList","@id":"https:\/\/www.pressenza.com\/es\/2018\/08\/conferencia-regional-africana-sobre-desarme-nuclear-y-armas-autonomas-se-desarrolla-en-pretoria\/#breadcrumb","itemListElement":[{"@type":"ListItem","position":1,"name":"Accueil","item":"https:\/\/www.pressenza.com\/es\/"},{"@type":"ListItem","position":2,"name":"Conferencia Regional Africana sobre Desarme nuclear y armas aut\u00f3nomas se desarrolla en Pretoria"}]},{"@type":"WebSite","@id":"https:\/\/www.pressenza.com\/es\/#website","url":"https:\/\/www.pressenza.com\/es\/","name":"Pressenza","description":"International Press Agency","publisher":{"@id":"https:\/\/www.pressenza.com\/es\/#organization"},"potentialAction":[{"@type":"SearchAction","target":{"@type":"EntryPoint","urlTemplate":"https:\/\/www.pressenza.com\/es\/?s={search_term_string}"},"query-input":{"@type":"PropertyValueSpecification","valueRequired":true,"valueName":"search_term_string"}}],"inLanguage":"es"},{"@type":"Organization","@id":"https:\/\/www.pressenza.com\/es\/#organization","name":"Pressenza","url":"https:\/\/www.pressenza.com\/es\/","logo":{"@type":"ImageObject","inLanguage":"es","@id":"https:\/\/www.pressenza.com\/es\/#\/schema\/logo\/image\/","url":"https:\/\/www.pressenza.com\/wp-content\/uploads\/2022\/10\/pressenza_logo_200x200.jpg","contentUrl":"https:\/\/www.pressenza.com\/wp-content\/uploads\/2022\/10\/pressenza_logo_200x200.jpg","width":200,"height":200,"caption":"Pressenza"},"image":{"@id":"https:\/\/www.pressenza.com\/es\/#\/schema\/logo\/image\/"},"sameAs":["https:\/\/www.facebook.com\/PressenzaItalia","https:\/\/x.com\/PressenzaIPA"]},{"@type":"Person","@id":"https:\/\/www.pressenza.com\/es\/#\/schema\/person\/010e5d02bcf40965427a1289a4cc8d75","name":"Pressenza IPA","description":"News from Pressenza IPA correspondents","sameAs":["https:\/\/www.facebook.com\/pressenza","https:\/\/x.com\/PressenzaIPA"],"url":"https:\/\/www.pressenza.com\/es\/author\/pressenza-ipa\/"}]}},"place":"Pretoria, Sud\u00e1frica","original_article_url":"","_links":{"self":[{"href":"https:\/\/www.pressenza.com\/es\/wp-json\/wp\/v2\/posts\/694424","targetHints":{"allow":["GET"]}}],"collection":[{"href":"https:\/\/www.pressenza.com\/es\/wp-json\/wp\/v2\/posts"}],"about":[{"href":"https:\/\/www.pressenza.com\/es\/wp-json\/wp\/v2\/types\/post"}],"author":[{"embeddable":true,"href":"https:\/\/www.pressenza.com\/es\/wp-json\/wp\/v2\/users\/19"}],"replies":[{"embeddable":true,"href":"https:\/\/www.pressenza.com\/es\/wp-json\/wp\/v2\/comments?post=694424"}],"version-history":[{"count":0,"href":"https:\/\/www.pressenza.com\/es\/wp-json\/wp\/v2\/posts\/694424\/revisions"}],"wp:featuredmedia":[{"embeddable":true,"href":"https:\/\/www.pressenza.com\/es\/wp-json\/wp\/v2\/media\/694491"}],"wp:attachment":[{"href":"https:\/\/www.pressenza.com\/es\/wp-json\/wp\/v2\/media?parent=694424"}],"wp:term":[{"taxonomy":"category","embeddable":true,"href":"https:\/\/www.pressenza.com\/es\/wp-json\/wp\/v2\/categories?post=694424"},{"taxonomy":"post_tag","embeddable":true,"href":"https:\/\/www.pressenza.com\/es\/wp-json\/wp\/v2\/tags?post=694424"}],"curies":[{"name":"wp","href":"https:\/\/api.w.org\/{rel}","templated":true}]}}