{"id":692243,"date":"2018-08-12T01:24:34","date_gmt":"2018-08-12T00:24:34","guid":{"rendered":"https:\/\/www.pressenza.com\/?p=692243"},"modified":"2018-08-12T01:24:34","modified_gmt":"2018-08-12T00:24:34","slug":"escenario-inedito-en-venezuela-drones-para-un-intento-frustrado-de-magnicidio","status":"publish","type":"post","link":"https:\/\/www.pressenza.com\/es\/2018\/08\/escenario-inedito-en-venezuela-drones-para-un-intento-frustrado-de-magnicidio\/","title":{"rendered":"Escenario in\u00e9dito en Venezuela: Drones para un intento frustrado de Magnicidio"},"content":{"rendered":"<p>Por Rosi Bar\u00f3<\/p>\n<p class=\"m_1335079942520941801MsoNoSpacing\">En una nota que escrib\u00ed para Pressenza en Febrero de este a\u00f1o titulada: \u201cVenezuela: la Ayuda Humanitaria marca Acme\u201d.\u00a0 Me refer\u00eda a la antigua comiquita del coyote y el correcaminos, en la cual las maquiav\u00e9licas trampas que urd\u00eda el coyote para eliminar al correcaminos utilizando artefactos marca Acme, todas, absolutamente todas \u00a0se le volv\u00edan en contra. Al final de ese art\u00edculo, expresaba mi deseo para que los futuros planes de los coyotes, \u00e1vidos del petr\u00f3leo de Venezuela, corrieran con la misma suerte. <u><\/u><u><\/u><\/p>\n<p class=\"m_1335079942520941801MsoNoSpacing\">Luego del fallido intento de magnicidio contra el Presidente Maduro, doy gracias a la Divina Providencia porque mi deseo se cumpli\u00f3, tal como ha ocurrido inexorablemente cada vez que, durante estos 20 a\u00f1os, los coyotes han intentado tomar el cielo por asalto para eliminar por medio de la violencia a la Revoluci\u00f3n Bolivariana.<u><\/u><u><\/u><\/p>\n<p class=\"m_1335079942520941801MsoNoSpacing\">Como siempre ocurre en estos a\u00f1os de constantes hechos in\u00e9ditos en Venezuela, son muchos los que por una raz\u00f3n u otra me escriben queriendo saber de alguien que vive en Venezuela, qu\u00e9 es lo que est\u00e1 pasando y qu\u00e9 va a pasar. Lamentablemente no poseo el don de la clarividencia y no lo s\u00e9. Lo que s\u00ed s\u00e9 es que gran parte de los medios han silenciado, distorsionado, sembrado dudas y confusi\u00f3n sobre este grave atentado sin darle cabida a informaci\u00f3n oficial. Los medios internacionales est\u00e1n cartelizados y Venezuela se encuentra pr\u00e1cticamente sola a la hora de narrar su verdad. \u00a0Mi intenci\u00f3n con esta nota, es por tanto mostrar un resumen de lo que hasta el momento se conoce producto de la investigaci\u00f3n de los \u00f3rganos competentes del gobierno por si no lo han visto \u00a0en los medios y mi percepci\u00f3n de lo ocurrido.<u><\/u><u><\/u><\/p>\n<p class=\"m_1335079942520941801MsoNoSpacing\">El s\u00e1bado 4 de agosto durante la\u00a0 celebraci\u00f3n televisada en cadena nacional del 81 aniversario de la Guardia Nacional\u00a0 Bolivariana en una importante avenida de Caracas, ocurri\u00f3 un atentado contra el presidente Nicol\u00e1s Maduro. Dos drones cargados de explosivos iban a ser detonados en la tarima presidencial. \u00a0El uso de artefactos de distorsi\u00f3n de se\u00f1al por parte del cuerpo de seguridad del acto, afect\u00f3 la navegaci\u00f3n de los dos aparatos propiciando su detonaci\u00f3n fuera del radio previsto. En el suceso resultaron heridos siete militares y fueron detenidos seis autores materiales. El presidente Nicol\u00e1s Maduro se\u00f1al\u00f3\u00a0 que las primeras pesquisas, arrojan la vinculaci\u00f3n del eje Bogot\u00e1-Miami, del presidente saliente de Colombia, Juan Manuel Santos, y de operadores radicados en La Florida. . <u><\/u><u><\/u><\/p>\n<p class=\"m_1335079942520941801MsoNoSpacing\">Luego de las detenciones, el presidente inform\u00f3: \u201cque todos los involucrados materiales est\u00e1n convictos y confesos, todos forman parte de los grupos que participaron en los hechos violentos de las guarimbas (protestas callejeras) del a\u00f1o 2017 y son part\u00edcipes de organizaciones pol\u00edticas de la derecha venezolana, recibieron entrenamiento sobre el manejo de drones y explosivos en una granja en C\u00facuta (ciudad fronteriza) Colombia.\u00a0 Se les ofreci\u00f3 un pago 50 millones de d\u00f3lares y estad\u00eda en Estados Unidos. Se elige como fecha para el atentado el 4 de Agosto por ser el evento militar m\u00e1s pr\u00f3ximo con participaci\u00f3n de gran parte del alto mando pol\u00edtico-militar. El objetivo era hacer explotar ambos drones uno en la parte superior de la tarima \u00a0y el otro en la zona frontal lo que provocar\u00eda la muerte de todas las autoridades presentes en la tarima presidencial.<u><\/u><u><\/u><\/p>\n<p class=\"m_1335079942520941801MsoNoSpacing\">Debido a los inhibidores de se\u00f1al que instalan los cuerpos de seguridad del estado los pilotos de los drones perdieron el control, es all\u00ed cuando se efect\u00faa la detonaci\u00f3n de manera remota, el primer dron deton\u00f3 frente a la tribuna presidencial dejando heridos a siete guardias, el segundo dron al perder el control debido a los inhibidores, busca retornar \u00a0a su sitio de origen y es cuando colisiona con un edificio de la zona. Ambos drones conten\u00edan sustancias explosivas de alto impacto destructivo con elementos met\u00e1licos adheridos para actuar como metralla. Los dos primeros detenidos fueron \u00a0capturados en flagrancia por la inteligencia social, unas personas vieron c\u00f3mo se bajaban de un veh\u00edculo y levantaron el dron, eso les llam\u00f3 la atenci\u00f3n y al escuchar la explosi\u00f3n, los rodearon hasta que llegaron los organismos de seguridad y se los entregaron. Posteriormente con las declaraciones de estos sicarios, las llamadas y mensajes de los celulares lograron capturar a otros de los implicados de \u00a0este magnicidio que buscaba acabar con el presidente y con la paz de todos los venezolanos. Sin embargo, a\u00fan hay varios terroristas \u00a0que est\u00e1n siendo buscados, el presidente muestra por cadena de televisi\u00f3n fotos y nombres de cada uno de ellos.<\/p>\n<p class=\"m_1335079942520941801MsoNoSpacing\">Los detenidos se\u00f1alan como autores intelectuales, a dos diputados de la Asamblea Nacional en desacato, el Sr. Julio Borges y el Sr. Juan Requesens, ambos del partido Primero Justicia, a quienes la Asamblea Nacional Constituyente les revoca \u00a0de inmediato la inmunidad parlamentaria. Uno de ellos, Juan Requesens, es detenido por la polic\u00eda. Como es de esperar, comienzan a circular por las redes sociales fotos viejas donde aparece herido queriendo hacer ver que la polic\u00eda lo est\u00e1 torturando, \u00a0esas fotos por todos conocidas fueron tomadas durante su participaci\u00f3n en la guarimbas. Para desmentirlo el gobierno divulga un video en el que se ve que se encuentra en perfecto estado de salud, confesando que segu\u00eda \u00f3rdenes del diputado Julio Borges en el siniestro plan terrorista. El Sr. Borges residenciado en Colombia es solicitado en extradici\u00f3n a Colombia y por c\u00f3digo rojo ante la Interpol. Otro de los terroristas, residenciado en Estados Unidos, tambi\u00e9n ha sido solicitado en extradici\u00f3n. Las investigaciones siguen su curso y seguramente poco a poco se ir\u00e1 desentra\u00f1ando esta perversa mara\u00f1a.<u><\/u><u><\/u><\/p>\n<p class=\"m_1335079942520941801MsoNoSpacing\">Los due\u00f1os de las pantallas de televisi\u00f3n, las radios, la prensa escrita, blogs y las redes sociales, que se oponen al gobierno porque afecta sus intereses econ\u00f3micos y sus operadores, los pol\u00edticos de\u00a0 oposici\u00f3n en Venezuela, en lugar de repudiar este hecho, han sembrado dudas sugiriendo que se trata de un auto-atentado para distraer la atenci\u00f3n de la crisis econ\u00f3mica, otros lo han minimizado, ridiculizado o, \u00a0directamente silenciado. As\u00ed encontramos algunos importantes medios titulando: \u201catentado\u201d. \u201csupuesto atentado\u201d, \u201cmontaje\u201d, \u201caccidente\u201d, \u201cVersi\u00f3n oficial sobre lo ocurrido el s\u00e1bado en avenida Bol\u00edvar deja muchas dudas\u201d, \u201chechos de violencia\u201d, llamando \u201crebeldes\u201d a los terroristas \u00a0o directamente culpando al gobierno como afirm\u00f3 el asesor de seguridad nacional de Donald Trump,\u00a0 John Bolton, \u00a0en una entrevista: en la que califica los hechos de \u201cincidentes\u201d que podr\u00edan ser un pretexto fabricado por el propio r\u00e9gimen o algo diferente. <u><\/u><u><\/u><\/p>\n<p class=\"m_1335079942520941801MsoNoSpacing\">Sin embargo, la periodista venezolana Patricia Poleo, reconocida opositora radicada en Miami, el mismo d\u00eda del suceso public\u00f3 en su cuenta twitter: \u201cEn minutos estar\u00e9 leyendo el comunicado suscrito por los autores de los hechos ocurridos el d\u00eda de hoy en la Avenida Bol\u00edvar en Caracas\u201d afirmando su veracidad y se\u00f1alando a militares activos como sus autores. Y ya en el colmo del descaro y la impunidad,\u00a0 el periodista peruano, Jaime Bayly, en su programa, tambi\u00e9n desde Miami, en un tono fanfarr\u00f3n declara: \u201cMe enter\u00e9 del plan durante la semana. Mis fuentes, que generalmente son confiables me dijeron: El s\u00e1bado vamos a matar a Maduro con drones, hemos probado los drones en Caracas, funcionan\u2019. Y yo les dije: h\u00e1gale, vamos para adelante\u201d. Bayly se\u00f1al\u00f3 que el Gobierno de EE.UU. apoya a los \u201cgrupos rebeldes\u201d en Venezuela con ayuda log\u00edstica y tecnol\u00f3gica. \u00a0Adem\u00e1s,\u00a0 asever\u00f3 que quienes orquestan las conspiraciones, son militares activos, polic\u00edas activos, ex-militares y ex-polic\u00edas. <u><\/u><u><\/u><\/p>\n<p class=\"m_1335079942520941801MsoNoSpacing\">Dif\u00edcilmente alguien puede acusar a estos dos \u201cperiodistas\u201d de chavistas o de apoyar al Presidente Maduro, sin embargo ambos en sus programas y posteriores comentarios en las redes sociales, desmienten a quienes pretenden se\u00f1alar que lo ocurrido fue un auto-atentado o un montaje. M\u00e1s all\u00e1 del inter\u00e9s de estos personajes por acaparar audiencia, me llama la atenci\u00f3n que coincidan en se\u00f1alar a militares y polic\u00edas como autores intelectuales de este hecho. Es probable que existan individuos aislados conspirando, sin embargo es sabido el ah\u00ednco con el que los coyotes han tratado de producir divisiones y adhesiones dentro de las fuerzas armadas sin haberlo logrado, por lo que estos se\u00f1alamientos me parecen orquestados, queriendo producir desconcierto y confusi\u00f3n dentro de las filas militares y policiales.<u><\/u><u><\/u><\/p>\n<p class=\"m_1335079942520941801MsoNoSpacing\">La banalidad, frivolidad y vulgaridad, en el tratamiento de esta noticia, es una clara muestra de manipulaci\u00f3n de la opini\u00f3n p\u00fablica. En d\u00edas recientes en el programa ZK venezolano hicieron un resumen de las videntes, pitonisas, adivinos, astr\u00f3logos que han proliferado en distintos medios televisivos internacionales en los que \u201cpronostican\u201d la muerte, ataque y salida violenta del presidente Maduro, con la intenci\u00f3n de preparar el terreno, ablandar la mente del p\u00fablico para aceptar como natural un hecho como este y hasta culpar a las v\u00edctimas.<u><\/u><u><\/u><\/p>\n<p class=\"m_1335079942520941801MsoNoSpacing\">El director del proyecto investigativo Misi\u00f3n Verdad, Gustavo Borges, en entrevista para Telesur hace un interesante an\u00e1lisis, y explica que la Venezuela que se inaugura luego del 20 de Mayo, cuando el presidente Maduro gana las elecciones, es otra Venezuela, no la podemos seguir analizando con los elementos que us\u00e1bamos en el pasado. El chavismo ha derrotado en todos los escenarios en los que se ha medido electoralmente con sus adversarios y ahora ya no existe una pugna pol\u00edtica porque la oposici\u00f3n no tiene ninguna posibilidad en ese terreno. Ya esto trascendi\u00f3 a otros niveles y ahora hay un consenso global contra Venezuela y Colombia es el Estado delegado de hacerle la guerra a Venezuela. Esto ya es un conflicto global donde Venezuela es una pieza important\u00edsima para las \u00e9lites que ahora mismo est\u00e1n definiendo los nuevos modelos de consenso y orden global porque de la destrucci\u00f3n o no del Estado venezolano depende la estabilidad de la regi\u00f3n. Vemos Argentina, vemos Brasil, vemos Ecuador, como est\u00e1n siendo desmantelados completamente, con un nivel de vertiginosidad impresionante, asunto que no ha se ha logrado en Venezuela que es el Estado que estuvo de alguna manera liderando los procesos de integraci\u00f3n en la regi\u00f3n durante la \u00e9poca de Hugo Ch\u00e1vez. Eso se deb\u00eda parar en seco, y se par\u00f3 en seco, pero no conformes con eso, ahora necesitan desmantelar la institucionalidad, la idea de pa\u00eds, de naci\u00f3n, de futuro que se inaugur\u00f3 en Venezuela en 1999. <u><\/u><u><\/u><\/p>\n<p class=\"m_1335079942520941801MsoNoSpacing\">\u00bfY que hubiese pasado si Venezuela \u00a0se hubiese quedado sin su c\u00fapula ejecutiva, porque sus m\u00e1ximos representantes hubiesen muerto? <u><\/u><u><\/u><\/p>\n<p class=\"m_1335079942520941801MsoNoSpacing\">Lo que se busca generar \u00a0es una imagen catastr\u00f3fica, del desmantelamiento de la institucionalidad venezolana, que el Estado venezolano no exista como lo conocemos, que pase a ser un territorio balcanizado, gobernado por tribus. Lo que sucede en Libia es el modelo. Lo que est\u00e1 sucediendo aqu\u00ed es un experimento. Es dif\u00edcil el an\u00e1lisis porque es un escenario in\u00e9dito, es la primera vez en la historia de la humanidad donde se utiliza un artefacto como un dron para atentar contra la vida de un presidente, es primera vez que vemos el atentado de un presidente en transmisi\u00f3n directa v\u00eda televisi\u00f3n adem\u00e1s estaba en cadena nacional. Hay que ver \u00a0los elementos in\u00e9ditos para entender la \u00a0magnitud de lo que est\u00e1 sucediendo.<u><\/u><u><\/u><\/p>\n<p class=\"m_1335079942520941801MsoNoSpacing\">Hay que analizarlo desde la perspectiva global porque es globalmente donde se est\u00e1 discutiendo el futuro de Venezuela, no son estos operadores, no son incluso los que fueron entrenados en Colombia, de hecho no es ni siquiera el gobierno colombiano; es la pugna inter \u00e9lites mundial \u00a0la que est\u00e1 decidiendo, intentando definir una situaci\u00f3n a lo interno de Venezuela. De ah\u00ed viene el an\u00e1lisis contrario, la magnitud y la valoraci\u00f3n de la fortaleza de la resistencia del pueblo venezolano, cuando toda la elite occidental le est\u00e1 imponiendo una guerra, que el gobierno venezolano de Nicol\u00e1s Maduro y la vanguardia pol\u00edtica que es el pueblo ha estado evitando consecuentemente y que va a seguir evitando.<u><\/u><u><\/u><\/p>\n<p class=\"m_1335079942520941801MsoNoSpacing\">En el momento en el que ocurre este atentado, Venezuela se encuentra atravesando el apogeo del plan de asfixia econ\u00f3mica que Estados Unidos de manera p\u00fablica ha impuesto al pa\u00eds a modo de castigo por no someterse a sus deseos. Este inclemente asedio que pega directamente en el bolsillo y en el est\u00f3mago de los m\u00e1s vulnerables \u00a0\u00a0ha fragilizado, hecho tambalear a \u00a0supuestos \u201crevolucionarios\u201d y en los medios de comunicaci\u00f3n, redes sociales y comentarios en la calle han llovido las cr\u00edticas, lloriqueos, quejas y hasta una solicitud de un ex-presidente otrora guerrillero para\u00a0 que el presidente abandone el cargo.\u00a0 Sin embargo, un hecho como \u00e9ste en lugar de producir mayores divisiones o conflictos dentro de las filas chavistas, por el contrario, hace tomar conciencia de la magnitud del ataque \u00a0en contra del pa\u00eds, produciendo una mayor cohesi\u00f3n, radicalizaci\u00f3n de la revoluci\u00f3n y apoyo al presidente Maduro.<u><\/u><u><\/u><\/p>\n<p>&nbsp;<\/p>\n","protected":false},"excerpt":{"rendered":"<p>Por Rosi Bar\u00f3 En una nota que escrib\u00ed para Pressenza en Febrero de este a\u00f1o titulada: \u201cVenezuela: la Ayuda Humanitaria marca Acme\u201d.\u00a0 Me refer\u00eda a la antigua comiquita del coyote y el correcaminos, en la cual las maquiav\u00e9licas trampas que&hellip;<\/p>\n","protected":false},"author":1501,"featured_media":688196,"comment_status":"closed","ping_status":"closed","sticky":false,"template":"","format":"standard","meta":{"footnotes":""},"categories":[11389,161,74,67],"tags":[9230,3883],"class_list":["post-692243","post","type-post","status-publish","format-standard","has-post-thumbnail","hentry","category-contenido-original","category-opiniones","category-politica-es","category-sudamerica","tag-nicolas-maduro-es-en-es","tag-venezuela-es"],"yoast_head":"<!-- This site is optimized with the Yoast SEO plugin v27.1.1 - https:\/\/yoast.com\/product\/yoast-seo-wordpress\/ -->\n<title>Escenario in\u00e9dito en Venezuela: Drones para un intento frustrado de Magnicidio<\/title>\n<meta name=\"description\" content=\"Por Rosi Bar\u00f3 En una nota que escrib\u00ed para Pressenza en Febrero de este a\u00f1o titulada: \u201cVenezuela: la Ayuda Humanitaria marca Acme\u201d.\u00a0 Me refer\u00eda a la\" \/>\n<meta name=\"robots\" content=\"index, follow, max-snippet:-1, max-image-preview:large, max-video-preview:-1\" \/>\n<link rel=\"canonical\" href=\"https:\/\/www.pressenza.com\/es\/2018\/08\/escenario-inedito-en-venezuela-drones-para-un-intento-frustrado-de-magnicidio\/\" \/>\n<meta property=\"og:locale\" content=\"es_ES\" \/>\n<meta property=\"og:type\" content=\"article\" \/>\n<meta property=\"og:title\" content=\"Escenario in\u00e9dito en Venezuela: Drones para un intento frustrado de Magnicidio\" \/>\n<meta property=\"og:description\" content=\"Por Rosi Bar\u00f3 En una nota que escrib\u00ed para Pressenza en Febrero de este a\u00f1o titulada: \u201cVenezuela: la Ayuda Humanitaria marca Acme\u201d.\u00a0 Me refer\u00eda a la\" \/>\n<meta property=\"og:url\" content=\"https:\/\/www.pressenza.com\/es\/2018\/08\/escenario-inedito-en-venezuela-drones-para-un-intento-frustrado-de-magnicidio\/\" \/>\n<meta property=\"og:site_name\" content=\"Pressenza\" \/>\n<meta property=\"article:publisher\" content=\"https:\/\/www.facebook.com\/PressenzaItalia\" \/>\n<meta property=\"article:published_time\" content=\"2018-08-12T00:24:34+00:00\" \/>\n<meta property=\"og:image\" content=\"https:\/\/www.pressenza.com\/wp-content\/uploads\/2018\/08\/venezuela-heure-venue5.jpg\" \/>\n\t<meta property=\"og:image:width\" content=\"750\" \/>\n\t<meta property=\"og:image:height\" content=\"535\" \/>\n\t<meta property=\"og:image:type\" content=\"image\/jpeg\" \/>\n<meta name=\"author\" content=\"Rosi Bar\u00f3\" \/>\n<meta name=\"twitter:card\" content=\"summary_large_image\" \/>\n<meta name=\"twitter:creator\" content=\"@PressenzaIPA\" \/>\n<meta name=\"twitter:site\" content=\"@PressenzaIPA\" \/>\n<meta name=\"twitter:label1\" content=\"Escrito por\" \/>\n\t<meta name=\"twitter:data1\" content=\"Rosi Bar\u00f3\" \/>\n\t<meta name=\"twitter:label2\" content=\"Tiempo de lectura\" \/>\n\t<meta name=\"twitter:data2\" content=\"11 minutos\" \/>\n<script type=\"application\/ld+json\" class=\"yoast-schema-graph\">{\"@context\":\"https:\/\/schema.org\",\"@graph\":[{\"@type\":\"Article\",\"@id\":\"https:\/\/www.pressenza.com\/es\/2018\/08\/escenario-inedito-en-venezuela-drones-para-un-intento-frustrado-de-magnicidio\/#article\",\"isPartOf\":{\"@id\":\"https:\/\/www.pressenza.com\/es\/2018\/08\/escenario-inedito-en-venezuela-drones-para-un-intento-frustrado-de-magnicidio\/\"},\"author\":{\"name\":\"Rosi Bar\u00f3\",\"@id\":\"https:\/\/www.pressenza.com\/es\/#\/schema\/person\/564c0f4eee6bd521f5bf34f94dd4f4c6\"},\"headline\":\"Escenario in\u00e9dito en Venezuela: Drones para un intento frustrado de Magnicidio\",\"datePublished\":\"2018-08-12T00:24:34+00:00\",\"mainEntityOfPage\":{\"@id\":\"https:\/\/www.pressenza.com\/es\/2018\/08\/escenario-inedito-en-venezuela-drones-para-un-intento-frustrado-de-magnicidio\/\"},\"wordCount\":2222,\"publisher\":{\"@id\":\"https:\/\/www.pressenza.com\/es\/#organization\"},\"image\":{\"@id\":\"https:\/\/www.pressenza.com\/es\/2018\/08\/escenario-inedito-en-venezuela-drones-para-un-intento-frustrado-de-magnicidio\/#primaryimage\"},\"thumbnailUrl\":\"https:\/\/www.pressenza.com\/wp-content\/uploads\/2018\/08\/venezuela-heure-venue5.jpg\",\"keywords\":[\"Nicol\u00e1s Maduro\",\"Venezuela\"],\"articleSection\":[\"Contenido Original\",\"Opiniones\",\"Pol\u00edtica\",\"Sudam\u00e9rica\"],\"inLanguage\":\"es\"},{\"@type\":\"WebPage\",\"@id\":\"https:\/\/www.pressenza.com\/es\/2018\/08\/escenario-inedito-en-venezuela-drones-para-un-intento-frustrado-de-magnicidio\/\",\"url\":\"https:\/\/www.pressenza.com\/es\/2018\/08\/escenario-inedito-en-venezuela-drones-para-un-intento-frustrado-de-magnicidio\/\",\"name\":\"Escenario in\u00e9dito en Venezuela: Drones para un intento frustrado de Magnicidio\",\"isPartOf\":{\"@id\":\"https:\/\/www.pressenza.com\/es\/#website\"},\"primaryImageOfPage\":{\"@id\":\"https:\/\/www.pressenza.com\/es\/2018\/08\/escenario-inedito-en-venezuela-drones-para-un-intento-frustrado-de-magnicidio\/#primaryimage\"},\"image\":{\"@id\":\"https:\/\/www.pressenza.com\/es\/2018\/08\/escenario-inedito-en-venezuela-drones-para-un-intento-frustrado-de-magnicidio\/#primaryimage\"},\"thumbnailUrl\":\"https:\/\/www.pressenza.com\/wp-content\/uploads\/2018\/08\/venezuela-heure-venue5.jpg\",\"datePublished\":\"2018-08-12T00:24:34+00:00\",\"description\":\"Por Rosi Bar\u00f3 En una nota que escrib\u00ed para Pressenza en Febrero de este a\u00f1o titulada: \u201cVenezuela: la Ayuda Humanitaria marca Acme\u201d.\u00a0 Me refer\u00eda a la\",\"breadcrumb\":{\"@id\":\"https:\/\/www.pressenza.com\/es\/2018\/08\/escenario-inedito-en-venezuela-drones-para-un-intento-frustrado-de-magnicidio\/#breadcrumb\"},\"inLanguage\":\"es\",\"potentialAction\":[{\"@type\":\"ReadAction\",\"target\":[\"https:\/\/www.pressenza.com\/es\/2018\/08\/escenario-inedito-en-venezuela-drones-para-un-intento-frustrado-de-magnicidio\/\"]}]},{\"@type\":\"ImageObject\",\"inLanguage\":\"es\",\"@id\":\"https:\/\/www.pressenza.com\/es\/2018\/08\/escenario-inedito-en-venezuela-drones-para-un-intento-frustrado-de-magnicidio\/#primaryimage\",\"url\":\"https:\/\/www.pressenza.com\/wp-content\/uploads\/2018\/08\/venezuela-heure-venue5.jpg\",\"contentUrl\":\"https:\/\/www.pressenza.com\/wp-content\/uploads\/2018\/08\/venezuela-heure-venue5.jpg\",\"width\":750,\"height\":535},{\"@type\":\"BreadcrumbList\",\"@id\":\"https:\/\/www.pressenza.com\/es\/2018\/08\/escenario-inedito-en-venezuela-drones-para-un-intento-frustrado-de-magnicidio\/#breadcrumb\",\"itemListElement\":[{\"@type\":\"ListItem\",\"position\":1,\"name\":\"Accueil\",\"item\":\"https:\/\/www.pressenza.com\/es\/\"},{\"@type\":\"ListItem\",\"position\":2,\"name\":\"Escenario in\u00e9dito en Venezuela: Drones para un intento frustrado de Magnicidio\"}]},{\"@type\":\"WebSite\",\"@id\":\"https:\/\/www.pressenza.com\/es\/#website\",\"url\":\"https:\/\/www.pressenza.com\/es\/\",\"name\":\"Pressenza\",\"description\":\"International Press Agency\",\"publisher\":{\"@id\":\"https:\/\/www.pressenza.com\/es\/#organization\"},\"potentialAction\":[{\"@type\":\"SearchAction\",\"target\":{\"@type\":\"EntryPoint\",\"urlTemplate\":\"https:\/\/www.pressenza.com\/es\/?s={search_term_string}\"},\"query-input\":{\"@type\":\"PropertyValueSpecification\",\"valueRequired\":true,\"valueName\":\"search_term_string\"}}],\"inLanguage\":\"es\"},{\"@type\":\"Organization\",\"@id\":\"https:\/\/www.pressenza.com\/es\/#organization\",\"name\":\"Pressenza\",\"url\":\"https:\/\/www.pressenza.com\/es\/\",\"logo\":{\"@type\":\"ImageObject\",\"inLanguage\":\"es\",\"@id\":\"https:\/\/www.pressenza.com\/es\/#\/schema\/logo\/image\/\",\"url\":\"https:\/\/www.pressenza.com\/wp-content\/uploads\/2022\/10\/pressenza_logo_200x200.jpg\",\"contentUrl\":\"https:\/\/www.pressenza.com\/wp-content\/uploads\/2022\/10\/pressenza_logo_200x200.jpg\",\"width\":200,\"height\":200,\"caption\":\"Pressenza\"},\"image\":{\"@id\":\"https:\/\/www.pressenza.com\/es\/#\/schema\/logo\/image\/\"},\"sameAs\":[\"https:\/\/www.facebook.com\/PressenzaItalia\",\"https:\/\/x.com\/PressenzaIPA\"]},{\"@type\":\"Person\",\"@id\":\"https:\/\/www.pressenza.com\/es\/#\/schema\/person\/564c0f4eee6bd521f5bf34f94dd4f4c6\",\"name\":\"Rosi Bar\u00f3\",\"description\":\"Radicada en Venezuela, de formaci\u00f3n Silo\u00edsta y Humanista, ha vivido y apoya el proceso de la Revoluci\u00f3n Bolivariana desde su comienzo. Actualmente participa en el Consejo Local de Abastecimiento y Producci\u00f3n (CLAP) de su zona.\",\"url\":\"https:\/\/www.pressenza.com\/es\/author\/rosi-baro\/\"}]}<\/script>\n<!-- \/ Yoast SEO plugin. -->","yoast_head_json":{"title":"Escenario in\u00e9dito en Venezuela: Drones para un intento frustrado de Magnicidio","description":"Por Rosi Bar\u00f3 En una nota que escrib\u00ed para Pressenza en Febrero de este a\u00f1o titulada: \u201cVenezuela: la Ayuda Humanitaria marca Acme\u201d.\u00a0 Me refer\u00eda a la","robots":{"index":"index","follow":"follow","max-snippet":"max-snippet:-1","max-image-preview":"max-image-preview:large","max-video-preview":"max-video-preview:-1"},"canonical":"https:\/\/www.pressenza.com\/es\/2018\/08\/escenario-inedito-en-venezuela-drones-para-un-intento-frustrado-de-magnicidio\/","og_locale":"es_ES","og_type":"article","og_title":"Escenario in\u00e9dito en Venezuela: Drones para un intento frustrado de Magnicidio","og_description":"Por Rosi Bar\u00f3 En una nota que escrib\u00ed para Pressenza en Febrero de este a\u00f1o titulada: \u201cVenezuela: la Ayuda Humanitaria marca Acme\u201d.\u00a0 Me refer\u00eda a la","og_url":"https:\/\/www.pressenza.com\/es\/2018\/08\/escenario-inedito-en-venezuela-drones-para-un-intento-frustrado-de-magnicidio\/","og_site_name":"Pressenza","article_publisher":"https:\/\/www.facebook.com\/PressenzaItalia","article_published_time":"2018-08-12T00:24:34+00:00","og_image":[{"width":750,"height":535,"url":"https:\/\/www.pressenza.com\/wp-content\/uploads\/2018\/08\/venezuela-heure-venue5.jpg","type":"image\/jpeg"}],"author":"Rosi Bar\u00f3","twitter_card":"summary_large_image","twitter_creator":"@PressenzaIPA","twitter_site":"@PressenzaIPA","twitter_misc":{"Escrito por":"Rosi Bar\u00f3","Tiempo de lectura":"11 minutos"},"schema":{"@context":"https:\/\/schema.org","@graph":[{"@type":"Article","@id":"https:\/\/www.pressenza.com\/es\/2018\/08\/escenario-inedito-en-venezuela-drones-para-un-intento-frustrado-de-magnicidio\/#article","isPartOf":{"@id":"https:\/\/www.pressenza.com\/es\/2018\/08\/escenario-inedito-en-venezuela-drones-para-un-intento-frustrado-de-magnicidio\/"},"author":{"name":"Rosi Bar\u00f3","@id":"https:\/\/www.pressenza.com\/es\/#\/schema\/person\/564c0f4eee6bd521f5bf34f94dd4f4c6"},"headline":"Escenario in\u00e9dito en Venezuela: Drones para un intento frustrado de Magnicidio","datePublished":"2018-08-12T00:24:34+00:00","mainEntityOfPage":{"@id":"https:\/\/www.pressenza.com\/es\/2018\/08\/escenario-inedito-en-venezuela-drones-para-un-intento-frustrado-de-magnicidio\/"},"wordCount":2222,"publisher":{"@id":"https:\/\/www.pressenza.com\/es\/#organization"},"image":{"@id":"https:\/\/www.pressenza.com\/es\/2018\/08\/escenario-inedito-en-venezuela-drones-para-un-intento-frustrado-de-magnicidio\/#primaryimage"},"thumbnailUrl":"https:\/\/www.pressenza.com\/wp-content\/uploads\/2018\/08\/venezuela-heure-venue5.jpg","keywords":["Nicol\u00e1s Maduro","Venezuela"],"articleSection":["Contenido Original","Opiniones","Pol\u00edtica","Sudam\u00e9rica"],"inLanguage":"es"},{"@type":"WebPage","@id":"https:\/\/www.pressenza.com\/es\/2018\/08\/escenario-inedito-en-venezuela-drones-para-un-intento-frustrado-de-magnicidio\/","url":"https:\/\/www.pressenza.com\/es\/2018\/08\/escenario-inedito-en-venezuela-drones-para-un-intento-frustrado-de-magnicidio\/","name":"Escenario in\u00e9dito en Venezuela: Drones para un intento frustrado de Magnicidio","isPartOf":{"@id":"https:\/\/www.pressenza.com\/es\/#website"},"primaryImageOfPage":{"@id":"https:\/\/www.pressenza.com\/es\/2018\/08\/escenario-inedito-en-venezuela-drones-para-un-intento-frustrado-de-magnicidio\/#primaryimage"},"image":{"@id":"https:\/\/www.pressenza.com\/es\/2018\/08\/escenario-inedito-en-venezuela-drones-para-un-intento-frustrado-de-magnicidio\/#primaryimage"},"thumbnailUrl":"https:\/\/www.pressenza.com\/wp-content\/uploads\/2018\/08\/venezuela-heure-venue5.jpg","datePublished":"2018-08-12T00:24:34+00:00","description":"Por Rosi Bar\u00f3 En una nota que escrib\u00ed para Pressenza en Febrero de este a\u00f1o titulada: \u201cVenezuela: la Ayuda Humanitaria marca Acme\u201d.\u00a0 Me refer\u00eda a la","breadcrumb":{"@id":"https:\/\/www.pressenza.com\/es\/2018\/08\/escenario-inedito-en-venezuela-drones-para-un-intento-frustrado-de-magnicidio\/#breadcrumb"},"inLanguage":"es","potentialAction":[{"@type":"ReadAction","target":["https:\/\/www.pressenza.com\/es\/2018\/08\/escenario-inedito-en-venezuela-drones-para-un-intento-frustrado-de-magnicidio\/"]}]},{"@type":"ImageObject","inLanguage":"es","@id":"https:\/\/www.pressenza.com\/es\/2018\/08\/escenario-inedito-en-venezuela-drones-para-un-intento-frustrado-de-magnicidio\/#primaryimage","url":"https:\/\/www.pressenza.com\/wp-content\/uploads\/2018\/08\/venezuela-heure-venue5.jpg","contentUrl":"https:\/\/www.pressenza.com\/wp-content\/uploads\/2018\/08\/venezuela-heure-venue5.jpg","width":750,"height":535},{"@type":"BreadcrumbList","@id":"https:\/\/www.pressenza.com\/es\/2018\/08\/escenario-inedito-en-venezuela-drones-para-un-intento-frustrado-de-magnicidio\/#breadcrumb","itemListElement":[{"@type":"ListItem","position":1,"name":"Accueil","item":"https:\/\/www.pressenza.com\/es\/"},{"@type":"ListItem","position":2,"name":"Escenario in\u00e9dito en Venezuela: Drones para un intento frustrado de Magnicidio"}]},{"@type":"WebSite","@id":"https:\/\/www.pressenza.com\/es\/#website","url":"https:\/\/www.pressenza.com\/es\/","name":"Pressenza","description":"International Press Agency","publisher":{"@id":"https:\/\/www.pressenza.com\/es\/#organization"},"potentialAction":[{"@type":"SearchAction","target":{"@type":"EntryPoint","urlTemplate":"https:\/\/www.pressenza.com\/es\/?s={search_term_string}"},"query-input":{"@type":"PropertyValueSpecification","valueRequired":true,"valueName":"search_term_string"}}],"inLanguage":"es"},{"@type":"Organization","@id":"https:\/\/www.pressenza.com\/es\/#organization","name":"Pressenza","url":"https:\/\/www.pressenza.com\/es\/","logo":{"@type":"ImageObject","inLanguage":"es","@id":"https:\/\/www.pressenza.com\/es\/#\/schema\/logo\/image\/","url":"https:\/\/www.pressenza.com\/wp-content\/uploads\/2022\/10\/pressenza_logo_200x200.jpg","contentUrl":"https:\/\/www.pressenza.com\/wp-content\/uploads\/2022\/10\/pressenza_logo_200x200.jpg","width":200,"height":200,"caption":"Pressenza"},"image":{"@id":"https:\/\/www.pressenza.com\/es\/#\/schema\/logo\/image\/"},"sameAs":["https:\/\/www.facebook.com\/PressenzaItalia","https:\/\/x.com\/PressenzaIPA"]},{"@type":"Person","@id":"https:\/\/www.pressenza.com\/es\/#\/schema\/person\/564c0f4eee6bd521f5bf34f94dd4f4c6","name":"Rosi Bar\u00f3","description":"Radicada en Venezuela, de formaci\u00f3n Silo\u00edsta y Humanista, ha vivido y apoya el proceso de la Revoluci\u00f3n Bolivariana desde su comienzo. Actualmente participa en el Consejo Local de Abastecimiento y Producci\u00f3n (CLAP) de su zona.","url":"https:\/\/www.pressenza.com\/es\/author\/rosi-baro\/"}]}},"place":"Caracas, Venezuela","original_article_url":"","_links":{"self":[{"href":"https:\/\/www.pressenza.com\/es\/wp-json\/wp\/v2\/posts\/692243","targetHints":{"allow":["GET"]}}],"collection":[{"href":"https:\/\/www.pressenza.com\/es\/wp-json\/wp\/v2\/posts"}],"about":[{"href":"https:\/\/www.pressenza.com\/es\/wp-json\/wp\/v2\/types\/post"}],"author":[{"embeddable":true,"href":"https:\/\/www.pressenza.com\/es\/wp-json\/wp\/v2\/users\/1501"}],"replies":[{"embeddable":true,"href":"https:\/\/www.pressenza.com\/es\/wp-json\/wp\/v2\/comments?post=692243"}],"version-history":[{"count":0,"href":"https:\/\/www.pressenza.com\/es\/wp-json\/wp\/v2\/posts\/692243\/revisions"}],"wp:featuredmedia":[{"embeddable":true,"href":"https:\/\/www.pressenza.com\/es\/wp-json\/wp\/v2\/media\/688196"}],"wp:attachment":[{"href":"https:\/\/www.pressenza.com\/es\/wp-json\/wp\/v2\/media?parent=692243"}],"wp:term":[{"taxonomy":"category","embeddable":true,"href":"https:\/\/www.pressenza.com\/es\/wp-json\/wp\/v2\/categories?post=692243"},{"taxonomy":"post_tag","embeddable":true,"href":"https:\/\/www.pressenza.com\/es\/wp-json\/wp\/v2\/tags?post=692243"}],"curies":[{"name":"wp","href":"https:\/\/api.w.org\/{rel}","templated":true}]}}