{"id":692197,"date":"2018-08-11T14:31:37","date_gmt":"2018-08-11T13:31:37","guid":{"rendered":"https:\/\/www.pressenza.com\/?p=692197"},"modified":"2018-08-11T14:43:57","modified_gmt":"2018-08-11T13:43:57","slug":"libre-opcion-libre-espiritualidad-para-los-pueblos","status":"publish","type":"post","link":"https:\/\/www.pressenza.com\/es\/2018\/08\/libre-opcion-libre-espiritualidad-para-los-pueblos\/","title":{"rendered":"Libre opci\u00f3n, libre espiritualidad para los pueblos"},"content":{"rendered":"<p>Porque con el debate p\u00fablico del #AbortoLegal, impulsado por la hist\u00f3rica Marea Verde feminista, se pone en discusi\u00f3n la imposici\u00f3n de los preceptos morales de la Iglesia Cat\u00f3lica Apost\u00f3lica Romana. Y la imposici\u00f3n es violencia.<\/p>\n<p>Porque libertad de opci\u00f3n es tambi\u00e9n libre espiritualidad, libre pensamiento y libre religiosidad para los pueblos. <\/p>\n<p>Porque la potencia de las nuevas generaciones volcadas a las calles, a la participaci\u00f3n, a las grandes causas de la Historia est\u00e1 mostrando, una vez m\u00e1s, que es posible discutir todo lo establecido y lo impuesto como verdad absoluta. <\/p>\n<p>Porque nuestra espiritualidad no es la espiritualidad del dogma ni de la violencia religiosa, como declaramos a viva voz quienes nos comprometemos en la ceremonia de Reconocimiento de El Mensaje de Silo.<\/p>\n<p>Porque no imponemos nuestros valores a lxs dem\u00e1s, no queremos que nos impongan leyes, preceptos, creencias, conductas que restringen nuestra libertad humana.<\/p>\n<p>Porque un conjunto de a\u00f1ejos \u201crepresentantes\u201d sentados en Instituciones a\u00f1ejas lo hayan impedido, eso nos dar\u00e1 m\u00e1s fuerza para no cejar en el intento. Y discutiremos tambi\u00e9n esas vetustas instituciones y esa formal democracia, porque queremos democracia real, participativa, de base y directa.<\/p>\n<p>Por todo ello seguiremos poniendo en alto los pa\u00f1uelos verdes de la dignidad y la libertad\u2026 hasta conquistar las m\u00e1s elevada utop\u00eda de desterrar la violencia de la sociedad y de nuestro coraz\u00f3n.<\/p>\n","protected":false},"excerpt":{"rendered":"<p>Porque con el debate p\u00fablico del #AbortoLegal, impulsado por la hist\u00f3rica Marea Verde feminista, se pone en discusi\u00f3n la imposici\u00f3n de los preceptos morales de la Iglesia Cat\u00f3lica Apost\u00f3lica Romana. Y la imposici\u00f3n es violencia. Porque libertad de opci\u00f3n es&hellip;<\/p>\n","protected":false},"author":20,"featured_media":691386,"comment_status":"closed","ping_status":"closed","sticky":false,"template":"","format":"standard","meta":{"footnotes":""},"categories":[1240,46976],"tags":[5371,4332,16464],"class_list":["post-692197","post","type-post","status-publish","format-standard","has-post-thumbnail","hentry","category-humanismo-espiritualidad","category-jovenes","tag-aborto","tag-feminismo","tag-marea-verde"],"yoast_head":"<!-- This site is optimized with the Yoast SEO plugin v27.1.1 - https:\/\/yoast.com\/product\/yoast-seo-wordpress\/ -->\n<title>Libre opci\u00f3n, libre espiritualidad para los pueblos<\/title>\n<meta name=\"description\" content=\"Porque con el debate p\u00fablico del #AbortoLegal, impulsado por la hist\u00f3rica Marea Verde feminista, se pone en discusi\u00f3n la imposici\u00f3n de los preceptos\" \/>\n<meta name=\"robots\" content=\"index, follow, max-snippet:-1, max-image-preview:large, max-video-preview:-1\" \/>\n<link rel=\"canonical\" href=\"https:\/\/www.pressenza.com\/es\/2018\/08\/libre-opcion-libre-espiritualidad-para-los-pueblos\/\" \/>\n<meta property=\"og:locale\" content=\"es_ES\" \/>\n<meta property=\"og:type\" content=\"article\" \/>\n<meta property=\"og:title\" content=\"Libre opci\u00f3n, libre espiritualidad para los pueblos\" \/>\n<meta property=\"og:description\" content=\"Porque con el debate p\u00fablico del #AbortoLegal, impulsado por la hist\u00f3rica Marea Verde feminista, se pone en discusi\u00f3n la imposici\u00f3n de los preceptos\" \/>\n<meta property=\"og:url\" content=\"https:\/\/www.pressenza.com\/es\/2018\/08\/libre-opcion-libre-espiritualidad-para-los-pueblos\/\" \/>\n<meta property=\"og:site_name\" content=\"Pressenza\" \/>\n<meta property=\"article:publisher\" content=\"https:\/\/www.facebook.com\/PressenzaItalia\" \/>\n<meta property=\"article:published_time\" content=\"2018-08-11T13:31:37+00:00\" \/>\n<meta property=\"article:modified_time\" content=\"2018-08-11T13:43:57+00:00\" \/>\n<meta property=\"og:image\" content=\"https:\/\/www.pressenza.com\/wp-content\/uploads\/2018\/08\/MG_4276_2592x1728.jpg\" \/>\n\t<meta property=\"og:image:width\" content=\"2048\" \/>\n\t<meta property=\"og:image:height\" content=\"1365\" \/>\n\t<meta property=\"og:image:type\" content=\"image\/jpeg\" \/>\n<meta name=\"author\" content=\"ivan novotny\" \/>\n<meta name=\"twitter:card\" content=\"summary_large_image\" \/>\n<meta name=\"twitter:creator\" content=\"@ivanovotny\" \/>\n<meta name=\"twitter:site\" content=\"@PressenzaIPA\" \/>\n<meta name=\"twitter:label1\" content=\"Escrito por\" \/>\n\t<meta name=\"twitter:data1\" content=\"ivan novotny\" \/>\n\t<meta name=\"twitter:label2\" content=\"Tiempo de lectura\" \/>\n\t<meta name=\"twitter:data2\" content=\"1 minuto\" \/>\n<script type=\"application\/ld+json\" class=\"yoast-schema-graph\">{\"@context\":\"https:\/\/schema.org\",\"@graph\":[{\"@type\":\"Article\",\"@id\":\"https:\/\/www.pressenza.com\/es\/2018\/08\/libre-opcion-libre-espiritualidad-para-los-pueblos\/#article\",\"isPartOf\":{\"@id\":\"https:\/\/www.pressenza.com\/es\/2018\/08\/libre-opcion-libre-espiritualidad-para-los-pueblos\/\"},\"author\":{\"name\":\"ivan novotny\",\"@id\":\"https:\/\/www.pressenza.com\/es\/#\/schema\/person\/074b2cdde387af1b7a93f788a03ec37a\"},\"headline\":\"Libre opci\u00f3n, libre espiritualidad para los pueblos\",\"datePublished\":\"2018-08-11T13:31:37+00:00\",\"dateModified\":\"2018-08-11T13:43:57+00:00\",\"mainEntityOfPage\":{\"@id\":\"https:\/\/www.pressenza.com\/es\/2018\/08\/libre-opcion-libre-espiritualidad-para-los-pueblos\/\"},\"wordCount\":248,\"publisher\":{\"@id\":\"https:\/\/www.pressenza.com\/es\/#organization\"},\"image\":{\"@id\":\"https:\/\/www.pressenza.com\/es\/2018\/08\/libre-opcion-libre-espiritualidad-para-los-pueblos\/#primaryimage\"},\"thumbnailUrl\":\"https:\/\/www.pressenza.com\/wp-content\/uploads\/2018\/08\/MG_4276_2592x1728.jpg\",\"keywords\":[\"aborto\",\"feminismo\",\"Marea Verde\"],\"articleSection\":[\"Humanismo y Espiritualidad\",\"J\u00f3venes\"],\"inLanguage\":\"es\"},{\"@type\":\"WebPage\",\"@id\":\"https:\/\/www.pressenza.com\/es\/2018\/08\/libre-opcion-libre-espiritualidad-para-los-pueblos\/\",\"url\":\"https:\/\/www.pressenza.com\/es\/2018\/08\/libre-opcion-libre-espiritualidad-para-los-pueblos\/\",\"name\":\"Libre opci\u00f3n, libre espiritualidad para los pueblos\",\"isPartOf\":{\"@id\":\"https:\/\/www.pressenza.com\/es\/#website\"},\"primaryImageOfPage\":{\"@id\":\"https:\/\/www.pressenza.com\/es\/2018\/08\/libre-opcion-libre-espiritualidad-para-los-pueblos\/#primaryimage\"},\"image\":{\"@id\":\"https:\/\/www.pressenza.com\/es\/2018\/08\/libre-opcion-libre-espiritualidad-para-los-pueblos\/#primaryimage\"},\"thumbnailUrl\":\"https:\/\/www.pressenza.com\/wp-content\/uploads\/2018\/08\/MG_4276_2592x1728.jpg\",\"datePublished\":\"2018-08-11T13:31:37+00:00\",\"dateModified\":\"2018-08-11T13:43:57+00:00\",\"description\":\"Porque con el debate p\u00fablico del #AbortoLegal, impulsado por la hist\u00f3rica Marea Verde feminista, se pone en discusi\u00f3n la imposici\u00f3n de los preceptos\",\"breadcrumb\":{\"@id\":\"https:\/\/www.pressenza.com\/es\/2018\/08\/libre-opcion-libre-espiritualidad-para-los-pueblos\/#breadcrumb\"},\"inLanguage\":\"es\",\"potentialAction\":[{\"@type\":\"ReadAction\",\"target\":[\"https:\/\/www.pressenza.com\/es\/2018\/08\/libre-opcion-libre-espiritualidad-para-los-pueblos\/\"]}]},{\"@type\":\"ImageObject\",\"inLanguage\":\"es\",\"@id\":\"https:\/\/www.pressenza.com\/es\/2018\/08\/libre-opcion-libre-espiritualidad-para-los-pueblos\/#primaryimage\",\"url\":\"https:\/\/www.pressenza.com\/wp-content\/uploads\/2018\/08\/MG_4276_2592x1728.jpg\",\"contentUrl\":\"https:\/\/www.pressenza.com\/wp-content\/uploads\/2018\/08\/MG_4276_2592x1728.jpg\",\"width\":2048,\"height\":1365},{\"@type\":\"BreadcrumbList\",\"@id\":\"https:\/\/www.pressenza.com\/es\/2018\/08\/libre-opcion-libre-espiritualidad-para-los-pueblos\/#breadcrumb\",\"itemListElement\":[{\"@type\":\"ListItem\",\"position\":1,\"name\":\"Accueil\",\"item\":\"https:\/\/www.pressenza.com\/es\/\"},{\"@type\":\"ListItem\",\"position\":2,\"name\":\"Libre opci\u00f3n, libre espiritualidad para los pueblos\"}]},{\"@type\":\"WebSite\",\"@id\":\"https:\/\/www.pressenza.com\/es\/#website\",\"url\":\"https:\/\/www.pressenza.com\/es\/\",\"name\":\"Pressenza\",\"description\":\"International Press Agency\",\"publisher\":{\"@id\":\"https:\/\/www.pressenza.com\/es\/#organization\"},\"potentialAction\":[{\"@type\":\"SearchAction\",\"target\":{\"@type\":\"EntryPoint\",\"urlTemplate\":\"https:\/\/www.pressenza.com\/es\/?s={search_term_string}\"},\"query-input\":{\"@type\":\"PropertyValueSpecification\",\"valueRequired\":true,\"valueName\":\"search_term_string\"}}],\"inLanguage\":\"es\"},{\"@type\":\"Organization\",\"@id\":\"https:\/\/www.pressenza.com\/es\/#organization\",\"name\":\"Pressenza\",\"url\":\"https:\/\/www.pressenza.com\/es\/\",\"logo\":{\"@type\":\"ImageObject\",\"inLanguage\":\"es\",\"@id\":\"https:\/\/www.pressenza.com\/es\/#\/schema\/logo\/image\/\",\"url\":\"https:\/\/www.pressenza.com\/wp-content\/uploads\/2022\/10\/pressenza_logo_200x200.jpg\",\"contentUrl\":\"https:\/\/www.pressenza.com\/wp-content\/uploads\/2022\/10\/pressenza_logo_200x200.jpg\",\"width\":200,\"height\":200,\"caption\":\"Pressenza\"},\"image\":{\"@id\":\"https:\/\/www.pressenza.com\/es\/#\/schema\/logo\/image\/\"},\"sameAs\":[\"https:\/\/www.facebook.com\/PressenzaItalia\",\"https:\/\/x.com\/PressenzaIPA\"]},{\"@type\":\"Person\",\"@id\":\"https:\/\/www.pressenza.com\/es\/#\/schema\/person\/074b2cdde387af1b7a93f788a03ec37a\",\"name\":\"ivan novotny\",\"description\":\"A graduate in Communication Science from the University of Buenos Aires.\",\"sameAs\":[\"https:\/\/www.instagram.com\/inovotny\",\"https:\/\/x.com\/ivanovotny\"],\"url\":\"https:\/\/www.pressenza.com\/es\/author\/ivan-novotny\/\"}]}<\/script>\n<!-- \/ Yoast SEO plugin. -->","yoast_head_json":{"title":"Libre opci\u00f3n, libre espiritualidad para los pueblos","description":"Porque con el debate p\u00fablico del #AbortoLegal, impulsado por la hist\u00f3rica Marea Verde feminista, se pone en discusi\u00f3n la imposici\u00f3n de los preceptos","robots":{"index":"index","follow":"follow","max-snippet":"max-snippet:-1","max-image-preview":"max-image-preview:large","max-video-preview":"max-video-preview:-1"},"canonical":"https:\/\/www.pressenza.com\/es\/2018\/08\/libre-opcion-libre-espiritualidad-para-los-pueblos\/","og_locale":"es_ES","og_type":"article","og_title":"Libre opci\u00f3n, libre espiritualidad para los pueblos","og_description":"Porque con el debate p\u00fablico del #AbortoLegal, impulsado por la hist\u00f3rica Marea Verde feminista, se pone en discusi\u00f3n la imposici\u00f3n de los preceptos","og_url":"https:\/\/www.pressenza.com\/es\/2018\/08\/libre-opcion-libre-espiritualidad-para-los-pueblos\/","og_site_name":"Pressenza","article_publisher":"https:\/\/www.facebook.com\/PressenzaItalia","article_published_time":"2018-08-11T13:31:37+00:00","article_modified_time":"2018-08-11T13:43:57+00:00","og_image":[{"width":2048,"height":1365,"url":"https:\/\/www.pressenza.com\/wp-content\/uploads\/2018\/08\/MG_4276_2592x1728.jpg","type":"image\/jpeg"}],"author":"ivan novotny","twitter_card":"summary_large_image","twitter_creator":"@ivanovotny","twitter_site":"@PressenzaIPA","twitter_misc":{"Escrito por":"ivan novotny","Tiempo de lectura":"1 minuto"},"schema":{"@context":"https:\/\/schema.org","@graph":[{"@type":"Article","@id":"https:\/\/www.pressenza.com\/es\/2018\/08\/libre-opcion-libre-espiritualidad-para-los-pueblos\/#article","isPartOf":{"@id":"https:\/\/www.pressenza.com\/es\/2018\/08\/libre-opcion-libre-espiritualidad-para-los-pueblos\/"},"author":{"name":"ivan novotny","@id":"https:\/\/www.pressenza.com\/es\/#\/schema\/person\/074b2cdde387af1b7a93f788a03ec37a"},"headline":"Libre opci\u00f3n, libre espiritualidad para los pueblos","datePublished":"2018-08-11T13:31:37+00:00","dateModified":"2018-08-11T13:43:57+00:00","mainEntityOfPage":{"@id":"https:\/\/www.pressenza.com\/es\/2018\/08\/libre-opcion-libre-espiritualidad-para-los-pueblos\/"},"wordCount":248,"publisher":{"@id":"https:\/\/www.pressenza.com\/es\/#organization"},"image":{"@id":"https:\/\/www.pressenza.com\/es\/2018\/08\/libre-opcion-libre-espiritualidad-para-los-pueblos\/#primaryimage"},"thumbnailUrl":"https:\/\/www.pressenza.com\/wp-content\/uploads\/2018\/08\/MG_4276_2592x1728.jpg","keywords":["aborto","feminismo","Marea Verde"],"articleSection":["Humanismo y Espiritualidad","J\u00f3venes"],"inLanguage":"es"},{"@type":"WebPage","@id":"https:\/\/www.pressenza.com\/es\/2018\/08\/libre-opcion-libre-espiritualidad-para-los-pueblos\/","url":"https:\/\/www.pressenza.com\/es\/2018\/08\/libre-opcion-libre-espiritualidad-para-los-pueblos\/","name":"Libre opci\u00f3n, libre espiritualidad para los pueblos","isPartOf":{"@id":"https:\/\/www.pressenza.com\/es\/#website"},"primaryImageOfPage":{"@id":"https:\/\/www.pressenza.com\/es\/2018\/08\/libre-opcion-libre-espiritualidad-para-los-pueblos\/#primaryimage"},"image":{"@id":"https:\/\/www.pressenza.com\/es\/2018\/08\/libre-opcion-libre-espiritualidad-para-los-pueblos\/#primaryimage"},"thumbnailUrl":"https:\/\/www.pressenza.com\/wp-content\/uploads\/2018\/08\/MG_4276_2592x1728.jpg","datePublished":"2018-08-11T13:31:37+00:00","dateModified":"2018-08-11T13:43:57+00:00","description":"Porque con el debate p\u00fablico del #AbortoLegal, impulsado por la hist\u00f3rica Marea Verde feminista, se pone en discusi\u00f3n la imposici\u00f3n de los preceptos","breadcrumb":{"@id":"https:\/\/www.pressenza.com\/es\/2018\/08\/libre-opcion-libre-espiritualidad-para-los-pueblos\/#breadcrumb"},"inLanguage":"es","potentialAction":[{"@type":"ReadAction","target":["https:\/\/www.pressenza.com\/es\/2018\/08\/libre-opcion-libre-espiritualidad-para-los-pueblos\/"]}]},{"@type":"ImageObject","inLanguage":"es","@id":"https:\/\/www.pressenza.com\/es\/2018\/08\/libre-opcion-libre-espiritualidad-para-los-pueblos\/#primaryimage","url":"https:\/\/www.pressenza.com\/wp-content\/uploads\/2018\/08\/MG_4276_2592x1728.jpg","contentUrl":"https:\/\/www.pressenza.com\/wp-content\/uploads\/2018\/08\/MG_4276_2592x1728.jpg","width":2048,"height":1365},{"@type":"BreadcrumbList","@id":"https:\/\/www.pressenza.com\/es\/2018\/08\/libre-opcion-libre-espiritualidad-para-los-pueblos\/#breadcrumb","itemListElement":[{"@type":"ListItem","position":1,"name":"Accueil","item":"https:\/\/www.pressenza.com\/es\/"},{"@type":"ListItem","position":2,"name":"Libre opci\u00f3n, libre espiritualidad para los pueblos"}]},{"@type":"WebSite","@id":"https:\/\/www.pressenza.com\/es\/#website","url":"https:\/\/www.pressenza.com\/es\/","name":"Pressenza","description":"International Press Agency","publisher":{"@id":"https:\/\/www.pressenza.com\/es\/#organization"},"potentialAction":[{"@type":"SearchAction","target":{"@type":"EntryPoint","urlTemplate":"https:\/\/www.pressenza.com\/es\/?s={search_term_string}"},"query-input":{"@type":"PropertyValueSpecification","valueRequired":true,"valueName":"search_term_string"}}],"inLanguage":"es"},{"@type":"Organization","@id":"https:\/\/www.pressenza.com\/es\/#organization","name":"Pressenza","url":"https:\/\/www.pressenza.com\/es\/","logo":{"@type":"ImageObject","inLanguage":"es","@id":"https:\/\/www.pressenza.com\/es\/#\/schema\/logo\/image\/","url":"https:\/\/www.pressenza.com\/wp-content\/uploads\/2022\/10\/pressenza_logo_200x200.jpg","contentUrl":"https:\/\/www.pressenza.com\/wp-content\/uploads\/2022\/10\/pressenza_logo_200x200.jpg","width":200,"height":200,"caption":"Pressenza"},"image":{"@id":"https:\/\/www.pressenza.com\/es\/#\/schema\/logo\/image\/"},"sameAs":["https:\/\/www.facebook.com\/PressenzaItalia","https:\/\/x.com\/PressenzaIPA"]},{"@type":"Person","@id":"https:\/\/www.pressenza.com\/es\/#\/schema\/person\/074b2cdde387af1b7a93f788a03ec37a","name":"ivan novotny","description":"A graduate in Communication Science from the University of Buenos Aires.","sameAs":["https:\/\/www.instagram.com\/inovotny","https:\/\/x.com\/ivanovotny"],"url":"https:\/\/www.pressenza.com\/es\/author\/ivan-novotny\/"}]}},"place":"Buenos Aires, Argentina","original_article_url":"","_links":{"self":[{"href":"https:\/\/www.pressenza.com\/es\/wp-json\/wp\/v2\/posts\/692197","targetHints":{"allow":["GET"]}}],"collection":[{"href":"https:\/\/www.pressenza.com\/es\/wp-json\/wp\/v2\/posts"}],"about":[{"href":"https:\/\/www.pressenza.com\/es\/wp-json\/wp\/v2\/types\/post"}],"author":[{"embeddable":true,"href":"https:\/\/www.pressenza.com\/es\/wp-json\/wp\/v2\/users\/20"}],"replies":[{"embeddable":true,"href":"https:\/\/www.pressenza.com\/es\/wp-json\/wp\/v2\/comments?post=692197"}],"version-history":[{"count":0,"href":"https:\/\/www.pressenza.com\/es\/wp-json\/wp\/v2\/posts\/692197\/revisions"}],"wp:featuredmedia":[{"embeddable":true,"href":"https:\/\/www.pressenza.com\/es\/wp-json\/wp\/v2\/media\/691386"}],"wp:attachment":[{"href":"https:\/\/www.pressenza.com\/es\/wp-json\/wp\/v2\/media?parent=692197"}],"wp:term":[{"taxonomy":"category","embeddable":true,"href":"https:\/\/www.pressenza.com\/es\/wp-json\/wp\/v2\/categories?post=692197"},{"taxonomy":"post_tag","embeddable":true,"href":"https:\/\/www.pressenza.com\/es\/wp-json\/wp\/v2\/tags?post=692197"}],"curies":[{"name":"wp","href":"https:\/\/api.w.org\/{rel}","templated":true}]}}