{"id":691864,"date":"2018-08-10T16:59:13","date_gmt":"2018-08-10T15:59:13","guid":{"rendered":"https:\/\/www.pressenza.com\/?p=691864"},"modified":"2018-08-10T16:59:13","modified_gmt":"2018-08-10T15:59:13","slug":"trump-y-los-medios-de-las-noticias-falsas-a-los-enemigos-del-pueblo","status":"publish","type":"post","link":"https:\/\/www.pressenza.com\/es\/2018\/08\/trump-y-los-medios-de-las-noticias-falsas-a-los-enemigos-del-pueblo\/","title":{"rendered":"Trump y los medios: \u00bfDe las noticias falsas a los enemigos del pueblo?"},"content":{"rendered":"<p><span style=\"color: #000000; font-family: Calibri;\">\u00abNo creo que los medios de comunicaci\u00f3n sean enemigos del pueblo\u00bb, afirm\u00f3 Ivanka Trump, hija del presidente, en una entrevista reciente. Esta fue la declaraci\u00f3n que el periodista de la CNN, Jim Acosta, trat\u00f3 de obtener de la vocera de Trump, Sarah Huckabee Sanders, en una conferencia de prensa en la Casa Blanca. Acosta sali\u00f3 de la habitaci\u00f3n protestando porque Sanders no hizo tal declaraci\u00f3n.<\/span><\/p>\n<p><span style=\"color: #000000; font-family: Calibri;\">Sanders cumpli\u00f3 con su deber como fiel portavoz de su jefe, quien poco tiempo despu\u00e9s reiter\u00f3 en un tweet que \u00ablas noticias falsas son enemigas del pueblo\u00bb. El presidente n\u00famero 45 comentaba una reuni\u00f3n entre A.G. Sulzberger, editor del New York Times, y James Bennet, editor de la secci\u00f3n de opini\u00f3n del peri\u00f3dico. Los dos periodistas advirtieron al presidente que \u00absu lenguaje no s\u00f3lo era divisivo, sino cada vez m\u00e1s peligroso\u00bb. Tambi\u00e9n subrayaron el hecho de que referirse a la prensa como \u00abenemigos del pueblo\u00bb est\u00e1 \u00abcontribuyendo a un incremento de las amenazas contra los periodistas y conducir\u00e1 a la violencia\u00bb.<\/span><\/p>\n<p><span style=\"color: #000000; font-family: Calibri;\">No fue la primera vez que Trump atac\u00f3 a los medios de comunicaci\u00f3n como \u00abnoticias falsas\u00bb, ni como \u00abenemigos del pueblo\u00bb, una expresi\u00f3n utilizada por los l\u00edderes de los reg\u00edmenes autoritarios para silenciar a sus oponentes. La expresi\u00f3n no es nueva. Las mismas palabras se pueden encontrar en el Coriolano de Shakespeare. En la era moderna, los dictadores de izquierda y derecha, Stalin y Mao, as\u00ed como los propagandistas nazis, han usado las palabras para denigrar y destruir a sus enemigos pol\u00edticos, incluso llevando a asesinatos y purgas.<\/span><\/p>\n<p><span style=\"color: #000000; font-family: Calibri;\">Trump ataca a los medios de comunicaci\u00f3n como \u00abnoticias falsas\u00bb, elevando el volumen con la frase \u00abenemigo del pueblo\u00bb, haciendo eco de la ret\u00f3rica de las naciones autoritarias modernas. Es importante recordar que Trump siempre ha tenido palabras de aprobaci\u00f3n no s\u00f3lo para Vladimir Putin, sino tambi\u00e9n para otros dictadores, incluyendo a Kim Jong-un. En el caso de Kim, el 45\u00ba presidente ha expresado su admiraci\u00f3n por el hecho de que el l\u00edder coreano asumi\u00f3 el poder sobre su pa\u00eds cuando s\u00f3lo ten\u00eda 28 a\u00f1os, ignorando la maldad de las acciones del dictador.<\/span><\/p>\n<p><span style=\"color: #000000; font-family: Calibri;\">A diferencia de los presidentes estadounidenses anteriores, que hablaron de democracia y valores democr\u00e1ticos no s\u00f3lo para los estadounidenses, sino como un modelo para el resto del mundo, Trump ha guardado silencio sobre este tema. Su comportamiento hacia los periodistas fue atroz durante la campa\u00f1a electoral, y s\u00f3lo ha empeorado a lo largo de sus casi dos a\u00f1os en el cargo. Trump no duda en se\u00f1alar por abuso a periodistas desfavorecidos como Acosta, a cuya pregunta se neg\u00f3 a responder en una reciente conferencia de prensa en Londres con Theresa May. Identificando a Acosta como parte de la CNN, a la que \u00e9l llama \u00abnoticias falsas\u00bb, se salt\u00f3 al reportero y luego acept\u00f3 una pregunta de John Robert de Fox News &#8211; que mucha gente considera las noticias falsas reales.<\/span><\/p>\n<p><span style=\"color: #000000; font-family: Calibri;\">Cuando el presidente de una democracia como Estados Unidos ataca verbalmente a un reportero en p\u00fablico, alienta a los l\u00edderes de los reg\u00edmenes autoritarios a maltratar a su propia prensa. En muchos de esos pa\u00edses, este tipo de intimidaci\u00f3n puede terminar con reporteros en prisi\u00f3n o algo peor. El comportamiento autoritario de Trump legitima acciones similares de l\u00edderes en partes del mundo desprotegidos por la primera enmienda de Estados Unidos y la garant\u00eda de la libertad de prensa.<\/span><\/p>\n<p><span style=\"color: #000000; font-family: Calibri;\">En efecto, las acciones de Trump demuestran desprecio no s\u00f3lo por los periodistas, sino tambi\u00e9n por la Constituci\u00f3n estadounidense. Sin embargo, la protecci\u00f3n de la libertad de prensa de la Constituci\u00f3n no protege completamente a los periodistas en Estados Unidos. Acosta, por ejemplo, requiere guardaespaldas para hacer su trabajo cubriendo los numerosos m\u00edtines de Trump, en los que no es inusual que el 45\u00ba presidente vilipendie a los medios de comunicaci\u00f3n. Trump nunca ha dicho a sus partidarios que ataquen f\u00edsicamente a los periodistas, pero algunos de los \u00abdeplorables\u00bb podr\u00edan f\u00e1cilmente interpretar sus feroces palabras como un est\u00edmulo para hacerlo. De hecho, varios periodistas han sido amenazados por personas que se declaran partidarios de Trump.<\/span><\/p>\n<p><span style=\"color: #000000; font-family: Calibri;\">En un art\u00edculo reciente, el columnista del New York Times Bret Stephens escribi\u00f3 sobre las amenazas que recibi\u00f3 de algunas de estas personas el pasado mes de mayo. Cuatro semanas despu\u00e9s, cinco periodistas fueron asesinados en la Gaceta de la Capital en Annapolis, Maryland. No parece haber ning\u00fan motivo pol\u00edtico, pero obviamente la incendiaria caracterizaci\u00f3n de Trump de los medios de comunicaci\u00f3n como \u00abenemigos del pueblo\u00bb podr\u00eda conducir a una tragedia similar.<\/span><\/p>\n<p><span style=\"color: #000000; font-family: Calibri;\">El ataque de Trump a los medios de comunicaci\u00f3n no siempre est\u00e1 dirigido a un individuo. Es parte de un esfuerzo mayor para desmantelar la verdad, que es su verdadero enemigo. Sus ataques se esfuerzan por crear una realidad alternativa &#8211; una realidad que sale directamente de su boca. De hecho, en un reciente mitin, Trump aconsej\u00f3 a sus devotos que no creyeran nada de lo que vieran escrito o reportado por los medios de comunicaci\u00f3n.<\/span><\/p>\n<p><span style=\"color: #000000; font-family: Calibri;\">Ni la p\u00e9rdida de fe en los medios de comunicaci\u00f3n, ni la inevitable falta de voluntad de los medios de comunicaci\u00f3n para trabajar con Trump, es un problema para el presidente, porque hoy en d\u00eda es posible pasar por alto a la prensa, comunic\u00e1ndose directamente con el electorado. Trump tiene m\u00e1s de 50 millones de seguidores en Twitter, la mitad que Barack Obama, pero hace muy buen uso de ellos. Sus mensajes en Twitter, y en sus m\u00edtines, frecuentemente incluyen informaci\u00f3n falsa y enga\u00f1os. Seg\u00fan el Washington Post, la frecuencia de las mentiras y afirmaciones enga\u00f1osas de Trump ha aumentado recientemente a 16 por d\u00eda. En los 600 d\u00edas de su presidencia, Trump ha mentido 4300 veces. Entre su cuenta de Twitter y sus frecuentes m\u00edtines, es, de hecho, el propagandista m\u00e1s prol\u00edfico de las noticias falsas.<\/span><\/p>\n<p><span style=\"color: #000000; font-family: Calibri;\">Cuando el 45\u00ba presidente ataque a los medios de comunicaci\u00f3n falsos, deber\u00eda mirarse en el espejo.<\/span><\/p>\n","protected":false},"excerpt":{"rendered":"<p>\u00abNo creo que los medios de comunicaci\u00f3n sean enemigos del pueblo\u00bb, afirm\u00f3 Ivanka Trump, hija del presidente, en una entrevista reciente. Esta fue la declaraci\u00f3n que el periodista de la CNN, Jim Acosta, trat\u00f3 de obtener de la vocera de&hellip;<\/p>\n","protected":false},"author":1521,"featured_media":678714,"comment_status":"closed","ping_status":"closed","sticky":false,"template":"","format":"standard","meta":{"footnotes":""},"categories":[11389,79,39,68,74],"tags":[26187,44856],"class_list":["post-691864","post","type-post","status-publish","format-standard","has-post-thumbnail","hentry","category-contenido-original","category-derechos-humanos","category-internacional","category-norteamerica","category-politica-es","tag-donald-trump-es","tag-noticias-falsas"],"yoast_head":"<!-- This site is optimized with the Yoast SEO plugin v27.1.1 - https:\/\/yoast.com\/product\/yoast-seo-wordpress\/ -->\n<title>Trump y los medios: \u00bfDe las noticias falsas a los enemigos del pueblo?<\/title>\n<meta name=\"description\" content=\"&quot;No creo que los medios de comunicaci\u00f3n sean enemigos del pueblo&quot;, afirm\u00f3 Ivanka Trump, hija del presidente, en una entrevista reciente. Esta fue la\" \/>\n<meta name=\"robots\" content=\"index, follow, max-snippet:-1, max-image-preview:large, max-video-preview:-1\" \/>\n<link rel=\"canonical\" href=\"https:\/\/www.pressenza.com\/es\/2018\/08\/trump-y-los-medios-de-las-noticias-falsas-a-los-enemigos-del-pueblo\/\" \/>\n<meta property=\"og:locale\" content=\"es_ES\" \/>\n<meta property=\"og:type\" content=\"article\" \/>\n<meta property=\"og:title\" content=\"Trump y los medios: \u00bfDe las noticias falsas a los enemigos del pueblo?\" \/>\n<meta property=\"og:description\" content=\"&quot;No creo que los medios de comunicaci\u00f3n sean enemigos del pueblo&quot;, afirm\u00f3 Ivanka Trump, hija del presidente, en una entrevista reciente. Esta fue la\" \/>\n<meta property=\"og:url\" content=\"https:\/\/www.pressenza.com\/es\/2018\/08\/trump-y-los-medios-de-las-noticias-falsas-a-los-enemigos-del-pueblo\/\" \/>\n<meta property=\"og:site_name\" content=\"Pressenza\" \/>\n<meta property=\"article:publisher\" content=\"https:\/\/www.facebook.com\/PressenzaItalia\" \/>\n<meta property=\"article:published_time\" content=\"2018-08-10T15:59:13+00:00\" \/>\n<meta property=\"og:image\" content=\"https:\/\/www.pressenza.com\/wp-content\/uploads\/2018\/07\/Mr_Donald_Trump_New_Hampshire_Town_Hall_on_August_19th_2015_at_Pinkerton_Academy_in_Derry_NH_by_Michael_Vadon_07.jpg\" \/>\n\t<meta property=\"og:image:width\" content=\"800\" \/>\n\t<meta property=\"og:image:height\" content=\"533\" \/>\n\t<meta property=\"og:image:type\" content=\"image\/jpeg\" \/>\n<meta name=\"author\" content=\"Domenico Maceri\" \/>\n<meta name=\"twitter:card\" content=\"summary_large_image\" \/>\n<meta name=\"twitter:creator\" content=\"@PressenzaIPA\" \/>\n<meta name=\"twitter:site\" content=\"@PressenzaIPA\" \/>\n<meta name=\"twitter:label1\" content=\"Escrito por\" \/>\n\t<meta name=\"twitter:data1\" content=\"Domenico Maceri\" \/>\n\t<meta name=\"twitter:label2\" content=\"Tiempo de lectura\" \/>\n\t<meta name=\"twitter:data2\" content=\"5 minutos\" \/>\n<script type=\"application\/ld+json\" class=\"yoast-schema-graph\">{\"@context\":\"https:\/\/schema.org\",\"@graph\":[{\"@type\":\"Article\",\"@id\":\"https:\/\/www.pressenza.com\/es\/2018\/08\/trump-y-los-medios-de-las-noticias-falsas-a-los-enemigos-del-pueblo\/#article\",\"isPartOf\":{\"@id\":\"https:\/\/www.pressenza.com\/es\/2018\/08\/trump-y-los-medios-de-las-noticias-falsas-a-los-enemigos-del-pueblo\/\"},\"author\":{\"name\":\"Domenico Maceri\",\"@id\":\"https:\/\/www.pressenza.com\/es\/#\/schema\/person\/ebb6d41cb7d11ded74e2ae352648fe11\"},\"headline\":\"Trump y los medios: \u00bfDe las noticias falsas a los enemigos del pueblo?\",\"datePublished\":\"2018-08-10T15:59:13+00:00\",\"mainEntityOfPage\":{\"@id\":\"https:\/\/www.pressenza.com\/es\/2018\/08\/trump-y-los-medios-de-las-noticias-falsas-a-los-enemigos-del-pueblo\/\"},\"wordCount\":1058,\"publisher\":{\"@id\":\"https:\/\/www.pressenza.com\/es\/#organization\"},\"image\":{\"@id\":\"https:\/\/www.pressenza.com\/es\/2018\/08\/trump-y-los-medios-de-las-noticias-falsas-a-los-enemigos-del-pueblo\/#primaryimage\"},\"thumbnailUrl\":\"https:\/\/www.pressenza.com\/wp-content\/uploads\/2018\/07\/Mr_Donald_Trump_New_Hampshire_Town_Hall_on_August_19th_2015_at_Pinkerton_Academy_in_Derry_NH_by_Michael_Vadon_07.jpg\",\"keywords\":[\"Donald Trump\",\"noticias falsas\"],\"articleSection\":[\"Contenido Original\",\"Derechos Humanos\",\"Internacional\",\"Norteam\u00e9rica\",\"Pol\u00edtica\"],\"inLanguage\":\"es\"},{\"@type\":\"WebPage\",\"@id\":\"https:\/\/www.pressenza.com\/es\/2018\/08\/trump-y-los-medios-de-las-noticias-falsas-a-los-enemigos-del-pueblo\/\",\"url\":\"https:\/\/www.pressenza.com\/es\/2018\/08\/trump-y-los-medios-de-las-noticias-falsas-a-los-enemigos-del-pueblo\/\",\"name\":\"Trump y los medios: \u00bfDe las noticias falsas a los enemigos del pueblo?\",\"isPartOf\":{\"@id\":\"https:\/\/www.pressenza.com\/es\/#website\"},\"primaryImageOfPage\":{\"@id\":\"https:\/\/www.pressenza.com\/es\/2018\/08\/trump-y-los-medios-de-las-noticias-falsas-a-los-enemigos-del-pueblo\/#primaryimage\"},\"image\":{\"@id\":\"https:\/\/www.pressenza.com\/es\/2018\/08\/trump-y-los-medios-de-las-noticias-falsas-a-los-enemigos-del-pueblo\/#primaryimage\"},\"thumbnailUrl\":\"https:\/\/www.pressenza.com\/wp-content\/uploads\/2018\/07\/Mr_Donald_Trump_New_Hampshire_Town_Hall_on_August_19th_2015_at_Pinkerton_Academy_in_Derry_NH_by_Michael_Vadon_07.jpg\",\"datePublished\":\"2018-08-10T15:59:13+00:00\",\"description\":\"\\\"No creo que los medios de comunicaci\u00f3n sean enemigos del pueblo\\\", afirm\u00f3 Ivanka Trump, hija del presidente, en una entrevista reciente. Esta fue la\",\"breadcrumb\":{\"@id\":\"https:\/\/www.pressenza.com\/es\/2018\/08\/trump-y-los-medios-de-las-noticias-falsas-a-los-enemigos-del-pueblo\/#breadcrumb\"},\"inLanguage\":\"es\",\"potentialAction\":[{\"@type\":\"ReadAction\",\"target\":[\"https:\/\/www.pressenza.com\/es\/2018\/08\/trump-y-los-medios-de-las-noticias-falsas-a-los-enemigos-del-pueblo\/\"]}]},{\"@type\":\"ImageObject\",\"inLanguage\":\"es\",\"@id\":\"https:\/\/www.pressenza.com\/es\/2018\/08\/trump-y-los-medios-de-las-noticias-falsas-a-los-enemigos-del-pueblo\/#primaryimage\",\"url\":\"https:\/\/www.pressenza.com\/wp-content\/uploads\/2018\/07\/Mr_Donald_Trump_New_Hampshire_Town_Hall_on_August_19th_2015_at_Pinkerton_Academy_in_Derry_NH_by_Michael_Vadon_07.jpg\",\"contentUrl\":\"https:\/\/www.pressenza.com\/wp-content\/uploads\/2018\/07\/Mr_Donald_Trump_New_Hampshire_Town_Hall_on_August_19th_2015_at_Pinkerton_Academy_in_Derry_NH_by_Michael_Vadon_07.jpg\",\"width\":800,\"height\":533},{\"@type\":\"BreadcrumbList\",\"@id\":\"https:\/\/www.pressenza.com\/es\/2018\/08\/trump-y-los-medios-de-las-noticias-falsas-a-los-enemigos-del-pueblo\/#breadcrumb\",\"itemListElement\":[{\"@type\":\"ListItem\",\"position\":1,\"name\":\"Accueil\",\"item\":\"https:\/\/www.pressenza.com\/es\/\"},{\"@type\":\"ListItem\",\"position\":2,\"name\":\"Trump y los medios: \u00bfDe las noticias falsas a los enemigos del pueblo?\"}]},{\"@type\":\"WebSite\",\"@id\":\"https:\/\/www.pressenza.com\/es\/#website\",\"url\":\"https:\/\/www.pressenza.com\/es\/\",\"name\":\"Pressenza\",\"description\":\"International Press Agency\",\"publisher\":{\"@id\":\"https:\/\/www.pressenza.com\/es\/#organization\"},\"potentialAction\":[{\"@type\":\"SearchAction\",\"target\":{\"@type\":\"EntryPoint\",\"urlTemplate\":\"https:\/\/www.pressenza.com\/es\/?s={search_term_string}\"},\"query-input\":{\"@type\":\"PropertyValueSpecification\",\"valueRequired\":true,\"valueName\":\"search_term_string\"}}],\"inLanguage\":\"es\"},{\"@type\":\"Organization\",\"@id\":\"https:\/\/www.pressenza.com\/es\/#organization\",\"name\":\"Pressenza\",\"url\":\"https:\/\/www.pressenza.com\/es\/\",\"logo\":{\"@type\":\"ImageObject\",\"inLanguage\":\"es\",\"@id\":\"https:\/\/www.pressenza.com\/es\/#\/schema\/logo\/image\/\",\"url\":\"https:\/\/www.pressenza.com\/wp-content\/uploads\/2022\/10\/pressenza_logo_200x200.jpg\",\"contentUrl\":\"https:\/\/www.pressenza.com\/wp-content\/uploads\/2022\/10\/pressenza_logo_200x200.jpg\",\"width\":200,\"height\":200,\"caption\":\"Pressenza\"},\"image\":{\"@id\":\"https:\/\/www.pressenza.com\/es\/#\/schema\/logo\/image\/\"},\"sameAs\":[\"https:\/\/www.facebook.com\/PressenzaItalia\",\"https:\/\/x.com\/PressenzaIPA\"]},{\"@type\":\"Person\",\"@id\":\"https:\/\/www.pressenza.com\/es\/#\/schema\/person\/ebb6d41cb7d11ded74e2ae352648fe11\",\"name\":\"Domenico Maceri\",\"description\":\"Domenico Maceri \u00e8 nato in Italia ma risiede negli Stati Uniti da molti anni. Ha studiato lingue e letterature romanze alla New Jersey City University, UCLA, e California State University Northridge, e poi ha completato il PhD in letterature comparate alla University of California a Santa Barbara. \u00c8 professore emerito all'Allan Hancock College di Santa Maria, California. Ha pubblicato un libro su Pirandello, uno sulla grammatica spagnola, e un altro sulla grammatica italiana. Ha anche pubblicato numerosi articoli accademici su Italian Quarterly, Selecta, Hispania, Mosaic, Mester, World Literature Today, e altrove. Da una ventina d'anni scrive editoriali in inglese alcuni dei quali sono stati pubblicati dal Japan Times, Washington Times, Chicago Tribune, New York Times e molti altri su argomenti vari come il multilinguismo, l'immigrazione, e la politica. I suoi editoriali in italiano su argomenti simili dono apparsi su Il Nuovo Riformista, Le Opinioni delle Libert\u00e0, L'Unit\u00e0, America Oggi e molti altri. Alcuni dei sui editoriali hanno vinto premi dalla National Association of Hispanic Publications.\",\"url\":\"https:\/\/www.pressenza.com\/es\/author\/domenico-maceri\/\"}]}<\/script>\n<!-- \/ Yoast SEO plugin. -->","yoast_head_json":{"title":"Trump y los medios: \u00bfDe las noticias falsas a los enemigos del pueblo?","description":"\"No creo que los medios de comunicaci\u00f3n sean enemigos del pueblo\", afirm\u00f3 Ivanka Trump, hija del presidente, en una entrevista reciente. Esta fue la","robots":{"index":"index","follow":"follow","max-snippet":"max-snippet:-1","max-image-preview":"max-image-preview:large","max-video-preview":"max-video-preview:-1"},"canonical":"https:\/\/www.pressenza.com\/es\/2018\/08\/trump-y-los-medios-de-las-noticias-falsas-a-los-enemigos-del-pueblo\/","og_locale":"es_ES","og_type":"article","og_title":"Trump y los medios: \u00bfDe las noticias falsas a los enemigos del pueblo?","og_description":"\"No creo que los medios de comunicaci\u00f3n sean enemigos del pueblo\", afirm\u00f3 Ivanka Trump, hija del presidente, en una entrevista reciente. Esta fue la","og_url":"https:\/\/www.pressenza.com\/es\/2018\/08\/trump-y-los-medios-de-las-noticias-falsas-a-los-enemigos-del-pueblo\/","og_site_name":"Pressenza","article_publisher":"https:\/\/www.facebook.com\/PressenzaItalia","article_published_time":"2018-08-10T15:59:13+00:00","og_image":[{"width":800,"height":533,"url":"https:\/\/www.pressenza.com\/wp-content\/uploads\/2018\/07\/Mr_Donald_Trump_New_Hampshire_Town_Hall_on_August_19th_2015_at_Pinkerton_Academy_in_Derry_NH_by_Michael_Vadon_07.jpg","type":"image\/jpeg"}],"author":"Domenico Maceri","twitter_card":"summary_large_image","twitter_creator":"@PressenzaIPA","twitter_site":"@PressenzaIPA","twitter_misc":{"Escrito por":"Domenico Maceri","Tiempo de lectura":"5 minutos"},"schema":{"@context":"https:\/\/schema.org","@graph":[{"@type":"Article","@id":"https:\/\/www.pressenza.com\/es\/2018\/08\/trump-y-los-medios-de-las-noticias-falsas-a-los-enemigos-del-pueblo\/#article","isPartOf":{"@id":"https:\/\/www.pressenza.com\/es\/2018\/08\/trump-y-los-medios-de-las-noticias-falsas-a-los-enemigos-del-pueblo\/"},"author":{"name":"Domenico Maceri","@id":"https:\/\/www.pressenza.com\/es\/#\/schema\/person\/ebb6d41cb7d11ded74e2ae352648fe11"},"headline":"Trump y los medios: \u00bfDe las noticias falsas a los enemigos del pueblo?","datePublished":"2018-08-10T15:59:13+00:00","mainEntityOfPage":{"@id":"https:\/\/www.pressenza.com\/es\/2018\/08\/trump-y-los-medios-de-las-noticias-falsas-a-los-enemigos-del-pueblo\/"},"wordCount":1058,"publisher":{"@id":"https:\/\/www.pressenza.com\/es\/#organization"},"image":{"@id":"https:\/\/www.pressenza.com\/es\/2018\/08\/trump-y-los-medios-de-las-noticias-falsas-a-los-enemigos-del-pueblo\/#primaryimage"},"thumbnailUrl":"https:\/\/www.pressenza.com\/wp-content\/uploads\/2018\/07\/Mr_Donald_Trump_New_Hampshire_Town_Hall_on_August_19th_2015_at_Pinkerton_Academy_in_Derry_NH_by_Michael_Vadon_07.jpg","keywords":["Donald Trump","noticias falsas"],"articleSection":["Contenido Original","Derechos Humanos","Internacional","Norteam\u00e9rica","Pol\u00edtica"],"inLanguage":"es"},{"@type":"WebPage","@id":"https:\/\/www.pressenza.com\/es\/2018\/08\/trump-y-los-medios-de-las-noticias-falsas-a-los-enemigos-del-pueblo\/","url":"https:\/\/www.pressenza.com\/es\/2018\/08\/trump-y-los-medios-de-las-noticias-falsas-a-los-enemigos-del-pueblo\/","name":"Trump y los medios: \u00bfDe las noticias falsas a los enemigos del pueblo?","isPartOf":{"@id":"https:\/\/www.pressenza.com\/es\/#website"},"primaryImageOfPage":{"@id":"https:\/\/www.pressenza.com\/es\/2018\/08\/trump-y-los-medios-de-las-noticias-falsas-a-los-enemigos-del-pueblo\/#primaryimage"},"image":{"@id":"https:\/\/www.pressenza.com\/es\/2018\/08\/trump-y-los-medios-de-las-noticias-falsas-a-los-enemigos-del-pueblo\/#primaryimage"},"thumbnailUrl":"https:\/\/www.pressenza.com\/wp-content\/uploads\/2018\/07\/Mr_Donald_Trump_New_Hampshire_Town_Hall_on_August_19th_2015_at_Pinkerton_Academy_in_Derry_NH_by_Michael_Vadon_07.jpg","datePublished":"2018-08-10T15:59:13+00:00","description":"\"No creo que los medios de comunicaci\u00f3n sean enemigos del pueblo\", afirm\u00f3 Ivanka Trump, hija del presidente, en una entrevista reciente. Esta fue la","breadcrumb":{"@id":"https:\/\/www.pressenza.com\/es\/2018\/08\/trump-y-los-medios-de-las-noticias-falsas-a-los-enemigos-del-pueblo\/#breadcrumb"},"inLanguage":"es","potentialAction":[{"@type":"ReadAction","target":["https:\/\/www.pressenza.com\/es\/2018\/08\/trump-y-los-medios-de-las-noticias-falsas-a-los-enemigos-del-pueblo\/"]}]},{"@type":"ImageObject","inLanguage":"es","@id":"https:\/\/www.pressenza.com\/es\/2018\/08\/trump-y-los-medios-de-las-noticias-falsas-a-los-enemigos-del-pueblo\/#primaryimage","url":"https:\/\/www.pressenza.com\/wp-content\/uploads\/2018\/07\/Mr_Donald_Trump_New_Hampshire_Town_Hall_on_August_19th_2015_at_Pinkerton_Academy_in_Derry_NH_by_Michael_Vadon_07.jpg","contentUrl":"https:\/\/www.pressenza.com\/wp-content\/uploads\/2018\/07\/Mr_Donald_Trump_New_Hampshire_Town_Hall_on_August_19th_2015_at_Pinkerton_Academy_in_Derry_NH_by_Michael_Vadon_07.jpg","width":800,"height":533},{"@type":"BreadcrumbList","@id":"https:\/\/www.pressenza.com\/es\/2018\/08\/trump-y-los-medios-de-las-noticias-falsas-a-los-enemigos-del-pueblo\/#breadcrumb","itemListElement":[{"@type":"ListItem","position":1,"name":"Accueil","item":"https:\/\/www.pressenza.com\/es\/"},{"@type":"ListItem","position":2,"name":"Trump y los medios: \u00bfDe las noticias falsas a los enemigos del pueblo?"}]},{"@type":"WebSite","@id":"https:\/\/www.pressenza.com\/es\/#website","url":"https:\/\/www.pressenza.com\/es\/","name":"Pressenza","description":"International Press Agency","publisher":{"@id":"https:\/\/www.pressenza.com\/es\/#organization"},"potentialAction":[{"@type":"SearchAction","target":{"@type":"EntryPoint","urlTemplate":"https:\/\/www.pressenza.com\/es\/?s={search_term_string}"},"query-input":{"@type":"PropertyValueSpecification","valueRequired":true,"valueName":"search_term_string"}}],"inLanguage":"es"},{"@type":"Organization","@id":"https:\/\/www.pressenza.com\/es\/#organization","name":"Pressenza","url":"https:\/\/www.pressenza.com\/es\/","logo":{"@type":"ImageObject","inLanguage":"es","@id":"https:\/\/www.pressenza.com\/es\/#\/schema\/logo\/image\/","url":"https:\/\/www.pressenza.com\/wp-content\/uploads\/2022\/10\/pressenza_logo_200x200.jpg","contentUrl":"https:\/\/www.pressenza.com\/wp-content\/uploads\/2022\/10\/pressenza_logo_200x200.jpg","width":200,"height":200,"caption":"Pressenza"},"image":{"@id":"https:\/\/www.pressenza.com\/es\/#\/schema\/logo\/image\/"},"sameAs":["https:\/\/www.facebook.com\/PressenzaItalia","https:\/\/x.com\/PressenzaIPA"]},{"@type":"Person","@id":"https:\/\/www.pressenza.com\/es\/#\/schema\/person\/ebb6d41cb7d11ded74e2ae352648fe11","name":"Domenico Maceri","description":"Domenico Maceri \u00e8 nato in Italia ma risiede negli Stati Uniti da molti anni. Ha studiato lingue e letterature romanze alla New Jersey City University, UCLA, e California State University Northridge, e poi ha completato il PhD in letterature comparate alla University of California a Santa Barbara. \u00c8 professore emerito all'Allan Hancock College di Santa Maria, California. Ha pubblicato un libro su Pirandello, uno sulla grammatica spagnola, e un altro sulla grammatica italiana. Ha anche pubblicato numerosi articoli accademici su Italian Quarterly, Selecta, Hispania, Mosaic, Mester, World Literature Today, e altrove. Da una ventina d'anni scrive editoriali in inglese alcuni dei quali sono stati pubblicati dal Japan Times, Washington Times, Chicago Tribune, New York Times e molti altri su argomenti vari come il multilinguismo, l'immigrazione, e la politica. I suoi editoriali in italiano su argomenti simili dono apparsi su Il Nuovo Riformista, Le Opinioni delle Libert\u00e0, L'Unit\u00e0, America Oggi e molti altri. Alcuni dei sui editoriali hanno vinto premi dalla National Association of Hispanic Publications.","url":"https:\/\/www.pressenza.com\/es\/author\/domenico-maceri\/"}]}},"place":"","original_article_url":"","_links":{"self":[{"href":"https:\/\/www.pressenza.com\/es\/wp-json\/wp\/v2\/posts\/691864","targetHints":{"allow":["GET"]}}],"collection":[{"href":"https:\/\/www.pressenza.com\/es\/wp-json\/wp\/v2\/posts"}],"about":[{"href":"https:\/\/www.pressenza.com\/es\/wp-json\/wp\/v2\/types\/post"}],"author":[{"embeddable":true,"href":"https:\/\/www.pressenza.com\/es\/wp-json\/wp\/v2\/users\/1521"}],"replies":[{"embeddable":true,"href":"https:\/\/www.pressenza.com\/es\/wp-json\/wp\/v2\/comments?post=691864"}],"version-history":[{"count":0,"href":"https:\/\/www.pressenza.com\/es\/wp-json\/wp\/v2\/posts\/691864\/revisions"}],"wp:featuredmedia":[{"embeddable":true,"href":"https:\/\/www.pressenza.com\/es\/wp-json\/wp\/v2\/media\/678714"}],"wp:attachment":[{"href":"https:\/\/www.pressenza.com\/es\/wp-json\/wp\/v2\/media?parent=691864"}],"wp:term":[{"taxonomy":"category","embeddable":true,"href":"https:\/\/www.pressenza.com\/es\/wp-json\/wp\/v2\/categories?post=691864"},{"taxonomy":"post_tag","embeddable":true,"href":"https:\/\/www.pressenza.com\/es\/wp-json\/wp\/v2\/tags?post=691864"}],"curies":[{"name":"wp","href":"https:\/\/api.w.org\/{rel}","templated":true}]}}