{"id":690607,"date":"2018-08-09T02:02:36","date_gmt":"2018-08-09T01:02:36","guid":{"rendered":"https:\/\/www.pressenza.com\/?p=690607"},"modified":"2019-02-06T19:05:36","modified_gmt":"2019-02-06T19:05:36","slug":"una-silla-violeta-para-dar-voz-a-las-mujeres-indigenas","status":"publish","type":"post","link":"https:\/\/www.pressenza.com\/es\/2018\/08\/una-silla-violeta-para-dar-voz-a-las-mujeres-indigenas\/","title":{"rendered":"Una silla violeta para dar voz a las mujeres ind\u00edgenas"},"content":{"rendered":"<blockquote><p><span lang=\"ES-CL\">Campa\u00f1a para promover los derechos de las mujeres ind\u00edgenas y su papel en los debates sobre las pol\u00edticas para alcanzar el Hambre Cero<\/span><\/p><\/blockquote>\n<p><span lang=\"ES-CL\">El Director General de la FAO, Jos\u00e9 Graziano da Silva, ha instado a los pa\u00edses a sumarse a una campa\u00f1a para promover los derechos de las mujeres ind\u00edgenas y alentar su participaci\u00f3n en las discusiones sobre pol\u00edticas, para alcanzar el Objetivo de Desarrollo Sostenible del Hambre Cero.<\/p>\n<p>\u00abPedimos a los pa\u00edses que den un paso adelante y garanticen la participaci\u00f3n las mujeres ind\u00edgenas en los procesos de formulaci\u00f3n de pol\u00edticas. Sin ellas, no podemos lograr el objetivo del Hambre Cero y no lograremos el desarrollo sostenible\u00bb, asegur\u00f3 Graziano da Silva en un mensaje en video en v\u00edsperas del D\u00eda Internacional de los Pueblos Ind\u00edgenas, el 9 de agosto.<\/p>\n<p>Los pueblos ind\u00edgenas comprenden unos 400 millones de personas en el mundo; y cerca de la mitad son mujeres. Los pueblos ind\u00edgenas juegan un papel importante para acabar con el hambre.<\/p>\n<p>\u00abLos pueblos ind\u00edgenas son los custodios de la biodiversidad del mundo. Son los defensores de las tierras y territorios que cuidan, para las generaciones futuras\u00bb, dijo Graziano da Silva. \u00abSin embargo -a\u00f1adi\u00f3-, con demasiada frecuencia los pueblos ind\u00edgenas no han visto respetados sus derechos colectivos sobre sus tierras, territorios y recursos ancestrales\u00bb.<\/p>\n<p>Las mujeres ind\u00edgenas cr\u00edan ganado, cultivan, pescan y cazan para recolectar alimentos para sus comunidades. Tambi\u00e9n son consideradas los custodios de semillas y plantas medicinales.<\/p>\n<p>A pesar de estas contribuciones, las mujeres ind\u00edgenas no participan en los procesos de formulaci\u00f3n de pol\u00edticas y toma de decisiones que afectan sus vidas. A menudo, las pol\u00edticas de protecci\u00f3n social no incluyen sus puntos de vista y necesidades. Y, a pesar de su c\u00famulo de experiencia, su trabajo, conocimiento y necesidades no se reflejan en las estad\u00edsticas.<\/p>\n<p>Resumiendo, esto las convierte en invisibles.<\/p>\n<p><strong>Una silla violeta<\/strong><\/p>\n<p>En enero, la FAO lanz\u00f3 la <\/span><a href=\"http:\/\/www.fao.org\/indigenous-peoples\/campana-mujeres-indigenas\/es\/\" target=\"_blank\" rel=\"noopener\" data-saferedirecturl=\"https:\/\/www.google.com\/url?q=http:\/\/www.fao.org\/indigenous-peoples\/campana-mujeres-indigenas\/es\/&amp;source=gmail&amp;ust=1533856442638000&amp;usg=AFQjCNHtr_8GpmN6j3JsqNzLMghxy8S2yg\"><span lang=\"ES-CL\">Campa\u00f1a global para el empoderamiento de las mujeres ind\u00edgenas para el Hambre Cero<\/span><\/a><span lang=\"ES-CL\"> con el Foro Internacional de Mujeres Ind\u00edgenas (<\/span><a href=\"http:\/\/www.fao.org\/indigenous-peoples\/campana-mujeres-indigenas\/es\/\" target=\"_blank\" rel=\"noopener\" data-saferedirecturl=\"https:\/\/www.google.com\/url?q=http:\/\/www.fao.org\/indigenous-peoples\/campana-mujeres-indigenas\/es\/&amp;source=gmail&amp;ust=1533856442638000&amp;usg=AFQjCNHtr_8GpmN6j3JsqNzLMghxy8S2yg\"><span lang=\"ES-CL\">FIMI<\/span><\/a><span lang=\"ES-CL\">) y la Agencia de Noticias de Mujeres Ind\u00edgenas y Afrodescendientes (<\/span><a href=\"http:\/\/www.fao.org\/indigenous-peoples\/campana-mujeres-indigenas\/es\/\" target=\"_blank\" rel=\"noopener\" data-saferedirecturl=\"https:\/\/www.google.com\/url?q=http:\/\/www.fao.org\/indigenous-peoples\/campana-mujeres-indigenas\/es\/&amp;source=gmail&amp;ust=1533856442638000&amp;usg=AFQjCNHtr_8GpmN6j3JsqNzLMghxy8S2yg\"><span lang=\"ES-CL\">NOTIMIA<\/span><\/a><span lang=\"ES-CL\">).<\/p>\n<p>Un punto destacado de la campa\u00f1a ha sido la iniciativa de la \u00ab<\/span><a href=\"http:\/\/www.fao.org\/indigenous-peoples\/news-article\/es\/c\/1146175\/\" target=\"_blank\" rel=\"noopener\" data-saferedirecturl=\"https:\/\/www.google.com\/url?q=http:\/\/www.fao.org\/indigenous-peoples\/news-article\/es\/c\/1146175\/&amp;source=gmail&amp;ust=1533856442638000&amp;usg=AFQjCNFvTLHHfKsD9yB9sxhLxhUBHPVKNg\"><span lang=\"ES-CL\">Silla violeta<\/span><\/a><span lang=\"ES-CL\">\u00ab(#SillaVioleta): un llamamiento a las autoridades, responsables de las pol\u00edticas, organizaciones, comunidad internacional, mundo acad\u00e9mico y sociedad civil para garantizar la participaci\u00f3n plena y efectiva de las mujeres ind\u00edgenas en los debates sobre pol\u00edticas y procesos de toma de decisiones que les afectan a ellas y a sus comunidades.<\/p>\n<p>Para hacerlas visibles, se coloca una silla violeta en cada reuni\u00f3n para resaltar que participa una mujer ind\u00edgena, o -con demasiada frecuencia- denunciar su ausencia cuando la silla est\u00e1 vac\u00eda.<\/p>\n<p>\u00abColocar una silla violeta en una reuni\u00f3n es un recordatorio simple pero eficaz de que las mujeres ind\u00edgenas deben tener un puesto en esas mesas de negociaci\u00f3n donde se discuten las pol\u00edticas que afectan a las comunidades ind\u00edgenas\u00bb, se\u00f1al\u00f3 Marcela Villarreal, Directora de la Divisi\u00f3n de Asociaciones y Cooperaci\u00f3n Sur-Sur de la FAO.<\/p>\n<p>El violeta se ha convertido en un color simb\u00f3lico para que la lucha de las mujeres sea escuchada. Pueden utilizarse pinturas, tejidos o artesan\u00edas ind\u00edgenas para crear una silla violeta y apoyar la campa\u00f1a.<\/p>\n<p>\u00abSiempre subrayo la importancia de tomar en cuenta a las mujeres ind\u00edgenas. No somos personas que necesitamos ayuda o permanentemente vulnerables. Somos agentes de cambio. Tenemos potencial, pero este potencial debe ser catalizado\u00bb, afirm\u00f3 por su parte Mariam Wallet Aboubakrine, Presidenta del <\/span><a href=\"https:\/\/www.un.org\/development\/desa\/indigenous-peoples-es\/\" target=\"_blank\" rel=\"noopener\" data-saferedirecturl=\"https:\/\/www.google.com\/url?q=https:\/\/www.un.org\/development\/desa\/indigenous-peoples-es\/&amp;source=gmail&amp;ust=1533856442638000&amp;usg=AFQjCNG7j6E9BpVZEOIr3ofv7l9TunaVSQ\"><span lang=\"ES-CL\">Foro Permanente para las Cuestiones Ind\u00edgenas de la ONU<\/span><\/a><span lang=\"ES-CL\">.<\/p>\n<p><strong>Trabajando juntos para el Hambre Cero <\/strong><b><br \/>\n<\/b><br \/>\nDesde que adopt\u00f3 en 2010 la <em>Pol\u00edtica sobre Pueblos Ind\u00edgenas y Tribales<\/em>, la FAO ha venido ampliando su trabajo con los pueblos ind\u00edgenas.<\/p>\n<p>Aqu\u00ed se incluye incorporar el <\/span><a href=\"http:\/\/www.fao.org\/3\/a-i6190s.pdf\" target=\"_blank\" rel=\"noopener\" data-saferedirecturl=\"https:\/\/www.google.com\/url?q=http:\/\/www.fao.org\/3\/a-i6190s.pdf&amp;source=gmail&amp;ust=1533856442638000&amp;usg=AFQjCNG16WWGZcMxQmi6hEjZSd2YUPUoJw\"><span lang=\"ES-CL\">Consentimiento libre, previo e informado<\/span><\/a><span lang=\"ES-CL\"> en los proyectos y la labor de la FAO. El consentimiento aporta orientaci\u00f3n a los profesionales en el terreno sobre la participaci\u00f3n de los pueblos ind\u00edgenas.<\/p>\n<p>La FAO apoya adem\u00e1s la promoci\u00f3n y conservaci\u00f3n de los sistemas alimentarios ind\u00edgenas y el empoderamiento de las mujeres y j\u00f3venes ind\u00edgenas, a trav\u00e9s de las <\/span><a href=\"http:\/\/www.fao.org\/indigenous-peoples\/our-work\/indigenous-women\/es\/\" target=\"_blank\" rel=\"noopener\" data-saferedirecturl=\"https:\/\/www.google.com\/url?q=http:\/\/www.fao.org\/indigenous-peoples\/our-work\/indigenous-women\/es\/&amp;source=gmail&amp;ust=1533856442638000&amp;usg=AFQjCNF3Sn6JfmdjAAr0OctgHvRiZbB0tQ\"><span lang=\"ES-CL\">Escuelas de Liderazgo de Mujeres Ind\u00edgenas<\/span><\/a><span lang=\"ES-CL\"> en Asia y Am\u00e9rica Latina. Desde mayo de 2015, m\u00e1s de cien mujeres ind\u00edgenas han recibido formaci\u00f3n para convertirse en defensoras de los derechos humanos, la seguridad alimentaria y la nutrici\u00f3n en Bolivia, Per\u00fa, India, Filipinas, Panam\u00e1, El Salvador y Paraguay.<\/p>\n<p><strong>D\u00eda Internacional de los Pueblos Ind\u00edgenas <\/strong><b><br \/>\n<\/b><br \/>\nLa ONU celebra cada a\u00f1o el <\/span><a href=\"https:\/\/www.un.org\/development\/desa\/indigenouspeoples\/international-day-of-the-worlds-indigenous-peoples\/international-day-of-the-worlds-indigenous-peoples-2018.html\" target=\"_blank\" rel=\"noopener\" data-saferedirecturl=\"https:\/\/www.google.com\/url?q=https:\/\/www.un.org\/development\/desa\/indigenouspeoples\/international-day-of-the-worlds-indigenous-peoples\/international-day-of-the-worlds-indigenous-peoples-2018.html&amp;source=gmail&amp;ust=1533856442638000&amp;usg=AFQjCNF-RufhN6ZthenS8PnRb4tObd97sg\"><span lang=\"ES-CL\">D\u00eda Internacional de los Pueblos Ind\u00edgenas<\/span><\/a><span lang=\"ES-CL\"> rel 9 de agosto para conmemorar el d\u00eda de la primera reuni\u00f3n, en 1982, del Grupo de Trabajo de las Naciones Unidas sobre Pueblos Ind\u00edgenas. El tema de la jornada en 2018 se centra en la migraci\u00f3n y los movimientos de los pueblos ind\u00edgenas.<\/span><\/p>\n","protected":false},"excerpt":{"rendered":"<p>Campa\u00f1a para promover los derechos de las mujeres ind\u00edgenas y su papel en los debates sobre las pol\u00edticas para alcanzar el Hambre Cero El Director General de la FAO, Jos\u00e9 Graziano da Silva, ha instado a los pa\u00edses a sumarse&hellip;<\/p>\n","protected":false},"author":594,"featured_media":690608,"comment_status":"closed","ping_status":"closed","sticky":false,"template":"","format":"standard","meta":{"footnotes":""},"categories":[149,54515,39,80],"tags":[48756,7991,48757],"class_list":["post-690607","post","type-post","status-publish","format-standard","has-post-thumbnail","hentry","category-comunicados-de-prensa","category-genero-y-feminismos","category-internacional","category-pueblos-originarios","tag-sillavioleta","tag-fao-es","tag-hambre-cero"],"yoast_head":"<!-- This site is optimized with the Yoast SEO plugin v27.1.1 - https:\/\/yoast.com\/product\/yoast-seo-wordpress\/ -->\n<title>Una silla violeta para dar voz a las mujeres ind\u00edgenas<\/title>\n<meta name=\"description\" content=\"Campa\u00f1a para promover los derechos de las mujeres ind\u00edgenas y su papel en los debates sobre las pol\u00edticas para alcanzar el Hambre Cero El Director General\" \/>\n<meta name=\"robots\" content=\"index, follow, max-snippet:-1, max-image-preview:large, max-video-preview:-1\" \/>\n<link rel=\"canonical\" href=\"https:\/\/www.pressenza.com\/es\/2018\/08\/una-silla-violeta-para-dar-voz-a-las-mujeres-indigenas\/\" \/>\n<meta property=\"og:locale\" content=\"es_ES\" \/>\n<meta property=\"og:type\" content=\"article\" \/>\n<meta property=\"og:title\" content=\"Una silla violeta para dar voz a las mujeres ind\u00edgenas\" \/>\n<meta property=\"og:description\" content=\"Campa\u00f1a para promover los derechos de las mujeres ind\u00edgenas y su papel en los debates sobre las pol\u00edticas para alcanzar el Hambre Cero El Director General\" \/>\n<meta property=\"og:url\" content=\"https:\/\/www.pressenza.com\/es\/2018\/08\/una-silla-violeta-para-dar-voz-a-las-mujeres-indigenas\/\" \/>\n<meta property=\"og:site_name\" content=\"Pressenza\" \/>\n<meta property=\"article:publisher\" content=\"https:\/\/www.facebook.com\/PressenzaItalia\" \/>\n<meta property=\"article:author\" content=\"https:\/\/www.facebook.com\/PressenzaItalia\" \/>\n<meta property=\"article:published_time\" content=\"2018-08-09T01:02:36+00:00\" \/>\n<meta property=\"article:modified_time\" content=\"2019-02-06T19:05:36+00:00\" \/>\n<meta property=\"og:image\" content=\"https:\/\/www.pressenza.com\/wp-content\/uploads\/2018\/08\/MG_2752_2592x1728.jpg\" \/>\n\t<meta property=\"og:image:width\" content=\"2048\" \/>\n\t<meta property=\"og:image:height\" content=\"1365\" \/>\n\t<meta property=\"og:image:type\" content=\"image\/jpeg\" \/>\n<meta name=\"author\" content=\"Redazione Italia\" \/>\n<meta name=\"twitter:card\" content=\"summary_large_image\" \/>\n<meta name=\"twitter:creator\" content=\"@pressenza_it\" \/>\n<meta name=\"twitter:site\" content=\"@PressenzaIPA\" \/>\n<meta name=\"twitter:label1\" content=\"Escrito por\" \/>\n\t<meta name=\"twitter:data1\" content=\"Redazione Italia\" \/>\n\t<meta name=\"twitter:label2\" content=\"Tiempo de lectura\" \/>\n\t<meta name=\"twitter:data2\" content=\"4 minutos\" \/>\n<script type=\"application\/ld+json\" class=\"yoast-schema-graph\">{\"@context\":\"https:\/\/schema.org\",\"@graph\":[{\"@type\":\"Article\",\"@id\":\"https:\/\/www.pressenza.com\/es\/2018\/08\/una-silla-violeta-para-dar-voz-a-las-mujeres-indigenas\/#article\",\"isPartOf\":{\"@id\":\"https:\/\/www.pressenza.com\/es\/2018\/08\/una-silla-violeta-para-dar-voz-a-las-mujeres-indigenas\/\"},\"author\":{\"name\":\"Redazione Italia\",\"@id\":\"https:\/\/www.pressenza.com\/es\/#\/schema\/person\/d983e81827ae24f2c7b1a2123d197f8d\"},\"headline\":\"Una silla violeta para dar voz a las mujeres ind\u00edgenas\",\"datePublished\":\"2018-08-09T01:02:36+00:00\",\"dateModified\":\"2019-02-06T19:05:36+00:00\",\"mainEntityOfPage\":{\"@id\":\"https:\/\/www.pressenza.com\/es\/2018\/08\/una-silla-violeta-para-dar-voz-a-las-mujeres-indigenas\/\"},\"wordCount\":868,\"publisher\":{\"@id\":\"https:\/\/www.pressenza.com\/es\/#organization\"},\"image\":{\"@id\":\"https:\/\/www.pressenza.com\/es\/2018\/08\/una-silla-violeta-para-dar-voz-a-las-mujeres-indigenas\/#primaryimage\"},\"thumbnailUrl\":\"https:\/\/www.pressenza.com\/wp-content\/uploads\/2018\/08\/MG_2752_2592x1728.jpg\",\"keywords\":[\"#SillaVioleta\",\"FAO\",\"Hambre Cero\"],\"articleSection\":[\"Comunicados de Prensa\",\"G\u00e9nero y Feminismos\",\"Internacional\",\"Pueblos Originarios\"],\"inLanguage\":\"es\"},{\"@type\":\"WebPage\",\"@id\":\"https:\/\/www.pressenza.com\/es\/2018\/08\/una-silla-violeta-para-dar-voz-a-las-mujeres-indigenas\/\",\"url\":\"https:\/\/www.pressenza.com\/es\/2018\/08\/una-silla-violeta-para-dar-voz-a-las-mujeres-indigenas\/\",\"name\":\"Una silla violeta para dar voz a las mujeres ind\u00edgenas\",\"isPartOf\":{\"@id\":\"https:\/\/www.pressenza.com\/es\/#website\"},\"primaryImageOfPage\":{\"@id\":\"https:\/\/www.pressenza.com\/es\/2018\/08\/una-silla-violeta-para-dar-voz-a-las-mujeres-indigenas\/#primaryimage\"},\"image\":{\"@id\":\"https:\/\/www.pressenza.com\/es\/2018\/08\/una-silla-violeta-para-dar-voz-a-las-mujeres-indigenas\/#primaryimage\"},\"thumbnailUrl\":\"https:\/\/www.pressenza.com\/wp-content\/uploads\/2018\/08\/MG_2752_2592x1728.jpg\",\"datePublished\":\"2018-08-09T01:02:36+00:00\",\"dateModified\":\"2019-02-06T19:05:36+00:00\",\"description\":\"Campa\u00f1a para promover los derechos de las mujeres ind\u00edgenas y su papel en los debates sobre las pol\u00edticas para alcanzar el Hambre Cero El Director General\",\"breadcrumb\":{\"@id\":\"https:\/\/www.pressenza.com\/es\/2018\/08\/una-silla-violeta-para-dar-voz-a-las-mujeres-indigenas\/#breadcrumb\"},\"inLanguage\":\"es\",\"potentialAction\":[{\"@type\":\"ReadAction\",\"target\":[\"https:\/\/www.pressenza.com\/es\/2018\/08\/una-silla-violeta-para-dar-voz-a-las-mujeres-indigenas\/\"]}]},{\"@type\":\"ImageObject\",\"inLanguage\":\"es\",\"@id\":\"https:\/\/www.pressenza.com\/es\/2018\/08\/una-silla-violeta-para-dar-voz-a-las-mujeres-indigenas\/#primaryimage\",\"url\":\"https:\/\/www.pressenza.com\/wp-content\/uploads\/2018\/08\/MG_2752_2592x1728.jpg\",\"contentUrl\":\"https:\/\/www.pressenza.com\/wp-content\/uploads\/2018\/08\/MG_2752_2592x1728.jpg\",\"width\":2048,\"height\":1365},{\"@type\":\"BreadcrumbList\",\"@id\":\"https:\/\/www.pressenza.com\/es\/2018\/08\/una-silla-violeta-para-dar-voz-a-las-mujeres-indigenas\/#breadcrumb\",\"itemListElement\":[{\"@type\":\"ListItem\",\"position\":1,\"name\":\"Accueil\",\"item\":\"https:\/\/www.pressenza.com\/es\/\"},{\"@type\":\"ListItem\",\"position\":2,\"name\":\"Una silla violeta para dar voz a las mujeres ind\u00edgenas\"}]},{\"@type\":\"WebSite\",\"@id\":\"https:\/\/www.pressenza.com\/es\/#website\",\"url\":\"https:\/\/www.pressenza.com\/es\/\",\"name\":\"Pressenza\",\"description\":\"International Press Agency\",\"publisher\":{\"@id\":\"https:\/\/www.pressenza.com\/es\/#organization\"},\"potentialAction\":[{\"@type\":\"SearchAction\",\"target\":{\"@type\":\"EntryPoint\",\"urlTemplate\":\"https:\/\/www.pressenza.com\/es\/?s={search_term_string}\"},\"query-input\":{\"@type\":\"PropertyValueSpecification\",\"valueRequired\":true,\"valueName\":\"search_term_string\"}}],\"inLanguage\":\"es\"},{\"@type\":\"Organization\",\"@id\":\"https:\/\/www.pressenza.com\/es\/#organization\",\"name\":\"Pressenza\",\"url\":\"https:\/\/www.pressenza.com\/es\/\",\"logo\":{\"@type\":\"ImageObject\",\"inLanguage\":\"es\",\"@id\":\"https:\/\/www.pressenza.com\/es\/#\/schema\/logo\/image\/\",\"url\":\"https:\/\/www.pressenza.com\/wp-content\/uploads\/2022\/10\/pressenza_logo_200x200.jpg\",\"contentUrl\":\"https:\/\/www.pressenza.com\/wp-content\/uploads\/2022\/10\/pressenza_logo_200x200.jpg\",\"width\":200,\"height\":200,\"caption\":\"Pressenza\"},\"image\":{\"@id\":\"https:\/\/www.pressenza.com\/es\/#\/schema\/logo\/image\/\"},\"sameAs\":[\"https:\/\/www.facebook.com\/PressenzaItalia\",\"https:\/\/x.com\/PressenzaIPA\"]},{\"@type\":\"Person\",\"@id\":\"https:\/\/www.pressenza.com\/es\/#\/schema\/person\/d983e81827ae24f2c7b1a2123d197f8d\",\"name\":\"Redazione Italia\",\"description\":\"News from the Pressenza Bureau in Italy\",\"sameAs\":[\"https:\/\/www.pressenza.com\/it\/author\/redazione-italia\/\",\"https:\/\/www.facebook.com\/PressenzaItalia\",\"https:\/\/www.instagram.com\/pressenza_italia\/\",\"https:\/\/x.com\/pressenza_it\",\"https:\/\/www.youtube.com\/channel\/UCSalEIWjE1RSxkwjfftFuqg\"],\"url\":\"https:\/\/www.pressenza.com\/es\/author\/redazione-italia\/\"}]}<\/script>\n<!-- \/ Yoast SEO plugin. -->","yoast_head_json":{"title":"Una silla violeta para dar voz a las mujeres ind\u00edgenas","description":"Campa\u00f1a para promover los derechos de las mujeres ind\u00edgenas y su papel en los debates sobre las pol\u00edticas para alcanzar el Hambre Cero El Director General","robots":{"index":"index","follow":"follow","max-snippet":"max-snippet:-1","max-image-preview":"max-image-preview:large","max-video-preview":"max-video-preview:-1"},"canonical":"https:\/\/www.pressenza.com\/es\/2018\/08\/una-silla-violeta-para-dar-voz-a-las-mujeres-indigenas\/","og_locale":"es_ES","og_type":"article","og_title":"Una silla violeta para dar voz a las mujeres ind\u00edgenas","og_description":"Campa\u00f1a para promover los derechos de las mujeres ind\u00edgenas y su papel en los debates sobre las pol\u00edticas para alcanzar el Hambre Cero El Director General","og_url":"https:\/\/www.pressenza.com\/es\/2018\/08\/una-silla-violeta-para-dar-voz-a-las-mujeres-indigenas\/","og_site_name":"Pressenza","article_publisher":"https:\/\/www.facebook.com\/PressenzaItalia","article_author":"https:\/\/www.facebook.com\/PressenzaItalia","article_published_time":"2018-08-09T01:02:36+00:00","article_modified_time":"2019-02-06T19:05:36+00:00","og_image":[{"width":2048,"height":1365,"url":"https:\/\/www.pressenza.com\/wp-content\/uploads\/2018\/08\/MG_2752_2592x1728.jpg","type":"image\/jpeg"}],"author":"Redazione Italia","twitter_card":"summary_large_image","twitter_creator":"@pressenza_it","twitter_site":"@PressenzaIPA","twitter_misc":{"Escrito por":"Redazione Italia","Tiempo de lectura":"4 minutos"},"schema":{"@context":"https:\/\/schema.org","@graph":[{"@type":"Article","@id":"https:\/\/www.pressenza.com\/es\/2018\/08\/una-silla-violeta-para-dar-voz-a-las-mujeres-indigenas\/#article","isPartOf":{"@id":"https:\/\/www.pressenza.com\/es\/2018\/08\/una-silla-violeta-para-dar-voz-a-las-mujeres-indigenas\/"},"author":{"name":"Redazione Italia","@id":"https:\/\/www.pressenza.com\/es\/#\/schema\/person\/d983e81827ae24f2c7b1a2123d197f8d"},"headline":"Una silla violeta para dar voz a las mujeres ind\u00edgenas","datePublished":"2018-08-09T01:02:36+00:00","dateModified":"2019-02-06T19:05:36+00:00","mainEntityOfPage":{"@id":"https:\/\/www.pressenza.com\/es\/2018\/08\/una-silla-violeta-para-dar-voz-a-las-mujeres-indigenas\/"},"wordCount":868,"publisher":{"@id":"https:\/\/www.pressenza.com\/es\/#organization"},"image":{"@id":"https:\/\/www.pressenza.com\/es\/2018\/08\/una-silla-violeta-para-dar-voz-a-las-mujeres-indigenas\/#primaryimage"},"thumbnailUrl":"https:\/\/www.pressenza.com\/wp-content\/uploads\/2018\/08\/MG_2752_2592x1728.jpg","keywords":["#SillaVioleta","FAO","Hambre Cero"],"articleSection":["Comunicados de Prensa","G\u00e9nero y Feminismos","Internacional","Pueblos Originarios"],"inLanguage":"es"},{"@type":"WebPage","@id":"https:\/\/www.pressenza.com\/es\/2018\/08\/una-silla-violeta-para-dar-voz-a-las-mujeres-indigenas\/","url":"https:\/\/www.pressenza.com\/es\/2018\/08\/una-silla-violeta-para-dar-voz-a-las-mujeres-indigenas\/","name":"Una silla violeta para dar voz a las mujeres ind\u00edgenas","isPartOf":{"@id":"https:\/\/www.pressenza.com\/es\/#website"},"primaryImageOfPage":{"@id":"https:\/\/www.pressenza.com\/es\/2018\/08\/una-silla-violeta-para-dar-voz-a-las-mujeres-indigenas\/#primaryimage"},"image":{"@id":"https:\/\/www.pressenza.com\/es\/2018\/08\/una-silla-violeta-para-dar-voz-a-las-mujeres-indigenas\/#primaryimage"},"thumbnailUrl":"https:\/\/www.pressenza.com\/wp-content\/uploads\/2018\/08\/MG_2752_2592x1728.jpg","datePublished":"2018-08-09T01:02:36+00:00","dateModified":"2019-02-06T19:05:36+00:00","description":"Campa\u00f1a para promover los derechos de las mujeres ind\u00edgenas y su papel en los debates sobre las pol\u00edticas para alcanzar el Hambre Cero El Director General","breadcrumb":{"@id":"https:\/\/www.pressenza.com\/es\/2018\/08\/una-silla-violeta-para-dar-voz-a-las-mujeres-indigenas\/#breadcrumb"},"inLanguage":"es","potentialAction":[{"@type":"ReadAction","target":["https:\/\/www.pressenza.com\/es\/2018\/08\/una-silla-violeta-para-dar-voz-a-las-mujeres-indigenas\/"]}]},{"@type":"ImageObject","inLanguage":"es","@id":"https:\/\/www.pressenza.com\/es\/2018\/08\/una-silla-violeta-para-dar-voz-a-las-mujeres-indigenas\/#primaryimage","url":"https:\/\/www.pressenza.com\/wp-content\/uploads\/2018\/08\/MG_2752_2592x1728.jpg","contentUrl":"https:\/\/www.pressenza.com\/wp-content\/uploads\/2018\/08\/MG_2752_2592x1728.jpg","width":2048,"height":1365},{"@type":"BreadcrumbList","@id":"https:\/\/www.pressenza.com\/es\/2018\/08\/una-silla-violeta-para-dar-voz-a-las-mujeres-indigenas\/#breadcrumb","itemListElement":[{"@type":"ListItem","position":1,"name":"Accueil","item":"https:\/\/www.pressenza.com\/es\/"},{"@type":"ListItem","position":2,"name":"Una silla violeta para dar voz a las mujeres ind\u00edgenas"}]},{"@type":"WebSite","@id":"https:\/\/www.pressenza.com\/es\/#website","url":"https:\/\/www.pressenza.com\/es\/","name":"Pressenza","description":"International Press Agency","publisher":{"@id":"https:\/\/www.pressenza.com\/es\/#organization"},"potentialAction":[{"@type":"SearchAction","target":{"@type":"EntryPoint","urlTemplate":"https:\/\/www.pressenza.com\/es\/?s={search_term_string}"},"query-input":{"@type":"PropertyValueSpecification","valueRequired":true,"valueName":"search_term_string"}}],"inLanguage":"es"},{"@type":"Organization","@id":"https:\/\/www.pressenza.com\/es\/#organization","name":"Pressenza","url":"https:\/\/www.pressenza.com\/es\/","logo":{"@type":"ImageObject","inLanguage":"es","@id":"https:\/\/www.pressenza.com\/es\/#\/schema\/logo\/image\/","url":"https:\/\/www.pressenza.com\/wp-content\/uploads\/2022\/10\/pressenza_logo_200x200.jpg","contentUrl":"https:\/\/www.pressenza.com\/wp-content\/uploads\/2022\/10\/pressenza_logo_200x200.jpg","width":200,"height":200,"caption":"Pressenza"},"image":{"@id":"https:\/\/www.pressenza.com\/es\/#\/schema\/logo\/image\/"},"sameAs":["https:\/\/www.facebook.com\/PressenzaItalia","https:\/\/x.com\/PressenzaIPA"]},{"@type":"Person","@id":"https:\/\/www.pressenza.com\/es\/#\/schema\/person\/d983e81827ae24f2c7b1a2123d197f8d","name":"Redazione Italia","description":"News from the Pressenza Bureau in Italy","sameAs":["https:\/\/www.pressenza.com\/it\/author\/redazione-italia\/","https:\/\/www.facebook.com\/PressenzaItalia","https:\/\/www.instagram.com\/pressenza_italia\/","https:\/\/x.com\/pressenza_it","https:\/\/www.youtube.com\/channel\/UCSalEIWjE1RSxkwjfftFuqg"],"url":"https:\/\/www.pressenza.com\/es\/author\/redazione-italia\/"}]}},"place":"Roma, Italia","original_article_url":"","_links":{"self":[{"href":"https:\/\/www.pressenza.com\/es\/wp-json\/wp\/v2\/posts\/690607","targetHints":{"allow":["GET"]}}],"collection":[{"href":"https:\/\/www.pressenza.com\/es\/wp-json\/wp\/v2\/posts"}],"about":[{"href":"https:\/\/www.pressenza.com\/es\/wp-json\/wp\/v2\/types\/post"}],"author":[{"embeddable":true,"href":"https:\/\/www.pressenza.com\/es\/wp-json\/wp\/v2\/users\/594"}],"replies":[{"embeddable":true,"href":"https:\/\/www.pressenza.com\/es\/wp-json\/wp\/v2\/comments?post=690607"}],"version-history":[{"count":0,"href":"https:\/\/www.pressenza.com\/es\/wp-json\/wp\/v2\/posts\/690607\/revisions"}],"wp:featuredmedia":[{"embeddable":true,"href":"https:\/\/www.pressenza.com\/es\/wp-json\/wp\/v2\/media\/690608"}],"wp:attachment":[{"href":"https:\/\/www.pressenza.com\/es\/wp-json\/wp\/v2\/media?parent=690607"}],"wp:term":[{"taxonomy":"category","embeddable":true,"href":"https:\/\/www.pressenza.com\/es\/wp-json\/wp\/v2\/categories?post=690607"},{"taxonomy":"post_tag","embeddable":true,"href":"https:\/\/www.pressenza.com\/es\/wp-json\/wp\/v2\/tags?post=690607"}],"curies":[{"name":"wp","href":"https:\/\/api.w.org\/{rel}","templated":true}]}}