{"id":689792,"date":"2018-08-07T18:38:21","date_gmt":"2018-08-07T17:38:21","guid":{"rendered":"https:\/\/www.pressenza.com\/?p=689792"},"modified":"2018-08-08T21:02:32","modified_gmt":"2018-08-08T20:02:32","slug":"montanas-de-flores-y-bosques-la-pintura-del-maestro-juan-luis-mullingalli","status":"publish","type":"post","link":"https:\/\/www.pressenza.com\/es\/2018\/08\/montanas-de-flores-y-bosques-la-pintura-del-maestro-juan-luis-mullingalli\/","title":{"rendered":"Monta\u00f1as de flores y bosques, la pintura del maestro Juan Luis Millingalli"},"content":{"rendered":"<p>El d\u00eda de ayer, en el marco del D\u00eda Nacional de Ecuador, la Embajada de Ecuador en Chile inaugur\u00f3 la exposici\u00f3n del pintor ind\u00edgena Juan Luis Millingalli. Originario del cant\u00f3n de Pujili, comenz\u00f3 a pintar a muy temprana edad.<\/p>\n<p>\u00abMi pueblo es una peque\u00f1a planicie y all\u00ed empec\u00e9 a dibujar todo lo que ve\u00eda, que era de gran belleza, he sido un autodidacta\u00bb, coment\u00f3 el pintor a Pressenza .<\/p>\n<p>Sus obras, vibrantes de color y humanidad, relevan el paisaje volc\u00e1nico y vegetal y la vida de los pueblos ind\u00edgenas del Ecuador, como un llamado urgente de atenci\u00f3n hacia su respeto y cuidado.<\/p>\n<p>La muestra se expone en la Embajada de Ecuador ubicada en Av Andr\u00e9s Bello 2233, Providencia, entre los d\u00edas 7 a 17 de agosto.<\/p>\n<p>Las fotos son de Dalia Chiu S.<\/p>\n<div class=\"post-gallery\">\n\t\t\t<figure class=\"post-gallery-item\">\n\t\t\t\t<img decoding=\"async\" src=\"https:\/\/www.pressenza.com\/wp-content\/uploads\/2018\/08\/MG_4048_2592x1728-720x480.jpg\" loading=\"lazy\">\n\t\t\t\t<figcaption>\n\t\t\t\t\t\n\t\t\t\t<\/figcaption>\n\t\t\t<\/figure>\n\t\t\t<figure class=\"post-gallery-item\">\n\t\t\t\t<img decoding=\"async\" src=\"https:\/\/www.pressenza.com\/wp-content\/uploads\/2018\/08\/MG_4013_2592x1728-720x480.jpg\" loading=\"lazy\">\n\t\t\t\t<figcaption>\n\t\t\t\t\t\n\t\t\t\t<\/figcaption>\n\t\t\t<\/figure>\n\t\t\t<figure class=\"post-gallery-item\">\n\t\t\t\t<img decoding=\"async\" src=\"https:\/\/www.pressenza.com\/wp-content\/uploads\/2018\/08\/MG_3997_2592x1728-720x480.jpg\" loading=\"lazy\">\n\t\t\t\t<figcaption>\n\t\t\t\t\t\n\t\t\t\t<\/figcaption>\n\t\t\t<\/figure>\n\t\t\t<figure class=\"post-gallery-item\">\n\t\t\t\t<img decoding=\"async\" src=\"https:\/\/www.pressenza.com\/wp-content\/uploads\/2018\/08\/MG_3971_2592x1728-720x480.jpg\" loading=\"lazy\">\n\t\t\t\t<figcaption>\n\t\t\t\t\t\n\t\t\t\t<\/figcaption>\n\t\t\t<\/figure>\n\t\t\t<figure class=\"post-gallery-item\">\n\t\t\t\t<img decoding=\"async\" src=\"https:\/\/www.pressenza.com\/wp-content\/uploads\/2018\/08\/MG_3970_2592x1728-720x480.jpg\" loading=\"lazy\">\n\t\t\t\t<figcaption>\n\t\t\t\t\t\n\t\t\t\t<\/figcaption>\n\t\t\t<\/figure><\/div>\n","protected":false},"excerpt":{"rendered":"<p>El d\u00eda de ayer, en el marco del D\u00eda Nacional de Ecuador, la Embajada de Ecuador en Chile inaugur\u00f3 la exposici\u00f3n del pintor ind\u00edgena Juan Luis Millingalli. Originario del cant\u00f3n de Pujili, comenz\u00f3 a pintar a muy temprana edad. \u00abMi&hellip;<\/p>\n","protected":false},"author":1510,"featured_media":689793,"comment_status":"closed","ping_status":"closed","sticky":false,"template":"","format":"standard","meta":{"footnotes":""},"categories":[11389,75,5667,67],"tags":[29,26824,48706,1454],"class_list":["post-689792","post","type-post","status-publish","format-standard","has-post-thumbnail","hentry","category-contenido-original","category-cultura-es","category-foto-reportajes","category-sudamerica","tag-chile","tag-embajada-de-ecuador","tag-juan-luis-mullingalli","tag-pintura"],"yoast_head":"<!-- This site is optimized with the Yoast SEO plugin v27.1.1 - https:\/\/yoast.com\/product\/yoast-seo-wordpress\/ -->\n<title>Monta\u00f1as de flores y bosques, la pintura del maestro Juan Luis Millingalli<\/title>\n<meta name=\"description\" content=\"El d\u00eda de ayer, en el marco del D\u00eda Nacional de Ecuador, la Embajada de Ecuador en Chile inaugur\u00f3 la exposici\u00f3n del pintor ind\u00edgena Juan Luis Millingalli.\" \/>\n<meta name=\"robots\" content=\"index, follow, max-snippet:-1, max-image-preview:large, max-video-preview:-1\" \/>\n<link rel=\"canonical\" href=\"https:\/\/www.pressenza.com\/es\/2018\/08\/montanas-de-flores-y-bosques-la-pintura-del-maestro-juan-luis-mullingalli\/\" \/>\n<meta property=\"og:locale\" content=\"es_ES\" \/>\n<meta property=\"og:type\" content=\"article\" \/>\n<meta property=\"og:title\" content=\"Monta\u00f1as de flores y bosques, la pintura del maestro Juan Luis Millingalli\" \/>\n<meta property=\"og:description\" content=\"El d\u00eda de ayer, en el marco del D\u00eda Nacional de Ecuador, la Embajada de Ecuador en Chile inaugur\u00f3 la exposici\u00f3n del pintor ind\u00edgena Juan Luis Millingalli.\" \/>\n<meta property=\"og:url\" content=\"https:\/\/www.pressenza.com\/es\/2018\/08\/montanas-de-flores-y-bosques-la-pintura-del-maestro-juan-luis-mullingalli\/\" \/>\n<meta property=\"og:site_name\" content=\"Pressenza\" \/>\n<meta property=\"article:publisher\" content=\"https:\/\/www.facebook.com\/PressenzaItalia\" \/>\n<meta property=\"article:published_time\" content=\"2018-08-07T17:38:21+00:00\" \/>\n<meta property=\"article:modified_time\" content=\"2018-08-08T20:02:32+00:00\" \/>\n<meta property=\"og:image\" content=\"https:\/\/www.pressenza.com\/wp-content\/uploads\/2018\/08\/MG_3969_2592x1728.jpg\" \/>\n\t<meta property=\"og:image:width\" content=\"2048\" \/>\n\t<meta property=\"og:image:height\" content=\"1365\" \/>\n\t<meta property=\"og:image:type\" content=\"image\/jpeg\" \/>\n<meta name=\"author\" content=\"Dalia Chiu S.\" \/>\n<meta name=\"twitter:card\" content=\"summary_large_image\" \/>\n<meta name=\"twitter:creator\" content=\"@PressenzaIPA\" \/>\n<meta name=\"twitter:site\" content=\"@PressenzaIPA\" \/>\n<meta name=\"twitter:label1\" content=\"Escrito por\" \/>\n\t<meta name=\"twitter:data1\" content=\"Dalia Chiu S.\" \/>\n\t<meta name=\"twitter:label2\" content=\"Tiempo de lectura\" \/>\n\t<meta name=\"twitter:data2\" content=\"1 minuto\" \/>\n<script type=\"application\/ld+json\" class=\"yoast-schema-graph\">{\"@context\":\"https:\/\/schema.org\",\"@graph\":[{\"@type\":\"Article\",\"@id\":\"https:\/\/www.pressenza.com\/es\/2018\/08\/montanas-de-flores-y-bosques-la-pintura-del-maestro-juan-luis-mullingalli\/#article\",\"isPartOf\":{\"@id\":\"https:\/\/www.pressenza.com\/es\/2018\/08\/montanas-de-flores-y-bosques-la-pintura-del-maestro-juan-luis-mullingalli\/\"},\"author\":{\"name\":\"Dalia Chiu S.\",\"@id\":\"https:\/\/www.pressenza.com\/es\/#\/schema\/person\/7bde354a3d9ffb1b22919c581d0357ea\"},\"headline\":\"Monta\u00f1as de flores y bosques, la pintura del maestro Juan Luis Millingalli\",\"datePublished\":\"2018-08-07T17:38:21+00:00\",\"dateModified\":\"2018-08-08T20:02:32+00:00\",\"mainEntityOfPage\":{\"@id\":\"https:\/\/www.pressenza.com\/es\/2018\/08\/montanas-de-flores-y-bosques-la-pintura-del-maestro-juan-luis-mullingalli\/\"},\"wordCount\":156,\"publisher\":{\"@id\":\"https:\/\/www.pressenza.com\/es\/#organization\"},\"image\":{\"@id\":\"https:\/\/www.pressenza.com\/es\/2018\/08\/montanas-de-flores-y-bosques-la-pintura-del-maestro-juan-luis-mullingalli\/#primaryimage\"},\"thumbnailUrl\":\"https:\/\/www.pressenza.com\/wp-content\/uploads\/2018\/08\/MG_3969_2592x1728.jpg\",\"keywords\":[\"Chile\",\"Embajada de Ecuador\",\"Juan Luis Mullingalli\",\"pintura\"],\"articleSection\":[\"Contenido Original\",\"Cultura y Medios\",\"Fotorreportajes\",\"Sudam\u00e9rica\"],\"inLanguage\":\"es\"},{\"@type\":\"WebPage\",\"@id\":\"https:\/\/www.pressenza.com\/es\/2018\/08\/montanas-de-flores-y-bosques-la-pintura-del-maestro-juan-luis-mullingalli\/\",\"url\":\"https:\/\/www.pressenza.com\/es\/2018\/08\/montanas-de-flores-y-bosques-la-pintura-del-maestro-juan-luis-mullingalli\/\",\"name\":\"Monta\u00f1as de flores y bosques, la pintura del maestro Juan Luis Millingalli\",\"isPartOf\":{\"@id\":\"https:\/\/www.pressenza.com\/es\/#website\"},\"primaryImageOfPage\":{\"@id\":\"https:\/\/www.pressenza.com\/es\/2018\/08\/montanas-de-flores-y-bosques-la-pintura-del-maestro-juan-luis-mullingalli\/#primaryimage\"},\"image\":{\"@id\":\"https:\/\/www.pressenza.com\/es\/2018\/08\/montanas-de-flores-y-bosques-la-pintura-del-maestro-juan-luis-mullingalli\/#primaryimage\"},\"thumbnailUrl\":\"https:\/\/www.pressenza.com\/wp-content\/uploads\/2018\/08\/MG_3969_2592x1728.jpg\",\"datePublished\":\"2018-08-07T17:38:21+00:00\",\"dateModified\":\"2018-08-08T20:02:32+00:00\",\"description\":\"El d\u00eda de ayer, en el marco del D\u00eda Nacional de Ecuador, la Embajada de Ecuador en Chile inaugur\u00f3 la exposici\u00f3n del pintor ind\u00edgena Juan Luis Millingalli.\",\"breadcrumb\":{\"@id\":\"https:\/\/www.pressenza.com\/es\/2018\/08\/montanas-de-flores-y-bosques-la-pintura-del-maestro-juan-luis-mullingalli\/#breadcrumb\"},\"inLanguage\":\"es\",\"potentialAction\":[{\"@type\":\"ReadAction\",\"target\":[\"https:\/\/www.pressenza.com\/es\/2018\/08\/montanas-de-flores-y-bosques-la-pintura-del-maestro-juan-luis-mullingalli\/\"]}]},{\"@type\":\"ImageObject\",\"inLanguage\":\"es\",\"@id\":\"https:\/\/www.pressenza.com\/es\/2018\/08\/montanas-de-flores-y-bosques-la-pintura-del-maestro-juan-luis-mullingalli\/#primaryimage\",\"url\":\"https:\/\/www.pressenza.com\/wp-content\/uploads\/2018\/08\/MG_3969_2592x1728.jpg\",\"contentUrl\":\"https:\/\/www.pressenza.com\/wp-content\/uploads\/2018\/08\/MG_3969_2592x1728.jpg\",\"width\":2048,\"height\":1365},{\"@type\":\"BreadcrumbList\",\"@id\":\"https:\/\/www.pressenza.com\/es\/2018\/08\/montanas-de-flores-y-bosques-la-pintura-del-maestro-juan-luis-mullingalli\/#breadcrumb\",\"itemListElement\":[{\"@type\":\"ListItem\",\"position\":1,\"name\":\"Accueil\",\"item\":\"https:\/\/www.pressenza.com\/es\/\"},{\"@type\":\"ListItem\",\"position\":2,\"name\":\"Monta\u00f1as de flores y bosques, la pintura del maestro Juan Luis Millingalli\"}]},{\"@type\":\"WebSite\",\"@id\":\"https:\/\/www.pressenza.com\/es\/#website\",\"url\":\"https:\/\/www.pressenza.com\/es\/\",\"name\":\"Pressenza\",\"description\":\"International Press Agency\",\"publisher\":{\"@id\":\"https:\/\/www.pressenza.com\/es\/#organization\"},\"potentialAction\":[{\"@type\":\"SearchAction\",\"target\":{\"@type\":\"EntryPoint\",\"urlTemplate\":\"https:\/\/www.pressenza.com\/es\/?s={search_term_string}\"},\"query-input\":{\"@type\":\"PropertyValueSpecification\",\"valueRequired\":true,\"valueName\":\"search_term_string\"}}],\"inLanguage\":\"es\"},{\"@type\":\"Organization\",\"@id\":\"https:\/\/www.pressenza.com\/es\/#organization\",\"name\":\"Pressenza\",\"url\":\"https:\/\/www.pressenza.com\/es\/\",\"logo\":{\"@type\":\"ImageObject\",\"inLanguage\":\"es\",\"@id\":\"https:\/\/www.pressenza.com\/es\/#\/schema\/logo\/image\/\",\"url\":\"https:\/\/www.pressenza.com\/wp-content\/uploads\/2022\/10\/pressenza_logo_200x200.jpg\",\"contentUrl\":\"https:\/\/www.pressenza.com\/wp-content\/uploads\/2022\/10\/pressenza_logo_200x200.jpg\",\"width\":200,\"height\":200,\"caption\":\"Pressenza\"},\"image\":{\"@id\":\"https:\/\/www.pressenza.com\/es\/#\/schema\/logo\/image\/\"},\"sameAs\":[\"https:\/\/www.facebook.com\/PressenzaItalia\",\"https:\/\/x.com\/PressenzaIPA\"]},{\"@type\":\"Person\",\"@id\":\"https:\/\/www.pressenza.com\/es\/#\/schema\/person\/7bde354a3d9ffb1b22919c581d0357ea\",\"name\":\"Dalia Chiu S.\",\"description\":\"Ge\u00f3loga de la Universidad de Chile, nacida en Santiago en 1954\",\"url\":\"https:\/\/www.pressenza.com\/es\/author\/dalia-chiu\/\"}]}<\/script>\n<!-- \/ Yoast SEO plugin. -->","yoast_head_json":{"title":"Monta\u00f1as de flores y bosques, la pintura del maestro Juan Luis Millingalli","description":"El d\u00eda de ayer, en el marco del D\u00eda Nacional de Ecuador, la Embajada de Ecuador en Chile inaugur\u00f3 la exposici\u00f3n del pintor ind\u00edgena Juan Luis Millingalli.","robots":{"index":"index","follow":"follow","max-snippet":"max-snippet:-1","max-image-preview":"max-image-preview:large","max-video-preview":"max-video-preview:-1"},"canonical":"https:\/\/www.pressenza.com\/es\/2018\/08\/montanas-de-flores-y-bosques-la-pintura-del-maestro-juan-luis-mullingalli\/","og_locale":"es_ES","og_type":"article","og_title":"Monta\u00f1as de flores y bosques, la pintura del maestro Juan Luis Millingalli","og_description":"El d\u00eda de ayer, en el marco del D\u00eda Nacional de Ecuador, la Embajada de Ecuador en Chile inaugur\u00f3 la exposici\u00f3n del pintor ind\u00edgena Juan Luis Millingalli.","og_url":"https:\/\/www.pressenza.com\/es\/2018\/08\/montanas-de-flores-y-bosques-la-pintura-del-maestro-juan-luis-mullingalli\/","og_site_name":"Pressenza","article_publisher":"https:\/\/www.facebook.com\/PressenzaItalia","article_published_time":"2018-08-07T17:38:21+00:00","article_modified_time":"2018-08-08T20:02:32+00:00","og_image":[{"width":2048,"height":1365,"url":"https:\/\/www.pressenza.com\/wp-content\/uploads\/2018\/08\/MG_3969_2592x1728.jpg","type":"image\/jpeg"}],"author":"Dalia Chiu S.","twitter_card":"summary_large_image","twitter_creator":"@PressenzaIPA","twitter_site":"@PressenzaIPA","twitter_misc":{"Escrito por":"Dalia Chiu S.","Tiempo de lectura":"1 minuto"},"schema":{"@context":"https:\/\/schema.org","@graph":[{"@type":"Article","@id":"https:\/\/www.pressenza.com\/es\/2018\/08\/montanas-de-flores-y-bosques-la-pintura-del-maestro-juan-luis-mullingalli\/#article","isPartOf":{"@id":"https:\/\/www.pressenza.com\/es\/2018\/08\/montanas-de-flores-y-bosques-la-pintura-del-maestro-juan-luis-mullingalli\/"},"author":{"name":"Dalia Chiu S.","@id":"https:\/\/www.pressenza.com\/es\/#\/schema\/person\/7bde354a3d9ffb1b22919c581d0357ea"},"headline":"Monta\u00f1as de flores y bosques, la pintura del maestro Juan Luis Millingalli","datePublished":"2018-08-07T17:38:21+00:00","dateModified":"2018-08-08T20:02:32+00:00","mainEntityOfPage":{"@id":"https:\/\/www.pressenza.com\/es\/2018\/08\/montanas-de-flores-y-bosques-la-pintura-del-maestro-juan-luis-mullingalli\/"},"wordCount":156,"publisher":{"@id":"https:\/\/www.pressenza.com\/es\/#organization"},"image":{"@id":"https:\/\/www.pressenza.com\/es\/2018\/08\/montanas-de-flores-y-bosques-la-pintura-del-maestro-juan-luis-mullingalli\/#primaryimage"},"thumbnailUrl":"https:\/\/www.pressenza.com\/wp-content\/uploads\/2018\/08\/MG_3969_2592x1728.jpg","keywords":["Chile","Embajada de Ecuador","Juan Luis Mullingalli","pintura"],"articleSection":["Contenido Original","Cultura y Medios","Fotorreportajes","Sudam\u00e9rica"],"inLanguage":"es"},{"@type":"WebPage","@id":"https:\/\/www.pressenza.com\/es\/2018\/08\/montanas-de-flores-y-bosques-la-pintura-del-maestro-juan-luis-mullingalli\/","url":"https:\/\/www.pressenza.com\/es\/2018\/08\/montanas-de-flores-y-bosques-la-pintura-del-maestro-juan-luis-mullingalli\/","name":"Monta\u00f1as de flores y bosques, la pintura del maestro Juan Luis Millingalli","isPartOf":{"@id":"https:\/\/www.pressenza.com\/es\/#website"},"primaryImageOfPage":{"@id":"https:\/\/www.pressenza.com\/es\/2018\/08\/montanas-de-flores-y-bosques-la-pintura-del-maestro-juan-luis-mullingalli\/#primaryimage"},"image":{"@id":"https:\/\/www.pressenza.com\/es\/2018\/08\/montanas-de-flores-y-bosques-la-pintura-del-maestro-juan-luis-mullingalli\/#primaryimage"},"thumbnailUrl":"https:\/\/www.pressenza.com\/wp-content\/uploads\/2018\/08\/MG_3969_2592x1728.jpg","datePublished":"2018-08-07T17:38:21+00:00","dateModified":"2018-08-08T20:02:32+00:00","description":"El d\u00eda de ayer, en el marco del D\u00eda Nacional de Ecuador, la Embajada de Ecuador en Chile inaugur\u00f3 la exposici\u00f3n del pintor ind\u00edgena Juan Luis Millingalli.","breadcrumb":{"@id":"https:\/\/www.pressenza.com\/es\/2018\/08\/montanas-de-flores-y-bosques-la-pintura-del-maestro-juan-luis-mullingalli\/#breadcrumb"},"inLanguage":"es","potentialAction":[{"@type":"ReadAction","target":["https:\/\/www.pressenza.com\/es\/2018\/08\/montanas-de-flores-y-bosques-la-pintura-del-maestro-juan-luis-mullingalli\/"]}]},{"@type":"ImageObject","inLanguage":"es","@id":"https:\/\/www.pressenza.com\/es\/2018\/08\/montanas-de-flores-y-bosques-la-pintura-del-maestro-juan-luis-mullingalli\/#primaryimage","url":"https:\/\/www.pressenza.com\/wp-content\/uploads\/2018\/08\/MG_3969_2592x1728.jpg","contentUrl":"https:\/\/www.pressenza.com\/wp-content\/uploads\/2018\/08\/MG_3969_2592x1728.jpg","width":2048,"height":1365},{"@type":"BreadcrumbList","@id":"https:\/\/www.pressenza.com\/es\/2018\/08\/montanas-de-flores-y-bosques-la-pintura-del-maestro-juan-luis-mullingalli\/#breadcrumb","itemListElement":[{"@type":"ListItem","position":1,"name":"Accueil","item":"https:\/\/www.pressenza.com\/es\/"},{"@type":"ListItem","position":2,"name":"Monta\u00f1as de flores y bosques, la pintura del maestro Juan Luis Millingalli"}]},{"@type":"WebSite","@id":"https:\/\/www.pressenza.com\/es\/#website","url":"https:\/\/www.pressenza.com\/es\/","name":"Pressenza","description":"International Press Agency","publisher":{"@id":"https:\/\/www.pressenza.com\/es\/#organization"},"potentialAction":[{"@type":"SearchAction","target":{"@type":"EntryPoint","urlTemplate":"https:\/\/www.pressenza.com\/es\/?s={search_term_string}"},"query-input":{"@type":"PropertyValueSpecification","valueRequired":true,"valueName":"search_term_string"}}],"inLanguage":"es"},{"@type":"Organization","@id":"https:\/\/www.pressenza.com\/es\/#organization","name":"Pressenza","url":"https:\/\/www.pressenza.com\/es\/","logo":{"@type":"ImageObject","inLanguage":"es","@id":"https:\/\/www.pressenza.com\/es\/#\/schema\/logo\/image\/","url":"https:\/\/www.pressenza.com\/wp-content\/uploads\/2022\/10\/pressenza_logo_200x200.jpg","contentUrl":"https:\/\/www.pressenza.com\/wp-content\/uploads\/2022\/10\/pressenza_logo_200x200.jpg","width":200,"height":200,"caption":"Pressenza"},"image":{"@id":"https:\/\/www.pressenza.com\/es\/#\/schema\/logo\/image\/"},"sameAs":["https:\/\/www.facebook.com\/PressenzaItalia","https:\/\/x.com\/PressenzaIPA"]},{"@type":"Person","@id":"https:\/\/www.pressenza.com\/es\/#\/schema\/person\/7bde354a3d9ffb1b22919c581d0357ea","name":"Dalia Chiu S.","description":"Ge\u00f3loga de la Universidad de Chile, nacida en Santiago en 1954","url":"https:\/\/www.pressenza.com\/es\/author\/dalia-chiu\/"}]}},"place":"Santiago de Chile","original_article_url":"","_links":{"self":[{"href":"https:\/\/www.pressenza.com\/es\/wp-json\/wp\/v2\/posts\/689792","targetHints":{"allow":["GET"]}}],"collection":[{"href":"https:\/\/www.pressenza.com\/es\/wp-json\/wp\/v2\/posts"}],"about":[{"href":"https:\/\/www.pressenza.com\/es\/wp-json\/wp\/v2\/types\/post"}],"author":[{"embeddable":true,"href":"https:\/\/www.pressenza.com\/es\/wp-json\/wp\/v2\/users\/1510"}],"replies":[{"embeddable":true,"href":"https:\/\/www.pressenza.com\/es\/wp-json\/wp\/v2\/comments?post=689792"}],"version-history":[{"count":0,"href":"https:\/\/www.pressenza.com\/es\/wp-json\/wp\/v2\/posts\/689792\/revisions"}],"wp:featuredmedia":[{"embeddable":true,"href":"https:\/\/www.pressenza.com\/es\/wp-json\/wp\/v2\/media\/689793"}],"wp:attachment":[{"href":"https:\/\/www.pressenza.com\/es\/wp-json\/wp\/v2\/media?parent=689792"}],"wp:term":[{"taxonomy":"category","embeddable":true,"href":"https:\/\/www.pressenza.com\/es\/wp-json\/wp\/v2\/categories?post=689792"},{"taxonomy":"post_tag","embeddable":true,"href":"https:\/\/www.pressenza.com\/es\/wp-json\/wp\/v2\/tags?post=689792"}],"curies":[{"name":"wp","href":"https:\/\/api.w.org\/{rel}","templated":true}]}}