{"id":688947,"date":"2018-08-06T18:47:13","date_gmt":"2018-08-06T17:47:13","guid":{"rendered":"https:\/\/www.pressenza.com\/?p=688947"},"modified":"2018-08-07T09:14:42","modified_gmt":"2018-08-07T08:14:42","slug":"huelga-de-los-trabajadores-el-miercoles-8-de-agosto-en-la-zona-de-foggia","status":"publish","type":"post","link":"https:\/\/www.pressenza.com\/es\/2018\/08\/huelga-de-los-trabajadores-el-miercoles-8-de-agosto-en-la-zona-de-foggia\/","title":{"rendered":"Huelga de los trabajadores el mi\u00e9rcoles 8 de agosto en la zona de Foggia"},"content":{"rendered":"<p>\u00abCientos de trabajadores agr\u00edcolas del campo de Foggia se reunieron en asamblea con la Uni\u00f3n de Sindicatos\u00a0 de Base el domingo por la tarde en el ex gueto de Rignano y decidieron proclamar una huelga para todo el d\u00eda del mi\u00e9rcoles 8 de agosto, en memoria de Amadou Balde, Aladjie Ceesay, Moussa Kande y Ali Dembele, que fallecieron el s\u00e1bado pasado como consecuencia de un accidente cuando regresaban de los campos\u00bb, anuncia <strong>Aboubakar Soumahoro<\/strong>, dirigente sindical italo-marfile\u00f1o de Usb, en su <a href=\"https:\/\/www.facebook.com\/AboubakarS\/\">p\u00e1gina de Facebook<\/a>.<\/p>\n<p>\u00abLa huelga ir\u00e1 acompa\u00f1ada de una marcha que comenzar\u00e1 a las 8 de la ma\u00f1ana desde Torretta Antonacci (ex gueto de Rignano), en el municipio de San Severo, y terminar\u00e1 frente a la prefectura de Foggia. Ser\u00e1 la marcha de las gorras rojas, como los sombreros que los cuatro trabajadores muertos llevaban en el campo para protegerse del sol mientras se romp\u00edan la espalda para recoger tomates a un salario vergonzoso de un euro por quintal\u00bb, contin\u00faa el dirigente sindical. \u00abInvitamos a todos los obreros y ciudadanos de la Capitan\u00eda a participar en esta verdadera MARCHA POR LA DIGNIDAD, a dar voz a los sin voz y a apoyar la lucha de los trabajadores por la dignidad y la justicia social.<\/p>\n<p>Una tr\u00e1gica actualizaci\u00f3n acaba de aparecer en Facebook: \u00abOtros trabajadores agr\u00edcolas murieron en un accidente de coche en la zona de Foggia cuando volv\u00edan del trabajo. Algunos de nuestros delegados trabajadores agr\u00edcolas est\u00e1n en el lugar. Otras familias lamentar\u00e1n la vida de trabajadores honestos, que cosechan tomates a partir de las 3 de la ma\u00f1ana por 2 euros la hora. Confirmamos la huelga y la marcha de las boinas rojas el mi\u00e9rcoles 8 de agosto a partir de las 8 de la ma\u00f1ana desde el EX gueto de Rignano\u00bb.<\/p>\n","protected":false},"excerpt":{"rendered":"<p>\u00abCientos de trabajadores agr\u00edcolas del campo de Foggia se reunieron en asamblea con la Uni\u00f3n de Sindicatos\u00a0 de Base el domingo por la tarde en el ex gueto de Rignano y decidieron proclamar una huelga para todo el d\u00eda del&hellip;<\/p>\n","protected":false},"author":594,"featured_media":688944,"comment_status":"closed","ping_status":"closed","sticky":false,"template":"","format":"standard","meta":{"footnotes":""},"categories":[79,66],"tags":[48685,586,48688,48689],"class_list":["post-688947","post","type-post","status-publish","format-standard","has-post-thumbnail","hentry","category-derechos-humanos","category-europa-es","tag-aboubakar-soumahoro","tag-huelga","tag-huelga-de-trabajadores","tag-union-sindical-de-base"],"yoast_head":"<!-- This site is optimized with the Yoast SEO plugin v27.1.1 - https:\/\/yoast.com\/product\/yoast-seo-wordpress\/ -->\n<title>Huelga de los trabajadores el mi\u00e9rcoles 8 de agosto en la zona de Foggia<\/title>\n<meta name=\"description\" content=\"&quot;Cientos de trabajadores agr\u00edcolas del campo de Foggia se reunieron en asamblea con la Uni\u00f3n de Sindicatos\u00a0 de Base el domingo por la tarde en el ex gueto\" \/>\n<meta name=\"robots\" content=\"index, follow, max-snippet:-1, max-image-preview:large, max-video-preview:-1\" \/>\n<link rel=\"canonical\" href=\"https:\/\/www.pressenza.com\/es\/2018\/08\/huelga-de-los-trabajadores-el-miercoles-8-de-agosto-en-la-zona-de-foggia\/\" \/>\n<meta property=\"og:locale\" content=\"es_ES\" \/>\n<meta property=\"og:type\" content=\"article\" \/>\n<meta property=\"og:title\" content=\"Huelga de los trabajadores el mi\u00e9rcoles 8 de agosto en la zona de Foggia\" \/>\n<meta property=\"og:description\" content=\"&quot;Cientos de trabajadores agr\u00edcolas del campo de Foggia se reunieron en asamblea con la Uni\u00f3n de Sindicatos\u00a0 de Base el domingo por la tarde en el ex gueto\" \/>\n<meta property=\"og:url\" content=\"https:\/\/www.pressenza.com\/es\/2018\/08\/huelga-de-los-trabajadores-el-miercoles-8-de-agosto-en-la-zona-de-foggia\/\" \/>\n<meta property=\"og:site_name\" content=\"Pressenza\" \/>\n<meta property=\"article:publisher\" content=\"https:\/\/www.facebook.com\/PressenzaItalia\" \/>\n<meta property=\"article:author\" content=\"https:\/\/www.facebook.com\/PressenzaItalia\" \/>\n<meta property=\"article:published_time\" content=\"2018-08-06T17:47:13+00:00\" \/>\n<meta property=\"article:modified_time\" content=\"2018-08-07T08:14:42+00:00\" \/>\n<meta property=\"og:image\" content=\"https:\/\/www.pressenza.com\/wp-content\/uploads\/2018\/08\/sciopero-braccianti.jpg\" \/>\n\t<meta property=\"og:image:width\" content=\"960\" \/>\n\t<meta property=\"og:image:height\" content=\"466\" \/>\n\t<meta property=\"og:image:type\" content=\"image\/jpeg\" \/>\n<meta name=\"author\" content=\"Redazione Italia\" \/>\n<meta name=\"twitter:card\" content=\"summary_large_image\" \/>\n<meta name=\"twitter:creator\" content=\"@pressenza_it\" \/>\n<meta name=\"twitter:site\" content=\"@PressenzaIPA\" \/>\n<meta name=\"twitter:label1\" content=\"Escrito por\" \/>\n\t<meta name=\"twitter:data1\" content=\"Redazione Italia\" \/>\n\t<meta name=\"twitter:label2\" content=\"Tiempo de lectura\" \/>\n\t<meta name=\"twitter:data2\" content=\"2 minutos\" \/>\n<script type=\"application\/ld+json\" class=\"yoast-schema-graph\">{\"@context\":\"https:\/\/schema.org\",\"@graph\":[{\"@type\":\"Article\",\"@id\":\"https:\/\/www.pressenza.com\/es\/2018\/08\/huelga-de-los-trabajadores-el-miercoles-8-de-agosto-en-la-zona-de-foggia\/#article\",\"isPartOf\":{\"@id\":\"https:\/\/www.pressenza.com\/es\/2018\/08\/huelga-de-los-trabajadores-el-miercoles-8-de-agosto-en-la-zona-de-foggia\/\"},\"author\":{\"name\":\"Redazione Italia\",\"@id\":\"https:\/\/www.pressenza.com\/es\/#\/schema\/person\/d983e81827ae24f2c7b1a2123d197f8d\"},\"headline\":\"Huelga de los trabajadores el mi\u00e9rcoles 8 de agosto en la zona de Foggia\",\"datePublished\":\"2018-08-06T17:47:13+00:00\",\"dateModified\":\"2018-08-07T08:14:42+00:00\",\"mainEntityOfPage\":{\"@id\":\"https:\/\/www.pressenza.com\/es\/2018\/08\/huelga-de-los-trabajadores-el-miercoles-8-de-agosto-en-la-zona-de-foggia\/\"},\"wordCount\":324,\"publisher\":{\"@id\":\"https:\/\/www.pressenza.com\/es\/#organization\"},\"image\":{\"@id\":\"https:\/\/www.pressenza.com\/es\/2018\/08\/huelga-de-los-trabajadores-el-miercoles-8-de-agosto-en-la-zona-de-foggia\/#primaryimage\"},\"thumbnailUrl\":\"https:\/\/www.pressenza.com\/wp-content\/uploads\/2018\/08\/sciopero-braccianti.jpg\",\"keywords\":[\"Aboubakar Soumahoro\",\"huelga\",\"huelga de trabajadores\",\"Uni\u00f3n Sindical de base\"],\"articleSection\":[\"Derechos Humanos\",\"Europa\"],\"inLanguage\":\"es\"},{\"@type\":\"WebPage\",\"@id\":\"https:\/\/www.pressenza.com\/es\/2018\/08\/huelga-de-los-trabajadores-el-miercoles-8-de-agosto-en-la-zona-de-foggia\/\",\"url\":\"https:\/\/www.pressenza.com\/es\/2018\/08\/huelga-de-los-trabajadores-el-miercoles-8-de-agosto-en-la-zona-de-foggia\/\",\"name\":\"Huelga de los trabajadores el mi\u00e9rcoles 8 de agosto en la zona de Foggia\",\"isPartOf\":{\"@id\":\"https:\/\/www.pressenza.com\/es\/#website\"},\"primaryImageOfPage\":{\"@id\":\"https:\/\/www.pressenza.com\/es\/2018\/08\/huelga-de-los-trabajadores-el-miercoles-8-de-agosto-en-la-zona-de-foggia\/#primaryimage\"},\"image\":{\"@id\":\"https:\/\/www.pressenza.com\/es\/2018\/08\/huelga-de-los-trabajadores-el-miercoles-8-de-agosto-en-la-zona-de-foggia\/#primaryimage\"},\"thumbnailUrl\":\"https:\/\/www.pressenza.com\/wp-content\/uploads\/2018\/08\/sciopero-braccianti.jpg\",\"datePublished\":\"2018-08-06T17:47:13+00:00\",\"dateModified\":\"2018-08-07T08:14:42+00:00\",\"description\":\"\\\"Cientos de trabajadores agr\u00edcolas del campo de Foggia se reunieron en asamblea con la Uni\u00f3n de Sindicatos\u00a0 de Base el domingo por la tarde en el ex gueto\",\"breadcrumb\":{\"@id\":\"https:\/\/www.pressenza.com\/es\/2018\/08\/huelga-de-los-trabajadores-el-miercoles-8-de-agosto-en-la-zona-de-foggia\/#breadcrumb\"},\"inLanguage\":\"es\",\"potentialAction\":[{\"@type\":\"ReadAction\",\"target\":[\"https:\/\/www.pressenza.com\/es\/2018\/08\/huelga-de-los-trabajadores-el-miercoles-8-de-agosto-en-la-zona-de-foggia\/\"]}]},{\"@type\":\"ImageObject\",\"inLanguage\":\"es\",\"@id\":\"https:\/\/www.pressenza.com\/es\/2018\/08\/huelga-de-los-trabajadores-el-miercoles-8-de-agosto-en-la-zona-de-foggia\/#primaryimage\",\"url\":\"https:\/\/www.pressenza.com\/wp-content\/uploads\/2018\/08\/sciopero-braccianti.jpg\",\"contentUrl\":\"https:\/\/www.pressenza.com\/wp-content\/uploads\/2018\/08\/sciopero-braccianti.jpg\",\"width\":960,\"height\":466},{\"@type\":\"BreadcrumbList\",\"@id\":\"https:\/\/www.pressenza.com\/es\/2018\/08\/huelga-de-los-trabajadores-el-miercoles-8-de-agosto-en-la-zona-de-foggia\/#breadcrumb\",\"itemListElement\":[{\"@type\":\"ListItem\",\"position\":1,\"name\":\"Accueil\",\"item\":\"https:\/\/www.pressenza.com\/es\/\"},{\"@type\":\"ListItem\",\"position\":2,\"name\":\"Huelga de los trabajadores el mi\u00e9rcoles 8 de agosto en la zona de Foggia\"}]},{\"@type\":\"WebSite\",\"@id\":\"https:\/\/www.pressenza.com\/es\/#website\",\"url\":\"https:\/\/www.pressenza.com\/es\/\",\"name\":\"Pressenza\",\"description\":\"International Press Agency\",\"publisher\":{\"@id\":\"https:\/\/www.pressenza.com\/es\/#organization\"},\"potentialAction\":[{\"@type\":\"SearchAction\",\"target\":{\"@type\":\"EntryPoint\",\"urlTemplate\":\"https:\/\/www.pressenza.com\/es\/?s={search_term_string}\"},\"query-input\":{\"@type\":\"PropertyValueSpecification\",\"valueRequired\":true,\"valueName\":\"search_term_string\"}}],\"inLanguage\":\"es\"},{\"@type\":\"Organization\",\"@id\":\"https:\/\/www.pressenza.com\/es\/#organization\",\"name\":\"Pressenza\",\"url\":\"https:\/\/www.pressenza.com\/es\/\",\"logo\":{\"@type\":\"ImageObject\",\"inLanguage\":\"es\",\"@id\":\"https:\/\/www.pressenza.com\/es\/#\/schema\/logo\/image\/\",\"url\":\"https:\/\/www.pressenza.com\/wp-content\/uploads\/2022\/10\/pressenza_logo_200x200.jpg\",\"contentUrl\":\"https:\/\/www.pressenza.com\/wp-content\/uploads\/2022\/10\/pressenza_logo_200x200.jpg\",\"width\":200,\"height\":200,\"caption\":\"Pressenza\"},\"image\":{\"@id\":\"https:\/\/www.pressenza.com\/es\/#\/schema\/logo\/image\/\"},\"sameAs\":[\"https:\/\/www.facebook.com\/PressenzaItalia\",\"https:\/\/x.com\/PressenzaIPA\"]},{\"@type\":\"Person\",\"@id\":\"https:\/\/www.pressenza.com\/es\/#\/schema\/person\/d983e81827ae24f2c7b1a2123d197f8d\",\"name\":\"Redazione Italia\",\"description\":\"News from the Pressenza Bureau in Italy\",\"sameAs\":[\"https:\/\/www.pressenza.com\/it\/author\/redazione-italia\/\",\"https:\/\/www.facebook.com\/PressenzaItalia\",\"https:\/\/www.instagram.com\/pressenza_italia\/\",\"https:\/\/x.com\/pressenza_it\",\"https:\/\/www.youtube.com\/channel\/UCSalEIWjE1RSxkwjfftFuqg\"],\"url\":\"https:\/\/www.pressenza.com\/es\/author\/redazione-italia\/\"}]}<\/script>\n<!-- \/ Yoast SEO plugin. -->","yoast_head_json":{"title":"Huelga de los trabajadores el mi\u00e9rcoles 8 de agosto en la zona de Foggia","description":"\"Cientos de trabajadores agr\u00edcolas del campo de Foggia se reunieron en asamblea con la Uni\u00f3n de Sindicatos\u00a0 de Base el domingo por la tarde en el ex gueto","robots":{"index":"index","follow":"follow","max-snippet":"max-snippet:-1","max-image-preview":"max-image-preview:large","max-video-preview":"max-video-preview:-1"},"canonical":"https:\/\/www.pressenza.com\/es\/2018\/08\/huelga-de-los-trabajadores-el-miercoles-8-de-agosto-en-la-zona-de-foggia\/","og_locale":"es_ES","og_type":"article","og_title":"Huelga de los trabajadores el mi\u00e9rcoles 8 de agosto en la zona de Foggia","og_description":"\"Cientos de trabajadores agr\u00edcolas del campo de Foggia se reunieron en asamblea con la Uni\u00f3n de Sindicatos\u00a0 de Base el domingo por la tarde en el ex gueto","og_url":"https:\/\/www.pressenza.com\/es\/2018\/08\/huelga-de-los-trabajadores-el-miercoles-8-de-agosto-en-la-zona-de-foggia\/","og_site_name":"Pressenza","article_publisher":"https:\/\/www.facebook.com\/PressenzaItalia","article_author":"https:\/\/www.facebook.com\/PressenzaItalia","article_published_time":"2018-08-06T17:47:13+00:00","article_modified_time":"2018-08-07T08:14:42+00:00","og_image":[{"width":960,"height":466,"url":"https:\/\/www.pressenza.com\/wp-content\/uploads\/2018\/08\/sciopero-braccianti.jpg","type":"image\/jpeg"}],"author":"Redazione Italia","twitter_card":"summary_large_image","twitter_creator":"@pressenza_it","twitter_site":"@PressenzaIPA","twitter_misc":{"Escrito por":"Redazione Italia","Tiempo de lectura":"2 minutos"},"schema":{"@context":"https:\/\/schema.org","@graph":[{"@type":"Article","@id":"https:\/\/www.pressenza.com\/es\/2018\/08\/huelga-de-los-trabajadores-el-miercoles-8-de-agosto-en-la-zona-de-foggia\/#article","isPartOf":{"@id":"https:\/\/www.pressenza.com\/es\/2018\/08\/huelga-de-los-trabajadores-el-miercoles-8-de-agosto-en-la-zona-de-foggia\/"},"author":{"name":"Redazione Italia","@id":"https:\/\/www.pressenza.com\/es\/#\/schema\/person\/d983e81827ae24f2c7b1a2123d197f8d"},"headline":"Huelga de los trabajadores el mi\u00e9rcoles 8 de agosto en la zona de Foggia","datePublished":"2018-08-06T17:47:13+00:00","dateModified":"2018-08-07T08:14:42+00:00","mainEntityOfPage":{"@id":"https:\/\/www.pressenza.com\/es\/2018\/08\/huelga-de-los-trabajadores-el-miercoles-8-de-agosto-en-la-zona-de-foggia\/"},"wordCount":324,"publisher":{"@id":"https:\/\/www.pressenza.com\/es\/#organization"},"image":{"@id":"https:\/\/www.pressenza.com\/es\/2018\/08\/huelga-de-los-trabajadores-el-miercoles-8-de-agosto-en-la-zona-de-foggia\/#primaryimage"},"thumbnailUrl":"https:\/\/www.pressenza.com\/wp-content\/uploads\/2018\/08\/sciopero-braccianti.jpg","keywords":["Aboubakar Soumahoro","huelga","huelga de trabajadores","Uni\u00f3n Sindical de base"],"articleSection":["Derechos Humanos","Europa"],"inLanguage":"es"},{"@type":"WebPage","@id":"https:\/\/www.pressenza.com\/es\/2018\/08\/huelga-de-los-trabajadores-el-miercoles-8-de-agosto-en-la-zona-de-foggia\/","url":"https:\/\/www.pressenza.com\/es\/2018\/08\/huelga-de-los-trabajadores-el-miercoles-8-de-agosto-en-la-zona-de-foggia\/","name":"Huelga de los trabajadores el mi\u00e9rcoles 8 de agosto en la zona de Foggia","isPartOf":{"@id":"https:\/\/www.pressenza.com\/es\/#website"},"primaryImageOfPage":{"@id":"https:\/\/www.pressenza.com\/es\/2018\/08\/huelga-de-los-trabajadores-el-miercoles-8-de-agosto-en-la-zona-de-foggia\/#primaryimage"},"image":{"@id":"https:\/\/www.pressenza.com\/es\/2018\/08\/huelga-de-los-trabajadores-el-miercoles-8-de-agosto-en-la-zona-de-foggia\/#primaryimage"},"thumbnailUrl":"https:\/\/www.pressenza.com\/wp-content\/uploads\/2018\/08\/sciopero-braccianti.jpg","datePublished":"2018-08-06T17:47:13+00:00","dateModified":"2018-08-07T08:14:42+00:00","description":"\"Cientos de trabajadores agr\u00edcolas del campo de Foggia se reunieron en asamblea con la Uni\u00f3n de Sindicatos\u00a0 de Base el domingo por la tarde en el ex gueto","breadcrumb":{"@id":"https:\/\/www.pressenza.com\/es\/2018\/08\/huelga-de-los-trabajadores-el-miercoles-8-de-agosto-en-la-zona-de-foggia\/#breadcrumb"},"inLanguage":"es","potentialAction":[{"@type":"ReadAction","target":["https:\/\/www.pressenza.com\/es\/2018\/08\/huelga-de-los-trabajadores-el-miercoles-8-de-agosto-en-la-zona-de-foggia\/"]}]},{"@type":"ImageObject","inLanguage":"es","@id":"https:\/\/www.pressenza.com\/es\/2018\/08\/huelga-de-los-trabajadores-el-miercoles-8-de-agosto-en-la-zona-de-foggia\/#primaryimage","url":"https:\/\/www.pressenza.com\/wp-content\/uploads\/2018\/08\/sciopero-braccianti.jpg","contentUrl":"https:\/\/www.pressenza.com\/wp-content\/uploads\/2018\/08\/sciopero-braccianti.jpg","width":960,"height":466},{"@type":"BreadcrumbList","@id":"https:\/\/www.pressenza.com\/es\/2018\/08\/huelga-de-los-trabajadores-el-miercoles-8-de-agosto-en-la-zona-de-foggia\/#breadcrumb","itemListElement":[{"@type":"ListItem","position":1,"name":"Accueil","item":"https:\/\/www.pressenza.com\/es\/"},{"@type":"ListItem","position":2,"name":"Huelga de los trabajadores el mi\u00e9rcoles 8 de agosto en la zona de Foggia"}]},{"@type":"WebSite","@id":"https:\/\/www.pressenza.com\/es\/#website","url":"https:\/\/www.pressenza.com\/es\/","name":"Pressenza","description":"International Press Agency","publisher":{"@id":"https:\/\/www.pressenza.com\/es\/#organization"},"potentialAction":[{"@type":"SearchAction","target":{"@type":"EntryPoint","urlTemplate":"https:\/\/www.pressenza.com\/es\/?s={search_term_string}"},"query-input":{"@type":"PropertyValueSpecification","valueRequired":true,"valueName":"search_term_string"}}],"inLanguage":"es"},{"@type":"Organization","@id":"https:\/\/www.pressenza.com\/es\/#organization","name":"Pressenza","url":"https:\/\/www.pressenza.com\/es\/","logo":{"@type":"ImageObject","inLanguage":"es","@id":"https:\/\/www.pressenza.com\/es\/#\/schema\/logo\/image\/","url":"https:\/\/www.pressenza.com\/wp-content\/uploads\/2022\/10\/pressenza_logo_200x200.jpg","contentUrl":"https:\/\/www.pressenza.com\/wp-content\/uploads\/2022\/10\/pressenza_logo_200x200.jpg","width":200,"height":200,"caption":"Pressenza"},"image":{"@id":"https:\/\/www.pressenza.com\/es\/#\/schema\/logo\/image\/"},"sameAs":["https:\/\/www.facebook.com\/PressenzaItalia","https:\/\/x.com\/PressenzaIPA"]},{"@type":"Person","@id":"https:\/\/www.pressenza.com\/es\/#\/schema\/person\/d983e81827ae24f2c7b1a2123d197f8d","name":"Redazione Italia","description":"News from the Pressenza Bureau in Italy","sameAs":["https:\/\/www.pressenza.com\/it\/author\/redazione-italia\/","https:\/\/www.facebook.com\/PressenzaItalia","https:\/\/www.instagram.com\/pressenza_italia\/","https:\/\/x.com\/pressenza_it","https:\/\/www.youtube.com\/channel\/UCSalEIWjE1RSxkwjfftFuqg"],"url":"https:\/\/www.pressenza.com\/es\/author\/redazione-italia\/"}]}},"place":"","original_article_url":"","_links":{"self":[{"href":"https:\/\/www.pressenza.com\/es\/wp-json\/wp\/v2\/posts\/688947","targetHints":{"allow":["GET"]}}],"collection":[{"href":"https:\/\/www.pressenza.com\/es\/wp-json\/wp\/v2\/posts"}],"about":[{"href":"https:\/\/www.pressenza.com\/es\/wp-json\/wp\/v2\/types\/post"}],"author":[{"embeddable":true,"href":"https:\/\/www.pressenza.com\/es\/wp-json\/wp\/v2\/users\/594"}],"replies":[{"embeddable":true,"href":"https:\/\/www.pressenza.com\/es\/wp-json\/wp\/v2\/comments?post=688947"}],"version-history":[{"count":0,"href":"https:\/\/www.pressenza.com\/es\/wp-json\/wp\/v2\/posts\/688947\/revisions"}],"wp:featuredmedia":[{"embeddable":true,"href":"https:\/\/www.pressenza.com\/es\/wp-json\/wp\/v2\/media\/688944"}],"wp:attachment":[{"href":"https:\/\/www.pressenza.com\/es\/wp-json\/wp\/v2\/media?parent=688947"}],"wp:term":[{"taxonomy":"category","embeddable":true,"href":"https:\/\/www.pressenza.com\/es\/wp-json\/wp\/v2\/categories?post=688947"},{"taxonomy":"post_tag","embeddable":true,"href":"https:\/\/www.pressenza.com\/es\/wp-json\/wp\/v2\/tags?post=688947"}],"curies":[{"name":"wp","href":"https:\/\/api.w.org\/{rel}","templated":true}]}}