{"id":686369,"date":"2018-08-02T14:14:50","date_gmt":"2018-08-02T13:14:50","guid":{"rendered":"https:\/\/www.pressenza.com\/?p=686369"},"modified":"2018-08-02T18:07:21","modified_gmt":"2018-08-02T17:07:21","slug":"uribe-el-retorno-del-paramilitarismo-el-futuro-de-duque-y-colombia","status":"publish","type":"post","link":"https:\/\/www.pressenza.com\/es\/2018\/08\/uribe-el-retorno-del-paramilitarismo-el-futuro-de-duque-y-colombia\/","title":{"rendered":"Uribe, el retorno del paramilitarismo, el futuro de Duque y Colombia"},"content":{"rendered":"<p class=\"m_1579968979063720104gmail-ydpee3c102bMsoNormal\"><span style=\"font-size: medium;\"><b>por Camilo Rengifo Mar\u00edn-CLAE<\/b><\/span><\/p>\n<p class=\"m_1579968979063720104gmail-ydpee3c102bMsoNormal\"><span style=\"font-size: medium;\">El expresidente y actual senador \u00c1lvaro Uribe V\u00e9lez, sindicado de nexos con el paramilitarismo y el narcotr\u00e1fico, afronta un proceso judicial por manipulaci\u00f3n y soborno de testigos que est\u00e1 en manos de la Corte Suprema de Justicia CSJ, mientras crece el asesinato de l\u00edderes campesinos y populares, y se teme por un recrudecimiento del paramilitarismo y el terror paraestatal.<\/span><\/p>\n<p class=\"m_1579968979063720104gmail-ydpee3c102bMsoNormal\"><span style=\"font-size: medium;\">La citaci\u00f3n a indagatoria a Uribe por parte de la CSJ es un hecho judicial y pol\u00edtico de gran trascendencia, ya que visibiliza los m\u00faltiples casos en que el expresidente, su hermano Santiago y muchos de sus amigos y colaboradores, aparecen relacionados con la conformaci\u00f3n y las acciones criminales de grupos paramilitares desde la d\u00e9cada de los a\u00f1os 1990.<\/span><\/p>\n<p class=\"m_1579968979063720104gmail-ydpee3c102bMsoNormal\"><span style=\"font-size: medium;\">Cr\u00edmenes que han recrudecido en las \u00faltimas semanas, a escasos d\u00edas de la asunci\u00f3n presidencial de Iv\u00e1n Duque, un ahijado pol\u00edtico de Uribe, con el asesinato de campesinos y l\u00edderes y lideresas sociales, hechos que el gobierno se ha abstenido de esclarecer hasta el momento.<\/span><\/p>\n<p class=\"m_1579968979063720104gmail-ydpee3c102bMsoNormal\"><span style=\"font-size: medium;\">Esta situaci\u00f3n es consecuencia del fallo en su contra a la denuncia que instaur\u00f3 en esa misma Corte contra el senador del Polo Democr\u00e1tico Iv\u00e1n Cepeda Castro.<\/span><\/p>\n<p class=\"m_1579968979063720104gmail-ydpee3c102bMsoNormal\"><span style=\"font-size: medium;\">El analista Fernando Dorado se\u00f1ala que \u00e9ste es un acontecimiento que marca la vida pol\u00edtica del pa\u00eds porque el ex\u2013presidente notific\u00f3 su renuncia al Senado \u201cpara afrontar con dignidad su defensa\u201d cuando la CSJ ratific\u00f3 esa decisi\u00f3n. A partir de all\u00ed pululan en los medios de comunicaci\u00f3n y entre la gente del com\u00fan las conjeturas sobre el futuro de Uribe, del nuevo gobierno y del pa\u00eds.<\/span><\/p>\n<p class=\"m_1579968979063720104gmail-ydpee3c102bMsoNormal\"><span style=\"font-size: medium;\">Los sectores leales a Uribe, con apoyo de la prensa hegem\u00f3nica, han cerrado filas detr\u00e1s de su figura, mientras que para otros es el fin del proyecto pol\u00edtico del uribismo-paramilitarismo, que podr\u00eda hacer fracasar desde el vamos el gobierno de Duque, mientras los institucionalistas conf\u00edan en que la CSJ, un \u00f3rgano plural, puede y debe asumir su juzgamiento, garantizando el fortalecimiento del estado de derecho.<\/span><\/p>\n<p class=\"m_1579968979063720104gmail-ydpee3c102bMsoNormal\"><span style=\"font-size: medium;\">El senador Iv\u00e1n Cepeda, del Polo Democr\u00e1tico, afirm\u00f3 que continuar\u00e1 el proceso sobre los falsos testigos y se\u00f1al\u00f3 que Uribe est\u00e1 llevando a cabo una \u201ccampa\u00f1a tenebrosa\u201d contra la Corte Suprema de Justicia, a la que no respeta. Anunci\u00f3 que llevar\u00e1 este caso a la Comisi\u00f3n Interamericana de Derechos Humanos y que pedir\u00e1 una visita del relator especial de la Naciones Unidas para la independencia de los jueces y abogados, y constate la \u201cpersecuci\u00f3n en contra de los magistrados\u201d.<\/span><\/p>\n<p><span style=\"font-size: medium;\">Gustavo Petro, excandidato centroizquierdista a la presidencia afirma que la renuncia presentada por Uribe al Senado es una jugada para evadir la investigaci\u00f3n de la Corte Suprema, un intento que ya han hecho much\u00edsimos parlamentarios parapol\u00edticos. Un m\u00e9todo de evasi\u00f3n de la justicia que parte del an\u00e1lisis: que jueces y fiscales de menor jerarqu\u00eda que los que hay en la Corte Suprema son m\u00e1s influenciables y comprables.<\/span><\/p>\n<p><span style=\"font-size: medium;\">\u201cY as\u00ed, ese tipo de procesos tan duros como el del v\u00ednculo de un gran pol\u00edtico entre comillas al narcotr\u00e1fico y al asesinato logra salir impune, como ha sucedido. Tenemos un 97% por ciento de impunidad en estos casos, del aparato que ha asesinado a centenares de miles de colombianos\u201d, a\u00f1adi\u00f3.<\/span><\/p>\n<p><span style=\"font-size: medium;\">Y lo peor, es que hay una parte de la sociedad colombiana, acicateada durante d\u00e9cadas por el ocultamiento de la verdad y las falsas noticias de la prensa hegem\u00f3nica, cree que eso estuvo bien, que eso es lo que tienen que hacer los gobernantes: \u201ccon tal de matar comunistas bienvenido sea que nos gobiernen los narcotraficantes y que rompan los principios b\u00e1sicos del derecho de gentes y de la democracia\u201d.<\/span><\/p>\n<p><span style=\"font-size: medium;\">Seg\u00fan Petro, el Congreso es soberano de aceptar o no renuncias y si \u00e9stas son\u00a0irrevocables hay un plazo de un mes para que sea aceptada.\u00a0\u00a0El Congreso puede, la pregunta es \u00bfquiere?, agrega Petro en una entrevista con Semana, donde afirma que la bancada parlamentaria del llamado Centro Democr\u00e1tico se acaba sin Uribe. \u201cCasi podr\u00edamos decir que Duque como presidente existe por Uribe\u201d.<\/span><\/p>\n<p><span style=\"font-size: medium;\">Varios analistas se\u00f1alan, asimismo, que en lugar de defender la institucionalidad (promociona la inocencia de Uribe) irrumpe en las competencias de la Corte Suprema: un jefe de Estado no puede hacer eso a menos que quiera declarar a Colombia una tiran\u00eda, que era la sospecha y la denuncia que hicimos en plena campa\u00f1a electoral cuando como candidato se atrev\u00eda a hablar de una reforma a la justicia en pos de supeditarla al Gobierno\u201d, se\u00f1al\u00f3 Petro.<\/span><\/p>\n<p><span style=\"font-size: medium;\">Siendo diputado, en 2005, denunci\u00f3 a varios dirigentes pol\u00edticos de ser inspiradores, c\u00f3mplices o gestores de grupos paramilitares y denunci\u00f3, entre ellos, al embajador de Colombia en Chile y a un jefe de las Autodefensas detenido en Caracas por planear un atentado contra el presidente Hugo Ch\u00e1vez.<\/span><\/p>\n<p><span style=\"font-size: medium;\">Dos a\u00f1os despu\u00e9s denunci\u00f3 al paramilitarismo en Antioquia cuando se divulg\u00f3\u00a0\u00a0la foto de Santiago Uribe, hermano de \u00c1lvaro, con los narcotraficantes hermanos Ochoa en un grupo paramilitar que se llamaba La Escopeta, y despu\u00e9s de Los Erre, en la regi\u00f3n de Titirib\u00ed, responsables de la masacre de centenares de j\u00f3venes, algunos de ellos estudiantes de la Universidad Nacional de Medell\u00edn: tiraban sus cad\u00e1veres a una represa llena de cocodrilos para que desaparecieran los restos.<\/span><\/p>\n<p><span style=\"font-size: medium;\">La investigaci\u00f3n se la ha encomendado la Corte Suprema de Justicia a la Fiscal\u00eda a una sala de interceptaciones legales. Uribe logr\u00f3 tener incidencia en esa sala y destruir parte de las pruebas contra \u00e9l.<\/span><\/p>\n<p><span style=\"font-size: medium;\">Y ante el hecho y la evidencia constatada por la Corte Suprema de destrucci\u00f3n al interior de la Fiscal\u00eda de piezas procesales es que toma la decisi\u00f3n de tener un organismo de interceptaciones diferente bajo sus \u00f3rdenes. Seg\u00fan investigaciones de prensa, la Fiscal\u00eda cont\u00f3 con colaboraciones judiciales de cuerpos de inteligencia, eventualmente el MI-6 brit\u00e1nico.<\/span><\/p>\n<p class=\"m_1579968979063720104gmail-ydpee3c102bMsoNormal\"><span style=\"font-size: medium;\"><b>Nuevas masacres y amenazas<\/b><\/span><\/p>\n<p class=\"m_1579968979063720104gmail-ydpee3c102bMsoNormal\"><span style=\"font-size: medium;\">En la tarde del \u00faltimo lunes un grupo de hombres encapuchados y en motos, arremetieron con armas de fuego contra un grupo de campesinos que se encontraban en un local en el casco urbano del municipio El Tarra. Entre los nueve campesinos asesinados se encontraba el presidente de la Junta de Acci\u00f3n Comunal del kil\u00f3metro 84, Frederman Quintero que a su vez era presidente del Comit\u00e9 Veredal de la Asociaci\u00f3n Campesina del Catatumbo .<\/span><\/p>\n<p class=\"m_1579968979063720104gmail-ydpee3c102bMsoNormal\"><span style=\"font-size: medium;\">Los pobladores no se explican c\u00f3mo siendo el Catatumbo una de las regiones que cuenta con m\u00e1s de 15 mil integrantes de la fuerza estatal entre militares y polic\u00edas, no se hubiese evitado o detenido a los responsables que cometieron la masacre a plena luz del d\u00eda.<\/span><\/p>\n<p class=\"m_1579968979063720104gmail-ydpee3c102bMsoNormal\"><span style=\"font-size: medium;\">En la ciudad de Florida (Valle del Cauca) el 27 de julio se denunci\u00f3 un panfleto que reitera amenazas &#8211; proferidas por paramilitares que dicen pertenecer a las Autodefensas Gaitanistas de Colombia (AGC) &#8211; contra 11 l\u00edderes y lideresas sociales que integran organizaciones campesinas e ind\u00edgenas, y contra otros procesos organizativos como Marcha Patri\u00f3tica y las Zonas de Reserva Campesinas.<\/span><\/p>\n<p class=\"m_1579968979063720104gmail-ydpee3c102bMsoNormal\"><span style=\"font-size: medium;\">La red de medios alternativos y populares denunci\u00f3 que entre los amenazados se encuentra el l\u00edder campesino Jos\u00e9 Otero, y se\u00f1al\u00f3 que lo preocupante de estas amenazas es que evidencian un trabajo de inteligencia detallado de las actividades de las lideresas y l\u00edderes declarados objetivo militar. Saben, por ejemplo, qui\u00e9nes han denunciado los hechos en la Fiscal\u00eda y Defensor\u00eda del Pueblo, y qui\u00e9nes permanecen o han abandonado sus territorios de origen.<\/span><\/p>\n<p class=\"m_1579968979063720104gmail-ydpee3c102bMsoNormal\"><span style=\"font-size: medium;\">Es claro que el paramilitarismo act\u00faa en Valle y Cauca, y que utiliza nombres fachada como \u00c1guilas Negras o Autodefensas Gaitanistas de Colombia, utilizando diversas estructuras armadas para cumplir su cometido, sin que a la fecha el Estado\u00a0\u00a0tome medidas para evitar los cientos de asesinatos contra l\u00edderes y lideresas sociales, algo que se agrava por su postura de negar la existencia de la estrategia y pol\u00edtica paramilitar en pa\u00eds.<\/span><\/p>\n<p class=\"m_1579968979063720104gmail-ydpee3c102bMsoNormal\"><span style=\"font-size: medium;\">*Economista y docente universitario colombiano,\u00a0analista asociado al\u00a0Centro Latinoamericano de An\u00e1lisis Estrat\u00e9gico (CLAE,\u00a0<a href=\"http:\/\/www.estrategia.la\/\" target=\"_blank\" rel=\"nofollow noopener\" data-saferedirecturl=\"https:\/\/www.google.com\/url?hl=es&amp;q=http:\/\/www.estrategia.la&amp;source=gmail&amp;ust=1533300734372000&amp;usg=AFQjCNELN5lOUXmuZ1p5MPsF_gTGjpFxvQ\">www.estrategia.la<\/a>)<\/span><\/p>\n<div class=\"yj6qo\"><\/div>\n","protected":false},"excerpt":{"rendered":"<p>por Camilo Rengifo Mar\u00edn-CLAE El expresidente y actual senador \u00c1lvaro Uribe V\u00e9lez, sindicado de nexos con el paramilitarismo y el narcotr\u00e1fico, afronta un proceso judicial por manipulaci\u00f3n y soborno de testigos que est\u00e1 en manos de la Corte Suprema de&hellip;<\/p>\n","protected":false},"author":1414,"featured_media":686389,"comment_status":"closed","ping_status":"closed","sticky":false,"template":"","format":"standard","meta":{"footnotes":""},"categories":[79,161,67],"tags":[35746,37051,28587,31091,24791],"class_list":["post-686369","post","type-post","status-publish","format-standard","has-post-thumbnail","hentry","category-derechos-humanos","category-opiniones","category-sudamerica","tag-ivan-duque","tag-lideres-sociales","tag-paramilitarismo","tag-paz-en-colombia","tag-uribe"],"yoast_head":"<!-- This site is optimized with the Yoast SEO plugin v27.1.1 - https:\/\/yoast.com\/product\/yoast-seo-wordpress\/ -->\n<title>Uribe, el retorno del paramilitarismo, el futuro de Duque y Colombia<\/title>\n<meta name=\"description\" content=\"por Camilo Rengifo Mar\u00edn-CLAE El expresidente y actual senador \u00c1lvaro Uribe V\u00e9lez, sindicado de nexos con el paramilitarismo y el narcotr\u00e1fico, afronta un\" \/>\n<meta name=\"robots\" content=\"index, follow, max-snippet:-1, max-image-preview:large, max-video-preview:-1\" \/>\n<link rel=\"canonical\" href=\"https:\/\/www.pressenza.com\/es\/2018\/08\/uribe-el-retorno-del-paramilitarismo-el-futuro-de-duque-y-colombia\/\" \/>\n<meta property=\"og:locale\" content=\"es_ES\" \/>\n<meta property=\"og:type\" content=\"article\" \/>\n<meta property=\"og:title\" content=\"Uribe, el retorno del paramilitarismo, el futuro de Duque y Colombia\" \/>\n<meta property=\"og:description\" content=\"por Camilo Rengifo Mar\u00edn-CLAE El expresidente y actual senador \u00c1lvaro Uribe V\u00e9lez, sindicado de nexos con el paramilitarismo y el narcotr\u00e1fico, afronta un\" \/>\n<meta property=\"og:url\" content=\"https:\/\/www.pressenza.com\/es\/2018\/08\/uribe-el-retorno-del-paramilitarismo-el-futuro-de-duque-y-colombia\/\" \/>\n<meta property=\"og:site_name\" content=\"Pressenza\" \/>\n<meta property=\"article:publisher\" content=\"https:\/\/www.facebook.com\/PressenzaItalia\" \/>\n<meta property=\"article:published_time\" content=\"2018-08-02T13:14:50+00:00\" \/>\n<meta property=\"article:modified_time\" content=\"2018-08-02T17:07:21+00:00\" \/>\n<meta property=\"og:image\" content=\"https:\/\/www.pressenza.com\/wp-content\/uploads\/2018\/08\/Colombia_paramilitares_desaparecidos.jpg\" \/>\n\t<meta property=\"og:image:width\" content=\"470\" \/>\n\t<meta property=\"og:image:height\" content=\"332\" \/>\n\t<meta property=\"og:image:type\" content=\"image\/jpeg\" \/>\n<meta name=\"author\" content=\"Centro Latinoamericano de An\u00e1lisis Estrat\u00e9gico\" \/>\n<meta name=\"twitter:card\" content=\"summary_large_image\" \/>\n<meta name=\"twitter:creator\" content=\"@PressenzaIPA\" \/>\n<meta name=\"twitter:site\" content=\"@PressenzaIPA\" \/>\n<meta name=\"twitter:label1\" content=\"Escrito por\" \/>\n\t<meta name=\"twitter:data1\" content=\"Centro Latinoamericano de An\u00e1lisis Estrat\u00e9gico\" \/>\n\t<meta name=\"twitter:label2\" content=\"Tiempo de lectura\" \/>\n\t<meta name=\"twitter:data2\" content=\"7 minutos\" \/>\n<script type=\"application\/ld+json\" class=\"yoast-schema-graph\">{\"@context\":\"https:\/\/schema.org\",\"@graph\":[{\"@type\":\"Article\",\"@id\":\"https:\/\/www.pressenza.com\/es\/2018\/08\/uribe-el-retorno-del-paramilitarismo-el-futuro-de-duque-y-colombia\/#article\",\"isPartOf\":{\"@id\":\"https:\/\/www.pressenza.com\/es\/2018\/08\/uribe-el-retorno-del-paramilitarismo-el-futuro-de-duque-y-colombia\/\"},\"author\":{\"name\":\"Centro Latinoamericano de An\u00e1lisis Estrat\u00e9gico\",\"@id\":\"https:\/\/www.pressenza.com\/es\/#\/schema\/person\/dd78be0013a0c187d420fdff1c3ebc66\"},\"headline\":\"Uribe, el retorno del paramilitarismo, el futuro de Duque y Colombia\",\"datePublished\":\"2018-08-02T13:14:50+00:00\",\"dateModified\":\"2018-08-02T17:07:21+00:00\",\"mainEntityOfPage\":{\"@id\":\"https:\/\/www.pressenza.com\/es\/2018\/08\/uribe-el-retorno-del-paramilitarismo-el-futuro-de-duque-y-colombia\/\"},\"wordCount\":1392,\"publisher\":{\"@id\":\"https:\/\/www.pressenza.com\/es\/#organization\"},\"image\":{\"@id\":\"https:\/\/www.pressenza.com\/es\/2018\/08\/uribe-el-retorno-del-paramilitarismo-el-futuro-de-duque-y-colombia\/#primaryimage\"},\"thumbnailUrl\":\"https:\/\/www.pressenza.com\/wp-content\/uploads\/2018\/08\/Colombia_paramilitares_desaparecidos.jpg\",\"keywords\":[\"Iv\u00e1n Duque\",\"l\u00edderes sociales\",\"paramilitarismo\",\"paz en Colombia\",\"Uribe\"],\"articleSection\":[\"Derechos Humanos\",\"Opiniones\",\"Sudam\u00e9rica\"],\"inLanguage\":\"es\"},{\"@type\":\"WebPage\",\"@id\":\"https:\/\/www.pressenza.com\/es\/2018\/08\/uribe-el-retorno-del-paramilitarismo-el-futuro-de-duque-y-colombia\/\",\"url\":\"https:\/\/www.pressenza.com\/es\/2018\/08\/uribe-el-retorno-del-paramilitarismo-el-futuro-de-duque-y-colombia\/\",\"name\":\"Uribe, el retorno del paramilitarismo, el futuro de Duque y Colombia\",\"isPartOf\":{\"@id\":\"https:\/\/www.pressenza.com\/es\/#website\"},\"primaryImageOfPage\":{\"@id\":\"https:\/\/www.pressenza.com\/es\/2018\/08\/uribe-el-retorno-del-paramilitarismo-el-futuro-de-duque-y-colombia\/#primaryimage\"},\"image\":{\"@id\":\"https:\/\/www.pressenza.com\/es\/2018\/08\/uribe-el-retorno-del-paramilitarismo-el-futuro-de-duque-y-colombia\/#primaryimage\"},\"thumbnailUrl\":\"https:\/\/www.pressenza.com\/wp-content\/uploads\/2018\/08\/Colombia_paramilitares_desaparecidos.jpg\",\"datePublished\":\"2018-08-02T13:14:50+00:00\",\"dateModified\":\"2018-08-02T17:07:21+00:00\",\"description\":\"por Camilo Rengifo Mar\u00edn-CLAE El expresidente y actual senador \u00c1lvaro Uribe V\u00e9lez, sindicado de nexos con el paramilitarismo y el narcotr\u00e1fico, afronta un\",\"breadcrumb\":{\"@id\":\"https:\/\/www.pressenza.com\/es\/2018\/08\/uribe-el-retorno-del-paramilitarismo-el-futuro-de-duque-y-colombia\/#breadcrumb\"},\"inLanguage\":\"es\",\"potentialAction\":[{\"@type\":\"ReadAction\",\"target\":[\"https:\/\/www.pressenza.com\/es\/2018\/08\/uribe-el-retorno-del-paramilitarismo-el-futuro-de-duque-y-colombia\/\"]}]},{\"@type\":\"ImageObject\",\"inLanguage\":\"es\",\"@id\":\"https:\/\/www.pressenza.com\/es\/2018\/08\/uribe-el-retorno-del-paramilitarismo-el-futuro-de-duque-y-colombia\/#primaryimage\",\"url\":\"https:\/\/www.pressenza.com\/wp-content\/uploads\/2018\/08\/Colombia_paramilitares_desaparecidos.jpg\",\"contentUrl\":\"https:\/\/www.pressenza.com\/wp-content\/uploads\/2018\/08\/Colombia_paramilitares_desaparecidos.jpg\",\"width\":470,\"height\":332},{\"@type\":\"BreadcrumbList\",\"@id\":\"https:\/\/www.pressenza.com\/es\/2018\/08\/uribe-el-retorno-del-paramilitarismo-el-futuro-de-duque-y-colombia\/#breadcrumb\",\"itemListElement\":[{\"@type\":\"ListItem\",\"position\":1,\"name\":\"Accueil\",\"item\":\"https:\/\/www.pressenza.com\/es\/\"},{\"@type\":\"ListItem\",\"position\":2,\"name\":\"Uribe, el retorno del paramilitarismo, el futuro de Duque y Colombia\"}]},{\"@type\":\"WebSite\",\"@id\":\"https:\/\/www.pressenza.com\/es\/#website\",\"url\":\"https:\/\/www.pressenza.com\/es\/\",\"name\":\"Pressenza\",\"description\":\"International Press Agency\",\"publisher\":{\"@id\":\"https:\/\/www.pressenza.com\/es\/#organization\"},\"potentialAction\":[{\"@type\":\"SearchAction\",\"target\":{\"@type\":\"EntryPoint\",\"urlTemplate\":\"https:\/\/www.pressenza.com\/es\/?s={search_term_string}\"},\"query-input\":{\"@type\":\"PropertyValueSpecification\",\"valueRequired\":true,\"valueName\":\"search_term_string\"}}],\"inLanguage\":\"es\"},{\"@type\":\"Organization\",\"@id\":\"https:\/\/www.pressenza.com\/es\/#organization\",\"name\":\"Pressenza\",\"url\":\"https:\/\/www.pressenza.com\/es\/\",\"logo\":{\"@type\":\"ImageObject\",\"inLanguage\":\"es\",\"@id\":\"https:\/\/www.pressenza.com\/es\/#\/schema\/logo\/image\/\",\"url\":\"https:\/\/www.pressenza.com\/wp-content\/uploads\/2022\/10\/pressenza_logo_200x200.jpg\",\"contentUrl\":\"https:\/\/www.pressenza.com\/wp-content\/uploads\/2022\/10\/pressenza_logo_200x200.jpg\",\"width\":200,\"height\":200,\"caption\":\"Pressenza\"},\"image\":{\"@id\":\"https:\/\/www.pressenza.com\/es\/#\/schema\/logo\/image\/\"},\"sameAs\":[\"https:\/\/www.facebook.com\/PressenzaItalia\",\"https:\/\/x.com\/PressenzaIPA\"]},{\"@type\":\"Person\",\"@id\":\"https:\/\/www.pressenza.com\/es\/#\/schema\/person\/dd78be0013a0c187d420fdff1c3ebc66\",\"name\":\"Centro Latinoamericano de An\u00e1lisis Estrat\u00e9gico\",\"description\":\"El Centro Latinoamericano de An\u00e1lisis Estrat\u00e9gico (CLAE-FILA), auspiciado por la Fundaci\u00f3n para la Integraci\u00f3n Latinoamericana, tiene su sede central en la ciudad de Montevideo. Cuenta con colaboradores e investigadores en todos y cada uno de los pa\u00edses de la regi\u00f3n y alianzas con centros acad\u00e9micos y de investigaci\u00f3n.\",\"url\":\"https:\/\/www.pressenza.com\/es\/author\/clae-fila\/\"}]}<\/script>\n<!-- \/ Yoast SEO plugin. -->","yoast_head_json":{"title":"Uribe, el retorno del paramilitarismo, el futuro de Duque y Colombia","description":"por Camilo Rengifo Mar\u00edn-CLAE El expresidente y actual senador \u00c1lvaro Uribe V\u00e9lez, sindicado de nexos con el paramilitarismo y el narcotr\u00e1fico, afronta un","robots":{"index":"index","follow":"follow","max-snippet":"max-snippet:-1","max-image-preview":"max-image-preview:large","max-video-preview":"max-video-preview:-1"},"canonical":"https:\/\/www.pressenza.com\/es\/2018\/08\/uribe-el-retorno-del-paramilitarismo-el-futuro-de-duque-y-colombia\/","og_locale":"es_ES","og_type":"article","og_title":"Uribe, el retorno del paramilitarismo, el futuro de Duque y Colombia","og_description":"por Camilo Rengifo Mar\u00edn-CLAE El expresidente y actual senador \u00c1lvaro Uribe V\u00e9lez, sindicado de nexos con el paramilitarismo y el narcotr\u00e1fico, afronta un","og_url":"https:\/\/www.pressenza.com\/es\/2018\/08\/uribe-el-retorno-del-paramilitarismo-el-futuro-de-duque-y-colombia\/","og_site_name":"Pressenza","article_publisher":"https:\/\/www.facebook.com\/PressenzaItalia","article_published_time":"2018-08-02T13:14:50+00:00","article_modified_time":"2018-08-02T17:07:21+00:00","og_image":[{"width":470,"height":332,"url":"https:\/\/www.pressenza.com\/wp-content\/uploads\/2018\/08\/Colombia_paramilitares_desaparecidos.jpg","type":"image\/jpeg"}],"author":"Centro Latinoamericano de An\u00e1lisis Estrat\u00e9gico","twitter_card":"summary_large_image","twitter_creator":"@PressenzaIPA","twitter_site":"@PressenzaIPA","twitter_misc":{"Escrito por":"Centro Latinoamericano de An\u00e1lisis Estrat\u00e9gico","Tiempo de lectura":"7 minutos"},"schema":{"@context":"https:\/\/schema.org","@graph":[{"@type":"Article","@id":"https:\/\/www.pressenza.com\/es\/2018\/08\/uribe-el-retorno-del-paramilitarismo-el-futuro-de-duque-y-colombia\/#article","isPartOf":{"@id":"https:\/\/www.pressenza.com\/es\/2018\/08\/uribe-el-retorno-del-paramilitarismo-el-futuro-de-duque-y-colombia\/"},"author":{"name":"Centro Latinoamericano de An\u00e1lisis Estrat\u00e9gico","@id":"https:\/\/www.pressenza.com\/es\/#\/schema\/person\/dd78be0013a0c187d420fdff1c3ebc66"},"headline":"Uribe, el retorno del paramilitarismo, el futuro de Duque y Colombia","datePublished":"2018-08-02T13:14:50+00:00","dateModified":"2018-08-02T17:07:21+00:00","mainEntityOfPage":{"@id":"https:\/\/www.pressenza.com\/es\/2018\/08\/uribe-el-retorno-del-paramilitarismo-el-futuro-de-duque-y-colombia\/"},"wordCount":1392,"publisher":{"@id":"https:\/\/www.pressenza.com\/es\/#organization"},"image":{"@id":"https:\/\/www.pressenza.com\/es\/2018\/08\/uribe-el-retorno-del-paramilitarismo-el-futuro-de-duque-y-colombia\/#primaryimage"},"thumbnailUrl":"https:\/\/www.pressenza.com\/wp-content\/uploads\/2018\/08\/Colombia_paramilitares_desaparecidos.jpg","keywords":["Iv\u00e1n Duque","l\u00edderes sociales","paramilitarismo","paz en Colombia","Uribe"],"articleSection":["Derechos Humanos","Opiniones","Sudam\u00e9rica"],"inLanguage":"es"},{"@type":"WebPage","@id":"https:\/\/www.pressenza.com\/es\/2018\/08\/uribe-el-retorno-del-paramilitarismo-el-futuro-de-duque-y-colombia\/","url":"https:\/\/www.pressenza.com\/es\/2018\/08\/uribe-el-retorno-del-paramilitarismo-el-futuro-de-duque-y-colombia\/","name":"Uribe, el retorno del paramilitarismo, el futuro de Duque y Colombia","isPartOf":{"@id":"https:\/\/www.pressenza.com\/es\/#website"},"primaryImageOfPage":{"@id":"https:\/\/www.pressenza.com\/es\/2018\/08\/uribe-el-retorno-del-paramilitarismo-el-futuro-de-duque-y-colombia\/#primaryimage"},"image":{"@id":"https:\/\/www.pressenza.com\/es\/2018\/08\/uribe-el-retorno-del-paramilitarismo-el-futuro-de-duque-y-colombia\/#primaryimage"},"thumbnailUrl":"https:\/\/www.pressenza.com\/wp-content\/uploads\/2018\/08\/Colombia_paramilitares_desaparecidos.jpg","datePublished":"2018-08-02T13:14:50+00:00","dateModified":"2018-08-02T17:07:21+00:00","description":"por Camilo Rengifo Mar\u00edn-CLAE El expresidente y actual senador \u00c1lvaro Uribe V\u00e9lez, sindicado de nexos con el paramilitarismo y el narcotr\u00e1fico, afronta un","breadcrumb":{"@id":"https:\/\/www.pressenza.com\/es\/2018\/08\/uribe-el-retorno-del-paramilitarismo-el-futuro-de-duque-y-colombia\/#breadcrumb"},"inLanguage":"es","potentialAction":[{"@type":"ReadAction","target":["https:\/\/www.pressenza.com\/es\/2018\/08\/uribe-el-retorno-del-paramilitarismo-el-futuro-de-duque-y-colombia\/"]}]},{"@type":"ImageObject","inLanguage":"es","@id":"https:\/\/www.pressenza.com\/es\/2018\/08\/uribe-el-retorno-del-paramilitarismo-el-futuro-de-duque-y-colombia\/#primaryimage","url":"https:\/\/www.pressenza.com\/wp-content\/uploads\/2018\/08\/Colombia_paramilitares_desaparecidos.jpg","contentUrl":"https:\/\/www.pressenza.com\/wp-content\/uploads\/2018\/08\/Colombia_paramilitares_desaparecidos.jpg","width":470,"height":332},{"@type":"BreadcrumbList","@id":"https:\/\/www.pressenza.com\/es\/2018\/08\/uribe-el-retorno-del-paramilitarismo-el-futuro-de-duque-y-colombia\/#breadcrumb","itemListElement":[{"@type":"ListItem","position":1,"name":"Accueil","item":"https:\/\/www.pressenza.com\/es\/"},{"@type":"ListItem","position":2,"name":"Uribe, el retorno del paramilitarismo, el futuro de Duque y Colombia"}]},{"@type":"WebSite","@id":"https:\/\/www.pressenza.com\/es\/#website","url":"https:\/\/www.pressenza.com\/es\/","name":"Pressenza","description":"International Press Agency","publisher":{"@id":"https:\/\/www.pressenza.com\/es\/#organization"},"potentialAction":[{"@type":"SearchAction","target":{"@type":"EntryPoint","urlTemplate":"https:\/\/www.pressenza.com\/es\/?s={search_term_string}"},"query-input":{"@type":"PropertyValueSpecification","valueRequired":true,"valueName":"search_term_string"}}],"inLanguage":"es"},{"@type":"Organization","@id":"https:\/\/www.pressenza.com\/es\/#organization","name":"Pressenza","url":"https:\/\/www.pressenza.com\/es\/","logo":{"@type":"ImageObject","inLanguage":"es","@id":"https:\/\/www.pressenza.com\/es\/#\/schema\/logo\/image\/","url":"https:\/\/www.pressenza.com\/wp-content\/uploads\/2022\/10\/pressenza_logo_200x200.jpg","contentUrl":"https:\/\/www.pressenza.com\/wp-content\/uploads\/2022\/10\/pressenza_logo_200x200.jpg","width":200,"height":200,"caption":"Pressenza"},"image":{"@id":"https:\/\/www.pressenza.com\/es\/#\/schema\/logo\/image\/"},"sameAs":["https:\/\/www.facebook.com\/PressenzaItalia","https:\/\/x.com\/PressenzaIPA"]},{"@type":"Person","@id":"https:\/\/www.pressenza.com\/es\/#\/schema\/person\/dd78be0013a0c187d420fdff1c3ebc66","name":"Centro Latinoamericano de An\u00e1lisis Estrat\u00e9gico","description":"El Centro Latinoamericano de An\u00e1lisis Estrat\u00e9gico (CLAE-FILA), auspiciado por la Fundaci\u00f3n para la Integraci\u00f3n Latinoamericana, tiene su sede central en la ciudad de Montevideo. Cuenta con colaboradores e investigadores en todos y cada uno de los pa\u00edses de la regi\u00f3n y alianzas con centros acad\u00e9micos y de investigaci\u00f3n.","url":"https:\/\/www.pressenza.com\/es\/author\/clae-fila\/"}]}},"place":"Bogot\u00e1, Colombia","original_article_url":"","_links":{"self":[{"href":"https:\/\/www.pressenza.com\/es\/wp-json\/wp\/v2\/posts\/686369","targetHints":{"allow":["GET"]}}],"collection":[{"href":"https:\/\/www.pressenza.com\/es\/wp-json\/wp\/v2\/posts"}],"about":[{"href":"https:\/\/www.pressenza.com\/es\/wp-json\/wp\/v2\/types\/post"}],"author":[{"embeddable":true,"href":"https:\/\/www.pressenza.com\/es\/wp-json\/wp\/v2\/users\/1414"}],"replies":[{"embeddable":true,"href":"https:\/\/www.pressenza.com\/es\/wp-json\/wp\/v2\/comments?post=686369"}],"version-history":[{"count":0,"href":"https:\/\/www.pressenza.com\/es\/wp-json\/wp\/v2\/posts\/686369\/revisions"}],"wp:featuredmedia":[{"embeddable":true,"href":"https:\/\/www.pressenza.com\/es\/wp-json\/wp\/v2\/media\/686389"}],"wp:attachment":[{"href":"https:\/\/www.pressenza.com\/es\/wp-json\/wp\/v2\/media?parent=686369"}],"wp:term":[{"taxonomy":"category","embeddable":true,"href":"https:\/\/www.pressenza.com\/es\/wp-json\/wp\/v2\/categories?post=686369"},{"taxonomy":"post_tag","embeddable":true,"href":"https:\/\/www.pressenza.com\/es\/wp-json\/wp\/v2\/tags?post=686369"}],"curies":[{"name":"wp","href":"https:\/\/api.w.org\/{rel}","templated":true}]}}