{"id":686116,"date":"2018-08-01T21:58:55","date_gmt":"2018-08-01T20:58:55","guid":{"rendered":"https:\/\/www.pressenza.com\/?p=686116"},"modified":"2018-08-01T21:58:55","modified_gmt":"2018-08-01T20:58:55","slug":"ingresara-donald-trump-en-el-olimpo-de-los-mitos","status":"publish","type":"post","link":"https:\/\/www.pressenza.com\/es\/2018\/08\/ingresara-donald-trump-en-el-olimpo-de-los-mitos\/","title":{"rendered":"\u00bfIngresar\u00e1 Donald Trump en el Olimpo de los mitos?"},"content":{"rendered":"<p align=\"JUSTIFY\">El caprichoso y c\u00edclico devenir de la Historia, podr\u00eda hacer que dos presidentes de EEUU (separados en el tiempo por 50 a\u00f1os), quedaran hermanados por el tr\u00e1gico final de sus Mandatos Presidenciales. As\u00ed, Trump y Kennedy pasar\u00edan a la Historia como fen\u00f3menos sociol\u00f3gicos que mediante la utilizaci\u00f3n masiva e inteligente de los nuevas tecnolog\u00edas habr\u00edan logrado que dos personas sin experiencia ni ideario pol\u00edtico conocido se convirtieran en Presidentes de los Estados Unidos, aprovechando el\u00a0impacto medi\u00e1tico de los medios audiovisuales (Televisi\u00f3n y Twitter) para suplir el desconocimiento de su programa electoral por parte de los electores o la simple inexistencia del mismo.<\/p>\n<p align=\"JUSTIFY\"><strong>Trump y Kennedy, bestias negras del establishment<\/strong><\/p>\n<p align=\"JUSTIFY\">Wright Mills en su libro \u201cThe Power Elite\u201d (1.956), indica que \u201cla clave para entender la inquietud norteamericana se encontrar\u00eda en la sobre-organizaci\u00f3n de su sociedad \u201c. As\u00ed, establishment ser\u00eda \u201cel grupo \u00e9lite formado por la uni\u00f3n de las sub-\u00e9lites pol\u00edtica, militar, econ\u00f3mica, universitaria y mass media de EEUU\u201d, lobbys de presi\u00f3n que estar\u00edan interconectadas mediante \u201cuna alianza inquieta basada en su comunidad de intereses y dirigidas por la metaf\u00edsica militar\u201d, concepto que se apoya en una definici\u00f3n militar de la realidad y que habr\u00eda transformado la econom\u00eda en una guerra econ\u00f3mica permanente y cuyo paradigma ser\u00edan los Rockefeller al participar en los lobbys financiero, industria militar y jud\u00edo y uno de cuyos miembros, David ser\u00eda el impulsor de Trilateral Comission\u201d (TC) o Trilateral(1973).<\/p>\n<p align=\"JUSTIFY\">Por otra parte, conviene recordar que la Agencia Central de Inteligencia (CIA, Central Intelligence Agency) fue creada en 1947 por Harry Truman, sustituyendo a la Oficina de Servicios Estrat\u00e9gicos (OSS) para investigar sin necesidad de autorizaci\u00f3n judicial expedientes administrativos y fiscales y con la inicial filosof\u00eda de dotar al Presidente de un segundo punto de vista elaborado por civiles frente al aportado por los militares de la Agencia de Seguridad Nacional (NSA). Hasta Eisenhower, la CIA fue \u00fanicamente la organizaci\u00f3n de inteligencia central para el gobierno de los Estados Unidos y estuvo detr\u00e1s de m\u00faltiples tareas de entrenamiento de insurgentes y desestabilizaci\u00f3n de gobiernos contrarios a las pol\u00edticas del Pent\u00e1gono, pero los lobbys militar y financiero (ambos fagocitados por el looby jud\u00edo) no pudieron resistir a la tentaci\u00f3n de crear un gobierno de facto que manipulara los entresijos del poder, derivando en la aparici\u00f3n de un nuevo ente (el complejo militar-industrial, en palabras de Eisenhower, refractaria a la opini\u00f3n p\u00fablica y al control del Congreso y Senado de los Estados Unidos).<\/p>\n<p align=\"JUSTIFY\">Por su parte, Kennedy, en un discurso en la Universidad de Columbia el 14 de Noviembre, admite que \u00abexisten fuertes presiones de grupos de poder de USA para convertir el cargo de Presidente en algo meramente figurativo\u00bb y as\u00ed el 21 de Noviembre de 1963, fue obligado a firmar la orden ejecutiva 11490 ,\u00bbque permite en caso de emergencia disponer al gobierno de medidas excepcionales, incluso para cualquier dictadura\u00bb y poco antes de partir para Dallas coment\u00f3 a sus \u00edntimos asesores: \u201cTenemos que enfrentarnos a la CIA&#8230;\u201d, mientras preparaba en secreto una reuni\u00f3n con Fidel Castro.<\/p>\n<p align=\"JUSTIFY\">Todo ello supon\u00eda un claro \u00f3rdago a la CIA, verdadera detentadora del poder en la sombra y enquistada profundamente en todos los aparatos de poder de los EEUU, por lo que sus dirigentes procedieron a la gestaci\u00f3n de una trama end\u00f3gena que se encarg\u00f3 del Golpe de Mano contra la legalidad democr\u00e1tica del sistema pol\u00edtico estadounidense y que culmin\u00f3 con el Magnicidio de Kennedy (Dallas, 1.963). Dicho complot ser\u00eda una aut\u00e9ntica obra de ingenier\u00eda laber\u00edntica que tendr\u00eda como cerebros a la citada CIA paraoficial y como colaboradores necesarios al exilio anticastrista en Miami y sus conexiones con la Mafia y al FBI de Hoover, a Lee Harvey Oswald como cabeza de turco y ejercicio de distracci\u00f3n para enga\u00f1ar a los sabuesos y como da\u00f1o colateral el nacimiento de un sistema pol\u00edtico tutelado por el Cuarto Poder, quedando desde entonces como rehenes todos lo sucesivos Presidentes electos de EEUU.<\/p>\n<p align=\"JUSTIFY\"><strong>Trump como v\u00edctima colateral de la deriva totalitaria de EEUU<\/strong><\/p>\n<p align=\"JUSTIFY\">En los s\u00f3tanos del establishment, se estaba fraguando un verdadero golpe de Estado virtual que tendr\u00eda su detonante en el impactante atentado de las Torres Gemelas (conocido como 11-S), atribuido a Al Qaeda , quedando desde entonces implementada la lucha contra el Eje del Mal (Irak, Ir\u00e1n y Corea del Norte) como leit motiv de la pol\u00edtica del nefasto mandato de George W. Bush y entronizando de paso a Bin Laden como icono del Imperio del Mal. As\u00ed, un mes despu\u00e9s del atentado del 11-S, el gobierno de George W. Bush decidi\u00f3 secretamente anular una de las principales protecciones constitucionales de este pa\u00eds (habeas corpus) mediante la ley conocida como USA- Patriot Act bajo la justificaci\u00f3n de su lucha contra el \u201cterrorismo\u201d seg\u00fan documentos oficiales revelados a finales de 2005 en una serie de reportajes en el New York Times. Asimismo, el citado diario inform\u00f3 de la existencia de la red de espionaje electr\u00f3nica m\u00e1s sofisticada del mundo, (el llamado programa PRISM o Big Brother), programas ambos aprobados por el Congreso de EEUU a instancias de la Administraci\u00f3n Bush en el 2.007 pero que por inercia ap\u00e1tica continuaron bajo el mandato de Obama.<\/p>\n<p align=\"JUSTIFY\">La Compa\u00f1\u00eda se habr\u00eda transmutado en el llamado Departamento de Seguridad Nacional ( Homeland Security) y de la hidra-CIA habr\u00edan nacido 17 nuevas cabezas en forma de agencias de inteligencia que integrar\u00edan la Comunidad de Inteligencia de EEUU (la Cuarta Rama del Gobierno seg\u00fan Tom Engelhardt), agentes pat\u00f3genos de naturaleza totalitaria y devenidos en Estado paralelo y verdadero poder en la sombra. Trump estar\u00eda pensando en borrar definitivamente el estigma impreso por la Administraci\u00f3n Bush en los aparatos de poder (establishment) y caso de insistir en su cruzada de limpieza de los agentes pat\u00f3genos del establishment (Cuarta Rama del Gobierno), asistiremos al inicio de una intensa campa\u00f1a de descalificaci\u00f3n personal y pol\u00edtica de Trump en los medios de comunicaci\u00f3n dominantes o \u201cmainstream media\u201d, preludio de la gestaci\u00f3n de una trama end\u00f3gena que podr\u00eda terminar por reeditar el Magnicidio de Dallas (Kennedy,1.963) para lograr que EEUU vuelva a la senda de las seudodemocracias tuteladas por el poder en la sombra (Cuarto Poder).<\/p>\n<p align=\"JUSTIFY\">Dicho complot ser\u00e1 una aut\u00e9ntica obra de ingenier\u00eda laber\u00edntica que tendr\u00e1 como cerebros a la Homeland Security-CIA y al Mossad israel\u00ed con el objetivo inequ\u00edvoco de lograr que EEUU vuelva a la senda de las democracias formales tuteladas por el establishment anglo-jud\u00edo y tras su asesinato, aumentar\u00e1 la presi\u00f3n del lobby pro-israel\u00ed de EEUU (AIPAC) sobre su sucesor, el actual vicepresidente Mike Pence, para proceder a la desestabilizaci\u00f3n de Siria e Ir\u00e1n por m\u00e9todos expeditivos. As\u00ed, la Trilateral EEUU-Gran Breta\u00f1a-Israel aprovechar\u00e1 la ocasi\u00f3n para proceder a redise\u00f1ar la cartograf\u00eda del puzzle inconexo formado por los actuales pa\u00edses de Oriente Pr\u00f3ximo y Medio y as\u00ed lograr unas fronteras estrat\u00e9gicamente ventajosas para Israel, siguiendo el plan orquestado hace 60 a\u00f1os de forma conjunta por los gobiernos de Gran Breta\u00f1a, Estados Unidos e Israel y que contar\u00eda con el respaldo de los principales aliados occidentales, ingresando mientras tanto Donald Trump\u00a0en el Olimpo ingr\u00e1vido de los mitos tras la estela de John F. Kennedy.<\/p>\n","protected":false},"excerpt":{"rendered":"<p>El caprichoso y c\u00edclico devenir de la Historia, podr\u00eda hacer que dos presidentes de EEUU (separados en el tiempo por 50 a\u00f1os), quedaran hermanados por el tr\u00e1gico final de sus Mandatos Presidenciales. As\u00ed, Trump y Kennedy pasar\u00edan a la Historia&hellip;<\/p>\n","protected":false},"author":1505,"featured_media":686117,"comment_status":"closed","ping_status":"closed","sticky":false,"template":"","format":"standard","meta":{"footnotes":""},"categories":[11389,68,161,74],"tags":[2422,26187,19168,48537],"class_list":["post-686116","post","type-post","status-publish","format-standard","has-post-thumbnail","hentry","category-contenido-original","category-norteamerica","category-opiniones","category-politica-es","tag-cia","tag-donald-trump-es","tag-estados-unidos","tag-jhon-kennedy"],"yoast_head":"<!-- This site is optimized with the Yoast SEO plugin v27.1.1 - https:\/\/yoast.com\/product\/yoast-seo-wordpress\/ -->\n<title>\u00bfIngresar\u00e1 Donald Trump en el Olimpo de los mitos?<\/title>\n<meta name=\"description\" content=\"El caprichoso y c\u00edclico devenir de la Historia, podr\u00eda hacer que dos presidentes de EEUU (separados en el tiempo por 50 a\u00f1os), quedaran hermanados por el\" \/>\n<meta name=\"robots\" content=\"index, follow, max-snippet:-1, max-image-preview:large, max-video-preview:-1\" \/>\n<link rel=\"canonical\" href=\"https:\/\/www.pressenza.com\/es\/2018\/08\/ingresara-donald-trump-en-el-olimpo-de-los-mitos\/\" \/>\n<meta property=\"og:locale\" content=\"es_ES\" \/>\n<meta property=\"og:type\" content=\"article\" \/>\n<meta property=\"og:title\" content=\"\u00bfIngresar\u00e1 Donald Trump en el Olimpo de los mitos?\" \/>\n<meta property=\"og:description\" content=\"El caprichoso y c\u00edclico devenir de la Historia, podr\u00eda hacer que dos presidentes de EEUU (separados en el tiempo por 50 a\u00f1os), quedaran hermanados por el\" \/>\n<meta property=\"og:url\" content=\"https:\/\/www.pressenza.com\/es\/2018\/08\/ingresara-donald-trump-en-el-olimpo-de-los-mitos\/\" \/>\n<meta property=\"og:site_name\" content=\"Pressenza\" \/>\n<meta property=\"article:publisher\" content=\"https:\/\/www.facebook.com\/PressenzaItalia\" \/>\n<meta property=\"article:published_time\" content=\"2018-08-01T20:58:55+00:00\" \/>\n<meta property=\"og:image\" content=\"https:\/\/www.pressenza.com\/wp-content\/uploads\/2018\/08\/38982691_303.jpg\" \/>\n\t<meta property=\"og:image:width\" content=\"700\" \/>\n\t<meta property=\"og:image:height\" content=\"394\" \/>\n\t<meta property=\"og:image:type\" content=\"image\/jpeg\" \/>\n<meta name=\"author\" content=\"Germ\u00e1n Gorraiz L\u00f3pez\" \/>\n<meta name=\"twitter:card\" content=\"summary_large_image\" \/>\n<meta name=\"twitter:creator\" content=\"@PressenzaIPA\" \/>\n<meta name=\"twitter:site\" content=\"@PressenzaIPA\" \/>\n<meta name=\"twitter:label1\" content=\"Escrito por\" \/>\n\t<meta name=\"twitter:data1\" content=\"Germ\u00e1n Gorraiz L\u00f3pez\" \/>\n\t<meta name=\"twitter:label2\" content=\"Tiempo de lectura\" \/>\n\t<meta name=\"twitter:data2\" content=\"6 minutos\" \/>\n<script type=\"application\/ld+json\" class=\"yoast-schema-graph\">{\"@context\":\"https:\/\/schema.org\",\"@graph\":[{\"@type\":\"Article\",\"@id\":\"https:\/\/www.pressenza.com\/es\/2018\/08\/ingresara-donald-trump-en-el-olimpo-de-los-mitos\/#article\",\"isPartOf\":{\"@id\":\"https:\/\/www.pressenza.com\/es\/2018\/08\/ingresara-donald-trump-en-el-olimpo-de-los-mitos\/\"},\"author\":{\"name\":\"Germ\u00e1n Gorraiz L\u00f3pez\",\"@id\":\"https:\/\/www.pressenza.com\/es\/#\/schema\/person\/57dba2cbf155df3e3656a436abe74b1b\"},\"headline\":\"\u00bfIngresar\u00e1 Donald Trump en el Olimpo de los mitos?\",\"datePublished\":\"2018-08-01T20:58:55+00:00\",\"mainEntityOfPage\":{\"@id\":\"https:\/\/www.pressenza.com\/es\/2018\/08\/ingresara-donald-trump-en-el-olimpo-de-los-mitos\/\"},\"wordCount\":1276,\"publisher\":{\"@id\":\"https:\/\/www.pressenza.com\/es\/#organization\"},\"image\":{\"@id\":\"https:\/\/www.pressenza.com\/es\/2018\/08\/ingresara-donald-trump-en-el-olimpo-de-los-mitos\/#primaryimage\"},\"thumbnailUrl\":\"https:\/\/www.pressenza.com\/wp-content\/uploads\/2018\/08\/38982691_303.jpg\",\"keywords\":[\"CIA\",\"Donald Trump\",\"Estados Unidos\",\"Jhon Kennedy\"],\"articleSection\":[\"Contenido Original\",\"Norteam\u00e9rica\",\"Opiniones\",\"Pol\u00edtica\"],\"inLanguage\":\"es\"},{\"@type\":\"WebPage\",\"@id\":\"https:\/\/www.pressenza.com\/es\/2018\/08\/ingresara-donald-trump-en-el-olimpo-de-los-mitos\/\",\"url\":\"https:\/\/www.pressenza.com\/es\/2018\/08\/ingresara-donald-trump-en-el-olimpo-de-los-mitos\/\",\"name\":\"\u00bfIngresar\u00e1 Donald Trump en el Olimpo de los mitos?\",\"isPartOf\":{\"@id\":\"https:\/\/www.pressenza.com\/es\/#website\"},\"primaryImageOfPage\":{\"@id\":\"https:\/\/www.pressenza.com\/es\/2018\/08\/ingresara-donald-trump-en-el-olimpo-de-los-mitos\/#primaryimage\"},\"image\":{\"@id\":\"https:\/\/www.pressenza.com\/es\/2018\/08\/ingresara-donald-trump-en-el-olimpo-de-los-mitos\/#primaryimage\"},\"thumbnailUrl\":\"https:\/\/www.pressenza.com\/wp-content\/uploads\/2018\/08\/38982691_303.jpg\",\"datePublished\":\"2018-08-01T20:58:55+00:00\",\"description\":\"El caprichoso y c\u00edclico devenir de la Historia, podr\u00eda hacer que dos presidentes de EEUU (separados en el tiempo por 50 a\u00f1os), quedaran hermanados por el\",\"breadcrumb\":{\"@id\":\"https:\/\/www.pressenza.com\/es\/2018\/08\/ingresara-donald-trump-en-el-olimpo-de-los-mitos\/#breadcrumb\"},\"inLanguage\":\"es\",\"potentialAction\":[{\"@type\":\"ReadAction\",\"target\":[\"https:\/\/www.pressenza.com\/es\/2018\/08\/ingresara-donald-trump-en-el-olimpo-de-los-mitos\/\"]}]},{\"@type\":\"ImageObject\",\"inLanguage\":\"es\",\"@id\":\"https:\/\/www.pressenza.com\/es\/2018\/08\/ingresara-donald-trump-en-el-olimpo-de-los-mitos\/#primaryimage\",\"url\":\"https:\/\/www.pressenza.com\/wp-content\/uploads\/2018\/08\/38982691_303.jpg\",\"contentUrl\":\"https:\/\/www.pressenza.com\/wp-content\/uploads\/2018\/08\/38982691_303.jpg\",\"width\":700,\"height\":394},{\"@type\":\"BreadcrumbList\",\"@id\":\"https:\/\/www.pressenza.com\/es\/2018\/08\/ingresara-donald-trump-en-el-olimpo-de-los-mitos\/#breadcrumb\",\"itemListElement\":[{\"@type\":\"ListItem\",\"position\":1,\"name\":\"Accueil\",\"item\":\"https:\/\/www.pressenza.com\/es\/\"},{\"@type\":\"ListItem\",\"position\":2,\"name\":\"\u00bfIngresar\u00e1 Donald Trump en el Olimpo de los mitos?\"}]},{\"@type\":\"WebSite\",\"@id\":\"https:\/\/www.pressenza.com\/es\/#website\",\"url\":\"https:\/\/www.pressenza.com\/es\/\",\"name\":\"Pressenza\",\"description\":\"International Press Agency\",\"publisher\":{\"@id\":\"https:\/\/www.pressenza.com\/es\/#organization\"},\"potentialAction\":[{\"@type\":\"SearchAction\",\"target\":{\"@type\":\"EntryPoint\",\"urlTemplate\":\"https:\/\/www.pressenza.com\/es\/?s={search_term_string}\"},\"query-input\":{\"@type\":\"PropertyValueSpecification\",\"valueRequired\":true,\"valueName\":\"search_term_string\"}}],\"inLanguage\":\"es\"},{\"@type\":\"Organization\",\"@id\":\"https:\/\/www.pressenza.com\/es\/#organization\",\"name\":\"Pressenza\",\"url\":\"https:\/\/www.pressenza.com\/es\/\",\"logo\":{\"@type\":\"ImageObject\",\"inLanguage\":\"es\",\"@id\":\"https:\/\/www.pressenza.com\/es\/#\/schema\/logo\/image\/\",\"url\":\"https:\/\/www.pressenza.com\/wp-content\/uploads\/2022\/10\/pressenza_logo_200x200.jpg\",\"contentUrl\":\"https:\/\/www.pressenza.com\/wp-content\/uploads\/2022\/10\/pressenza_logo_200x200.jpg\",\"width\":200,\"height\":200,\"caption\":\"Pressenza\"},\"image\":{\"@id\":\"https:\/\/www.pressenza.com\/es\/#\/schema\/logo\/image\/\"},\"sameAs\":[\"https:\/\/www.facebook.com\/PressenzaItalia\",\"https:\/\/x.com\/PressenzaIPA\"]},{\"@type\":\"Person\",\"@id\":\"https:\/\/www.pressenza.com\/es\/#\/schema\/person\/57dba2cbf155df3e3656a436abe74b1b\",\"name\":\"Germ\u00e1n Gorraiz L\u00f3pez\",\"description\":\"Germ\u00e1n Gorraiz L\u00f3pez (Navarra-Espa\u00f1a, 1957). Analista econ\u00f3mico y geopol\u00edtico, colabora habitualmente en varias publicaciones digitales e impresas espa\u00f1olas y latinoamericanas.\",\"url\":\"https:\/\/www.pressenza.com\/es\/author\/german-gorraiz-lopez\/\"}]}<\/script>\n<!-- \/ Yoast SEO plugin. -->","yoast_head_json":{"title":"\u00bfIngresar\u00e1 Donald Trump en el Olimpo de los mitos?","description":"El caprichoso y c\u00edclico devenir de la Historia, podr\u00eda hacer que dos presidentes de EEUU (separados en el tiempo por 50 a\u00f1os), quedaran hermanados por el","robots":{"index":"index","follow":"follow","max-snippet":"max-snippet:-1","max-image-preview":"max-image-preview:large","max-video-preview":"max-video-preview:-1"},"canonical":"https:\/\/www.pressenza.com\/es\/2018\/08\/ingresara-donald-trump-en-el-olimpo-de-los-mitos\/","og_locale":"es_ES","og_type":"article","og_title":"\u00bfIngresar\u00e1 Donald Trump en el Olimpo de los mitos?","og_description":"El caprichoso y c\u00edclico devenir de la Historia, podr\u00eda hacer que dos presidentes de EEUU (separados en el tiempo por 50 a\u00f1os), quedaran hermanados por el","og_url":"https:\/\/www.pressenza.com\/es\/2018\/08\/ingresara-donald-trump-en-el-olimpo-de-los-mitos\/","og_site_name":"Pressenza","article_publisher":"https:\/\/www.facebook.com\/PressenzaItalia","article_published_time":"2018-08-01T20:58:55+00:00","og_image":[{"width":700,"height":394,"url":"https:\/\/www.pressenza.com\/wp-content\/uploads\/2018\/08\/38982691_303.jpg","type":"image\/jpeg"}],"author":"Germ\u00e1n Gorraiz L\u00f3pez","twitter_card":"summary_large_image","twitter_creator":"@PressenzaIPA","twitter_site":"@PressenzaIPA","twitter_misc":{"Escrito por":"Germ\u00e1n Gorraiz L\u00f3pez","Tiempo de lectura":"6 minutos"},"schema":{"@context":"https:\/\/schema.org","@graph":[{"@type":"Article","@id":"https:\/\/www.pressenza.com\/es\/2018\/08\/ingresara-donald-trump-en-el-olimpo-de-los-mitos\/#article","isPartOf":{"@id":"https:\/\/www.pressenza.com\/es\/2018\/08\/ingresara-donald-trump-en-el-olimpo-de-los-mitos\/"},"author":{"name":"Germ\u00e1n Gorraiz L\u00f3pez","@id":"https:\/\/www.pressenza.com\/es\/#\/schema\/person\/57dba2cbf155df3e3656a436abe74b1b"},"headline":"\u00bfIngresar\u00e1 Donald Trump en el Olimpo de los mitos?","datePublished":"2018-08-01T20:58:55+00:00","mainEntityOfPage":{"@id":"https:\/\/www.pressenza.com\/es\/2018\/08\/ingresara-donald-trump-en-el-olimpo-de-los-mitos\/"},"wordCount":1276,"publisher":{"@id":"https:\/\/www.pressenza.com\/es\/#organization"},"image":{"@id":"https:\/\/www.pressenza.com\/es\/2018\/08\/ingresara-donald-trump-en-el-olimpo-de-los-mitos\/#primaryimage"},"thumbnailUrl":"https:\/\/www.pressenza.com\/wp-content\/uploads\/2018\/08\/38982691_303.jpg","keywords":["CIA","Donald Trump","Estados Unidos","Jhon Kennedy"],"articleSection":["Contenido Original","Norteam\u00e9rica","Opiniones","Pol\u00edtica"],"inLanguage":"es"},{"@type":"WebPage","@id":"https:\/\/www.pressenza.com\/es\/2018\/08\/ingresara-donald-trump-en-el-olimpo-de-los-mitos\/","url":"https:\/\/www.pressenza.com\/es\/2018\/08\/ingresara-donald-trump-en-el-olimpo-de-los-mitos\/","name":"\u00bfIngresar\u00e1 Donald Trump en el Olimpo de los mitos?","isPartOf":{"@id":"https:\/\/www.pressenza.com\/es\/#website"},"primaryImageOfPage":{"@id":"https:\/\/www.pressenza.com\/es\/2018\/08\/ingresara-donald-trump-en-el-olimpo-de-los-mitos\/#primaryimage"},"image":{"@id":"https:\/\/www.pressenza.com\/es\/2018\/08\/ingresara-donald-trump-en-el-olimpo-de-los-mitos\/#primaryimage"},"thumbnailUrl":"https:\/\/www.pressenza.com\/wp-content\/uploads\/2018\/08\/38982691_303.jpg","datePublished":"2018-08-01T20:58:55+00:00","description":"El caprichoso y c\u00edclico devenir de la Historia, podr\u00eda hacer que dos presidentes de EEUU (separados en el tiempo por 50 a\u00f1os), quedaran hermanados por el","breadcrumb":{"@id":"https:\/\/www.pressenza.com\/es\/2018\/08\/ingresara-donald-trump-en-el-olimpo-de-los-mitos\/#breadcrumb"},"inLanguage":"es","potentialAction":[{"@type":"ReadAction","target":["https:\/\/www.pressenza.com\/es\/2018\/08\/ingresara-donald-trump-en-el-olimpo-de-los-mitos\/"]}]},{"@type":"ImageObject","inLanguage":"es","@id":"https:\/\/www.pressenza.com\/es\/2018\/08\/ingresara-donald-trump-en-el-olimpo-de-los-mitos\/#primaryimage","url":"https:\/\/www.pressenza.com\/wp-content\/uploads\/2018\/08\/38982691_303.jpg","contentUrl":"https:\/\/www.pressenza.com\/wp-content\/uploads\/2018\/08\/38982691_303.jpg","width":700,"height":394},{"@type":"BreadcrumbList","@id":"https:\/\/www.pressenza.com\/es\/2018\/08\/ingresara-donald-trump-en-el-olimpo-de-los-mitos\/#breadcrumb","itemListElement":[{"@type":"ListItem","position":1,"name":"Accueil","item":"https:\/\/www.pressenza.com\/es\/"},{"@type":"ListItem","position":2,"name":"\u00bfIngresar\u00e1 Donald Trump en el Olimpo de los mitos?"}]},{"@type":"WebSite","@id":"https:\/\/www.pressenza.com\/es\/#website","url":"https:\/\/www.pressenza.com\/es\/","name":"Pressenza","description":"International Press Agency","publisher":{"@id":"https:\/\/www.pressenza.com\/es\/#organization"},"potentialAction":[{"@type":"SearchAction","target":{"@type":"EntryPoint","urlTemplate":"https:\/\/www.pressenza.com\/es\/?s={search_term_string}"},"query-input":{"@type":"PropertyValueSpecification","valueRequired":true,"valueName":"search_term_string"}}],"inLanguage":"es"},{"@type":"Organization","@id":"https:\/\/www.pressenza.com\/es\/#organization","name":"Pressenza","url":"https:\/\/www.pressenza.com\/es\/","logo":{"@type":"ImageObject","inLanguage":"es","@id":"https:\/\/www.pressenza.com\/es\/#\/schema\/logo\/image\/","url":"https:\/\/www.pressenza.com\/wp-content\/uploads\/2022\/10\/pressenza_logo_200x200.jpg","contentUrl":"https:\/\/www.pressenza.com\/wp-content\/uploads\/2022\/10\/pressenza_logo_200x200.jpg","width":200,"height":200,"caption":"Pressenza"},"image":{"@id":"https:\/\/www.pressenza.com\/es\/#\/schema\/logo\/image\/"},"sameAs":["https:\/\/www.facebook.com\/PressenzaItalia","https:\/\/x.com\/PressenzaIPA"]},{"@type":"Person","@id":"https:\/\/www.pressenza.com\/es\/#\/schema\/person\/57dba2cbf155df3e3656a436abe74b1b","name":"Germ\u00e1n Gorraiz L\u00f3pez","description":"Germ\u00e1n Gorraiz L\u00f3pez (Navarra-Espa\u00f1a, 1957). Analista econ\u00f3mico y geopol\u00edtico, colabora habitualmente en varias publicaciones digitales e impresas espa\u00f1olas y latinoamericanas.","url":"https:\/\/www.pressenza.com\/es\/author\/german-gorraiz-lopez\/"}]}},"place":"Madrid, Espa\u00f1a","original_article_url":"","_links":{"self":[{"href":"https:\/\/www.pressenza.com\/es\/wp-json\/wp\/v2\/posts\/686116","targetHints":{"allow":["GET"]}}],"collection":[{"href":"https:\/\/www.pressenza.com\/es\/wp-json\/wp\/v2\/posts"}],"about":[{"href":"https:\/\/www.pressenza.com\/es\/wp-json\/wp\/v2\/types\/post"}],"author":[{"embeddable":true,"href":"https:\/\/www.pressenza.com\/es\/wp-json\/wp\/v2\/users\/1505"}],"replies":[{"embeddable":true,"href":"https:\/\/www.pressenza.com\/es\/wp-json\/wp\/v2\/comments?post=686116"}],"version-history":[{"count":0,"href":"https:\/\/www.pressenza.com\/es\/wp-json\/wp\/v2\/posts\/686116\/revisions"}],"wp:featuredmedia":[{"embeddable":true,"href":"https:\/\/www.pressenza.com\/es\/wp-json\/wp\/v2\/media\/686117"}],"wp:attachment":[{"href":"https:\/\/www.pressenza.com\/es\/wp-json\/wp\/v2\/media?parent=686116"}],"wp:term":[{"taxonomy":"category","embeddable":true,"href":"https:\/\/www.pressenza.com\/es\/wp-json\/wp\/v2\/categories?post=686116"},{"taxonomy":"post_tag","embeddable":true,"href":"https:\/\/www.pressenza.com\/es\/wp-json\/wp\/v2\/tags?post=686116"}],"curies":[{"name":"wp","href":"https:\/\/api.w.org\/{rel}","templated":true}]}}