{"id":684489,"date":"2018-07-30T02:48:21","date_gmt":"2018-07-30T01:48:21","guid":{"rendered":"https:\/\/www.pressenza.com\/?p=684489"},"modified":"2018-07-30T02:48:21","modified_gmt":"2018-07-30T01:48:21","slug":"el-archipielago-de-nuevos-protectorados-en-latinoamerica-y-su-previsible-final","status":"publish","type":"post","link":"https:\/\/www.pressenza.com\/es\/2018\/07\/el-archipielago-de-nuevos-protectorados-en-latinoamerica-y-su-previsible-final\/","title":{"rendered":"El archipi\u00e9lago de nuevos protectorados en Latinoam\u00e9rica y su previsible final"},"content":{"rendered":"<p>Bajo la \u00e9gida de gestiones neoliberales &#8211; el calificativo \u201cgobierno\u201d les queda grande &#8211; varios pa\u00edses de Am\u00e9rica Latina y el Caribe han vuelto a la categor\u00eda de \u201cprotectorados\u201d. No se trata de figuras literarias sino de pura y dura realidad.<\/p>\n<p>Brasil, sometido a desguace social y nacional a partir del golpe contra la presidenta Rousseff, camina raudamente hacia una dictadura de rostro civil, manteniendo cautivo \u2013 bajo directo asesoramiento estadounidense \u2013 al h\u00e9roe popular Lula, quien de competir en la elecci\u00f3n, a\u00fan con todo el emporio globista en contra, ganar\u00eda en todos los escenarios de segunda vuelta. Los antecedentes hist\u00f3ricos indican que los militares brasile\u00f1os se conforman con el papel de subpotencia continental al servicio de la geoestrategia yanqui.<\/p>\n<p>El r\u00e9gimen de su vecino austral, Argentina, absorbido por una endemoniado espiral especulativo y un cretinismo<a href=\"#_ftn1\" name=\"_ftnref1\">[1]<\/a> pocas veces visto. En medio de un pandem\u00f3nium financiero, Macri acudi\u00f3 a Trump, quien a modo de salvataje envi\u00f3 a sus amigos de los fondos \u201cde inversi\u00f3n\u201d\u00a0 Black Rock, de frondoso prontuario buitre. Poco despu\u00e9s la corona estadounidense respald\u00f3 un ominoso \u201cacuerdo\u201d con el FMI, cuyas condiciones aniquilan toda posibilidad de desarrollo social del pueblo argentino.<\/p>\n<p>La condici\u00f3n de protectorado fue sellada mediante la instalaci\u00f3n de bases militares en las provincias de Neuqu\u00e9n y Misiones, la prevista actuaci\u00f3n de la DEA y el FBI bajo el conocido manto de la \u201cguerra contra el narcotr\u00e1fico\u201d, el env\u00edo de un embajador-juez para vigilar maniobras judiciales contra opositores y la \u201ccooperaci\u00f3n en materia de seguridad\u201d con agencias de EEUU e Israel \u2013 pr\u00f3tesis de aqu\u00e9l para operaciones que la opini\u00f3n p\u00fablica estadounidense considerar\u00eda \u201cinapropiadas\u201d.<\/p>\n<p>Mueve a lamento el Per\u00fa, sede de la \u00faltima Cumbre de las Am\u00e9ricas, que ceremonialmente declar\u00f3 un manifiesto anticorrupci\u00f3n. A la secuencia sin cortes de presidentes involucrados en negocios non sanctos que colocaron en el sill\u00f3n presidencial al ex embajador en Canad\u00e1 y vicepresidente Mart\u00edn Vizcarra, a la degradaci\u00f3n de un parlamento viciado controlado por el fujimorismo, se ha sumado en d\u00edas recientes un megaesc\u00e1ndalo judicial que se llev\u00f3 puesto al Consejo Nacional de la Magistratura, al Fiscal de la Naci\u00f3n y a jueces de la Corte Suprema \u2013 entre ellos a su anterior presidente. Un estado fallido que apenas se sostiene por la gracia de \u201cla embajada\u201d.<\/p>\n<p>Embajada que control\u00f3 en Guatemala la sucesi\u00f3n de la dupla P\u00e9rez Molina-Baldetti, \u00a0expulsada por flagrante contrabando y otros \u201cdetalles\u201d aduaneros. El entertainer Jimmy Morales fue llamado en 2015 a escena para contener la indignaci\u00f3n c\u00edvica. Ante el incontenible entramado estructural de colusi\u00f3n del inter\u00e9s empresarial con instancias judiciales y pol\u00edticas a sueldo, la ONU envi\u00f3 una misi\u00f3n de rescate, la Comisi\u00f3n Internacional Contra la Impunidad en Guatemala (CICIG), cuyo comisionado Vel\u00e1zquez casi logra ser apartado, luego de una \u201cintromisi\u00f3n excesiva\u201d.<\/p>\n<p>Una de las islas casi fundacionales del archipi\u00e9lago de protectorados es Honduras, cuyo rol de estaci\u00f3n de control estadounidense en Centro Am\u00e9rica la ha condenado a tener uno de los m\u00e1ximos \u00edndices mundiales de violencia homicida y ser una de las naciones m\u00e1s empobrecidas de Am\u00e9rica. All\u00ed la MACCIH, otra misi\u00f3n (esta vez enviada por la OEA\u2013 principal brazo de vigilancia \u201cinteramericana\u201d de Washington) destap\u00f3 la caja de Pandora. El caso no era sorpresa para nadie y la caja era real, en este caso, la de la Secretar\u00eda de Agricultura y Ganader\u00eda a trav\u00e9s de la cual se desviaban fondos para el financiamiento pol\u00edtico del partido Nacional y Liberal. Apenas un mont\u00edculo del iceberg, en un pa\u00eds cuyo presidente fue reelegido contra el mandato constitucional en elecciones fraudulentas, avaladas finalmente por el Departamento de Estado. Un bocadito \u00e1cido pero f\u00e1cilmente digerible en las fauces del imperialismo.<\/p>\n<p>Y as\u00ed Colombia, con un ex funcionario del BID en la presidencia, montado en y por el aparato de poder del latifundismo, los monopolios medi\u00e1ticos y financieros, ha confirmado su papel subordinado y su completa dependencia de la venia norteamericana como socio benjam\u00edn en la OTAN y la OCDE. Un \u201cprotectorado\u201d ocupado, con bases militares y asesor\u00eda directa de la potencia del Norte. Potencia menguante pero a\u00fan potencia al fin.<\/p>\n<p>A todo lo cual pueden agregarse el Estado libre asociado de Paraguay, con m\u00e1s soja que ox\u00edgeno, el enclave haitiano, un polvor\u00edn de condiciones infrahumanas y la nueva adquisici\u00f3n del archipi\u00e9lago, el virreinato del Ecuador, sustra\u00eddo de las garras del populismo mediante maniobras de impostura y traici\u00f3n, falsas consultas y, \u00bfcu\u00e1ndo no?, persecuci\u00f3n judicial a figuras progresistas.<\/p>\n<p><strong>El triste destino de los protectorados imperiales<\/strong><\/p>\n<p>Lejos de ser protegidos \u2013 concepto al cual en teor\u00eda alude el t\u00e9rmino \u201cprotectorado\u201d, los vasallos suelen ser utilizados, esquilmados y desechados despu\u00e9s. Bajo el ala del \u00c1guila no crecen frutos sino cad\u00e1veres, como muestran las tristes experiencias en M\u00e9xico y Colombia, para s\u00f3lo mencionar las m\u00e1s recientes.<\/p>\n<p>Aquellos lugares que son cooptados por los Estados Unidos, suelen convertirse en territorio de pillaje, viendo c\u00f3mo sus activos y reservas financieras, sus recursos naturales m\u00e1s preciados, sus empresas de bandera y su capital de conocimientos son evacuados hacia el Norte, para ser convertidos en numeritos verdes de pizarras electr\u00f3nicas en la Bolsa, para gloria y usufructo de las empresas que se expanden al alero del imperialismo.<\/p>\n<p>El desamparo y desaz\u00f3n social que aquel vaciamiento genera, termina siempre en desesperada pueblada y represi\u00f3n institucional para mantener el \u201corden\u201d, el nuevo y viejo orden en el que al poderoso le corresponde mandar y al pobre la obediencia de por vida.<\/p>\n<p>De este modo esos pa\u00edses se convierten en sombras estatales, cuyas figuras insignes tan s\u00f3lo anhelan ser bien recibidos en Washington, mandar a sus hijos a estudiar a prestigiosas universidades gringas, gastar dinerillos en los negocios de Nueva York y esconderlos en negocios inmobiliarios en Miami o en firmas inexistentes en el Estado de Delaware, Nevada o Montana, mucho mejor resguardados que en la devaluada Panam\u00e1 \u2013 que en su momento reemplaz\u00f3 a Uruguay (otra plaza financiera opaca) como la \u201cSuiza de Am\u00e9rica\u201d y no precisamente por su celo democr\u00e1tico.<\/p>\n<p>La figura de \u201carchipi\u00e9lago\u201d no es ociosa. Los ex estados aludidos suelen ser utilizados para conspirar contra bastiones impertinentes como Venezuela, Bolivia, Cuba o Nicaragua, \u00e9sta \u00faltima ahora en el centro del hurac\u00e1n, luego de haber sido tratada con relativa \u201ctolerancia\u201d por el establishment gringo. Pero sobre todo se ataca a estructuras regionales soberanas, como UNASUR, CELAC o MERCOSUR, que amenazan con desplazar las superestructuras ideadas por el Norte para que todo siga igual.<\/p>\n<p>A la creciente autonom\u00eda relativa, al empoderamiento que supone la articulaci\u00f3n de fuerzas y la reserva de soberan\u00eda que acumulan estas entidades, la estrategia de dominaci\u00f3n opone un plan centr\u00edfugo, corrosivo de los lazos latinoamericanistas.<\/p>\n<p>Trama y gui\u00f3n conspirativos como los de la OEA, el grupo de Lima o la Alianza del Pac\u00edfico son siempre escritos por \u201ctanques de pensamiento\u201d bajo estricta gobernanza de la CIA u otras agencias ad-hoc, suscriptos luego por el Departamento de Estado y entregados a los voceros de los protectorados por correos de la embajada o delfines directos, para que emitan sus \u201cdeclaraciones\u201d.<\/p>\n<p>De esa manera, el \u201cdivide et impera\u201d romano, recupera su m\u00e1ximo esplendor. Los pa\u00edses se vuelven peque\u00f1as islas sin fuerza com\u00fan para impedir el avance corporativo. Aislar a los rebeldes, adem\u00e1s, para someter y evitar el contagio infame de ideas y pr\u00e1cticas solidarias ha sido siempre y es el signo de la actual demolici\u00f3n en Am\u00e9rica Latina, hoy convertida en archipi\u00e9lago.<\/p>\n<p><strong>P\u00e9ndulo hist\u00f3rico<\/strong><\/p>\n<p>Sin embargo, la historia muestra que a cada ciclo de dominaci\u00f3n for\u00e1nea, le corresponde una oleada de altivez contrahegem\u00f3nica. As\u00ed, al turbulento per\u00edodo posterior a las independencias de la Corona espa\u00f1ola, siguieron gobiernos de fuertes personalidades de esp\u00edritu anticolonial como \u00a0las de Rosas en Argentina, Santa Cruz en Bolivia, Francisco Moraz\u00e1n en Centroam\u00e9rica o Santa Anna en M\u00e9jico.<\/p>\n<p>Era mitad del siglo XIX y el expansionismo de Estados Unidos ya compet\u00eda por el predominio con las antiguas potencias coloniales Inglaterra, Francia y la estrella menguante de la hispanidad. A los pretendidos expolios se opusieron entre otros Benito Ju\u00e1rez en M\u00e9xico o Francisco Solano L\u00f3pez en el Paraguay.<\/p>\n<p>Explotaron luego nuevas guerras azuzadas por el colonialismo ingl\u00e9s como la del Pac\u00edfico (o del Guano y el Salitre) o la del Paraguay. EEUU se hizo de Cuba a lo que el latinoamericanismo respondi\u00f3 con la heroica gesta de Mart\u00ed.<\/p>\n<p>El per\u00edodo entreguista de la plutocracia, en las primeras d\u00e9cadas del siglo XX fue desafiado por l\u00edderes plebeyos primero como Zapata o Sandino y luego por gobiernos nacionalistas como los de Siles (Bolivia), Vargas (Brasil) o C\u00e1rdenas en M\u00e9xico.<\/p>\n<p>A la ocupaci\u00f3n imperialista posterior, vinieron tiempos de autoafirmaci\u00f3n con Per\u00f3n, el mismo Vargas, Victor Paz Estenssoro o Jacobo Arbenz. La revoluci\u00f3n cubana de 1959 inaugur\u00f3 un nuevo per\u00edodo y signo de resistencia ante el renovado embate de Estados Unidos en la primera etapa de la guerra fr\u00eda. Llegar\u00edan o se eternizar\u00edan nuevas dictaduras cipayas y restauraciones olig\u00e1rquicas, a las que la rebeli\u00f3n popular opondr\u00eda nuevos movimientos nacionalistas o revolucionarios en Bolivia, Per\u00fa, Ecuador y Nicaragua. La revoluci\u00f3n sandinista de 1979\u00a0 &#8211; casi al mismo tiempo del derrocamiento del sha persa en otras latitudes \u2013 fue una nueva se\u00f1al de alarma para el imperio, que, una vez m\u00e1s, hizo correr sangre.<\/p>\n<p>La independencia y la justicia social asomar\u00edan nuevamente en el alzamiento zapatista y encontrar\u00edan en Hugo Ch\u00e1vez una figura fundamental. Emerger\u00edan entonces gobiernos progresistas y populares como contracara del despojo privatista de las dos \u00faltimas d\u00e9cadas del siglo pasado.<\/p>\n<p>Ahora estamos ante un nuevo reflujo con parciales victorias del capital, pero ya comienzan a avizorarse las nuevas resistencias. Una vez m\u00e1s M\u00e9xico con el triunfo de L\u00f3pez Obrador ha sido la gran se\u00f1al.<\/p>\n<p><strong>La soberan\u00eda integracionista, el signo del \u00a0nuevo nacionalismo<\/strong><\/p>\n<p>En el mundo soplan fuerte los vientos nacionalistas, corrientes que, en su gran mayor\u00eda, aglutinan en sentido discriminador y retr\u00f3grado, producto de la decadencia del sistema, la asfixia globalizante y la inseguridad sobre el futuro.<\/p>\n<p>Sin embargo, las condiciones interconectadas de la actual civilizaci\u00f3n &#8211; la primera que nace a escala planetaria &#8211; hacen que los actuales nacionalismos de diferenciaci\u00f3n y enclaustramiento no puedan progresar, aunque s\u00ed de momento, proliferar reactiva- y peligrosamente.<\/p>\n<p>Posiblemente la respuesta a este tiempo sea un nuevo nacionalismo incluyente, articulador de la diferencia, un nacionalismo cuyo esp\u00edritu de soberan\u00eda tender\u00e1 a integrar la diversidad, a fortalecer la unidad sin abandonar ni anonadar las identidades culturales propias de cada pueblo.<\/p>\n<p>Es el tiempo del regionalismo de los pueblos, una nueva etapa de conjunci\u00f3n regional avanzada, superadora\u00a0 del esquema interestatal dependiente de los intereses del poder dominante en cada uno de sus pa\u00edses integrantes.<\/p>\n<p>Es un tiempo de renovada participaci\u00f3n popular, de profundizaci\u00f3n democr\u00e1tica, de autogesti\u00f3n, de construcci\u00f3n de un nuevo tejido social desde la autonom\u00eda.<\/p>\n<p>Desde esa conciencia hoy ya instalada en muchas franjas sociales y sobre todo creciente en las nuevas generaciones, comenzar\u00e1 la nueva oleada de transformaciones, hacia nuevos paradigmas de organizaci\u00f3n soberana, integradora, sin fronteras y con espacio para la articulaci\u00f3n creativa de las diferencias.<\/p>\n<p><a href=\"#_ftnref1\" name=\"_ftn1\">[1]<\/a> Cretino: \u201cest\u00fapido\u201d, \u201cnecio\u201d o \u201ccon falta de talento\u201d seg\u00fan la RAE.<\/p>\n","protected":false},"excerpt":{"rendered":"<p>Bajo la \u00e9gida de gestiones neoliberales &#8211; el calificativo \u201cgobierno\u201d les queda grande &#8211; varios pa\u00edses de Am\u00e9rica Latina y el Caribe han vuelto a la categor\u00eda de \u201cprotectorados\u201d. No se trata de figuras literarias sino de pura y dura&hellip;<\/p>\n","protected":false},"author":970,"featured_media":684496,"comment_status":"closed","ping_status":"closed","sticky":false,"template":"","format":"standard","meta":{"footnotes":""},"categories":[69,76,11389,68,161,67],"tags":[20867,18412,21348,48450,15685],"class_list":["post-684489","post","type-post","status-publish","format-standard","has-post-thumbnail","hentry","category-america-central","category-relaciones-exteriores","category-contenido-original","category-norteamerica","category-opiniones","category-sudamerica","tag-integracion-regional","tag-movimientos-populares","tag-nacionalismos","tag-protectorado","tag-soberania"],"yoast_head":"<!-- This site is optimized with the Yoast SEO plugin v27.1.1 - https:\/\/yoast.com\/product\/yoast-seo-wordpress\/ -->\n<title>El archipi\u00e9lago de nuevos protectorados en Latinoam\u00e9rica y su previsible final<\/title>\n<meta name=\"description\" content=\"Bajo la \u00e9gida de gestiones neoliberales - el calificativo \u201cgobierno\u201d les queda grande - varios pa\u00edses de Am\u00e9rica Latina y el Caribe han vuelto a la\" \/>\n<meta name=\"robots\" content=\"index, follow, max-snippet:-1, max-image-preview:large, max-video-preview:-1\" \/>\n<link rel=\"canonical\" href=\"https:\/\/www.pressenza.com\/es\/2018\/07\/el-archipielago-de-nuevos-protectorados-en-latinoamerica-y-su-previsible-final\/\" \/>\n<meta property=\"og:locale\" content=\"es_ES\" \/>\n<meta property=\"og:type\" content=\"article\" \/>\n<meta property=\"og:title\" content=\"El archipi\u00e9lago de nuevos protectorados en Latinoam\u00e9rica y su previsible final\" \/>\n<meta property=\"og:description\" content=\"Bajo la \u00e9gida de gestiones neoliberales - el calificativo \u201cgobierno\u201d les queda grande - varios pa\u00edses de Am\u00e9rica Latina y el Caribe han vuelto a la\" \/>\n<meta property=\"og:url\" content=\"https:\/\/www.pressenza.com\/es\/2018\/07\/el-archipielago-de-nuevos-protectorados-en-latinoamerica-y-su-previsible-final\/\" \/>\n<meta property=\"og:site_name\" content=\"Pressenza\" \/>\n<meta property=\"article:publisher\" content=\"https:\/\/www.facebook.com\/PressenzaItalia\" \/>\n<meta property=\"article:author\" content=\"https:\/\/www.facebook.com\/javier.tolcachier?fref=ts\" \/>\n<meta property=\"article:published_time\" content=\"2018-07-30T01:48:21+00:00\" \/>\n<meta property=\"og:image\" content=\"https:\/\/www.pressenza.com\/wp-content\/uploads\/2018\/07\/roca-buitre.jpg\" \/>\n\t<meta property=\"og:image:width\" content=\"1008\" \/>\n\t<meta property=\"og:image:height\" content=\"1364\" \/>\n\t<meta property=\"og:image:type\" content=\"image\/jpeg\" \/>\n<meta name=\"author\" content=\"Javier Tolcachier\" \/>\n<meta name=\"twitter:card\" content=\"summary_large_image\" \/>\n<meta name=\"twitter:creator\" content=\"@jtolcachier\" \/>\n<meta name=\"twitter:site\" content=\"@PressenzaIPA\" \/>\n<meta name=\"twitter:label1\" content=\"Escrito por\" \/>\n\t<meta name=\"twitter:data1\" content=\"Javier Tolcachier\" \/>\n\t<meta name=\"twitter:label2\" content=\"Tiempo de lectura\" \/>\n\t<meta name=\"twitter:data2\" content=\"10 minutos\" \/>\n<script type=\"application\/ld+json\" class=\"yoast-schema-graph\">{\"@context\":\"https:\/\/schema.org\",\"@graph\":[{\"@type\":\"Article\",\"@id\":\"https:\/\/www.pressenza.com\/es\/2018\/07\/el-archipielago-de-nuevos-protectorados-en-latinoamerica-y-su-previsible-final\/#article\",\"isPartOf\":{\"@id\":\"https:\/\/www.pressenza.com\/es\/2018\/07\/el-archipielago-de-nuevos-protectorados-en-latinoamerica-y-su-previsible-final\/\"},\"author\":{\"name\":\"Javier Tolcachier\",\"@id\":\"https:\/\/www.pressenza.com\/es\/#\/schema\/person\/f353f6d4eed144101dedba60e6227564\"},\"headline\":\"El archipi\u00e9lago de nuevos protectorados en Latinoam\u00e9rica y su previsible final\",\"datePublished\":\"2018-07-30T01:48:21+00:00\",\"mainEntityOfPage\":{\"@id\":\"https:\/\/www.pressenza.com\/es\/2018\/07\/el-archipielago-de-nuevos-protectorados-en-latinoamerica-y-su-previsible-final\/\"},\"wordCount\":1990,\"publisher\":{\"@id\":\"https:\/\/www.pressenza.com\/es\/#organization\"},\"image\":{\"@id\":\"https:\/\/www.pressenza.com\/es\/2018\/07\/el-archipielago-de-nuevos-protectorados-en-latinoamerica-y-su-previsible-final\/#primaryimage\"},\"thumbnailUrl\":\"https:\/\/www.pressenza.com\/wp-content\/uploads\/2018\/07\/roca-buitre.jpg\",\"keywords\":[\"integraci\u00f3n regional\",\"Movimientos populares\",\"nacionalismos\",\"protectorado\",\"soberan\u00eda\"],\"articleSection\":[\"Am\u00e9rica Central\",\"Asuntos internacionales\",\"Contenido Original\",\"Norteam\u00e9rica\",\"Opiniones\",\"Sudam\u00e9rica\"],\"inLanguage\":\"es\"},{\"@type\":\"WebPage\",\"@id\":\"https:\/\/www.pressenza.com\/es\/2018\/07\/el-archipielago-de-nuevos-protectorados-en-latinoamerica-y-su-previsible-final\/\",\"url\":\"https:\/\/www.pressenza.com\/es\/2018\/07\/el-archipielago-de-nuevos-protectorados-en-latinoamerica-y-su-previsible-final\/\",\"name\":\"El archipi\u00e9lago de nuevos protectorados en Latinoam\u00e9rica y su previsible final\",\"isPartOf\":{\"@id\":\"https:\/\/www.pressenza.com\/es\/#website\"},\"primaryImageOfPage\":{\"@id\":\"https:\/\/www.pressenza.com\/es\/2018\/07\/el-archipielago-de-nuevos-protectorados-en-latinoamerica-y-su-previsible-final\/#primaryimage\"},\"image\":{\"@id\":\"https:\/\/www.pressenza.com\/es\/2018\/07\/el-archipielago-de-nuevos-protectorados-en-latinoamerica-y-su-previsible-final\/#primaryimage\"},\"thumbnailUrl\":\"https:\/\/www.pressenza.com\/wp-content\/uploads\/2018\/07\/roca-buitre.jpg\",\"datePublished\":\"2018-07-30T01:48:21+00:00\",\"description\":\"Bajo la \u00e9gida de gestiones neoliberales - el calificativo \u201cgobierno\u201d les queda grande - varios pa\u00edses de Am\u00e9rica Latina y el Caribe han vuelto a la\",\"breadcrumb\":{\"@id\":\"https:\/\/www.pressenza.com\/es\/2018\/07\/el-archipielago-de-nuevos-protectorados-en-latinoamerica-y-su-previsible-final\/#breadcrumb\"},\"inLanguage\":\"es\",\"potentialAction\":[{\"@type\":\"ReadAction\",\"target\":[\"https:\/\/www.pressenza.com\/es\/2018\/07\/el-archipielago-de-nuevos-protectorados-en-latinoamerica-y-su-previsible-final\/\"]}]},{\"@type\":\"ImageObject\",\"inLanguage\":\"es\",\"@id\":\"https:\/\/www.pressenza.com\/es\/2018\/07\/el-archipielago-de-nuevos-protectorados-en-latinoamerica-y-su-previsible-final\/#primaryimage\",\"url\":\"https:\/\/www.pressenza.com\/wp-content\/uploads\/2018\/07\/roca-buitre.jpg\",\"contentUrl\":\"https:\/\/www.pressenza.com\/wp-content\/uploads\/2018\/07\/roca-buitre.jpg\",\"width\":1008,\"height\":1364},{\"@type\":\"BreadcrumbList\",\"@id\":\"https:\/\/www.pressenza.com\/es\/2018\/07\/el-archipielago-de-nuevos-protectorados-en-latinoamerica-y-su-previsible-final\/#breadcrumb\",\"itemListElement\":[{\"@type\":\"ListItem\",\"position\":1,\"name\":\"Accueil\",\"item\":\"https:\/\/www.pressenza.com\/es\/\"},{\"@type\":\"ListItem\",\"position\":2,\"name\":\"El archipi\u00e9lago de nuevos protectorados en Latinoam\u00e9rica y su previsible final\"}]},{\"@type\":\"WebSite\",\"@id\":\"https:\/\/www.pressenza.com\/es\/#website\",\"url\":\"https:\/\/www.pressenza.com\/es\/\",\"name\":\"Pressenza\",\"description\":\"International Press Agency\",\"publisher\":{\"@id\":\"https:\/\/www.pressenza.com\/es\/#organization\"},\"potentialAction\":[{\"@type\":\"SearchAction\",\"target\":{\"@type\":\"EntryPoint\",\"urlTemplate\":\"https:\/\/www.pressenza.com\/es\/?s={search_term_string}\"},\"query-input\":{\"@type\":\"PropertyValueSpecification\",\"valueRequired\":true,\"valueName\":\"search_term_string\"}}],\"inLanguage\":\"es\"},{\"@type\":\"Organization\",\"@id\":\"https:\/\/www.pressenza.com\/es\/#organization\",\"name\":\"Pressenza\",\"url\":\"https:\/\/www.pressenza.com\/es\/\",\"logo\":{\"@type\":\"ImageObject\",\"inLanguage\":\"es\",\"@id\":\"https:\/\/www.pressenza.com\/es\/#\/schema\/logo\/image\/\",\"url\":\"https:\/\/www.pressenza.com\/wp-content\/uploads\/2022\/10\/pressenza_logo_200x200.jpg\",\"contentUrl\":\"https:\/\/www.pressenza.com\/wp-content\/uploads\/2022\/10\/pressenza_logo_200x200.jpg\",\"width\":200,\"height\":200,\"caption\":\"Pressenza\"},\"image\":{\"@id\":\"https:\/\/www.pressenza.com\/es\/#\/schema\/logo\/image\/\"},\"sameAs\":[\"https:\/\/www.facebook.com\/PressenzaItalia\",\"https:\/\/x.com\/PressenzaIPA\"]},{\"@type\":\"Person\",\"@id\":\"https:\/\/www.pressenza.com\/es\/#\/schema\/person\/f353f6d4eed144101dedba60e6227564\",\"name\":\"Javier Tolcachier\",\"description\":\"Javier Tolcachier is a researcher from the World Centre of Humanist Studies, an organism of the Humanist Movement. Mail: javiertolcachier@disroot.org Twitter: @jtolcachier\",\"sameAs\":[\"https:\/\/www.facebook.com\/javier.tolcachier?fref=ts\",\"https:\/\/x.com\/jtolcachier\"],\"url\":\"https:\/\/www.pressenza.com\/es\/author\/javier-tolcachier\/\"}]}<\/script>\n<!-- \/ Yoast SEO plugin. -->","yoast_head_json":{"title":"El archipi\u00e9lago de nuevos protectorados en Latinoam\u00e9rica y su previsible final","description":"Bajo la \u00e9gida de gestiones neoliberales - el calificativo \u201cgobierno\u201d les queda grande - varios pa\u00edses de Am\u00e9rica Latina y el Caribe han vuelto a la","robots":{"index":"index","follow":"follow","max-snippet":"max-snippet:-1","max-image-preview":"max-image-preview:large","max-video-preview":"max-video-preview:-1"},"canonical":"https:\/\/www.pressenza.com\/es\/2018\/07\/el-archipielago-de-nuevos-protectorados-en-latinoamerica-y-su-previsible-final\/","og_locale":"es_ES","og_type":"article","og_title":"El archipi\u00e9lago de nuevos protectorados en Latinoam\u00e9rica y su previsible final","og_description":"Bajo la \u00e9gida de gestiones neoliberales - el calificativo \u201cgobierno\u201d les queda grande - varios pa\u00edses de Am\u00e9rica Latina y el Caribe han vuelto a la","og_url":"https:\/\/www.pressenza.com\/es\/2018\/07\/el-archipielago-de-nuevos-protectorados-en-latinoamerica-y-su-previsible-final\/","og_site_name":"Pressenza","article_publisher":"https:\/\/www.facebook.com\/PressenzaItalia","article_author":"https:\/\/www.facebook.com\/javier.tolcachier?fref=ts","article_published_time":"2018-07-30T01:48:21+00:00","og_image":[{"width":1008,"height":1364,"url":"https:\/\/www.pressenza.com\/wp-content\/uploads\/2018\/07\/roca-buitre.jpg","type":"image\/jpeg"}],"author":"Javier Tolcachier","twitter_card":"summary_large_image","twitter_creator":"@jtolcachier","twitter_site":"@PressenzaIPA","twitter_misc":{"Escrito por":"Javier Tolcachier","Tiempo de lectura":"10 minutos"},"schema":{"@context":"https:\/\/schema.org","@graph":[{"@type":"Article","@id":"https:\/\/www.pressenza.com\/es\/2018\/07\/el-archipielago-de-nuevos-protectorados-en-latinoamerica-y-su-previsible-final\/#article","isPartOf":{"@id":"https:\/\/www.pressenza.com\/es\/2018\/07\/el-archipielago-de-nuevos-protectorados-en-latinoamerica-y-su-previsible-final\/"},"author":{"name":"Javier Tolcachier","@id":"https:\/\/www.pressenza.com\/es\/#\/schema\/person\/f353f6d4eed144101dedba60e6227564"},"headline":"El archipi\u00e9lago de nuevos protectorados en Latinoam\u00e9rica y su previsible final","datePublished":"2018-07-30T01:48:21+00:00","mainEntityOfPage":{"@id":"https:\/\/www.pressenza.com\/es\/2018\/07\/el-archipielago-de-nuevos-protectorados-en-latinoamerica-y-su-previsible-final\/"},"wordCount":1990,"publisher":{"@id":"https:\/\/www.pressenza.com\/es\/#organization"},"image":{"@id":"https:\/\/www.pressenza.com\/es\/2018\/07\/el-archipielago-de-nuevos-protectorados-en-latinoamerica-y-su-previsible-final\/#primaryimage"},"thumbnailUrl":"https:\/\/www.pressenza.com\/wp-content\/uploads\/2018\/07\/roca-buitre.jpg","keywords":["integraci\u00f3n regional","Movimientos populares","nacionalismos","protectorado","soberan\u00eda"],"articleSection":["Am\u00e9rica Central","Asuntos internacionales","Contenido Original","Norteam\u00e9rica","Opiniones","Sudam\u00e9rica"],"inLanguage":"es"},{"@type":"WebPage","@id":"https:\/\/www.pressenza.com\/es\/2018\/07\/el-archipielago-de-nuevos-protectorados-en-latinoamerica-y-su-previsible-final\/","url":"https:\/\/www.pressenza.com\/es\/2018\/07\/el-archipielago-de-nuevos-protectorados-en-latinoamerica-y-su-previsible-final\/","name":"El archipi\u00e9lago de nuevos protectorados en Latinoam\u00e9rica y su previsible final","isPartOf":{"@id":"https:\/\/www.pressenza.com\/es\/#website"},"primaryImageOfPage":{"@id":"https:\/\/www.pressenza.com\/es\/2018\/07\/el-archipielago-de-nuevos-protectorados-en-latinoamerica-y-su-previsible-final\/#primaryimage"},"image":{"@id":"https:\/\/www.pressenza.com\/es\/2018\/07\/el-archipielago-de-nuevos-protectorados-en-latinoamerica-y-su-previsible-final\/#primaryimage"},"thumbnailUrl":"https:\/\/www.pressenza.com\/wp-content\/uploads\/2018\/07\/roca-buitre.jpg","datePublished":"2018-07-30T01:48:21+00:00","description":"Bajo la \u00e9gida de gestiones neoliberales - el calificativo \u201cgobierno\u201d les queda grande - varios pa\u00edses de Am\u00e9rica Latina y el Caribe han vuelto a la","breadcrumb":{"@id":"https:\/\/www.pressenza.com\/es\/2018\/07\/el-archipielago-de-nuevos-protectorados-en-latinoamerica-y-su-previsible-final\/#breadcrumb"},"inLanguage":"es","potentialAction":[{"@type":"ReadAction","target":["https:\/\/www.pressenza.com\/es\/2018\/07\/el-archipielago-de-nuevos-protectorados-en-latinoamerica-y-su-previsible-final\/"]}]},{"@type":"ImageObject","inLanguage":"es","@id":"https:\/\/www.pressenza.com\/es\/2018\/07\/el-archipielago-de-nuevos-protectorados-en-latinoamerica-y-su-previsible-final\/#primaryimage","url":"https:\/\/www.pressenza.com\/wp-content\/uploads\/2018\/07\/roca-buitre.jpg","contentUrl":"https:\/\/www.pressenza.com\/wp-content\/uploads\/2018\/07\/roca-buitre.jpg","width":1008,"height":1364},{"@type":"BreadcrumbList","@id":"https:\/\/www.pressenza.com\/es\/2018\/07\/el-archipielago-de-nuevos-protectorados-en-latinoamerica-y-su-previsible-final\/#breadcrumb","itemListElement":[{"@type":"ListItem","position":1,"name":"Accueil","item":"https:\/\/www.pressenza.com\/es\/"},{"@type":"ListItem","position":2,"name":"El archipi\u00e9lago de nuevos protectorados en Latinoam\u00e9rica y su previsible final"}]},{"@type":"WebSite","@id":"https:\/\/www.pressenza.com\/es\/#website","url":"https:\/\/www.pressenza.com\/es\/","name":"Pressenza","description":"International Press Agency","publisher":{"@id":"https:\/\/www.pressenza.com\/es\/#organization"},"potentialAction":[{"@type":"SearchAction","target":{"@type":"EntryPoint","urlTemplate":"https:\/\/www.pressenza.com\/es\/?s={search_term_string}"},"query-input":{"@type":"PropertyValueSpecification","valueRequired":true,"valueName":"search_term_string"}}],"inLanguage":"es"},{"@type":"Organization","@id":"https:\/\/www.pressenza.com\/es\/#organization","name":"Pressenza","url":"https:\/\/www.pressenza.com\/es\/","logo":{"@type":"ImageObject","inLanguage":"es","@id":"https:\/\/www.pressenza.com\/es\/#\/schema\/logo\/image\/","url":"https:\/\/www.pressenza.com\/wp-content\/uploads\/2022\/10\/pressenza_logo_200x200.jpg","contentUrl":"https:\/\/www.pressenza.com\/wp-content\/uploads\/2022\/10\/pressenza_logo_200x200.jpg","width":200,"height":200,"caption":"Pressenza"},"image":{"@id":"https:\/\/www.pressenza.com\/es\/#\/schema\/logo\/image\/"},"sameAs":["https:\/\/www.facebook.com\/PressenzaItalia","https:\/\/x.com\/PressenzaIPA"]},{"@type":"Person","@id":"https:\/\/www.pressenza.com\/es\/#\/schema\/person\/f353f6d4eed144101dedba60e6227564","name":"Javier Tolcachier","description":"Javier Tolcachier is a researcher from the World Centre of Humanist Studies, an organism of the Humanist Movement. Mail: javiertolcachier@disroot.org Twitter: @jtolcachier","sameAs":["https:\/\/www.facebook.com\/javier.tolcachier?fref=ts","https:\/\/x.com\/jtolcachier"],"url":"https:\/\/www.pressenza.com\/es\/author\/javier-tolcachier\/"}]}},"place":"","original_article_url":"","_links":{"self":[{"href":"https:\/\/www.pressenza.com\/es\/wp-json\/wp\/v2\/posts\/684489","targetHints":{"allow":["GET"]}}],"collection":[{"href":"https:\/\/www.pressenza.com\/es\/wp-json\/wp\/v2\/posts"}],"about":[{"href":"https:\/\/www.pressenza.com\/es\/wp-json\/wp\/v2\/types\/post"}],"author":[{"embeddable":true,"href":"https:\/\/www.pressenza.com\/es\/wp-json\/wp\/v2\/users\/970"}],"replies":[{"embeddable":true,"href":"https:\/\/www.pressenza.com\/es\/wp-json\/wp\/v2\/comments?post=684489"}],"version-history":[{"count":0,"href":"https:\/\/www.pressenza.com\/es\/wp-json\/wp\/v2\/posts\/684489\/revisions"}],"wp:featuredmedia":[{"embeddable":true,"href":"https:\/\/www.pressenza.com\/es\/wp-json\/wp\/v2\/media\/684496"}],"wp:attachment":[{"href":"https:\/\/www.pressenza.com\/es\/wp-json\/wp\/v2\/media?parent=684489"}],"wp:term":[{"taxonomy":"category","embeddable":true,"href":"https:\/\/www.pressenza.com\/es\/wp-json\/wp\/v2\/categories?post=684489"},{"taxonomy":"post_tag","embeddable":true,"href":"https:\/\/www.pressenza.com\/es\/wp-json\/wp\/v2\/tags?post=684489"}],"curies":[{"name":"wp","href":"https:\/\/api.w.org\/{rel}","templated":true}]}}