{"id":683,"date":"2009-07-09T00:00:00","date_gmt":"2009-07-09T00:00:00","guid":{"rendered":""},"modified":"2009-09-28T05:01:03","modified_gmt":"2009-09-28T05:01:03","slug":"italiax-cumbre-j-8x-los-jxvenes-hablan","status":"publish","type":"post","link":"https:\/\/www.pressenza.com\/es\/2009\/07\/italiax-cumbre-j-8x-los-jxvenes-hablan\/","title":{"rendered":"Italia: Cumbre J-8, los j\u00f3venes hablan"},"content":{"rendered":"<p>En el d\u00eda de hoy, un grupo escogido de j\u00f3venes presentar\u00e1 personalmente las recomendaciones acordadas a los l\u00edderes mundiales participantes en la Cumbre del Grupo de los 8, que tambi\u00e9n se lleva a cabo en Italia.<\/p>\n<p>La cumbre juvenil se inaugur\u00f3 el pasado domingo con una conferencia de prensa presidida por el italiano Lorenzo Casullo, que hab\u00eda participado en una Cumbre J\u00fanior 8 anterior. Tambi\u00e9n estaban presentes en la reuni\u00f3n de prensa varios altos funcionarios del Gobierno de Italia y de UNICEF, adem\u00e1s de cuatro j\u00f3venes italianos.<\/p>\n<p>El discurso de clausura de la conferencia estuvo a cargo de otra ex participante del J-8, la brasile\u00f1a Fernanda Winter, que afirm\u00f3: *\u00bbEsperamos que los dirigentes pol\u00edticos y los l\u00edderes mundiales asuman el compromiso de escucharnos y de garantizar la continuidad de los importantes espacios de participaci\u00f3n, como el J-8&#8243;*.<\/p>\n<p>La Cumbre J\u00fanior 8 se desarrolla de manera paralela a la reuni\u00f3n del Grupo de los 8. En la Cumbre J\u00fanior 8 de este a\u00f1o participan 54 delegados en representaci\u00f3n de los pa\u00edses del G8 -Italia, Canad\u00e1, Francia, Alemania, Jap\u00f3n, Rusia, Reino Unido y Estados Unidos- y de varias naciones que no pertenecen a ese grupo, como Brasil, China, Egipto, la India, M\u00e9xico y Sud\u00e1frica.<\/p>\n<p>Los dirigentes juveniles comenzaron sus actividades el fin de semana pasado, cuando montaron guardia frente a una gigantesca oreja de papel mach\u00e9 que hab\u00edan instalado frente al Coliseo romano para alentar a los l\u00edderes del Grupo de los 8 a que presten atenci\u00f3n a las voces de los j\u00f3venes. Ante la mirada atenta de romanos y turistas, los j\u00f3venes fueron anotando una serie de consejos que quieren darles a los dirigentes mundiales con quienes se reunir\u00e1n en breve. Los j\u00f3venes formaron fila y fueron depositando uno a uno las notas que hab\u00edan escrito en la oreja gigante.<\/p>\n<p>Al d\u00eda siguiente, los j\u00f3venes comenzaron a trabajar intensamente y pronto estaban inmersos en apasionados debates sobre lo que se debe hacer para mejorar las condiciones de vida en todo el mundo.<\/p>\n<p>*\u00bbAl afirmar nuestros derechos, como integrantes de la comunidad J\u00fanior 8 de diversas nacionalidades, debemos comprender que todos tenemos los mismos derechos y que somos iguales\u00bb*, coment\u00f3 Richmond Mahlubandile Sajini, de Sud\u00e1frica.<\/p>\n<p>Los participantes en la Cumbre J\u00fanior 8 dedicar\u00e1n la mayor parte del tiempo previo a su reuni\u00f3n con los dirigentes mundiales para preparar recomendaciones referidas al cambio clim\u00e1tico, el desarrollo de \u00c1frica, la crisis econ\u00f3mica mundial y la educaci\u00f3n de buena calidad.<\/p>\n<p>Dado que millones de ni\u00f1os y ni\u00f1as menores de cinco a\u00f1os mueren anualmente por causas generalmente prevenibles, sus recomendaciones podr\u00edan tener profundas consecuencias. A medida que van avanzando hacia un acuerdo sobre sus recomendaciones, los j\u00f3venes delegados se proponen metas ambiciosas.<\/p>\n<p>*\u00bbSi la humanidad pudo enviar un hombre a la luna, deber\u00eda ser capaz de resolver los problemas humanitarios que afrontamos\u00bb*, coment\u00f3 Daniel Morales, un delegado estadounidense de 15 a\u00f1os de edad.<\/p>\n","protected":false},"excerpt":{"rendered":"<p>Un conjunto de j\u00f3venes de diversas partes del mundo se encuentran estos d\u00edas en la capital de Italia donde participan en la Cumbre J\u00fanior 8, una conferencia de una semana de duraci\u00f3n en la que los j\u00f3venes intercambian ideas y opiniones acerca de cu\u00e1les son las mejores maneras de mejorar la situaci\u00f3n mundial de los ni\u00f1os y ni\u00f1as. Hoy presentar\u00e1n sus recomendaciones a los l\u00edderes del G-8.<\/p>\n","protected":false},"author":19,"featured_media":0,"comment_status":"closed","ping_status":"open","sticky":false,"template":"","format":"standard","meta":{"footnotes":""},"categories":[75,66,39],"tags":[],"class_list":["post-683","post","type-post","status-publish","format-standard","hentry","category-cultura-es","category-europa-es","category-internacional"],"yoast_head":"<!-- This site is optimized with the Yoast SEO plugin v27.1.1 - https:\/\/yoast.com\/product\/yoast-seo-wordpress\/ -->\n<title>Italia: Cumbre J-8, los j\u00f3venes hablan<\/title>\n<meta name=\"description\" content=\"Un conjunto de j\u00f3venes de diversas partes del mundo se encuentran estos d\u00edas en la capital de Italia donde participan en la Cumbre J\u00fanior 8, una conferencia de una semana de duraci\u00f3n en la que los j\u00f3venes intercambian ideas y opiniones acerca de cu\u00e1les son las mejores maneras de mejorar la situaci\u00f3n mundial de los ni\u00f1os y ni\u00f1as. Hoy presentar\u00e1n sus recomendaciones a los l\u00edderes del G-8.\" \/>\n<meta name=\"robots\" content=\"index, follow, max-snippet:-1, max-image-preview:large, max-video-preview:-1\" \/>\n<link rel=\"canonical\" href=\"https:\/\/www.pressenza.com\/es\/2009\/07\/italiax-cumbre-j-8x-los-jxvenes-hablan\/\" \/>\n<meta property=\"og:locale\" content=\"es_ES\" \/>\n<meta property=\"og:type\" content=\"article\" \/>\n<meta property=\"og:title\" content=\"Italia: Cumbre J-8, los j\u00f3venes hablan\" \/>\n<meta property=\"og:description\" content=\"Un conjunto de j\u00f3venes de diversas partes del mundo se encuentran estos d\u00edas en la capital de Italia donde participan en la Cumbre J\u00fanior 8, una conferencia de una semana de duraci\u00f3n en la que los j\u00f3venes intercambian ideas y opiniones acerca de cu\u00e1les son las mejores maneras de mejorar la situaci\u00f3n mundial de los ni\u00f1os y ni\u00f1as. Hoy presentar\u00e1n sus recomendaciones a los l\u00edderes del G-8.\" \/>\n<meta property=\"og:url\" content=\"https:\/\/www.pressenza.com\/es\/2009\/07\/italiax-cumbre-j-8x-los-jxvenes-hablan\/\" \/>\n<meta property=\"og:site_name\" content=\"Pressenza\" \/>\n<meta property=\"article:publisher\" content=\"https:\/\/www.facebook.com\/PressenzaItalia\" \/>\n<meta property=\"article:author\" content=\"https:\/\/www.facebook.com\/pressenza\" \/>\n<meta property=\"article:published_time\" content=\"2009-07-09T00:00:00+00:00\" \/>\n<meta property=\"article:modified_time\" content=\"2009-09-28T05:01:03+00:00\" \/>\n<meta name=\"author\" content=\"Pressenza IPA\" \/>\n<meta name=\"twitter:card\" content=\"summary_large_image\" \/>\n<meta name=\"twitter:creator\" content=\"@PressenzaIPA\" \/>\n<meta name=\"twitter:site\" content=\"@PressenzaIPA\" \/>\n<meta name=\"twitter:label1\" content=\"Escrito por\" \/>\n\t<meta name=\"twitter:data1\" content=\"Pressenza IPA\" \/>\n\t<meta name=\"twitter:label2\" content=\"Tiempo de lectura\" \/>\n\t<meta name=\"twitter:data2\" content=\"3 minutos\" \/>\n<script type=\"application\/ld+json\" class=\"yoast-schema-graph\">{\"@context\":\"https:\/\/schema.org\",\"@graph\":[{\"@type\":\"Article\",\"@id\":\"https:\/\/www.pressenza.com\/es\/2009\/07\/italiax-cumbre-j-8x-los-jxvenes-hablan\/#article\",\"isPartOf\":{\"@id\":\"https:\/\/www.pressenza.com\/es\/2009\/07\/italiax-cumbre-j-8x-los-jxvenes-hablan\/\"},\"author\":{\"name\":\"Pressenza IPA\",\"@id\":\"https:\/\/www.pressenza.com\/es\/#\/schema\/person\/010e5d02bcf40965427a1289a4cc8d75\"},\"headline\":\"Italia: Cumbre J-8, los j\u00f3venes hablan\",\"datePublished\":\"2009-07-09T00:00:00+00:00\",\"dateModified\":\"2009-09-28T05:01:03+00:00\",\"mainEntityOfPage\":{\"@id\":\"https:\/\/www.pressenza.com\/es\/2009\/07\/italiax-cumbre-j-8x-los-jxvenes-hablan\/\"},\"wordCount\":522,\"publisher\":{\"@id\":\"https:\/\/www.pressenza.com\/es\/#organization\"},\"articleSection\":[\"Cultura y Medios\",\"Europa\",\"Internacional\"],\"inLanguage\":\"es\"},{\"@type\":\"WebPage\",\"@id\":\"https:\/\/www.pressenza.com\/es\/2009\/07\/italiax-cumbre-j-8x-los-jxvenes-hablan\/\",\"url\":\"https:\/\/www.pressenza.com\/es\/2009\/07\/italiax-cumbre-j-8x-los-jxvenes-hablan\/\",\"name\":\"Italia: Cumbre J-8, los j\u00f3venes hablan\",\"isPartOf\":{\"@id\":\"https:\/\/www.pressenza.com\/es\/#website\"},\"datePublished\":\"2009-07-09T00:00:00+00:00\",\"dateModified\":\"2009-09-28T05:01:03+00:00\",\"description\":\"Un conjunto de j\u00f3venes de diversas partes del mundo se encuentran estos d\u00edas en la capital de Italia donde participan en la Cumbre J\u00fanior 8, una conferencia de una semana de duraci\u00f3n en la que los j\u00f3venes intercambian ideas y opiniones acerca de cu\u00e1les son las mejores maneras de mejorar la situaci\u00f3n mundial de los ni\u00f1os y ni\u00f1as. Hoy presentar\u00e1n sus recomendaciones a los l\u00edderes del G-8.\",\"breadcrumb\":{\"@id\":\"https:\/\/www.pressenza.com\/es\/2009\/07\/italiax-cumbre-j-8x-los-jxvenes-hablan\/#breadcrumb\"},\"inLanguage\":\"es\",\"potentialAction\":[{\"@type\":\"ReadAction\",\"target\":[\"https:\/\/www.pressenza.com\/es\/2009\/07\/italiax-cumbre-j-8x-los-jxvenes-hablan\/\"]}]},{\"@type\":\"BreadcrumbList\",\"@id\":\"https:\/\/www.pressenza.com\/es\/2009\/07\/italiax-cumbre-j-8x-los-jxvenes-hablan\/#breadcrumb\",\"itemListElement\":[{\"@type\":\"ListItem\",\"position\":1,\"name\":\"Accueil\",\"item\":\"https:\/\/www.pressenza.com\/es\/\"},{\"@type\":\"ListItem\",\"position\":2,\"name\":\"Italia: Cumbre J-8, los j\u00f3venes hablan\"}]},{\"@type\":\"WebSite\",\"@id\":\"https:\/\/www.pressenza.com\/es\/#website\",\"url\":\"https:\/\/www.pressenza.com\/es\/\",\"name\":\"Pressenza\",\"description\":\"International Press Agency\",\"publisher\":{\"@id\":\"https:\/\/www.pressenza.com\/es\/#organization\"},\"potentialAction\":[{\"@type\":\"SearchAction\",\"target\":{\"@type\":\"EntryPoint\",\"urlTemplate\":\"https:\/\/www.pressenza.com\/es\/?s={search_term_string}\"},\"query-input\":{\"@type\":\"PropertyValueSpecification\",\"valueRequired\":true,\"valueName\":\"search_term_string\"}}],\"inLanguage\":\"es\"},{\"@type\":\"Organization\",\"@id\":\"https:\/\/www.pressenza.com\/es\/#organization\",\"name\":\"Pressenza\",\"url\":\"https:\/\/www.pressenza.com\/es\/\",\"logo\":{\"@type\":\"ImageObject\",\"inLanguage\":\"es\",\"@id\":\"https:\/\/www.pressenza.com\/es\/#\/schema\/logo\/image\/\",\"url\":\"https:\/\/www.pressenza.com\/wp-content\/uploads\/2022\/10\/pressenza_logo_200x200.jpg\",\"contentUrl\":\"https:\/\/www.pressenza.com\/wp-content\/uploads\/2022\/10\/pressenza_logo_200x200.jpg\",\"width\":200,\"height\":200,\"caption\":\"Pressenza\"},\"image\":{\"@id\":\"https:\/\/www.pressenza.com\/es\/#\/schema\/logo\/image\/\"},\"sameAs\":[\"https:\/\/www.facebook.com\/PressenzaItalia\",\"https:\/\/x.com\/PressenzaIPA\"]},{\"@type\":\"Person\",\"@id\":\"https:\/\/www.pressenza.com\/es\/#\/schema\/person\/010e5d02bcf40965427a1289a4cc8d75\",\"name\":\"Pressenza IPA\",\"description\":\"News from Pressenza IPA correspondents\",\"sameAs\":[\"https:\/\/www.facebook.com\/pressenza\",\"https:\/\/x.com\/PressenzaIPA\"],\"url\":\"https:\/\/www.pressenza.com\/es\/author\/pressenza-ipa\/\"}]}<\/script>\n<!-- \/ Yoast SEO plugin. -->","yoast_head_json":{"title":"Italia: Cumbre J-8, los j\u00f3venes hablan","description":"Un conjunto de j\u00f3venes de diversas partes del mundo se encuentran estos d\u00edas en la capital de Italia donde participan en la Cumbre J\u00fanior 8, una conferencia de una semana de duraci\u00f3n en la que los j\u00f3venes intercambian ideas y opiniones acerca de cu\u00e1les son las mejores maneras de mejorar la situaci\u00f3n mundial de los ni\u00f1os y ni\u00f1as. Hoy presentar\u00e1n sus recomendaciones a los l\u00edderes del G-8.","robots":{"index":"index","follow":"follow","max-snippet":"max-snippet:-1","max-image-preview":"max-image-preview:large","max-video-preview":"max-video-preview:-1"},"canonical":"https:\/\/www.pressenza.com\/es\/2009\/07\/italiax-cumbre-j-8x-los-jxvenes-hablan\/","og_locale":"es_ES","og_type":"article","og_title":"Italia: Cumbre J-8, los j\u00f3venes hablan","og_description":"Un conjunto de j\u00f3venes de diversas partes del mundo se encuentran estos d\u00edas en la capital de Italia donde participan en la Cumbre J\u00fanior 8, una conferencia de una semana de duraci\u00f3n en la que los j\u00f3venes intercambian ideas y opiniones acerca de cu\u00e1les son las mejores maneras de mejorar la situaci\u00f3n mundial de los ni\u00f1os y ni\u00f1as. Hoy presentar\u00e1n sus recomendaciones a los l\u00edderes del G-8.","og_url":"https:\/\/www.pressenza.com\/es\/2009\/07\/italiax-cumbre-j-8x-los-jxvenes-hablan\/","og_site_name":"Pressenza","article_publisher":"https:\/\/www.facebook.com\/PressenzaItalia","article_author":"https:\/\/www.facebook.com\/pressenza","article_published_time":"2009-07-09T00:00:00+00:00","article_modified_time":"2009-09-28T05:01:03+00:00","author":"Pressenza IPA","twitter_card":"summary_large_image","twitter_creator":"@PressenzaIPA","twitter_site":"@PressenzaIPA","twitter_misc":{"Escrito por":"Pressenza IPA","Tiempo de lectura":"3 minutos"},"schema":{"@context":"https:\/\/schema.org","@graph":[{"@type":"Article","@id":"https:\/\/www.pressenza.com\/es\/2009\/07\/italiax-cumbre-j-8x-los-jxvenes-hablan\/#article","isPartOf":{"@id":"https:\/\/www.pressenza.com\/es\/2009\/07\/italiax-cumbre-j-8x-los-jxvenes-hablan\/"},"author":{"name":"Pressenza IPA","@id":"https:\/\/www.pressenza.com\/es\/#\/schema\/person\/010e5d02bcf40965427a1289a4cc8d75"},"headline":"Italia: Cumbre J-8, los j\u00f3venes hablan","datePublished":"2009-07-09T00:00:00+00:00","dateModified":"2009-09-28T05:01:03+00:00","mainEntityOfPage":{"@id":"https:\/\/www.pressenza.com\/es\/2009\/07\/italiax-cumbre-j-8x-los-jxvenes-hablan\/"},"wordCount":522,"publisher":{"@id":"https:\/\/www.pressenza.com\/es\/#organization"},"articleSection":["Cultura y Medios","Europa","Internacional"],"inLanguage":"es"},{"@type":"WebPage","@id":"https:\/\/www.pressenza.com\/es\/2009\/07\/italiax-cumbre-j-8x-los-jxvenes-hablan\/","url":"https:\/\/www.pressenza.com\/es\/2009\/07\/italiax-cumbre-j-8x-los-jxvenes-hablan\/","name":"Italia: Cumbre J-8, los j\u00f3venes hablan","isPartOf":{"@id":"https:\/\/www.pressenza.com\/es\/#website"},"datePublished":"2009-07-09T00:00:00+00:00","dateModified":"2009-09-28T05:01:03+00:00","description":"Un conjunto de j\u00f3venes de diversas partes del mundo se encuentran estos d\u00edas en la capital de Italia donde participan en la Cumbre J\u00fanior 8, una conferencia de una semana de duraci\u00f3n en la que los j\u00f3venes intercambian ideas y opiniones acerca de cu\u00e1les son las mejores maneras de mejorar la situaci\u00f3n mundial de los ni\u00f1os y ni\u00f1as. Hoy presentar\u00e1n sus recomendaciones a los l\u00edderes del G-8.","breadcrumb":{"@id":"https:\/\/www.pressenza.com\/es\/2009\/07\/italiax-cumbre-j-8x-los-jxvenes-hablan\/#breadcrumb"},"inLanguage":"es","potentialAction":[{"@type":"ReadAction","target":["https:\/\/www.pressenza.com\/es\/2009\/07\/italiax-cumbre-j-8x-los-jxvenes-hablan\/"]}]},{"@type":"BreadcrumbList","@id":"https:\/\/www.pressenza.com\/es\/2009\/07\/italiax-cumbre-j-8x-los-jxvenes-hablan\/#breadcrumb","itemListElement":[{"@type":"ListItem","position":1,"name":"Accueil","item":"https:\/\/www.pressenza.com\/es\/"},{"@type":"ListItem","position":2,"name":"Italia: Cumbre J-8, los j\u00f3venes hablan"}]},{"@type":"WebSite","@id":"https:\/\/www.pressenza.com\/es\/#website","url":"https:\/\/www.pressenza.com\/es\/","name":"Pressenza","description":"International Press Agency","publisher":{"@id":"https:\/\/www.pressenza.com\/es\/#organization"},"potentialAction":[{"@type":"SearchAction","target":{"@type":"EntryPoint","urlTemplate":"https:\/\/www.pressenza.com\/es\/?s={search_term_string}"},"query-input":{"@type":"PropertyValueSpecification","valueRequired":true,"valueName":"search_term_string"}}],"inLanguage":"es"},{"@type":"Organization","@id":"https:\/\/www.pressenza.com\/es\/#organization","name":"Pressenza","url":"https:\/\/www.pressenza.com\/es\/","logo":{"@type":"ImageObject","inLanguage":"es","@id":"https:\/\/www.pressenza.com\/es\/#\/schema\/logo\/image\/","url":"https:\/\/www.pressenza.com\/wp-content\/uploads\/2022\/10\/pressenza_logo_200x200.jpg","contentUrl":"https:\/\/www.pressenza.com\/wp-content\/uploads\/2022\/10\/pressenza_logo_200x200.jpg","width":200,"height":200,"caption":"Pressenza"},"image":{"@id":"https:\/\/www.pressenza.com\/es\/#\/schema\/logo\/image\/"},"sameAs":["https:\/\/www.facebook.com\/PressenzaItalia","https:\/\/x.com\/PressenzaIPA"]},{"@type":"Person","@id":"https:\/\/www.pressenza.com\/es\/#\/schema\/person\/010e5d02bcf40965427a1289a4cc8d75","name":"Pressenza IPA","description":"News from Pressenza IPA correspondents","sameAs":["https:\/\/www.facebook.com\/pressenza","https:\/\/x.com\/PressenzaIPA"],"url":"https:\/\/www.pressenza.com\/es\/author\/pressenza-ipa\/"}]}},"place":"Roma","original_article_url":"","_links":{"self":[{"href":"https:\/\/www.pressenza.com\/es\/wp-json\/wp\/v2\/posts\/683","targetHints":{"allow":["GET"]}}],"collection":[{"href":"https:\/\/www.pressenza.com\/es\/wp-json\/wp\/v2\/posts"}],"about":[{"href":"https:\/\/www.pressenza.com\/es\/wp-json\/wp\/v2\/types\/post"}],"author":[{"embeddable":true,"href":"https:\/\/www.pressenza.com\/es\/wp-json\/wp\/v2\/users\/19"}],"replies":[{"embeddable":true,"href":"https:\/\/www.pressenza.com\/es\/wp-json\/wp\/v2\/comments?post=683"}],"version-history":[{"count":0,"href":"https:\/\/www.pressenza.com\/es\/wp-json\/wp\/v2\/posts\/683\/revisions"}],"wp:attachment":[{"href":"https:\/\/www.pressenza.com\/es\/wp-json\/wp\/v2\/media?parent=683"}],"wp:term":[{"taxonomy":"category","embeddable":true,"href":"https:\/\/www.pressenza.com\/es\/wp-json\/wp\/v2\/categories?post=683"},{"taxonomy":"post_tag","embeddable":true,"href":"https:\/\/www.pressenza.com\/es\/wp-json\/wp\/v2\/tags?post=683"}],"curies":[{"name":"wp","href":"https:\/\/api.w.org\/{rel}","templated":true}]}}