{"id":68235,"date":"2013-09-10T17:14:57","date_gmt":"2013-09-10T16:14:57","guid":{"rendered":"http:\/\/www.pressenza.com\/?p=68235"},"modified":"2013-09-10T17:14:57","modified_gmt":"2013-09-10T16:14:57","slug":"amnistia-internacional-reclamo-al-gobierno-chileno-que-derogue-la-ley-que-impide-juzgar-los-militares","status":"publish","type":"post","link":"https:\/\/www.pressenza.com\/es\/2013\/09\/amnistia-internacional-reclamo-al-gobierno-chileno-que-derogue-la-ley-que-impide-juzgar-los-militares\/","title":{"rendered":"Amnist\u00eda Internacional reclam\u00f3 al gobierno chileno que derogue la ley que impide juzgar a los militares"},"content":{"rendered":"<p style=\"text-align: justify;\">Present\u00f3 un pedido firmado por m\u00e1s de 25.000 personas. Pidi\u00f3 que se tomen medidas para garantizar justicia y la reparaci\u00f3n a las v\u00edctimas, muchas de las cuales contin\u00faan desaparecidas.<\/p>\n<p style=\"text-align: justify;\">En v\u00edsperas del 40 aniversario del cruento golpe militar de Augusto Pinochet, <a href=\"http:\/\/www.amnistia.cl\/web\/formulario\/40anosGolpeEstado\/formulario.php\">Amnist\u00eda Internacional <\/a>(AI) reclam\u00f3 hoy al gobierno de Chile la derogaci\u00f3n de la ley de amnist\u00eda que otorga impunidad a los miembros del r\u00e9gimen.<\/p>\n<p style=\"text-align: justify;\">La organizaci\u00f3n de defensa de los derechos humanos, con sede en Londres, hizo llegar al Ejecutivo chileno un pedido firmado por m\u00e1s de 25.000 personas que exige la abolici\u00f3n de esa ley de 1978, que exime de responsabilidad a las personas que cometieron abusos entre 1973 y 1978.<\/p>\n<p style=\"text-align: justify;\">Adem\u00e1s, pide que se tomen medidas para garantizar justicia, verdad y reparaci\u00f3n a las v\u00edctimas, muchas de las cuales a\u00fan siguen desaparecidas cuatro d\u00e9cadas despu\u00e9s del golpe de Estado que derroc\u00f3 al presidente Salvador Allende el 11 de septiembre de 1973.<\/p>\n<p>\u00abEs inaceptable que 40 a\u00f1os despu\u00e9s del golpe militar todav\u00eda haya obst\u00e1culos a la b\u00fasqueda de justicia, verdad y reparaci\u00f3n en Chile\u00bb, declara en un comunicado la subdirectora del programa para las Am\u00e9ricas, Guadalupe Marengo, que reproduce la agencia EFE.<\/p>\n<p>\u00abLa ley de amnist\u00eda contin\u00faa protegiendo de procesamientos a violadores de los derechos humanos, hay a\u00fan largos retrasos en los procesos judiciales y las sentencias no reflejan la gravedad de los cr\u00edmenes cometidos\u00bb, a\u00f1ade en tono de queja.<\/p>\n<p>La organizaci\u00f3n tambi\u00e9n exigi\u00f3 que los juicios a militares y fuerzas de seguridad se tramiten en tribunales civiles.<\/p>\n","protected":false},"excerpt":{"rendered":"<p>Present\u00f3 un pedido firmado por m\u00e1s de 25.000 personas. Pidi\u00f3 que se tomen medidas para garantizar justicia y la reparaci\u00f3n a las v\u00edctimas, muchas de las cuales contin\u00faan desaparecidas. En v\u00edsperas del 40 aniversario del cruento golpe militar de Augusto&hellip;<\/p>\n","protected":false},"author":494,"featured_media":68236,"comment_status":"closed","ping_status":"open","sticky":false,"template":"","format":"standard","meta":{"footnotes":""},"categories":[79,67],"tags":[441],"class_list":["post-68235","post","type-post","status-publish","format-standard","has-post-thumbnail","hentry","category-derechos-humanos","category-sudamerica","tag-derechos-humanos"],"yoast_head":"<!-- This site is optimized with the Yoast SEO plugin v27.1.1 - https:\/\/yoast.com\/product\/yoast-seo-wordpress\/ -->\n<title>Amnist\u00eda Internacional reclam\u00f3 al gobierno chileno que derogue la ley que impide juzgar a los militares<\/title>\n<meta name=\"description\" content=\"Present\u00f3 un pedido firmado por m\u00e1s de 25.000 personas. Pidi\u00f3 que se tomen medidas para garantizar justicia y la reparaci\u00f3n a las v\u00edctimas, muchas de las\" \/>\n<meta name=\"robots\" content=\"index, follow, max-snippet:-1, max-image-preview:large, max-video-preview:-1\" \/>\n<link rel=\"canonical\" href=\"https:\/\/www.pressenza.com\/es\/2013\/09\/amnistia-internacional-reclamo-al-gobierno-chileno-que-derogue-la-ley-que-impide-juzgar-los-militares\/\" \/>\n<meta property=\"og:locale\" content=\"es_ES\" \/>\n<meta property=\"og:type\" content=\"article\" \/>\n<meta property=\"og:title\" content=\"Amnist\u00eda Internacional reclam\u00f3 al gobierno chileno que derogue la ley que impide juzgar a los militares\" \/>\n<meta property=\"og:description\" content=\"Present\u00f3 un pedido firmado por m\u00e1s de 25.000 personas. Pidi\u00f3 que se tomen medidas para garantizar justicia y la reparaci\u00f3n a las v\u00edctimas, muchas de las\" \/>\n<meta property=\"og:url\" content=\"https:\/\/www.pressenza.com\/es\/2013\/09\/amnistia-internacional-reclamo-al-gobierno-chileno-que-derogue-la-ley-que-impide-juzgar-los-militares\/\" \/>\n<meta property=\"og:site_name\" content=\"Pressenza\" \/>\n<meta property=\"article:publisher\" content=\"https:\/\/www.facebook.com\/PressenzaItalia\" \/>\n<meta property=\"article:author\" content=\"https:\/\/www.facebook.com\/AgenciaTELAM\" \/>\n<meta property=\"article:published_time\" content=\"2013-09-10T16:14:57+00:00\" \/>\n<meta property=\"og:image\" content=\"https:\/\/www.pressenza.com\/wp-content\/uploads\/2013\/09\/pin8.jpg\" \/>\n\t<meta property=\"og:image:width\" content=\"510\" \/>\n\t<meta property=\"og:image:height\" content=\"339\" \/>\n\t<meta property=\"og:image:type\" content=\"image\/jpeg\" \/>\n<meta name=\"author\" content=\"T\u00e9lam - Agencia Nacional de Noticias de la Rep\u00fablica Argentina\" \/>\n<meta name=\"twitter:card\" content=\"summary_large_image\" \/>\n<meta name=\"twitter:creator\" content=\"@AgenciaTelam\" \/>\n<meta name=\"twitter:site\" content=\"@PressenzaIPA\" \/>\n<meta name=\"twitter:label1\" content=\"Escrito por\" \/>\n\t<meta name=\"twitter:data1\" content=\"T\u00e9lam - Agencia Nacional de Noticias de la Rep\u00fablica Argentina\" \/>\n\t<meta name=\"twitter:label2\" content=\"Tiempo de lectura\" \/>\n\t<meta name=\"twitter:data2\" content=\"1 minuto\" \/>\n<script type=\"application\/ld+json\" class=\"yoast-schema-graph\">{\"@context\":\"https:\/\/schema.org\",\"@graph\":[{\"@type\":\"Article\",\"@id\":\"https:\/\/www.pressenza.com\/es\/2013\/09\/amnistia-internacional-reclamo-al-gobierno-chileno-que-derogue-la-ley-que-impide-juzgar-los-militares\/#article\",\"isPartOf\":{\"@id\":\"https:\/\/www.pressenza.com\/es\/2013\/09\/amnistia-internacional-reclamo-al-gobierno-chileno-que-derogue-la-ley-que-impide-juzgar-los-militares\/\"},\"author\":{\"name\":\"T\u00e9lam - Agencia Nacional de Noticias de la Rep\u00fablica Argentina\",\"@id\":\"https:\/\/www.pressenza.com\/es\/#\/schema\/person\/f1a879435e38cd8f69eac14ebf21489e\"},\"headline\":\"Amnist\u00eda Internacional reclam\u00f3 al gobierno chileno que derogue la ley que impide juzgar a los militares\",\"datePublished\":\"2013-09-10T16:14:57+00:00\",\"mainEntityOfPage\":{\"@id\":\"https:\/\/www.pressenza.com\/es\/2013\/09\/amnistia-internacional-reclamo-al-gobierno-chileno-que-derogue-la-ley-que-impide-juzgar-los-militares\/\"},\"wordCount\":290,\"publisher\":{\"@id\":\"https:\/\/www.pressenza.com\/es\/#organization\"},\"image\":{\"@id\":\"https:\/\/www.pressenza.com\/es\/2013\/09\/amnistia-internacional-reclamo-al-gobierno-chileno-que-derogue-la-ley-que-impide-juzgar-los-militares\/#primaryimage\"},\"thumbnailUrl\":\"https:\/\/www.pressenza.com\/wp-content\/uploads\/2013\/09\/pin8.jpg\",\"keywords\":[\"Derechos humanos\"],\"articleSection\":[\"Derechos Humanos\",\"Sudam\u00e9rica\"],\"inLanguage\":\"es\"},{\"@type\":\"WebPage\",\"@id\":\"https:\/\/www.pressenza.com\/es\/2013\/09\/amnistia-internacional-reclamo-al-gobierno-chileno-que-derogue-la-ley-que-impide-juzgar-los-militares\/\",\"url\":\"https:\/\/www.pressenza.com\/es\/2013\/09\/amnistia-internacional-reclamo-al-gobierno-chileno-que-derogue-la-ley-que-impide-juzgar-los-militares\/\",\"name\":\"Amnist\u00eda Internacional reclam\u00f3 al gobierno chileno que derogue la ley que impide juzgar a los militares\",\"isPartOf\":{\"@id\":\"https:\/\/www.pressenza.com\/es\/#website\"},\"primaryImageOfPage\":{\"@id\":\"https:\/\/www.pressenza.com\/es\/2013\/09\/amnistia-internacional-reclamo-al-gobierno-chileno-que-derogue-la-ley-que-impide-juzgar-los-militares\/#primaryimage\"},\"image\":{\"@id\":\"https:\/\/www.pressenza.com\/es\/2013\/09\/amnistia-internacional-reclamo-al-gobierno-chileno-que-derogue-la-ley-que-impide-juzgar-los-militares\/#primaryimage\"},\"thumbnailUrl\":\"https:\/\/www.pressenza.com\/wp-content\/uploads\/2013\/09\/pin8.jpg\",\"datePublished\":\"2013-09-10T16:14:57+00:00\",\"description\":\"Present\u00f3 un pedido firmado por m\u00e1s de 25.000 personas. Pidi\u00f3 que se tomen medidas para garantizar justicia y la reparaci\u00f3n a las v\u00edctimas, muchas de las\",\"breadcrumb\":{\"@id\":\"https:\/\/www.pressenza.com\/es\/2013\/09\/amnistia-internacional-reclamo-al-gobierno-chileno-que-derogue-la-ley-que-impide-juzgar-los-militares\/#breadcrumb\"},\"inLanguage\":\"es\",\"potentialAction\":[{\"@type\":\"ReadAction\",\"target\":[\"https:\/\/www.pressenza.com\/es\/2013\/09\/amnistia-internacional-reclamo-al-gobierno-chileno-que-derogue-la-ley-que-impide-juzgar-los-militares\/\"]}]},{\"@type\":\"ImageObject\",\"inLanguage\":\"es\",\"@id\":\"https:\/\/www.pressenza.com\/es\/2013\/09\/amnistia-internacional-reclamo-al-gobierno-chileno-que-derogue-la-ley-que-impide-juzgar-los-militares\/#primaryimage\",\"url\":\"https:\/\/www.pressenza.com\/wp-content\/uploads\/2013\/09\/pin8.jpg\",\"contentUrl\":\"https:\/\/www.pressenza.com\/wp-content\/uploads\/2013\/09\/pin8.jpg\",\"width\":510,\"height\":339},{\"@type\":\"BreadcrumbList\",\"@id\":\"https:\/\/www.pressenza.com\/es\/2013\/09\/amnistia-internacional-reclamo-al-gobierno-chileno-que-derogue-la-ley-que-impide-juzgar-los-militares\/#breadcrumb\",\"itemListElement\":[{\"@type\":\"ListItem\",\"position\":1,\"name\":\"Accueil\",\"item\":\"https:\/\/www.pressenza.com\/es\/\"},{\"@type\":\"ListItem\",\"position\":2,\"name\":\"Amnist\u00eda Internacional reclam\u00f3 al gobierno chileno que derogue la ley que impide juzgar a los militares\"}]},{\"@type\":\"WebSite\",\"@id\":\"https:\/\/www.pressenza.com\/es\/#website\",\"url\":\"https:\/\/www.pressenza.com\/es\/\",\"name\":\"Pressenza\",\"description\":\"International Press Agency\",\"publisher\":{\"@id\":\"https:\/\/www.pressenza.com\/es\/#organization\"},\"potentialAction\":[{\"@type\":\"SearchAction\",\"target\":{\"@type\":\"EntryPoint\",\"urlTemplate\":\"https:\/\/www.pressenza.com\/es\/?s={search_term_string}\"},\"query-input\":{\"@type\":\"PropertyValueSpecification\",\"valueRequired\":true,\"valueName\":\"search_term_string\"}}],\"inLanguage\":\"es\"},{\"@type\":\"Organization\",\"@id\":\"https:\/\/www.pressenza.com\/es\/#organization\",\"name\":\"Pressenza\",\"url\":\"https:\/\/www.pressenza.com\/es\/\",\"logo\":{\"@type\":\"ImageObject\",\"inLanguage\":\"es\",\"@id\":\"https:\/\/www.pressenza.com\/es\/#\/schema\/logo\/image\/\",\"url\":\"https:\/\/www.pressenza.com\/wp-content\/uploads\/2022\/10\/pressenza_logo_200x200.jpg\",\"contentUrl\":\"https:\/\/www.pressenza.com\/wp-content\/uploads\/2022\/10\/pressenza_logo_200x200.jpg\",\"width\":200,\"height\":200,\"caption\":\"Pressenza\"},\"image\":{\"@id\":\"https:\/\/www.pressenza.com\/es\/#\/schema\/logo\/image\/\"},\"sameAs\":[\"https:\/\/www.facebook.com\/PressenzaItalia\",\"https:\/\/x.com\/PressenzaIPA\"]},{\"@type\":\"Person\",\"@id\":\"https:\/\/www.pressenza.com\/es\/#\/schema\/person\/f1a879435e38cd8f69eac14ebf21489e\",\"name\":\"T\u00e9lam - Agencia Nacional de Noticias de la Rep\u00fablica Argentina\",\"description\":\"T\u00e9lam es una de las grandes agencias de noticias a nivel regional. El prestigio, acceso a fuentes oficiales, la cobertura en todo el territorio nacional y corresponsal\u00edas en el exterior; y la responsabilidad en el tratamiento informativo son caracter\u00edsticas que colocan a T\u00e9lam en referente period\u00edstico confiable y cre\u00edble en el pa\u00eds y en el mundo. Sostiene un servicio actualizado, detallado y original en diversos formatos, las 24 horas del d\u00eda, todos los d\u00edas del a\u00f1o. Es l\u00edder en el mercado nacional y sostiene alianzas a nivel regional y mundial que le permiten expandir los servicios period\u00edsticos. Suministra sus productos v\u00eda on line, tanto a nivel local como internacional. En la actualidad, la Agencia suma a sus servicios tradicionales, nuevos desaf\u00edos a partir de la realizaci\u00f3n de producciones multimedia para diversas plataformas. www.telam.com.ar\",\"sameAs\":[\"https:\/\/www.facebook.com\/AgenciaTELAM\",\"https:\/\/x.com\/AgenciaTelam\"],\"url\":\"https:\/\/www.pressenza.com\/es\/author\/telam\/\"}]}<\/script>\n<!-- \/ Yoast SEO plugin. -->","yoast_head_json":{"title":"Amnist\u00eda Internacional reclam\u00f3 al gobierno chileno que derogue la ley que impide juzgar a los militares","description":"Present\u00f3 un pedido firmado por m\u00e1s de 25.000 personas. Pidi\u00f3 que se tomen medidas para garantizar justicia y la reparaci\u00f3n a las v\u00edctimas, muchas de las","robots":{"index":"index","follow":"follow","max-snippet":"max-snippet:-1","max-image-preview":"max-image-preview:large","max-video-preview":"max-video-preview:-1"},"canonical":"https:\/\/www.pressenza.com\/es\/2013\/09\/amnistia-internacional-reclamo-al-gobierno-chileno-que-derogue-la-ley-que-impide-juzgar-los-militares\/","og_locale":"es_ES","og_type":"article","og_title":"Amnist\u00eda Internacional reclam\u00f3 al gobierno chileno que derogue la ley que impide juzgar a los militares","og_description":"Present\u00f3 un pedido firmado por m\u00e1s de 25.000 personas. Pidi\u00f3 que se tomen medidas para garantizar justicia y la reparaci\u00f3n a las v\u00edctimas, muchas de las","og_url":"https:\/\/www.pressenza.com\/es\/2013\/09\/amnistia-internacional-reclamo-al-gobierno-chileno-que-derogue-la-ley-que-impide-juzgar-los-militares\/","og_site_name":"Pressenza","article_publisher":"https:\/\/www.facebook.com\/PressenzaItalia","article_author":"https:\/\/www.facebook.com\/AgenciaTELAM","article_published_time":"2013-09-10T16:14:57+00:00","og_image":[{"width":510,"height":339,"url":"https:\/\/www.pressenza.com\/wp-content\/uploads\/2013\/09\/pin8.jpg","type":"image\/jpeg"}],"author":"T\u00e9lam - Agencia Nacional de Noticias de la Rep\u00fablica Argentina","twitter_card":"summary_large_image","twitter_creator":"@AgenciaTelam","twitter_site":"@PressenzaIPA","twitter_misc":{"Escrito por":"T\u00e9lam - Agencia Nacional de Noticias de la Rep\u00fablica Argentina","Tiempo de lectura":"1 minuto"},"schema":{"@context":"https:\/\/schema.org","@graph":[{"@type":"Article","@id":"https:\/\/www.pressenza.com\/es\/2013\/09\/amnistia-internacional-reclamo-al-gobierno-chileno-que-derogue-la-ley-que-impide-juzgar-los-militares\/#article","isPartOf":{"@id":"https:\/\/www.pressenza.com\/es\/2013\/09\/amnistia-internacional-reclamo-al-gobierno-chileno-que-derogue-la-ley-que-impide-juzgar-los-militares\/"},"author":{"name":"T\u00e9lam - Agencia Nacional de Noticias de la Rep\u00fablica Argentina","@id":"https:\/\/www.pressenza.com\/es\/#\/schema\/person\/f1a879435e38cd8f69eac14ebf21489e"},"headline":"Amnist\u00eda Internacional reclam\u00f3 al gobierno chileno que derogue la ley que impide juzgar a los militares","datePublished":"2013-09-10T16:14:57+00:00","mainEntityOfPage":{"@id":"https:\/\/www.pressenza.com\/es\/2013\/09\/amnistia-internacional-reclamo-al-gobierno-chileno-que-derogue-la-ley-que-impide-juzgar-los-militares\/"},"wordCount":290,"publisher":{"@id":"https:\/\/www.pressenza.com\/es\/#organization"},"image":{"@id":"https:\/\/www.pressenza.com\/es\/2013\/09\/amnistia-internacional-reclamo-al-gobierno-chileno-que-derogue-la-ley-que-impide-juzgar-los-militares\/#primaryimage"},"thumbnailUrl":"https:\/\/www.pressenza.com\/wp-content\/uploads\/2013\/09\/pin8.jpg","keywords":["Derechos humanos"],"articleSection":["Derechos Humanos","Sudam\u00e9rica"],"inLanguage":"es"},{"@type":"WebPage","@id":"https:\/\/www.pressenza.com\/es\/2013\/09\/amnistia-internacional-reclamo-al-gobierno-chileno-que-derogue-la-ley-que-impide-juzgar-los-militares\/","url":"https:\/\/www.pressenza.com\/es\/2013\/09\/amnistia-internacional-reclamo-al-gobierno-chileno-que-derogue-la-ley-que-impide-juzgar-los-militares\/","name":"Amnist\u00eda Internacional reclam\u00f3 al gobierno chileno que derogue la ley que impide juzgar a los militares","isPartOf":{"@id":"https:\/\/www.pressenza.com\/es\/#website"},"primaryImageOfPage":{"@id":"https:\/\/www.pressenza.com\/es\/2013\/09\/amnistia-internacional-reclamo-al-gobierno-chileno-que-derogue-la-ley-que-impide-juzgar-los-militares\/#primaryimage"},"image":{"@id":"https:\/\/www.pressenza.com\/es\/2013\/09\/amnistia-internacional-reclamo-al-gobierno-chileno-que-derogue-la-ley-que-impide-juzgar-los-militares\/#primaryimage"},"thumbnailUrl":"https:\/\/www.pressenza.com\/wp-content\/uploads\/2013\/09\/pin8.jpg","datePublished":"2013-09-10T16:14:57+00:00","description":"Present\u00f3 un pedido firmado por m\u00e1s de 25.000 personas. Pidi\u00f3 que se tomen medidas para garantizar justicia y la reparaci\u00f3n a las v\u00edctimas, muchas de las","breadcrumb":{"@id":"https:\/\/www.pressenza.com\/es\/2013\/09\/amnistia-internacional-reclamo-al-gobierno-chileno-que-derogue-la-ley-que-impide-juzgar-los-militares\/#breadcrumb"},"inLanguage":"es","potentialAction":[{"@type":"ReadAction","target":["https:\/\/www.pressenza.com\/es\/2013\/09\/amnistia-internacional-reclamo-al-gobierno-chileno-que-derogue-la-ley-que-impide-juzgar-los-militares\/"]}]},{"@type":"ImageObject","inLanguage":"es","@id":"https:\/\/www.pressenza.com\/es\/2013\/09\/amnistia-internacional-reclamo-al-gobierno-chileno-que-derogue-la-ley-que-impide-juzgar-los-militares\/#primaryimage","url":"https:\/\/www.pressenza.com\/wp-content\/uploads\/2013\/09\/pin8.jpg","contentUrl":"https:\/\/www.pressenza.com\/wp-content\/uploads\/2013\/09\/pin8.jpg","width":510,"height":339},{"@type":"BreadcrumbList","@id":"https:\/\/www.pressenza.com\/es\/2013\/09\/amnistia-internacional-reclamo-al-gobierno-chileno-que-derogue-la-ley-que-impide-juzgar-los-militares\/#breadcrumb","itemListElement":[{"@type":"ListItem","position":1,"name":"Accueil","item":"https:\/\/www.pressenza.com\/es\/"},{"@type":"ListItem","position":2,"name":"Amnist\u00eda Internacional reclam\u00f3 al gobierno chileno que derogue la ley que impide juzgar a los militares"}]},{"@type":"WebSite","@id":"https:\/\/www.pressenza.com\/es\/#website","url":"https:\/\/www.pressenza.com\/es\/","name":"Pressenza","description":"International Press Agency","publisher":{"@id":"https:\/\/www.pressenza.com\/es\/#organization"},"potentialAction":[{"@type":"SearchAction","target":{"@type":"EntryPoint","urlTemplate":"https:\/\/www.pressenza.com\/es\/?s={search_term_string}"},"query-input":{"@type":"PropertyValueSpecification","valueRequired":true,"valueName":"search_term_string"}}],"inLanguage":"es"},{"@type":"Organization","@id":"https:\/\/www.pressenza.com\/es\/#organization","name":"Pressenza","url":"https:\/\/www.pressenza.com\/es\/","logo":{"@type":"ImageObject","inLanguage":"es","@id":"https:\/\/www.pressenza.com\/es\/#\/schema\/logo\/image\/","url":"https:\/\/www.pressenza.com\/wp-content\/uploads\/2022\/10\/pressenza_logo_200x200.jpg","contentUrl":"https:\/\/www.pressenza.com\/wp-content\/uploads\/2022\/10\/pressenza_logo_200x200.jpg","width":200,"height":200,"caption":"Pressenza"},"image":{"@id":"https:\/\/www.pressenza.com\/es\/#\/schema\/logo\/image\/"},"sameAs":["https:\/\/www.facebook.com\/PressenzaItalia","https:\/\/x.com\/PressenzaIPA"]},{"@type":"Person","@id":"https:\/\/www.pressenza.com\/es\/#\/schema\/person\/f1a879435e38cd8f69eac14ebf21489e","name":"T\u00e9lam - Agencia Nacional de Noticias de la Rep\u00fablica Argentina","description":"T\u00e9lam es una de las grandes agencias de noticias a nivel regional. El prestigio, acceso a fuentes oficiales, la cobertura en todo el territorio nacional y corresponsal\u00edas en el exterior; y la responsabilidad en el tratamiento informativo son caracter\u00edsticas que colocan a T\u00e9lam en referente period\u00edstico confiable y cre\u00edble en el pa\u00eds y en el mundo. Sostiene un servicio actualizado, detallado y original en diversos formatos, las 24 horas del d\u00eda, todos los d\u00edas del a\u00f1o. Es l\u00edder en el mercado nacional y sostiene alianzas a nivel regional y mundial que le permiten expandir los servicios period\u00edsticos. Suministra sus productos v\u00eda on line, tanto a nivel local como internacional. En la actualidad, la Agencia suma a sus servicios tradicionales, nuevos desaf\u00edos a partir de la realizaci\u00f3n de producciones multimedia para diversas plataformas. www.telam.com.ar","sameAs":["https:\/\/www.facebook.com\/AgenciaTELAM","https:\/\/x.com\/AgenciaTelam"],"url":"https:\/\/www.pressenza.com\/es\/author\/telam\/"}]}},"place":"Santiago de Chile","original_article_url":"","_links":{"self":[{"href":"https:\/\/www.pressenza.com\/es\/wp-json\/wp\/v2\/posts\/68235","targetHints":{"allow":["GET"]}}],"collection":[{"href":"https:\/\/www.pressenza.com\/es\/wp-json\/wp\/v2\/posts"}],"about":[{"href":"https:\/\/www.pressenza.com\/es\/wp-json\/wp\/v2\/types\/post"}],"author":[{"embeddable":true,"href":"https:\/\/www.pressenza.com\/es\/wp-json\/wp\/v2\/users\/494"}],"replies":[{"embeddable":true,"href":"https:\/\/www.pressenza.com\/es\/wp-json\/wp\/v2\/comments?post=68235"}],"version-history":[{"count":0,"href":"https:\/\/www.pressenza.com\/es\/wp-json\/wp\/v2\/posts\/68235\/revisions"}],"wp:featuredmedia":[{"embeddable":true,"href":"https:\/\/www.pressenza.com\/es\/wp-json\/wp\/v2\/media\/68236"}],"wp:attachment":[{"href":"https:\/\/www.pressenza.com\/es\/wp-json\/wp\/v2\/media?parent=68235"}],"wp:term":[{"taxonomy":"category","embeddable":true,"href":"https:\/\/www.pressenza.com\/es\/wp-json\/wp\/v2\/categories?post=68235"},{"taxonomy":"post_tag","embeddable":true,"href":"https:\/\/www.pressenza.com\/es\/wp-json\/wp\/v2\/tags?post=68235"}],"curies":[{"name":"wp","href":"https:\/\/api.w.org\/{rel}","templated":true}]}}