{"id":681848,"date":"2018-07-24T13:15:28","date_gmt":"2018-07-24T12:15:28","guid":{"rendered":"https:\/\/www.pressenza.com\/?p=681848"},"modified":"2018-07-24T13:47:06","modified_gmt":"2018-07-24T12:47:06","slug":"mayte-quintanilla-una-renta-basica-puede-ser-una-herramienta-revolucionaria","status":"publish","type":"post","link":"https:\/\/www.pressenza.com\/es\/2018\/07\/mayte-quintanilla-una-renta-basica-puede-ser-una-herramienta-revolucionaria\/","title":{"rendered":"Mayte Quintanilla: una renta b\u00e1sica puede ser una herramienta revolucionaria"},"content":{"rendered":"<p>Hoy \u00a0publicamos una nueva entrevista de las utilizadas para el documental sobre renta b\u00e1sica <a href=\"https:\/\/rbuinuestroderechoavivir.wordpress.com\/\">RBUI, nuestro derecho a vivir<\/a> del espa\u00f1ol \u00c1lvaro Or\u00fas. Se trata de una entrevista que republicamos de Mayte Quintanilla, presidenta del colectivo Humanistas por la Renta B\u00e1sica Universal. Humanistas por la Rentas B\u00e1sica Universal y Pressenza han impulsado este documental.<\/p>\n<p><em><strong>V\u00eddeo: \u00c1lvaro Or\u00fas<\/strong><\/em><\/p>\n<p>En esta entrevista, Mayte Quintanilla explica \u2013entre otros temas- la diferencia entre empleo y trabajo; c\u00f3mo una renta b\u00e1sica ser\u00eda un elemento claro en la liberaci\u00f3n del ser humano, no s\u00f3lo porque le dar\u00eda libertad sino porque supondr\u00eda un cambio de ubicaci\u00f3n de la persona frente a s\u00ed mismo y su relaci\u00f3n con el mundo.<\/p>\n<p>Pero mejor ver la entrevista\u2026<\/p>\n<p><iframe loading=\"lazy\" title=\"Entrevista con Maite Quintanilla por Pressenza\" width=\"500\" height=\"281\" src=\"https:\/\/www.youtube.com\/embed\/AbdwmVqVxA8?feature=oembed\" frameborder=\"0\" allow=\"accelerometer; autoplay; clipboard-write; encrypted-media; gyroscope; picture-in-picture; web-share\" referrerpolicy=\"strict-origin-when-cross-origin\" allowfullscreen><\/iframe><\/p>\n","protected":false},"excerpt":{"rendered":"<p>Hoy \u00a0publicamos una nueva entrevista de las utilizadas para el documental sobre renta b\u00e1sica RBUI, nuestro derecho a vivir del espa\u00f1ol \u00c1lvaro Or\u00fas. Se trata de una entrevista que republicamos de Mayte Quintanilla, presidenta del colectivo Humanistas por la Renta&hellip;<\/p>\n","protected":false},"author":188,"featured_media":681853,"comment_status":"closed","ping_status":"closed","sticky":false,"template":"","format":"standard","meta":{"footnotes":""},"categories":[11389,79,81,155,39],"tags":[30939,21493,20478,34864,45911,31381],"class_list":["post-681848","post","type-post","status-publish","format-standard","has-post-thumbnail","hentry","category-contenido-original","category-derechos-humanos","category-economia-es","category-entrevistas","category-internacional","tag-alvaro-orus-es","tag-humanistas-por-la-renta-basica-universal","tag-mayte-quintanilla","tag-rbui","tag-rbui-nuestro-derecho-a-vivir","tag-renta-basica-universal-incondicional"],"yoast_head":"<!-- This site is optimized with the Yoast SEO plugin v27.1.1 - https:\/\/yoast.com\/product\/yoast-seo-wordpress\/ -->\n<title>Mayte Quintanilla: una renta b\u00e1sica puede ser una herramienta revolucionaria<\/title>\n<meta name=\"description\" content=\"Hoy \u00a0publicamos una nueva entrevista de las utilizadas para el documental sobre renta b\u00e1sica RBUI, nuestro derecho a vivir del espa\u00f1ol \u00c1lvaro Or\u00fas. Se\" \/>\n<meta name=\"robots\" content=\"index, follow, max-snippet:-1, max-image-preview:large, max-video-preview:-1\" \/>\n<link rel=\"canonical\" href=\"https:\/\/www.pressenza.com\/es\/2018\/07\/mayte-quintanilla-una-renta-basica-puede-ser-una-herramienta-revolucionaria\/\" \/>\n<meta property=\"og:locale\" content=\"es_ES\" \/>\n<meta property=\"og:type\" content=\"article\" \/>\n<meta property=\"og:title\" content=\"Mayte Quintanilla: una renta b\u00e1sica puede ser una herramienta revolucionaria\" \/>\n<meta property=\"og:description\" content=\"Hoy \u00a0publicamos una nueva entrevista de las utilizadas para el documental sobre renta b\u00e1sica RBUI, nuestro derecho a vivir del espa\u00f1ol \u00c1lvaro Or\u00fas. Se\" \/>\n<meta property=\"og:url\" content=\"https:\/\/www.pressenza.com\/es\/2018\/07\/mayte-quintanilla-una-renta-basica-puede-ser-una-herramienta-revolucionaria\/\" \/>\n<meta property=\"og:site_name\" content=\"Pressenza\" \/>\n<meta property=\"article:publisher\" content=\"https:\/\/www.facebook.com\/PressenzaItalia\" \/>\n<meta property=\"article:published_time\" content=\"2018-07-24T12:15:28+00:00\" \/>\n<meta property=\"article:modified_time\" content=\"2018-07-24T12:47:06+00:00\" \/>\n<meta property=\"og:image\" content=\"https:\/\/www.pressenza.com\/wp-content\/uploads\/2018\/07\/Mayte.jpg\" \/>\n\t<meta property=\"og:image:width\" content=\"1920\" \/>\n\t<meta property=\"og:image:height\" content=\"1080\" \/>\n\t<meta property=\"og:image:type\" content=\"image\/jpeg\" \/>\n<meta name=\"author\" content=\"Gabriela Amaya\" \/>\n<meta name=\"twitter:card\" content=\"summary_large_image\" \/>\n<meta name=\"twitter:creator\" content=\"@PressenzaIPA\" \/>\n<meta name=\"twitter:site\" content=\"@PressenzaIPA\" \/>\n<meta name=\"twitter:label1\" content=\"Escrito por\" \/>\n\t<meta name=\"twitter:data1\" content=\"Gabriela Amaya\" \/>\n\t<meta name=\"twitter:label2\" content=\"Tiempo de lectura\" \/>\n\t<meta name=\"twitter:data2\" content=\"1 minuto\" \/>\n<script type=\"application\/ld+json\" class=\"yoast-schema-graph\">{\"@context\":\"https:\/\/schema.org\",\"@graph\":[{\"@type\":\"Article\",\"@id\":\"https:\/\/www.pressenza.com\/es\/2018\/07\/mayte-quintanilla-una-renta-basica-puede-ser-una-herramienta-revolucionaria\/#article\",\"isPartOf\":{\"@id\":\"https:\/\/www.pressenza.com\/es\/2018\/07\/mayte-quintanilla-una-renta-basica-puede-ser-una-herramienta-revolucionaria\/\"},\"author\":{\"name\":\"Gabriela Amaya\",\"@id\":\"https:\/\/www.pressenza.com\/es\/#\/schema\/person\/725d47ccbea4c7854f7dd4011b6670b9\"},\"headline\":\"Mayte Quintanilla: una renta b\u00e1sica puede ser una herramienta revolucionaria\",\"datePublished\":\"2018-07-24T12:15:28+00:00\",\"dateModified\":\"2018-07-24T12:47:06+00:00\",\"mainEntityOfPage\":{\"@id\":\"https:\/\/www.pressenza.com\/es\/2018\/07\/mayte-quintanilla-una-renta-basica-puede-ser-una-herramienta-revolucionaria\/\"},\"wordCount\":150,\"publisher\":{\"@id\":\"https:\/\/www.pressenza.com\/es\/#organization\"},\"image\":{\"@id\":\"https:\/\/www.pressenza.com\/es\/2018\/07\/mayte-quintanilla-una-renta-basica-puede-ser-una-herramienta-revolucionaria\/#primaryimage\"},\"thumbnailUrl\":\"https:\/\/www.pressenza.com\/wp-content\/uploads\/2018\/07\/Mayte.jpg\",\"keywords\":[\"\u00c1lvaro Or\u00fas\",\"Humanistas por la Renta B\u00e1sica Universal\",\"Mayte Quintanilla\",\"RBUI\",\"RBUI: nuestro derecho a vivir\u201d\",\"Renta B\u00e1sica Universal Incondicional\"],\"articleSection\":[\"Contenido Original\",\"Derechos Humanos\",\"Econom\u00eda\",\"Entrevistas\",\"Internacional\"],\"inLanguage\":\"es\"},{\"@type\":\"WebPage\",\"@id\":\"https:\/\/www.pressenza.com\/es\/2018\/07\/mayte-quintanilla-una-renta-basica-puede-ser-una-herramienta-revolucionaria\/\",\"url\":\"https:\/\/www.pressenza.com\/es\/2018\/07\/mayte-quintanilla-una-renta-basica-puede-ser-una-herramienta-revolucionaria\/\",\"name\":\"Mayte Quintanilla: una renta b\u00e1sica puede ser una herramienta revolucionaria\",\"isPartOf\":{\"@id\":\"https:\/\/www.pressenza.com\/es\/#website\"},\"primaryImageOfPage\":{\"@id\":\"https:\/\/www.pressenza.com\/es\/2018\/07\/mayte-quintanilla-una-renta-basica-puede-ser-una-herramienta-revolucionaria\/#primaryimage\"},\"image\":{\"@id\":\"https:\/\/www.pressenza.com\/es\/2018\/07\/mayte-quintanilla-una-renta-basica-puede-ser-una-herramienta-revolucionaria\/#primaryimage\"},\"thumbnailUrl\":\"https:\/\/www.pressenza.com\/wp-content\/uploads\/2018\/07\/Mayte.jpg\",\"datePublished\":\"2018-07-24T12:15:28+00:00\",\"dateModified\":\"2018-07-24T12:47:06+00:00\",\"description\":\"Hoy \u00a0publicamos una nueva entrevista de las utilizadas para el documental sobre renta b\u00e1sica RBUI, nuestro derecho a vivir del espa\u00f1ol \u00c1lvaro Or\u00fas. Se\",\"breadcrumb\":{\"@id\":\"https:\/\/www.pressenza.com\/es\/2018\/07\/mayte-quintanilla-una-renta-basica-puede-ser-una-herramienta-revolucionaria\/#breadcrumb\"},\"inLanguage\":\"es\",\"potentialAction\":[{\"@type\":\"ReadAction\",\"target\":[\"https:\/\/www.pressenza.com\/es\/2018\/07\/mayte-quintanilla-una-renta-basica-puede-ser-una-herramienta-revolucionaria\/\"]}]},{\"@type\":\"ImageObject\",\"inLanguage\":\"es\",\"@id\":\"https:\/\/www.pressenza.com\/es\/2018\/07\/mayte-quintanilla-una-renta-basica-puede-ser-una-herramienta-revolucionaria\/#primaryimage\",\"url\":\"https:\/\/www.pressenza.com\/wp-content\/uploads\/2018\/07\/Mayte.jpg\",\"contentUrl\":\"https:\/\/www.pressenza.com\/wp-content\/uploads\/2018\/07\/Mayte.jpg\",\"width\":1920,\"height\":1080},{\"@type\":\"BreadcrumbList\",\"@id\":\"https:\/\/www.pressenza.com\/es\/2018\/07\/mayte-quintanilla-una-renta-basica-puede-ser-una-herramienta-revolucionaria\/#breadcrumb\",\"itemListElement\":[{\"@type\":\"ListItem\",\"position\":1,\"name\":\"Accueil\",\"item\":\"https:\/\/www.pressenza.com\/es\/\"},{\"@type\":\"ListItem\",\"position\":2,\"name\":\"Mayte Quintanilla: una renta b\u00e1sica puede ser una herramienta revolucionaria\"}]},{\"@type\":\"WebSite\",\"@id\":\"https:\/\/www.pressenza.com\/es\/#website\",\"url\":\"https:\/\/www.pressenza.com\/es\/\",\"name\":\"Pressenza\",\"description\":\"International Press Agency\",\"publisher\":{\"@id\":\"https:\/\/www.pressenza.com\/es\/#organization\"},\"potentialAction\":[{\"@type\":\"SearchAction\",\"target\":{\"@type\":\"EntryPoint\",\"urlTemplate\":\"https:\/\/www.pressenza.com\/es\/?s={search_term_string}\"},\"query-input\":{\"@type\":\"PropertyValueSpecification\",\"valueRequired\":true,\"valueName\":\"search_term_string\"}}],\"inLanguage\":\"es\"},{\"@type\":\"Organization\",\"@id\":\"https:\/\/www.pressenza.com\/es\/#organization\",\"name\":\"Pressenza\",\"url\":\"https:\/\/www.pressenza.com\/es\/\",\"logo\":{\"@type\":\"ImageObject\",\"inLanguage\":\"es\",\"@id\":\"https:\/\/www.pressenza.com\/es\/#\/schema\/logo\/image\/\",\"url\":\"https:\/\/www.pressenza.com\/wp-content\/uploads\/2022\/10\/pressenza_logo_200x200.jpg\",\"contentUrl\":\"https:\/\/www.pressenza.com\/wp-content\/uploads\/2022\/10\/pressenza_logo_200x200.jpg\",\"width\":200,\"height\":200,\"caption\":\"Pressenza\"},\"image\":{\"@id\":\"https:\/\/www.pressenza.com\/es\/#\/schema\/logo\/image\/\"},\"sameAs\":[\"https:\/\/www.facebook.com\/PressenzaItalia\",\"https:\/\/x.com\/PressenzaIPA\"]},{\"@type\":\"Person\",\"@id\":\"https:\/\/www.pressenza.com\/es\/#\/schema\/person\/725d47ccbea4c7854f7dd4011b6670b9\",\"name\":\"Gabriela Amaya\",\"description\":\"Editor in Spanish, Gabriel Amaya has worked in radio and written press and years ago decided to develop her journalistic work as a professional volunteer at the service of peace and nonviolence. She is also involved with different collectives and platforms which she supports with her journalism.\",\"url\":\"https:\/\/www.pressenza.com\/es\/author\/gabriela-amaya\/\"}]}<\/script>\n<!-- \/ Yoast SEO plugin. -->","yoast_head_json":{"title":"Mayte Quintanilla: una renta b\u00e1sica puede ser una herramienta revolucionaria","description":"Hoy \u00a0publicamos una nueva entrevista de las utilizadas para el documental sobre renta b\u00e1sica RBUI, nuestro derecho a vivir del espa\u00f1ol \u00c1lvaro Or\u00fas. Se","robots":{"index":"index","follow":"follow","max-snippet":"max-snippet:-1","max-image-preview":"max-image-preview:large","max-video-preview":"max-video-preview:-1"},"canonical":"https:\/\/www.pressenza.com\/es\/2018\/07\/mayte-quintanilla-una-renta-basica-puede-ser-una-herramienta-revolucionaria\/","og_locale":"es_ES","og_type":"article","og_title":"Mayte Quintanilla: una renta b\u00e1sica puede ser una herramienta revolucionaria","og_description":"Hoy \u00a0publicamos una nueva entrevista de las utilizadas para el documental sobre renta b\u00e1sica RBUI, nuestro derecho a vivir del espa\u00f1ol \u00c1lvaro Or\u00fas. Se","og_url":"https:\/\/www.pressenza.com\/es\/2018\/07\/mayte-quintanilla-una-renta-basica-puede-ser-una-herramienta-revolucionaria\/","og_site_name":"Pressenza","article_publisher":"https:\/\/www.facebook.com\/PressenzaItalia","article_published_time":"2018-07-24T12:15:28+00:00","article_modified_time":"2018-07-24T12:47:06+00:00","og_image":[{"width":1920,"height":1080,"url":"https:\/\/www.pressenza.com\/wp-content\/uploads\/2018\/07\/Mayte.jpg","type":"image\/jpeg"}],"author":"Gabriela Amaya","twitter_card":"summary_large_image","twitter_creator":"@PressenzaIPA","twitter_site":"@PressenzaIPA","twitter_misc":{"Escrito por":"Gabriela Amaya","Tiempo de lectura":"1 minuto"},"schema":{"@context":"https:\/\/schema.org","@graph":[{"@type":"Article","@id":"https:\/\/www.pressenza.com\/es\/2018\/07\/mayte-quintanilla-una-renta-basica-puede-ser-una-herramienta-revolucionaria\/#article","isPartOf":{"@id":"https:\/\/www.pressenza.com\/es\/2018\/07\/mayte-quintanilla-una-renta-basica-puede-ser-una-herramienta-revolucionaria\/"},"author":{"name":"Gabriela Amaya","@id":"https:\/\/www.pressenza.com\/es\/#\/schema\/person\/725d47ccbea4c7854f7dd4011b6670b9"},"headline":"Mayte Quintanilla: una renta b\u00e1sica puede ser una herramienta revolucionaria","datePublished":"2018-07-24T12:15:28+00:00","dateModified":"2018-07-24T12:47:06+00:00","mainEntityOfPage":{"@id":"https:\/\/www.pressenza.com\/es\/2018\/07\/mayte-quintanilla-una-renta-basica-puede-ser-una-herramienta-revolucionaria\/"},"wordCount":150,"publisher":{"@id":"https:\/\/www.pressenza.com\/es\/#organization"},"image":{"@id":"https:\/\/www.pressenza.com\/es\/2018\/07\/mayte-quintanilla-una-renta-basica-puede-ser-una-herramienta-revolucionaria\/#primaryimage"},"thumbnailUrl":"https:\/\/www.pressenza.com\/wp-content\/uploads\/2018\/07\/Mayte.jpg","keywords":["\u00c1lvaro Or\u00fas","Humanistas por la Renta B\u00e1sica Universal","Mayte Quintanilla","RBUI","RBUI: nuestro derecho a vivir\u201d","Renta B\u00e1sica Universal Incondicional"],"articleSection":["Contenido Original","Derechos Humanos","Econom\u00eda","Entrevistas","Internacional"],"inLanguage":"es"},{"@type":"WebPage","@id":"https:\/\/www.pressenza.com\/es\/2018\/07\/mayte-quintanilla-una-renta-basica-puede-ser-una-herramienta-revolucionaria\/","url":"https:\/\/www.pressenza.com\/es\/2018\/07\/mayte-quintanilla-una-renta-basica-puede-ser-una-herramienta-revolucionaria\/","name":"Mayte Quintanilla: una renta b\u00e1sica puede ser una herramienta revolucionaria","isPartOf":{"@id":"https:\/\/www.pressenza.com\/es\/#website"},"primaryImageOfPage":{"@id":"https:\/\/www.pressenza.com\/es\/2018\/07\/mayte-quintanilla-una-renta-basica-puede-ser-una-herramienta-revolucionaria\/#primaryimage"},"image":{"@id":"https:\/\/www.pressenza.com\/es\/2018\/07\/mayte-quintanilla-una-renta-basica-puede-ser-una-herramienta-revolucionaria\/#primaryimage"},"thumbnailUrl":"https:\/\/www.pressenza.com\/wp-content\/uploads\/2018\/07\/Mayte.jpg","datePublished":"2018-07-24T12:15:28+00:00","dateModified":"2018-07-24T12:47:06+00:00","description":"Hoy \u00a0publicamos una nueva entrevista de las utilizadas para el documental sobre renta b\u00e1sica RBUI, nuestro derecho a vivir del espa\u00f1ol \u00c1lvaro Or\u00fas. Se","breadcrumb":{"@id":"https:\/\/www.pressenza.com\/es\/2018\/07\/mayte-quintanilla-una-renta-basica-puede-ser-una-herramienta-revolucionaria\/#breadcrumb"},"inLanguage":"es","potentialAction":[{"@type":"ReadAction","target":["https:\/\/www.pressenza.com\/es\/2018\/07\/mayte-quintanilla-una-renta-basica-puede-ser-una-herramienta-revolucionaria\/"]}]},{"@type":"ImageObject","inLanguage":"es","@id":"https:\/\/www.pressenza.com\/es\/2018\/07\/mayte-quintanilla-una-renta-basica-puede-ser-una-herramienta-revolucionaria\/#primaryimage","url":"https:\/\/www.pressenza.com\/wp-content\/uploads\/2018\/07\/Mayte.jpg","contentUrl":"https:\/\/www.pressenza.com\/wp-content\/uploads\/2018\/07\/Mayte.jpg","width":1920,"height":1080},{"@type":"BreadcrumbList","@id":"https:\/\/www.pressenza.com\/es\/2018\/07\/mayte-quintanilla-una-renta-basica-puede-ser-una-herramienta-revolucionaria\/#breadcrumb","itemListElement":[{"@type":"ListItem","position":1,"name":"Accueil","item":"https:\/\/www.pressenza.com\/es\/"},{"@type":"ListItem","position":2,"name":"Mayte Quintanilla: una renta b\u00e1sica puede ser una herramienta revolucionaria"}]},{"@type":"WebSite","@id":"https:\/\/www.pressenza.com\/es\/#website","url":"https:\/\/www.pressenza.com\/es\/","name":"Pressenza","description":"International Press Agency","publisher":{"@id":"https:\/\/www.pressenza.com\/es\/#organization"},"potentialAction":[{"@type":"SearchAction","target":{"@type":"EntryPoint","urlTemplate":"https:\/\/www.pressenza.com\/es\/?s={search_term_string}"},"query-input":{"@type":"PropertyValueSpecification","valueRequired":true,"valueName":"search_term_string"}}],"inLanguage":"es"},{"@type":"Organization","@id":"https:\/\/www.pressenza.com\/es\/#organization","name":"Pressenza","url":"https:\/\/www.pressenza.com\/es\/","logo":{"@type":"ImageObject","inLanguage":"es","@id":"https:\/\/www.pressenza.com\/es\/#\/schema\/logo\/image\/","url":"https:\/\/www.pressenza.com\/wp-content\/uploads\/2022\/10\/pressenza_logo_200x200.jpg","contentUrl":"https:\/\/www.pressenza.com\/wp-content\/uploads\/2022\/10\/pressenza_logo_200x200.jpg","width":200,"height":200,"caption":"Pressenza"},"image":{"@id":"https:\/\/www.pressenza.com\/es\/#\/schema\/logo\/image\/"},"sameAs":["https:\/\/www.facebook.com\/PressenzaItalia","https:\/\/x.com\/PressenzaIPA"]},{"@type":"Person","@id":"https:\/\/www.pressenza.com\/es\/#\/schema\/person\/725d47ccbea4c7854f7dd4011b6670b9","name":"Gabriela Amaya","description":"Editor in Spanish, Gabriel Amaya has worked in radio and written press and years ago decided to develop her journalistic work as a professional volunteer at the service of peace and nonviolence. She is also involved with different collectives and platforms which she supports with her journalism.","url":"https:\/\/www.pressenza.com\/es\/author\/gabriela-amaya\/"}]}},"place":"Madrid","original_article_url":"","_links":{"self":[{"href":"https:\/\/www.pressenza.com\/es\/wp-json\/wp\/v2\/posts\/681848","targetHints":{"allow":["GET"]}}],"collection":[{"href":"https:\/\/www.pressenza.com\/es\/wp-json\/wp\/v2\/posts"}],"about":[{"href":"https:\/\/www.pressenza.com\/es\/wp-json\/wp\/v2\/types\/post"}],"author":[{"embeddable":true,"href":"https:\/\/www.pressenza.com\/es\/wp-json\/wp\/v2\/users\/188"}],"replies":[{"embeddable":true,"href":"https:\/\/www.pressenza.com\/es\/wp-json\/wp\/v2\/comments?post=681848"}],"version-history":[{"count":0,"href":"https:\/\/www.pressenza.com\/es\/wp-json\/wp\/v2\/posts\/681848\/revisions"}],"wp:featuredmedia":[{"embeddable":true,"href":"https:\/\/www.pressenza.com\/es\/wp-json\/wp\/v2\/media\/681853"}],"wp:attachment":[{"href":"https:\/\/www.pressenza.com\/es\/wp-json\/wp\/v2\/media?parent=681848"}],"wp:term":[{"taxonomy":"category","embeddable":true,"href":"https:\/\/www.pressenza.com\/es\/wp-json\/wp\/v2\/categories?post=681848"},{"taxonomy":"post_tag","embeddable":true,"href":"https:\/\/www.pressenza.com\/es\/wp-json\/wp\/v2\/tags?post=681848"}],"curies":[{"name":"wp","href":"https:\/\/api.w.org\/{rel}","templated":true}]}}