{"id":680277,"date":"2018-07-20T20:48:37","date_gmt":"2018-07-20T19:48:37","guid":{"rendered":"https:\/\/www.pressenza.com\/?p=680277"},"modified":"2018-07-20T20:48:37","modified_gmt":"2018-07-20T19:48:37","slug":"la-guerra-comercial-hara-grande-a-estados-unidos","status":"publish","type":"post","link":"https:\/\/www.pressenza.com\/es\/2018\/07\/la-guerra-comercial-hara-grande-a-estados-unidos\/","title":{"rendered":"\u00bfLa guerra comercial har\u00e1 grande a Estados Unidos?"},"content":{"rendered":"<p><span class=\"postauthor\">An\u00e1lisis de <a title=\"Art\u00edculos de Anis Chowdhury\" href=\"http:\/\/www.ipsnoticias.net\/author\/anis-chowdhury\/\">Anis Chowdhury<\/a> y <a title=\"Art\u00edculos de Jomo Kwame Sundaram\" href=\"http:\/\/www.ipsnoticias.net\/author\/jomo-kwame-sundaram\/\">Jomo Kwame Sundaram<\/a><\/span><\/p>\n<p>Estados Unidos ha tenido el d\u00e9ficit comercial m\u00e1s grande del mundo por casi medio siglo. En 2017 ascendi\u00f3 a 566.000 millones de d\u00f3lares para bienes y servicios, y sin estos \u00faltimos, a 810.000 millones de d\u00f3lares.<span id=\"more-138139\"><\/span><\/p>\n<p>Adem\u00e1s, el mayor d\u00e9ficit comercial con China lleg\u00f3 a 375.000 millones de d\u00f3lares, lo que supuso un aumento pronunciado con respecto a los 34.000 millones de d\u00f3lares que ten\u00eda en la d\u00e9cada de los a\u00f1os 80.<\/p>\n<p>En 2017, el d\u00e9ficit comercial con Jap\u00f3n fue de 69.000 millones de d\u00f3lares, y con Alemania de 65.000 millones de d\u00f3lares. Y lo mismo le ocurre a Estados Unidos con sus socios del Tratado de Libre Comercio de Am\u00e9rica del Norte (TLCAN), por ejemplo tiene un d\u00e9ficit de 71.000 millones de d\u00f3lares con M\u00e9xico.<\/p>\n<p>El presidente estadounidense Donald Trump quiere reducir el desequilibrio con medidas proteccionistas. En marzo de 2018, impuso un arancel de 25 por ciento a la importaci\u00f3n de acero y de 10 por ciento a la de aluminio, un mes despu\u00e9s de hacer lo mismo, adem\u00e1s de imponer cuotas, a la importaci\u00f3n de paneles solares y de lavarropas.<\/p>\n<p>Y el 10 de este mes, Estados Unidos public\u00f3 una lista de importaciones chinas, por un valor de 200.000 millones de d\u00f3lares al a\u00f1o, a las que impondr\u00e1 un arancel de 10 por ciento, probablemente a partir de septiembre, tras imponer un arancel de 25 por ciento a algunas de esas importaciones por 34.000 millones de d\u00f3lares a partir del 7 de julio.<\/p>\n<p><strong>\u00bfLos d\u00e9ficits comerciales de Estados Unidos reflejan una debilidad?<\/strong><\/p>\n<p>La explicaci\u00f3n habitual para los d\u00e9ficits comerciales bilaterales es la diferencia de precios.<\/p>\n<p>Pero Estados Unidos acusa a esos pa\u00edses de pr\u00e1cticas comerciales \u201cinjustas\u201d, como manipulaci\u00f3n monetaria, supresi\u00f3n salarial y subsidios estatales con el fin de impulsar las exportaciones, adem\u00e1s de bloquear las importaciones estadounidenses.<\/p>\n<p>Trump considera injustos acuerdos comerciales como el TLCAN. De hecho, su equipo de asesores insiste en reducir sus d\u00e9ficits mediante la renegociaci\u00f3n de los acuerdos comerciales, la \u201ccompra estadounidense\u201d, un d\u00f3lar m\u00e1s fuerte y enfrent\u00e1ndose a China.<\/p>\n<p>Pero el d\u00e9ficit comercial general que tiene, compensado por el flujo de capitales, tiene que ver con la brecha entre ahorros e inversiones.<\/p>\n<p>Estados Unidos gasta m\u00e1s de lo que produce, lo que hace que importe bienes y servicios. Los cr\u00e9ditos baratos impulsan el consumo mediante el endeudamiento, lo que aumenta el d\u00e9ficit comercial.<\/p>\n<p>La deuda total de los hogares estadounidenses ascendi\u00f3 a 13,2 billones (mill\u00f3n de millones) en el primer trimestre de 2018, el 15 trimestre consecutivo de aumento en los rubros de hipotecas, pr\u00e9stamos y cr\u00e9ditos estudiantiles y automotrices y de tarjetas de cr\u00e9dito. La deuda de los consumidores fue m\u00e1s del doble del producto interno bruto (PIB) en 2017.<\/p>\n<p>Tambi\u00e9n aumentan los d\u00e9ficits presupuestales del gobierno. De 67,7 por ciento del PIB en 2008, la deuda se increment\u00f3 a 105,4 por ciento en 2017. El d\u00e9ficit del presupuesto federal fue de 665.000 millones de d\u00f3lares en el ejercicio fiscal de 2017, trepando 14 por ciento respecto de los 585.000 millones de d\u00f3lares registrados en el de 2016.<\/p>\n<p>El d\u00e9ficit presupuestal de Estados Unidos fue de 3,5 por ciento del PIB en 2017.<\/p>\n<p>Y seg\u00fan la Oficina de Presupuesto del Congreso legislativo, superar\u00e1 el bill\u00f3n de d\u00f3lares en 2020, dos a\u00f1os antes de lo proyectado por los recortes impositivos de Trump y el aumento del gasto.<\/p>\n<p>El crecimiento de la econom\u00eda estadounidense tambi\u00e9n puede elevar el d\u00e9ficit comercial, porque los consumidores gastan m\u00e1s en bienes y servicios importados. El d\u00f3lar m\u00e1s fuerte hace que los productos extranjeros sean m\u00e1s baratos para ellos, pero encarece sus exportaciones en el extranjero.<\/p>\n<p>Esas fuerzas econ\u00f3micas subyacentes se volvieron m\u00e1s importantes que sus pol\u00edticas en el incremento del d\u00e9ficit comercial, mientras los desequilibrios bilaterales reflejan relaciones comerciales espec\u00edficas con pa\u00edses concretos. Entonces trastocar las relaciones comerciales bilaterales no har\u00e1 m\u00e1s que traspasar el d\u00e9ficit comercial a otros.<\/p>\n<p><strong>\u00bfTener la torta y com\u00e9rsela?<\/strong><\/p>\n<p>\u00bfEntonces por qu\u00e9 Estados Unidos tiene un d\u00e9ficit comercial estructural? En tanto que \u201cdivisa de reserva\u201d internacional de hecho tras la Segunda Guerra Mundial (1939-1945), ese pa\u00eds ha dado liquidez al resto del mundo.<\/p>\n<p>Su percibida solidez militar significa que lo consideran un lugar seguro para preservar los activos financieros. Alrededor de las tres quintas partes de los 10 billones de d\u00f3lares de reservas mundiales de 2016, por ejemplo, estaban en d\u00f3lares estadounidenses.<\/p>\n<p>El suministro de liquidez internacional de Estados Unidos por emitir la divisa de reserva mundial ofrece varias ventajas econ\u00f3micas. Tambi\u00e9n le genera se\u00f1oreaje precisamente por emitir la principal divisa del mundo, gracias a la diferencia entre el valor nominal de billetes y el costo de emisi\u00f3n.<\/p>\n<p>Con la creciente demanda extranjera de d\u00f3lares, Estados Unidos puede tener que gestionar d\u00e9ficits casi de forma indefinida creando m\u00e1s deuda o vendiendo activos. La demanda de activos denominados en d\u00f3lares, es decir, bonos del tesoro estadounidense, eleva su precio y reduce las tasas de inter\u00e9s para financiar tanto el consumo como las inversiones.<\/p>\n<p>Si bien los inversores extranjeros compran activos estadounidenses de corto plazo y baja rentabilidad, los estadounidenses pueden invertir en el exterior en activos de mayor rendimiento y largo plazo. Estados Unidos suele obtener mayores beneficios de esas inversiones que lo que paga por la deuda, considerado un \u201cprivilegio exorbitante\u201d de Estados Unidos.<\/p>\n<p>Entonces para que Estados Unidos se beneficie del \u201cprivilegio exorbitante\u201d del d\u00f3lar papel en tanto que moneda de reserva, tiene que tener un d\u00e9ficit comercial cr\u00f3nico.<\/p>\n<p>Por lo que renunciar al estatus de divisa de reserva mundial tendr\u00e1 grandes consecuencias para el est\u00e1ndar de vida, las finanzas y la econom\u00eda estadounidenses.<\/p>\n<p><strong>\u00bfEstados Unidos podr\u00e1 ganar la guerra comercial?<\/strong><\/p>\n<p>Barry Eichengreen se\u00f1al\u00f3 que los pa\u00edses en alianzas militares con estados que emiten divisas tienen 30 por ciento m\u00e1s de divisas de sus aliados en reservas extranjeras que los que no pertenecen a esas alianzas.<\/p>\n<p>En cambio, Trump prioriza la reducci\u00f3n del d\u00e9ficit comercial para fortalecer el d\u00f3lar estadounidense y su dominio, mientras perjudica algunas de sus viejas alianzas pol\u00edticas.<\/p>\n<p>A medida que Estados Unidos se retira del escenario diplom\u00e1tico, el uso de otras divisas de reserva, incluso el renminbi chino, aumenta, en especial en Europa y \u00c1frica.<\/p>\n<p>Es ir\u00f3nico entonces que mientras Trump lanza guerras comerciales contra amigos y enemigos, sea China la que probablemente gane, tanto desde el punto de vista geopol\u00edtico como econ\u00f3mico.<\/p>\n<p>El consiguiente cambio econ\u00f3mico global no solo perjudicar\u00e1 al d\u00f3lar de Estados Unidos y a su econom\u00eda a trav\u00e9s de la tasa de cambio y los costos de pr\u00e9stamos, sino que tambi\u00e9n impactar\u00e1 en su predominancia geopol\u00edtica.<\/p>\n<p><em>Anis Chowdhury, profesor adjunto de la australiana Western Sydney University, ocup\u00f3 altos cargos en la Organizaci\u00f3n de las Naciones Unidas en Nueva York y Bangkok.<\/em><\/p>\n<p><em>Jomo Kwame Sundaram, exprofesor de econom\u00eda, fue secretario general adjunto para Desarrollo Econ\u00f3mico de la Organizaci\u00f3n de las Naciones Unidas y recibi\u00f3 el Premio Wassily Leontief por ampliar las fronteras del pensamiento econ\u00f3mico in 2007.<\/em><\/p>\n<div id=\"attachment_131561\" class=\"wp-caption alignright\"><\/div>\n","protected":false},"excerpt":{"rendered":"<p>An\u00e1lisis de Anis Chowdhury y Jomo Kwame Sundaram Estados Unidos ha tenido el d\u00e9ficit comercial m\u00e1s grande del mundo por casi medio siglo. En 2017 ascendi\u00f3 a 566.000 millones de d\u00f3lares para bienes y servicios, y sin estos \u00faltimos, a&hellip;<\/p>\n","protected":false},"author":347,"featured_media":680278,"comment_status":"closed","ping_status":"closed","sticky":false,"template":"","format":"standard","meta":{"footnotes":""},"categories":[81,68,161],"tags":[1421,13165,45882,40380],"class_list":["post-680277","post","type-post","status-publish","format-standard","has-post-thumbnail","hentry","category-economia-es","category-norteamerica","category-opiniones","tag-china-es","tag-comercio","tag-deficits","tag-estados-unidos-de-america"],"yoast_head":"<!-- This site is optimized with the Yoast SEO plugin v27.1.1 - https:\/\/yoast.com\/product\/yoast-seo-wordpress\/ -->\n<title>\u00bfLa guerra comercial har\u00e1 grande a Estados Unidos?<\/title>\n<meta name=\"description\" content=\"An\u00e1lisis de Anis Chowdhury y Jomo Kwame Sundaram Estados Unidos ha tenido el d\u00e9ficit comercial m\u00e1s grande del mundo por casi medio siglo. En 2017 ascendi\u00f3\" \/>\n<meta name=\"robots\" content=\"index, follow, max-snippet:-1, max-image-preview:large, max-video-preview:-1\" \/>\n<link rel=\"canonical\" href=\"https:\/\/www.pressenza.com\/es\/2018\/07\/la-guerra-comercial-hara-grande-a-estados-unidos\/\" \/>\n<meta property=\"og:locale\" content=\"es_ES\" \/>\n<meta property=\"og:type\" content=\"article\" \/>\n<meta property=\"og:title\" content=\"\u00bfLa guerra comercial har\u00e1 grande a Estados Unidos?\" \/>\n<meta property=\"og:description\" content=\"An\u00e1lisis de Anis Chowdhury y Jomo Kwame Sundaram Estados Unidos ha tenido el d\u00e9ficit comercial m\u00e1s grande del mundo por casi medio siglo. En 2017 ascendi\u00f3\" \/>\n<meta property=\"og:url\" content=\"https:\/\/www.pressenza.com\/es\/2018\/07\/la-guerra-comercial-hara-grande-a-estados-unidos\/\" \/>\n<meta property=\"og:site_name\" content=\"Pressenza\" \/>\n<meta property=\"article:publisher\" content=\"https:\/\/www.facebook.com\/PressenzaItalia\" \/>\n<meta property=\"article:author\" content=\"http:\/\/www.facebook.com\/ipsnoticias\" \/>\n<meta property=\"article:published_time\" content=\"2018-07-20T19:48:37+00:00\" \/>\n<meta property=\"og:image\" content=\"https:\/\/www.pressenza.com\/wp-content\/uploads\/2018\/07\/comercio.jpg\" \/>\n\t<meta property=\"og:image:width\" content=\"500\" \/>\n\t<meta property=\"og:image:height\" content=\"301\" \/>\n\t<meta property=\"og:image:type\" content=\"image\/jpeg\" \/>\n<meta name=\"author\" content=\"Inter Press Service\" \/>\n<meta name=\"twitter:card\" content=\"summary_large_image\" \/>\n<meta name=\"twitter:creator\" content=\"@ipsnoticias\" \/>\n<meta name=\"twitter:site\" content=\"@PressenzaIPA\" \/>\n<meta name=\"twitter:label1\" content=\"Escrito por\" \/>\n\t<meta name=\"twitter:data1\" content=\"Inter Press Service\" \/>\n\t<meta name=\"twitter:label2\" content=\"Tiempo de lectura\" \/>\n\t<meta name=\"twitter:data2\" content=\"6 minutos\" \/>\n<script type=\"application\/ld+json\" class=\"yoast-schema-graph\">{\"@context\":\"https:\/\/schema.org\",\"@graph\":[{\"@type\":\"Article\",\"@id\":\"https:\/\/www.pressenza.com\/es\/2018\/07\/la-guerra-comercial-hara-grande-a-estados-unidos\/#article\",\"isPartOf\":{\"@id\":\"https:\/\/www.pressenza.com\/es\/2018\/07\/la-guerra-comercial-hara-grande-a-estados-unidos\/\"},\"author\":{\"name\":\"Inter Press Service\",\"@id\":\"https:\/\/www.pressenza.com\/es\/#\/schema\/person\/7467f88f6765c239bdd52f3c432de81a\"},\"headline\":\"\u00bfLa guerra comercial har\u00e1 grande a Estados Unidos?\",\"datePublished\":\"2018-07-20T19:48:37+00:00\",\"mainEntityOfPage\":{\"@id\":\"https:\/\/www.pressenza.com\/es\/2018\/07\/la-guerra-comercial-hara-grande-a-estados-unidos\/\"},\"wordCount\":1236,\"publisher\":{\"@id\":\"https:\/\/www.pressenza.com\/es\/#organization\"},\"image\":{\"@id\":\"https:\/\/www.pressenza.com\/es\/2018\/07\/la-guerra-comercial-hara-grande-a-estados-unidos\/#primaryimage\"},\"thumbnailUrl\":\"https:\/\/www.pressenza.com\/wp-content\/uploads\/2018\/07\/comercio.jpg\",\"keywords\":[\"China\",\"comercio\",\"d\u00e9ficits\",\"Estados Unidos de Am\u00e9rica\"],\"articleSection\":[\"Econom\u00eda\",\"Norteam\u00e9rica\",\"Opiniones\"],\"inLanguage\":\"es\"},{\"@type\":\"WebPage\",\"@id\":\"https:\/\/www.pressenza.com\/es\/2018\/07\/la-guerra-comercial-hara-grande-a-estados-unidos\/\",\"url\":\"https:\/\/www.pressenza.com\/es\/2018\/07\/la-guerra-comercial-hara-grande-a-estados-unidos\/\",\"name\":\"\u00bfLa guerra comercial har\u00e1 grande a Estados Unidos?\",\"isPartOf\":{\"@id\":\"https:\/\/www.pressenza.com\/es\/#website\"},\"primaryImageOfPage\":{\"@id\":\"https:\/\/www.pressenza.com\/es\/2018\/07\/la-guerra-comercial-hara-grande-a-estados-unidos\/#primaryimage\"},\"image\":{\"@id\":\"https:\/\/www.pressenza.com\/es\/2018\/07\/la-guerra-comercial-hara-grande-a-estados-unidos\/#primaryimage\"},\"thumbnailUrl\":\"https:\/\/www.pressenza.com\/wp-content\/uploads\/2018\/07\/comercio.jpg\",\"datePublished\":\"2018-07-20T19:48:37+00:00\",\"description\":\"An\u00e1lisis de Anis Chowdhury y Jomo Kwame Sundaram Estados Unidos ha tenido el d\u00e9ficit comercial m\u00e1s grande del mundo por casi medio siglo. En 2017 ascendi\u00f3\",\"breadcrumb\":{\"@id\":\"https:\/\/www.pressenza.com\/es\/2018\/07\/la-guerra-comercial-hara-grande-a-estados-unidos\/#breadcrumb\"},\"inLanguage\":\"es\",\"potentialAction\":[{\"@type\":\"ReadAction\",\"target\":[\"https:\/\/www.pressenza.com\/es\/2018\/07\/la-guerra-comercial-hara-grande-a-estados-unidos\/\"]}]},{\"@type\":\"ImageObject\",\"inLanguage\":\"es\",\"@id\":\"https:\/\/www.pressenza.com\/es\/2018\/07\/la-guerra-comercial-hara-grande-a-estados-unidos\/#primaryimage\",\"url\":\"https:\/\/www.pressenza.com\/wp-content\/uploads\/2018\/07\/comercio.jpg\",\"contentUrl\":\"https:\/\/www.pressenza.com\/wp-content\/uploads\/2018\/07\/comercio.jpg\",\"width\":500,\"height\":301},{\"@type\":\"BreadcrumbList\",\"@id\":\"https:\/\/www.pressenza.com\/es\/2018\/07\/la-guerra-comercial-hara-grande-a-estados-unidos\/#breadcrumb\",\"itemListElement\":[{\"@type\":\"ListItem\",\"position\":1,\"name\":\"Accueil\",\"item\":\"https:\/\/www.pressenza.com\/es\/\"},{\"@type\":\"ListItem\",\"position\":2,\"name\":\"\u00bfLa guerra comercial har\u00e1 grande a Estados Unidos?\"}]},{\"@type\":\"WebSite\",\"@id\":\"https:\/\/www.pressenza.com\/es\/#website\",\"url\":\"https:\/\/www.pressenza.com\/es\/\",\"name\":\"Pressenza\",\"description\":\"International Press Agency\",\"publisher\":{\"@id\":\"https:\/\/www.pressenza.com\/es\/#organization\"},\"potentialAction\":[{\"@type\":\"SearchAction\",\"target\":{\"@type\":\"EntryPoint\",\"urlTemplate\":\"https:\/\/www.pressenza.com\/es\/?s={search_term_string}\"},\"query-input\":{\"@type\":\"PropertyValueSpecification\",\"valueRequired\":true,\"valueName\":\"search_term_string\"}}],\"inLanguage\":\"es\"},{\"@type\":\"Organization\",\"@id\":\"https:\/\/www.pressenza.com\/es\/#organization\",\"name\":\"Pressenza\",\"url\":\"https:\/\/www.pressenza.com\/es\/\",\"logo\":{\"@type\":\"ImageObject\",\"inLanguage\":\"es\",\"@id\":\"https:\/\/www.pressenza.com\/es\/#\/schema\/logo\/image\/\",\"url\":\"https:\/\/www.pressenza.com\/wp-content\/uploads\/2022\/10\/pressenza_logo_200x200.jpg\",\"contentUrl\":\"https:\/\/www.pressenza.com\/wp-content\/uploads\/2022\/10\/pressenza_logo_200x200.jpg\",\"width\":200,\"height\":200,\"caption\":\"Pressenza\"},\"image\":{\"@id\":\"https:\/\/www.pressenza.com\/es\/#\/schema\/logo\/image\/\"},\"sameAs\":[\"https:\/\/www.facebook.com\/PressenzaItalia\",\"https:\/\/x.com\/PressenzaIPA\"]},{\"@type\":\"Person\",\"@id\":\"https:\/\/www.pressenza.com\/es\/#\/schema\/person\/7467f88f6765c239bdd52f3c432de81a\",\"name\":\"Inter Press Service\",\"description\":\"IPS is an international communications institution at the heart of a global news agency that amplifies the voices of the South and civil society on development, globalisation, human rights and the environment. www.ipsnews.net\",\"sameAs\":[\"http:\/\/www.facebook.com\/ipsnoticias\",\"https:\/\/x.com\/ipsnoticias\"],\"url\":\"https:\/\/www.pressenza.com\/es\/author\/ips-inter-press-service\/\"}]}<\/script>\n<!-- \/ Yoast SEO plugin. -->","yoast_head_json":{"title":"\u00bfLa guerra comercial har\u00e1 grande a Estados Unidos?","description":"An\u00e1lisis de Anis Chowdhury y Jomo Kwame Sundaram Estados Unidos ha tenido el d\u00e9ficit comercial m\u00e1s grande del mundo por casi medio siglo. En 2017 ascendi\u00f3","robots":{"index":"index","follow":"follow","max-snippet":"max-snippet:-1","max-image-preview":"max-image-preview:large","max-video-preview":"max-video-preview:-1"},"canonical":"https:\/\/www.pressenza.com\/es\/2018\/07\/la-guerra-comercial-hara-grande-a-estados-unidos\/","og_locale":"es_ES","og_type":"article","og_title":"\u00bfLa guerra comercial har\u00e1 grande a Estados Unidos?","og_description":"An\u00e1lisis de Anis Chowdhury y Jomo Kwame Sundaram Estados Unidos ha tenido el d\u00e9ficit comercial m\u00e1s grande del mundo por casi medio siglo. En 2017 ascendi\u00f3","og_url":"https:\/\/www.pressenza.com\/es\/2018\/07\/la-guerra-comercial-hara-grande-a-estados-unidos\/","og_site_name":"Pressenza","article_publisher":"https:\/\/www.facebook.com\/PressenzaItalia","article_author":"http:\/\/www.facebook.com\/ipsnoticias","article_published_time":"2018-07-20T19:48:37+00:00","og_image":[{"width":500,"height":301,"url":"https:\/\/www.pressenza.com\/wp-content\/uploads\/2018\/07\/comercio.jpg","type":"image\/jpeg"}],"author":"Inter Press Service","twitter_card":"summary_large_image","twitter_creator":"@ipsnoticias","twitter_site":"@PressenzaIPA","twitter_misc":{"Escrito por":"Inter Press Service","Tiempo de lectura":"6 minutos"},"schema":{"@context":"https:\/\/schema.org","@graph":[{"@type":"Article","@id":"https:\/\/www.pressenza.com\/es\/2018\/07\/la-guerra-comercial-hara-grande-a-estados-unidos\/#article","isPartOf":{"@id":"https:\/\/www.pressenza.com\/es\/2018\/07\/la-guerra-comercial-hara-grande-a-estados-unidos\/"},"author":{"name":"Inter Press Service","@id":"https:\/\/www.pressenza.com\/es\/#\/schema\/person\/7467f88f6765c239bdd52f3c432de81a"},"headline":"\u00bfLa guerra comercial har\u00e1 grande a Estados Unidos?","datePublished":"2018-07-20T19:48:37+00:00","mainEntityOfPage":{"@id":"https:\/\/www.pressenza.com\/es\/2018\/07\/la-guerra-comercial-hara-grande-a-estados-unidos\/"},"wordCount":1236,"publisher":{"@id":"https:\/\/www.pressenza.com\/es\/#organization"},"image":{"@id":"https:\/\/www.pressenza.com\/es\/2018\/07\/la-guerra-comercial-hara-grande-a-estados-unidos\/#primaryimage"},"thumbnailUrl":"https:\/\/www.pressenza.com\/wp-content\/uploads\/2018\/07\/comercio.jpg","keywords":["China","comercio","d\u00e9ficits","Estados Unidos de Am\u00e9rica"],"articleSection":["Econom\u00eda","Norteam\u00e9rica","Opiniones"],"inLanguage":"es"},{"@type":"WebPage","@id":"https:\/\/www.pressenza.com\/es\/2018\/07\/la-guerra-comercial-hara-grande-a-estados-unidos\/","url":"https:\/\/www.pressenza.com\/es\/2018\/07\/la-guerra-comercial-hara-grande-a-estados-unidos\/","name":"\u00bfLa guerra comercial har\u00e1 grande a Estados Unidos?","isPartOf":{"@id":"https:\/\/www.pressenza.com\/es\/#website"},"primaryImageOfPage":{"@id":"https:\/\/www.pressenza.com\/es\/2018\/07\/la-guerra-comercial-hara-grande-a-estados-unidos\/#primaryimage"},"image":{"@id":"https:\/\/www.pressenza.com\/es\/2018\/07\/la-guerra-comercial-hara-grande-a-estados-unidos\/#primaryimage"},"thumbnailUrl":"https:\/\/www.pressenza.com\/wp-content\/uploads\/2018\/07\/comercio.jpg","datePublished":"2018-07-20T19:48:37+00:00","description":"An\u00e1lisis de Anis Chowdhury y Jomo Kwame Sundaram Estados Unidos ha tenido el d\u00e9ficit comercial m\u00e1s grande del mundo por casi medio siglo. En 2017 ascendi\u00f3","breadcrumb":{"@id":"https:\/\/www.pressenza.com\/es\/2018\/07\/la-guerra-comercial-hara-grande-a-estados-unidos\/#breadcrumb"},"inLanguage":"es","potentialAction":[{"@type":"ReadAction","target":["https:\/\/www.pressenza.com\/es\/2018\/07\/la-guerra-comercial-hara-grande-a-estados-unidos\/"]}]},{"@type":"ImageObject","inLanguage":"es","@id":"https:\/\/www.pressenza.com\/es\/2018\/07\/la-guerra-comercial-hara-grande-a-estados-unidos\/#primaryimage","url":"https:\/\/www.pressenza.com\/wp-content\/uploads\/2018\/07\/comercio.jpg","contentUrl":"https:\/\/www.pressenza.com\/wp-content\/uploads\/2018\/07\/comercio.jpg","width":500,"height":301},{"@type":"BreadcrumbList","@id":"https:\/\/www.pressenza.com\/es\/2018\/07\/la-guerra-comercial-hara-grande-a-estados-unidos\/#breadcrumb","itemListElement":[{"@type":"ListItem","position":1,"name":"Accueil","item":"https:\/\/www.pressenza.com\/es\/"},{"@type":"ListItem","position":2,"name":"\u00bfLa guerra comercial har\u00e1 grande a Estados Unidos?"}]},{"@type":"WebSite","@id":"https:\/\/www.pressenza.com\/es\/#website","url":"https:\/\/www.pressenza.com\/es\/","name":"Pressenza","description":"International Press Agency","publisher":{"@id":"https:\/\/www.pressenza.com\/es\/#organization"},"potentialAction":[{"@type":"SearchAction","target":{"@type":"EntryPoint","urlTemplate":"https:\/\/www.pressenza.com\/es\/?s={search_term_string}"},"query-input":{"@type":"PropertyValueSpecification","valueRequired":true,"valueName":"search_term_string"}}],"inLanguage":"es"},{"@type":"Organization","@id":"https:\/\/www.pressenza.com\/es\/#organization","name":"Pressenza","url":"https:\/\/www.pressenza.com\/es\/","logo":{"@type":"ImageObject","inLanguage":"es","@id":"https:\/\/www.pressenza.com\/es\/#\/schema\/logo\/image\/","url":"https:\/\/www.pressenza.com\/wp-content\/uploads\/2022\/10\/pressenza_logo_200x200.jpg","contentUrl":"https:\/\/www.pressenza.com\/wp-content\/uploads\/2022\/10\/pressenza_logo_200x200.jpg","width":200,"height":200,"caption":"Pressenza"},"image":{"@id":"https:\/\/www.pressenza.com\/es\/#\/schema\/logo\/image\/"},"sameAs":["https:\/\/www.facebook.com\/PressenzaItalia","https:\/\/x.com\/PressenzaIPA"]},{"@type":"Person","@id":"https:\/\/www.pressenza.com\/es\/#\/schema\/person\/7467f88f6765c239bdd52f3c432de81a","name":"Inter Press Service","description":"IPS is an international communications institution at the heart of a global news agency that amplifies the voices of the South and civil society on development, globalisation, human rights and the environment. www.ipsnews.net","sameAs":["http:\/\/www.facebook.com\/ipsnoticias","https:\/\/x.com\/ipsnoticias"],"url":"https:\/\/www.pressenza.com\/es\/author\/ips-inter-press-service\/"}]}},"place":"Australia","original_article_url":"http:\/\/www.ipsnoticias.net\/2018\/07\/la-guerra-comercial-hara-grande-estados-unidos\/","_links":{"self":[{"href":"https:\/\/www.pressenza.com\/es\/wp-json\/wp\/v2\/posts\/680277","targetHints":{"allow":["GET"]}}],"collection":[{"href":"https:\/\/www.pressenza.com\/es\/wp-json\/wp\/v2\/posts"}],"about":[{"href":"https:\/\/www.pressenza.com\/es\/wp-json\/wp\/v2\/types\/post"}],"author":[{"embeddable":true,"href":"https:\/\/www.pressenza.com\/es\/wp-json\/wp\/v2\/users\/347"}],"replies":[{"embeddable":true,"href":"https:\/\/www.pressenza.com\/es\/wp-json\/wp\/v2\/comments?post=680277"}],"version-history":[{"count":0,"href":"https:\/\/www.pressenza.com\/es\/wp-json\/wp\/v2\/posts\/680277\/revisions"}],"wp:featuredmedia":[{"embeddable":true,"href":"https:\/\/www.pressenza.com\/es\/wp-json\/wp\/v2\/media\/680278"}],"wp:attachment":[{"href":"https:\/\/www.pressenza.com\/es\/wp-json\/wp\/v2\/media?parent=680277"}],"wp:term":[{"taxonomy":"category","embeddable":true,"href":"https:\/\/www.pressenza.com\/es\/wp-json\/wp\/v2\/categories?post=680277"},{"taxonomy":"post_tag","embeddable":true,"href":"https:\/\/www.pressenza.com\/es\/wp-json\/wp\/v2\/tags?post=680277"}],"curies":[{"name":"wp","href":"https:\/\/api.w.org\/{rel}","templated":true}]}}