{"id":679963,"date":"2018-07-19T20:20:43","date_gmt":"2018-07-19T19:20:43","guid":{"rendered":"https:\/\/www.pressenza.com\/?p=679963"},"modified":"2018-07-19T20:20:43","modified_gmt":"2018-07-19T19:20:43","slug":"la-policia-reprime-en-la-comunidad-mapuche-de-lago-mascardi","status":"publish","type":"post","link":"https:\/\/www.pressenza.com\/es\/2018\/07\/la-policia-reprime-en-la-comunidad-mapuche-de-lago-mascardi\/","title":{"rendered":"La polic\u00eda reprime en la comunidad mapuche de Lago Mascardi"},"content":{"rendered":"<p>La polic\u00eda entr\u00f3 disparando hoy a la Lof Lafken Winkul Mapu, la comunidad de Lago Mascardi donde en noviembre pasado fue asesinado Rafael Nahuel.<\/p>\n<p><em>\u201cLa gente se est\u00e1 reparando en los cerros.\u201d\u00a0<\/em>As\u00ed inform\u00f3 hoy jueves (13:55) Mar\u00eda Nahuel del Lof Lafken Winkul. Hace un rato efectivos de las fuerzas federales ingresaron al territorio.<\/p>\n<p>Aparentemente ser\u00eda la Polic\u00eda Federal que est\u00e1 disparando y reprimiendo adentro de la comunidad. Hasta el momento no se conocen las razones del ingreso a la recuperaci\u00f3n en la zona del Mascardi. No se sabe si hay detenidos y heridos.<\/p>\n<p>Mar\u00eda Nahuel puntualiz\u00f3 que hay dos mujeres embarazadas adem\u00e1s de otras mujeres con sus ni\u00f1os.<\/p>\n<p>Esta situaci\u00f3n ocurre dos d\u00edas despu\u00e9s del acuerdo alcanzado con la administraci\u00f3n de Parques Nacionales para sentarse en una nueva mesa de di\u00e1logo prevista para la semana pr\u00f3xima en la Universidad del Comahue Bariloche. Tambi\u00e9n ocurre un d\u00eda antes de que el Presidente Macri llegue a Bariloche.<\/p>\n<p>La informaci\u00f3n es preliminar. En la medida de lo posible se ir\u00e1 actualizando y dando cuenta de mayores detalles.<\/p>\n<p><strong>Contacto<\/strong><br \/>\nMar\u00eda Nahuel (celular): 294 492-6673<\/p>\n","protected":false},"excerpt":{"rendered":"<p>La polic\u00eda entr\u00f3 disparando hoy a la Lof Lafken Winkul Mapu, la comunidad de Lago Mascardi donde en noviembre pasado fue asesinado Rafael Nahuel. \u201cLa gente se est\u00e1 reparando en los cerros.\u201d\u00a0As\u00ed inform\u00f3 hoy jueves (13:55) Mar\u00eda Nahuel del Lof&hellip;<\/p>\n","protected":false},"author":1254,"featured_media":679964,"comment_status":"closed","ping_status":"closed","sticky":false,"template":"","format":"standard","meta":{"footnotes":""},"categories":[149,79,80,67],"tags":[5323,26584,936,16058,22210,42025,48221,702,18507],"class_list":["post-679963","post","type-post","status-publish","format-standard","has-post-thumbnail","hentry","category-comunicados-de-prensa","category-derechos-humanos","category-pueblos-originarios","category-sudamerica","tag-indigenas","tag-mapuce","tag-mapuche-es","tag-policia-es","tag-pueblos-originarios","tag-rafael-nahuel","tag-rafita","tag-represion","tag-territorios"],"yoast_head":"<!-- This site is optimized with the Yoast SEO plugin v27.1.1 - https:\/\/yoast.com\/product\/yoast-seo-wordpress\/ -->\n<title>La polic\u00eda reprime en la comunidad mapuche de Lago Mascardi<\/title>\n<meta name=\"description\" content=\"La polic\u00eda entr\u00f3 disparando hoy a la Lof Lafken Winkul Mapu, la comunidad de Lago Mascardi donde en noviembre pasado fue asesinado Rafael Nahuel. \u201cLa\" \/>\n<meta name=\"robots\" content=\"index, follow, max-snippet:-1, max-image-preview:large, max-video-preview:-1\" \/>\n<link rel=\"canonical\" href=\"https:\/\/www.pressenza.com\/es\/2018\/07\/la-policia-reprime-en-la-comunidad-mapuche-de-lago-mascardi\/\" \/>\n<meta property=\"og:locale\" content=\"es_ES\" \/>\n<meta property=\"og:type\" content=\"article\" \/>\n<meta property=\"og:title\" content=\"La polic\u00eda reprime en la comunidad mapuche de Lago Mascardi\" \/>\n<meta property=\"og:description\" content=\"La polic\u00eda entr\u00f3 disparando hoy a la Lof Lafken Winkul Mapu, la comunidad de Lago Mascardi donde en noviembre pasado fue asesinado Rafael Nahuel. \u201cLa\" \/>\n<meta property=\"og:url\" content=\"https:\/\/www.pressenza.com\/es\/2018\/07\/la-policia-reprime-en-la-comunidad-mapuche-de-lago-mascardi\/\" \/>\n<meta property=\"og:site_name\" content=\"Pressenza\" \/>\n<meta property=\"article:publisher\" content=\"https:\/\/www.facebook.com\/PressenzaItalia\" \/>\n<meta property=\"article:author\" content=\"https:\/\/www.facebook.com\/pressenza\" \/>\n<meta property=\"article:published_time\" content=\"2018-07-19T19:20:43+00:00\" \/>\n<meta property=\"og:image\" content=\"https:\/\/www.pressenza.com\/wp-content\/uploads\/2018\/07\/mascardi.jpg\" \/>\n\t<meta property=\"og:image:width\" content=\"800\" \/>\n\t<meta property=\"og:image:height\" content=\"493\" \/>\n\t<meta property=\"og:image:type\" content=\"image\/jpeg\" \/>\n<meta name=\"author\" content=\"Redacci\u00f3n Mar del Plata\" \/>\n<meta name=\"twitter:card\" content=\"summary_large_image\" \/>\n<meta name=\"twitter:creator\" content=\"@Pressenza\" \/>\n<meta name=\"twitter:site\" content=\"@PressenzaIPA\" \/>\n<meta name=\"twitter:label1\" content=\"Escrito por\" \/>\n\t<meta name=\"twitter:data1\" content=\"Redacci\u00f3n Mar del Plata\" \/>\n\t<meta name=\"twitter:label2\" content=\"Tiempo de lectura\" \/>\n\t<meta name=\"twitter:data2\" content=\"1 minuto\" \/>\n<script type=\"application\/ld+json\" class=\"yoast-schema-graph\">{\"@context\":\"https:\/\/schema.org\",\"@graph\":[{\"@type\":\"Article\",\"@id\":\"https:\/\/www.pressenza.com\/es\/2018\/07\/la-policia-reprime-en-la-comunidad-mapuche-de-lago-mascardi\/#article\",\"isPartOf\":{\"@id\":\"https:\/\/www.pressenza.com\/es\/2018\/07\/la-policia-reprime-en-la-comunidad-mapuche-de-lago-mascardi\/\"},\"author\":{\"name\":\"Redacci\u00f3n Mar del Plata\",\"@id\":\"https:\/\/www.pressenza.com\/es\/#\/schema\/person\/738658b5125ecea661a8a0b96dba8b69\"},\"headline\":\"La polic\u00eda reprime en la comunidad mapuche de Lago Mascardi\",\"datePublished\":\"2018-07-19T19:20:43+00:00\",\"mainEntityOfPage\":{\"@id\":\"https:\/\/www.pressenza.com\/es\/2018\/07\/la-policia-reprime-en-la-comunidad-mapuche-de-lago-mascardi\/\"},\"wordCount\":208,\"publisher\":{\"@id\":\"https:\/\/www.pressenza.com\/es\/#organization\"},\"image\":{\"@id\":\"https:\/\/www.pressenza.com\/es\/2018\/07\/la-policia-reprime-en-la-comunidad-mapuche-de-lago-mascardi\/#primaryimage\"},\"thumbnailUrl\":\"https:\/\/www.pressenza.com\/wp-content\/uploads\/2018\/07\/mascardi.jpg\",\"keywords\":[\"indigenas\",\"mapuce\",\"mapuche\",\"policia\",\"Pueblos Originarios\",\"Rafael Nahuel\",\"Rafita\",\"represi\u00f3n\",\"territorios\"],\"articleSection\":[\"Comunicados de Prensa\",\"Derechos Humanos\",\"Pueblos Originarios\",\"Sudam\u00e9rica\"],\"inLanguage\":\"es\"},{\"@type\":\"WebPage\",\"@id\":\"https:\/\/www.pressenza.com\/es\/2018\/07\/la-policia-reprime-en-la-comunidad-mapuche-de-lago-mascardi\/\",\"url\":\"https:\/\/www.pressenza.com\/es\/2018\/07\/la-policia-reprime-en-la-comunidad-mapuche-de-lago-mascardi\/\",\"name\":\"La polic\u00eda reprime en la comunidad mapuche de Lago Mascardi\",\"isPartOf\":{\"@id\":\"https:\/\/www.pressenza.com\/es\/#website\"},\"primaryImageOfPage\":{\"@id\":\"https:\/\/www.pressenza.com\/es\/2018\/07\/la-policia-reprime-en-la-comunidad-mapuche-de-lago-mascardi\/#primaryimage\"},\"image\":{\"@id\":\"https:\/\/www.pressenza.com\/es\/2018\/07\/la-policia-reprime-en-la-comunidad-mapuche-de-lago-mascardi\/#primaryimage\"},\"thumbnailUrl\":\"https:\/\/www.pressenza.com\/wp-content\/uploads\/2018\/07\/mascardi.jpg\",\"datePublished\":\"2018-07-19T19:20:43+00:00\",\"description\":\"La polic\u00eda entr\u00f3 disparando hoy a la Lof Lafken Winkul Mapu, la comunidad de Lago Mascardi donde en noviembre pasado fue asesinado Rafael Nahuel. \u201cLa\",\"breadcrumb\":{\"@id\":\"https:\/\/www.pressenza.com\/es\/2018\/07\/la-policia-reprime-en-la-comunidad-mapuche-de-lago-mascardi\/#breadcrumb\"},\"inLanguage\":\"es\",\"potentialAction\":[{\"@type\":\"ReadAction\",\"target\":[\"https:\/\/www.pressenza.com\/es\/2018\/07\/la-policia-reprime-en-la-comunidad-mapuche-de-lago-mascardi\/\"]}]},{\"@type\":\"ImageObject\",\"inLanguage\":\"es\",\"@id\":\"https:\/\/www.pressenza.com\/es\/2018\/07\/la-policia-reprime-en-la-comunidad-mapuche-de-lago-mascardi\/#primaryimage\",\"url\":\"https:\/\/www.pressenza.com\/wp-content\/uploads\/2018\/07\/mascardi.jpg\",\"contentUrl\":\"https:\/\/www.pressenza.com\/wp-content\/uploads\/2018\/07\/mascardi.jpg\",\"width\":800,\"height\":493},{\"@type\":\"BreadcrumbList\",\"@id\":\"https:\/\/www.pressenza.com\/es\/2018\/07\/la-policia-reprime-en-la-comunidad-mapuche-de-lago-mascardi\/#breadcrumb\",\"itemListElement\":[{\"@type\":\"ListItem\",\"position\":1,\"name\":\"Accueil\",\"item\":\"https:\/\/www.pressenza.com\/es\/\"},{\"@type\":\"ListItem\",\"position\":2,\"name\":\"La polic\u00eda reprime en la comunidad mapuche de Lago Mascardi\"}]},{\"@type\":\"WebSite\",\"@id\":\"https:\/\/www.pressenza.com\/es\/#website\",\"url\":\"https:\/\/www.pressenza.com\/es\/\",\"name\":\"Pressenza\",\"description\":\"International Press Agency\",\"publisher\":{\"@id\":\"https:\/\/www.pressenza.com\/es\/#organization\"},\"potentialAction\":[{\"@type\":\"SearchAction\",\"target\":{\"@type\":\"EntryPoint\",\"urlTemplate\":\"https:\/\/www.pressenza.com\/es\/?s={search_term_string}\"},\"query-input\":{\"@type\":\"PropertyValueSpecification\",\"valueRequired\":true,\"valueName\":\"search_term_string\"}}],\"inLanguage\":\"es\"},{\"@type\":\"Organization\",\"@id\":\"https:\/\/www.pressenza.com\/es\/#organization\",\"name\":\"Pressenza\",\"url\":\"https:\/\/www.pressenza.com\/es\/\",\"logo\":{\"@type\":\"ImageObject\",\"inLanguage\":\"es\",\"@id\":\"https:\/\/www.pressenza.com\/es\/#\/schema\/logo\/image\/\",\"url\":\"https:\/\/www.pressenza.com\/wp-content\/uploads\/2022\/10\/pressenza_logo_200x200.jpg\",\"contentUrl\":\"https:\/\/www.pressenza.com\/wp-content\/uploads\/2022\/10\/pressenza_logo_200x200.jpg\",\"width\":200,\"height\":200,\"caption\":\"Pressenza\"},\"image\":{\"@id\":\"https:\/\/www.pressenza.com\/es\/#\/schema\/logo\/image\/\"},\"sameAs\":[\"https:\/\/www.facebook.com\/PressenzaItalia\",\"https:\/\/x.com\/PressenzaIPA\"]},{\"@type\":\"Person\",\"@id\":\"https:\/\/www.pressenza.com\/es\/#\/schema\/person\/738658b5125ecea661a8a0b96dba8b69\",\"name\":\"Redacci\u00f3n Mar del Plata\",\"description\":\"News published by the Pressenza bureau in Mar Del Plata, Argentina\",\"sameAs\":[\"https:\/\/www.facebook.com\/pressenza\",\"https:\/\/x.com\/Pressenza\"],\"url\":\"https:\/\/www.pressenza.com\/es\/author\/redaccion-mar-del-plata\/\"}]}<\/script>\n<!-- \/ Yoast SEO plugin. -->","yoast_head_json":{"title":"La polic\u00eda reprime en la comunidad mapuche de Lago Mascardi","description":"La polic\u00eda entr\u00f3 disparando hoy a la Lof Lafken Winkul Mapu, la comunidad de Lago Mascardi donde en noviembre pasado fue asesinado Rafael Nahuel. \u201cLa","robots":{"index":"index","follow":"follow","max-snippet":"max-snippet:-1","max-image-preview":"max-image-preview:large","max-video-preview":"max-video-preview:-1"},"canonical":"https:\/\/www.pressenza.com\/es\/2018\/07\/la-policia-reprime-en-la-comunidad-mapuche-de-lago-mascardi\/","og_locale":"es_ES","og_type":"article","og_title":"La polic\u00eda reprime en la comunidad mapuche de Lago Mascardi","og_description":"La polic\u00eda entr\u00f3 disparando hoy a la Lof Lafken Winkul Mapu, la comunidad de Lago Mascardi donde en noviembre pasado fue asesinado Rafael Nahuel. \u201cLa","og_url":"https:\/\/www.pressenza.com\/es\/2018\/07\/la-policia-reprime-en-la-comunidad-mapuche-de-lago-mascardi\/","og_site_name":"Pressenza","article_publisher":"https:\/\/www.facebook.com\/PressenzaItalia","article_author":"https:\/\/www.facebook.com\/pressenza","article_published_time":"2018-07-19T19:20:43+00:00","og_image":[{"width":800,"height":493,"url":"https:\/\/www.pressenza.com\/wp-content\/uploads\/2018\/07\/mascardi.jpg","type":"image\/jpeg"}],"author":"Redacci\u00f3n Mar del Plata","twitter_card":"summary_large_image","twitter_creator":"@Pressenza","twitter_site":"@PressenzaIPA","twitter_misc":{"Escrito por":"Redacci\u00f3n Mar del Plata","Tiempo de lectura":"1 minuto"},"schema":{"@context":"https:\/\/schema.org","@graph":[{"@type":"Article","@id":"https:\/\/www.pressenza.com\/es\/2018\/07\/la-policia-reprime-en-la-comunidad-mapuche-de-lago-mascardi\/#article","isPartOf":{"@id":"https:\/\/www.pressenza.com\/es\/2018\/07\/la-policia-reprime-en-la-comunidad-mapuche-de-lago-mascardi\/"},"author":{"name":"Redacci\u00f3n Mar del Plata","@id":"https:\/\/www.pressenza.com\/es\/#\/schema\/person\/738658b5125ecea661a8a0b96dba8b69"},"headline":"La polic\u00eda reprime en la comunidad mapuche de Lago Mascardi","datePublished":"2018-07-19T19:20:43+00:00","mainEntityOfPage":{"@id":"https:\/\/www.pressenza.com\/es\/2018\/07\/la-policia-reprime-en-la-comunidad-mapuche-de-lago-mascardi\/"},"wordCount":208,"publisher":{"@id":"https:\/\/www.pressenza.com\/es\/#organization"},"image":{"@id":"https:\/\/www.pressenza.com\/es\/2018\/07\/la-policia-reprime-en-la-comunidad-mapuche-de-lago-mascardi\/#primaryimage"},"thumbnailUrl":"https:\/\/www.pressenza.com\/wp-content\/uploads\/2018\/07\/mascardi.jpg","keywords":["indigenas","mapuce","mapuche","policia","Pueblos Originarios","Rafael Nahuel","Rafita","represi\u00f3n","territorios"],"articleSection":["Comunicados de Prensa","Derechos Humanos","Pueblos Originarios","Sudam\u00e9rica"],"inLanguage":"es"},{"@type":"WebPage","@id":"https:\/\/www.pressenza.com\/es\/2018\/07\/la-policia-reprime-en-la-comunidad-mapuche-de-lago-mascardi\/","url":"https:\/\/www.pressenza.com\/es\/2018\/07\/la-policia-reprime-en-la-comunidad-mapuche-de-lago-mascardi\/","name":"La polic\u00eda reprime en la comunidad mapuche de Lago Mascardi","isPartOf":{"@id":"https:\/\/www.pressenza.com\/es\/#website"},"primaryImageOfPage":{"@id":"https:\/\/www.pressenza.com\/es\/2018\/07\/la-policia-reprime-en-la-comunidad-mapuche-de-lago-mascardi\/#primaryimage"},"image":{"@id":"https:\/\/www.pressenza.com\/es\/2018\/07\/la-policia-reprime-en-la-comunidad-mapuche-de-lago-mascardi\/#primaryimage"},"thumbnailUrl":"https:\/\/www.pressenza.com\/wp-content\/uploads\/2018\/07\/mascardi.jpg","datePublished":"2018-07-19T19:20:43+00:00","description":"La polic\u00eda entr\u00f3 disparando hoy a la Lof Lafken Winkul Mapu, la comunidad de Lago Mascardi donde en noviembre pasado fue asesinado Rafael Nahuel. \u201cLa","breadcrumb":{"@id":"https:\/\/www.pressenza.com\/es\/2018\/07\/la-policia-reprime-en-la-comunidad-mapuche-de-lago-mascardi\/#breadcrumb"},"inLanguage":"es","potentialAction":[{"@type":"ReadAction","target":["https:\/\/www.pressenza.com\/es\/2018\/07\/la-policia-reprime-en-la-comunidad-mapuche-de-lago-mascardi\/"]}]},{"@type":"ImageObject","inLanguage":"es","@id":"https:\/\/www.pressenza.com\/es\/2018\/07\/la-policia-reprime-en-la-comunidad-mapuche-de-lago-mascardi\/#primaryimage","url":"https:\/\/www.pressenza.com\/wp-content\/uploads\/2018\/07\/mascardi.jpg","contentUrl":"https:\/\/www.pressenza.com\/wp-content\/uploads\/2018\/07\/mascardi.jpg","width":800,"height":493},{"@type":"BreadcrumbList","@id":"https:\/\/www.pressenza.com\/es\/2018\/07\/la-policia-reprime-en-la-comunidad-mapuche-de-lago-mascardi\/#breadcrumb","itemListElement":[{"@type":"ListItem","position":1,"name":"Accueil","item":"https:\/\/www.pressenza.com\/es\/"},{"@type":"ListItem","position":2,"name":"La polic\u00eda reprime en la comunidad mapuche de Lago Mascardi"}]},{"@type":"WebSite","@id":"https:\/\/www.pressenza.com\/es\/#website","url":"https:\/\/www.pressenza.com\/es\/","name":"Pressenza","description":"International Press Agency","publisher":{"@id":"https:\/\/www.pressenza.com\/es\/#organization"},"potentialAction":[{"@type":"SearchAction","target":{"@type":"EntryPoint","urlTemplate":"https:\/\/www.pressenza.com\/es\/?s={search_term_string}"},"query-input":{"@type":"PropertyValueSpecification","valueRequired":true,"valueName":"search_term_string"}}],"inLanguage":"es"},{"@type":"Organization","@id":"https:\/\/www.pressenza.com\/es\/#organization","name":"Pressenza","url":"https:\/\/www.pressenza.com\/es\/","logo":{"@type":"ImageObject","inLanguage":"es","@id":"https:\/\/www.pressenza.com\/es\/#\/schema\/logo\/image\/","url":"https:\/\/www.pressenza.com\/wp-content\/uploads\/2022\/10\/pressenza_logo_200x200.jpg","contentUrl":"https:\/\/www.pressenza.com\/wp-content\/uploads\/2022\/10\/pressenza_logo_200x200.jpg","width":200,"height":200,"caption":"Pressenza"},"image":{"@id":"https:\/\/www.pressenza.com\/es\/#\/schema\/logo\/image\/"},"sameAs":["https:\/\/www.facebook.com\/PressenzaItalia","https:\/\/x.com\/PressenzaIPA"]},{"@type":"Person","@id":"https:\/\/www.pressenza.com\/es\/#\/schema\/person\/738658b5125ecea661a8a0b96dba8b69","name":"Redacci\u00f3n Mar del Plata","description":"News published by the Pressenza bureau in Mar Del Plata, Argentina","sameAs":["https:\/\/www.facebook.com\/pressenza","https:\/\/x.com\/Pressenza"],"url":"https:\/\/www.pressenza.com\/es\/author\/redaccion-mar-del-plata\/"}]}},"place":"Lago Mascardi, Argentina","original_article_url":"","_links":{"self":[{"href":"https:\/\/www.pressenza.com\/es\/wp-json\/wp\/v2\/posts\/679963","targetHints":{"allow":["GET"]}}],"collection":[{"href":"https:\/\/www.pressenza.com\/es\/wp-json\/wp\/v2\/posts"}],"about":[{"href":"https:\/\/www.pressenza.com\/es\/wp-json\/wp\/v2\/types\/post"}],"author":[{"embeddable":true,"href":"https:\/\/www.pressenza.com\/es\/wp-json\/wp\/v2\/users\/1254"}],"replies":[{"embeddable":true,"href":"https:\/\/www.pressenza.com\/es\/wp-json\/wp\/v2\/comments?post=679963"}],"version-history":[{"count":0,"href":"https:\/\/www.pressenza.com\/es\/wp-json\/wp\/v2\/posts\/679963\/revisions"}],"wp:featuredmedia":[{"embeddable":true,"href":"https:\/\/www.pressenza.com\/es\/wp-json\/wp\/v2\/media\/679964"}],"wp:attachment":[{"href":"https:\/\/www.pressenza.com\/es\/wp-json\/wp\/v2\/media?parent=679963"}],"wp:term":[{"taxonomy":"category","embeddable":true,"href":"https:\/\/www.pressenza.com\/es\/wp-json\/wp\/v2\/categories?post=679963"},{"taxonomy":"post_tag","embeddable":true,"href":"https:\/\/www.pressenza.com\/es\/wp-json\/wp\/v2\/tags?post=679963"}],"curies":[{"name":"wp","href":"https:\/\/api.w.org\/{rel}","templated":true}]}}