{"id":679800,"date":"2018-07-19T14:31:09","date_gmt":"2018-07-19T13:31:09","guid":{"rendered":"https:\/\/www.pressenza.com\/?p=679800"},"modified":"2018-07-19T14:31:09","modified_gmt":"2018-07-19T13:31:09","slug":"naga-carta-abierta-a-salvini","status":"publish","type":"post","link":"https:\/\/www.pressenza.com\/es\/2018\/07\/naga-carta-abierta-a-salvini\/","title":{"rendered":"Naga, carta abierta a Salvini"},"content":{"rendered":"<p>Estimado Ministro del Interior,<\/p>\n<p>Escuchando y leyendo lo que usted ha dicho sobre la inmigraci\u00f3n, a veces hemos estado de acuerdo con usted.<\/p>\n<p><strong>Usted dice: reduzcamos los costes de recepci\u00f3n y saquemos del sistema a los que se benefician de la piel de los dem\u00e1s.<\/strong><\/p>\n<p>\u00a1Tiene raz\u00f3n! Superemos la l\u00f3gica de emergencia actual que rige el fen\u00f3meno migratorio poniendo parches temporales que a menudo derogan los procedimientos y normas vigentes. Estandaricemos la recepci\u00f3n para un sistema estructural \u00fanico que est\u00e1 sujeto a un seguimiento continuo del cumplimiento de las convenciones y las obligaciones de presentaci\u00f3n de informes.<\/p>\n<p><strong>Usted dice: reduzcamos el tiempo de espera para examinar las solicitudes de protecci\u00f3n internacional.<\/strong><\/p>\n<p>\u00a1Tal vez! Gracias a nuestra actividad como observatorio del sistema de recepci\u00f3n de Mil\u00e1n, hemos podido comprobar por nosotros mismos los efectos de someter a la gente a una espera tan larga, en un limbo jur\u00eddico en el que es muy dif\u00edcil ver que se respetan los derechos de los que son propietarios. En muchos casos, los centros de acogida no est\u00e1n equipados para ofrecer el apoyo psicosocial adecuado a las personas que han sido perseguidas y torturadas en sus hogares y durante su viaje, y la espera s\u00f3lo exacerba estas situaciones.<\/p>\n<p><strong>Usted dice: reduzcamos los desembarcos, o incluso llev\u00e9moslos a cero.<\/strong><\/p>\n<p>\u00a1Super idea! Establezcamos un sistema de visados que permitir\u00e1 a todo el mundo viajar desde su pa\u00eds de origen a otro pa\u00eds en un viaje legal y seguro. De este modo, tambi\u00e9n podr\u00edamos conseguir la gran ventaja de cerrar puertos, porque los trabajos de b\u00fasqueda y salvamento realizados por los distintos pa\u00edses europeos y las organizaciones no gubernamentales en el Mar Mediterr\u00e1neo ya no ser\u00edan necesarios.<\/p>\n<p><strong>Usted dice: solo damos la bienvenida a los que realmente huyen de la guerra y restringimos la concesi\u00f3n de protecci\u00f3n por motivos humanitarios.<\/strong><\/p>\n<p>\u00a1De acuerdo! Vamos m\u00e1s all\u00e1 de la actual ley de inmigraci\u00f3n, que hace imprescindible obtener un permiso de residencia y un contrato de trabajo, y al mismo tiempo no permite ninguna forma de regularizaci\u00f3n para aquellos que ya se encuentran en territorio nacional. Para aquellos que llegan a Italia o a otros pa\u00edses de la Uni\u00f3n Europea en busca de mejores condiciones de vida, dispongamos la concesi\u00f3n de un permiso de residencia europeo que les permita buscar trabajo.<\/p>\n<p><strong>Usted dice: Italia no puede acoger a todo el mundo, cada pa\u00eds europeo debe hacer su parte.<\/strong><\/p>\n<p>\u00a1Estamos de acuerdo! Vayamos m\u00e1s all\u00e1 del actual Reglamento Dubl\u00edn III e introduzcamos mecanismos que tengan en cuenta las opciones de los solicitantes de asilo en cuanto al pa\u00eds en el que se instalen. Creemos un permiso de residencia europeo que permita la libre circulaci\u00f3n en el territorio de la Uni\u00f3n mediante la supresi\u00f3n de todas las fronteras interiores.<\/p>\n<p><strong>Estimado Ministro, nos parece que tanto usted como los que le han precedido durante los \u00faltimos 20 a\u00f1os no tienen ninguna dificultad para identificar los problemas, sino para encontrar soluciones, de modo que tanto usted como sus predecesores han partido de dos suposiciones err\u00f3neas: que la inmigraci\u00f3n es una amenaza de la que pueden protegerse y que podemos utilizar leyes y medidas para influir en los deseos y la voluntad que llevan a la gente a marcharse. La inmigraci\u00f3n, por otro lado, es como la lluvia: es esencial y no dejar\u00e1 de caer.<\/strong><\/p>\n","protected":false},"excerpt":{"rendered":"<p>Estimado Ministro del Interior, Escuchando y leyendo lo que usted ha dicho sobre la inmigraci\u00f3n, a veces hemos estado de acuerdo con usted. Usted dice: reduzcamos los costes de recepci\u00f3n y saquemos del sistema a los que se benefician de&hellip;<\/p>\n","protected":false},"author":247,"featured_media":679707,"comment_status":"closed","ping_status":"closed","sticky":false,"template":"","format":"standard","meta":{"footnotes":""},"categories":[149,79,66],"tags":[1155,15882,48184,48185,48186,4817],"class_list":["post-679800","post","type-post","status-publish","format-standard","has-post-thumbnail","hentry","category-comunicados-de-prensa","category-derechos-humanos","category-europa-es","tag-inmigracion","tag-ong-es","tag-permiso-de-residencia-europeo","tag-reglamento-dublin-iii","tag-rescates","tag-union-europea"],"yoast_head":"<!-- This site is optimized with the Yoast SEO plugin v27.1.1 - https:\/\/yoast.com\/product\/yoast-seo-wordpress\/ -->\n<title>Naga, carta abierta a Salvini<\/title>\n<meta name=\"description\" content=\"Estimado Ministro del Interior, Escuchando y leyendo lo que usted ha dicho sobre la inmigraci\u00f3n, a veces hemos estado de acuerdo con usted. Usted dice:\" \/>\n<meta name=\"robots\" content=\"index, follow, max-snippet:-1, max-image-preview:large, max-video-preview:-1\" \/>\n<link rel=\"canonical\" href=\"https:\/\/www.pressenza.com\/es\/2018\/07\/naga-carta-abierta-a-salvini\/\" \/>\n<meta property=\"og:locale\" content=\"es_ES\" \/>\n<meta property=\"og:type\" content=\"article\" \/>\n<meta property=\"og:title\" content=\"Naga, carta abierta a Salvini\" \/>\n<meta property=\"og:description\" content=\"Estimado Ministro del Interior, Escuchando y leyendo lo que usted ha dicho sobre la inmigraci\u00f3n, a veces hemos estado de acuerdo con usted. Usted dice:\" \/>\n<meta property=\"og:url\" content=\"https:\/\/www.pressenza.com\/es\/2018\/07\/naga-carta-abierta-a-salvini\/\" \/>\n<meta property=\"og:site_name\" content=\"Pressenza\" \/>\n<meta property=\"article:publisher\" content=\"https:\/\/www.facebook.com\/PressenzaItalia\" \/>\n<meta property=\"article:published_time\" content=\"2018-07-19T13:31:09+00:00\" \/>\n<meta property=\"og:image\" content=\"https:\/\/www.pressenza.com\/wp-content\/uploads\/2018\/07\/migranti-salvati-open-arms-1.jpg\" \/>\n\t<meta property=\"og:image:width\" content=\"960\" \/>\n\t<meta property=\"og:image:height\" content=\"720\" \/>\n\t<meta property=\"og:image:type\" content=\"image\/jpeg\" \/>\n<meta name=\"author\" content=\"NAGA - Associazione di Volontariato per l&#039;Assistenza Socio-Sanitaria e per i Diritti di Cittadini Stranieri, Rom e Sinti\" \/>\n<meta name=\"twitter:card\" content=\"summary_large_image\" \/>\n<meta name=\"twitter:creator\" content=\"@PressenzaIPA\" \/>\n<meta name=\"twitter:site\" content=\"@PressenzaIPA\" \/>\n<meta name=\"twitter:label1\" content=\"Escrito por\" \/>\n\t<meta name=\"twitter:data1\" content=\"NAGA - Associazione di Volontariato per l&#039;Assistenza Socio-Sanitaria e per i Diritti di Cittadini Stranieri, Rom e Sinti\" \/>\n\t<meta name=\"twitter:label2\" content=\"Tiempo de lectura\" \/>\n\t<meta name=\"twitter:data2\" content=\"3 minutos\" \/>\n<script type=\"application\/ld+json\" class=\"yoast-schema-graph\">{\"@context\":\"https:\/\/schema.org\",\"@graph\":[{\"@type\":\"Article\",\"@id\":\"https:\/\/www.pressenza.com\/es\/2018\/07\/naga-carta-abierta-a-salvini\/#article\",\"isPartOf\":{\"@id\":\"https:\/\/www.pressenza.com\/es\/2018\/07\/naga-carta-abierta-a-salvini\/\"},\"author\":{\"name\":\"NAGA - Associazione di Volontariato per l'Assistenza Socio-Sanitaria e per i Diritti di Cittadini Stranieri, Rom e Sinti\",\"@id\":\"https:\/\/www.pressenza.com\/es\/#\/schema\/person\/d18cb226c0a99bf2f481e632e5d8bb78\"},\"headline\":\"Naga, carta abierta a Salvini\",\"datePublished\":\"2018-07-19T13:31:09+00:00\",\"mainEntityOfPage\":{\"@id\":\"https:\/\/www.pressenza.com\/es\/2018\/07\/naga-carta-abierta-a-salvini\/\"},\"wordCount\":596,\"publisher\":{\"@id\":\"https:\/\/www.pressenza.com\/es\/#organization\"},\"image\":{\"@id\":\"https:\/\/www.pressenza.com\/es\/2018\/07\/naga-carta-abierta-a-salvini\/#primaryimage\"},\"thumbnailUrl\":\"https:\/\/www.pressenza.com\/wp-content\/uploads\/2018\/07\/migranti-salvati-open-arms-1.jpg\",\"keywords\":[\"inmigraci\u00f3n\",\"Ong\",\"Permiso de residencia europeo\",\"Reglamento Dubl\u00edn III\",\"Rescates\",\"Uni\u00f3n Europea\"],\"articleSection\":[\"Comunicados de Prensa\",\"Derechos Humanos\",\"Europa\"],\"inLanguage\":\"es\"},{\"@type\":\"WebPage\",\"@id\":\"https:\/\/www.pressenza.com\/es\/2018\/07\/naga-carta-abierta-a-salvini\/\",\"url\":\"https:\/\/www.pressenza.com\/es\/2018\/07\/naga-carta-abierta-a-salvini\/\",\"name\":\"Naga, carta abierta a Salvini\",\"isPartOf\":{\"@id\":\"https:\/\/www.pressenza.com\/es\/#website\"},\"primaryImageOfPage\":{\"@id\":\"https:\/\/www.pressenza.com\/es\/2018\/07\/naga-carta-abierta-a-salvini\/#primaryimage\"},\"image\":{\"@id\":\"https:\/\/www.pressenza.com\/es\/2018\/07\/naga-carta-abierta-a-salvini\/#primaryimage\"},\"thumbnailUrl\":\"https:\/\/www.pressenza.com\/wp-content\/uploads\/2018\/07\/migranti-salvati-open-arms-1.jpg\",\"datePublished\":\"2018-07-19T13:31:09+00:00\",\"description\":\"Estimado Ministro del Interior, Escuchando y leyendo lo que usted ha dicho sobre la inmigraci\u00f3n, a veces hemos estado de acuerdo con usted. Usted dice:\",\"breadcrumb\":{\"@id\":\"https:\/\/www.pressenza.com\/es\/2018\/07\/naga-carta-abierta-a-salvini\/#breadcrumb\"},\"inLanguage\":\"es\",\"potentialAction\":[{\"@type\":\"ReadAction\",\"target\":[\"https:\/\/www.pressenza.com\/es\/2018\/07\/naga-carta-abierta-a-salvini\/\"]}]},{\"@type\":\"ImageObject\",\"inLanguage\":\"es\",\"@id\":\"https:\/\/www.pressenza.com\/es\/2018\/07\/naga-carta-abierta-a-salvini\/#primaryimage\",\"url\":\"https:\/\/www.pressenza.com\/wp-content\/uploads\/2018\/07\/migranti-salvati-open-arms-1.jpg\",\"contentUrl\":\"https:\/\/www.pressenza.com\/wp-content\/uploads\/2018\/07\/migranti-salvati-open-arms-1.jpg\",\"width\":960,\"height\":720},{\"@type\":\"BreadcrumbList\",\"@id\":\"https:\/\/www.pressenza.com\/es\/2018\/07\/naga-carta-abierta-a-salvini\/#breadcrumb\",\"itemListElement\":[{\"@type\":\"ListItem\",\"position\":1,\"name\":\"Accueil\",\"item\":\"https:\/\/www.pressenza.com\/es\/\"},{\"@type\":\"ListItem\",\"position\":2,\"name\":\"Naga, carta abierta a Salvini\"}]},{\"@type\":\"WebSite\",\"@id\":\"https:\/\/www.pressenza.com\/es\/#website\",\"url\":\"https:\/\/www.pressenza.com\/es\/\",\"name\":\"Pressenza\",\"description\":\"International Press Agency\",\"publisher\":{\"@id\":\"https:\/\/www.pressenza.com\/es\/#organization\"},\"potentialAction\":[{\"@type\":\"SearchAction\",\"target\":{\"@type\":\"EntryPoint\",\"urlTemplate\":\"https:\/\/www.pressenza.com\/es\/?s={search_term_string}\"},\"query-input\":{\"@type\":\"PropertyValueSpecification\",\"valueRequired\":true,\"valueName\":\"search_term_string\"}}],\"inLanguage\":\"es\"},{\"@type\":\"Organization\",\"@id\":\"https:\/\/www.pressenza.com\/es\/#organization\",\"name\":\"Pressenza\",\"url\":\"https:\/\/www.pressenza.com\/es\/\",\"logo\":{\"@type\":\"ImageObject\",\"inLanguage\":\"es\",\"@id\":\"https:\/\/www.pressenza.com\/es\/#\/schema\/logo\/image\/\",\"url\":\"https:\/\/www.pressenza.com\/wp-content\/uploads\/2022\/10\/pressenza_logo_200x200.jpg\",\"contentUrl\":\"https:\/\/www.pressenza.com\/wp-content\/uploads\/2022\/10\/pressenza_logo_200x200.jpg\",\"width\":200,\"height\":200,\"caption\":\"Pressenza\"},\"image\":{\"@id\":\"https:\/\/www.pressenza.com\/es\/#\/schema\/logo\/image\/\"},\"sameAs\":[\"https:\/\/www.facebook.com\/PressenzaItalia\",\"https:\/\/x.com\/PressenzaIPA\"]},{\"@type\":\"Person\",\"@id\":\"https:\/\/www.pressenza.com\/es\/#\/schema\/person\/d18cb226c0a99bf2f481e632e5d8bb78\",\"name\":\"NAGA - Associazione di Volontariato per l'Assistenza Socio-Sanitaria e per i Diritti di Cittadini Stranieri, Rom e Sinti\",\"sameAs\":[\"https:\/\/naga.it\"],\"url\":\"https:\/\/www.pressenza.com\/es\/author\/naga\/\"}]}<\/script>\n<!-- \/ Yoast SEO plugin. -->","yoast_head_json":{"title":"Naga, carta abierta a Salvini","description":"Estimado Ministro del Interior, Escuchando y leyendo lo que usted ha dicho sobre la inmigraci\u00f3n, a veces hemos estado de acuerdo con usted. Usted dice:","robots":{"index":"index","follow":"follow","max-snippet":"max-snippet:-1","max-image-preview":"max-image-preview:large","max-video-preview":"max-video-preview:-1"},"canonical":"https:\/\/www.pressenza.com\/es\/2018\/07\/naga-carta-abierta-a-salvini\/","og_locale":"es_ES","og_type":"article","og_title":"Naga, carta abierta a Salvini","og_description":"Estimado Ministro del Interior, Escuchando y leyendo lo que usted ha dicho sobre la inmigraci\u00f3n, a veces hemos estado de acuerdo con usted. Usted dice:","og_url":"https:\/\/www.pressenza.com\/es\/2018\/07\/naga-carta-abierta-a-salvini\/","og_site_name":"Pressenza","article_publisher":"https:\/\/www.facebook.com\/PressenzaItalia","article_published_time":"2018-07-19T13:31:09+00:00","og_image":[{"width":960,"height":720,"url":"https:\/\/www.pressenza.com\/wp-content\/uploads\/2018\/07\/migranti-salvati-open-arms-1.jpg","type":"image\/jpeg"}],"author":"NAGA - Associazione di Volontariato per l'Assistenza Socio-Sanitaria e per i Diritti di Cittadini Stranieri, Rom e Sinti","twitter_card":"summary_large_image","twitter_creator":"@PressenzaIPA","twitter_site":"@PressenzaIPA","twitter_misc":{"Escrito por":"NAGA - Associazione di Volontariato per l'Assistenza Socio-Sanitaria e per i Diritti di Cittadini Stranieri, Rom e Sinti","Tiempo de lectura":"3 minutos"},"schema":{"@context":"https:\/\/schema.org","@graph":[{"@type":"Article","@id":"https:\/\/www.pressenza.com\/es\/2018\/07\/naga-carta-abierta-a-salvini\/#article","isPartOf":{"@id":"https:\/\/www.pressenza.com\/es\/2018\/07\/naga-carta-abierta-a-salvini\/"},"author":{"name":"NAGA - Associazione di Volontariato per l'Assistenza Socio-Sanitaria e per i Diritti di Cittadini Stranieri, Rom e Sinti","@id":"https:\/\/www.pressenza.com\/es\/#\/schema\/person\/d18cb226c0a99bf2f481e632e5d8bb78"},"headline":"Naga, carta abierta a Salvini","datePublished":"2018-07-19T13:31:09+00:00","mainEntityOfPage":{"@id":"https:\/\/www.pressenza.com\/es\/2018\/07\/naga-carta-abierta-a-salvini\/"},"wordCount":596,"publisher":{"@id":"https:\/\/www.pressenza.com\/es\/#organization"},"image":{"@id":"https:\/\/www.pressenza.com\/es\/2018\/07\/naga-carta-abierta-a-salvini\/#primaryimage"},"thumbnailUrl":"https:\/\/www.pressenza.com\/wp-content\/uploads\/2018\/07\/migranti-salvati-open-arms-1.jpg","keywords":["inmigraci\u00f3n","Ong","Permiso de residencia europeo","Reglamento Dubl\u00edn III","Rescates","Uni\u00f3n Europea"],"articleSection":["Comunicados de Prensa","Derechos Humanos","Europa"],"inLanguage":"es"},{"@type":"WebPage","@id":"https:\/\/www.pressenza.com\/es\/2018\/07\/naga-carta-abierta-a-salvini\/","url":"https:\/\/www.pressenza.com\/es\/2018\/07\/naga-carta-abierta-a-salvini\/","name":"Naga, carta abierta a Salvini","isPartOf":{"@id":"https:\/\/www.pressenza.com\/es\/#website"},"primaryImageOfPage":{"@id":"https:\/\/www.pressenza.com\/es\/2018\/07\/naga-carta-abierta-a-salvini\/#primaryimage"},"image":{"@id":"https:\/\/www.pressenza.com\/es\/2018\/07\/naga-carta-abierta-a-salvini\/#primaryimage"},"thumbnailUrl":"https:\/\/www.pressenza.com\/wp-content\/uploads\/2018\/07\/migranti-salvati-open-arms-1.jpg","datePublished":"2018-07-19T13:31:09+00:00","description":"Estimado Ministro del Interior, Escuchando y leyendo lo que usted ha dicho sobre la inmigraci\u00f3n, a veces hemos estado de acuerdo con usted. Usted dice:","breadcrumb":{"@id":"https:\/\/www.pressenza.com\/es\/2018\/07\/naga-carta-abierta-a-salvini\/#breadcrumb"},"inLanguage":"es","potentialAction":[{"@type":"ReadAction","target":["https:\/\/www.pressenza.com\/es\/2018\/07\/naga-carta-abierta-a-salvini\/"]}]},{"@type":"ImageObject","inLanguage":"es","@id":"https:\/\/www.pressenza.com\/es\/2018\/07\/naga-carta-abierta-a-salvini\/#primaryimage","url":"https:\/\/www.pressenza.com\/wp-content\/uploads\/2018\/07\/migranti-salvati-open-arms-1.jpg","contentUrl":"https:\/\/www.pressenza.com\/wp-content\/uploads\/2018\/07\/migranti-salvati-open-arms-1.jpg","width":960,"height":720},{"@type":"BreadcrumbList","@id":"https:\/\/www.pressenza.com\/es\/2018\/07\/naga-carta-abierta-a-salvini\/#breadcrumb","itemListElement":[{"@type":"ListItem","position":1,"name":"Accueil","item":"https:\/\/www.pressenza.com\/es\/"},{"@type":"ListItem","position":2,"name":"Naga, carta abierta a Salvini"}]},{"@type":"WebSite","@id":"https:\/\/www.pressenza.com\/es\/#website","url":"https:\/\/www.pressenza.com\/es\/","name":"Pressenza","description":"International Press Agency","publisher":{"@id":"https:\/\/www.pressenza.com\/es\/#organization"},"potentialAction":[{"@type":"SearchAction","target":{"@type":"EntryPoint","urlTemplate":"https:\/\/www.pressenza.com\/es\/?s={search_term_string}"},"query-input":{"@type":"PropertyValueSpecification","valueRequired":true,"valueName":"search_term_string"}}],"inLanguage":"es"},{"@type":"Organization","@id":"https:\/\/www.pressenza.com\/es\/#organization","name":"Pressenza","url":"https:\/\/www.pressenza.com\/es\/","logo":{"@type":"ImageObject","inLanguage":"es","@id":"https:\/\/www.pressenza.com\/es\/#\/schema\/logo\/image\/","url":"https:\/\/www.pressenza.com\/wp-content\/uploads\/2022\/10\/pressenza_logo_200x200.jpg","contentUrl":"https:\/\/www.pressenza.com\/wp-content\/uploads\/2022\/10\/pressenza_logo_200x200.jpg","width":200,"height":200,"caption":"Pressenza"},"image":{"@id":"https:\/\/www.pressenza.com\/es\/#\/schema\/logo\/image\/"},"sameAs":["https:\/\/www.facebook.com\/PressenzaItalia","https:\/\/x.com\/PressenzaIPA"]},{"@type":"Person","@id":"https:\/\/www.pressenza.com\/es\/#\/schema\/person\/d18cb226c0a99bf2f481e632e5d8bb78","name":"NAGA - Associazione di Volontariato per l'Assistenza Socio-Sanitaria e per i Diritti di Cittadini Stranieri, Rom e Sinti","sameAs":["https:\/\/naga.it"],"url":"https:\/\/www.pressenza.com\/es\/author\/naga\/"}]}},"place":"","original_article_url":"","_links":{"self":[{"href":"https:\/\/www.pressenza.com\/es\/wp-json\/wp\/v2\/posts\/679800","targetHints":{"allow":["GET"]}}],"collection":[{"href":"https:\/\/www.pressenza.com\/es\/wp-json\/wp\/v2\/posts"}],"about":[{"href":"https:\/\/www.pressenza.com\/es\/wp-json\/wp\/v2\/types\/post"}],"author":[{"embeddable":true,"href":"https:\/\/www.pressenza.com\/es\/wp-json\/wp\/v2\/users\/247"}],"replies":[{"embeddable":true,"href":"https:\/\/www.pressenza.com\/es\/wp-json\/wp\/v2\/comments?post=679800"}],"version-history":[{"count":0,"href":"https:\/\/www.pressenza.com\/es\/wp-json\/wp\/v2\/posts\/679800\/revisions"}],"wp:featuredmedia":[{"embeddable":true,"href":"https:\/\/www.pressenza.com\/es\/wp-json\/wp\/v2\/media\/679707"}],"wp:attachment":[{"href":"https:\/\/www.pressenza.com\/es\/wp-json\/wp\/v2\/media?parent=679800"}],"wp:term":[{"taxonomy":"category","embeddable":true,"href":"https:\/\/www.pressenza.com\/es\/wp-json\/wp\/v2\/categories?post=679800"},{"taxonomy":"post_tag","embeddable":true,"href":"https:\/\/www.pressenza.com\/es\/wp-json\/wp\/v2\/tags?post=679800"}],"curies":[{"name":"wp","href":"https:\/\/api.w.org\/{rel}","templated":true}]}}