{"id":679149,"date":"2018-07-18T03:50:19","date_gmt":"2018-07-18T02:50:19","guid":{"rendered":"https:\/\/www.pressenza.com\/?p=679149"},"modified":"2018-07-18T03:50:19","modified_gmt":"2018-07-18T02:50:19","slug":"chile-convocatoria-de-modatima","status":"publish","type":"post","link":"https:\/\/www.pressenza.com\/es\/2018\/07\/chile-convocatoria-de-modatima\/","title":{"rendered":"Chile: convocatoria de MODATIMA"},"content":{"rendered":"<p>El Movimiento de defensa por el acceso al agua, la tierra y la protecci\u00f3n del Medioambiente (Modatima) solicit\u00f3 con fecha 9 de Julio, a trav\u00e9s de la Plataforma Ley del Lobby, audiencia con el Ministro de Agricultura Sr. Antonio Walker, la que fue programada para el d\u00eda 19 de Julio de 2018 a las 15:00 horas.<\/p>\n<p>Esta audiencia fue solicitada a prop\u00f3sito de las notas period\u00edsticas aparecidas en los \u00faltimos meses, el rol que Modatima ha desempe\u00f1ado en los \u00faltimos 10 a\u00f1os en visibilizar la privaci\u00f3n de agua que existe en la provincia de Petorca, los efectos socio-ecol\u00f3gicos que ha provocado en nuestras comunidades vivir sin agua, y tambi\u00e9n porque es necesario clarificar el rol hist\u00f3rico que ha desempe\u00f1ado nuestra organizaci\u00f3n en materia de denuncias, propuestas y compromiso con las comunidades que luchan contra el despojo del agua y la tierra.<\/p>\n<p>Nuestra concurrencia al Ministerio de Agricultura tiene adem\u00e1s por finalidad plantear nuestra posici\u00f3n con respecto a la mercantilizaci\u00f3n y privatizaci\u00f3n del agua, posici\u00f3n que es invariable, el agua debe ser un derecho humano, un bien com\u00fan a disposici\u00f3n de preservar la vida.<\/p>\n<p>Estaremos disponible para responder las preguntas de los medios de comunicaci\u00f3n desde las 14:40 horas, como tambi\u00e9n una vez finalizada la reuni\u00f3n.<\/p>\n<p>Lugar: Frontis del Ministerio de Agricultura<br \/>\nHora: 15.00 horas<br \/>\nConcurrentes: Rodrigo Mundaca (Vocero Nacional); Luis Soto (Encargado Frente Agr\u00edcola); Alejandro Vergara (Encargado Comunicaciones); Rodrigo Fa\u00fandez (Encargado Metropolitano)<br \/>\nMODATIMA<br \/>\nConsultas:<br \/>\nCel.: 990417385<br \/>\nE-Mail: comunicaciones@modatima.cl<\/p>\n","protected":false},"excerpt":{"rendered":"<p>El Movimiento de defensa por el acceso al agua, la tierra y la protecci\u00f3n del Medioambiente (Modatima) solicit\u00f3 con fecha 9 de Julio, a trav\u00e9s de la Plataforma Ley del Lobby, audiencia con el Ministro de Agricultura Sr. Antonio Walker,&hellip;<\/p>\n","protected":false},"author":43,"featured_media":679158,"comment_status":"closed","ping_status":"closed","sticky":false,"template":"","format":"standard","meta":{"footnotes":""},"categories":[149,78,67],"tags":[642,29,39621,43366,48128],"class_list":["post-679149","post","type-post","status-publish","format-standard","has-post-thumbnail","hentry","category-comunicados-de-prensa","category-medio-ambiente-ecologia","category-sudamerica","tag-agua","tag-chile","tag-ministerio-de-agricultura","tag-modatima","tag-petorca"],"yoast_head":"<!-- This site is optimized with the Yoast SEO plugin v27.1.1 - https:\/\/yoast.com\/product\/yoast-seo-wordpress\/ -->\n<title>Chile: convocatoria de MODATIMA<\/title>\n<meta name=\"description\" content=\"El Movimiento de defensa por el acceso al agua, la tierra y la protecci\u00f3n del Medioambiente (Modatima) solicit\u00f3 con fecha 9 de Julio, a trav\u00e9s de la\" \/>\n<meta name=\"robots\" content=\"index, follow, max-snippet:-1, max-image-preview:large, max-video-preview:-1\" \/>\n<link rel=\"canonical\" href=\"https:\/\/www.pressenza.com\/es\/2018\/07\/chile-convocatoria-de-modatima\/\" \/>\n<meta property=\"og:locale\" content=\"es_ES\" \/>\n<meta property=\"og:type\" content=\"article\" \/>\n<meta property=\"og:title\" content=\"Chile: convocatoria de MODATIMA\" \/>\n<meta property=\"og:description\" content=\"El Movimiento de defensa por el acceso al agua, la tierra y la protecci\u00f3n del Medioambiente (Modatima) solicit\u00f3 con fecha 9 de Julio, a trav\u00e9s de la\" \/>\n<meta property=\"og:url\" content=\"https:\/\/www.pressenza.com\/es\/2018\/07\/chile-convocatoria-de-modatima\/\" \/>\n<meta property=\"og:site_name\" content=\"Pressenza\" \/>\n<meta property=\"article:publisher\" content=\"https:\/\/www.facebook.com\/PressenzaItalia\" \/>\n<meta property=\"article:author\" content=\"https:\/\/www.facebook.com\/pressenza\" \/>\n<meta property=\"article:published_time\" content=\"2018-07-18T02:50:19+00:00\" \/>\n<meta property=\"og:image\" content=\"https:\/\/www.pressenza.com\/wp-content\/uploads\/2018\/07\/presentacion-amparo-mundaca.jpg\" \/>\n\t<meta property=\"og:image:width\" content=\"1280\" \/>\n\t<meta property=\"og:image:height\" content=\"663\" \/>\n\t<meta property=\"og:image:type\" content=\"image\/jpeg\" \/>\n<meta name=\"author\" content=\"Redacci\u00f3n Chile\" \/>\n<meta name=\"twitter:card\" content=\"summary_large_image\" \/>\n<meta name=\"twitter:creator\" content=\"@pressenza\" \/>\n<meta name=\"twitter:site\" content=\"@PressenzaIPA\" \/>\n<meta name=\"twitter:label1\" content=\"Escrito por\" \/>\n\t<meta name=\"twitter:data1\" content=\"Redacci\u00f3n Chile\" \/>\n\t<meta name=\"twitter:label2\" content=\"Tiempo de lectura\" \/>\n\t<meta name=\"twitter:data2\" content=\"1 minuto\" \/>\n<script type=\"application\/ld+json\" class=\"yoast-schema-graph\">{\"@context\":\"https:\/\/schema.org\",\"@graph\":[{\"@type\":\"Article\",\"@id\":\"https:\/\/www.pressenza.com\/es\/2018\/07\/chile-convocatoria-de-modatima\/#article\",\"isPartOf\":{\"@id\":\"https:\/\/www.pressenza.com\/es\/2018\/07\/chile-convocatoria-de-modatima\/\"},\"author\":{\"name\":\"Redacci\u00f3n Chile\",\"@id\":\"https:\/\/www.pressenza.com\/es\/#\/schema\/person\/d7db40df35d6698ba69ba9ee260944ed\"},\"headline\":\"Chile: convocatoria de MODATIMA\",\"datePublished\":\"2018-07-18T02:50:19+00:00\",\"mainEntityOfPage\":{\"@id\":\"https:\/\/www.pressenza.com\/es\/2018\/07\/chile-convocatoria-de-modatima\/\"},\"wordCount\":261,\"publisher\":{\"@id\":\"https:\/\/www.pressenza.com\/es\/#organization\"},\"image\":{\"@id\":\"https:\/\/www.pressenza.com\/es\/2018\/07\/chile-convocatoria-de-modatima\/#primaryimage\"},\"thumbnailUrl\":\"https:\/\/www.pressenza.com\/wp-content\/uploads\/2018\/07\/presentacion-amparo-mundaca.jpg\",\"keywords\":[\"Agua\",\"Chile\",\"Ministerio de Agricultura\",\"Modatima\",\"Petorca\"],\"articleSection\":[\"Comunicados de Prensa\",\"Ecolog\u00eda y Medio Ambiente\",\"Sudam\u00e9rica\"],\"inLanguage\":\"es\"},{\"@type\":\"WebPage\",\"@id\":\"https:\/\/www.pressenza.com\/es\/2018\/07\/chile-convocatoria-de-modatima\/\",\"url\":\"https:\/\/www.pressenza.com\/es\/2018\/07\/chile-convocatoria-de-modatima\/\",\"name\":\"Chile: convocatoria de MODATIMA\",\"isPartOf\":{\"@id\":\"https:\/\/www.pressenza.com\/es\/#website\"},\"primaryImageOfPage\":{\"@id\":\"https:\/\/www.pressenza.com\/es\/2018\/07\/chile-convocatoria-de-modatima\/#primaryimage\"},\"image\":{\"@id\":\"https:\/\/www.pressenza.com\/es\/2018\/07\/chile-convocatoria-de-modatima\/#primaryimage\"},\"thumbnailUrl\":\"https:\/\/www.pressenza.com\/wp-content\/uploads\/2018\/07\/presentacion-amparo-mundaca.jpg\",\"datePublished\":\"2018-07-18T02:50:19+00:00\",\"description\":\"El Movimiento de defensa por el acceso al agua, la tierra y la protecci\u00f3n del Medioambiente (Modatima) solicit\u00f3 con fecha 9 de Julio, a trav\u00e9s de la\",\"breadcrumb\":{\"@id\":\"https:\/\/www.pressenza.com\/es\/2018\/07\/chile-convocatoria-de-modatima\/#breadcrumb\"},\"inLanguage\":\"es\",\"potentialAction\":[{\"@type\":\"ReadAction\",\"target\":[\"https:\/\/www.pressenza.com\/es\/2018\/07\/chile-convocatoria-de-modatima\/\"]}]},{\"@type\":\"ImageObject\",\"inLanguage\":\"es\",\"@id\":\"https:\/\/www.pressenza.com\/es\/2018\/07\/chile-convocatoria-de-modatima\/#primaryimage\",\"url\":\"https:\/\/www.pressenza.com\/wp-content\/uploads\/2018\/07\/presentacion-amparo-mundaca.jpg\",\"contentUrl\":\"https:\/\/www.pressenza.com\/wp-content\/uploads\/2018\/07\/presentacion-amparo-mundaca.jpg\",\"width\":1280,\"height\":663},{\"@type\":\"BreadcrumbList\",\"@id\":\"https:\/\/www.pressenza.com\/es\/2018\/07\/chile-convocatoria-de-modatima\/#breadcrumb\",\"itemListElement\":[{\"@type\":\"ListItem\",\"position\":1,\"name\":\"Accueil\",\"item\":\"https:\/\/www.pressenza.com\/es\/\"},{\"@type\":\"ListItem\",\"position\":2,\"name\":\"Chile: convocatoria de MODATIMA\"}]},{\"@type\":\"WebSite\",\"@id\":\"https:\/\/www.pressenza.com\/es\/#website\",\"url\":\"https:\/\/www.pressenza.com\/es\/\",\"name\":\"Pressenza\",\"description\":\"International Press Agency\",\"publisher\":{\"@id\":\"https:\/\/www.pressenza.com\/es\/#organization\"},\"potentialAction\":[{\"@type\":\"SearchAction\",\"target\":{\"@type\":\"EntryPoint\",\"urlTemplate\":\"https:\/\/www.pressenza.com\/es\/?s={search_term_string}\"},\"query-input\":{\"@type\":\"PropertyValueSpecification\",\"valueRequired\":true,\"valueName\":\"search_term_string\"}}],\"inLanguage\":\"es\"},{\"@type\":\"Organization\",\"@id\":\"https:\/\/www.pressenza.com\/es\/#organization\",\"name\":\"Pressenza\",\"url\":\"https:\/\/www.pressenza.com\/es\/\",\"logo\":{\"@type\":\"ImageObject\",\"inLanguage\":\"es\",\"@id\":\"https:\/\/www.pressenza.com\/es\/#\/schema\/logo\/image\/\",\"url\":\"https:\/\/www.pressenza.com\/wp-content\/uploads\/2022\/10\/pressenza_logo_200x200.jpg\",\"contentUrl\":\"https:\/\/www.pressenza.com\/wp-content\/uploads\/2022\/10\/pressenza_logo_200x200.jpg\",\"width\":200,\"height\":200,\"caption\":\"Pressenza\"},\"image\":{\"@id\":\"https:\/\/www.pressenza.com\/es\/#\/schema\/logo\/image\/\"},\"sameAs\":[\"https:\/\/www.facebook.com\/PressenzaItalia\",\"https:\/\/x.com\/PressenzaIPA\"]},{\"@type\":\"Person\",\"@id\":\"https:\/\/www.pressenza.com\/es\/#\/schema\/person\/d7db40df35d6698ba69ba9ee260944ed\",\"name\":\"Redacci\u00f3n Chile\",\"description\":\"News from the Pressenza Bureau in Chile\",\"sameAs\":[\"https:\/\/www.facebook.com\/pressenza\",\"https:\/\/x.com\/pressenza\"],\"url\":\"https:\/\/www.pressenza.com\/es\/author\/redaccion-chile\/\"}]}<\/script>\n<!-- \/ Yoast SEO plugin. -->","yoast_head_json":{"title":"Chile: convocatoria de MODATIMA","description":"El Movimiento de defensa por el acceso al agua, la tierra y la protecci\u00f3n del Medioambiente (Modatima) solicit\u00f3 con fecha 9 de Julio, a trav\u00e9s de la","robots":{"index":"index","follow":"follow","max-snippet":"max-snippet:-1","max-image-preview":"max-image-preview:large","max-video-preview":"max-video-preview:-1"},"canonical":"https:\/\/www.pressenza.com\/es\/2018\/07\/chile-convocatoria-de-modatima\/","og_locale":"es_ES","og_type":"article","og_title":"Chile: convocatoria de MODATIMA","og_description":"El Movimiento de defensa por el acceso al agua, la tierra y la protecci\u00f3n del Medioambiente (Modatima) solicit\u00f3 con fecha 9 de Julio, a trav\u00e9s de la","og_url":"https:\/\/www.pressenza.com\/es\/2018\/07\/chile-convocatoria-de-modatima\/","og_site_name":"Pressenza","article_publisher":"https:\/\/www.facebook.com\/PressenzaItalia","article_author":"https:\/\/www.facebook.com\/pressenza","article_published_time":"2018-07-18T02:50:19+00:00","og_image":[{"width":1280,"height":663,"url":"https:\/\/www.pressenza.com\/wp-content\/uploads\/2018\/07\/presentacion-amparo-mundaca.jpg","type":"image\/jpeg"}],"author":"Redacci\u00f3n Chile","twitter_card":"summary_large_image","twitter_creator":"@pressenza","twitter_site":"@PressenzaIPA","twitter_misc":{"Escrito por":"Redacci\u00f3n Chile","Tiempo de lectura":"1 minuto"},"schema":{"@context":"https:\/\/schema.org","@graph":[{"@type":"Article","@id":"https:\/\/www.pressenza.com\/es\/2018\/07\/chile-convocatoria-de-modatima\/#article","isPartOf":{"@id":"https:\/\/www.pressenza.com\/es\/2018\/07\/chile-convocatoria-de-modatima\/"},"author":{"name":"Redacci\u00f3n Chile","@id":"https:\/\/www.pressenza.com\/es\/#\/schema\/person\/d7db40df35d6698ba69ba9ee260944ed"},"headline":"Chile: convocatoria de MODATIMA","datePublished":"2018-07-18T02:50:19+00:00","mainEntityOfPage":{"@id":"https:\/\/www.pressenza.com\/es\/2018\/07\/chile-convocatoria-de-modatima\/"},"wordCount":261,"publisher":{"@id":"https:\/\/www.pressenza.com\/es\/#organization"},"image":{"@id":"https:\/\/www.pressenza.com\/es\/2018\/07\/chile-convocatoria-de-modatima\/#primaryimage"},"thumbnailUrl":"https:\/\/www.pressenza.com\/wp-content\/uploads\/2018\/07\/presentacion-amparo-mundaca.jpg","keywords":["Agua","Chile","Ministerio de Agricultura","Modatima","Petorca"],"articleSection":["Comunicados de Prensa","Ecolog\u00eda y Medio Ambiente","Sudam\u00e9rica"],"inLanguage":"es"},{"@type":"WebPage","@id":"https:\/\/www.pressenza.com\/es\/2018\/07\/chile-convocatoria-de-modatima\/","url":"https:\/\/www.pressenza.com\/es\/2018\/07\/chile-convocatoria-de-modatima\/","name":"Chile: convocatoria de MODATIMA","isPartOf":{"@id":"https:\/\/www.pressenza.com\/es\/#website"},"primaryImageOfPage":{"@id":"https:\/\/www.pressenza.com\/es\/2018\/07\/chile-convocatoria-de-modatima\/#primaryimage"},"image":{"@id":"https:\/\/www.pressenza.com\/es\/2018\/07\/chile-convocatoria-de-modatima\/#primaryimage"},"thumbnailUrl":"https:\/\/www.pressenza.com\/wp-content\/uploads\/2018\/07\/presentacion-amparo-mundaca.jpg","datePublished":"2018-07-18T02:50:19+00:00","description":"El Movimiento de defensa por el acceso al agua, la tierra y la protecci\u00f3n del Medioambiente (Modatima) solicit\u00f3 con fecha 9 de Julio, a trav\u00e9s de la","breadcrumb":{"@id":"https:\/\/www.pressenza.com\/es\/2018\/07\/chile-convocatoria-de-modatima\/#breadcrumb"},"inLanguage":"es","potentialAction":[{"@type":"ReadAction","target":["https:\/\/www.pressenza.com\/es\/2018\/07\/chile-convocatoria-de-modatima\/"]}]},{"@type":"ImageObject","inLanguage":"es","@id":"https:\/\/www.pressenza.com\/es\/2018\/07\/chile-convocatoria-de-modatima\/#primaryimage","url":"https:\/\/www.pressenza.com\/wp-content\/uploads\/2018\/07\/presentacion-amparo-mundaca.jpg","contentUrl":"https:\/\/www.pressenza.com\/wp-content\/uploads\/2018\/07\/presentacion-amparo-mundaca.jpg","width":1280,"height":663},{"@type":"BreadcrumbList","@id":"https:\/\/www.pressenza.com\/es\/2018\/07\/chile-convocatoria-de-modatima\/#breadcrumb","itemListElement":[{"@type":"ListItem","position":1,"name":"Accueil","item":"https:\/\/www.pressenza.com\/es\/"},{"@type":"ListItem","position":2,"name":"Chile: convocatoria de MODATIMA"}]},{"@type":"WebSite","@id":"https:\/\/www.pressenza.com\/es\/#website","url":"https:\/\/www.pressenza.com\/es\/","name":"Pressenza","description":"International Press Agency","publisher":{"@id":"https:\/\/www.pressenza.com\/es\/#organization"},"potentialAction":[{"@type":"SearchAction","target":{"@type":"EntryPoint","urlTemplate":"https:\/\/www.pressenza.com\/es\/?s={search_term_string}"},"query-input":{"@type":"PropertyValueSpecification","valueRequired":true,"valueName":"search_term_string"}}],"inLanguage":"es"},{"@type":"Organization","@id":"https:\/\/www.pressenza.com\/es\/#organization","name":"Pressenza","url":"https:\/\/www.pressenza.com\/es\/","logo":{"@type":"ImageObject","inLanguage":"es","@id":"https:\/\/www.pressenza.com\/es\/#\/schema\/logo\/image\/","url":"https:\/\/www.pressenza.com\/wp-content\/uploads\/2022\/10\/pressenza_logo_200x200.jpg","contentUrl":"https:\/\/www.pressenza.com\/wp-content\/uploads\/2022\/10\/pressenza_logo_200x200.jpg","width":200,"height":200,"caption":"Pressenza"},"image":{"@id":"https:\/\/www.pressenza.com\/es\/#\/schema\/logo\/image\/"},"sameAs":["https:\/\/www.facebook.com\/PressenzaItalia","https:\/\/x.com\/PressenzaIPA"]},{"@type":"Person","@id":"https:\/\/www.pressenza.com\/es\/#\/schema\/person\/d7db40df35d6698ba69ba9ee260944ed","name":"Redacci\u00f3n Chile","description":"News from the Pressenza Bureau in Chile","sameAs":["https:\/\/www.facebook.com\/pressenza","https:\/\/x.com\/pressenza"],"url":"https:\/\/www.pressenza.com\/es\/author\/redaccion-chile\/"}]}},"place":"Santiago de Chile","original_article_url":"","_links":{"self":[{"href":"https:\/\/www.pressenza.com\/es\/wp-json\/wp\/v2\/posts\/679149","targetHints":{"allow":["GET"]}}],"collection":[{"href":"https:\/\/www.pressenza.com\/es\/wp-json\/wp\/v2\/posts"}],"about":[{"href":"https:\/\/www.pressenza.com\/es\/wp-json\/wp\/v2\/types\/post"}],"author":[{"embeddable":true,"href":"https:\/\/www.pressenza.com\/es\/wp-json\/wp\/v2\/users\/43"}],"replies":[{"embeddable":true,"href":"https:\/\/www.pressenza.com\/es\/wp-json\/wp\/v2\/comments?post=679149"}],"version-history":[{"count":0,"href":"https:\/\/www.pressenza.com\/es\/wp-json\/wp\/v2\/posts\/679149\/revisions"}],"wp:featuredmedia":[{"embeddable":true,"href":"https:\/\/www.pressenza.com\/es\/wp-json\/wp\/v2\/media\/679158"}],"wp:attachment":[{"href":"https:\/\/www.pressenza.com\/es\/wp-json\/wp\/v2\/media?parent=679149"}],"wp:term":[{"taxonomy":"category","embeddable":true,"href":"https:\/\/www.pressenza.com\/es\/wp-json\/wp\/v2\/categories?post=679149"},{"taxonomy":"post_tag","embeddable":true,"href":"https:\/\/www.pressenza.com\/es\/wp-json\/wp\/v2\/tags?post=679149"}],"curies":[{"name":"wp","href":"https:\/\/api.w.org\/{rel}","templated":true}]}}