{"id":678605,"date":"2018-07-17T01:29:48","date_gmt":"2018-07-17T00:29:48","guid":{"rendered":"https:\/\/www.pressenza.com\/?p=678605"},"modified":"2018-07-17T01:29:48","modified_gmt":"2018-07-17T00:29:48","slug":"luchar-contra-la-pobreza-no-contra-los-inmigrantes","status":"publish","type":"post","link":"https:\/\/www.pressenza.com\/es\/2018\/07\/luchar-contra-la-pobreza-no-contra-los-inmigrantes\/","title":{"rendered":"Luchar contra la pobreza, no contra los inmigrantes"},"content":{"rendered":"<p><em>\u00abToda persona, como miembro de la sociedad, tiene derecho a la seguridad social y a la realizaci\u00f3n, mediante el esfuerzo nacional y la cooperaci\u00f3n internacional y de conformidad con la organizaci\u00f3n y los recursos de cada Estado, de los derechos econ\u00f3micos, sociales y culturales indispensables a su dignidad y al libre desarrollo de su personalidad.<\/em><\/p>\n<p><em>(Art\u00edculo 22 de la Declaraci\u00f3n Universal de los Derechos Humanos) <\/em><\/p>\n<p>De conformidad con el esp\u00edritu y el texto de la Declaraci\u00f3n Universal de Derechos Humanos:<\/p>\n<p>Condenamos cualquier respuesta al fen\u00f3meno de la migraci\u00f3n que incluya no rescatar a los n\u00e1ufragos, la devoluci\u00f3n, la externalizaci\u00f3n de las fronteras y las expulsiones;<\/p>\n<ul>\n<li>Del mismo modo, condenamos el acuerdo firmado con Libia por el ex Ministro Minniti (y mantenido por el nuevo Ministro Salvini), que legitima la existencia de campos de prisioneros en los que se somete a los migrantes a tratos inhumanos y que conf\u00eda a los guardacostas libios la tarea de capturar a los que salen al mar;<\/li>\n<li>Consideramos despreciable la actitud de la Uni\u00f3n Europea, resumida en el Tratado de Dubl\u00edn, que proh\u00edbe a los inmigrantes llegar a los pa\u00edses a los que desean ir (y en los que las condiciones sociales y laborales son mejores) y que pretende dejar la carga de su acogida e integraci\u00f3n \u00fanicamente en manos de los pa\u00edses de la frontera sur, los m\u00e1s gravemente afectados por las pol\u00edticas econ\u00f3micas aplicadas por la propia Uni\u00f3n y en los que proliferan la pobreza y el desempleo;<\/li>\n<li>Rechazamos la distinci\u00f3n entre migrantes regulares e irregulares, entre los que huyen de la guerra y la persecuci\u00f3n y los que huyen de la pobreza. Todo el mundo debe tener la oportunidad de un futuro mejor. En coherencia con este principio, denunciamos el proceso que hoy, en Italia y en Europa, se llama hip\u00f3critamente \u00abrecepci\u00f3n\u00bb y gracias al cual el 90% de los migrantes est\u00e1n condenados a la expulsi\u00f3n, es decir, a convertirse en \u00abfantasmas\u00bb sin derechos y sin posibilidad de integraci\u00f3n, cuya \u00fanica esperanza de supervivencia est\u00e1 representada, en el mejor de los casos, por el trabajo no declarado. Una ola de nuevos pobres, adem\u00e1s de todos aquellos que no tienen ni trabajo ni protecci\u00f3n social adecuada, en un pa\u00eds obligado a equilibrar su presupuesto y, por lo tanto, incapaz de invertir para proteger a sus habitantes y estimular la recuperaci\u00f3n econ\u00f3mica.<\/li>\n<\/ul>\n<p>La creciente pobreza en nuestro pa\u00eds nos parece un hecho que no debe subestimarse, si queremos explicar el porqu\u00e9 del apoyo electoral dado a los partidos expl\u00edcitamente dispuestos a frenar el fen\u00f3meno migratorio; persistir en pensar que el pueblo italiano est\u00e1 compuesto por una mayor\u00eda de racistas y xen\u00f3fobos no ayuda a la comprensi\u00f3n de los procesos en curso y se aleja de la soluci\u00f3n del problema.<\/p>\n<p>En Italia hay 5 millones de pobres, hay ni\u00f1os desnutridos y personas que renuncian a la atenci\u00f3n m\u00e9dica porque no pueden permit\u00edrselo; el desempleo se dispara y los j\u00f3venes emigran en busca de trabajo. Debemos comprender el sufrimiento de los sectores de la poblaci\u00f3n que se encuentran en dificultades, de un pueblo que sufre las consecuencias de una guerra -una guerra econ\u00f3mica- que no quiso y no entendi\u00f3, que se resinti\u00f3 de la pol\u00edtica despiadada de un centroizquierda totalmente convertido al neoliberalismo y que sucumbi\u00f3 a la voluntad de los pa\u00edses m\u00e1s fuertes de la Uni\u00f3n, que durante a\u00f1os identificaron la inmigraci\u00f3n como una emergencia y trabajaron para frenarla por todos los medios, se\u00f1alando a la poblaci\u00f3n un falso enemigo sobre el que derramar su c\u00f3lera, capitalizado por la derecha en las \u00faltimas elecciones.<\/p>\n<p>As\u00ed se empez\u00f3 a ver con hostilidad a los inmigrantes, los nuevos pobres que llegan a un pa\u00eds que no puede dar trabajo ni integraci\u00f3n social ni a ellos ni a una gran parte de la poblaci\u00f3n italiana. As\u00ed, la xenofobia, que era un fen\u00f3meno absolutamente marginal antes de la crisis econ\u00f3mica, ha cobrado fuerza; no por un problema cultural, sino por una pobreza cada vez mayor.<\/p>\n<p>M\u00e1s a\u00fan que los conflictos armados, que empujan a una serie de refugiados a Europa cuya acogida no es un problema y no se pone en tela de juicio, la verdadera emergencia es el aumento vertiginoso de la pobreza en el mundo; la que empuja a poblaciones cada vez m\u00e1s necesitadas hacia pa\u00edses en los que antes hab\u00eda bienestar y trabajo para todos, pero que hoy ya no se los puede garantizar a nadie.<\/p>\n<p>Hoy existe la posibilidad de satisfacer las necesidades de cada habitante del planeta; la escasez de dinero y recursos se crea artificialmente y permite a las \u00e9lites explotar, empobrecer e imponer enormes sacrificios a las poblaciones, en beneficio de su propio enriquecimiento. La brecha entre ricos y pobres se ampl\u00eda y anuncia un futuro en el que el modelo de distribuci\u00f3n de la riqueza ser\u00e1 nivelado en todas partes por los est\u00e1ndares de los pa\u00edses del tercer mundo.<\/p>\n<p>Por lo tanto, la soluci\u00f3n al problema de la migraci\u00f3n radica en la lucha por la redistribuci\u00f3n de la riqueza.<\/p>\n<p>No estamos hablando simplemente de llevar ayuda humanitaria a \u00c1frica; estamos hablando de un profundo cambio de paradigmas, de un nuevo modelo econ\u00f3mico y social, de una democracia real, en los pa\u00edses europeos y en los pa\u00edses africanos.<\/p>\n<p>Mientras haya flujos migratorios hacia nuestro pa\u00eds, el Estado debe asumir la responsabilidad de la acogida e integraci\u00f3n de los migrantes, sin delegar esta funci\u00f3n en entidades privadas y poniendo en marcha todas las medidas necesarias para que no se creen focos de nuevos pobres. Para ello, es necesario que el Estado pueda gastar, invertir en bienestar y crear puestos de trabajo tanto para los italianos como para los inmigrantes, con el objetivo de lograr el pleno empleo para todos los habitantes del pa\u00eds.<\/p>\n<p>Para ello, es imprescindible recuperar la soberan\u00eda monetaria y alejarse del r\u00edgido esquema neoliberal del euro, un esquema monetario con soberan\u00eda privada; rechazar el empate de un presupuesto equilibrado y crear pol\u00edticas econ\u00f3micas expansivas con una perspectiva redistributiva.<\/p>\n<p>Para influir en las condiciones en las que se produce la migraci\u00f3n desde \u00c1frica y Oriente Medio, Italia deber\u00eda convertirse en promotora y unificadora de un \u00e1mbito pol\u00edtico y econ\u00f3mico en el Mediterr\u00e1neo, proponiendo y creando inmediatamente procesos convergentes y una verdadera solidaridad y democracia entre y con los pa\u00edses del sur de Europa y los del Mediterr\u00e1neo.<\/p>\n<p>Un nuevo orden econ\u00f3mico-pol\u00edtico de este tipo ser\u00eda decisivo para estabilizar a los pa\u00edses del norte de \u00c1frica y promover el desarrollo de los pa\u00edses subsaharianos, que finalmente podr\u00edan salir del campo de influencia de las antiguas potencias coloniales que a\u00fan obstaculizan su crecimiento.<\/p>\n<p><em>Traducido del italiano por Mar\u00eda Cristina S\u00e1nchez<\/em><\/p>\n","protected":false},"excerpt":{"rendered":"<p>\u00abToda persona, como miembro de la sociedad, tiene derecho a la seguridad social y a la realizaci\u00f3n, mediante el esfuerzo nacional y la cooperaci\u00f3n internacional y de conformidad con la organizaci\u00f3n y los recursos de cada Estado, de los derechos&hellip;<\/p>\n","protected":false},"author":481,"featured_media":678255,"comment_status":"closed","ping_status":"closed","sticky":false,"template":"","format":"standard","meta":{"footnotes":""},"categories":[64,11389,79,66,161,74],"tags":[48099,3672,1392,15633,11064,816,4817],"class_list":["post-678605","post","type-post","status-publish","format-standard","has-post-thumbnail","hentry","category-africa-es","category-contenido-original","category-derechos-humanos","category-europa-es","category-opiniones","category-politica-es","tag-declaracion-universal-de-los-derechos-humanos","tag-italia-es","tag-libia-es","tag-migrantes","tag-neoliberalismo","tag-pobreza-es","tag-union-europea"],"yoast_head":"<!-- This site is optimized with the Yoast SEO plugin v27.1.1 - https:\/\/yoast.com\/product\/yoast-seo-wordpress\/ -->\n<title>Luchar contra la pobreza, no contra los inmigrantes<\/title>\n<meta name=\"description\" content=\"&quot;Toda persona, como miembro de la sociedad, tiene derecho a la seguridad social y a la realizaci\u00f3n, mediante el esfuerzo nacional y la cooperaci\u00f3n\" \/>\n<meta name=\"robots\" content=\"index, follow, max-snippet:-1, max-image-preview:large, max-video-preview:-1\" \/>\n<link rel=\"canonical\" href=\"https:\/\/www.pressenza.com\/es\/2018\/07\/luchar-contra-la-pobreza-no-contra-los-inmigrantes\/\" \/>\n<meta property=\"og:locale\" content=\"es_ES\" \/>\n<meta property=\"og:type\" content=\"article\" \/>\n<meta property=\"og:title\" content=\"Luchar contra la pobreza, no contra los inmigrantes\" \/>\n<meta property=\"og:description\" content=\"&quot;Toda persona, como miembro de la sociedad, tiene derecho a la seguridad social y a la realizaci\u00f3n, mediante el esfuerzo nacional y la cooperaci\u00f3n\" \/>\n<meta property=\"og:url\" content=\"https:\/\/www.pressenza.com\/es\/2018\/07\/luchar-contra-la-pobreza-no-contra-los-inmigrantes\/\" \/>\n<meta property=\"og:site_name\" content=\"Pressenza\" \/>\n<meta property=\"article:publisher\" content=\"https:\/\/www.facebook.com\/PressenzaItalia\" \/>\n<meta property=\"article:author\" content=\"https:\/\/www.facebook.com\/pages\/Partito-Umanista\/\" \/>\n<meta property=\"article:published_time\" content=\"2018-07-17T00:29:48+00:00\" \/>\n<meta property=\"og:image\" content=\"https:\/\/www.pressenza.com\/wp-content\/uploads\/2018\/07\/homeless.jpg\" \/>\n\t<meta property=\"og:image:width\" content=\"1051\" \/>\n\t<meta property=\"og:image:height\" content=\"701\" \/>\n\t<meta property=\"og:image:type\" content=\"image\/jpeg\" \/>\n<meta name=\"author\" content=\"Partito Umanista\" \/>\n<meta name=\"twitter:card\" content=\"summary_large_image\" \/>\n<meta name=\"twitter:creator\" content=\"@partitoumanista\" \/>\n<meta name=\"twitter:site\" content=\"@PressenzaIPA\" \/>\n<meta name=\"twitter:label1\" content=\"Escrito por\" \/>\n\t<meta name=\"twitter:data1\" content=\"Partito Umanista\" \/>\n\t<meta name=\"twitter:label2\" content=\"Tiempo de lectura\" \/>\n\t<meta name=\"twitter:data2\" content=\"6 minutos\" \/>\n<script type=\"application\/ld+json\" class=\"yoast-schema-graph\">{\"@context\":\"https:\/\/schema.org\",\"@graph\":[{\"@type\":\"Article\",\"@id\":\"https:\/\/www.pressenza.com\/es\/2018\/07\/luchar-contra-la-pobreza-no-contra-los-inmigrantes\/#article\",\"isPartOf\":{\"@id\":\"https:\/\/www.pressenza.com\/es\/2018\/07\/luchar-contra-la-pobreza-no-contra-los-inmigrantes\/\"},\"author\":{\"name\":\"Partito Umanista\",\"@id\":\"https:\/\/www.pressenza.com\/es\/#\/schema\/person\/444a68b8b263dbd36ac1531293ea9cae\"},\"headline\":\"Luchar contra la pobreza, no contra los inmigrantes\",\"datePublished\":\"2018-07-17T00:29:48+00:00\",\"mainEntityOfPage\":{\"@id\":\"https:\/\/www.pressenza.com\/es\/2018\/07\/luchar-contra-la-pobreza-no-contra-los-inmigrantes\/\"},\"wordCount\":1206,\"publisher\":{\"@id\":\"https:\/\/www.pressenza.com\/es\/#organization\"},\"image\":{\"@id\":\"https:\/\/www.pressenza.com\/es\/2018\/07\/luchar-contra-la-pobreza-no-contra-los-inmigrantes\/#primaryimage\"},\"thumbnailUrl\":\"https:\/\/www.pressenza.com\/wp-content\/uploads\/2018\/07\/homeless.jpg\",\"keywords\":[\"Declaraci\u00f3n Universal de los Derechos Humanos\",\"Italia\",\"Libia\",\"migrantes\",\"neoliberalismo\",\"Pobreza\",\"Uni\u00f3n Europea\"],\"articleSection\":[\"Africa\",\"Contenido Original\",\"Derechos Humanos\",\"Europa\",\"Opiniones\",\"Pol\u00edtica\"],\"inLanguage\":\"es\"},{\"@type\":\"WebPage\",\"@id\":\"https:\/\/www.pressenza.com\/es\/2018\/07\/luchar-contra-la-pobreza-no-contra-los-inmigrantes\/\",\"url\":\"https:\/\/www.pressenza.com\/es\/2018\/07\/luchar-contra-la-pobreza-no-contra-los-inmigrantes\/\",\"name\":\"Luchar contra la pobreza, no contra los inmigrantes\",\"isPartOf\":{\"@id\":\"https:\/\/www.pressenza.com\/es\/#website\"},\"primaryImageOfPage\":{\"@id\":\"https:\/\/www.pressenza.com\/es\/2018\/07\/luchar-contra-la-pobreza-no-contra-los-inmigrantes\/#primaryimage\"},\"image\":{\"@id\":\"https:\/\/www.pressenza.com\/es\/2018\/07\/luchar-contra-la-pobreza-no-contra-los-inmigrantes\/#primaryimage\"},\"thumbnailUrl\":\"https:\/\/www.pressenza.com\/wp-content\/uploads\/2018\/07\/homeless.jpg\",\"datePublished\":\"2018-07-17T00:29:48+00:00\",\"description\":\"\\\"Toda persona, como miembro de la sociedad, tiene derecho a la seguridad social y a la realizaci\u00f3n, mediante el esfuerzo nacional y la cooperaci\u00f3n\",\"breadcrumb\":{\"@id\":\"https:\/\/www.pressenza.com\/es\/2018\/07\/luchar-contra-la-pobreza-no-contra-los-inmigrantes\/#breadcrumb\"},\"inLanguage\":\"es\",\"potentialAction\":[{\"@type\":\"ReadAction\",\"target\":[\"https:\/\/www.pressenza.com\/es\/2018\/07\/luchar-contra-la-pobreza-no-contra-los-inmigrantes\/\"]}]},{\"@type\":\"ImageObject\",\"inLanguage\":\"es\",\"@id\":\"https:\/\/www.pressenza.com\/es\/2018\/07\/luchar-contra-la-pobreza-no-contra-los-inmigrantes\/#primaryimage\",\"url\":\"https:\/\/www.pressenza.com\/wp-content\/uploads\/2018\/07\/homeless.jpg\",\"contentUrl\":\"https:\/\/www.pressenza.com\/wp-content\/uploads\/2018\/07\/homeless.jpg\",\"width\":1051,\"height\":701,\"caption\":\"Combattre la pauvret\u00e9, pas les immigrants\"},{\"@type\":\"BreadcrumbList\",\"@id\":\"https:\/\/www.pressenza.com\/es\/2018\/07\/luchar-contra-la-pobreza-no-contra-los-inmigrantes\/#breadcrumb\",\"itemListElement\":[{\"@type\":\"ListItem\",\"position\":1,\"name\":\"Accueil\",\"item\":\"https:\/\/www.pressenza.com\/es\/\"},{\"@type\":\"ListItem\",\"position\":2,\"name\":\"Luchar contra la pobreza, no contra los inmigrantes\"}]},{\"@type\":\"WebSite\",\"@id\":\"https:\/\/www.pressenza.com\/es\/#website\",\"url\":\"https:\/\/www.pressenza.com\/es\/\",\"name\":\"Pressenza\",\"description\":\"International Press Agency\",\"publisher\":{\"@id\":\"https:\/\/www.pressenza.com\/es\/#organization\"},\"potentialAction\":[{\"@type\":\"SearchAction\",\"target\":{\"@type\":\"EntryPoint\",\"urlTemplate\":\"https:\/\/www.pressenza.com\/es\/?s={search_term_string}\"},\"query-input\":{\"@type\":\"PropertyValueSpecification\",\"valueRequired\":true,\"valueName\":\"search_term_string\"}}],\"inLanguage\":\"es\"},{\"@type\":\"Organization\",\"@id\":\"https:\/\/www.pressenza.com\/es\/#organization\",\"name\":\"Pressenza\",\"url\":\"https:\/\/www.pressenza.com\/es\/\",\"logo\":{\"@type\":\"ImageObject\",\"inLanguage\":\"es\",\"@id\":\"https:\/\/www.pressenza.com\/es\/#\/schema\/logo\/image\/\",\"url\":\"https:\/\/www.pressenza.com\/wp-content\/uploads\/2022\/10\/pressenza_logo_200x200.jpg\",\"contentUrl\":\"https:\/\/www.pressenza.com\/wp-content\/uploads\/2022\/10\/pressenza_logo_200x200.jpg\",\"width\":200,\"height\":200,\"caption\":\"Pressenza\"},\"image\":{\"@id\":\"https:\/\/www.pressenza.com\/es\/#\/schema\/logo\/image\/\"},\"sameAs\":[\"https:\/\/www.facebook.com\/PressenzaItalia\",\"https:\/\/x.com\/PressenzaIPA\"]},{\"@type\":\"Person\",\"@id\":\"https:\/\/www.pressenza.com\/es\/#\/schema\/person\/444a68b8b263dbd36ac1531293ea9cae\",\"name\":\"Partito Umanista\",\"description\":\"www.partitoumanista.it\",\"sameAs\":[\"http:\/\/www.partitoumanista.it\",\"https:\/\/www.facebook.com\/pages\/Partito-Umanista\/\",\"https:\/\/x.com\/partitoumanista\"],\"url\":\"https:\/\/www.pressenza.com\/es\/author\/partito-umanista\/\"}]}<\/script>\n<!-- \/ Yoast SEO plugin. -->","yoast_head_json":{"title":"Luchar contra la pobreza, no contra los inmigrantes","description":"\"Toda persona, como miembro de la sociedad, tiene derecho a la seguridad social y a la realizaci\u00f3n, mediante el esfuerzo nacional y la cooperaci\u00f3n","robots":{"index":"index","follow":"follow","max-snippet":"max-snippet:-1","max-image-preview":"max-image-preview:large","max-video-preview":"max-video-preview:-1"},"canonical":"https:\/\/www.pressenza.com\/es\/2018\/07\/luchar-contra-la-pobreza-no-contra-los-inmigrantes\/","og_locale":"es_ES","og_type":"article","og_title":"Luchar contra la pobreza, no contra los inmigrantes","og_description":"\"Toda persona, como miembro de la sociedad, tiene derecho a la seguridad social y a la realizaci\u00f3n, mediante el esfuerzo nacional y la cooperaci\u00f3n","og_url":"https:\/\/www.pressenza.com\/es\/2018\/07\/luchar-contra-la-pobreza-no-contra-los-inmigrantes\/","og_site_name":"Pressenza","article_publisher":"https:\/\/www.facebook.com\/PressenzaItalia","article_author":"https:\/\/www.facebook.com\/pages\/Partito-Umanista\/","article_published_time":"2018-07-17T00:29:48+00:00","og_image":[{"width":1051,"height":701,"url":"https:\/\/www.pressenza.com\/wp-content\/uploads\/2018\/07\/homeless.jpg","type":"image\/jpeg"}],"author":"Partito Umanista","twitter_card":"summary_large_image","twitter_creator":"@partitoumanista","twitter_site":"@PressenzaIPA","twitter_misc":{"Escrito por":"Partito Umanista","Tiempo de lectura":"6 minutos"},"schema":{"@context":"https:\/\/schema.org","@graph":[{"@type":"Article","@id":"https:\/\/www.pressenza.com\/es\/2018\/07\/luchar-contra-la-pobreza-no-contra-los-inmigrantes\/#article","isPartOf":{"@id":"https:\/\/www.pressenza.com\/es\/2018\/07\/luchar-contra-la-pobreza-no-contra-los-inmigrantes\/"},"author":{"name":"Partito Umanista","@id":"https:\/\/www.pressenza.com\/es\/#\/schema\/person\/444a68b8b263dbd36ac1531293ea9cae"},"headline":"Luchar contra la pobreza, no contra los inmigrantes","datePublished":"2018-07-17T00:29:48+00:00","mainEntityOfPage":{"@id":"https:\/\/www.pressenza.com\/es\/2018\/07\/luchar-contra-la-pobreza-no-contra-los-inmigrantes\/"},"wordCount":1206,"publisher":{"@id":"https:\/\/www.pressenza.com\/es\/#organization"},"image":{"@id":"https:\/\/www.pressenza.com\/es\/2018\/07\/luchar-contra-la-pobreza-no-contra-los-inmigrantes\/#primaryimage"},"thumbnailUrl":"https:\/\/www.pressenza.com\/wp-content\/uploads\/2018\/07\/homeless.jpg","keywords":["Declaraci\u00f3n Universal de los Derechos Humanos","Italia","Libia","migrantes","neoliberalismo","Pobreza","Uni\u00f3n Europea"],"articleSection":["Africa","Contenido Original","Derechos Humanos","Europa","Opiniones","Pol\u00edtica"],"inLanguage":"es"},{"@type":"WebPage","@id":"https:\/\/www.pressenza.com\/es\/2018\/07\/luchar-contra-la-pobreza-no-contra-los-inmigrantes\/","url":"https:\/\/www.pressenza.com\/es\/2018\/07\/luchar-contra-la-pobreza-no-contra-los-inmigrantes\/","name":"Luchar contra la pobreza, no contra los inmigrantes","isPartOf":{"@id":"https:\/\/www.pressenza.com\/es\/#website"},"primaryImageOfPage":{"@id":"https:\/\/www.pressenza.com\/es\/2018\/07\/luchar-contra-la-pobreza-no-contra-los-inmigrantes\/#primaryimage"},"image":{"@id":"https:\/\/www.pressenza.com\/es\/2018\/07\/luchar-contra-la-pobreza-no-contra-los-inmigrantes\/#primaryimage"},"thumbnailUrl":"https:\/\/www.pressenza.com\/wp-content\/uploads\/2018\/07\/homeless.jpg","datePublished":"2018-07-17T00:29:48+00:00","description":"\"Toda persona, como miembro de la sociedad, tiene derecho a la seguridad social y a la realizaci\u00f3n, mediante el esfuerzo nacional y la cooperaci\u00f3n","breadcrumb":{"@id":"https:\/\/www.pressenza.com\/es\/2018\/07\/luchar-contra-la-pobreza-no-contra-los-inmigrantes\/#breadcrumb"},"inLanguage":"es","potentialAction":[{"@type":"ReadAction","target":["https:\/\/www.pressenza.com\/es\/2018\/07\/luchar-contra-la-pobreza-no-contra-los-inmigrantes\/"]}]},{"@type":"ImageObject","inLanguage":"es","@id":"https:\/\/www.pressenza.com\/es\/2018\/07\/luchar-contra-la-pobreza-no-contra-los-inmigrantes\/#primaryimage","url":"https:\/\/www.pressenza.com\/wp-content\/uploads\/2018\/07\/homeless.jpg","contentUrl":"https:\/\/www.pressenza.com\/wp-content\/uploads\/2018\/07\/homeless.jpg","width":1051,"height":701,"caption":"Combattre la pauvret\u00e9, pas les immigrants"},{"@type":"BreadcrumbList","@id":"https:\/\/www.pressenza.com\/es\/2018\/07\/luchar-contra-la-pobreza-no-contra-los-inmigrantes\/#breadcrumb","itemListElement":[{"@type":"ListItem","position":1,"name":"Accueil","item":"https:\/\/www.pressenza.com\/es\/"},{"@type":"ListItem","position":2,"name":"Luchar contra la pobreza, no contra los inmigrantes"}]},{"@type":"WebSite","@id":"https:\/\/www.pressenza.com\/es\/#website","url":"https:\/\/www.pressenza.com\/es\/","name":"Pressenza","description":"International Press Agency","publisher":{"@id":"https:\/\/www.pressenza.com\/es\/#organization"},"potentialAction":[{"@type":"SearchAction","target":{"@type":"EntryPoint","urlTemplate":"https:\/\/www.pressenza.com\/es\/?s={search_term_string}"},"query-input":{"@type":"PropertyValueSpecification","valueRequired":true,"valueName":"search_term_string"}}],"inLanguage":"es"},{"@type":"Organization","@id":"https:\/\/www.pressenza.com\/es\/#organization","name":"Pressenza","url":"https:\/\/www.pressenza.com\/es\/","logo":{"@type":"ImageObject","inLanguage":"es","@id":"https:\/\/www.pressenza.com\/es\/#\/schema\/logo\/image\/","url":"https:\/\/www.pressenza.com\/wp-content\/uploads\/2022\/10\/pressenza_logo_200x200.jpg","contentUrl":"https:\/\/www.pressenza.com\/wp-content\/uploads\/2022\/10\/pressenza_logo_200x200.jpg","width":200,"height":200,"caption":"Pressenza"},"image":{"@id":"https:\/\/www.pressenza.com\/es\/#\/schema\/logo\/image\/"},"sameAs":["https:\/\/www.facebook.com\/PressenzaItalia","https:\/\/x.com\/PressenzaIPA"]},{"@type":"Person","@id":"https:\/\/www.pressenza.com\/es\/#\/schema\/person\/444a68b8b263dbd36ac1531293ea9cae","name":"Partito Umanista","description":"www.partitoumanista.it","sameAs":["http:\/\/www.partitoumanista.it","https:\/\/www.facebook.com\/pages\/Partito-Umanista\/","https:\/\/x.com\/partitoumanista"],"url":"https:\/\/www.pressenza.com\/es\/author\/partito-umanista\/"}]}},"place":"","original_article_url":"","_links":{"self":[{"href":"https:\/\/www.pressenza.com\/es\/wp-json\/wp\/v2\/posts\/678605","targetHints":{"allow":["GET"]}}],"collection":[{"href":"https:\/\/www.pressenza.com\/es\/wp-json\/wp\/v2\/posts"}],"about":[{"href":"https:\/\/www.pressenza.com\/es\/wp-json\/wp\/v2\/types\/post"}],"author":[{"embeddable":true,"href":"https:\/\/www.pressenza.com\/es\/wp-json\/wp\/v2\/users\/481"}],"replies":[{"embeddable":true,"href":"https:\/\/www.pressenza.com\/es\/wp-json\/wp\/v2\/comments?post=678605"}],"version-history":[{"count":0,"href":"https:\/\/www.pressenza.com\/es\/wp-json\/wp\/v2\/posts\/678605\/revisions"}],"wp:featuredmedia":[{"embeddable":true,"href":"https:\/\/www.pressenza.com\/es\/wp-json\/wp\/v2\/media\/678255"}],"wp:attachment":[{"href":"https:\/\/www.pressenza.com\/es\/wp-json\/wp\/v2\/media?parent=678605"}],"wp:term":[{"taxonomy":"category","embeddable":true,"href":"https:\/\/www.pressenza.com\/es\/wp-json\/wp\/v2\/categories?post=678605"},{"taxonomy":"post_tag","embeddable":true,"href":"https:\/\/www.pressenza.com\/es\/wp-json\/wp\/v2\/tags?post=678605"}],"curies":[{"name":"wp","href":"https:\/\/api.w.org\/{rel}","templated":true}]}}