{"id":678351,"date":"2018-07-16T17:03:24","date_gmt":"2018-07-16T16:03:24","guid":{"rendered":"https:\/\/www.pressenza.com\/?p=678351"},"modified":"2018-07-16T17:03:24","modified_gmt":"2018-07-16T16:03:24","slug":"los-panuelos-verdes","status":"publish","type":"post","link":"https:\/\/www.pressenza.com\/es\/2018\/07\/los-panuelos-verdes\/","title":{"rendered":"Los pa\u00f1uelos verdes"},"content":{"rendered":"<p lang=\"es-ES\" align=\"justify\">Las mujeres argentinas han marcado un hasta aqu\u00ed en uno de los temas m\u00e1s sensibles y controversiales para las sociedades latinoamericanas: el derecho a la interrupci\u00f3n voluntaria del embarazo \u2013IVE- impulsado por la Campa\u00f1a Nacional por el Derecho al Aborto Legal, Seguro y Gratuito. El emblema de la organizaci\u00f3n desde la cual se origin\u00f3 el movimiento hace ya 15 a\u00f1os es un pa\u00f1uelo verde con una inscripci\u00f3n en blanco que reza \u201cEducaci\u00f3n sexual para decidir, anticonceptivos para no abortar, aborto legal para no morir\u201d, poniendo de relieve una de las causas principales de muertes evitables de mujeres en todos los pa\u00edses del continente.<\/p>\n<p lang=\"es-ES\" align=\"justify\">El proyecto de la despenalizaci\u00f3n del aborto \u2013ya aprobado por la C\u00e1mara de Diputados argentina luego de uno de los debates m\u00e1s apasionantes y re\u00f1idos de los \u00faltimos tiempos- busca despenalizar la interrupci\u00f3n voluntaria del embarazo en las 12 primeras semanas de gestaci\u00f3n y m\u00e1s all\u00e1 de ese plazo cuando la vida de la mujer est\u00e1 en riesgo, cuando es producto de violaci\u00f3n o existen malformaciones fetales graves. El debate, ampliamente difundido, estuvo marcado por intervenciones de car\u00e1cter cient\u00edfico, \u00e9tico y jur\u00eddico de muy alto nivel, lo cual establece una gran diferencia con las posturas de pol\u00edticos y miembros de instituciones civiles en otros pa\u00edses, en donde los argumentos excluyen el marco de derechos de la mujer en un contexto real de riesgo de vida, desde una perspectiva de salud p\u00fablica y derechos humanos.<\/p>\n<p lang=\"es-ES\" align=\"justify\">Los derechos de las mujeres en cuanto a sus libertades individuales han estado hist\u00f3ricamente restringidos. No solo desde el seno del hogar, en donde experimenta la mayor\u00eda de las agresiones y limitaciones a su desarrollo, sino en todos los estamentos de la sociedad a la cual pertenezca, en donde se le exigen ciertas conductas predeterminadas por un sistema machista enfocado en privilegiar las aspiraciones del segmento masculino: virginidad, sumisi\u00f3n, entrega absoluta a un rol dise\u00f1ado para garantizar la reproducci\u00f3n en un escenario lleno de mecanismos de control.<\/p>\n<p lang=\"es-ES\" align=\"justify\">Una de las amenazas constantes en la vida de ni\u00f1as y mujeres es la violaci\u00f3n sexual, hecho consumado en su mayor\u00eda por hombres de la familia o conocidos y en cualquier ambiente de su entorno, provocando no solo embarazos no deseados sino tambi\u00e9n trauma psicol\u00f3gico permanente y toda clase de obst\u00e1culos a su normal desarrollo. En el caso de las ni\u00f1as y adolescentes, un embarazo significa un elevado riesgo para su vida porque al no haber alcanzado su cuerpo una plena madurez, no est\u00e1 preparado para semejante trastorno f\u00edsico y emocional. Sin embargo, la mayor\u00eda de nuestros pa\u00edses presentan cifras r\u00e9cord de ni\u00f1as y adolescentes embarazadas sin la menor posibilidad de interrumpir un proceso de gestaci\u00f3n provocado por un delito, porque sus legislaciones lo proh\u00edben a partir de consideraciones de car\u00e1cter religioso.<\/p>\n<p lang=\"es-ES\" align=\"justify\">Uno de los resultados m\u00e1s notables de lo sucedido en Argentina con este colectivo que ha logrado mover a las masas en la exigencia de una apertura legal sobre el tema, es haber dejado establecida la condici\u00f3n laica del Estado en su toma de decisiones en una sociedad integrada por personas diversas, cuyos par\u00e1metros de vida no responden necesariamente a una visi\u00f3n \u00fanica a partir de una doctrina religiosa.<\/p>\n<p lang=\"es-ES\" align=\"justify\">La marea verde de las mujeres argentinas ha abierto los espacios de discusi\u00f3n con respeto y la decisi\u00f3n muy saludable de acabar con los mitos y los tab\u00faes sobre la sexualidad femenina, sus derechos reproductivos y su determinaci\u00f3n de no volver a cerrar esas compuertas. El di\u00e1logo con respeto pero, sobre todo, el di\u00e1logo informado, es la tarea pendiente para otros pa\u00edses del continente.<\/p>\n","protected":false},"excerpt":{"rendered":"<p>Las mujeres argentinas han marcado un hasta aqu\u00ed en uno de los temas m\u00e1s sensibles y controversiales para las sociedades latinoamericanas: el derecho a la interrupci\u00f3n voluntaria del embarazo \u2013IVE- impulsado por la Campa\u00f1a Nacional por el Derecho al Aborto&hellip;<\/p>\n","protected":false},"author":1296,"featured_media":678353,"comment_status":"closed","ping_status":"closed","sticky":false,"template":"","format":"standard","meta":{"footnotes":""},"categories":[11389,79,1241,161,1239,67],"tags":[5371,36148,26,27815],"class_list":["post-678351","post","type-post","status-publish","format-standard","has-post-thumbnail","hentry","category-contenido-original","category-derechos-humanos","category-diversidad","category-opiniones","category-salud","category-sudamerica","tag-aborto","tag-aborto-legal-seguro-y-gratuito","tag-argentina","tag-mujer"],"yoast_head":"<!-- This site is optimized with the Yoast SEO plugin v27.1.1 - https:\/\/yoast.com\/product\/yoast-seo-wordpress\/ -->\n<title>Los pa\u00f1uelos verdes<\/title>\n<meta name=\"description\" content=\"Las mujeres argentinas han marcado un hasta aqu\u00ed en uno de los temas m\u00e1s sensibles y controversiales para las sociedades latinoamericanas: el derecho a la\" \/>\n<meta name=\"robots\" content=\"index, follow, max-snippet:-1, max-image-preview:large, max-video-preview:-1\" \/>\n<link rel=\"canonical\" href=\"https:\/\/www.pressenza.com\/es\/2018\/07\/los-panuelos-verdes\/\" \/>\n<meta property=\"og:locale\" content=\"es_ES\" \/>\n<meta property=\"og:type\" content=\"article\" \/>\n<meta property=\"og:title\" content=\"Los pa\u00f1uelos verdes\" \/>\n<meta property=\"og:description\" content=\"Las mujeres argentinas han marcado un hasta aqu\u00ed en uno de los temas m\u00e1s sensibles y controversiales para las sociedades latinoamericanas: el derecho a la\" \/>\n<meta property=\"og:url\" content=\"https:\/\/www.pressenza.com\/es\/2018\/07\/los-panuelos-verdes\/\" \/>\n<meta property=\"og:site_name\" content=\"Pressenza\" \/>\n<meta property=\"article:publisher\" content=\"https:\/\/www.facebook.com\/PressenzaItalia\" \/>\n<meta property=\"article:author\" content=\"https:\/\/www.facebook.com\/pages\/Carolina-V\u00e1squez-Araya\/241844515845237?fref=ts\" \/>\n<meta property=\"article:published_time\" content=\"2018-07-16T16:03:24+00:00\" \/>\n<meta property=\"og:image\" content=\"https:\/\/www.pressenza.com\/wp-content\/uploads\/2018\/07\/xemergentes-720x480.jpg.pagespeed.ic_.JW8zylqRP9.jpg\" \/>\n\t<meta property=\"og:image:width\" content=\"720\" \/>\n\t<meta property=\"og:image:height\" content=\"480\" \/>\n\t<meta property=\"og:image:type\" content=\"image\/jpeg\" \/>\n<meta name=\"author\" content=\"Carolina V\u00e1squez Araya\" \/>\n<meta name=\"twitter:card\" content=\"summary_large_image\" \/>\n<meta name=\"twitter:creator\" content=\"@carvasar\" \/>\n<meta name=\"twitter:site\" content=\"@PressenzaIPA\" \/>\n<meta name=\"twitter:label1\" content=\"Escrito por\" \/>\n\t<meta name=\"twitter:data1\" content=\"Carolina V\u00e1squez Araya\" \/>\n\t<meta name=\"twitter:label2\" content=\"Tiempo de lectura\" \/>\n\t<meta name=\"twitter:data2\" content=\"3 minutos\" \/>\n<script type=\"application\/ld+json\" class=\"yoast-schema-graph\">{\"@context\":\"https:\/\/schema.org\",\"@graph\":[{\"@type\":\"Article\",\"@id\":\"https:\/\/www.pressenza.com\/es\/2018\/07\/los-panuelos-verdes\/#article\",\"isPartOf\":{\"@id\":\"https:\/\/www.pressenza.com\/es\/2018\/07\/los-panuelos-verdes\/\"},\"author\":{\"name\":\"Carolina V\u00e1squez Araya\",\"@id\":\"https:\/\/www.pressenza.com\/es\/#\/schema\/person\/6936ca3bb8dee618b5cdfd0e4427cdd6\"},\"headline\":\"Los pa\u00f1uelos verdes\",\"datePublished\":\"2018-07-16T16:03:24+00:00\",\"mainEntityOfPage\":{\"@id\":\"https:\/\/www.pressenza.com\/es\/2018\/07\/los-panuelos-verdes\/\"},\"wordCount\":645,\"publisher\":{\"@id\":\"https:\/\/www.pressenza.com\/es\/#organization\"},\"image\":{\"@id\":\"https:\/\/www.pressenza.com\/es\/2018\/07\/los-panuelos-verdes\/#primaryimage\"},\"thumbnailUrl\":\"https:\/\/www.pressenza.com\/wp-content\/uploads\/2018\/07\/xemergentes-720x480.jpg.pagespeed.ic_.JW8zylqRP9.jpg\",\"keywords\":[\"aborto\",\"aborto legal seguro y gratuito\",\"Argentina\",\"mujer\"],\"articleSection\":[\"Contenido Original\",\"Derechos Humanos\",\"Diversidad\",\"Opiniones\",\"Salud\",\"Sudam\u00e9rica\"],\"inLanguage\":\"es\"},{\"@type\":\"WebPage\",\"@id\":\"https:\/\/www.pressenza.com\/es\/2018\/07\/los-panuelos-verdes\/\",\"url\":\"https:\/\/www.pressenza.com\/es\/2018\/07\/los-panuelos-verdes\/\",\"name\":\"Los pa\u00f1uelos verdes\",\"isPartOf\":{\"@id\":\"https:\/\/www.pressenza.com\/es\/#website\"},\"primaryImageOfPage\":{\"@id\":\"https:\/\/www.pressenza.com\/es\/2018\/07\/los-panuelos-verdes\/#primaryimage\"},\"image\":{\"@id\":\"https:\/\/www.pressenza.com\/es\/2018\/07\/los-panuelos-verdes\/#primaryimage\"},\"thumbnailUrl\":\"https:\/\/www.pressenza.com\/wp-content\/uploads\/2018\/07\/xemergentes-720x480.jpg.pagespeed.ic_.JW8zylqRP9.jpg\",\"datePublished\":\"2018-07-16T16:03:24+00:00\",\"description\":\"Las mujeres argentinas han marcado un hasta aqu\u00ed en uno de los temas m\u00e1s sensibles y controversiales para las sociedades latinoamericanas: el derecho a la\",\"breadcrumb\":{\"@id\":\"https:\/\/www.pressenza.com\/es\/2018\/07\/los-panuelos-verdes\/#breadcrumb\"},\"inLanguage\":\"es\",\"potentialAction\":[{\"@type\":\"ReadAction\",\"target\":[\"https:\/\/www.pressenza.com\/es\/2018\/07\/los-panuelos-verdes\/\"]}]},{\"@type\":\"ImageObject\",\"inLanguage\":\"es\",\"@id\":\"https:\/\/www.pressenza.com\/es\/2018\/07\/los-panuelos-verdes\/#primaryimage\",\"url\":\"https:\/\/www.pressenza.com\/wp-content\/uploads\/2018\/07\/xemergentes-720x480.jpg.pagespeed.ic_.JW8zylqRP9.jpg\",\"contentUrl\":\"https:\/\/www.pressenza.com\/wp-content\/uploads\/2018\/07\/xemergentes-720x480.jpg.pagespeed.ic_.JW8zylqRP9.jpg\",\"width\":720,\"height\":480},{\"@type\":\"BreadcrumbList\",\"@id\":\"https:\/\/www.pressenza.com\/es\/2018\/07\/los-panuelos-verdes\/#breadcrumb\",\"itemListElement\":[{\"@type\":\"ListItem\",\"position\":1,\"name\":\"Accueil\",\"item\":\"https:\/\/www.pressenza.com\/es\/\"},{\"@type\":\"ListItem\",\"position\":2,\"name\":\"Los pa\u00f1uelos verdes\"}]},{\"@type\":\"WebSite\",\"@id\":\"https:\/\/www.pressenza.com\/es\/#website\",\"url\":\"https:\/\/www.pressenza.com\/es\/\",\"name\":\"Pressenza\",\"description\":\"International Press Agency\",\"publisher\":{\"@id\":\"https:\/\/www.pressenza.com\/es\/#organization\"},\"potentialAction\":[{\"@type\":\"SearchAction\",\"target\":{\"@type\":\"EntryPoint\",\"urlTemplate\":\"https:\/\/www.pressenza.com\/es\/?s={search_term_string}\"},\"query-input\":{\"@type\":\"PropertyValueSpecification\",\"valueRequired\":true,\"valueName\":\"search_term_string\"}}],\"inLanguage\":\"es\"},{\"@type\":\"Organization\",\"@id\":\"https:\/\/www.pressenza.com\/es\/#organization\",\"name\":\"Pressenza\",\"url\":\"https:\/\/www.pressenza.com\/es\/\",\"logo\":{\"@type\":\"ImageObject\",\"inLanguage\":\"es\",\"@id\":\"https:\/\/www.pressenza.com\/es\/#\/schema\/logo\/image\/\",\"url\":\"https:\/\/www.pressenza.com\/wp-content\/uploads\/2022\/10\/pressenza_logo_200x200.jpg\",\"contentUrl\":\"https:\/\/www.pressenza.com\/wp-content\/uploads\/2022\/10\/pressenza_logo_200x200.jpg\",\"width\":200,\"height\":200,\"caption\":\"Pressenza\"},\"image\":{\"@id\":\"https:\/\/www.pressenza.com\/es\/#\/schema\/logo\/image\/\"},\"sameAs\":[\"https:\/\/www.facebook.com\/PressenzaItalia\",\"https:\/\/x.com\/PressenzaIPA\"]},{\"@type\":\"Person\",\"@id\":\"https:\/\/www.pressenza.com\/es\/#\/schema\/person\/6936ca3bb8dee618b5cdfd0e4427cdd6\",\"name\":\"Carolina V\u00e1squez Araya\",\"description\":\"Periodista y editora con m\u00e1s de 30 a\u00f1os de experiencia, cuyos logros profesionales en el desarrollo de proyectos de gran \u00e9xito avalan sus cualidades de liderazgo, creatividad y relaciones p\u00fablicas. Ha aportado sus conocimientos en proyectos de organizaciones con intereses orientados al desarrollo social, cultural y econ\u00f3mico del pa\u00eds, con especial \u00e9nfasis en el sector de cultura y educaci\u00f3n, emprendimiento, derechos humanos, justicia, ambiente, mujeres y ni\u00f1ez. Chilena en Guatemala. elquintopatio.wordpress.com\",\"sameAs\":[\"https:\/\/www.facebook.com\/pages\/Carolina-V\u00e1squez-Araya\/241844515845237?fref=ts\",\"https:\/\/x.com\/carvasar\"],\"url\":\"https:\/\/www.pressenza.com\/es\/author\/carolina-vasquez-araya\/\"}]}<\/script>\n<!-- \/ Yoast SEO plugin. -->","yoast_head_json":{"title":"Los pa\u00f1uelos verdes","description":"Las mujeres argentinas han marcado un hasta aqu\u00ed en uno de los temas m\u00e1s sensibles y controversiales para las sociedades latinoamericanas: el derecho a la","robots":{"index":"index","follow":"follow","max-snippet":"max-snippet:-1","max-image-preview":"max-image-preview:large","max-video-preview":"max-video-preview:-1"},"canonical":"https:\/\/www.pressenza.com\/es\/2018\/07\/los-panuelos-verdes\/","og_locale":"es_ES","og_type":"article","og_title":"Los pa\u00f1uelos verdes","og_description":"Las mujeres argentinas han marcado un hasta aqu\u00ed en uno de los temas m\u00e1s sensibles y controversiales para las sociedades latinoamericanas: el derecho a la","og_url":"https:\/\/www.pressenza.com\/es\/2018\/07\/los-panuelos-verdes\/","og_site_name":"Pressenza","article_publisher":"https:\/\/www.facebook.com\/PressenzaItalia","article_author":"https:\/\/www.facebook.com\/pages\/Carolina-V\u00e1squez-Araya\/241844515845237?fref=ts","article_published_time":"2018-07-16T16:03:24+00:00","og_image":[{"width":720,"height":480,"url":"https:\/\/www.pressenza.com\/wp-content\/uploads\/2018\/07\/xemergentes-720x480.jpg.pagespeed.ic_.JW8zylqRP9.jpg","type":"image\/jpeg"}],"author":"Carolina V\u00e1squez Araya","twitter_card":"summary_large_image","twitter_creator":"@carvasar","twitter_site":"@PressenzaIPA","twitter_misc":{"Escrito por":"Carolina V\u00e1squez Araya","Tiempo de lectura":"3 minutos"},"schema":{"@context":"https:\/\/schema.org","@graph":[{"@type":"Article","@id":"https:\/\/www.pressenza.com\/es\/2018\/07\/los-panuelos-verdes\/#article","isPartOf":{"@id":"https:\/\/www.pressenza.com\/es\/2018\/07\/los-panuelos-verdes\/"},"author":{"name":"Carolina V\u00e1squez Araya","@id":"https:\/\/www.pressenza.com\/es\/#\/schema\/person\/6936ca3bb8dee618b5cdfd0e4427cdd6"},"headline":"Los pa\u00f1uelos verdes","datePublished":"2018-07-16T16:03:24+00:00","mainEntityOfPage":{"@id":"https:\/\/www.pressenza.com\/es\/2018\/07\/los-panuelos-verdes\/"},"wordCount":645,"publisher":{"@id":"https:\/\/www.pressenza.com\/es\/#organization"},"image":{"@id":"https:\/\/www.pressenza.com\/es\/2018\/07\/los-panuelos-verdes\/#primaryimage"},"thumbnailUrl":"https:\/\/www.pressenza.com\/wp-content\/uploads\/2018\/07\/xemergentes-720x480.jpg.pagespeed.ic_.JW8zylqRP9.jpg","keywords":["aborto","aborto legal seguro y gratuito","Argentina","mujer"],"articleSection":["Contenido Original","Derechos Humanos","Diversidad","Opiniones","Salud","Sudam\u00e9rica"],"inLanguage":"es"},{"@type":"WebPage","@id":"https:\/\/www.pressenza.com\/es\/2018\/07\/los-panuelos-verdes\/","url":"https:\/\/www.pressenza.com\/es\/2018\/07\/los-panuelos-verdes\/","name":"Los pa\u00f1uelos verdes","isPartOf":{"@id":"https:\/\/www.pressenza.com\/es\/#website"},"primaryImageOfPage":{"@id":"https:\/\/www.pressenza.com\/es\/2018\/07\/los-panuelos-verdes\/#primaryimage"},"image":{"@id":"https:\/\/www.pressenza.com\/es\/2018\/07\/los-panuelos-verdes\/#primaryimage"},"thumbnailUrl":"https:\/\/www.pressenza.com\/wp-content\/uploads\/2018\/07\/xemergentes-720x480.jpg.pagespeed.ic_.JW8zylqRP9.jpg","datePublished":"2018-07-16T16:03:24+00:00","description":"Las mujeres argentinas han marcado un hasta aqu\u00ed en uno de los temas m\u00e1s sensibles y controversiales para las sociedades latinoamericanas: el derecho a la","breadcrumb":{"@id":"https:\/\/www.pressenza.com\/es\/2018\/07\/los-panuelos-verdes\/#breadcrumb"},"inLanguage":"es","potentialAction":[{"@type":"ReadAction","target":["https:\/\/www.pressenza.com\/es\/2018\/07\/los-panuelos-verdes\/"]}]},{"@type":"ImageObject","inLanguage":"es","@id":"https:\/\/www.pressenza.com\/es\/2018\/07\/los-panuelos-verdes\/#primaryimage","url":"https:\/\/www.pressenza.com\/wp-content\/uploads\/2018\/07\/xemergentes-720x480.jpg.pagespeed.ic_.JW8zylqRP9.jpg","contentUrl":"https:\/\/www.pressenza.com\/wp-content\/uploads\/2018\/07\/xemergentes-720x480.jpg.pagespeed.ic_.JW8zylqRP9.jpg","width":720,"height":480},{"@type":"BreadcrumbList","@id":"https:\/\/www.pressenza.com\/es\/2018\/07\/los-panuelos-verdes\/#breadcrumb","itemListElement":[{"@type":"ListItem","position":1,"name":"Accueil","item":"https:\/\/www.pressenza.com\/es\/"},{"@type":"ListItem","position":2,"name":"Los pa\u00f1uelos verdes"}]},{"@type":"WebSite","@id":"https:\/\/www.pressenza.com\/es\/#website","url":"https:\/\/www.pressenza.com\/es\/","name":"Pressenza","description":"International Press Agency","publisher":{"@id":"https:\/\/www.pressenza.com\/es\/#organization"},"potentialAction":[{"@type":"SearchAction","target":{"@type":"EntryPoint","urlTemplate":"https:\/\/www.pressenza.com\/es\/?s={search_term_string}"},"query-input":{"@type":"PropertyValueSpecification","valueRequired":true,"valueName":"search_term_string"}}],"inLanguage":"es"},{"@type":"Organization","@id":"https:\/\/www.pressenza.com\/es\/#organization","name":"Pressenza","url":"https:\/\/www.pressenza.com\/es\/","logo":{"@type":"ImageObject","inLanguage":"es","@id":"https:\/\/www.pressenza.com\/es\/#\/schema\/logo\/image\/","url":"https:\/\/www.pressenza.com\/wp-content\/uploads\/2022\/10\/pressenza_logo_200x200.jpg","contentUrl":"https:\/\/www.pressenza.com\/wp-content\/uploads\/2022\/10\/pressenza_logo_200x200.jpg","width":200,"height":200,"caption":"Pressenza"},"image":{"@id":"https:\/\/www.pressenza.com\/es\/#\/schema\/logo\/image\/"},"sameAs":["https:\/\/www.facebook.com\/PressenzaItalia","https:\/\/x.com\/PressenzaIPA"]},{"@type":"Person","@id":"https:\/\/www.pressenza.com\/es\/#\/schema\/person\/6936ca3bb8dee618b5cdfd0e4427cdd6","name":"Carolina V\u00e1squez Araya","description":"Periodista y editora con m\u00e1s de 30 a\u00f1os de experiencia, cuyos logros profesionales en el desarrollo de proyectos de gran \u00e9xito avalan sus cualidades de liderazgo, creatividad y relaciones p\u00fablicas. Ha aportado sus conocimientos en proyectos de organizaciones con intereses orientados al desarrollo social, cultural y econ\u00f3mico del pa\u00eds, con especial \u00e9nfasis en el sector de cultura y educaci\u00f3n, emprendimiento, derechos humanos, justicia, ambiente, mujeres y ni\u00f1ez. Chilena en Guatemala. elquintopatio.wordpress.com","sameAs":["https:\/\/www.facebook.com\/pages\/Carolina-V\u00e1squez-Araya\/241844515845237?fref=ts","https:\/\/x.com\/carvasar"],"url":"https:\/\/www.pressenza.com\/es\/author\/carolina-vasquez-araya\/"}]}},"place":"Cuenca, Ecuador","original_article_url":"","_links":{"self":[{"href":"https:\/\/www.pressenza.com\/es\/wp-json\/wp\/v2\/posts\/678351","targetHints":{"allow":["GET"]}}],"collection":[{"href":"https:\/\/www.pressenza.com\/es\/wp-json\/wp\/v2\/posts"}],"about":[{"href":"https:\/\/www.pressenza.com\/es\/wp-json\/wp\/v2\/types\/post"}],"author":[{"embeddable":true,"href":"https:\/\/www.pressenza.com\/es\/wp-json\/wp\/v2\/users\/1296"}],"replies":[{"embeddable":true,"href":"https:\/\/www.pressenza.com\/es\/wp-json\/wp\/v2\/comments?post=678351"}],"version-history":[{"count":0,"href":"https:\/\/www.pressenza.com\/es\/wp-json\/wp\/v2\/posts\/678351\/revisions"}],"wp:featuredmedia":[{"embeddable":true,"href":"https:\/\/www.pressenza.com\/es\/wp-json\/wp\/v2\/media\/678353"}],"wp:attachment":[{"href":"https:\/\/www.pressenza.com\/es\/wp-json\/wp\/v2\/media?parent=678351"}],"wp:term":[{"taxonomy":"category","embeddable":true,"href":"https:\/\/www.pressenza.com\/es\/wp-json\/wp\/v2\/categories?post=678351"},{"taxonomy":"post_tag","embeddable":true,"href":"https:\/\/www.pressenza.com\/es\/wp-json\/wp\/v2\/tags?post=678351"}],"curies":[{"name":"wp","href":"https:\/\/api.w.org\/{rel}","templated":true}]}}