{"id":676204,"date":"2018-07-12T07:21:30","date_gmt":"2018-07-12T06:21:30","guid":{"rendered":"https:\/\/www.pressenza.com\/?p=676204"},"modified":"2018-07-12T07:21:30","modified_gmt":"2018-07-12T06:21:30","slug":"propiedad-comunitaria-indigena-la-argentina-esta-obligada-a-fijar-posicion-en-dos-meses","status":"publish","type":"post","link":"https:\/\/www.pressenza.com\/es\/2018\/07\/propiedad-comunitaria-indigena-la-argentina-esta-obligada-a-fijar-posicion-en-dos-meses\/","title":{"rendered":"Propiedad comunitaria ind\u00edgena: la Argentina est\u00e1 obligada a fijar posici\u00f3n en dos meses"},"content":{"rendered":"<p>La Corte IDH fij\u00f3 un plazo improrrogable de dos meses para que el Estado argentino responda las presentaciones del caso <strong><em>\u201cComunidades ind\u00edgenas de Lhaka Honhat vs. Argentina\u201d<\/em><\/strong>. La Asociaci\u00f3n de Comunidades Abor\u00edgenes Lhaka Honhat y el CELS demandan por las vulneraciones a los derechos de las comunidades ind\u00edgenas que habitan los ex lotes fiscales 55 y 14 del Departamento Rivadavia de la provincia de Salta.<\/p>\n<p>El caso <em>\u201cComunidades ind\u00edgenas de Lhaka Honhat vs. Argentina\u201d<\/em> es el primero en el que se discutir\u00e1 en la Corte Interamericana de Derechos Humanos (Corte IDH) la propiedad comunitaria ind\u00edgena en nuestro pa\u00eds, por lo que representa una oportunidad hist\u00f3rica para el resguardo de los derechos de las comunidades denunciantes, y para la garant\u00eda de los derechos ind\u00edgenas a nivel estructural.<\/p>\n<p>La semana pasada la Corte IDH notific\u00f3 al Estado argentino las presentaciones de la Comisi\u00f3n Interamericana de Derechos Humanos y de la Asociaci\u00f3n de Comunidades Abor\u00edgenes Lhaka Honhat y el CELS que demandan por las vulneraciones a los derechos de las comunidades ind\u00edgenas de los pueblos Wich\u00ed <em>(Mataco)<\/em>, Iyojwaja <em>(Chorote)<\/em>, Nivackl\u00e9 <em>(Chulup\u00ed)<\/em>, Qom <em>(Toba)<\/em> y Tapy\u2019y <em>(Tapiete)<\/em> que habitan los ex lotes fiscales 55 y 14 del Departamento Rivadavia de la provincia de Salta. La Corte Interamericana fij\u00f3 un plazo improrrogable de dos meses para que el Estado argentino conteste.<\/p>\n<p>Tras acreditar las violaciones al derecho a la propiedad comunitaria, a la identidad cultural, a la personalidad jur\u00eddica y por el da\u00f1o ambiental, entre otras afectaciones, las comunidades y el CELS solicitamos reparaciones que incluyen la entrega del t\u00edtulo colectivo por 400.000 hect\u00e1reas a nombre de todas las comunidades, la provisi\u00f3n de agua potable en el territorio, la realizaci\u00f3n de obras para el traslado de las familias criollas y la remoci\u00f3n de los alambrados que han perturbado su forma tradicional de vida y la detenci\u00f3n de la tala ilegal. Tambi\u00e9n requerimos medidas para asegurar que estas violaciones no se repitan, como la creaci\u00f3n de mecanismos institucionales de acceso a la propiedad comunitaria y a la consulta libre, previa e informada sobre obras en las tierras de los pueblos ind\u00edgenas de la Argentina.<\/p>\n<p>A principios de 2008 el Estado nacional y la provincia de Salta interrumpieron de manera unilateral todos los trabajos de delimitaci\u00f3n del territorio ind\u00edgena que se realizaban en los ex lotes fiscales 55 y 14. Por ello, en la \u00faltima asamblea de caciques realizada en Santa Mar\u00eda el 25 de abril pasado, las comunidades <a href=\"https:\/\/www.cels.org.ar\/web\/wp-content\/uploads\/2018\/07\/AN11FA1.pdf\" target=\"_blank\" rel=\"noopener\">denunciaron<\/a>: <em>\u201cEn virtud de que el Estado manifest\u00f3 en distintas reuniones con las comunidades ind\u00edgenas (..) que como consecuencia de la remisi\u00f3n del caso a la Corte Interamericana de Derechos Humanos, se detuvieron los trabajos en terreno, queremos remarcar que no existe raz\u00f3n alguna en esta instancia que justifique la interrupci\u00f3n de las acciones que el Estado debe realizar para garantizar nuestros derechos territoriales. Por lo tanto, exigimos que los trabajos se reanuden de inmediato\u201d.<\/em><\/p>\n<p>La respuesta a la Corte IDH es la oportunidad para que el Estado nacional y el de la provincia de Salta reconozcan las vulneraciones a las comunidades ind\u00edgenas y se comprometan, por fin, a la realizaci\u00f3n efectiva de todas las medidas y acciones necesarias para que en el menor plazo posible puedan gozar cabalmente de su derecho al territorio ancestral.<\/p>\n<p><em>Asociaci\u00f3n de Comunidades Abor\u00edgenes Lhaka Honhat (\u201cNuestra Tierra\u201d)<\/em><br \/>\n<em>CELS \u2013 Centro de Estudios Legales y Sociales<\/em><\/p>\n","protected":false},"excerpt":{"rendered":"<p>La Corte IDH fij\u00f3 un plazo improrrogable de dos meses para que el Estado argentino responda las presentaciones del caso \u201cComunidades ind\u00edgenas de Lhaka Honhat vs. Argentina\u201d. La Asociaci\u00f3n de Comunidades Abor\u00edgenes Lhaka Honhat y el CELS demandan por las&hellip;<\/p>\n","protected":false},"author":1254,"featured_media":676205,"comment_status":"closed","ping_status":"closed","sticky":false,"template":"","format":"standard","meta":{"footnotes":""},"categories":[149,80,67],"tags":[14812,47952,12629,40281,35501,5323,19455,22210,18507],"class_list":["post-676204","post","type-post","status-publish","format-standard","has-post-thumbnail","hentry","category-comunicados-de-prensa","category-pueblos-originarios","category-sudamerica","tag-cels","tag-cid","tag-consulta-es","tag-corte-interamericana","tag-cpli","tag-indigenas","tag-lhaka-honhat","tag-pueblos-originarios","tag-territorios"],"yoast_head":"<!-- This site is optimized with the Yoast SEO plugin v27.1.1 - https:\/\/yoast.com\/product\/yoast-seo-wordpress\/ -->\n<title>Propiedad comunitaria ind\u00edgena: la Argentina est\u00e1 obligada a fijar posici\u00f3n en dos meses<\/title>\n<meta name=\"description\" content=\"La Corte IDH fij\u00f3 un plazo improrrogable de dos meses para que el Estado argentino responda las presentaciones del caso \u201cComunidades ind\u00edgenas de Lhaka\" \/>\n<meta name=\"robots\" content=\"index, follow, max-snippet:-1, max-image-preview:large, max-video-preview:-1\" \/>\n<link rel=\"canonical\" href=\"https:\/\/www.pressenza.com\/es\/2018\/07\/propiedad-comunitaria-indigena-la-argentina-esta-obligada-a-fijar-posicion-en-dos-meses\/\" \/>\n<meta property=\"og:locale\" content=\"es_ES\" \/>\n<meta property=\"og:type\" content=\"article\" \/>\n<meta property=\"og:title\" content=\"Propiedad comunitaria ind\u00edgena: la Argentina est\u00e1 obligada a fijar posici\u00f3n en dos meses\" \/>\n<meta property=\"og:description\" content=\"La Corte IDH fij\u00f3 un plazo improrrogable de dos meses para que el Estado argentino responda las presentaciones del caso \u201cComunidades ind\u00edgenas de Lhaka\" \/>\n<meta property=\"og:url\" content=\"https:\/\/www.pressenza.com\/es\/2018\/07\/propiedad-comunitaria-indigena-la-argentina-esta-obligada-a-fijar-posicion-en-dos-meses\/\" \/>\n<meta property=\"og:site_name\" content=\"Pressenza\" \/>\n<meta property=\"article:publisher\" content=\"https:\/\/www.facebook.com\/PressenzaItalia\" \/>\n<meta property=\"article:author\" content=\"https:\/\/www.facebook.com\/pressenza\" \/>\n<meta property=\"article:published_time\" content=\"2018-07-12T06:21:30+00:00\" \/>\n<meta property=\"og:image\" content=\"https:\/\/www.pressenza.com\/wp-content\/uploads\/2018\/07\/del-cels.jpg\" \/>\n\t<meta property=\"og:image:width\" content=\"800\" \/>\n\t<meta property=\"og:image:height\" content=\"451\" \/>\n\t<meta property=\"og:image:type\" content=\"image\/jpeg\" \/>\n<meta name=\"author\" content=\"Redacci\u00f3n Mar del Plata\" \/>\n<meta name=\"twitter:card\" content=\"summary_large_image\" \/>\n<meta name=\"twitter:creator\" content=\"@Pressenza\" \/>\n<meta name=\"twitter:site\" content=\"@PressenzaIPA\" \/>\n<meta name=\"twitter:label1\" content=\"Escrito por\" \/>\n\t<meta name=\"twitter:data1\" content=\"Redacci\u00f3n Mar del Plata\" \/>\n\t<meta name=\"twitter:label2\" content=\"Tiempo de lectura\" \/>\n\t<meta name=\"twitter:data2\" content=\"3 minutos\" \/>\n<script type=\"application\/ld+json\" class=\"yoast-schema-graph\">{\"@context\":\"https:\/\/schema.org\",\"@graph\":[{\"@type\":\"Article\",\"@id\":\"https:\/\/www.pressenza.com\/es\/2018\/07\/propiedad-comunitaria-indigena-la-argentina-esta-obligada-a-fijar-posicion-en-dos-meses\/#article\",\"isPartOf\":{\"@id\":\"https:\/\/www.pressenza.com\/es\/2018\/07\/propiedad-comunitaria-indigena-la-argentina-esta-obligada-a-fijar-posicion-en-dos-meses\/\"},\"author\":{\"name\":\"Redacci\u00f3n Mar del Plata\",\"@id\":\"https:\/\/www.pressenza.com\/es\/#\/schema\/person\/738658b5125ecea661a8a0b96dba8b69\"},\"headline\":\"Propiedad comunitaria ind\u00edgena: la Argentina est\u00e1 obligada a fijar posici\u00f3n en dos meses\",\"datePublished\":\"2018-07-12T06:21:30+00:00\",\"mainEntityOfPage\":{\"@id\":\"https:\/\/www.pressenza.com\/es\/2018\/07\/propiedad-comunitaria-indigena-la-argentina-esta-obligada-a-fijar-posicion-en-dos-meses\/\"},\"wordCount\":594,\"publisher\":{\"@id\":\"https:\/\/www.pressenza.com\/es\/#organization\"},\"image\":{\"@id\":\"https:\/\/www.pressenza.com\/es\/2018\/07\/propiedad-comunitaria-indigena-la-argentina-esta-obligada-a-fijar-posicion-en-dos-meses\/#primaryimage\"},\"thumbnailUrl\":\"https:\/\/www.pressenza.com\/wp-content\/uploads\/2018\/07\/del-cels.jpg\",\"keywords\":[\"CELS\",\"CID\",\"consulta\",\"Corte Interamericana\",\"CPLI\",\"indigenas\",\"Lhaka Honhat\",\"Pueblos Originarios\",\"territorios\"],\"articleSection\":[\"Comunicados de Prensa\",\"Pueblos Originarios\",\"Sudam\u00e9rica\"],\"inLanguage\":\"es\"},{\"@type\":\"WebPage\",\"@id\":\"https:\/\/www.pressenza.com\/es\/2018\/07\/propiedad-comunitaria-indigena-la-argentina-esta-obligada-a-fijar-posicion-en-dos-meses\/\",\"url\":\"https:\/\/www.pressenza.com\/es\/2018\/07\/propiedad-comunitaria-indigena-la-argentina-esta-obligada-a-fijar-posicion-en-dos-meses\/\",\"name\":\"Propiedad comunitaria ind\u00edgena: la Argentina est\u00e1 obligada a fijar posici\u00f3n en dos meses\",\"isPartOf\":{\"@id\":\"https:\/\/www.pressenza.com\/es\/#website\"},\"primaryImageOfPage\":{\"@id\":\"https:\/\/www.pressenza.com\/es\/2018\/07\/propiedad-comunitaria-indigena-la-argentina-esta-obligada-a-fijar-posicion-en-dos-meses\/#primaryimage\"},\"image\":{\"@id\":\"https:\/\/www.pressenza.com\/es\/2018\/07\/propiedad-comunitaria-indigena-la-argentina-esta-obligada-a-fijar-posicion-en-dos-meses\/#primaryimage\"},\"thumbnailUrl\":\"https:\/\/www.pressenza.com\/wp-content\/uploads\/2018\/07\/del-cels.jpg\",\"datePublished\":\"2018-07-12T06:21:30+00:00\",\"description\":\"La Corte IDH fij\u00f3 un plazo improrrogable de dos meses para que el Estado argentino responda las presentaciones del caso \u201cComunidades ind\u00edgenas de Lhaka\",\"breadcrumb\":{\"@id\":\"https:\/\/www.pressenza.com\/es\/2018\/07\/propiedad-comunitaria-indigena-la-argentina-esta-obligada-a-fijar-posicion-en-dos-meses\/#breadcrumb\"},\"inLanguage\":\"es\",\"potentialAction\":[{\"@type\":\"ReadAction\",\"target\":[\"https:\/\/www.pressenza.com\/es\/2018\/07\/propiedad-comunitaria-indigena-la-argentina-esta-obligada-a-fijar-posicion-en-dos-meses\/\"]}]},{\"@type\":\"ImageObject\",\"inLanguage\":\"es\",\"@id\":\"https:\/\/www.pressenza.com\/es\/2018\/07\/propiedad-comunitaria-indigena-la-argentina-esta-obligada-a-fijar-posicion-en-dos-meses\/#primaryimage\",\"url\":\"https:\/\/www.pressenza.com\/wp-content\/uploads\/2018\/07\/del-cels.jpg\",\"contentUrl\":\"https:\/\/www.pressenza.com\/wp-content\/uploads\/2018\/07\/del-cels.jpg\",\"width\":800,\"height\":451},{\"@type\":\"BreadcrumbList\",\"@id\":\"https:\/\/www.pressenza.com\/es\/2018\/07\/propiedad-comunitaria-indigena-la-argentina-esta-obligada-a-fijar-posicion-en-dos-meses\/#breadcrumb\",\"itemListElement\":[{\"@type\":\"ListItem\",\"position\":1,\"name\":\"Accueil\",\"item\":\"https:\/\/www.pressenza.com\/es\/\"},{\"@type\":\"ListItem\",\"position\":2,\"name\":\"Propiedad comunitaria ind\u00edgena: la Argentina est\u00e1 obligada a fijar posici\u00f3n en dos meses\"}]},{\"@type\":\"WebSite\",\"@id\":\"https:\/\/www.pressenza.com\/es\/#website\",\"url\":\"https:\/\/www.pressenza.com\/es\/\",\"name\":\"Pressenza\",\"description\":\"International Press Agency\",\"publisher\":{\"@id\":\"https:\/\/www.pressenza.com\/es\/#organization\"},\"potentialAction\":[{\"@type\":\"SearchAction\",\"target\":{\"@type\":\"EntryPoint\",\"urlTemplate\":\"https:\/\/www.pressenza.com\/es\/?s={search_term_string}\"},\"query-input\":{\"@type\":\"PropertyValueSpecification\",\"valueRequired\":true,\"valueName\":\"search_term_string\"}}],\"inLanguage\":\"es\"},{\"@type\":\"Organization\",\"@id\":\"https:\/\/www.pressenza.com\/es\/#organization\",\"name\":\"Pressenza\",\"url\":\"https:\/\/www.pressenza.com\/es\/\",\"logo\":{\"@type\":\"ImageObject\",\"inLanguage\":\"es\",\"@id\":\"https:\/\/www.pressenza.com\/es\/#\/schema\/logo\/image\/\",\"url\":\"https:\/\/www.pressenza.com\/wp-content\/uploads\/2022\/10\/pressenza_logo_200x200.jpg\",\"contentUrl\":\"https:\/\/www.pressenza.com\/wp-content\/uploads\/2022\/10\/pressenza_logo_200x200.jpg\",\"width\":200,\"height\":200,\"caption\":\"Pressenza\"},\"image\":{\"@id\":\"https:\/\/www.pressenza.com\/es\/#\/schema\/logo\/image\/\"},\"sameAs\":[\"https:\/\/www.facebook.com\/PressenzaItalia\",\"https:\/\/x.com\/PressenzaIPA\"]},{\"@type\":\"Person\",\"@id\":\"https:\/\/www.pressenza.com\/es\/#\/schema\/person\/738658b5125ecea661a8a0b96dba8b69\",\"name\":\"Redacci\u00f3n Mar del Plata\",\"description\":\"News published by the Pressenza bureau in Mar Del Plata, Argentina\",\"sameAs\":[\"https:\/\/www.facebook.com\/pressenza\",\"https:\/\/x.com\/Pressenza\"],\"url\":\"https:\/\/www.pressenza.com\/es\/author\/redaccion-mar-del-plata\/\"}]}<\/script>\n<!-- \/ Yoast SEO plugin. -->","yoast_head_json":{"title":"Propiedad comunitaria ind\u00edgena: la Argentina est\u00e1 obligada a fijar posici\u00f3n en dos meses","description":"La Corte IDH fij\u00f3 un plazo improrrogable de dos meses para que el Estado argentino responda las presentaciones del caso \u201cComunidades ind\u00edgenas de Lhaka","robots":{"index":"index","follow":"follow","max-snippet":"max-snippet:-1","max-image-preview":"max-image-preview:large","max-video-preview":"max-video-preview:-1"},"canonical":"https:\/\/www.pressenza.com\/es\/2018\/07\/propiedad-comunitaria-indigena-la-argentina-esta-obligada-a-fijar-posicion-en-dos-meses\/","og_locale":"es_ES","og_type":"article","og_title":"Propiedad comunitaria ind\u00edgena: la Argentina est\u00e1 obligada a fijar posici\u00f3n en dos meses","og_description":"La Corte IDH fij\u00f3 un plazo improrrogable de dos meses para que el Estado argentino responda las presentaciones del caso \u201cComunidades ind\u00edgenas de Lhaka","og_url":"https:\/\/www.pressenza.com\/es\/2018\/07\/propiedad-comunitaria-indigena-la-argentina-esta-obligada-a-fijar-posicion-en-dos-meses\/","og_site_name":"Pressenza","article_publisher":"https:\/\/www.facebook.com\/PressenzaItalia","article_author":"https:\/\/www.facebook.com\/pressenza","article_published_time":"2018-07-12T06:21:30+00:00","og_image":[{"width":800,"height":451,"url":"https:\/\/www.pressenza.com\/wp-content\/uploads\/2018\/07\/del-cels.jpg","type":"image\/jpeg"}],"author":"Redacci\u00f3n Mar del Plata","twitter_card":"summary_large_image","twitter_creator":"@Pressenza","twitter_site":"@PressenzaIPA","twitter_misc":{"Escrito por":"Redacci\u00f3n Mar del Plata","Tiempo de lectura":"3 minutos"},"schema":{"@context":"https:\/\/schema.org","@graph":[{"@type":"Article","@id":"https:\/\/www.pressenza.com\/es\/2018\/07\/propiedad-comunitaria-indigena-la-argentina-esta-obligada-a-fijar-posicion-en-dos-meses\/#article","isPartOf":{"@id":"https:\/\/www.pressenza.com\/es\/2018\/07\/propiedad-comunitaria-indigena-la-argentina-esta-obligada-a-fijar-posicion-en-dos-meses\/"},"author":{"name":"Redacci\u00f3n Mar del Plata","@id":"https:\/\/www.pressenza.com\/es\/#\/schema\/person\/738658b5125ecea661a8a0b96dba8b69"},"headline":"Propiedad comunitaria ind\u00edgena: la Argentina est\u00e1 obligada a fijar posici\u00f3n en dos meses","datePublished":"2018-07-12T06:21:30+00:00","mainEntityOfPage":{"@id":"https:\/\/www.pressenza.com\/es\/2018\/07\/propiedad-comunitaria-indigena-la-argentina-esta-obligada-a-fijar-posicion-en-dos-meses\/"},"wordCount":594,"publisher":{"@id":"https:\/\/www.pressenza.com\/es\/#organization"},"image":{"@id":"https:\/\/www.pressenza.com\/es\/2018\/07\/propiedad-comunitaria-indigena-la-argentina-esta-obligada-a-fijar-posicion-en-dos-meses\/#primaryimage"},"thumbnailUrl":"https:\/\/www.pressenza.com\/wp-content\/uploads\/2018\/07\/del-cels.jpg","keywords":["CELS","CID","consulta","Corte Interamericana","CPLI","indigenas","Lhaka Honhat","Pueblos Originarios","territorios"],"articleSection":["Comunicados de Prensa","Pueblos Originarios","Sudam\u00e9rica"],"inLanguage":"es"},{"@type":"WebPage","@id":"https:\/\/www.pressenza.com\/es\/2018\/07\/propiedad-comunitaria-indigena-la-argentina-esta-obligada-a-fijar-posicion-en-dos-meses\/","url":"https:\/\/www.pressenza.com\/es\/2018\/07\/propiedad-comunitaria-indigena-la-argentina-esta-obligada-a-fijar-posicion-en-dos-meses\/","name":"Propiedad comunitaria ind\u00edgena: la Argentina est\u00e1 obligada a fijar posici\u00f3n en dos meses","isPartOf":{"@id":"https:\/\/www.pressenza.com\/es\/#website"},"primaryImageOfPage":{"@id":"https:\/\/www.pressenza.com\/es\/2018\/07\/propiedad-comunitaria-indigena-la-argentina-esta-obligada-a-fijar-posicion-en-dos-meses\/#primaryimage"},"image":{"@id":"https:\/\/www.pressenza.com\/es\/2018\/07\/propiedad-comunitaria-indigena-la-argentina-esta-obligada-a-fijar-posicion-en-dos-meses\/#primaryimage"},"thumbnailUrl":"https:\/\/www.pressenza.com\/wp-content\/uploads\/2018\/07\/del-cels.jpg","datePublished":"2018-07-12T06:21:30+00:00","description":"La Corte IDH fij\u00f3 un plazo improrrogable de dos meses para que el Estado argentino responda las presentaciones del caso \u201cComunidades ind\u00edgenas de Lhaka","breadcrumb":{"@id":"https:\/\/www.pressenza.com\/es\/2018\/07\/propiedad-comunitaria-indigena-la-argentina-esta-obligada-a-fijar-posicion-en-dos-meses\/#breadcrumb"},"inLanguage":"es","potentialAction":[{"@type":"ReadAction","target":["https:\/\/www.pressenza.com\/es\/2018\/07\/propiedad-comunitaria-indigena-la-argentina-esta-obligada-a-fijar-posicion-en-dos-meses\/"]}]},{"@type":"ImageObject","inLanguage":"es","@id":"https:\/\/www.pressenza.com\/es\/2018\/07\/propiedad-comunitaria-indigena-la-argentina-esta-obligada-a-fijar-posicion-en-dos-meses\/#primaryimage","url":"https:\/\/www.pressenza.com\/wp-content\/uploads\/2018\/07\/del-cels.jpg","contentUrl":"https:\/\/www.pressenza.com\/wp-content\/uploads\/2018\/07\/del-cels.jpg","width":800,"height":451},{"@type":"BreadcrumbList","@id":"https:\/\/www.pressenza.com\/es\/2018\/07\/propiedad-comunitaria-indigena-la-argentina-esta-obligada-a-fijar-posicion-en-dos-meses\/#breadcrumb","itemListElement":[{"@type":"ListItem","position":1,"name":"Accueil","item":"https:\/\/www.pressenza.com\/es\/"},{"@type":"ListItem","position":2,"name":"Propiedad comunitaria ind\u00edgena: la Argentina est\u00e1 obligada a fijar posici\u00f3n en dos meses"}]},{"@type":"WebSite","@id":"https:\/\/www.pressenza.com\/es\/#website","url":"https:\/\/www.pressenza.com\/es\/","name":"Pressenza","description":"International Press Agency","publisher":{"@id":"https:\/\/www.pressenza.com\/es\/#organization"},"potentialAction":[{"@type":"SearchAction","target":{"@type":"EntryPoint","urlTemplate":"https:\/\/www.pressenza.com\/es\/?s={search_term_string}"},"query-input":{"@type":"PropertyValueSpecification","valueRequired":true,"valueName":"search_term_string"}}],"inLanguage":"es"},{"@type":"Organization","@id":"https:\/\/www.pressenza.com\/es\/#organization","name":"Pressenza","url":"https:\/\/www.pressenza.com\/es\/","logo":{"@type":"ImageObject","inLanguage":"es","@id":"https:\/\/www.pressenza.com\/es\/#\/schema\/logo\/image\/","url":"https:\/\/www.pressenza.com\/wp-content\/uploads\/2022\/10\/pressenza_logo_200x200.jpg","contentUrl":"https:\/\/www.pressenza.com\/wp-content\/uploads\/2022\/10\/pressenza_logo_200x200.jpg","width":200,"height":200,"caption":"Pressenza"},"image":{"@id":"https:\/\/www.pressenza.com\/es\/#\/schema\/logo\/image\/"},"sameAs":["https:\/\/www.facebook.com\/PressenzaItalia","https:\/\/x.com\/PressenzaIPA"]},{"@type":"Person","@id":"https:\/\/www.pressenza.com\/es\/#\/schema\/person\/738658b5125ecea661a8a0b96dba8b69","name":"Redacci\u00f3n Mar del Plata","description":"News published by the Pressenza bureau in Mar Del Plata, Argentina","sameAs":["https:\/\/www.facebook.com\/pressenza","https:\/\/x.com\/Pressenza"],"url":"https:\/\/www.pressenza.com\/es\/author\/redaccion-mar-del-plata\/"}]}},"place":"Ciudad de Buenos Aires, Argentina","original_article_url":"","_links":{"self":[{"href":"https:\/\/www.pressenza.com\/es\/wp-json\/wp\/v2\/posts\/676204","targetHints":{"allow":["GET"]}}],"collection":[{"href":"https:\/\/www.pressenza.com\/es\/wp-json\/wp\/v2\/posts"}],"about":[{"href":"https:\/\/www.pressenza.com\/es\/wp-json\/wp\/v2\/types\/post"}],"author":[{"embeddable":true,"href":"https:\/\/www.pressenza.com\/es\/wp-json\/wp\/v2\/users\/1254"}],"replies":[{"embeddable":true,"href":"https:\/\/www.pressenza.com\/es\/wp-json\/wp\/v2\/comments?post=676204"}],"version-history":[{"count":0,"href":"https:\/\/www.pressenza.com\/es\/wp-json\/wp\/v2\/posts\/676204\/revisions"}],"wp:featuredmedia":[{"embeddable":true,"href":"https:\/\/www.pressenza.com\/es\/wp-json\/wp\/v2\/media\/676205"}],"wp:attachment":[{"href":"https:\/\/www.pressenza.com\/es\/wp-json\/wp\/v2\/media?parent=676204"}],"wp:term":[{"taxonomy":"category","embeddable":true,"href":"https:\/\/www.pressenza.com\/es\/wp-json\/wp\/v2\/categories?post=676204"},{"taxonomy":"post_tag","embeddable":true,"href":"https:\/\/www.pressenza.com\/es\/wp-json\/wp\/v2\/tags?post=676204"}],"curies":[{"name":"wp","href":"https:\/\/api.w.org\/{rel}","templated":true}]}}