{"id":676127,"date":"2018-07-11T22:52:21","date_gmt":"2018-07-11T21:52:21","guid":{"rendered":"https:\/\/www.pressenza.com\/?p=676127"},"modified":"2018-07-11T22:52:21","modified_gmt":"2018-07-11T21:52:21","slug":"stop-mare-mortum-condena-historica-del-tribunal-supremo-al-gobierno-espanol","status":"publish","type":"post","link":"https:\/\/www.pressenza.com\/es\/2018\/07\/stop-mare-mortum-condena-historica-del-tribunal-supremo-al-gobierno-espanol\/","title":{"rendered":"Stop Mare Mortum: condena hist\u00f3rica del Tribunal Supremo al gobierno espa\u00f1ol"},"content":{"rendered":"<p>El Tribunal Supremo condena al gobierno espa\u00f1ol a cumplir sus compromisos de tramitar las solicitudes de asilo de 19.449 personas desde Grecia e Italia, que asumi\u00f3 en decisiones europeas en septiembre de 2015, a pesar de que el t\u00e9rmino haya finalizado.<\/p>\n<p>Stop Mare Mortum, un movimiento social que vela por el cambio de pol\u00edticas migratorias que permitan el desarrollo de un mundo basado en el respeto por los derechos humanos, considera que es una sentencia hist\u00f3rica y sin precedentes al ser la primera vez que un tribunal nacional condena a su gobierno.<\/p>\n<p>Hace tan solo siete d\u00edas, el rescate de 60 personas por Open Arms, fue un acto denunciado por Stop Mare Mortum por su uso pol\u00edtico y medi\u00e1tico. La plataforma exig\u00eda un cambio de pol\u00edticas migratorias estatales y europeas desde un enfoque de derechos humanos y no desde la amenaza de la externalizaci\u00f3n de las fronteras; reclamaban v\u00edas legales y seguras de acceso al territorio para que la gente no tenga que arriesgar su vida por el camino y por tanto ser rescatada en alta mar; as\u00ed mismo se ped\u00eda la misma atenci\u00f3n en otros puntos de llegada como la frontera sur.<\/p>\n<p>En abril del 2017 Stop Mare Mortum puso un recurso para exigir la acogida de 19.449 personas. A d\u00eda de hoy s\u00f3lo se han acogido 1.349, menos del 7% de lo pactado. Esta sentencia pone de manifiesto que el cumplimiento de los derechos humanos es una obligaci\u00f3n de los Estados. El derecho de asilo no es discrecional, es exigible. Stop Mare Mortum declara que es un buen momento para recordar que existen otras v\u00edas legales y seguras que pueden facilitar la llegada de las personas que han quedado atrapadas en la irregularidad, v\u00edctimas de los traficantes de seres humanos de Gracia e Italia.<\/p>\n<p>La sentencia adem\u00e1s muestra una dimensi\u00f3n internacional al apelar al principio de solidaridad poniendo de manifiesto que la responsabilidad de acogida no ha sido compartida. Muestra de ello los resultados de Italia donde triunfan soluciones populistas cuando no se ha dado respuesta solidaria.<\/p>\n<p>Stop Mare Mortum considera que esta victoria evidencia que la sociedad civil organizada puede ejercer control sobre la acci\u00f3n pol\u00edtica de sus gobiernos y considera una oportunidad \u201cclave\u201d para que el Gobierno de Pedro S\u00e1nchez haga cambios en las pol\u00edticas migratorias, asumiendo como propia la sentencia, a pesar de tratarse de incumplimiento durante el mandato de Mariano Rajoy.<\/p>\n","protected":false},"excerpt":{"rendered":"<p>El Tribunal Supremo condena al gobierno espa\u00f1ol a cumplir sus compromisos de tramitar las solicitudes de asilo de 19.449 personas desde Grecia e Italia, que asumi\u00f3 en decisiones europeas en septiembre de 2015, a pesar de que el t\u00e9rmino haya&hellip;<\/p>\n","protected":false},"author":647,"featured_media":676128,"comment_status":"closed","ping_status":"closed","sticky":false,"template":"","format":"standard","meta":{"footnotes":""},"categories":[11389,79,66],"tags":[36617,27668],"class_list":["post-676127","post","type-post","status-publish","format-standard","has-post-thumbnail","hentry","category-contenido-original","category-derechos-humanos","category-europa-es","tag-stopmaremortum","tag-politicas-migratorias"],"yoast_head":"<!-- This site is optimized with the Yoast SEO plugin v27.1.1 - https:\/\/yoast.com\/product\/yoast-seo-wordpress\/ -->\n<title>Stop Mare Mortum: condena hist\u00f3rica del Tribunal Supremo al gobierno espa\u00f1ol<\/title>\n<meta name=\"description\" content=\"El Tribunal Supremo condena al gobierno espa\u00f1ol a cumplir sus compromisos de tramitar las solicitudes de asilo de 19.449 personas desde Grecia e Italia,\" \/>\n<meta name=\"robots\" content=\"index, follow, max-snippet:-1, max-image-preview:large, max-video-preview:-1\" \/>\n<link rel=\"canonical\" href=\"https:\/\/www.pressenza.com\/es\/2018\/07\/stop-mare-mortum-condena-historica-del-tribunal-supremo-al-gobierno-espanol\/\" \/>\n<meta property=\"og:locale\" content=\"es_ES\" \/>\n<meta property=\"og:type\" content=\"article\" \/>\n<meta property=\"og:title\" content=\"Stop Mare Mortum: condena hist\u00f3rica del Tribunal Supremo al gobierno espa\u00f1ol\" \/>\n<meta property=\"og:description\" content=\"El Tribunal Supremo condena al gobierno espa\u00f1ol a cumplir sus compromisos de tramitar las solicitudes de asilo de 19.449 personas desde Grecia e Italia,\" \/>\n<meta property=\"og:url\" content=\"https:\/\/www.pressenza.com\/es\/2018\/07\/stop-mare-mortum-condena-historica-del-tribunal-supremo-al-gobierno-espanol\/\" \/>\n<meta property=\"og:site_name\" content=\"Pressenza\" \/>\n<meta property=\"article:publisher\" content=\"https:\/\/www.facebook.com\/PressenzaItalia\" \/>\n<meta property=\"article:published_time\" content=\"2018-07-11T21:52:21+00:00\" \/>\n<meta property=\"og:image\" content=\"https:\/\/www.pressenza.com\/wp-content\/uploads\/2018\/07\/STOP_M_M.jpg\" \/>\n\t<meta property=\"og:image:width\" content=\"1024\" \/>\n\t<meta property=\"og:image:height\" content=\"768\" \/>\n\t<meta property=\"og:image:type\" content=\"image\/jpeg\" \/>\n<meta name=\"author\" content=\"Raquel Paricio\" \/>\n<meta name=\"twitter:card\" content=\"summary_large_image\" \/>\n<meta name=\"twitter:creator\" content=\"@PressenzaIPA\" \/>\n<meta name=\"twitter:site\" content=\"@PressenzaIPA\" \/>\n<meta name=\"twitter:label1\" content=\"Escrito por\" \/>\n\t<meta name=\"twitter:data1\" content=\"Raquel Paricio\" \/>\n\t<meta name=\"twitter:label2\" content=\"Tiempo de lectura\" \/>\n\t<meta name=\"twitter:data2\" content=\"2 minutos\" \/>\n<script type=\"application\/ld+json\" class=\"yoast-schema-graph\">{\"@context\":\"https:\/\/schema.org\",\"@graph\":[{\"@type\":\"Article\",\"@id\":\"https:\/\/www.pressenza.com\/es\/2018\/07\/stop-mare-mortum-condena-historica-del-tribunal-supremo-al-gobierno-espanol\/#article\",\"isPartOf\":{\"@id\":\"https:\/\/www.pressenza.com\/es\/2018\/07\/stop-mare-mortum-condena-historica-del-tribunal-supremo-al-gobierno-espanol\/\"},\"author\":{\"name\":\"Raquel Paricio\",\"@id\":\"https:\/\/www.pressenza.com\/es\/#\/schema\/person\/7104466338f7b188aedd367b5e15c977\"},\"headline\":\"Stop Mare Mortum: condena hist\u00f3rica del Tribunal Supremo al gobierno espa\u00f1ol\",\"datePublished\":\"2018-07-11T21:52:21+00:00\",\"mainEntityOfPage\":{\"@id\":\"https:\/\/www.pressenza.com\/es\/2018\/07\/stop-mare-mortum-condena-historica-del-tribunal-supremo-al-gobierno-espanol\/\"},\"wordCount\":427,\"publisher\":{\"@id\":\"https:\/\/www.pressenza.com\/es\/#organization\"},\"image\":{\"@id\":\"https:\/\/www.pressenza.com\/es\/2018\/07\/stop-mare-mortum-condena-historica-del-tribunal-supremo-al-gobierno-espanol\/#primaryimage\"},\"thumbnailUrl\":\"https:\/\/www.pressenza.com\/wp-content\/uploads\/2018\/07\/STOP_M_M.jpg\",\"keywords\":[\"#stopmaremortum\",\"pol\u00edticas migrat\u00f3rias\"],\"articleSection\":[\"Contenido Original\",\"Derechos Humanos\",\"Europa\"],\"inLanguage\":\"es\"},{\"@type\":\"WebPage\",\"@id\":\"https:\/\/www.pressenza.com\/es\/2018\/07\/stop-mare-mortum-condena-historica-del-tribunal-supremo-al-gobierno-espanol\/\",\"url\":\"https:\/\/www.pressenza.com\/es\/2018\/07\/stop-mare-mortum-condena-historica-del-tribunal-supremo-al-gobierno-espanol\/\",\"name\":\"Stop Mare Mortum: condena hist\u00f3rica del Tribunal Supremo al gobierno espa\u00f1ol\",\"isPartOf\":{\"@id\":\"https:\/\/www.pressenza.com\/es\/#website\"},\"primaryImageOfPage\":{\"@id\":\"https:\/\/www.pressenza.com\/es\/2018\/07\/stop-mare-mortum-condena-historica-del-tribunal-supremo-al-gobierno-espanol\/#primaryimage\"},\"image\":{\"@id\":\"https:\/\/www.pressenza.com\/es\/2018\/07\/stop-mare-mortum-condena-historica-del-tribunal-supremo-al-gobierno-espanol\/#primaryimage\"},\"thumbnailUrl\":\"https:\/\/www.pressenza.com\/wp-content\/uploads\/2018\/07\/STOP_M_M.jpg\",\"datePublished\":\"2018-07-11T21:52:21+00:00\",\"description\":\"El Tribunal Supremo condena al gobierno espa\u00f1ol a cumplir sus compromisos de tramitar las solicitudes de asilo de 19.449 personas desde Grecia e Italia,\",\"breadcrumb\":{\"@id\":\"https:\/\/www.pressenza.com\/es\/2018\/07\/stop-mare-mortum-condena-historica-del-tribunal-supremo-al-gobierno-espanol\/#breadcrumb\"},\"inLanguage\":\"es\",\"potentialAction\":[{\"@type\":\"ReadAction\",\"target\":[\"https:\/\/www.pressenza.com\/es\/2018\/07\/stop-mare-mortum-condena-historica-del-tribunal-supremo-al-gobierno-espanol\/\"]}]},{\"@type\":\"ImageObject\",\"inLanguage\":\"es\",\"@id\":\"https:\/\/www.pressenza.com\/es\/2018\/07\/stop-mare-mortum-condena-historica-del-tribunal-supremo-al-gobierno-espanol\/#primaryimage\",\"url\":\"https:\/\/www.pressenza.com\/wp-content\/uploads\/2018\/07\/STOP_M_M.jpg\",\"contentUrl\":\"https:\/\/www.pressenza.com\/wp-content\/uploads\/2018\/07\/STOP_M_M.jpg\",\"width\":1024,\"height\":768},{\"@type\":\"BreadcrumbList\",\"@id\":\"https:\/\/www.pressenza.com\/es\/2018\/07\/stop-mare-mortum-condena-historica-del-tribunal-supremo-al-gobierno-espanol\/#breadcrumb\",\"itemListElement\":[{\"@type\":\"ListItem\",\"position\":1,\"name\":\"Accueil\",\"item\":\"https:\/\/www.pressenza.com\/es\/\"},{\"@type\":\"ListItem\",\"position\":2,\"name\":\"Stop Mare Mortum: condena hist\u00f3rica del Tribunal Supremo al gobierno espa\u00f1ol\"}]},{\"@type\":\"WebSite\",\"@id\":\"https:\/\/www.pressenza.com\/es\/#website\",\"url\":\"https:\/\/www.pressenza.com\/es\/\",\"name\":\"Pressenza\",\"description\":\"International Press Agency\",\"publisher\":{\"@id\":\"https:\/\/www.pressenza.com\/es\/#organization\"},\"potentialAction\":[{\"@type\":\"SearchAction\",\"target\":{\"@type\":\"EntryPoint\",\"urlTemplate\":\"https:\/\/www.pressenza.com\/es\/?s={search_term_string}\"},\"query-input\":{\"@type\":\"PropertyValueSpecification\",\"valueRequired\":true,\"valueName\":\"search_term_string\"}}],\"inLanguage\":\"es\"},{\"@type\":\"Organization\",\"@id\":\"https:\/\/www.pressenza.com\/es\/#organization\",\"name\":\"Pressenza\",\"url\":\"https:\/\/www.pressenza.com\/es\/\",\"logo\":{\"@type\":\"ImageObject\",\"inLanguage\":\"es\",\"@id\":\"https:\/\/www.pressenza.com\/es\/#\/schema\/logo\/image\/\",\"url\":\"https:\/\/www.pressenza.com\/wp-content\/uploads\/2022\/10\/pressenza_logo_200x200.jpg\",\"contentUrl\":\"https:\/\/www.pressenza.com\/wp-content\/uploads\/2022\/10\/pressenza_logo_200x200.jpg\",\"width\":200,\"height\":200,\"caption\":\"Pressenza\"},\"image\":{\"@id\":\"https:\/\/www.pressenza.com\/es\/#\/schema\/logo\/image\/\"},\"sameAs\":[\"https:\/\/www.facebook.com\/PressenzaItalia\",\"https:\/\/x.com\/PressenzaIPA\"]},{\"@type\":\"Person\",\"@id\":\"https:\/\/www.pressenza.com\/es\/#\/schema\/person\/7104466338f7b188aedd367b5e15c977\",\"name\":\"Raquel Paricio\",\"description\":\"Docente. Artista. Humanista. Doctora en Arte y Tecnolog\u00eda. Investiga en las diferentes escuelas de meditaci\u00f3n de diferentes culturas.\",\"url\":\"https:\/\/www.pressenza.com\/es\/author\/raquel-paricio\/\"}]}<\/script>\n<!-- \/ Yoast SEO plugin. -->","yoast_head_json":{"title":"Stop Mare Mortum: condena hist\u00f3rica del Tribunal Supremo al gobierno espa\u00f1ol","description":"El Tribunal Supremo condena al gobierno espa\u00f1ol a cumplir sus compromisos de tramitar las solicitudes de asilo de 19.449 personas desde Grecia e Italia,","robots":{"index":"index","follow":"follow","max-snippet":"max-snippet:-1","max-image-preview":"max-image-preview:large","max-video-preview":"max-video-preview:-1"},"canonical":"https:\/\/www.pressenza.com\/es\/2018\/07\/stop-mare-mortum-condena-historica-del-tribunal-supremo-al-gobierno-espanol\/","og_locale":"es_ES","og_type":"article","og_title":"Stop Mare Mortum: condena hist\u00f3rica del Tribunal Supremo al gobierno espa\u00f1ol","og_description":"El Tribunal Supremo condena al gobierno espa\u00f1ol a cumplir sus compromisos de tramitar las solicitudes de asilo de 19.449 personas desde Grecia e Italia,","og_url":"https:\/\/www.pressenza.com\/es\/2018\/07\/stop-mare-mortum-condena-historica-del-tribunal-supremo-al-gobierno-espanol\/","og_site_name":"Pressenza","article_publisher":"https:\/\/www.facebook.com\/PressenzaItalia","article_published_time":"2018-07-11T21:52:21+00:00","og_image":[{"width":1024,"height":768,"url":"https:\/\/www.pressenza.com\/wp-content\/uploads\/2018\/07\/STOP_M_M.jpg","type":"image\/jpeg"}],"author":"Raquel Paricio","twitter_card":"summary_large_image","twitter_creator":"@PressenzaIPA","twitter_site":"@PressenzaIPA","twitter_misc":{"Escrito por":"Raquel Paricio","Tiempo de lectura":"2 minutos"},"schema":{"@context":"https:\/\/schema.org","@graph":[{"@type":"Article","@id":"https:\/\/www.pressenza.com\/es\/2018\/07\/stop-mare-mortum-condena-historica-del-tribunal-supremo-al-gobierno-espanol\/#article","isPartOf":{"@id":"https:\/\/www.pressenza.com\/es\/2018\/07\/stop-mare-mortum-condena-historica-del-tribunal-supremo-al-gobierno-espanol\/"},"author":{"name":"Raquel Paricio","@id":"https:\/\/www.pressenza.com\/es\/#\/schema\/person\/7104466338f7b188aedd367b5e15c977"},"headline":"Stop Mare Mortum: condena hist\u00f3rica del Tribunal Supremo al gobierno espa\u00f1ol","datePublished":"2018-07-11T21:52:21+00:00","mainEntityOfPage":{"@id":"https:\/\/www.pressenza.com\/es\/2018\/07\/stop-mare-mortum-condena-historica-del-tribunal-supremo-al-gobierno-espanol\/"},"wordCount":427,"publisher":{"@id":"https:\/\/www.pressenza.com\/es\/#organization"},"image":{"@id":"https:\/\/www.pressenza.com\/es\/2018\/07\/stop-mare-mortum-condena-historica-del-tribunal-supremo-al-gobierno-espanol\/#primaryimage"},"thumbnailUrl":"https:\/\/www.pressenza.com\/wp-content\/uploads\/2018\/07\/STOP_M_M.jpg","keywords":["#stopmaremortum","pol\u00edticas migrat\u00f3rias"],"articleSection":["Contenido Original","Derechos Humanos","Europa"],"inLanguage":"es"},{"@type":"WebPage","@id":"https:\/\/www.pressenza.com\/es\/2018\/07\/stop-mare-mortum-condena-historica-del-tribunal-supremo-al-gobierno-espanol\/","url":"https:\/\/www.pressenza.com\/es\/2018\/07\/stop-mare-mortum-condena-historica-del-tribunal-supremo-al-gobierno-espanol\/","name":"Stop Mare Mortum: condena hist\u00f3rica del Tribunal Supremo al gobierno espa\u00f1ol","isPartOf":{"@id":"https:\/\/www.pressenza.com\/es\/#website"},"primaryImageOfPage":{"@id":"https:\/\/www.pressenza.com\/es\/2018\/07\/stop-mare-mortum-condena-historica-del-tribunal-supremo-al-gobierno-espanol\/#primaryimage"},"image":{"@id":"https:\/\/www.pressenza.com\/es\/2018\/07\/stop-mare-mortum-condena-historica-del-tribunal-supremo-al-gobierno-espanol\/#primaryimage"},"thumbnailUrl":"https:\/\/www.pressenza.com\/wp-content\/uploads\/2018\/07\/STOP_M_M.jpg","datePublished":"2018-07-11T21:52:21+00:00","description":"El Tribunal Supremo condena al gobierno espa\u00f1ol a cumplir sus compromisos de tramitar las solicitudes de asilo de 19.449 personas desde Grecia e Italia,","breadcrumb":{"@id":"https:\/\/www.pressenza.com\/es\/2018\/07\/stop-mare-mortum-condena-historica-del-tribunal-supremo-al-gobierno-espanol\/#breadcrumb"},"inLanguage":"es","potentialAction":[{"@type":"ReadAction","target":["https:\/\/www.pressenza.com\/es\/2018\/07\/stop-mare-mortum-condena-historica-del-tribunal-supremo-al-gobierno-espanol\/"]}]},{"@type":"ImageObject","inLanguage":"es","@id":"https:\/\/www.pressenza.com\/es\/2018\/07\/stop-mare-mortum-condena-historica-del-tribunal-supremo-al-gobierno-espanol\/#primaryimage","url":"https:\/\/www.pressenza.com\/wp-content\/uploads\/2018\/07\/STOP_M_M.jpg","contentUrl":"https:\/\/www.pressenza.com\/wp-content\/uploads\/2018\/07\/STOP_M_M.jpg","width":1024,"height":768},{"@type":"BreadcrumbList","@id":"https:\/\/www.pressenza.com\/es\/2018\/07\/stop-mare-mortum-condena-historica-del-tribunal-supremo-al-gobierno-espanol\/#breadcrumb","itemListElement":[{"@type":"ListItem","position":1,"name":"Accueil","item":"https:\/\/www.pressenza.com\/es\/"},{"@type":"ListItem","position":2,"name":"Stop Mare Mortum: condena hist\u00f3rica del Tribunal Supremo al gobierno espa\u00f1ol"}]},{"@type":"WebSite","@id":"https:\/\/www.pressenza.com\/es\/#website","url":"https:\/\/www.pressenza.com\/es\/","name":"Pressenza","description":"International Press Agency","publisher":{"@id":"https:\/\/www.pressenza.com\/es\/#organization"},"potentialAction":[{"@type":"SearchAction","target":{"@type":"EntryPoint","urlTemplate":"https:\/\/www.pressenza.com\/es\/?s={search_term_string}"},"query-input":{"@type":"PropertyValueSpecification","valueRequired":true,"valueName":"search_term_string"}}],"inLanguage":"es"},{"@type":"Organization","@id":"https:\/\/www.pressenza.com\/es\/#organization","name":"Pressenza","url":"https:\/\/www.pressenza.com\/es\/","logo":{"@type":"ImageObject","inLanguage":"es","@id":"https:\/\/www.pressenza.com\/es\/#\/schema\/logo\/image\/","url":"https:\/\/www.pressenza.com\/wp-content\/uploads\/2022\/10\/pressenza_logo_200x200.jpg","contentUrl":"https:\/\/www.pressenza.com\/wp-content\/uploads\/2022\/10\/pressenza_logo_200x200.jpg","width":200,"height":200,"caption":"Pressenza"},"image":{"@id":"https:\/\/www.pressenza.com\/es\/#\/schema\/logo\/image\/"},"sameAs":["https:\/\/www.facebook.com\/PressenzaItalia","https:\/\/x.com\/PressenzaIPA"]},{"@type":"Person","@id":"https:\/\/www.pressenza.com\/es\/#\/schema\/person\/7104466338f7b188aedd367b5e15c977","name":"Raquel Paricio","description":"Docente. Artista. Humanista. Doctora en Arte y Tecnolog\u00eda. Investiga en las diferentes escuelas de meditaci\u00f3n de diferentes culturas.","url":"https:\/\/www.pressenza.com\/es\/author\/raquel-paricio\/"}]}},"place":"","original_article_url":"","_links":{"self":[{"href":"https:\/\/www.pressenza.com\/es\/wp-json\/wp\/v2\/posts\/676127","targetHints":{"allow":["GET"]}}],"collection":[{"href":"https:\/\/www.pressenza.com\/es\/wp-json\/wp\/v2\/posts"}],"about":[{"href":"https:\/\/www.pressenza.com\/es\/wp-json\/wp\/v2\/types\/post"}],"author":[{"embeddable":true,"href":"https:\/\/www.pressenza.com\/es\/wp-json\/wp\/v2\/users\/647"}],"replies":[{"embeddable":true,"href":"https:\/\/www.pressenza.com\/es\/wp-json\/wp\/v2\/comments?post=676127"}],"version-history":[{"count":0,"href":"https:\/\/www.pressenza.com\/es\/wp-json\/wp\/v2\/posts\/676127\/revisions"}],"wp:featuredmedia":[{"embeddable":true,"href":"https:\/\/www.pressenza.com\/es\/wp-json\/wp\/v2\/media\/676128"}],"wp:attachment":[{"href":"https:\/\/www.pressenza.com\/es\/wp-json\/wp\/v2\/media?parent=676127"}],"wp:term":[{"taxonomy":"category","embeddable":true,"href":"https:\/\/www.pressenza.com\/es\/wp-json\/wp\/v2\/categories?post=676127"},{"taxonomy":"post_tag","embeddable":true,"href":"https:\/\/www.pressenza.com\/es\/wp-json\/wp\/v2\/tags?post=676127"}],"curies":[{"name":"wp","href":"https:\/\/api.w.org\/{rel}","templated":true}]}}