{"id":67544,"date":"2013-09-06T23:03:52","date_gmt":"2013-09-06T22:03:52","guid":{"rendered":"http:\/\/www.pressenza.com\/?p=67544"},"modified":"2013-09-07T04:11:49","modified_gmt":"2013-09-07T03:11:49","slug":"la-solucion-la-crisis-siria-es-politica-militar","status":"publish","type":"post","link":"https:\/\/www.pressenza.com\/es\/2013\/09\/la-solucion-la-crisis-siria-es-politica-militar\/","title":{"rendered":"La soluci\u00f3n a la crisis siria es pol\u00edtica, no militar"},"content":{"rendered":"<p>\u201cJam\u00e1s se ha logrado la paz mediante el uso de la violencia. La guerra engendra guerra, la violencia engendra m\u00e1s violencia\u201d, esas fueron las palabras del Papa Francisco al dirigirse a la multitud de fieles el domingo pasado en la Plaza San Pedro en el Vaticano. Se refer\u00eda a la crisis en Siria, justo en un momento en que el Presidente Barack Obama est\u00e1 intensificando su plan de realizar un ataque militar en ese pa\u00eds. El Papa continu\u00f3: \u201cExhorto a la comunidad internacional a que se esfuerce por promover propuestas claras de paz en ese pa\u00eds de inmediato. Una paz que se base en el di\u00e1logo y la negociaci\u00f3n, por el bien de todo el pueblo sirio\u201d.<\/p>\n<p>La distancia entre la Plaza San Pedro y San Petersburgo, en Rusia, es similar al abismo que existe entre las esperanzas del Papa y los planes del Presidente Obama. Durante su visita a San Petersburgo para asistir a la cumbre del G20, Obama se dedic\u00f3 a hacer lobby con los principales l\u00edderes mundiales para que apoyen el ataque militar contra Siria, y evitar as\u00ed que Estados Unidos act\u00fae solo. Fue una oportunidad desperdiciada de intentar una soluci\u00f3n diplom\u00e1tica durante la cumbre realizada justamente en Rusia, el principal patrocinador del r\u00e9gimen sirio.<\/p>\n<p>Las posibilidades de una soluci\u00f3n diplom\u00e1tica se vieron comprometidas desde el inicio, cuando Obama cancel\u00f3 una reuni\u00f3n bilateral planificada con el Presidente ruso, Vladimir Putin, que deber\u00eda haber ocurrido inmediatamente despu\u00e9s del G20. Obama estaba enfurecido por la decisi\u00f3n de Rusia de otorgar asilo temporal al informante de la Agencia de Seguridad Nacional (NSA, por sus siglas en ingl\u00e9s) Edward Snowden. La cumbre del G20 fue la primera reuni\u00f3n importante de l\u00edderes mundiales que tuvo lugar despu\u00e9s de las revelaciones de Edward Snowden sobre el espionaje masivo de Estados Unidos. Muchos miembros del G20 han sido objeto de espionaje de los muchos programas de la NSA.<\/p>\n<p>Tras la decisi\u00f3n del Parlamento brit\u00e1nico de no apoyar un ataque militar (se trata de la primera vez que la C\u00e1mara de los Comunes vota en contra de una solicitud del Primer Ministro de autorizar un ataque militar en m\u00e1s de 150 a\u00f1os), Obama quedar\u00e1 solo en su intento. Es m\u00e1s, los cinco pa\u00edses miembros de una de las principales coaliciones mundiales, el BRICS (Brasil, Rusia, India, China y Sud\u00e1frica), se oponen al ataque.<\/p>\n<p>A nivel nacional, el Presidente Obama sorprendi\u00f3 a muchos al afirmar que intentar\u00eda lograr la aprobaci\u00f3n del Congreso para lanzar un ataque contra Siria, aunque dijo que esa decisi\u00f3n no ser\u00eda vinculante. La persona que encabeza la iniciativa es el Secretario de Estado, John Kerry. Ante los comit\u00e9s de relaciones exteriores del Senado y de la C\u00e1mara de Representantes, Kerry defendi\u00f3 la autorizaci\u00f3n de una acci\u00f3n militar \u201climitada\u201d. Una preocupaci\u00f3n leg\u00edtima que expresaron los miembros del Congreso de ambos partidos es la posibilidad de que soldados estadounidenses sean enviados a luchar en la guerra civil siria.<\/p>\n<p>Sin embargo, Kerry desestim\u00f3 sus propias afirmaciones de que Estados Unidos no enviar\u00eda \u201csoldados al lugar\u201d cuando reflexion\u00f3: \u201cEn caso de que sobreviniera el caos en Siria, por ejemplo, o si existiera la amenaza de que armas qu\u00edmicas cayeran en manos de Al-Nusra o alg\u00fan otro grupo, y si fuera claramente en el inter\u00e9s superior de nuestros aliados y de todos nosotros (los brit\u00e1nicos, los franceses y otros) evitar que esas armas de destrucci\u00f3n masiva caigan en manos de los peores elementos, no quiero descartar la opci\u00f3n, que podr\u00eda estar o no disponible al Presidente de Estados Unidos, para proteger la seguridad de nuestro pa\u00eds\u201d.<\/p>\n<p>\u00bfQu\u00e9 podr\u00eda suceder si se lanza un ataque \u201climitado\u201d? Este verano en Aspen, Colorado, David Shedd, subdirector de la Agencia de Inteligencia de Defensa (la CIA del Pent\u00e1gono), realiz\u00f3 una aparici\u00f3n p\u00fablica inusual. Shedd advirti\u00f3: \u201c\u2026mientras que el despertar \u00e1rabe y la Primavera \u00e1rabe fuera de Siria fueron fundamentalmente implosivos, el conflicto en Siria es explosivo. Creo que actualmente existen todos los elementos para que se produzca una guerra decisiva entre sun\u00edes y chi\u00edes. Creo que a\u00fan no nos hemos enfrentado a las dificultades relacionadas con la violencia extrema. Me preocupa mucho Jordania, me preocupa mucho Irak, me preocupa qu\u00e9 suceder\u00e1 all\u00ed como resultado del conflicto en Siria. Y cuando miro a estos pa\u00edses, pienso que si Bashar al-Assad ganara, ser\u00eda un l\u00edder a\u00fan m\u00e1s despiadado, que vivir\u00eda con el legado de decenas de miles de civiles muertos bajo su r\u00e9gimen. Si pierde y, supongamos, se retira a un enclave dentro de Siria, creo que habr\u00e1 una guerra civil que durar\u00e1 a\u00f1os. Y me preocupar\u00eda a\u00fan m\u00e1s que el L\u00edbano fuera el siguiente en caer\u201d.<\/p>\n<p>En la actualidad hay dos millones de refugiados sirios que viven fuera de las fronteras de su pa\u00eds, en Turqu\u00eda, Irak, Jordania y L\u00edbano, lo que impone una fuerte presi\u00f3n a esos pa\u00edses. M\u00e1s de cuatro millones de sirios son desplazados internos. Muchos m\u00e1s est\u00e1n huyendo de Siria ante el posible ataque estadounidense. Despu\u00e9s de haber recorrido los hacinados campamentos de refugiados esta semana, Raymond Offenheirse, presidente de Oxfam Estados Unidos, dijo en el programa de noticias de DemocracyNow! que se opone a un ataque de Estados Unidos: \u201cNos preocupa que un ataque militar\u2026probablemente tenga el potencial de ampliar el conflicto, de convertirlo en un conflicto regional m\u00e1s amplio y provocar m\u00e1s muertes de civiles. Esto socavar\u00eda la confianza necesaria para lograr un di\u00e1logo pol\u00edtico y prolongar\u00eda el conflicto en forma innecesaria\u201d.<\/p>\n<p>\u00bfPor qu\u00e9 Estados Unidos correr\u00eda el riesgo de matar a civiles sirios inocentes para castigar al r\u00e9gimen sirio por haber matado civiles sirios?<\/p>\n<p>\u00bfQu\u00e9 pasar\u00eda si la posibilidad de un ataque militar no estuviera sobre la mesa? Obama podr\u00eda haber aprovechado su viaje a Rusia para hacer lobby con los l\u00edderes del G20 para presionar a Putin para que utilice su influencia para convencer a Siria de sentarse a negociar. Ir\u00e1n, otro aliado de Siria, que no es miembro del G20, tiene un nuevo presidente, Hassan Rouhani. Hay salidas posibles. Todas las partes est\u00e1n de acuerdo en que, en definitiva, la soluci\u00f3n a la crisis en Siria es pol\u00edtica, no militar. Entonces, \u00bfqu\u00e9 est\u00e1n esperando?<\/p>\n<hr \/>\n<p>Denis Moynihan colabor\u00f3 en la producci\u00f3n period\u00edstica de esta columna.<\/p>\n","protected":false},"excerpt":{"rendered":"<p>\u201cJam\u00e1s se ha logrado la paz mediante el uso de la violencia. La guerra engendra guerra, la violencia engendra m\u00e1s violencia\u201d, esas fueron las palabras del Papa Francisco al dirigirse a la multitud de fieles el domingo pasado en la&hellip;<\/p>\n","protected":false},"author":38,"featured_media":67557,"comment_status":"closed","ping_status":"open","sticky":false,"template":"","format":"standard","meta":{"footnotes":""},"categories":[76,39,161,1243],"tags":[694,6397],"class_list":["post-67544","post","type-post","status-publish","format-standard","has-post-thumbnail","hentry","category-relaciones-exteriores","category-internacional","category-opiniones","category-paz-desarme","tag-barack-obama-es","tag-siria"],"yoast_head":"<!-- This site is optimized with the Yoast SEO plugin v27.1.1 - https:\/\/yoast.com\/product\/yoast-seo-wordpress\/ -->\n<title>La soluci\u00f3n a la crisis siria es pol\u00edtica, no militar<\/title>\n<meta name=\"description\" content=\"\u201cJam\u00e1s se ha logrado la paz mediante el uso de la violencia. La guerra engendra guerra, la violencia engendra m\u00e1s violencia\u201d, esas fueron las palabras del\" \/>\n<meta name=\"robots\" content=\"index, follow, max-snippet:-1, max-image-preview:large, max-video-preview:-1\" \/>\n<link rel=\"canonical\" href=\"https:\/\/www.pressenza.com\/es\/2013\/09\/la-solucion-la-crisis-siria-es-politica-militar\/\" \/>\n<meta property=\"og:locale\" content=\"es_ES\" \/>\n<meta property=\"og:type\" content=\"article\" \/>\n<meta property=\"og:title\" content=\"La soluci\u00f3n a la crisis siria es pol\u00edtica, no militar\" \/>\n<meta property=\"og:description\" content=\"\u201cJam\u00e1s se ha logrado la paz mediante el uso de la violencia. La guerra engendra guerra, la violencia engendra m\u00e1s violencia\u201d, esas fueron las palabras del\" \/>\n<meta property=\"og:url\" content=\"https:\/\/www.pressenza.com\/es\/2013\/09\/la-solucion-la-crisis-siria-es-politica-militar\/\" \/>\n<meta property=\"og:site_name\" content=\"Pressenza\" \/>\n<meta property=\"article:publisher\" content=\"https:\/\/www.facebook.com\/PressenzaItalia\" \/>\n<meta property=\"article:published_time\" content=\"2013-09-06T22:03:52+00:00\" \/>\n<meta property=\"article:modified_time\" content=\"2013-09-07T03:11:49+00:00\" \/>\n<meta property=\"og:image\" content=\"https:\/\/www.pressenza.com\/wp-content\/uploads\/2013\/09\/kerry-descarta-solucion-militar-crisis-siria_1_1780279.jpg\" \/>\n\t<meta property=\"og:image:width\" content=\"393\" \/>\n\t<meta property=\"og:image:height\" content=\"230\" \/>\n\t<meta property=\"og:image:type\" content=\"image\/jpeg\" \/>\n<meta name=\"author\" content=\"Amy Goodman\" \/>\n<meta name=\"twitter:card\" content=\"summary_large_image\" \/>\n<meta name=\"twitter:creator\" content=\"@PressenzaIPA\" \/>\n<meta name=\"twitter:site\" content=\"@PressenzaIPA\" \/>\n<meta name=\"twitter:label1\" content=\"Escrito por\" \/>\n\t<meta name=\"twitter:data1\" content=\"Amy Goodman\" \/>\n\t<meta name=\"twitter:label2\" content=\"Tiempo de lectura\" \/>\n\t<meta name=\"twitter:data2\" content=\"6 minutos\" \/>\n<script type=\"application\/ld+json\" class=\"yoast-schema-graph\">{\"@context\":\"https:\/\/schema.org\",\"@graph\":[{\"@type\":\"Article\",\"@id\":\"https:\/\/www.pressenza.com\/es\/2013\/09\/la-solucion-la-crisis-siria-es-politica-militar\/#article\",\"isPartOf\":{\"@id\":\"https:\/\/www.pressenza.com\/es\/2013\/09\/la-solucion-la-crisis-siria-es-politica-militar\/\"},\"author\":{\"name\":\"Amy Goodman\",\"@id\":\"https:\/\/www.pressenza.com\/es\/#\/schema\/person\/fb76c4542b791ee101e00d9e2f9817ee\"},\"headline\":\"La soluci\u00f3n a la crisis siria es pol\u00edtica, no militar\",\"datePublished\":\"2013-09-06T22:03:52+00:00\",\"dateModified\":\"2013-09-07T03:11:49+00:00\",\"mainEntityOfPage\":{\"@id\":\"https:\/\/www.pressenza.com\/es\/2013\/09\/la-solucion-la-crisis-siria-es-politica-militar\/\"},\"wordCount\":1128,\"publisher\":{\"@id\":\"https:\/\/www.pressenza.com\/es\/#organization\"},\"image\":{\"@id\":\"https:\/\/www.pressenza.com\/es\/2013\/09\/la-solucion-la-crisis-siria-es-politica-militar\/#primaryimage\"},\"thumbnailUrl\":\"https:\/\/www.pressenza.com\/wp-content\/uploads\/2013\/09\/kerry-descarta-solucion-militar-crisis-siria_1_1780279.jpg\",\"keywords\":[\"Barack Obama\",\"Siria\"],\"articleSection\":[\"Asuntos internacionales\",\"Internacional\",\"Opiniones\",\"Paz y Desarme\"],\"inLanguage\":\"es\"},{\"@type\":\"WebPage\",\"@id\":\"https:\/\/www.pressenza.com\/es\/2013\/09\/la-solucion-la-crisis-siria-es-politica-militar\/\",\"url\":\"https:\/\/www.pressenza.com\/es\/2013\/09\/la-solucion-la-crisis-siria-es-politica-militar\/\",\"name\":\"La soluci\u00f3n a la crisis siria es pol\u00edtica, no militar\",\"isPartOf\":{\"@id\":\"https:\/\/www.pressenza.com\/es\/#website\"},\"primaryImageOfPage\":{\"@id\":\"https:\/\/www.pressenza.com\/es\/2013\/09\/la-solucion-la-crisis-siria-es-politica-militar\/#primaryimage\"},\"image\":{\"@id\":\"https:\/\/www.pressenza.com\/es\/2013\/09\/la-solucion-la-crisis-siria-es-politica-militar\/#primaryimage\"},\"thumbnailUrl\":\"https:\/\/www.pressenza.com\/wp-content\/uploads\/2013\/09\/kerry-descarta-solucion-militar-crisis-siria_1_1780279.jpg\",\"datePublished\":\"2013-09-06T22:03:52+00:00\",\"dateModified\":\"2013-09-07T03:11:49+00:00\",\"description\":\"\u201cJam\u00e1s se ha logrado la paz mediante el uso de la violencia. La guerra engendra guerra, la violencia engendra m\u00e1s violencia\u201d, esas fueron las palabras del\",\"breadcrumb\":{\"@id\":\"https:\/\/www.pressenza.com\/es\/2013\/09\/la-solucion-la-crisis-siria-es-politica-militar\/#breadcrumb\"},\"inLanguage\":\"es\",\"potentialAction\":[{\"@type\":\"ReadAction\",\"target\":[\"https:\/\/www.pressenza.com\/es\/2013\/09\/la-solucion-la-crisis-siria-es-politica-militar\/\"]}]},{\"@type\":\"ImageObject\",\"inLanguage\":\"es\",\"@id\":\"https:\/\/www.pressenza.com\/es\/2013\/09\/la-solucion-la-crisis-siria-es-politica-militar\/#primaryimage\",\"url\":\"https:\/\/www.pressenza.com\/wp-content\/uploads\/2013\/09\/kerry-descarta-solucion-militar-crisis-siria_1_1780279.jpg\",\"contentUrl\":\"https:\/\/www.pressenza.com\/wp-content\/uploads\/2013\/09\/kerry-descarta-solucion-militar-crisis-siria_1_1780279.jpg\",\"width\":393,\"height\":230},{\"@type\":\"BreadcrumbList\",\"@id\":\"https:\/\/www.pressenza.com\/es\/2013\/09\/la-solucion-la-crisis-siria-es-politica-militar\/#breadcrumb\",\"itemListElement\":[{\"@type\":\"ListItem\",\"position\":1,\"name\":\"Accueil\",\"item\":\"https:\/\/www.pressenza.com\/es\/\"},{\"@type\":\"ListItem\",\"position\":2,\"name\":\"La soluci\u00f3n a la crisis siria es pol\u00edtica, no militar\"}]},{\"@type\":\"WebSite\",\"@id\":\"https:\/\/www.pressenza.com\/es\/#website\",\"url\":\"https:\/\/www.pressenza.com\/es\/\",\"name\":\"Pressenza\",\"description\":\"International Press Agency\",\"publisher\":{\"@id\":\"https:\/\/www.pressenza.com\/es\/#organization\"},\"potentialAction\":[{\"@type\":\"SearchAction\",\"target\":{\"@type\":\"EntryPoint\",\"urlTemplate\":\"https:\/\/www.pressenza.com\/es\/?s={search_term_string}\"},\"query-input\":{\"@type\":\"PropertyValueSpecification\",\"valueRequired\":true,\"valueName\":\"search_term_string\"}}],\"inLanguage\":\"es\"},{\"@type\":\"Organization\",\"@id\":\"https:\/\/www.pressenza.com\/es\/#organization\",\"name\":\"Pressenza\",\"url\":\"https:\/\/www.pressenza.com\/es\/\",\"logo\":{\"@type\":\"ImageObject\",\"inLanguage\":\"es\",\"@id\":\"https:\/\/www.pressenza.com\/es\/#\/schema\/logo\/image\/\",\"url\":\"https:\/\/www.pressenza.com\/wp-content\/uploads\/2022\/10\/pressenza_logo_200x200.jpg\",\"contentUrl\":\"https:\/\/www.pressenza.com\/wp-content\/uploads\/2022\/10\/pressenza_logo_200x200.jpg\",\"width\":200,\"height\":200,\"caption\":\"Pressenza\"},\"image\":{\"@id\":\"https:\/\/www.pressenza.com\/es\/#\/schema\/logo\/image\/\"},\"sameAs\":[\"https:\/\/www.facebook.com\/PressenzaItalia\",\"https:\/\/x.com\/PressenzaIPA\"]},{\"@type\":\"Person\",\"@id\":\"https:\/\/www.pressenza.com\/es\/#\/schema\/person\/fb76c4542b791ee101e00d9e2f9817ee\",\"name\":\"Amy Goodman\",\"description\":\"Award-winning investigative journalist and syndicated columnist, author and host\/executive producer of Democracy Now! www.democracynow.org\",\"url\":\"https:\/\/www.pressenza.com\/es\/author\/amy-goodman\/\"}]}<\/script>\n<!-- \/ Yoast SEO plugin. -->","yoast_head_json":{"title":"La soluci\u00f3n a la crisis siria es pol\u00edtica, no militar","description":"\u201cJam\u00e1s se ha logrado la paz mediante el uso de la violencia. La guerra engendra guerra, la violencia engendra m\u00e1s violencia\u201d, esas fueron las palabras del","robots":{"index":"index","follow":"follow","max-snippet":"max-snippet:-1","max-image-preview":"max-image-preview:large","max-video-preview":"max-video-preview:-1"},"canonical":"https:\/\/www.pressenza.com\/es\/2013\/09\/la-solucion-la-crisis-siria-es-politica-militar\/","og_locale":"es_ES","og_type":"article","og_title":"La soluci\u00f3n a la crisis siria es pol\u00edtica, no militar","og_description":"\u201cJam\u00e1s se ha logrado la paz mediante el uso de la violencia. La guerra engendra guerra, la violencia engendra m\u00e1s violencia\u201d, esas fueron las palabras del","og_url":"https:\/\/www.pressenza.com\/es\/2013\/09\/la-solucion-la-crisis-siria-es-politica-militar\/","og_site_name":"Pressenza","article_publisher":"https:\/\/www.facebook.com\/PressenzaItalia","article_published_time":"2013-09-06T22:03:52+00:00","article_modified_time":"2013-09-07T03:11:49+00:00","og_image":[{"width":393,"height":230,"url":"https:\/\/www.pressenza.com\/wp-content\/uploads\/2013\/09\/kerry-descarta-solucion-militar-crisis-siria_1_1780279.jpg","type":"image\/jpeg"}],"author":"Amy Goodman","twitter_card":"summary_large_image","twitter_creator":"@PressenzaIPA","twitter_site":"@PressenzaIPA","twitter_misc":{"Escrito por":"Amy Goodman","Tiempo de lectura":"6 minutos"},"schema":{"@context":"https:\/\/schema.org","@graph":[{"@type":"Article","@id":"https:\/\/www.pressenza.com\/es\/2013\/09\/la-solucion-la-crisis-siria-es-politica-militar\/#article","isPartOf":{"@id":"https:\/\/www.pressenza.com\/es\/2013\/09\/la-solucion-la-crisis-siria-es-politica-militar\/"},"author":{"name":"Amy Goodman","@id":"https:\/\/www.pressenza.com\/es\/#\/schema\/person\/fb76c4542b791ee101e00d9e2f9817ee"},"headline":"La soluci\u00f3n a la crisis siria es pol\u00edtica, no militar","datePublished":"2013-09-06T22:03:52+00:00","dateModified":"2013-09-07T03:11:49+00:00","mainEntityOfPage":{"@id":"https:\/\/www.pressenza.com\/es\/2013\/09\/la-solucion-la-crisis-siria-es-politica-militar\/"},"wordCount":1128,"publisher":{"@id":"https:\/\/www.pressenza.com\/es\/#organization"},"image":{"@id":"https:\/\/www.pressenza.com\/es\/2013\/09\/la-solucion-la-crisis-siria-es-politica-militar\/#primaryimage"},"thumbnailUrl":"https:\/\/www.pressenza.com\/wp-content\/uploads\/2013\/09\/kerry-descarta-solucion-militar-crisis-siria_1_1780279.jpg","keywords":["Barack Obama","Siria"],"articleSection":["Asuntos internacionales","Internacional","Opiniones","Paz y Desarme"],"inLanguage":"es"},{"@type":"WebPage","@id":"https:\/\/www.pressenza.com\/es\/2013\/09\/la-solucion-la-crisis-siria-es-politica-militar\/","url":"https:\/\/www.pressenza.com\/es\/2013\/09\/la-solucion-la-crisis-siria-es-politica-militar\/","name":"La soluci\u00f3n a la crisis siria es pol\u00edtica, no militar","isPartOf":{"@id":"https:\/\/www.pressenza.com\/es\/#website"},"primaryImageOfPage":{"@id":"https:\/\/www.pressenza.com\/es\/2013\/09\/la-solucion-la-crisis-siria-es-politica-militar\/#primaryimage"},"image":{"@id":"https:\/\/www.pressenza.com\/es\/2013\/09\/la-solucion-la-crisis-siria-es-politica-militar\/#primaryimage"},"thumbnailUrl":"https:\/\/www.pressenza.com\/wp-content\/uploads\/2013\/09\/kerry-descarta-solucion-militar-crisis-siria_1_1780279.jpg","datePublished":"2013-09-06T22:03:52+00:00","dateModified":"2013-09-07T03:11:49+00:00","description":"\u201cJam\u00e1s se ha logrado la paz mediante el uso de la violencia. La guerra engendra guerra, la violencia engendra m\u00e1s violencia\u201d, esas fueron las palabras del","breadcrumb":{"@id":"https:\/\/www.pressenza.com\/es\/2013\/09\/la-solucion-la-crisis-siria-es-politica-militar\/#breadcrumb"},"inLanguage":"es","potentialAction":[{"@type":"ReadAction","target":["https:\/\/www.pressenza.com\/es\/2013\/09\/la-solucion-la-crisis-siria-es-politica-militar\/"]}]},{"@type":"ImageObject","inLanguage":"es","@id":"https:\/\/www.pressenza.com\/es\/2013\/09\/la-solucion-la-crisis-siria-es-politica-militar\/#primaryimage","url":"https:\/\/www.pressenza.com\/wp-content\/uploads\/2013\/09\/kerry-descarta-solucion-militar-crisis-siria_1_1780279.jpg","contentUrl":"https:\/\/www.pressenza.com\/wp-content\/uploads\/2013\/09\/kerry-descarta-solucion-militar-crisis-siria_1_1780279.jpg","width":393,"height":230},{"@type":"BreadcrumbList","@id":"https:\/\/www.pressenza.com\/es\/2013\/09\/la-solucion-la-crisis-siria-es-politica-militar\/#breadcrumb","itemListElement":[{"@type":"ListItem","position":1,"name":"Accueil","item":"https:\/\/www.pressenza.com\/es\/"},{"@type":"ListItem","position":2,"name":"La soluci\u00f3n a la crisis siria es pol\u00edtica, no militar"}]},{"@type":"WebSite","@id":"https:\/\/www.pressenza.com\/es\/#website","url":"https:\/\/www.pressenza.com\/es\/","name":"Pressenza","description":"International Press Agency","publisher":{"@id":"https:\/\/www.pressenza.com\/es\/#organization"},"potentialAction":[{"@type":"SearchAction","target":{"@type":"EntryPoint","urlTemplate":"https:\/\/www.pressenza.com\/es\/?s={search_term_string}"},"query-input":{"@type":"PropertyValueSpecification","valueRequired":true,"valueName":"search_term_string"}}],"inLanguage":"es"},{"@type":"Organization","@id":"https:\/\/www.pressenza.com\/es\/#organization","name":"Pressenza","url":"https:\/\/www.pressenza.com\/es\/","logo":{"@type":"ImageObject","inLanguage":"es","@id":"https:\/\/www.pressenza.com\/es\/#\/schema\/logo\/image\/","url":"https:\/\/www.pressenza.com\/wp-content\/uploads\/2022\/10\/pressenza_logo_200x200.jpg","contentUrl":"https:\/\/www.pressenza.com\/wp-content\/uploads\/2022\/10\/pressenza_logo_200x200.jpg","width":200,"height":200,"caption":"Pressenza"},"image":{"@id":"https:\/\/www.pressenza.com\/es\/#\/schema\/logo\/image\/"},"sameAs":["https:\/\/www.facebook.com\/PressenzaItalia","https:\/\/x.com\/PressenzaIPA"]},{"@type":"Person","@id":"https:\/\/www.pressenza.com\/es\/#\/schema\/person\/fb76c4542b791ee101e00d9e2f9817ee","name":"Amy Goodman","description":"Award-winning investigative journalist and syndicated columnist, author and host\/executive producer of Democracy Now! www.democracynow.org","url":"https:\/\/www.pressenza.com\/es\/author\/amy-goodman\/"}]}},"place":"Nueva York","original_article_url":"","_links":{"self":[{"href":"https:\/\/www.pressenza.com\/es\/wp-json\/wp\/v2\/posts\/67544","targetHints":{"allow":["GET"]}}],"collection":[{"href":"https:\/\/www.pressenza.com\/es\/wp-json\/wp\/v2\/posts"}],"about":[{"href":"https:\/\/www.pressenza.com\/es\/wp-json\/wp\/v2\/types\/post"}],"author":[{"embeddable":true,"href":"https:\/\/www.pressenza.com\/es\/wp-json\/wp\/v2\/users\/38"}],"replies":[{"embeddable":true,"href":"https:\/\/www.pressenza.com\/es\/wp-json\/wp\/v2\/comments?post=67544"}],"version-history":[{"count":0,"href":"https:\/\/www.pressenza.com\/es\/wp-json\/wp\/v2\/posts\/67544\/revisions"}],"wp:featuredmedia":[{"embeddable":true,"href":"https:\/\/www.pressenza.com\/es\/wp-json\/wp\/v2\/media\/67557"}],"wp:attachment":[{"href":"https:\/\/www.pressenza.com\/es\/wp-json\/wp\/v2\/media?parent=67544"}],"wp:term":[{"taxonomy":"category","embeddable":true,"href":"https:\/\/www.pressenza.com\/es\/wp-json\/wp\/v2\/categories?post=67544"},{"taxonomy":"post_tag","embeddable":true,"href":"https:\/\/www.pressenza.com\/es\/wp-json\/wp\/v2\/tags?post=67544"}],"curies":[{"name":"wp","href":"https:\/\/api.w.org\/{rel}","templated":true}]}}