{"id":674594,"date":"2018-07-09T15:34:18","date_gmt":"2018-07-09T14:34:18","guid":{"rendered":"https:\/\/www.pressenza.com\/?p=674594"},"modified":"2018-07-09T16:36:28","modified_gmt":"2018-07-09T15:36:28","slug":"rusia-2018-jovenes-negros-en-francia-mientras-unos-brillan-en-la-copa-otros-son-muertos-por-la-policia","status":"publish","type":"post","link":"https:\/\/www.pressenza.com\/es\/2018\/07\/rusia-2018-jovenes-negros-en-francia-mientras-unos-brillan-en-la-copa-otros-son-muertos-por-la-policia\/","title":{"rendered":"Rusia 2018. J\u00f3venes negros en Francia: mientras unos brillan en la Copa, otros son muertos por la polic\u00eda"},"content":{"rendered":"<p><em>Por<strong> Daniel Giovanaz | Brasil de Fato. <\/strong>Traducci\u00f3n de Pressenza<\/em><\/p>\n<p><strong>Habitantes de Nantes prendieron fuego autom\u00f3viles en protesta contra el asesinato de Aboubakar Fofana, de 22 a\u00f1os.<\/strong><\/p>\n<p>Cinco de los once titulares de la selecci\u00f3n francesa tienen ra\u00edces en el \u00c1frica Subsahariana. El zaguero Umtiti es natural de Camer\u00fan. Los padres del volante Pogba nacieron en Guinea; los de Kant\u00e9, en Mali. El atacante Mbapp\u00e9 es hijo de madre camerunesa y padre argelino.<\/p>\n<p>Hace por lo menos 20 a\u00f1os, el pa\u00eds \u2013que siempre tuvo hombres blancos como jefes de Estado\u2013 depende de inmigrantes negros para ser protagonista en el f\u00fatbol. Thuram, Desailly, Vieira y Karembeu, todos nacidos fuera de Europa, cargaron con el peso del juego para que el franco argelino Zidane brillara en 1998.<\/p>\n<p>La aceptaci\u00f3n y el reconocimiento en el campo nunca significaron el fin de la exclusi\u00f3n social, de la xenofobia y la violencia en las calles.<\/p>\n<p style=\"padding-left: 30px;\">De los 23 jugadores convocados por el t\u00e9cnico Didier Deschamps, cuatro nacieron en otros pa\u00edses, once son hijos de inmigrantes y otros cuatro tienen abuelos no franceses.<\/p>\n<p>El mismo d\u00eda que Francia conmemoraba la victoria sobre Uruguay en los cuartos de final, mil personas marchaban en Nantes, a 340 km de Par\u00eds, en protesta contra el asesinato del joven Aboubakar Fofana, de 22 a\u00f1os, por un polic\u00eda. Despu\u00e9s de una manifestaci\u00f3n pac\u00edfica, los pobladores prendieron fuego 50 autom\u00f3viles, invadieron y saquearon varios establecimientos comerciales. Cuatro personas fueron detenidas y pasaron la noche en la dependencia policial.<\/p>\n<p>El nombre del agente autor del disparo que dio en el cuello de Fofana el martes (3) no fue revelado a la prensa, pero cumple prisi\u00f3n preventiva desde el d\u00eda 5. La primera vez que fue interrogado dijo haber actuado en leg\u00edtima defensa. Menos de 48 horas despu\u00e9s, cambi\u00f3 la versi\u00f3n y declar\u00f3 que el tiro fue \u201caccidental\u201d.<\/p>\n<p>A trav\u00e9s del abogado Lo\u00efc Bourgeois, la madre y la hermana de Fofana acusaron a la polic\u00eda y a la prensa de manchar el honor de su familia al poner en evidencia el pasado judicial de la v\u00edctima. Hijo de padres nacidos en Guinea, Fofana era negro y ten\u00eda mandato de prisi\u00f3n por robo y asociaci\u00f3n criminal.<\/p>\n<p style=\"padding-left: 30px;\">Guinea es una excolonia francesa del \u00c1frica Occidental, independiente desde 1958 y tiene el sexto peor \u00edndice de desarrollo humano (IDH) del planeta.<\/p>\n<p><strong>Historial perverso<\/strong><\/p>\n<p>Uno de los grupos que organiz\u00f3 protestas pac\u00edficas contra la muerte de Fofana es la Brigada Anti Negrofobia. Los integrantes del movimiento interpretan que el color de piel y el origen social del joven fueron decisivos para que que le dispararan.<\/p>\n<p>La hip\u00f3tesis de crimen racial encuentra respaldo en un historial reciente de violencia policial contra j\u00f3venes negros en Francia. El caso m\u00e1s emblem\u00e1tico sucedi\u00f3 en 2005, cuando dos adolescentes fueron electrocutados mientras se escond\u00edan de la polic\u00edaa en una subestaci\u00f3n el\u00e9ctrica. Fueron tres semanas de protesta en varias regiones del pa\u00eds, con diez mil autom\u00f3viles quemados en un solo d\u00eda.<\/p>\n<p>Los incendios llamaron la atenci\u00f3n del mundo hacia la <em>\u201cfavelizaci\u00f3n\u201d<\/em> de los suburbios de las grandes ciudades francesas \u2013barrios sin infraestructura de servicios, con edificios construidos hace m\u00e1s de 50 a\u00f1os donde vive m\u00e1s del 10% de la poblaci\u00f3n del pa\u00eds, incluidos Fofana y su familia.<\/p>\n<p><strong>Fofana es la regla, Pogba la excepci\u00f3n<\/strong><\/p>\n<p>Los <em>craks<\/em> de la selecci\u00f3n francesa con ascendencia africana se gestaron en barrios con indicadores sociales similares. El joven Mbapp\u00e9 naci\u00f3 y creci\u00f3 en Bondy, distrito de 50.000 habitantes a 12 km de Par\u00eds, lugar de gran concentraci\u00f3n de inmigrantes de \u00c1frica y Asia. Las condiciones de vivienda, educaci\u00f3n y salud son precarias y el deporte es vendido como la \u00fanica forma de ascenso social.<\/p>\n<p>Lagny-sur-Marne, comuna de 21.000 habitantes en el interior de Par\u00eds, tambi\u00e9n asolada por la pobreza y la violencia urbana, fue donde el volante Pogba pas\u00f3 la infancia. Los padres del \u00eddolo del Manchester United \u2013como los padres de Fofana\u2013 dejaron Guinea al inicio de los a\u00f1os \u201990, en un movimiento migratorio que se conoci\u00f3 como \u201ccrisis de refugiados\u201d.<\/p>\n<p>La mayor\u00eda de los pedidos de exilio que Francia recibe viene de ciudadanos de ex colonias en \u00c1frica, que hablan el idioma franc\u00e9s y quieren escapar de los infortunios de las guerras civiles derivadas de la divisi\u00f3n irresponsable del continente por las potencias europeas.<\/p>\n<p>Adem\u00e1s de Guinea, otros 19 pa\u00edses se declararon independientes de Francia entre las d\u00e9cadas de los 50 y 70. Tres de ellos est\u00e1n entre los cinco peores IDH del mundo: Chade, Nigeria y Burkina Faso.<\/p>\n<p style=\"padding-left: 30px;\">Seg\u00fan nota de la revista Carta Capital, hasta el a\u00f1o pasado Francia hab\u00eda rechazado el 72% de las solicitudes de exilio, una de las tasas de rechazo m\u00e1s altas del planeta.<\/p>\n<p>Fofana podr\u00eda ser Pogba con un pu\u00f1ado m\u00e1s de oportunidades, talento, suerte, vaya a saberse qu\u00e9 le falt\u00f3. Y el polic\u00eda, que seguramente admira a Pogba, no le habr\u00eda disparado a Fofana. Pero le dispar\u00f3.<\/p>\n<p>El incendio que arras\u00f3 Nantes en plena Copa no permite ilusiones. Fofana es la regla, Pogba la excepci\u00f3n. Y Francia s\u00f3lo aplaude a los excepcionales.<\/p>\n","protected":false},"excerpt":{"rendered":"<p>Por Daniel Giovanaz | Brasil de Fato. Traducci\u00f3n de Pressenza Habitantes de Nantes prendieron fuego autom\u00f3viles en protesta contra el asesinato de Aboubakar Fofana, de 22 a\u00f1os. Cinco de los once titulares de la selecci\u00f3n francesa tienen ra\u00edces en el&hellip;<\/p>\n","protected":false},"author":44,"featured_media":674591,"comment_status":"closed","ping_status":"closed","sticky":false,"template":"","format":"standard","meta":{"footnotes":""},"categories":[79,1241,66,161],"tags":[16510,441,1092,1432,1403,12960,47831,47833,26683,47832,47834],"class_list":["post-674594","post","type-post","status-publish","format-standard","has-post-thumbnail","hentry","category-derechos-humanos","category-diversidad","category-europa-es","category-opiniones","tag-africa-es","tag-derechos-humanos","tag-discriminacion","tag-francia","tag-futbol","tag-guinea-es","tag-manchester-united","tag-mbappe","tag-paris-en-es","tag-pogba","tag-zidane"],"yoast_head":"<!-- This site is optimized with the Yoast SEO plugin v27.1.1 - https:\/\/yoast.com\/product\/yoast-seo-wordpress\/ -->\n<title>Rusia 2018. J\u00f3venes negros en Francia: mientras unos brillan en la Copa, otros son muertos por la polic\u00eda<\/title>\n<meta name=\"description\" content=\"Por Daniel Giovanaz | Brasil de Fato. Traducci\u00f3n de Pressenza Habitantes de Nantes prendieron fuego autom\u00f3viles en protesta contra el asesinato de\" \/>\n<meta name=\"robots\" content=\"index, follow, max-snippet:-1, max-image-preview:large, max-video-preview:-1\" \/>\n<link rel=\"canonical\" href=\"https:\/\/www.pressenza.com\/es\/2018\/07\/rusia-2018-jovenes-negros-en-francia-mientras-unos-brillan-en-la-copa-otros-son-muertos-por-la-policia\/\" \/>\n<meta property=\"og:locale\" content=\"es_ES\" \/>\n<meta property=\"og:type\" content=\"article\" \/>\n<meta property=\"og:title\" content=\"Rusia 2018. J\u00f3venes negros en Francia: mientras unos brillan en la Copa, otros son muertos por la polic\u00eda\" \/>\n<meta property=\"og:description\" content=\"Por Daniel Giovanaz | Brasil de Fato. Traducci\u00f3n de Pressenza Habitantes de Nantes prendieron fuego autom\u00f3viles en protesta contra el asesinato de\" \/>\n<meta property=\"og:url\" content=\"https:\/\/www.pressenza.com\/es\/2018\/07\/rusia-2018-jovenes-negros-en-francia-mientras-unos-brillan-en-la-copa-otros-son-muertos-por-la-policia\/\" \/>\n<meta property=\"og:site_name\" content=\"Pressenza\" \/>\n<meta property=\"article:publisher\" content=\"https:\/\/www.facebook.com\/PressenzaItalia\" \/>\n<meta property=\"article:author\" content=\"https:\/\/www.facebook.com\/PressenzaPortugues\" \/>\n<meta property=\"article:published_time\" content=\"2018-07-09T14:34:18+00:00\" \/>\n<meta property=\"article:modified_time\" content=\"2018-07-09T15:36:28+00:00\" \/>\n<meta property=\"og:image\" content=\"https:\/\/www.pressenza.com\/wp-content\/uploads\/2018\/07\/pogba.jpg\" \/>\n\t<meta property=\"og:image:width\" content=\"720\" \/>\n\t<meta property=\"og:image:height\" content=\"499\" \/>\n\t<meta property=\"og:image:type\" content=\"image\/jpeg\" \/>\n<meta name=\"author\" content=\"Reda\u00e7\u00e3o S\u00e3o Paulo\" \/>\n<meta name=\"twitter:card\" content=\"summary_large_image\" \/>\n<meta name=\"twitter:creator\" content=\"@pressenza_pt\" \/>\n<meta name=\"twitter:site\" content=\"@PressenzaIPA\" \/>\n<meta name=\"twitter:label1\" content=\"Escrito por\" \/>\n\t<meta name=\"twitter:data1\" content=\"Reda\u00e7\u00e3o S\u00e3o Paulo\" \/>\n\t<meta name=\"twitter:label2\" content=\"Tiempo de lectura\" \/>\n\t<meta name=\"twitter:data2\" content=\"4 minutos\" \/>\n<script type=\"application\/ld+json\" class=\"yoast-schema-graph\">{\"@context\":\"https:\/\/schema.org\",\"@graph\":[{\"@type\":\"Article\",\"@id\":\"https:\/\/www.pressenza.com\/es\/2018\/07\/rusia-2018-jovenes-negros-en-francia-mientras-unos-brillan-en-la-copa-otros-son-muertos-por-la-policia\/#article\",\"isPartOf\":{\"@id\":\"https:\/\/www.pressenza.com\/es\/2018\/07\/rusia-2018-jovenes-negros-en-francia-mientras-unos-brillan-en-la-copa-otros-son-muertos-por-la-policia\/\"},\"author\":{\"name\":\"Reda\u00e7\u00e3o S\u00e3o Paulo\",\"@id\":\"https:\/\/www.pressenza.com\/es\/#\/schema\/person\/d171826afb7693cfc394da95892bfd93\"},\"headline\":\"Rusia 2018. J\u00f3venes negros en Francia: mientras unos brillan en la Copa, otros son muertos por la polic\u00eda\",\"datePublished\":\"2018-07-09T14:34:18+00:00\",\"dateModified\":\"2018-07-09T15:36:28+00:00\",\"mainEntityOfPage\":{\"@id\":\"https:\/\/www.pressenza.com\/es\/2018\/07\/rusia-2018-jovenes-negros-en-francia-mientras-unos-brillan-en-la-copa-otros-son-muertos-por-la-policia\/\"},\"wordCount\":907,\"publisher\":{\"@id\":\"https:\/\/www.pressenza.com\/es\/#organization\"},\"image\":{\"@id\":\"https:\/\/www.pressenza.com\/es\/2018\/07\/rusia-2018-jovenes-negros-en-francia-mientras-unos-brillan-en-la-copa-otros-son-muertos-por-la-policia\/#primaryimage\"},\"thumbnailUrl\":\"https:\/\/www.pressenza.com\/wp-content\/uploads\/2018\/07\/pogba.jpg\",\"keywords\":[\"Africa\",\"Derechos humanos\",\"discriminaci\u00f3n\",\"Francia\",\"f\u00fatbol\",\"Guinea\",\"Manchester United\",\"Mbapp\u00e9\",\"Paris\",\"Pogba\",\"Zidane\"],\"articleSection\":[\"Derechos Humanos\",\"Diversidad\",\"Europa\",\"Opiniones\"],\"inLanguage\":\"es\"},{\"@type\":\"WebPage\",\"@id\":\"https:\/\/www.pressenza.com\/es\/2018\/07\/rusia-2018-jovenes-negros-en-francia-mientras-unos-brillan-en-la-copa-otros-son-muertos-por-la-policia\/\",\"url\":\"https:\/\/www.pressenza.com\/es\/2018\/07\/rusia-2018-jovenes-negros-en-francia-mientras-unos-brillan-en-la-copa-otros-son-muertos-por-la-policia\/\",\"name\":\"Rusia 2018. J\u00f3venes negros en Francia: mientras unos brillan en la Copa, otros son muertos por la polic\u00eda\",\"isPartOf\":{\"@id\":\"https:\/\/www.pressenza.com\/es\/#website\"},\"primaryImageOfPage\":{\"@id\":\"https:\/\/www.pressenza.com\/es\/2018\/07\/rusia-2018-jovenes-negros-en-francia-mientras-unos-brillan-en-la-copa-otros-son-muertos-por-la-policia\/#primaryimage\"},\"image\":{\"@id\":\"https:\/\/www.pressenza.com\/es\/2018\/07\/rusia-2018-jovenes-negros-en-francia-mientras-unos-brillan-en-la-copa-otros-son-muertos-por-la-policia\/#primaryimage\"},\"thumbnailUrl\":\"https:\/\/www.pressenza.com\/wp-content\/uploads\/2018\/07\/pogba.jpg\",\"datePublished\":\"2018-07-09T14:34:18+00:00\",\"dateModified\":\"2018-07-09T15:36:28+00:00\",\"description\":\"Por Daniel Giovanaz | Brasil de Fato. Traducci\u00f3n de Pressenza Habitantes de Nantes prendieron fuego autom\u00f3viles en protesta contra el asesinato de\",\"breadcrumb\":{\"@id\":\"https:\/\/www.pressenza.com\/es\/2018\/07\/rusia-2018-jovenes-negros-en-francia-mientras-unos-brillan-en-la-copa-otros-son-muertos-por-la-policia\/#breadcrumb\"},\"inLanguage\":\"es\",\"potentialAction\":[{\"@type\":\"ReadAction\",\"target\":[\"https:\/\/www.pressenza.com\/es\/2018\/07\/rusia-2018-jovenes-negros-en-francia-mientras-unos-brillan-en-la-copa-otros-son-muertos-por-la-policia\/\"]}]},{\"@type\":\"ImageObject\",\"inLanguage\":\"es\",\"@id\":\"https:\/\/www.pressenza.com\/es\/2018\/07\/rusia-2018-jovenes-negros-en-francia-mientras-unos-brillan-en-la-copa-otros-son-muertos-por-la-policia\/#primaryimage\",\"url\":\"https:\/\/www.pressenza.com\/wp-content\/uploads\/2018\/07\/pogba.jpg\",\"contentUrl\":\"https:\/\/www.pressenza.com\/wp-content\/uploads\/2018\/07\/pogba.jpg\",\"width\":720,\"height\":499},{\"@type\":\"BreadcrumbList\",\"@id\":\"https:\/\/www.pressenza.com\/es\/2018\/07\/rusia-2018-jovenes-negros-en-francia-mientras-unos-brillan-en-la-copa-otros-son-muertos-por-la-policia\/#breadcrumb\",\"itemListElement\":[{\"@type\":\"ListItem\",\"position\":1,\"name\":\"Accueil\",\"item\":\"https:\/\/www.pressenza.com\/es\/\"},{\"@type\":\"ListItem\",\"position\":2,\"name\":\"Rusia 2018. J\u00f3venes negros en Francia: mientras unos brillan en la Copa, otros son muertos por la polic\u00eda\"}]},{\"@type\":\"WebSite\",\"@id\":\"https:\/\/www.pressenza.com\/es\/#website\",\"url\":\"https:\/\/www.pressenza.com\/es\/\",\"name\":\"Pressenza\",\"description\":\"International Press Agency\",\"publisher\":{\"@id\":\"https:\/\/www.pressenza.com\/es\/#organization\"},\"potentialAction\":[{\"@type\":\"SearchAction\",\"target\":{\"@type\":\"EntryPoint\",\"urlTemplate\":\"https:\/\/www.pressenza.com\/es\/?s={search_term_string}\"},\"query-input\":{\"@type\":\"PropertyValueSpecification\",\"valueRequired\":true,\"valueName\":\"search_term_string\"}}],\"inLanguage\":\"es\"},{\"@type\":\"Organization\",\"@id\":\"https:\/\/www.pressenza.com\/es\/#organization\",\"name\":\"Pressenza\",\"url\":\"https:\/\/www.pressenza.com\/es\/\",\"logo\":{\"@type\":\"ImageObject\",\"inLanguage\":\"es\",\"@id\":\"https:\/\/www.pressenza.com\/es\/#\/schema\/logo\/image\/\",\"url\":\"https:\/\/www.pressenza.com\/wp-content\/uploads\/2022\/10\/pressenza_logo_200x200.jpg\",\"contentUrl\":\"https:\/\/www.pressenza.com\/wp-content\/uploads\/2022\/10\/pressenza_logo_200x200.jpg\",\"width\":200,\"height\":200,\"caption\":\"Pressenza\"},\"image\":{\"@id\":\"https:\/\/www.pressenza.com\/es\/#\/schema\/logo\/image\/\"},\"sameAs\":[\"https:\/\/www.facebook.com\/PressenzaItalia\",\"https:\/\/x.com\/PressenzaIPA\"]},{\"@type\":\"Person\",\"@id\":\"https:\/\/www.pressenza.com\/es\/#\/schema\/person\/d171826afb7693cfc394da95892bfd93\",\"name\":\"Reda\u00e7\u00e3o S\u00e3o Paulo\",\"description\":\"News from the Pressenza bureau in Sao Paulo, Brazil\",\"sameAs\":[\"https:\/\/www.facebook.com\/PressenzaPortugues\",\"https:\/\/x.com\/pressenza_pt\"],\"url\":\"https:\/\/www.pressenza.com\/es\/author\/redaccao-sao-paulo\/\"}]}<\/script>\n<!-- \/ Yoast SEO plugin. -->","yoast_head_json":{"title":"Rusia 2018. J\u00f3venes negros en Francia: mientras unos brillan en la Copa, otros son muertos por la polic\u00eda","description":"Por Daniel Giovanaz | Brasil de Fato. Traducci\u00f3n de Pressenza Habitantes de Nantes prendieron fuego autom\u00f3viles en protesta contra el asesinato de","robots":{"index":"index","follow":"follow","max-snippet":"max-snippet:-1","max-image-preview":"max-image-preview:large","max-video-preview":"max-video-preview:-1"},"canonical":"https:\/\/www.pressenza.com\/es\/2018\/07\/rusia-2018-jovenes-negros-en-francia-mientras-unos-brillan-en-la-copa-otros-son-muertos-por-la-policia\/","og_locale":"es_ES","og_type":"article","og_title":"Rusia 2018. J\u00f3venes negros en Francia: mientras unos brillan en la Copa, otros son muertos por la polic\u00eda","og_description":"Por Daniel Giovanaz | Brasil de Fato. Traducci\u00f3n de Pressenza Habitantes de Nantes prendieron fuego autom\u00f3viles en protesta contra el asesinato de","og_url":"https:\/\/www.pressenza.com\/es\/2018\/07\/rusia-2018-jovenes-negros-en-francia-mientras-unos-brillan-en-la-copa-otros-son-muertos-por-la-policia\/","og_site_name":"Pressenza","article_publisher":"https:\/\/www.facebook.com\/PressenzaItalia","article_author":"https:\/\/www.facebook.com\/PressenzaPortugues","article_published_time":"2018-07-09T14:34:18+00:00","article_modified_time":"2018-07-09T15:36:28+00:00","og_image":[{"width":720,"height":499,"url":"https:\/\/www.pressenza.com\/wp-content\/uploads\/2018\/07\/pogba.jpg","type":"image\/jpeg"}],"author":"Reda\u00e7\u00e3o S\u00e3o Paulo","twitter_card":"summary_large_image","twitter_creator":"@pressenza_pt","twitter_site":"@PressenzaIPA","twitter_misc":{"Escrito por":"Reda\u00e7\u00e3o S\u00e3o Paulo","Tiempo de lectura":"4 minutos"},"schema":{"@context":"https:\/\/schema.org","@graph":[{"@type":"Article","@id":"https:\/\/www.pressenza.com\/es\/2018\/07\/rusia-2018-jovenes-negros-en-francia-mientras-unos-brillan-en-la-copa-otros-son-muertos-por-la-policia\/#article","isPartOf":{"@id":"https:\/\/www.pressenza.com\/es\/2018\/07\/rusia-2018-jovenes-negros-en-francia-mientras-unos-brillan-en-la-copa-otros-son-muertos-por-la-policia\/"},"author":{"name":"Reda\u00e7\u00e3o S\u00e3o Paulo","@id":"https:\/\/www.pressenza.com\/es\/#\/schema\/person\/d171826afb7693cfc394da95892bfd93"},"headline":"Rusia 2018. J\u00f3venes negros en Francia: mientras unos brillan en la Copa, otros son muertos por la polic\u00eda","datePublished":"2018-07-09T14:34:18+00:00","dateModified":"2018-07-09T15:36:28+00:00","mainEntityOfPage":{"@id":"https:\/\/www.pressenza.com\/es\/2018\/07\/rusia-2018-jovenes-negros-en-francia-mientras-unos-brillan-en-la-copa-otros-son-muertos-por-la-policia\/"},"wordCount":907,"publisher":{"@id":"https:\/\/www.pressenza.com\/es\/#organization"},"image":{"@id":"https:\/\/www.pressenza.com\/es\/2018\/07\/rusia-2018-jovenes-negros-en-francia-mientras-unos-brillan-en-la-copa-otros-son-muertos-por-la-policia\/#primaryimage"},"thumbnailUrl":"https:\/\/www.pressenza.com\/wp-content\/uploads\/2018\/07\/pogba.jpg","keywords":["Africa","Derechos humanos","discriminaci\u00f3n","Francia","f\u00fatbol","Guinea","Manchester United","Mbapp\u00e9","Paris","Pogba","Zidane"],"articleSection":["Derechos Humanos","Diversidad","Europa","Opiniones"],"inLanguage":"es"},{"@type":"WebPage","@id":"https:\/\/www.pressenza.com\/es\/2018\/07\/rusia-2018-jovenes-negros-en-francia-mientras-unos-brillan-en-la-copa-otros-son-muertos-por-la-policia\/","url":"https:\/\/www.pressenza.com\/es\/2018\/07\/rusia-2018-jovenes-negros-en-francia-mientras-unos-brillan-en-la-copa-otros-son-muertos-por-la-policia\/","name":"Rusia 2018. J\u00f3venes negros en Francia: mientras unos brillan en la Copa, otros son muertos por la polic\u00eda","isPartOf":{"@id":"https:\/\/www.pressenza.com\/es\/#website"},"primaryImageOfPage":{"@id":"https:\/\/www.pressenza.com\/es\/2018\/07\/rusia-2018-jovenes-negros-en-francia-mientras-unos-brillan-en-la-copa-otros-son-muertos-por-la-policia\/#primaryimage"},"image":{"@id":"https:\/\/www.pressenza.com\/es\/2018\/07\/rusia-2018-jovenes-negros-en-francia-mientras-unos-brillan-en-la-copa-otros-son-muertos-por-la-policia\/#primaryimage"},"thumbnailUrl":"https:\/\/www.pressenza.com\/wp-content\/uploads\/2018\/07\/pogba.jpg","datePublished":"2018-07-09T14:34:18+00:00","dateModified":"2018-07-09T15:36:28+00:00","description":"Por Daniel Giovanaz | Brasil de Fato. Traducci\u00f3n de Pressenza Habitantes de Nantes prendieron fuego autom\u00f3viles en protesta contra el asesinato de","breadcrumb":{"@id":"https:\/\/www.pressenza.com\/es\/2018\/07\/rusia-2018-jovenes-negros-en-francia-mientras-unos-brillan-en-la-copa-otros-son-muertos-por-la-policia\/#breadcrumb"},"inLanguage":"es","potentialAction":[{"@type":"ReadAction","target":["https:\/\/www.pressenza.com\/es\/2018\/07\/rusia-2018-jovenes-negros-en-francia-mientras-unos-brillan-en-la-copa-otros-son-muertos-por-la-policia\/"]}]},{"@type":"ImageObject","inLanguage":"es","@id":"https:\/\/www.pressenza.com\/es\/2018\/07\/rusia-2018-jovenes-negros-en-francia-mientras-unos-brillan-en-la-copa-otros-son-muertos-por-la-policia\/#primaryimage","url":"https:\/\/www.pressenza.com\/wp-content\/uploads\/2018\/07\/pogba.jpg","contentUrl":"https:\/\/www.pressenza.com\/wp-content\/uploads\/2018\/07\/pogba.jpg","width":720,"height":499},{"@type":"BreadcrumbList","@id":"https:\/\/www.pressenza.com\/es\/2018\/07\/rusia-2018-jovenes-negros-en-francia-mientras-unos-brillan-en-la-copa-otros-son-muertos-por-la-policia\/#breadcrumb","itemListElement":[{"@type":"ListItem","position":1,"name":"Accueil","item":"https:\/\/www.pressenza.com\/es\/"},{"@type":"ListItem","position":2,"name":"Rusia 2018. J\u00f3venes negros en Francia: mientras unos brillan en la Copa, otros son muertos por la polic\u00eda"}]},{"@type":"WebSite","@id":"https:\/\/www.pressenza.com\/es\/#website","url":"https:\/\/www.pressenza.com\/es\/","name":"Pressenza","description":"International Press Agency","publisher":{"@id":"https:\/\/www.pressenza.com\/es\/#organization"},"potentialAction":[{"@type":"SearchAction","target":{"@type":"EntryPoint","urlTemplate":"https:\/\/www.pressenza.com\/es\/?s={search_term_string}"},"query-input":{"@type":"PropertyValueSpecification","valueRequired":true,"valueName":"search_term_string"}}],"inLanguage":"es"},{"@type":"Organization","@id":"https:\/\/www.pressenza.com\/es\/#organization","name":"Pressenza","url":"https:\/\/www.pressenza.com\/es\/","logo":{"@type":"ImageObject","inLanguage":"es","@id":"https:\/\/www.pressenza.com\/es\/#\/schema\/logo\/image\/","url":"https:\/\/www.pressenza.com\/wp-content\/uploads\/2022\/10\/pressenza_logo_200x200.jpg","contentUrl":"https:\/\/www.pressenza.com\/wp-content\/uploads\/2022\/10\/pressenza_logo_200x200.jpg","width":200,"height":200,"caption":"Pressenza"},"image":{"@id":"https:\/\/www.pressenza.com\/es\/#\/schema\/logo\/image\/"},"sameAs":["https:\/\/www.facebook.com\/PressenzaItalia","https:\/\/x.com\/PressenzaIPA"]},{"@type":"Person","@id":"https:\/\/www.pressenza.com\/es\/#\/schema\/person\/d171826afb7693cfc394da95892bfd93","name":"Reda\u00e7\u00e3o S\u00e3o Paulo","description":"News from the Pressenza bureau in Sao Paulo, Brazil","sameAs":["https:\/\/www.facebook.com\/PressenzaPortugues","https:\/\/x.com\/pressenza_pt"],"url":"https:\/\/www.pressenza.com\/es\/author\/redaccao-sao-paulo\/"}]}},"place":"Mosc\u00fa, Rusia.","original_article_url":"https:\/\/www.brasildefato.com.br\/2018\/07\/09\/jovens-negros-na-franca-enquanto-uns-brilham-na-copa-outros-sao-mortos-pela-policia\/","_links":{"self":[{"href":"https:\/\/www.pressenza.com\/es\/wp-json\/wp\/v2\/posts\/674594","targetHints":{"allow":["GET"]}}],"collection":[{"href":"https:\/\/www.pressenza.com\/es\/wp-json\/wp\/v2\/posts"}],"about":[{"href":"https:\/\/www.pressenza.com\/es\/wp-json\/wp\/v2\/types\/post"}],"author":[{"embeddable":true,"href":"https:\/\/www.pressenza.com\/es\/wp-json\/wp\/v2\/users\/44"}],"replies":[{"embeddable":true,"href":"https:\/\/www.pressenza.com\/es\/wp-json\/wp\/v2\/comments?post=674594"}],"version-history":[{"count":0,"href":"https:\/\/www.pressenza.com\/es\/wp-json\/wp\/v2\/posts\/674594\/revisions"}],"wp:featuredmedia":[{"embeddable":true,"href":"https:\/\/www.pressenza.com\/es\/wp-json\/wp\/v2\/media\/674591"}],"wp:attachment":[{"href":"https:\/\/www.pressenza.com\/es\/wp-json\/wp\/v2\/media?parent=674594"}],"wp:term":[{"taxonomy":"category","embeddable":true,"href":"https:\/\/www.pressenza.com\/es\/wp-json\/wp\/v2\/categories?post=674594"},{"taxonomy":"post_tag","embeddable":true,"href":"https:\/\/www.pressenza.com\/es\/wp-json\/wp\/v2\/tags?post=674594"}],"curies":[{"name":"wp","href":"https:\/\/api.w.org\/{rel}","templated":true}]}}