{"id":673569,"date":"2018-07-08T02:08:55","date_gmt":"2018-07-08T01:08:55","guid":{"rendered":"https:\/\/www.pressenza.com\/?p=673569"},"modified":"2018-07-08T02:08:55","modified_gmt":"2018-07-08T01:08:55","slug":"colegio-de-profesores-de-chile-anuncia-un-plan-de-movilizacion-creciente-para-el-segundo-semestre","status":"publish","type":"post","link":"https:\/\/www.pressenza.com\/es\/2018\/07\/colegio-de-profesores-de-chile-anuncia-un-plan-de-movilizacion-creciente-para-el-segundo-semestre\/","title":{"rendered":"Colegio de Profesores de Chile anuncia un \u201cplan de movilizaci\u00f3n creciente\u201d para el segundo semestre"},"content":{"rendered":"<p><span class=\"titular-bajada\">Mario Aguilar, presidente del magisterio, dijo que demandas como la igualdad de trato a los profesionales de la educaci\u00f3n, la carrera directiva y la superaci\u00f3n de la educaci\u00f3n estandarizada, adem\u00e1s del pago de la deuda hist\u00f3rica, no han tenido una respuesta concreta por parte del Ejecutivo.<\/span><\/p>\n<div>\n<p>Este s\u00e1bado, el Colegio de Profesores dio a conocer los resultados de las votaciones de su Consulta Nacional, donde los docentes decidieron las medidas que tomar\u00e1n tras la insatisfactoria respuesta entregada por el Ministerio de Educaci\u00f3n a su petitorio.<\/p>\n<p>El presidente del gremio, Mario Aguilar confirm\u00f3 en ese sentido que realizar\u00e1n movilizaciones a partir del segundo semestre de este a\u00f1o, puesto que -explic\u00f3- las respuestas entregadas \u201cno fueron concretas\u201d, a lo que se agrega el hecho que el ministro de Educaci\u00f3n, Gerardo Varela, no ha estado tan presente en las negociaciones como ellos esperaban.<\/p>\n<p>Aguilar detall\u00f3 en esta l\u00ednea que el gremio plantear\u00e1 \u201cun plan de movilizaci\u00f3n creciente\u201d, a\u00f1adiendo que \u201csi persiste una respuesta nula o pobre del ministerio, ese camino va a llevar a un momento de paralizaci\u00f3n\u201d.<\/p>\n<p>Entre las primeras acciones planificadas se encuentra un proceso de informaci\u00f3n dirigido a toda la comunidad escolar, complementado con peque\u00f1as manifestaciones en los colegios y en distintos espacios p\u00fablicos.<\/p>\n<p>El representante del magisterio record\u00f3 que demandas como la igualdad de trato a los profesionales de la educaci\u00f3n, la carrera directiva y la superaci\u00f3n de la educaci\u00f3n estandarizada, adem\u00e1s del pago de la deuda hist\u00f3rica, no han tenido respuesta concreta por parte del Gobierno.<\/p>\n<p>A estos temas se suman la solicitud de terminar con el doble proceso de evaluaci\u00f3n docente, la regulaci\u00f3n de los profesores a contrata y varios aspectos vinculados a la nueva educaci\u00f3n p\u00fablica.<\/p>\n<p>En las votaciones, que se llevaron a cabo los d\u00edas 4 y 5 de junio, los docentes tambi\u00e9n expresaron su preocupaci\u00f3n por los recientes hechos de violencia que han recibido profesores, los cuales, de acuerdo al directorio,\u00a0deber\u00edan ser tratados penalmente, en caso de ser adultos lo acusados.<\/p>\n<p>Respecto al respaldo a este proceso, Dar\u00edo V\u00e1squez, secretario general del Colegio de Profesores, asegur\u00f3 que todas las medidas a tomar fueron apoyadas en forma contundente por los profesores que asistieron a votar, donde cerca de un 90% de los profesores rechaz\u00f3 la respuesta del Gobierno, y un 74% respald\u00f3 las movilizaciones y acciones.<\/p>\n<p>&nbsp;<\/p>\n<p>&nbsp;<\/p>\n<\/div>\n","protected":false},"excerpt":{"rendered":"<p>Mario Aguilar, presidente del magisterio, dijo que demandas como la igualdad de trato a los profesionales de la educaci\u00f3n, la carrera directiva y la superaci\u00f3n de la educaci\u00f3n estandarizada, adem\u00e1s del pago de la deuda hist\u00f3rica, no han tenido una&hellip;<\/p>\n","protected":false},"author":616,"featured_media":673578,"comment_status":"closed","ping_status":"closed","sticky":false,"template":"","format":"standard","meta":{"footnotes":""},"categories":[1230,67],"tags":[31339,7784],"class_list":["post-673569","post","type-post","status-publish","format-standard","has-post-thumbnail","hentry","category-educacion-tema","category-sudamerica","tag-colegio-de-profesores-de-chile","tag-mario-aguilar"],"yoast_head":"<!-- This site is optimized with the Yoast SEO plugin v27.1.1 - https:\/\/yoast.com\/product\/yoast-seo-wordpress\/ -->\n<title>Colegio de Profesores de Chile anuncia un \u201cplan de movilizaci\u00f3n creciente\u201d para el segundo semestre<\/title>\n<meta name=\"description\" content=\"Mario Aguilar, presidente del magisterio, dijo que demandas como la igualdad de trato a los profesionales de la educaci\u00f3n, la carrera directiva y la\" \/>\n<meta name=\"robots\" content=\"index, follow, max-snippet:-1, max-image-preview:large, max-video-preview:-1\" \/>\n<link rel=\"canonical\" href=\"https:\/\/www.pressenza.com\/es\/2018\/07\/colegio-de-profesores-de-chile-anuncia-un-plan-de-movilizacion-creciente-para-el-segundo-semestre\/\" \/>\n<meta property=\"og:locale\" content=\"es_ES\" \/>\n<meta property=\"og:type\" content=\"article\" \/>\n<meta property=\"og:title\" content=\"Colegio de Profesores de Chile anuncia un \u201cplan de movilizaci\u00f3n creciente\u201d para el segundo semestre\" \/>\n<meta property=\"og:description\" content=\"Mario Aguilar, presidente del magisterio, dijo que demandas como la igualdad de trato a los profesionales de la educaci\u00f3n, la carrera directiva y la\" \/>\n<meta property=\"og:url\" content=\"https:\/\/www.pressenza.com\/es\/2018\/07\/colegio-de-profesores-de-chile-anuncia-un-plan-de-movilizacion-creciente-para-el-segundo-semestre\/\" \/>\n<meta property=\"og:site_name\" content=\"Pressenza\" \/>\n<meta property=\"article:publisher\" content=\"https:\/\/www.facebook.com\/PressenzaItalia\" \/>\n<meta property=\"article:published_time\" content=\"2018-07-08T01:08:55+00:00\" \/>\n<meta property=\"og:image\" content=\"https:\/\/www.pressenza.com\/wp-content\/uploads\/2018\/07\/colegio-de-profesores-1.jpg\" \/>\n\t<meta property=\"og:image:width\" content=\"730\" \/>\n\t<meta property=\"og:image:height\" content=\"350\" \/>\n\t<meta property=\"og:image:type\" content=\"image\/jpeg\" \/>\n<meta name=\"author\" content=\"El Ciudadano\" \/>\n<meta name=\"twitter:card\" content=\"summary_large_image\" \/>\n<meta name=\"twitter:creator\" content=\"@PressenzaIPA\" \/>\n<meta name=\"twitter:site\" content=\"@PressenzaIPA\" \/>\n<meta name=\"twitter:label1\" content=\"Escrito por\" \/>\n\t<meta name=\"twitter:data1\" content=\"El Ciudadano\" \/>\n\t<meta name=\"twitter:label2\" content=\"Tiempo de lectura\" \/>\n\t<meta name=\"twitter:data2\" content=\"2 minutos\" \/>\n<script type=\"application\/ld+json\" class=\"yoast-schema-graph\">{\"@context\":\"https:\/\/schema.org\",\"@graph\":[{\"@type\":\"Article\",\"@id\":\"https:\/\/www.pressenza.com\/es\/2018\/07\/colegio-de-profesores-de-chile-anuncia-un-plan-de-movilizacion-creciente-para-el-segundo-semestre\/#article\",\"isPartOf\":{\"@id\":\"https:\/\/www.pressenza.com\/es\/2018\/07\/colegio-de-profesores-de-chile-anuncia-un-plan-de-movilizacion-creciente-para-el-segundo-semestre\/\"},\"author\":{\"name\":\"El Ciudadano\",\"@id\":\"https:\/\/www.pressenza.com\/es\/#\/schema\/person\/6522eecb4cd68e074b27e251e4b04ef8\"},\"headline\":\"Colegio de Profesores de Chile anuncia un \u201cplan de movilizaci\u00f3n creciente\u201d para el segundo semestre\",\"datePublished\":\"2018-07-08T01:08:55+00:00\",\"mainEntityOfPage\":{\"@id\":\"https:\/\/www.pressenza.com\/es\/2018\/07\/colegio-de-profesores-de-chile-anuncia-un-plan-de-movilizacion-creciente-para-el-segundo-semestre\/\"},\"wordCount\":430,\"publisher\":{\"@id\":\"https:\/\/www.pressenza.com\/es\/#organization\"},\"image\":{\"@id\":\"https:\/\/www.pressenza.com\/es\/2018\/07\/colegio-de-profesores-de-chile-anuncia-un-plan-de-movilizacion-creciente-para-el-segundo-semestre\/#primaryimage\"},\"thumbnailUrl\":\"https:\/\/www.pressenza.com\/wp-content\/uploads\/2018\/07\/colegio-de-profesores-1.jpg\",\"keywords\":[\"Colegio de Profesores de Chile\",\"Mario Aguilar\"],\"articleSection\":[\"Educaci\u00f3n\",\"Sudam\u00e9rica\"],\"inLanguage\":\"es\"},{\"@type\":\"WebPage\",\"@id\":\"https:\/\/www.pressenza.com\/es\/2018\/07\/colegio-de-profesores-de-chile-anuncia-un-plan-de-movilizacion-creciente-para-el-segundo-semestre\/\",\"url\":\"https:\/\/www.pressenza.com\/es\/2018\/07\/colegio-de-profesores-de-chile-anuncia-un-plan-de-movilizacion-creciente-para-el-segundo-semestre\/\",\"name\":\"Colegio de Profesores de Chile anuncia un \u201cplan de movilizaci\u00f3n creciente\u201d para el segundo semestre\",\"isPartOf\":{\"@id\":\"https:\/\/www.pressenza.com\/es\/#website\"},\"primaryImageOfPage\":{\"@id\":\"https:\/\/www.pressenza.com\/es\/2018\/07\/colegio-de-profesores-de-chile-anuncia-un-plan-de-movilizacion-creciente-para-el-segundo-semestre\/#primaryimage\"},\"image\":{\"@id\":\"https:\/\/www.pressenza.com\/es\/2018\/07\/colegio-de-profesores-de-chile-anuncia-un-plan-de-movilizacion-creciente-para-el-segundo-semestre\/#primaryimage\"},\"thumbnailUrl\":\"https:\/\/www.pressenza.com\/wp-content\/uploads\/2018\/07\/colegio-de-profesores-1.jpg\",\"datePublished\":\"2018-07-08T01:08:55+00:00\",\"description\":\"Mario Aguilar, presidente del magisterio, dijo que demandas como la igualdad de trato a los profesionales de la educaci\u00f3n, la carrera directiva y la\",\"breadcrumb\":{\"@id\":\"https:\/\/www.pressenza.com\/es\/2018\/07\/colegio-de-profesores-de-chile-anuncia-un-plan-de-movilizacion-creciente-para-el-segundo-semestre\/#breadcrumb\"},\"inLanguage\":\"es\",\"potentialAction\":[{\"@type\":\"ReadAction\",\"target\":[\"https:\/\/www.pressenza.com\/es\/2018\/07\/colegio-de-profesores-de-chile-anuncia-un-plan-de-movilizacion-creciente-para-el-segundo-semestre\/\"]}]},{\"@type\":\"ImageObject\",\"inLanguage\":\"es\",\"@id\":\"https:\/\/www.pressenza.com\/es\/2018\/07\/colegio-de-profesores-de-chile-anuncia-un-plan-de-movilizacion-creciente-para-el-segundo-semestre\/#primaryimage\",\"url\":\"https:\/\/www.pressenza.com\/wp-content\/uploads\/2018\/07\/colegio-de-profesores-1.jpg\",\"contentUrl\":\"https:\/\/www.pressenza.com\/wp-content\/uploads\/2018\/07\/colegio-de-profesores-1.jpg\",\"width\":730,\"height\":350},{\"@type\":\"BreadcrumbList\",\"@id\":\"https:\/\/www.pressenza.com\/es\/2018\/07\/colegio-de-profesores-de-chile-anuncia-un-plan-de-movilizacion-creciente-para-el-segundo-semestre\/#breadcrumb\",\"itemListElement\":[{\"@type\":\"ListItem\",\"position\":1,\"name\":\"Accueil\",\"item\":\"https:\/\/www.pressenza.com\/es\/\"},{\"@type\":\"ListItem\",\"position\":2,\"name\":\"Colegio de Profesores de Chile anuncia un \u201cplan de movilizaci\u00f3n creciente\u201d para el segundo semestre\"}]},{\"@type\":\"WebSite\",\"@id\":\"https:\/\/www.pressenza.com\/es\/#website\",\"url\":\"https:\/\/www.pressenza.com\/es\/\",\"name\":\"Pressenza\",\"description\":\"International Press Agency\",\"publisher\":{\"@id\":\"https:\/\/www.pressenza.com\/es\/#organization\"},\"potentialAction\":[{\"@type\":\"SearchAction\",\"target\":{\"@type\":\"EntryPoint\",\"urlTemplate\":\"https:\/\/www.pressenza.com\/es\/?s={search_term_string}\"},\"query-input\":{\"@type\":\"PropertyValueSpecification\",\"valueRequired\":true,\"valueName\":\"search_term_string\"}}],\"inLanguage\":\"es\"},{\"@type\":\"Organization\",\"@id\":\"https:\/\/www.pressenza.com\/es\/#organization\",\"name\":\"Pressenza\",\"url\":\"https:\/\/www.pressenza.com\/es\/\",\"logo\":{\"@type\":\"ImageObject\",\"inLanguage\":\"es\",\"@id\":\"https:\/\/www.pressenza.com\/es\/#\/schema\/logo\/image\/\",\"url\":\"https:\/\/www.pressenza.com\/wp-content\/uploads\/2022\/10\/pressenza_logo_200x200.jpg\",\"contentUrl\":\"https:\/\/www.pressenza.com\/wp-content\/uploads\/2022\/10\/pressenza_logo_200x200.jpg\",\"width\":200,\"height\":200,\"caption\":\"Pressenza\"},\"image\":{\"@id\":\"https:\/\/www.pressenza.com\/es\/#\/schema\/logo\/image\/\"},\"sameAs\":[\"https:\/\/www.facebook.com\/PressenzaItalia\",\"https:\/\/x.com\/PressenzaIPA\"]},{\"@type\":\"Person\",\"@id\":\"https:\/\/www.pressenza.com\/es\/#\/schema\/person\/6522eecb4cd68e074b27e251e4b04ef8\",\"name\":\"El Ciudadano\",\"description\":\"El Ciudadano es un medio de comunicaci\u00f3n de circulaci\u00f3n mensual en papel y de funcionamiento diario en la web. Forma parte de la Red de Medios de los Pueblos por lo que se declara como un medio del Tercer Sector para romper el cerco informativo. El Ciudadano es una publicaci\u00f3n que busca elevar desde lo local a lo global las demandas de la organizaci\u00f3n social chilena como tambi\u00e9n promover la acci\u00f3n directa de la ciudadan\u00eda por su derecho a autodeterminaci\u00f3n. elciudadano.cl\",\"url\":\"https:\/\/www.pressenza.com\/es\/author\/el-ciudadano\/\"}]}<\/script>\n<!-- \/ Yoast SEO plugin. -->","yoast_head_json":{"title":"Colegio de Profesores de Chile anuncia un \u201cplan de movilizaci\u00f3n creciente\u201d para el segundo semestre","description":"Mario Aguilar, presidente del magisterio, dijo que demandas como la igualdad de trato a los profesionales de la educaci\u00f3n, la carrera directiva y la","robots":{"index":"index","follow":"follow","max-snippet":"max-snippet:-1","max-image-preview":"max-image-preview:large","max-video-preview":"max-video-preview:-1"},"canonical":"https:\/\/www.pressenza.com\/es\/2018\/07\/colegio-de-profesores-de-chile-anuncia-un-plan-de-movilizacion-creciente-para-el-segundo-semestre\/","og_locale":"es_ES","og_type":"article","og_title":"Colegio de Profesores de Chile anuncia un \u201cplan de movilizaci\u00f3n creciente\u201d para el segundo semestre","og_description":"Mario Aguilar, presidente del magisterio, dijo que demandas como la igualdad de trato a los profesionales de la educaci\u00f3n, la carrera directiva y la","og_url":"https:\/\/www.pressenza.com\/es\/2018\/07\/colegio-de-profesores-de-chile-anuncia-un-plan-de-movilizacion-creciente-para-el-segundo-semestre\/","og_site_name":"Pressenza","article_publisher":"https:\/\/www.facebook.com\/PressenzaItalia","article_published_time":"2018-07-08T01:08:55+00:00","og_image":[{"width":730,"height":350,"url":"https:\/\/www.pressenza.com\/wp-content\/uploads\/2018\/07\/colegio-de-profesores-1.jpg","type":"image\/jpeg"}],"author":"El Ciudadano","twitter_card":"summary_large_image","twitter_creator":"@PressenzaIPA","twitter_site":"@PressenzaIPA","twitter_misc":{"Escrito por":"El Ciudadano","Tiempo de lectura":"2 minutos"},"schema":{"@context":"https:\/\/schema.org","@graph":[{"@type":"Article","@id":"https:\/\/www.pressenza.com\/es\/2018\/07\/colegio-de-profesores-de-chile-anuncia-un-plan-de-movilizacion-creciente-para-el-segundo-semestre\/#article","isPartOf":{"@id":"https:\/\/www.pressenza.com\/es\/2018\/07\/colegio-de-profesores-de-chile-anuncia-un-plan-de-movilizacion-creciente-para-el-segundo-semestre\/"},"author":{"name":"El Ciudadano","@id":"https:\/\/www.pressenza.com\/es\/#\/schema\/person\/6522eecb4cd68e074b27e251e4b04ef8"},"headline":"Colegio de Profesores de Chile anuncia un \u201cplan de movilizaci\u00f3n creciente\u201d para el segundo semestre","datePublished":"2018-07-08T01:08:55+00:00","mainEntityOfPage":{"@id":"https:\/\/www.pressenza.com\/es\/2018\/07\/colegio-de-profesores-de-chile-anuncia-un-plan-de-movilizacion-creciente-para-el-segundo-semestre\/"},"wordCount":430,"publisher":{"@id":"https:\/\/www.pressenza.com\/es\/#organization"},"image":{"@id":"https:\/\/www.pressenza.com\/es\/2018\/07\/colegio-de-profesores-de-chile-anuncia-un-plan-de-movilizacion-creciente-para-el-segundo-semestre\/#primaryimage"},"thumbnailUrl":"https:\/\/www.pressenza.com\/wp-content\/uploads\/2018\/07\/colegio-de-profesores-1.jpg","keywords":["Colegio de Profesores de Chile","Mario Aguilar"],"articleSection":["Educaci\u00f3n","Sudam\u00e9rica"],"inLanguage":"es"},{"@type":"WebPage","@id":"https:\/\/www.pressenza.com\/es\/2018\/07\/colegio-de-profesores-de-chile-anuncia-un-plan-de-movilizacion-creciente-para-el-segundo-semestre\/","url":"https:\/\/www.pressenza.com\/es\/2018\/07\/colegio-de-profesores-de-chile-anuncia-un-plan-de-movilizacion-creciente-para-el-segundo-semestre\/","name":"Colegio de Profesores de Chile anuncia un \u201cplan de movilizaci\u00f3n creciente\u201d para el segundo semestre","isPartOf":{"@id":"https:\/\/www.pressenza.com\/es\/#website"},"primaryImageOfPage":{"@id":"https:\/\/www.pressenza.com\/es\/2018\/07\/colegio-de-profesores-de-chile-anuncia-un-plan-de-movilizacion-creciente-para-el-segundo-semestre\/#primaryimage"},"image":{"@id":"https:\/\/www.pressenza.com\/es\/2018\/07\/colegio-de-profesores-de-chile-anuncia-un-plan-de-movilizacion-creciente-para-el-segundo-semestre\/#primaryimage"},"thumbnailUrl":"https:\/\/www.pressenza.com\/wp-content\/uploads\/2018\/07\/colegio-de-profesores-1.jpg","datePublished":"2018-07-08T01:08:55+00:00","description":"Mario Aguilar, presidente del magisterio, dijo que demandas como la igualdad de trato a los profesionales de la educaci\u00f3n, la carrera directiva y la","breadcrumb":{"@id":"https:\/\/www.pressenza.com\/es\/2018\/07\/colegio-de-profesores-de-chile-anuncia-un-plan-de-movilizacion-creciente-para-el-segundo-semestre\/#breadcrumb"},"inLanguage":"es","potentialAction":[{"@type":"ReadAction","target":["https:\/\/www.pressenza.com\/es\/2018\/07\/colegio-de-profesores-de-chile-anuncia-un-plan-de-movilizacion-creciente-para-el-segundo-semestre\/"]}]},{"@type":"ImageObject","inLanguage":"es","@id":"https:\/\/www.pressenza.com\/es\/2018\/07\/colegio-de-profesores-de-chile-anuncia-un-plan-de-movilizacion-creciente-para-el-segundo-semestre\/#primaryimage","url":"https:\/\/www.pressenza.com\/wp-content\/uploads\/2018\/07\/colegio-de-profesores-1.jpg","contentUrl":"https:\/\/www.pressenza.com\/wp-content\/uploads\/2018\/07\/colegio-de-profesores-1.jpg","width":730,"height":350},{"@type":"BreadcrumbList","@id":"https:\/\/www.pressenza.com\/es\/2018\/07\/colegio-de-profesores-de-chile-anuncia-un-plan-de-movilizacion-creciente-para-el-segundo-semestre\/#breadcrumb","itemListElement":[{"@type":"ListItem","position":1,"name":"Accueil","item":"https:\/\/www.pressenza.com\/es\/"},{"@type":"ListItem","position":2,"name":"Colegio de Profesores de Chile anuncia un \u201cplan de movilizaci\u00f3n creciente\u201d para el segundo semestre"}]},{"@type":"WebSite","@id":"https:\/\/www.pressenza.com\/es\/#website","url":"https:\/\/www.pressenza.com\/es\/","name":"Pressenza","description":"International Press Agency","publisher":{"@id":"https:\/\/www.pressenza.com\/es\/#organization"},"potentialAction":[{"@type":"SearchAction","target":{"@type":"EntryPoint","urlTemplate":"https:\/\/www.pressenza.com\/es\/?s={search_term_string}"},"query-input":{"@type":"PropertyValueSpecification","valueRequired":true,"valueName":"search_term_string"}}],"inLanguage":"es"},{"@type":"Organization","@id":"https:\/\/www.pressenza.com\/es\/#organization","name":"Pressenza","url":"https:\/\/www.pressenza.com\/es\/","logo":{"@type":"ImageObject","inLanguage":"es","@id":"https:\/\/www.pressenza.com\/es\/#\/schema\/logo\/image\/","url":"https:\/\/www.pressenza.com\/wp-content\/uploads\/2022\/10\/pressenza_logo_200x200.jpg","contentUrl":"https:\/\/www.pressenza.com\/wp-content\/uploads\/2022\/10\/pressenza_logo_200x200.jpg","width":200,"height":200,"caption":"Pressenza"},"image":{"@id":"https:\/\/www.pressenza.com\/es\/#\/schema\/logo\/image\/"},"sameAs":["https:\/\/www.facebook.com\/PressenzaItalia","https:\/\/x.com\/PressenzaIPA"]},{"@type":"Person","@id":"https:\/\/www.pressenza.com\/es\/#\/schema\/person\/6522eecb4cd68e074b27e251e4b04ef8","name":"El Ciudadano","description":"El Ciudadano es un medio de comunicaci\u00f3n de circulaci\u00f3n mensual en papel y de funcionamiento diario en la web. Forma parte de la Red de Medios de los Pueblos por lo que se declara como un medio del Tercer Sector para romper el cerco informativo. El Ciudadano es una publicaci\u00f3n que busca elevar desde lo local a lo global las demandas de la organizaci\u00f3n social chilena como tambi\u00e9n promover la acci\u00f3n directa de la ciudadan\u00eda por su derecho a autodeterminaci\u00f3n. elciudadano.cl","url":"https:\/\/www.pressenza.com\/es\/author\/el-ciudadano\/"}]}},"place":"Santiago de Chile","original_article_url":"","_links":{"self":[{"href":"https:\/\/www.pressenza.com\/es\/wp-json\/wp\/v2\/posts\/673569","targetHints":{"allow":["GET"]}}],"collection":[{"href":"https:\/\/www.pressenza.com\/es\/wp-json\/wp\/v2\/posts"}],"about":[{"href":"https:\/\/www.pressenza.com\/es\/wp-json\/wp\/v2\/types\/post"}],"author":[{"embeddable":true,"href":"https:\/\/www.pressenza.com\/es\/wp-json\/wp\/v2\/users\/616"}],"replies":[{"embeddable":true,"href":"https:\/\/www.pressenza.com\/es\/wp-json\/wp\/v2\/comments?post=673569"}],"version-history":[{"count":0,"href":"https:\/\/www.pressenza.com\/es\/wp-json\/wp\/v2\/posts\/673569\/revisions"}],"wp:featuredmedia":[{"embeddable":true,"href":"https:\/\/www.pressenza.com\/es\/wp-json\/wp\/v2\/media\/673578"}],"wp:attachment":[{"href":"https:\/\/www.pressenza.com\/es\/wp-json\/wp\/v2\/media?parent=673569"}],"wp:term":[{"taxonomy":"category","embeddable":true,"href":"https:\/\/www.pressenza.com\/es\/wp-json\/wp\/v2\/categories?post=673569"},{"taxonomy":"post_tag","embeddable":true,"href":"https:\/\/www.pressenza.com\/es\/wp-json\/wp\/v2\/tags?post=673569"}],"curies":[{"name":"wp","href":"https:\/\/api.w.org\/{rel}","templated":true}]}}