{"id":673374,"date":"2018-07-07T21:02:08","date_gmt":"2018-07-07T20:02:08","guid":{"rendered":"https:\/\/www.pressenza.com\/?p=673374"},"modified":"2018-07-07T21:02:08","modified_gmt":"2018-07-07T20:02:08","slug":"separacion-de-ninos-inmigrantes-no-permitamos-que-estados-unidos-caiga-en-el-odio-otra-vez","status":"publish","type":"post","link":"https:\/\/www.pressenza.com\/es\/2018\/07\/separacion-de-ninos-inmigrantes-no-permitamos-que-estados-unidos-caiga-en-el-odio-otra-vez\/","title":{"rendered":"Separaci\u00f3n de ni\u00f1os inmigrantes: No permitamos que Estados Unidos caiga en el odio otra vez"},"content":{"rendered":"<p>Los d\u00edas de verano son largos y calurosos en el Valle del R\u00edo Grande, la f\u00e9rtil llanura fluvial que se extiende unos 160 km a lo largo de la frontera entre Estados Unidos y M\u00e9xico, en Texas, entre las ciudades de McAllen y Brownsville. Este es el epicentro de la crisis de separaci\u00f3n familiar generada por el presidente Donald Trump, en la que al menos 2.047 ni\u00f1os fueron arrancados de los brazos de sus madres y padres y permanecen encarcelados. El principal centro de detenci\u00f3n de Brownsville se erige en un antiguo local de Walmart. Su espacioso interior ya no est\u00e1 lleno de productos elaborados por trabajadores de sueldos bajos en f\u00e1bricas de pa\u00edses remotos, sino de 1.400 ni\u00f1os encerrados en jaulas de malla met\u00e1lica y confortados solamente por mantas de emergencia de poli\u00e9ster. La agencia sin fines de lucro Southwest Key, que administra este centro de detenci\u00f3n, lo llama \u201cCasa Padre\u201d; un doloroso recordatorio para los numerosos ni\u00f1os separados de sus progenitores.<\/p>\n<p>La detenci\u00f3n de familias inmigrantes ha estado sucediendo durante a\u00f1os; incluso se aceler\u00f3 durante la presidencia de Barack Obama. El 7 de mayo de este a\u00f1o, sin embargo, el cruel triunvirato integrado por Trump, su famoso asesor antiinmigrantes Stephen Miller y el fiscal general Jeff Sessions promulg\u00f3 por decreto la pol\u00edtica de \u201ctolerancia cero\u201d. Sessions prometi\u00f3: \u201cQuien ingrese ilegalmente con un ni\u00f1o ser\u00e1 enjuiciado y separado del ni\u00f1o, tal como lo establece la ley\u201d. El fiscal general deber\u00eda comprender que no es ilegal proteger a un hijo de la violencia mediante el ingreso a Estados Unidos para solicitar asilo pol\u00edtico. Sessions cit\u00f3 las Sagradas Escrituras en defensa del secuestro y el encarcelamiento de ni\u00f1os por parte del Estado: \u201cCitar\u00eda a Pablo el ap\u00f3stol, con su clara y sabia orden, en Romanos 13, de obedecer las leyes del gobierno, porque Dios ha dispuesto el gobierno para sus prop\u00f3sitos\u201d.<\/p>\n<p>El jueves pasado, m\u00e1s de mil personas se congregaron frente al tribunal federal de Brownsville bajo el lema \u201cLas familias merecen estar unidas\u201d. Entre ellas se encontraba Juanita Valdez-Cox, directora ejecutiva de La Uni\u00f3n del Pueblo Entero (<span class=\"caps\">LUPE<\/span>). En una entrevista para Democracy Now!, relat\u00f3 una escalofriante historia de c\u00f3mo se implementa la pol\u00edtica de separaci\u00f3n familiar de Trump en el Valle del R\u00edo Grande: \u201cUn padre viajaba con sus hijos, de 8 y 10 a\u00f1os de edad. Cuando cruzaron la frontera fueron detenidos por Inmigraci\u00f3n. El padre est\u00e1 aqu\u00ed en un centro de detenci\u00f3n y los ni\u00f1os fueron ubicados por separado\u201d.<\/p>\n<p>La activista continu\u00f3: \u201cEntonces el padre llama a la familia, ansioso y preocupado porque no sab\u00eda ad\u00f3nde iban los ni\u00f1os. Estuvimos intentando encontrar y reunir a los ni\u00f1os durante tres d\u00edas. \u2026 Finalmente los encontramos. Un ni\u00f1o de 8 y otro de 10 a\u00f1os. Fueron deportados por su cuenta. Ni la madre ni el padre sab\u00edan d\u00f3nde estaban\u201d. Valdez-Cox cont\u00f3 que los funcionarios del gobierno estadounidense se llevaron a estos dos ni\u00f1os, los condujeron a un puente sobre el R\u00edo Grande, les se\u00f1alaron el sur y les dijeron que caminaran de regreso a M\u00e9xico, solos.<\/p>\n<p>\u201cLa familia es la base de nuestra naci\u00f3n\u201d es el lema moralista que plasma el Partido Republicano en su sitio web, en el cap\u00edtulo \u201cValores familiares\u201d. Hay que comparar este mensaje con las dificultades que enfrentaron estos ni\u00f1os, arrancados de sus padres y obligados a caminar hacia Reynosa, M\u00e9xico, una ciudad fronteriza conocida por su violencia.<\/p>\n<p>Juanita Valdez-Cox nos habl\u00f3 de otro caso que involucra a dos peque\u00f1os: un ni\u00f1o de un a\u00f1o y un beb\u00e9 de nueve meses. <span class=\"caps\">LUPE<\/span> ayud\u00f3 a sus angustiados familiares a localizarlos: \u201cEs desgarrador ver llorar a los ni\u00f1os. S\u00ed, [los empleados del centro de detenci\u00f3n] los alimentan y les cambian el pa\u00f1al, pero no se les permite alzarlos ni abrazarlos. Aparentemente, el gobierno quiere ser cuidadoso en torno al abuso infantil. \u00bfNo es ir\u00f3nico? Ya les est\u00e1n haciendo lo peor que les puede pasar a los ni\u00f1os\u201d.<\/p>\n<p>El 26 de junio, el juez federal de San Diego Dana Sabraw emiti\u00f3 una orden que establece que la pol\u00edtica de \u201ctolerancia cero\u201d \u201cviola el derecho constitucional de los demandantes a la integridad familiar\u201d, e instruy\u00f3 al gobierno a reunir a todos los ni\u00f1os detenidos menores de 5 a\u00f1os con sus padres en un plazo de 14 d\u00edas \u2013o sea, para el 10 de julio\u2013 y a los ni\u00f1os de 5 a\u00f1os en adelante en un plazo de 30 d\u00edas.<\/p>\n<p>Aunque el gobierno se ha negado sistem\u00e1ticamente a informar qu\u00e9 ha pasado con los ni\u00f1os y ni\u00f1as detenidos, el secretario de Salud y Servicios Humanos, Alex Azar, inexplicablemente le dijo al Senado hace una semana: \u201cNo hay ninguna raz\u00f3n por la cual los padres no puedan saber d\u00f3nde se encuentran sus hijos. Yo podr\u00eda\u2026 con solo presionar un par de teclas, en cuesti\u00f3n de segundos, podr\u00eda encontrar a cualquier ni\u00f1o a nuestro cuidado para cualquier madre o padre\u201d.<\/p>\n<p>El 28 de junio, el equipo de Democracy Now! se cruz\u00f3 con dos diferentes grupos de ni\u00f1os inmigrantes. Un par de muchachos en su adolescencia, reci\u00e9n liberados despu\u00e9s de pasar tres meses de detenci\u00f3n en Casa Padre, part\u00edan del aeropuerto de Brownsville. Otro grupo de seis, mucho m\u00e1s peque\u00f1os, estaba en tr\u00e1nsito en el aeropuerto de Dallas. Sus supervisores adultos no nos permitieron hablar con ellos mientras abordaban el mismo vuelo que nosotros a Newark.<\/p>\n<p>Este fin de semana del D\u00eda de la Independencia, en el que las familias de todo el pa\u00eds se re\u00fanen para celebrar con un picnic, recordemos que muchas familias han sido separadas y encarceladas. Recordemos tambi\u00e9n que gran parte de los abundantes alimentos disfrutados en esos picnics habr\u00e1n sido cosechados por manos de inmigrantes. No permitamos que Trump haga caer en el odio a Estados Unidos otra vez.<\/p>\n","protected":false},"excerpt":{"rendered":"<p>Los d\u00edas de verano son largos y calurosos en el Valle del R\u00edo Grande, la f\u00e9rtil llanura fluvial que se extiende unos 160 km a lo largo de la frontera entre Estados Unidos y M\u00e9xico, en Texas, entre las ciudades&hellip;<\/p>\n","protected":false},"author":38,"featured_media":673520,"comment_status":"closed","ping_status":"closed","sticky":false,"template":"","format":"standard","meta":{"footnotes":""},"categories":[68,1242,161],"tags":[26187,47753,47752],"class_list":["post-673374","post","type-post","status-publish","format-standard","has-post-thumbnail","hentry","category-norteamerica","category-noviolencia-tema","category-opiniones","tag-donald-trump-es","tag-separacion-de-los-ninos","tag-valle-del-rio-grande"],"yoast_head":"<!-- This site is optimized with the Yoast SEO plugin v27.1.1 - https:\/\/yoast.com\/product\/yoast-seo-wordpress\/ -->\n<title>Separaci\u00f3n de ni\u00f1os inmigrantes: No permitamos que Estados Unidos caiga en el odio otra vez<\/title>\n<meta name=\"description\" content=\"Los d\u00edas de verano son largos y calurosos en el Valle del R\u00edo Grande, la f\u00e9rtil llanura fluvial que se extiende unos 160 km a lo largo de la frontera\" \/>\n<meta name=\"robots\" content=\"index, follow, max-snippet:-1, max-image-preview:large, max-video-preview:-1\" \/>\n<link rel=\"canonical\" href=\"https:\/\/www.pressenza.com\/es\/2018\/07\/separacion-de-ninos-inmigrantes-no-permitamos-que-estados-unidos-caiga-en-el-odio-otra-vez\/\" \/>\n<meta property=\"og:locale\" content=\"es_ES\" \/>\n<meta property=\"og:type\" content=\"article\" \/>\n<meta property=\"og:title\" content=\"Separaci\u00f3n de ni\u00f1os inmigrantes: No permitamos que Estados Unidos caiga en el odio otra vez\" \/>\n<meta property=\"og:description\" content=\"Los d\u00edas de verano son largos y calurosos en el Valle del R\u00edo Grande, la f\u00e9rtil llanura fluvial que se extiende unos 160 km a lo largo de la frontera\" \/>\n<meta property=\"og:url\" content=\"https:\/\/www.pressenza.com\/es\/2018\/07\/separacion-de-ninos-inmigrantes-no-permitamos-que-estados-unidos-caiga-en-el-odio-otra-vez\/\" \/>\n<meta property=\"og:site_name\" content=\"Pressenza\" \/>\n<meta property=\"article:publisher\" content=\"https:\/\/www.facebook.com\/PressenzaItalia\" \/>\n<meta property=\"article:published_time\" content=\"2018-07-07T20:02:08+00:00\" \/>\n<meta property=\"og:image\" content=\"https:\/\/www.pressenza.com\/wp-content\/uploads\/2018\/07\/lupe.jpg\" \/>\n\t<meta property=\"og:image:width\" content=\"1280\" \/>\n\t<meta property=\"og:image:height\" content=\"720\" \/>\n\t<meta property=\"og:image:type\" content=\"image\/jpeg\" \/>\n<meta name=\"author\" content=\"Amy Goodman\" \/>\n<meta name=\"twitter:card\" content=\"summary_large_image\" \/>\n<meta name=\"twitter:creator\" content=\"@PressenzaIPA\" \/>\n<meta name=\"twitter:site\" content=\"@PressenzaIPA\" \/>\n<meta name=\"twitter:label1\" content=\"Escrito por\" \/>\n\t<meta name=\"twitter:data1\" content=\"Amy Goodman\" \/>\n\t<meta name=\"twitter:label2\" content=\"Tiempo de lectura\" \/>\n\t<meta name=\"twitter:data2\" content=\"5 minutos\" \/>\n<script type=\"application\/ld+json\" class=\"yoast-schema-graph\">{\"@context\":\"https:\/\/schema.org\",\"@graph\":[{\"@type\":\"Article\",\"@id\":\"https:\/\/www.pressenza.com\/es\/2018\/07\/separacion-de-ninos-inmigrantes-no-permitamos-que-estados-unidos-caiga-en-el-odio-otra-vez\/#article\",\"isPartOf\":{\"@id\":\"https:\/\/www.pressenza.com\/es\/2018\/07\/separacion-de-ninos-inmigrantes-no-permitamos-que-estados-unidos-caiga-en-el-odio-otra-vez\/\"},\"author\":{\"name\":\"Amy Goodman\",\"@id\":\"https:\/\/www.pressenza.com\/es\/#\/schema\/person\/fb76c4542b791ee101e00d9e2f9817ee\"},\"headline\":\"Separaci\u00f3n de ni\u00f1os inmigrantes: No permitamos que Estados Unidos caiga en el odio otra vez\",\"datePublished\":\"2018-07-07T20:02:08+00:00\",\"mainEntityOfPage\":{\"@id\":\"https:\/\/www.pressenza.com\/es\/2018\/07\/separacion-de-ninos-inmigrantes-no-permitamos-que-estados-unidos-caiga-en-el-odio-otra-vez\/\"},\"wordCount\":1042,\"publisher\":{\"@id\":\"https:\/\/www.pressenza.com\/es\/#organization\"},\"image\":{\"@id\":\"https:\/\/www.pressenza.com\/es\/2018\/07\/separacion-de-ninos-inmigrantes-no-permitamos-que-estados-unidos-caiga-en-el-odio-otra-vez\/#primaryimage\"},\"thumbnailUrl\":\"https:\/\/www.pressenza.com\/wp-content\/uploads\/2018\/07\/lupe.jpg\",\"keywords\":[\"Donald Trump\",\"separaci\u00f3n de los ni\u00f1os\",\"Valle del R\u00edo Grande\"],\"articleSection\":[\"Norteam\u00e9rica\",\"Noviolencia\",\"Opiniones\"],\"inLanguage\":\"es\"},{\"@type\":\"WebPage\",\"@id\":\"https:\/\/www.pressenza.com\/es\/2018\/07\/separacion-de-ninos-inmigrantes-no-permitamos-que-estados-unidos-caiga-en-el-odio-otra-vez\/\",\"url\":\"https:\/\/www.pressenza.com\/es\/2018\/07\/separacion-de-ninos-inmigrantes-no-permitamos-que-estados-unidos-caiga-en-el-odio-otra-vez\/\",\"name\":\"Separaci\u00f3n de ni\u00f1os inmigrantes: No permitamos que Estados Unidos caiga en el odio otra vez\",\"isPartOf\":{\"@id\":\"https:\/\/www.pressenza.com\/es\/#website\"},\"primaryImageOfPage\":{\"@id\":\"https:\/\/www.pressenza.com\/es\/2018\/07\/separacion-de-ninos-inmigrantes-no-permitamos-que-estados-unidos-caiga-en-el-odio-otra-vez\/#primaryimage\"},\"image\":{\"@id\":\"https:\/\/www.pressenza.com\/es\/2018\/07\/separacion-de-ninos-inmigrantes-no-permitamos-que-estados-unidos-caiga-en-el-odio-otra-vez\/#primaryimage\"},\"thumbnailUrl\":\"https:\/\/www.pressenza.com\/wp-content\/uploads\/2018\/07\/lupe.jpg\",\"datePublished\":\"2018-07-07T20:02:08+00:00\",\"description\":\"Los d\u00edas de verano son largos y calurosos en el Valle del R\u00edo Grande, la f\u00e9rtil llanura fluvial que se extiende unos 160 km a lo largo de la frontera\",\"breadcrumb\":{\"@id\":\"https:\/\/www.pressenza.com\/es\/2018\/07\/separacion-de-ninos-inmigrantes-no-permitamos-que-estados-unidos-caiga-en-el-odio-otra-vez\/#breadcrumb\"},\"inLanguage\":\"es\",\"potentialAction\":[{\"@type\":\"ReadAction\",\"target\":[\"https:\/\/www.pressenza.com\/es\/2018\/07\/separacion-de-ninos-inmigrantes-no-permitamos-que-estados-unidos-caiga-en-el-odio-otra-vez\/\"]}]},{\"@type\":\"ImageObject\",\"inLanguage\":\"es\",\"@id\":\"https:\/\/www.pressenza.com\/es\/2018\/07\/separacion-de-ninos-inmigrantes-no-permitamos-que-estados-unidos-caiga-en-el-odio-otra-vez\/#primaryimage\",\"url\":\"https:\/\/www.pressenza.com\/wp-content\/uploads\/2018\/07\/lupe.jpg\",\"contentUrl\":\"https:\/\/www.pressenza.com\/wp-content\/uploads\/2018\/07\/lupe.jpg\",\"width\":1280,\"height\":720},{\"@type\":\"BreadcrumbList\",\"@id\":\"https:\/\/www.pressenza.com\/es\/2018\/07\/separacion-de-ninos-inmigrantes-no-permitamos-que-estados-unidos-caiga-en-el-odio-otra-vez\/#breadcrumb\",\"itemListElement\":[{\"@type\":\"ListItem\",\"position\":1,\"name\":\"Accueil\",\"item\":\"https:\/\/www.pressenza.com\/es\/\"},{\"@type\":\"ListItem\",\"position\":2,\"name\":\"Separaci\u00f3n de ni\u00f1os inmigrantes: No permitamos que Estados Unidos caiga en el odio otra vez\"}]},{\"@type\":\"WebSite\",\"@id\":\"https:\/\/www.pressenza.com\/es\/#website\",\"url\":\"https:\/\/www.pressenza.com\/es\/\",\"name\":\"Pressenza\",\"description\":\"International Press Agency\",\"publisher\":{\"@id\":\"https:\/\/www.pressenza.com\/es\/#organization\"},\"potentialAction\":[{\"@type\":\"SearchAction\",\"target\":{\"@type\":\"EntryPoint\",\"urlTemplate\":\"https:\/\/www.pressenza.com\/es\/?s={search_term_string}\"},\"query-input\":{\"@type\":\"PropertyValueSpecification\",\"valueRequired\":true,\"valueName\":\"search_term_string\"}}],\"inLanguage\":\"es\"},{\"@type\":\"Organization\",\"@id\":\"https:\/\/www.pressenza.com\/es\/#organization\",\"name\":\"Pressenza\",\"url\":\"https:\/\/www.pressenza.com\/es\/\",\"logo\":{\"@type\":\"ImageObject\",\"inLanguage\":\"es\",\"@id\":\"https:\/\/www.pressenza.com\/es\/#\/schema\/logo\/image\/\",\"url\":\"https:\/\/www.pressenza.com\/wp-content\/uploads\/2022\/10\/pressenza_logo_200x200.jpg\",\"contentUrl\":\"https:\/\/www.pressenza.com\/wp-content\/uploads\/2022\/10\/pressenza_logo_200x200.jpg\",\"width\":200,\"height\":200,\"caption\":\"Pressenza\"},\"image\":{\"@id\":\"https:\/\/www.pressenza.com\/es\/#\/schema\/logo\/image\/\"},\"sameAs\":[\"https:\/\/www.facebook.com\/PressenzaItalia\",\"https:\/\/x.com\/PressenzaIPA\"]},{\"@type\":\"Person\",\"@id\":\"https:\/\/www.pressenza.com\/es\/#\/schema\/person\/fb76c4542b791ee101e00d9e2f9817ee\",\"name\":\"Amy Goodman\",\"description\":\"Award-winning investigative journalist and syndicated columnist, author and host\/executive producer of Democracy Now! www.democracynow.org\",\"url\":\"https:\/\/www.pressenza.com\/es\/author\/amy-goodman\/\"}]}<\/script>\n<!-- \/ Yoast SEO plugin. -->","yoast_head_json":{"title":"Separaci\u00f3n de ni\u00f1os inmigrantes: No permitamos que Estados Unidos caiga en el odio otra vez","description":"Los d\u00edas de verano son largos y calurosos en el Valle del R\u00edo Grande, la f\u00e9rtil llanura fluvial que se extiende unos 160 km a lo largo de la frontera","robots":{"index":"index","follow":"follow","max-snippet":"max-snippet:-1","max-image-preview":"max-image-preview:large","max-video-preview":"max-video-preview:-1"},"canonical":"https:\/\/www.pressenza.com\/es\/2018\/07\/separacion-de-ninos-inmigrantes-no-permitamos-que-estados-unidos-caiga-en-el-odio-otra-vez\/","og_locale":"es_ES","og_type":"article","og_title":"Separaci\u00f3n de ni\u00f1os inmigrantes: No permitamos que Estados Unidos caiga en el odio otra vez","og_description":"Los d\u00edas de verano son largos y calurosos en el Valle del R\u00edo Grande, la f\u00e9rtil llanura fluvial que se extiende unos 160 km a lo largo de la frontera","og_url":"https:\/\/www.pressenza.com\/es\/2018\/07\/separacion-de-ninos-inmigrantes-no-permitamos-que-estados-unidos-caiga-en-el-odio-otra-vez\/","og_site_name":"Pressenza","article_publisher":"https:\/\/www.facebook.com\/PressenzaItalia","article_published_time":"2018-07-07T20:02:08+00:00","og_image":[{"width":1280,"height":720,"url":"https:\/\/www.pressenza.com\/wp-content\/uploads\/2018\/07\/lupe.jpg","type":"image\/jpeg"}],"author":"Amy Goodman","twitter_card":"summary_large_image","twitter_creator":"@PressenzaIPA","twitter_site":"@PressenzaIPA","twitter_misc":{"Escrito por":"Amy Goodman","Tiempo de lectura":"5 minutos"},"schema":{"@context":"https:\/\/schema.org","@graph":[{"@type":"Article","@id":"https:\/\/www.pressenza.com\/es\/2018\/07\/separacion-de-ninos-inmigrantes-no-permitamos-que-estados-unidos-caiga-en-el-odio-otra-vez\/#article","isPartOf":{"@id":"https:\/\/www.pressenza.com\/es\/2018\/07\/separacion-de-ninos-inmigrantes-no-permitamos-que-estados-unidos-caiga-en-el-odio-otra-vez\/"},"author":{"name":"Amy Goodman","@id":"https:\/\/www.pressenza.com\/es\/#\/schema\/person\/fb76c4542b791ee101e00d9e2f9817ee"},"headline":"Separaci\u00f3n de ni\u00f1os inmigrantes: No permitamos que Estados Unidos caiga en el odio otra vez","datePublished":"2018-07-07T20:02:08+00:00","mainEntityOfPage":{"@id":"https:\/\/www.pressenza.com\/es\/2018\/07\/separacion-de-ninos-inmigrantes-no-permitamos-que-estados-unidos-caiga-en-el-odio-otra-vez\/"},"wordCount":1042,"publisher":{"@id":"https:\/\/www.pressenza.com\/es\/#organization"},"image":{"@id":"https:\/\/www.pressenza.com\/es\/2018\/07\/separacion-de-ninos-inmigrantes-no-permitamos-que-estados-unidos-caiga-en-el-odio-otra-vez\/#primaryimage"},"thumbnailUrl":"https:\/\/www.pressenza.com\/wp-content\/uploads\/2018\/07\/lupe.jpg","keywords":["Donald Trump","separaci\u00f3n de los ni\u00f1os","Valle del R\u00edo Grande"],"articleSection":["Norteam\u00e9rica","Noviolencia","Opiniones"],"inLanguage":"es"},{"@type":"WebPage","@id":"https:\/\/www.pressenza.com\/es\/2018\/07\/separacion-de-ninos-inmigrantes-no-permitamos-que-estados-unidos-caiga-en-el-odio-otra-vez\/","url":"https:\/\/www.pressenza.com\/es\/2018\/07\/separacion-de-ninos-inmigrantes-no-permitamos-que-estados-unidos-caiga-en-el-odio-otra-vez\/","name":"Separaci\u00f3n de ni\u00f1os inmigrantes: No permitamos que Estados Unidos caiga en el odio otra vez","isPartOf":{"@id":"https:\/\/www.pressenza.com\/es\/#website"},"primaryImageOfPage":{"@id":"https:\/\/www.pressenza.com\/es\/2018\/07\/separacion-de-ninos-inmigrantes-no-permitamos-que-estados-unidos-caiga-en-el-odio-otra-vez\/#primaryimage"},"image":{"@id":"https:\/\/www.pressenza.com\/es\/2018\/07\/separacion-de-ninos-inmigrantes-no-permitamos-que-estados-unidos-caiga-en-el-odio-otra-vez\/#primaryimage"},"thumbnailUrl":"https:\/\/www.pressenza.com\/wp-content\/uploads\/2018\/07\/lupe.jpg","datePublished":"2018-07-07T20:02:08+00:00","description":"Los d\u00edas de verano son largos y calurosos en el Valle del R\u00edo Grande, la f\u00e9rtil llanura fluvial que se extiende unos 160 km a lo largo de la frontera","breadcrumb":{"@id":"https:\/\/www.pressenza.com\/es\/2018\/07\/separacion-de-ninos-inmigrantes-no-permitamos-que-estados-unidos-caiga-en-el-odio-otra-vez\/#breadcrumb"},"inLanguage":"es","potentialAction":[{"@type":"ReadAction","target":["https:\/\/www.pressenza.com\/es\/2018\/07\/separacion-de-ninos-inmigrantes-no-permitamos-que-estados-unidos-caiga-en-el-odio-otra-vez\/"]}]},{"@type":"ImageObject","inLanguage":"es","@id":"https:\/\/www.pressenza.com\/es\/2018\/07\/separacion-de-ninos-inmigrantes-no-permitamos-que-estados-unidos-caiga-en-el-odio-otra-vez\/#primaryimage","url":"https:\/\/www.pressenza.com\/wp-content\/uploads\/2018\/07\/lupe.jpg","contentUrl":"https:\/\/www.pressenza.com\/wp-content\/uploads\/2018\/07\/lupe.jpg","width":1280,"height":720},{"@type":"BreadcrumbList","@id":"https:\/\/www.pressenza.com\/es\/2018\/07\/separacion-de-ninos-inmigrantes-no-permitamos-que-estados-unidos-caiga-en-el-odio-otra-vez\/#breadcrumb","itemListElement":[{"@type":"ListItem","position":1,"name":"Accueil","item":"https:\/\/www.pressenza.com\/es\/"},{"@type":"ListItem","position":2,"name":"Separaci\u00f3n de ni\u00f1os inmigrantes: No permitamos que Estados Unidos caiga en el odio otra vez"}]},{"@type":"WebSite","@id":"https:\/\/www.pressenza.com\/es\/#website","url":"https:\/\/www.pressenza.com\/es\/","name":"Pressenza","description":"International Press Agency","publisher":{"@id":"https:\/\/www.pressenza.com\/es\/#organization"},"potentialAction":[{"@type":"SearchAction","target":{"@type":"EntryPoint","urlTemplate":"https:\/\/www.pressenza.com\/es\/?s={search_term_string}"},"query-input":{"@type":"PropertyValueSpecification","valueRequired":true,"valueName":"search_term_string"}}],"inLanguage":"es"},{"@type":"Organization","@id":"https:\/\/www.pressenza.com\/es\/#organization","name":"Pressenza","url":"https:\/\/www.pressenza.com\/es\/","logo":{"@type":"ImageObject","inLanguage":"es","@id":"https:\/\/www.pressenza.com\/es\/#\/schema\/logo\/image\/","url":"https:\/\/www.pressenza.com\/wp-content\/uploads\/2022\/10\/pressenza_logo_200x200.jpg","contentUrl":"https:\/\/www.pressenza.com\/wp-content\/uploads\/2022\/10\/pressenza_logo_200x200.jpg","width":200,"height":200,"caption":"Pressenza"},"image":{"@id":"https:\/\/www.pressenza.com\/es\/#\/schema\/logo\/image\/"},"sameAs":["https:\/\/www.facebook.com\/PressenzaItalia","https:\/\/x.com\/PressenzaIPA"]},{"@type":"Person","@id":"https:\/\/www.pressenza.com\/es\/#\/schema\/person\/fb76c4542b791ee101e00d9e2f9817ee","name":"Amy Goodman","description":"Award-winning investigative journalist and syndicated columnist, author and host\/executive producer of Democracy Now! www.democracynow.org","url":"https:\/\/www.pressenza.com\/es\/author\/amy-goodman\/"}]}},"place":"Nueva York, Estados Unidos","original_article_url":"https:\/\/www.democracynow.org\/es\/2018\/7\/6\/separacion_de_ninos_inmigrantes_no_permitamos","_links":{"self":[{"href":"https:\/\/www.pressenza.com\/es\/wp-json\/wp\/v2\/posts\/673374","targetHints":{"allow":["GET"]}}],"collection":[{"href":"https:\/\/www.pressenza.com\/es\/wp-json\/wp\/v2\/posts"}],"about":[{"href":"https:\/\/www.pressenza.com\/es\/wp-json\/wp\/v2\/types\/post"}],"author":[{"embeddable":true,"href":"https:\/\/www.pressenza.com\/es\/wp-json\/wp\/v2\/users\/38"}],"replies":[{"embeddable":true,"href":"https:\/\/www.pressenza.com\/es\/wp-json\/wp\/v2\/comments?post=673374"}],"version-history":[{"count":0,"href":"https:\/\/www.pressenza.com\/es\/wp-json\/wp\/v2\/posts\/673374\/revisions"}],"wp:featuredmedia":[{"embeddable":true,"href":"https:\/\/www.pressenza.com\/es\/wp-json\/wp\/v2\/media\/673520"}],"wp:attachment":[{"href":"https:\/\/www.pressenza.com\/es\/wp-json\/wp\/v2\/media?parent=673374"}],"wp:term":[{"taxonomy":"category","embeddable":true,"href":"https:\/\/www.pressenza.com\/es\/wp-json\/wp\/v2\/categories?post=673374"},{"taxonomy":"post_tag","embeddable":true,"href":"https:\/\/www.pressenza.com\/es\/wp-json\/wp\/v2\/tags?post=673374"}],"curies":[{"name":"wp","href":"https:\/\/api.w.org\/{rel}","templated":true}]}}