{"id":671227,"date":"2018-07-05T14:19:08","date_gmt":"2018-07-05T13:19:08","guid":{"rendered":"https:\/\/www.pressenza.com\/?p=671227"},"modified":"2018-07-05T14:19:08","modified_gmt":"2018-07-05T13:19:08","slug":"washington-se-mueve-contra-rafael-correa","status":"publish","type":"post","link":"https:\/\/www.pressenza.com\/es\/2018\/07\/washington-se-mueve-contra-rafael-correa\/","title":{"rendered":"Washington se mueve contra Rafael Correa"},"content":{"rendered":"<p><span style=\"color: #000000; font-family: Calibri;\">por Paul Craig Roberts, 4 de julio de 2018<\/span><\/p>\n<p><span style=\"color: #000000; font-family: Calibri;\">el art\u00edculo original se puede encontrar <\/span><a href=\"https:\/\/www.paulcraigroberts.org\/2018\/07\/04\/washington-moves-against-rafael-correa\/\">aqu\u00ed<\/a><\/p>\n<p><span style=\"color: #000000; font-family: Calibri;\">\u00a0<\/span><\/p>\n<p><span style=\"color: #000000; font-family: Calibri;\">Como Presidente de Ecuador, Rafael Correa fue un regalo de Dios para el pueblo ecuatoriano, para la independencia de Am\u00e9rica Latina y para Julian Assange de WikiLeaks. Al servir a la justicia y la verdad en lugar de a Washington, Correa se gan\u00f3 el odio y la determinaci\u00f3n de Washington para destruirlo.<\/span><\/p>\n<p><span style=\"color: #000000; font-family: Calibri;\">Correa fue sucedido como presidente por Lenin Moreno, a quien Correa crey\u00f3 err\u00f3neamente que era un aliado, pero que tiene toda la apariencia de ser un activo de Washington. Lo primero que hizo Moreno fue hacer un trato con Washington, impedir que Correa volviera a presentarse a la presidencia y delatar a Julian Assange. Moreno quiere revocar el asilo concedido a Assange y ha impedido que Assange contin\u00fae su actividad period\u00edstica desde la embajada ecuatoriana en Londres. En otras palabras, Moreno ha conspirado con Washington y el Reino Unido para encarcelar efectivamente a Assange en la embajada.<\/span><\/p>\n<p><span style=\"color: #000000; font-family: Calibri;\">Ahora Moreno ha dado otro paso que pone de relieve su car\u00e1cter de canalla. Correa, al darse cuenta de que \u00e9l y su familia estaban en peligro, se mud\u00f3 a B\u00e9lgica. Un tribunal ecuatoriano ha ordenado a los belgas que detengan a Correa y lo extraditen a Ecuador por un falso secuestro.<\/span><\/p>\n<p><span style=\"color: #000000; font-family: Calibri;\">Correa cree que B\u00e9lgica no va a cumplir con una acusaci\u00f3n absurda de la que no se ha presentado ninguna prueba y que la acusaci\u00f3n tiene por objeto difamar su nombre. Si yo fuera Correa, no estar\u00eda tan seguro. Miren la facilidad con la que Washington pudo usar a sus vasallos -Suecia y el Reino Unido- para anular efectivamente el asilo pol\u00edtico que Ecuador le dio a Assange. B\u00e9lgica tambi\u00e9n es vasallo de Washington y experimentar\u00e1 amenazas y sobornos -cueste lo que cueste- para poner a Correa en manos de Moreno, es decir, en manos de Washington. Si yo fuera Correa, ir\u00eda a la embajada rusa y pedir\u00eda asilo a Putin.<\/span><\/p>\n<p><span style=\"color: #000000; font-family: Calibri;\">Aqu\u00ed hay un reporte de noticias de RT:<\/span><\/p>\n<p><span style=\"color: #000000; font-family: Calibri;\">[1] <\/span><a href=\"https:\/\/www.rt.com\/news\/431653-correa-ecuador-arrest-order\/\">https:\/\/www.rt.com\/news\/431653-correa-ecuador-arrest-order\/<\/a><\/p>\n<p><span style=\"color: #000000; font-family: Calibri;\">[2] <\/span><a href=\"https:\/\/www.addtoany.com\/add_to\/facebook?linkurl=%2F2018%2F07%2F04%2Fwashington-moves-against-rafael-correa%2F&amp;linkname=Washington%20Moves%20Against%20Rafael%20Correa\">https:\/\/www.addtoany.com\/add_to\/facebook?linkurl=%2F2018%2F07%2F04%2Fwashington-moves-against-rafael-correa%2F&amp;linkname=Washington%20Moves%20Against%20Rafael%20Correa<\/a><\/p>\n<p><span style=\"color: #000000; font-family: Calibri;\">[3] <\/span><a href=\"https:\/\/www.addtoany.com\/add_to\/google_plus?linkurl=%2F2018%2F07%2F04%2Fwashington-moves-against-rafael-correa%2F&amp;linkname=Washington%20Moves%20Against%20Rafael%20Correa\">https:\/\/www.addtoany.com\/add_to\/google_plus?linkurl=%2F2018%2F07%2F04%2Fwashington-moves-against-rafael-correa%2F&amp;linkname=Washington%20Moves%20Against%20Rafael%20Correa<\/a><\/p>\n","protected":false},"excerpt":{"rendered":"<p>por Paul Craig Roberts, 4 de julio de 2018 el art\u00edculo original se puede encontrar aqu\u00ed \u00a0 Como Presidente de Ecuador, Rafael Correa fue un regalo de Dios para el pueblo ecuatoriano, para la independencia de Am\u00e9rica Latina y para&hellip;<\/p>\n","protected":false},"author":594,"featured_media":671092,"comment_status":"closed","ping_status":"closed","sticky":false,"template":"","format":"standard","meta":{"footnotes":""},"categories":[76,79,66,39,68,161,74,67],"tags":[2973,5283,34861,1126],"class_list":["post-671227","post","type-post","status-publish","format-standard","has-post-thumbnail","hentry","category-relaciones-exteriores","category-derechos-humanos","category-europa-es","category-internacional","category-norteamerica","category-opiniones","category-politica-es","category-sudamerica","tag-ecuador-es","tag-julian-assange-es","tag-lenin-moreno","tag-rafael-correa"],"yoast_head":"<!-- This site is optimized with the Yoast SEO plugin v27.1.1 - https:\/\/yoast.com\/product\/yoast-seo-wordpress\/ -->\n<title>Washington se mueve contra Rafael Correa<\/title>\n<meta name=\"description\" content=\"por Paul Craig Roberts, 4 de julio de 2018 el art\u00edculo original se puede encontrar aqu\u00ed \u00a0 Como Presidente de Ecuador, Rafael Correa fue un regalo de Dios\" \/>\n<meta name=\"robots\" content=\"index, follow, max-snippet:-1, max-image-preview:large, max-video-preview:-1\" \/>\n<link rel=\"canonical\" href=\"https:\/\/www.pressenza.com\/es\/2018\/07\/washington-se-mueve-contra-rafael-correa\/\" \/>\n<meta property=\"og:locale\" content=\"es_ES\" \/>\n<meta property=\"og:type\" content=\"article\" \/>\n<meta property=\"og:title\" content=\"Washington se mueve contra Rafael Correa\" \/>\n<meta property=\"og:description\" content=\"por Paul Craig Roberts, 4 de julio de 2018 el art\u00edculo original se puede encontrar aqu\u00ed \u00a0 Como Presidente de Ecuador, Rafael Correa fue un regalo de Dios\" \/>\n<meta property=\"og:url\" content=\"https:\/\/www.pressenza.com\/es\/2018\/07\/washington-se-mueve-contra-rafael-correa\/\" \/>\n<meta property=\"og:site_name\" content=\"Pressenza\" \/>\n<meta property=\"article:publisher\" content=\"https:\/\/www.facebook.com\/PressenzaItalia\" \/>\n<meta property=\"article:author\" content=\"https:\/\/www.facebook.com\/PressenzaItalia\" \/>\n<meta property=\"article:published_time\" content=\"2018-07-05T13:19:08+00:00\" \/>\n<meta property=\"og:image\" content=\"https:\/\/www.pressenza.com\/wp-content\/uploads\/2018\/07\/Rafael-Correa.png\" \/>\n\t<meta property=\"og:image:width\" content=\"1097\" \/>\n\t<meta property=\"og:image:height\" content=\"677\" \/>\n\t<meta property=\"og:image:type\" content=\"image\/png\" \/>\n<meta name=\"author\" content=\"Redazione Italia\" \/>\n<meta name=\"twitter:card\" content=\"summary_large_image\" \/>\n<meta name=\"twitter:creator\" content=\"@pressenza_it\" \/>\n<meta name=\"twitter:site\" content=\"@PressenzaIPA\" \/>\n<meta name=\"twitter:label1\" content=\"Escrito por\" \/>\n\t<meta name=\"twitter:data1\" content=\"Redazione Italia\" \/>\n\t<meta name=\"twitter:label2\" content=\"Tiempo de lectura\" \/>\n\t<meta name=\"twitter:data2\" content=\"2 minutos\" \/>\n<script type=\"application\/ld+json\" class=\"yoast-schema-graph\">{\"@context\":\"https:\/\/schema.org\",\"@graph\":[{\"@type\":\"Article\",\"@id\":\"https:\/\/www.pressenza.com\/es\/2018\/07\/washington-se-mueve-contra-rafael-correa\/#article\",\"isPartOf\":{\"@id\":\"https:\/\/www.pressenza.com\/es\/2018\/07\/washington-se-mueve-contra-rafael-correa\/\"},\"author\":{\"name\":\"Redazione Italia\",\"@id\":\"https:\/\/www.pressenza.com\/es\/#\/schema\/person\/d983e81827ae24f2c7b1a2123d197f8d\"},\"headline\":\"Washington se mueve contra Rafael Correa\",\"datePublished\":\"2018-07-05T13:19:08+00:00\",\"mainEntityOfPage\":{\"@id\":\"https:\/\/www.pressenza.com\/es\/2018\/07\/washington-se-mueve-contra-rafael-correa\/\"},\"wordCount\":404,\"publisher\":{\"@id\":\"https:\/\/www.pressenza.com\/es\/#organization\"},\"image\":{\"@id\":\"https:\/\/www.pressenza.com\/es\/2018\/07\/washington-se-mueve-contra-rafael-correa\/#primaryimage\"},\"thumbnailUrl\":\"https:\/\/www.pressenza.com\/wp-content\/uploads\/2018\/07\/Rafael-Correa.png\",\"keywords\":[\"Ecuador\",\"Julian Assange\",\"Lenin Moreno\",\"Rafael Correa\"],\"articleSection\":[\"Asuntos internacionales\",\"Derechos Humanos\",\"Europa\",\"Internacional\",\"Norteam\u00e9rica\",\"Opiniones\",\"Pol\u00edtica\",\"Sudam\u00e9rica\"],\"inLanguage\":\"es\"},{\"@type\":\"WebPage\",\"@id\":\"https:\/\/www.pressenza.com\/es\/2018\/07\/washington-se-mueve-contra-rafael-correa\/\",\"url\":\"https:\/\/www.pressenza.com\/es\/2018\/07\/washington-se-mueve-contra-rafael-correa\/\",\"name\":\"Washington se mueve contra Rafael Correa\",\"isPartOf\":{\"@id\":\"https:\/\/www.pressenza.com\/es\/#website\"},\"primaryImageOfPage\":{\"@id\":\"https:\/\/www.pressenza.com\/es\/2018\/07\/washington-se-mueve-contra-rafael-correa\/#primaryimage\"},\"image\":{\"@id\":\"https:\/\/www.pressenza.com\/es\/2018\/07\/washington-se-mueve-contra-rafael-correa\/#primaryimage\"},\"thumbnailUrl\":\"https:\/\/www.pressenza.com\/wp-content\/uploads\/2018\/07\/Rafael-Correa.png\",\"datePublished\":\"2018-07-05T13:19:08+00:00\",\"description\":\"por Paul Craig Roberts, 4 de julio de 2018 el art\u00edculo original se puede encontrar aqu\u00ed \u00a0 Como Presidente de Ecuador, Rafael Correa fue un regalo de Dios\",\"breadcrumb\":{\"@id\":\"https:\/\/www.pressenza.com\/es\/2018\/07\/washington-se-mueve-contra-rafael-correa\/#breadcrumb\"},\"inLanguage\":\"es\",\"potentialAction\":[{\"@type\":\"ReadAction\",\"target\":[\"https:\/\/www.pressenza.com\/es\/2018\/07\/washington-se-mueve-contra-rafael-correa\/\"]}]},{\"@type\":\"ImageObject\",\"inLanguage\":\"es\",\"@id\":\"https:\/\/www.pressenza.com\/es\/2018\/07\/washington-se-mueve-contra-rafael-correa\/#primaryimage\",\"url\":\"https:\/\/www.pressenza.com\/wp-content\/uploads\/2018\/07\/Rafael-Correa.png\",\"contentUrl\":\"https:\/\/www.pressenza.com\/wp-content\/uploads\/2018\/07\/Rafael-Correa.png\",\"width\":1097,\"height\":677},{\"@type\":\"BreadcrumbList\",\"@id\":\"https:\/\/www.pressenza.com\/es\/2018\/07\/washington-se-mueve-contra-rafael-correa\/#breadcrumb\",\"itemListElement\":[{\"@type\":\"ListItem\",\"position\":1,\"name\":\"Accueil\",\"item\":\"https:\/\/www.pressenza.com\/es\/\"},{\"@type\":\"ListItem\",\"position\":2,\"name\":\"Washington se mueve contra Rafael Correa\"}]},{\"@type\":\"WebSite\",\"@id\":\"https:\/\/www.pressenza.com\/es\/#website\",\"url\":\"https:\/\/www.pressenza.com\/es\/\",\"name\":\"Pressenza\",\"description\":\"International Press Agency\",\"publisher\":{\"@id\":\"https:\/\/www.pressenza.com\/es\/#organization\"},\"potentialAction\":[{\"@type\":\"SearchAction\",\"target\":{\"@type\":\"EntryPoint\",\"urlTemplate\":\"https:\/\/www.pressenza.com\/es\/?s={search_term_string}\"},\"query-input\":{\"@type\":\"PropertyValueSpecification\",\"valueRequired\":true,\"valueName\":\"search_term_string\"}}],\"inLanguage\":\"es\"},{\"@type\":\"Organization\",\"@id\":\"https:\/\/www.pressenza.com\/es\/#organization\",\"name\":\"Pressenza\",\"url\":\"https:\/\/www.pressenza.com\/es\/\",\"logo\":{\"@type\":\"ImageObject\",\"inLanguage\":\"es\",\"@id\":\"https:\/\/www.pressenza.com\/es\/#\/schema\/logo\/image\/\",\"url\":\"https:\/\/www.pressenza.com\/wp-content\/uploads\/2022\/10\/pressenza_logo_200x200.jpg\",\"contentUrl\":\"https:\/\/www.pressenza.com\/wp-content\/uploads\/2022\/10\/pressenza_logo_200x200.jpg\",\"width\":200,\"height\":200,\"caption\":\"Pressenza\"},\"image\":{\"@id\":\"https:\/\/www.pressenza.com\/es\/#\/schema\/logo\/image\/\"},\"sameAs\":[\"https:\/\/www.facebook.com\/PressenzaItalia\",\"https:\/\/x.com\/PressenzaIPA\"]},{\"@type\":\"Person\",\"@id\":\"https:\/\/www.pressenza.com\/es\/#\/schema\/person\/d983e81827ae24f2c7b1a2123d197f8d\",\"name\":\"Redazione Italia\",\"description\":\"News from the Pressenza Bureau in Italy\",\"sameAs\":[\"https:\/\/www.pressenza.com\/it\/author\/redazione-italia\/\",\"https:\/\/www.facebook.com\/PressenzaItalia\",\"https:\/\/www.instagram.com\/pressenza_italia\/\",\"https:\/\/x.com\/pressenza_it\",\"https:\/\/www.youtube.com\/channel\/UCSalEIWjE1RSxkwjfftFuqg\"],\"url\":\"https:\/\/www.pressenza.com\/es\/author\/redazione-italia\/\"}]}<\/script>\n<!-- \/ Yoast SEO plugin. -->","yoast_head_json":{"title":"Washington se mueve contra Rafael Correa","description":"por Paul Craig Roberts, 4 de julio de 2018 el art\u00edculo original se puede encontrar aqu\u00ed \u00a0 Como Presidente de Ecuador, Rafael Correa fue un regalo de Dios","robots":{"index":"index","follow":"follow","max-snippet":"max-snippet:-1","max-image-preview":"max-image-preview:large","max-video-preview":"max-video-preview:-1"},"canonical":"https:\/\/www.pressenza.com\/es\/2018\/07\/washington-se-mueve-contra-rafael-correa\/","og_locale":"es_ES","og_type":"article","og_title":"Washington se mueve contra Rafael Correa","og_description":"por Paul Craig Roberts, 4 de julio de 2018 el art\u00edculo original se puede encontrar aqu\u00ed \u00a0 Como Presidente de Ecuador, Rafael Correa fue un regalo de Dios","og_url":"https:\/\/www.pressenza.com\/es\/2018\/07\/washington-se-mueve-contra-rafael-correa\/","og_site_name":"Pressenza","article_publisher":"https:\/\/www.facebook.com\/PressenzaItalia","article_author":"https:\/\/www.facebook.com\/PressenzaItalia","article_published_time":"2018-07-05T13:19:08+00:00","og_image":[{"width":1097,"height":677,"url":"https:\/\/www.pressenza.com\/wp-content\/uploads\/2018\/07\/Rafael-Correa.png","type":"image\/png"}],"author":"Redazione Italia","twitter_card":"summary_large_image","twitter_creator":"@pressenza_it","twitter_site":"@PressenzaIPA","twitter_misc":{"Escrito por":"Redazione Italia","Tiempo de lectura":"2 minutos"},"schema":{"@context":"https:\/\/schema.org","@graph":[{"@type":"Article","@id":"https:\/\/www.pressenza.com\/es\/2018\/07\/washington-se-mueve-contra-rafael-correa\/#article","isPartOf":{"@id":"https:\/\/www.pressenza.com\/es\/2018\/07\/washington-se-mueve-contra-rafael-correa\/"},"author":{"name":"Redazione Italia","@id":"https:\/\/www.pressenza.com\/es\/#\/schema\/person\/d983e81827ae24f2c7b1a2123d197f8d"},"headline":"Washington se mueve contra Rafael Correa","datePublished":"2018-07-05T13:19:08+00:00","mainEntityOfPage":{"@id":"https:\/\/www.pressenza.com\/es\/2018\/07\/washington-se-mueve-contra-rafael-correa\/"},"wordCount":404,"publisher":{"@id":"https:\/\/www.pressenza.com\/es\/#organization"},"image":{"@id":"https:\/\/www.pressenza.com\/es\/2018\/07\/washington-se-mueve-contra-rafael-correa\/#primaryimage"},"thumbnailUrl":"https:\/\/www.pressenza.com\/wp-content\/uploads\/2018\/07\/Rafael-Correa.png","keywords":["Ecuador","Julian Assange","Lenin Moreno","Rafael Correa"],"articleSection":["Asuntos internacionales","Derechos Humanos","Europa","Internacional","Norteam\u00e9rica","Opiniones","Pol\u00edtica","Sudam\u00e9rica"],"inLanguage":"es"},{"@type":"WebPage","@id":"https:\/\/www.pressenza.com\/es\/2018\/07\/washington-se-mueve-contra-rafael-correa\/","url":"https:\/\/www.pressenza.com\/es\/2018\/07\/washington-se-mueve-contra-rafael-correa\/","name":"Washington se mueve contra Rafael Correa","isPartOf":{"@id":"https:\/\/www.pressenza.com\/es\/#website"},"primaryImageOfPage":{"@id":"https:\/\/www.pressenza.com\/es\/2018\/07\/washington-se-mueve-contra-rafael-correa\/#primaryimage"},"image":{"@id":"https:\/\/www.pressenza.com\/es\/2018\/07\/washington-se-mueve-contra-rafael-correa\/#primaryimage"},"thumbnailUrl":"https:\/\/www.pressenza.com\/wp-content\/uploads\/2018\/07\/Rafael-Correa.png","datePublished":"2018-07-05T13:19:08+00:00","description":"por Paul Craig Roberts, 4 de julio de 2018 el art\u00edculo original se puede encontrar aqu\u00ed \u00a0 Como Presidente de Ecuador, Rafael Correa fue un regalo de Dios","breadcrumb":{"@id":"https:\/\/www.pressenza.com\/es\/2018\/07\/washington-se-mueve-contra-rafael-correa\/#breadcrumb"},"inLanguage":"es","potentialAction":[{"@type":"ReadAction","target":["https:\/\/www.pressenza.com\/es\/2018\/07\/washington-se-mueve-contra-rafael-correa\/"]}]},{"@type":"ImageObject","inLanguage":"es","@id":"https:\/\/www.pressenza.com\/es\/2018\/07\/washington-se-mueve-contra-rafael-correa\/#primaryimage","url":"https:\/\/www.pressenza.com\/wp-content\/uploads\/2018\/07\/Rafael-Correa.png","contentUrl":"https:\/\/www.pressenza.com\/wp-content\/uploads\/2018\/07\/Rafael-Correa.png","width":1097,"height":677},{"@type":"BreadcrumbList","@id":"https:\/\/www.pressenza.com\/es\/2018\/07\/washington-se-mueve-contra-rafael-correa\/#breadcrumb","itemListElement":[{"@type":"ListItem","position":1,"name":"Accueil","item":"https:\/\/www.pressenza.com\/es\/"},{"@type":"ListItem","position":2,"name":"Washington se mueve contra Rafael Correa"}]},{"@type":"WebSite","@id":"https:\/\/www.pressenza.com\/es\/#website","url":"https:\/\/www.pressenza.com\/es\/","name":"Pressenza","description":"International Press Agency","publisher":{"@id":"https:\/\/www.pressenza.com\/es\/#organization"},"potentialAction":[{"@type":"SearchAction","target":{"@type":"EntryPoint","urlTemplate":"https:\/\/www.pressenza.com\/es\/?s={search_term_string}"},"query-input":{"@type":"PropertyValueSpecification","valueRequired":true,"valueName":"search_term_string"}}],"inLanguage":"es"},{"@type":"Organization","@id":"https:\/\/www.pressenza.com\/es\/#organization","name":"Pressenza","url":"https:\/\/www.pressenza.com\/es\/","logo":{"@type":"ImageObject","inLanguage":"es","@id":"https:\/\/www.pressenza.com\/es\/#\/schema\/logo\/image\/","url":"https:\/\/www.pressenza.com\/wp-content\/uploads\/2022\/10\/pressenza_logo_200x200.jpg","contentUrl":"https:\/\/www.pressenza.com\/wp-content\/uploads\/2022\/10\/pressenza_logo_200x200.jpg","width":200,"height":200,"caption":"Pressenza"},"image":{"@id":"https:\/\/www.pressenza.com\/es\/#\/schema\/logo\/image\/"},"sameAs":["https:\/\/www.facebook.com\/PressenzaItalia","https:\/\/x.com\/PressenzaIPA"]},{"@type":"Person","@id":"https:\/\/www.pressenza.com\/es\/#\/schema\/person\/d983e81827ae24f2c7b1a2123d197f8d","name":"Redazione Italia","description":"News from the Pressenza Bureau in Italy","sameAs":["https:\/\/www.pressenza.com\/it\/author\/redazione-italia\/","https:\/\/www.facebook.com\/PressenzaItalia","https:\/\/www.instagram.com\/pressenza_italia\/","https:\/\/x.com\/pressenza_it","https:\/\/www.youtube.com\/channel\/UCSalEIWjE1RSxkwjfftFuqg"],"url":"https:\/\/www.pressenza.com\/es\/author\/redazione-italia\/"}]}},"place":"","original_article_url":"","_links":{"self":[{"href":"https:\/\/www.pressenza.com\/es\/wp-json\/wp\/v2\/posts\/671227","targetHints":{"allow":["GET"]}}],"collection":[{"href":"https:\/\/www.pressenza.com\/es\/wp-json\/wp\/v2\/posts"}],"about":[{"href":"https:\/\/www.pressenza.com\/es\/wp-json\/wp\/v2\/types\/post"}],"author":[{"embeddable":true,"href":"https:\/\/www.pressenza.com\/es\/wp-json\/wp\/v2\/users\/594"}],"replies":[{"embeddable":true,"href":"https:\/\/www.pressenza.com\/es\/wp-json\/wp\/v2\/comments?post=671227"}],"version-history":[{"count":0,"href":"https:\/\/www.pressenza.com\/es\/wp-json\/wp\/v2\/posts\/671227\/revisions"}],"wp:featuredmedia":[{"embeddable":true,"href":"https:\/\/www.pressenza.com\/es\/wp-json\/wp\/v2\/media\/671092"}],"wp:attachment":[{"href":"https:\/\/www.pressenza.com\/es\/wp-json\/wp\/v2\/media?parent=671227"}],"wp:term":[{"taxonomy":"category","embeddable":true,"href":"https:\/\/www.pressenza.com\/es\/wp-json\/wp\/v2\/categories?post=671227"},{"taxonomy":"post_tag","embeddable":true,"href":"https:\/\/www.pressenza.com\/es\/wp-json\/wp\/v2\/tags?post=671227"}],"curies":[{"name":"wp","href":"https:\/\/api.w.org\/{rel}","templated":true}]}}