{"id":667496,"date":"2018-07-01T01:46:05","date_gmt":"2018-07-01T00:46:05","guid":{"rendered":"https:\/\/www.pressenza.com\/?p=667496"},"modified":"2018-07-01T01:46:05","modified_gmt":"2018-07-01T00:46:05","slug":"la-eleccion-de-amlo-una-oportunidad-bien-chingona-para-mexico-y-america-latina","status":"publish","type":"post","link":"https:\/\/www.pressenza.com\/es\/2018\/07\/la-eleccion-de-amlo-una-oportunidad-bien-chingona-para-mexico-y-america-latina\/","title":{"rendered":"La elecci\u00f3n de AMLO: Una oportunidad \u201cbien chingona\u201d para M\u00e9xico y Am\u00e9rica Latina"},"content":{"rendered":"<p>M\u00e9xico es, junto a Brasil, uno de los \u201chermanos mayores\u201d de Am\u00e9rica Latina y el Caribe. No solamente por su peso demogr\u00e1fico \u2013 sus 128 millones de habitantes representan un quinto del total poblacional de la regi\u00f3n \u2013 o por el tama\u00f1o de su econom\u00eda, cuyo PIB equivale aproximadamente a un 20% del total regional.<\/p>\n<p>M\u00e9xico ha jalonado la historia latinoamericana con huellas que marcaron profundamente el devenir pol\u00edtico y social colectivo. La Revoluci\u00f3n de 1910 &#8211; aquella gesta del M\u00e9xico profundo contra la desposesi\u00f3n campesina, la expoliaci\u00f3n de recursos y territorio, la dictadura porfirista, la modernizaci\u00f3n forzada y un sistema excluyente &#8211; alumbr\u00f3 heroicos caminos de justicia social por los que luego transitaron, entre otros, Sandino y Farabundo Mart\u00ed.<\/p>\n<p>La Constituci\u00f3n de 1917 fue la primera en establecer derechos sociales, la separaci\u00f3n entre Estado e Iglesia, la mejora de las condiciones de vida de los trabajadores con el nacimiento de las jornadas laborales de ocho horas, la garant\u00eda de un salario m\u00ednimo mensual y el reconocimiento de la personalidad jur\u00eddica de los sindicatos. Asimismo\u00a0 incluy\u00f3 el reparto de tierras, el federalismo y la divisi\u00f3n de poderes como sistema pol\u00edtico.<\/p>\n<p>Algo despu\u00e9s, en la d\u00e9cada del 30\u2019, el general L\u00e1zaro C\u00e1rdenas ser\u00eda nuevamente un pionero con la nacionalizaci\u00f3n del petr\u00f3leo y la red ferroviaria, la producci\u00f3n ejidal comunitaria y la Reforma Agraria y la amplia acogida de exiliados de la Guerra Civil espa\u00f1ola.<\/p>\n<p>A\u00f1os m\u00e1s tarde, ya en tiempos de oscurantismo neoliberal, el levantamiento zapatista dar\u00eda visibilidad al reclamo ind\u00edgena, que luego se extender\u00eda como llamarada dando impulso a los movimientos indigenistas, siendo decisivos una d\u00e9cada despu\u00e9s en la pol\u00edtica ecuatoriana y con la llegada de Evo Morales a la presidencia en Bolivia.<\/p>\n<p>Por ello, en el contexto actual, la elecci\u00f3n de Andr\u00e9s Manuel L\u00f3pez Obrador se inscribe como posibilidad de constituirse en se\u00f1al de arranque de un renovado avance de las reivindicaciones populares en el continente.<\/p>\n<p><strong>Regeneraci\u00f3n de M\u00e9xico<\/strong><\/p>\n<p>M\u00e9xico vive una situaci\u00f3n de severa degeneraci\u00f3n. Degeneraci\u00f3n producto de las diversas violencias que asolan a su gente. La generalizada violencia del narcotr\u00e1fico, los asesinatos de periodistas, los feminicidios, la reciente violencia pol\u00edtica configuran un cuadro que, de alguna manera, sugiere el recuerdo de cierta tradici\u00f3n sacrificial azteca, que en su tiempo facilit\u00f3 la invasi\u00f3n colonial por la colaboraci\u00f3n con \u00e9sta de las etnias sometidas.<\/p>\n<p>A ello se suma la enorme violencia econ\u00f3mica que ha sumergido a m\u00e1s de 53 millones de mexicanos en la pobreza, entre ellos casi 10 millones en la indigencia m\u00e1s absoluta.<\/p>\n<p>Degeneraci\u00f3n social a la que se corresponde una profunda degeneraci\u00f3n del aparato pol\u00edtico, en el que el federalismo formal se ha convertido en feudalismo real, en el que campea el soborno, el tr\u00e1fico de influencias, la evasi\u00f3n fiscal consentida y, cu\u00e1ndo no, el poder omn\u00edmodo en la formaci\u00f3n de la opini\u00f3n ciudadana de los c\u00e1rteles de comunicaci\u00f3n monop\u00f3licos.<\/p>\n<p>Por esto es que a trav\u00e9s de su nombre, el Movimiento Regeneraci\u00f3n Nacional (MORENA) y su l\u00edder L\u00f3pez Obrador, han sabido interpretar correctamente la necesidad imperante y es la raz\u00f3n por la que es mayoritariamente correspondido por la poblaci\u00f3n. M\u00e9xico \u2013 sin duda alguna \u2013 necesita regenerarse.<\/p>\n<p><strong>Ni todo, ni ya, ni solo<\/strong><\/p>\n<p>El enorme enojo acumulado, la acuciante necesidad de transformaciones sociales profundas ser\u00e1n un factor de presi\u00f3n popular insustituible para acometer un nuevo rumbo. Sin embargo, la impaciencia y las justas exigencias derivadas de ello podr\u00edan constituirse parad\u00f3jicamente, junto a las resistencias que colocar\u00e1 el poder concentrado establecido, en los principales escollos para el gobierno morenista.<\/p>\n<p>La obligaci\u00f3n de L\u00f3pez Obrador ser\u00e1 demostrar que no es una continuidad de la mentira pol\u00edtica. Esto deber\u00e1 manifestarse en revertir con la mayor rapidez posible la orientaci\u00f3n y los efectos del Pacto por M\u00e9xico, sellado en 2012. Dar un vuelco a la reforma educativa mercantilista, recuperar la soberan\u00eda energ\u00e9tica, arremeter contra la financiarizaci\u00f3n de la econom\u00eda, democratizar las telecomunicaciones, son en ello desaf\u00edos centrales. Pero sobre todo, emprender un programa de reformas econ\u00f3micas que independice a M\u00e9xico del brutal sometimiento a los EEUU, pa\u00eds al que env\u00eda un 73% del total de sus exportaciones.<\/p>\n<p>Del mismo modo, el inicio de un desarme progresivo de aparatos delictivos y de represi\u00f3n estatal c\u00f3mplice de aquellos, la emergencia de una cultura de derechos humanos y la recuperaci\u00f3n de la virtud en la esfera p\u00fablica estar\u00e1n entre sus retos m\u00e1s dif\u00edciles.<\/p>\n<p>A\u00fan m\u00e1s lento, aunque igualmente imperioso, ser\u00e1 el proceso de reconocimiento efectivo de los derechos de la pluriculturalidad de M\u00e9xico y la reivindicaci\u00f3n cultural de sus ra\u00edces, proceso de reconciliaci\u00f3n y autovaloraci\u00f3n que est\u00e1 pendiente tambi\u00e9n en vastas regiones de la Am\u00e9rica mestiza, negra y originaria.<\/p>\n<p>Nada de todo ello ser\u00e1 viable de un d\u00eda para el otro. Tampoco podr\u00e1 hacerse (o deshacerse) por completo en apenas un sexenio. Acaso lo m\u00e1s importante sea que el pueblo mexicano asuma, m\u00e1s all\u00e1 de voluntarismos y personalismos, que el acompa\u00f1amiento ciudadano organizado ser\u00e1 vital para cumplir con este programa.<\/p>\n<p><strong>Las esperanzas de integraci\u00f3n de Am\u00e9rica Latina y el Caribe est\u00e1n con AMLO<\/strong><\/p>\n<p>En un mundo en el que las tendencias retr\u00f3gradas y los neofascismos han tomado moment\u00e1neamente la delantera \u2013 en parte, como respuesta a una globalizaci\u00f3n econ\u00f3mica y cultural asfixiante \u2013 la victoria del lopezobradorismo representa una suerte de \u201cnacionalismo benigno\u201d, un intento de retomar la idea soberana de Estado, de insertar sus relaciones en sentido multilateral y volver a colocar a M\u00e9xico en la esfera de la integraci\u00f3n regional.<\/p>\n<p>Las fuerzas progresistas celebran la victoria de L\u00f3pez Obrador porque \u00e9sta implica el debilitamiento de uno de los principales gobiernos sat\u00e9lites del intervencionismo for\u00e1neo en Am\u00e9rica Latina y el Caribe, propulsado sobre todo por los Estados Unidos de Am\u00e9rica pero tambi\u00e9n por algunos gobiernos europeos.<\/p>\n<p>De particular importancia ser\u00e1 la defensa de la Paz en la regi\u00f3n. El nuevo gobierno en M\u00e9xico, en oposici\u00f3n a la postura tomada durante el sexenio que ahora llega a su fin, podr\u00eda convertirse en una suerte de mediador regional, amortiguando la andanada de acciones y sanciones del Norte, por ejemplo hacia Venezuela, Cuba o Nicaragua.<\/p>\n<p>Una postura mexicana de tales caracter\u00edsticas ser\u00eda no solamente solidaria con las naciones hermanas del Sur, sino tambi\u00e9n consistente con su tradici\u00f3n diplom\u00e1tica, de la cual emergieron tratados se\u00f1eros como el de Tlatelolco \u2013 vigente hasta la actualidad &#8211; a trav\u00e9s del cual Am\u00e9rica Latina y el Caribe se convirtieron en la primera zona libre de armas nucleares del mundo.<\/p>\n<p>De esa postura de di\u00e1logo y concertaci\u00f3n surgieron tambi\u00e9n las eficaces mediaciones del Grupo de Contadora, en el que M\u00e9xico, junto a Panam\u00e1, Colombia y Venezuela tuvieron un rol central en el logro de los acuerdos de Paz que pusieron fin a la guerra en Am\u00e9rica Central.<\/p>\n<p>Aquel grupo se transform\u00f3 posteriormente en el Grupo de R\u00edo, que fuera el antecedente inmediato de la creaci\u00f3n en 2011 de la Comunidad de Estados Latinoamericanos y Caribe\u00f1os (CELAC). Retomando aquella senda, L\u00f3pez Obrador podr\u00eda contribuir enormemente a vigorizar la hoy paralizada CELAC como contrapeso al instrumento de hegemon\u00eda controlado por EEUU que encarna la OEA.<\/p>\n<p>Por todo ello, la elecci\u00f3n de Andr\u00e9s Manuel Obrador como presidente es una oportunidad \u201cbien chingona\u201d para M\u00e9xico y los pueblos hermanos de la Am\u00e9rica Latina y el Caribe.<\/p>\n","protected":false},"excerpt":{"rendered":"<p>M\u00e9xico es, junto a Brasil, uno de los \u201chermanos mayores\u201d de Am\u00e9rica Latina y el Caribe. No solamente por su peso demogr\u00e1fico \u2013 sus 128 millones de habitantes representan un quinto del total poblacional de la regi\u00f3n \u2013 o por&hellip;<\/p>\n","protected":false},"author":970,"featured_media":667497,"comment_status":"closed","ping_status":"closed","sticky":false,"template":"","format":"standard","meta":{"footnotes":""},"categories":[11389,68,1242,161,74],"tags":[42960,441,42961,20867,43710],"class_list":["post-667496","post","type-post","status-publish","format-standard","has-post-thumbnail","hentry","category-contenido-original","category-norteamerica","category-noviolencia-tema","category-opiniones","category-politica-es","tag-amlo","tag-derechos-humanos","tag-elecciones-mexico-2018","tag-integracion-regional","tag-morena"],"yoast_head":"<!-- This site is optimized with the Yoast SEO plugin v27.1.1 - https:\/\/yoast.com\/product\/yoast-seo-wordpress\/ -->\n<title>La elecci\u00f3n de AMLO: Una oportunidad \u201cbien chingona\u201d para M\u00e9xico y Am\u00e9rica Latina<\/title>\n<meta name=\"description\" content=\"M\u00e9xico es, junto a Brasil, uno de los \u201chermanos mayores\u201d de Am\u00e9rica Latina y el Caribe. No solamente por su peso demogr\u00e1fico \u2013 sus 128 millones de\" \/>\n<meta name=\"robots\" content=\"index, follow, max-snippet:-1, max-image-preview:large, max-video-preview:-1\" \/>\n<link rel=\"canonical\" href=\"https:\/\/www.pressenza.com\/es\/2018\/07\/la-eleccion-de-amlo-una-oportunidad-bien-chingona-para-mexico-y-america-latina\/\" \/>\n<meta property=\"og:locale\" content=\"es_ES\" \/>\n<meta property=\"og:type\" content=\"article\" \/>\n<meta property=\"og:title\" content=\"La elecci\u00f3n de AMLO: Una oportunidad \u201cbien chingona\u201d para M\u00e9xico y Am\u00e9rica Latina\" \/>\n<meta property=\"og:description\" content=\"M\u00e9xico es, junto a Brasil, uno de los \u201chermanos mayores\u201d de Am\u00e9rica Latina y el Caribe. No solamente por su peso demogr\u00e1fico \u2013 sus 128 millones de\" \/>\n<meta property=\"og:url\" content=\"https:\/\/www.pressenza.com\/es\/2018\/07\/la-eleccion-de-amlo-una-oportunidad-bien-chingona-para-mexico-y-america-latina\/\" \/>\n<meta property=\"og:site_name\" content=\"Pressenza\" \/>\n<meta property=\"article:publisher\" content=\"https:\/\/www.facebook.com\/PressenzaItalia\" \/>\n<meta property=\"article:author\" content=\"https:\/\/www.facebook.com\/javier.tolcachier?fref=ts\" \/>\n<meta property=\"article:published_time\" content=\"2018-07-01T00:46:05+00:00\" \/>\n<meta property=\"og:image\" content=\"https:\/\/www.pressenza.com\/wp-content\/uploads\/2018\/07\/AMLO_Yautepec.jpg\" \/>\n\t<meta property=\"og:image:width\" content=\"2048\" \/>\n\t<meta property=\"og:image:height\" content=\"1357\" \/>\n\t<meta property=\"og:image:type\" content=\"image\/jpeg\" \/>\n<meta name=\"author\" content=\"Javier Tolcachier\" \/>\n<meta name=\"twitter:card\" content=\"summary_large_image\" \/>\n<meta name=\"twitter:creator\" content=\"@jtolcachier\" \/>\n<meta name=\"twitter:site\" content=\"@PressenzaIPA\" \/>\n<meta name=\"twitter:label1\" content=\"Escrito por\" \/>\n\t<meta name=\"twitter:data1\" content=\"Javier Tolcachier\" \/>\n\t<meta name=\"twitter:label2\" content=\"Tiempo de lectura\" \/>\n\t<meta name=\"twitter:data2\" content=\"7 minutos\" \/>\n<script type=\"application\/ld+json\" class=\"yoast-schema-graph\">{\"@context\":\"https:\/\/schema.org\",\"@graph\":[{\"@type\":\"Article\",\"@id\":\"https:\/\/www.pressenza.com\/es\/2018\/07\/la-eleccion-de-amlo-una-oportunidad-bien-chingona-para-mexico-y-america-latina\/#article\",\"isPartOf\":{\"@id\":\"https:\/\/www.pressenza.com\/es\/2018\/07\/la-eleccion-de-amlo-una-oportunidad-bien-chingona-para-mexico-y-america-latina\/\"},\"author\":{\"name\":\"Javier Tolcachier\",\"@id\":\"https:\/\/www.pressenza.com\/es\/#\/schema\/person\/f353f6d4eed144101dedba60e6227564\"},\"headline\":\"La elecci\u00f3n de AMLO: Una oportunidad \u201cbien chingona\u201d para M\u00e9xico y Am\u00e9rica Latina\",\"datePublished\":\"2018-07-01T00:46:05+00:00\",\"mainEntityOfPage\":{\"@id\":\"https:\/\/www.pressenza.com\/es\/2018\/07\/la-eleccion-de-amlo-una-oportunidad-bien-chingona-para-mexico-y-america-latina\/\"},\"wordCount\":1345,\"publisher\":{\"@id\":\"https:\/\/www.pressenza.com\/es\/#organization\"},\"image\":{\"@id\":\"https:\/\/www.pressenza.com\/es\/2018\/07\/la-eleccion-de-amlo-una-oportunidad-bien-chingona-para-mexico-y-america-latina\/#primaryimage\"},\"thumbnailUrl\":\"https:\/\/www.pressenza.com\/wp-content\/uploads\/2018\/07\/AMLO_Yautepec.jpg\",\"keywords\":[\"AMLO\",\"Derechos humanos\",\"Elecciones M\u00e9xico 2018\",\"integraci\u00f3n regional\",\"Morena\"],\"articleSection\":[\"Contenido Original\",\"Norteam\u00e9rica\",\"Noviolencia\",\"Opiniones\",\"Pol\u00edtica\"],\"inLanguage\":\"es\"},{\"@type\":\"WebPage\",\"@id\":\"https:\/\/www.pressenza.com\/es\/2018\/07\/la-eleccion-de-amlo-una-oportunidad-bien-chingona-para-mexico-y-america-latina\/\",\"url\":\"https:\/\/www.pressenza.com\/es\/2018\/07\/la-eleccion-de-amlo-una-oportunidad-bien-chingona-para-mexico-y-america-latina\/\",\"name\":\"La elecci\u00f3n de AMLO: Una oportunidad \u201cbien chingona\u201d para M\u00e9xico y Am\u00e9rica Latina\",\"isPartOf\":{\"@id\":\"https:\/\/www.pressenza.com\/es\/#website\"},\"primaryImageOfPage\":{\"@id\":\"https:\/\/www.pressenza.com\/es\/2018\/07\/la-eleccion-de-amlo-una-oportunidad-bien-chingona-para-mexico-y-america-latina\/#primaryimage\"},\"image\":{\"@id\":\"https:\/\/www.pressenza.com\/es\/2018\/07\/la-eleccion-de-amlo-una-oportunidad-bien-chingona-para-mexico-y-america-latina\/#primaryimage\"},\"thumbnailUrl\":\"https:\/\/www.pressenza.com\/wp-content\/uploads\/2018\/07\/AMLO_Yautepec.jpg\",\"datePublished\":\"2018-07-01T00:46:05+00:00\",\"description\":\"M\u00e9xico es, junto a Brasil, uno de los \u201chermanos mayores\u201d de Am\u00e9rica Latina y el Caribe. No solamente por su peso demogr\u00e1fico \u2013 sus 128 millones de\",\"breadcrumb\":{\"@id\":\"https:\/\/www.pressenza.com\/es\/2018\/07\/la-eleccion-de-amlo-una-oportunidad-bien-chingona-para-mexico-y-america-latina\/#breadcrumb\"},\"inLanguage\":\"es\",\"potentialAction\":[{\"@type\":\"ReadAction\",\"target\":[\"https:\/\/www.pressenza.com\/es\/2018\/07\/la-eleccion-de-amlo-una-oportunidad-bien-chingona-para-mexico-y-america-latina\/\"]}]},{\"@type\":\"ImageObject\",\"inLanguage\":\"es\",\"@id\":\"https:\/\/www.pressenza.com\/es\/2018\/07\/la-eleccion-de-amlo-una-oportunidad-bien-chingona-para-mexico-y-america-latina\/#primaryimage\",\"url\":\"https:\/\/www.pressenza.com\/wp-content\/uploads\/2018\/07\/AMLO_Yautepec.jpg\",\"contentUrl\":\"https:\/\/www.pressenza.com\/wp-content\/uploads\/2018\/07\/AMLO_Yautepec.jpg\",\"width\":2048,\"height\":1357},{\"@type\":\"BreadcrumbList\",\"@id\":\"https:\/\/www.pressenza.com\/es\/2018\/07\/la-eleccion-de-amlo-una-oportunidad-bien-chingona-para-mexico-y-america-latina\/#breadcrumb\",\"itemListElement\":[{\"@type\":\"ListItem\",\"position\":1,\"name\":\"Accueil\",\"item\":\"https:\/\/www.pressenza.com\/es\/\"},{\"@type\":\"ListItem\",\"position\":2,\"name\":\"La elecci\u00f3n de AMLO: Una oportunidad \u201cbien chingona\u201d para M\u00e9xico y Am\u00e9rica Latina\"}]},{\"@type\":\"WebSite\",\"@id\":\"https:\/\/www.pressenza.com\/es\/#website\",\"url\":\"https:\/\/www.pressenza.com\/es\/\",\"name\":\"Pressenza\",\"description\":\"International Press Agency\",\"publisher\":{\"@id\":\"https:\/\/www.pressenza.com\/es\/#organization\"},\"potentialAction\":[{\"@type\":\"SearchAction\",\"target\":{\"@type\":\"EntryPoint\",\"urlTemplate\":\"https:\/\/www.pressenza.com\/es\/?s={search_term_string}\"},\"query-input\":{\"@type\":\"PropertyValueSpecification\",\"valueRequired\":true,\"valueName\":\"search_term_string\"}}],\"inLanguage\":\"es\"},{\"@type\":\"Organization\",\"@id\":\"https:\/\/www.pressenza.com\/es\/#organization\",\"name\":\"Pressenza\",\"url\":\"https:\/\/www.pressenza.com\/es\/\",\"logo\":{\"@type\":\"ImageObject\",\"inLanguage\":\"es\",\"@id\":\"https:\/\/www.pressenza.com\/es\/#\/schema\/logo\/image\/\",\"url\":\"https:\/\/www.pressenza.com\/wp-content\/uploads\/2022\/10\/pressenza_logo_200x200.jpg\",\"contentUrl\":\"https:\/\/www.pressenza.com\/wp-content\/uploads\/2022\/10\/pressenza_logo_200x200.jpg\",\"width\":200,\"height\":200,\"caption\":\"Pressenza\"},\"image\":{\"@id\":\"https:\/\/www.pressenza.com\/es\/#\/schema\/logo\/image\/\"},\"sameAs\":[\"https:\/\/www.facebook.com\/PressenzaItalia\",\"https:\/\/x.com\/PressenzaIPA\"]},{\"@type\":\"Person\",\"@id\":\"https:\/\/www.pressenza.com\/es\/#\/schema\/person\/f353f6d4eed144101dedba60e6227564\",\"name\":\"Javier Tolcachier\",\"description\":\"Javier Tolcachier is a researcher from the World Centre of Humanist Studies, an organism of the Humanist Movement. Mail: javiertolcachier@disroot.org Twitter: @jtolcachier\",\"sameAs\":[\"https:\/\/www.facebook.com\/javier.tolcachier?fref=ts\",\"https:\/\/x.com\/jtolcachier\"],\"url\":\"https:\/\/www.pressenza.com\/es\/author\/javier-tolcachier\/\"}]}<\/script>\n<!-- \/ Yoast SEO plugin. -->","yoast_head_json":{"title":"La elecci\u00f3n de AMLO: Una oportunidad \u201cbien chingona\u201d para M\u00e9xico y Am\u00e9rica Latina","description":"M\u00e9xico es, junto a Brasil, uno de los \u201chermanos mayores\u201d de Am\u00e9rica Latina y el Caribe. No solamente por su peso demogr\u00e1fico \u2013 sus 128 millones de","robots":{"index":"index","follow":"follow","max-snippet":"max-snippet:-1","max-image-preview":"max-image-preview:large","max-video-preview":"max-video-preview:-1"},"canonical":"https:\/\/www.pressenza.com\/es\/2018\/07\/la-eleccion-de-amlo-una-oportunidad-bien-chingona-para-mexico-y-america-latina\/","og_locale":"es_ES","og_type":"article","og_title":"La elecci\u00f3n de AMLO: Una oportunidad \u201cbien chingona\u201d para M\u00e9xico y Am\u00e9rica Latina","og_description":"M\u00e9xico es, junto a Brasil, uno de los \u201chermanos mayores\u201d de Am\u00e9rica Latina y el Caribe. No solamente por su peso demogr\u00e1fico \u2013 sus 128 millones de","og_url":"https:\/\/www.pressenza.com\/es\/2018\/07\/la-eleccion-de-amlo-una-oportunidad-bien-chingona-para-mexico-y-america-latina\/","og_site_name":"Pressenza","article_publisher":"https:\/\/www.facebook.com\/PressenzaItalia","article_author":"https:\/\/www.facebook.com\/javier.tolcachier?fref=ts","article_published_time":"2018-07-01T00:46:05+00:00","og_image":[{"width":2048,"height":1357,"url":"https:\/\/www.pressenza.com\/wp-content\/uploads\/2018\/07\/AMLO_Yautepec.jpg","type":"image\/jpeg"}],"author":"Javier Tolcachier","twitter_card":"summary_large_image","twitter_creator":"@jtolcachier","twitter_site":"@PressenzaIPA","twitter_misc":{"Escrito por":"Javier Tolcachier","Tiempo de lectura":"7 minutos"},"schema":{"@context":"https:\/\/schema.org","@graph":[{"@type":"Article","@id":"https:\/\/www.pressenza.com\/es\/2018\/07\/la-eleccion-de-amlo-una-oportunidad-bien-chingona-para-mexico-y-america-latina\/#article","isPartOf":{"@id":"https:\/\/www.pressenza.com\/es\/2018\/07\/la-eleccion-de-amlo-una-oportunidad-bien-chingona-para-mexico-y-america-latina\/"},"author":{"name":"Javier Tolcachier","@id":"https:\/\/www.pressenza.com\/es\/#\/schema\/person\/f353f6d4eed144101dedba60e6227564"},"headline":"La elecci\u00f3n de AMLO: Una oportunidad \u201cbien chingona\u201d para M\u00e9xico y Am\u00e9rica Latina","datePublished":"2018-07-01T00:46:05+00:00","mainEntityOfPage":{"@id":"https:\/\/www.pressenza.com\/es\/2018\/07\/la-eleccion-de-amlo-una-oportunidad-bien-chingona-para-mexico-y-america-latina\/"},"wordCount":1345,"publisher":{"@id":"https:\/\/www.pressenza.com\/es\/#organization"},"image":{"@id":"https:\/\/www.pressenza.com\/es\/2018\/07\/la-eleccion-de-amlo-una-oportunidad-bien-chingona-para-mexico-y-america-latina\/#primaryimage"},"thumbnailUrl":"https:\/\/www.pressenza.com\/wp-content\/uploads\/2018\/07\/AMLO_Yautepec.jpg","keywords":["AMLO","Derechos humanos","Elecciones M\u00e9xico 2018","integraci\u00f3n regional","Morena"],"articleSection":["Contenido Original","Norteam\u00e9rica","Noviolencia","Opiniones","Pol\u00edtica"],"inLanguage":"es"},{"@type":"WebPage","@id":"https:\/\/www.pressenza.com\/es\/2018\/07\/la-eleccion-de-amlo-una-oportunidad-bien-chingona-para-mexico-y-america-latina\/","url":"https:\/\/www.pressenza.com\/es\/2018\/07\/la-eleccion-de-amlo-una-oportunidad-bien-chingona-para-mexico-y-america-latina\/","name":"La elecci\u00f3n de AMLO: Una oportunidad \u201cbien chingona\u201d para M\u00e9xico y Am\u00e9rica Latina","isPartOf":{"@id":"https:\/\/www.pressenza.com\/es\/#website"},"primaryImageOfPage":{"@id":"https:\/\/www.pressenza.com\/es\/2018\/07\/la-eleccion-de-amlo-una-oportunidad-bien-chingona-para-mexico-y-america-latina\/#primaryimage"},"image":{"@id":"https:\/\/www.pressenza.com\/es\/2018\/07\/la-eleccion-de-amlo-una-oportunidad-bien-chingona-para-mexico-y-america-latina\/#primaryimage"},"thumbnailUrl":"https:\/\/www.pressenza.com\/wp-content\/uploads\/2018\/07\/AMLO_Yautepec.jpg","datePublished":"2018-07-01T00:46:05+00:00","description":"M\u00e9xico es, junto a Brasil, uno de los \u201chermanos mayores\u201d de Am\u00e9rica Latina y el Caribe. No solamente por su peso demogr\u00e1fico \u2013 sus 128 millones de","breadcrumb":{"@id":"https:\/\/www.pressenza.com\/es\/2018\/07\/la-eleccion-de-amlo-una-oportunidad-bien-chingona-para-mexico-y-america-latina\/#breadcrumb"},"inLanguage":"es","potentialAction":[{"@type":"ReadAction","target":["https:\/\/www.pressenza.com\/es\/2018\/07\/la-eleccion-de-amlo-una-oportunidad-bien-chingona-para-mexico-y-america-latina\/"]}]},{"@type":"ImageObject","inLanguage":"es","@id":"https:\/\/www.pressenza.com\/es\/2018\/07\/la-eleccion-de-amlo-una-oportunidad-bien-chingona-para-mexico-y-america-latina\/#primaryimage","url":"https:\/\/www.pressenza.com\/wp-content\/uploads\/2018\/07\/AMLO_Yautepec.jpg","contentUrl":"https:\/\/www.pressenza.com\/wp-content\/uploads\/2018\/07\/AMLO_Yautepec.jpg","width":2048,"height":1357},{"@type":"BreadcrumbList","@id":"https:\/\/www.pressenza.com\/es\/2018\/07\/la-eleccion-de-amlo-una-oportunidad-bien-chingona-para-mexico-y-america-latina\/#breadcrumb","itemListElement":[{"@type":"ListItem","position":1,"name":"Accueil","item":"https:\/\/www.pressenza.com\/es\/"},{"@type":"ListItem","position":2,"name":"La elecci\u00f3n de AMLO: Una oportunidad \u201cbien chingona\u201d para M\u00e9xico y Am\u00e9rica Latina"}]},{"@type":"WebSite","@id":"https:\/\/www.pressenza.com\/es\/#website","url":"https:\/\/www.pressenza.com\/es\/","name":"Pressenza","description":"International Press Agency","publisher":{"@id":"https:\/\/www.pressenza.com\/es\/#organization"},"potentialAction":[{"@type":"SearchAction","target":{"@type":"EntryPoint","urlTemplate":"https:\/\/www.pressenza.com\/es\/?s={search_term_string}"},"query-input":{"@type":"PropertyValueSpecification","valueRequired":true,"valueName":"search_term_string"}}],"inLanguage":"es"},{"@type":"Organization","@id":"https:\/\/www.pressenza.com\/es\/#organization","name":"Pressenza","url":"https:\/\/www.pressenza.com\/es\/","logo":{"@type":"ImageObject","inLanguage":"es","@id":"https:\/\/www.pressenza.com\/es\/#\/schema\/logo\/image\/","url":"https:\/\/www.pressenza.com\/wp-content\/uploads\/2022\/10\/pressenza_logo_200x200.jpg","contentUrl":"https:\/\/www.pressenza.com\/wp-content\/uploads\/2022\/10\/pressenza_logo_200x200.jpg","width":200,"height":200,"caption":"Pressenza"},"image":{"@id":"https:\/\/www.pressenza.com\/es\/#\/schema\/logo\/image\/"},"sameAs":["https:\/\/www.facebook.com\/PressenzaItalia","https:\/\/x.com\/PressenzaIPA"]},{"@type":"Person","@id":"https:\/\/www.pressenza.com\/es\/#\/schema\/person\/f353f6d4eed144101dedba60e6227564","name":"Javier Tolcachier","description":"Javier Tolcachier is a researcher from the World Centre of Humanist Studies, an organism of the Humanist Movement. Mail: javiertolcachier@disroot.org Twitter: @jtolcachier","sameAs":["https:\/\/www.facebook.com\/javier.tolcachier?fref=ts","https:\/\/x.com\/jtolcachier"],"url":"https:\/\/www.pressenza.com\/es\/author\/javier-tolcachier\/"}]}},"place":"M\u00e9xico","original_article_url":"","_links":{"self":[{"href":"https:\/\/www.pressenza.com\/es\/wp-json\/wp\/v2\/posts\/667496","targetHints":{"allow":["GET"]}}],"collection":[{"href":"https:\/\/www.pressenza.com\/es\/wp-json\/wp\/v2\/posts"}],"about":[{"href":"https:\/\/www.pressenza.com\/es\/wp-json\/wp\/v2\/types\/post"}],"author":[{"embeddable":true,"href":"https:\/\/www.pressenza.com\/es\/wp-json\/wp\/v2\/users\/970"}],"replies":[{"embeddable":true,"href":"https:\/\/www.pressenza.com\/es\/wp-json\/wp\/v2\/comments?post=667496"}],"version-history":[{"count":0,"href":"https:\/\/www.pressenza.com\/es\/wp-json\/wp\/v2\/posts\/667496\/revisions"}],"wp:featuredmedia":[{"embeddable":true,"href":"https:\/\/www.pressenza.com\/es\/wp-json\/wp\/v2\/media\/667497"}],"wp:attachment":[{"href":"https:\/\/www.pressenza.com\/es\/wp-json\/wp\/v2\/media?parent=667496"}],"wp:term":[{"taxonomy":"category","embeddable":true,"href":"https:\/\/www.pressenza.com\/es\/wp-json\/wp\/v2\/categories?post=667496"},{"taxonomy":"post_tag","embeddable":true,"href":"https:\/\/www.pressenza.com\/es\/wp-json\/wp\/v2\/tags?post=667496"}],"curies":[{"name":"wp","href":"https:\/\/api.w.org\/{rel}","templated":true}]}}