{"id":667,"date":"2009-07-07T00:00:00","date_gmt":"2009-07-07T00:00:00","guid":{"rendered":""},"modified":"2009-07-07T14:51:28","modified_gmt":"2009-07-07T14:51:28","slug":"obamax-xentendemos-las-consecuencias-terribles-de-las-guerrasxx","status":"publish","type":"post","link":"https:\/\/www.pressenza.com\/es\/2009\/07\/obamax-xentendemos-las-consecuencias-terribles-de-las-guerrasxx\/","title":{"rendered":"Obama: \u00abentendemos las consecuencias terribles de las guerras\u00bb."},"content":{"rendered":"<p>El mandatario norteamericano asegur\u00f3 a los estudiantes que son *\u00bbla \u00faltima generaci\u00f3n\u00bb* nacida en *\u00bbun mundo dividido\u00bb*.<\/p>\n<p>Dijo que su pa\u00eds y Rusia tienen *\u00bbintereses compartidos\u00bb* y que a ninguno de los dos le conven\u00eda una carrera armamentista nuclear en Asia o Medio Oriente.<\/p>\n<p>Estados Unidos quiere una Rusia *\u00bbfuerte, pac\u00edfica y pr\u00f3spera\u00bb*, asegur\u00f3 Obama y a\u00f1adi\u00f3 que las relaciones ser\u00edan m\u00e1s s\u00f3lidas si Rusia *\u00bbocupa el lugar que le corresponde como gran potencia\u00bb*.<\/p>\n","protected":false},"excerpt":{"rendered":"<p>Hablando ante j\u00f3venes graduados de la Nueva Escuela de Econom\u00eda, en Mosc\u00fa, el presidente de Estados Unidos, Barack Obama, urgi\u00f3 a Rusia a olvidar el pasado, destacando que los estadounidenses y rusos \u00abtuvieron el poder de destruir naciones, pero en 2009 nuestra herencia es diferente\u00bb.<\/p>\n","protected":false},"author":19,"featured_media":0,"comment_status":"closed","ping_status":"open","sticky":false,"template":"","format":"standard","meta":{"footnotes":""},"categories":[66,39,161,74],"tags":[],"class_list":["post-667","post","type-post","status-publish","format-standard","hentry","category-europa-es","category-internacional","category-opiniones","category-politica-es"],"yoast_head":"<!-- This site is optimized with the Yoast SEO plugin v27.1.1 - https:\/\/yoast.com\/product\/yoast-seo-wordpress\/ -->\n<title>Obama: &quot;entendemos las consecuencias terribles de las guerras&quot;.<\/title>\n<meta name=\"description\" content=\"Hablando ante j\u00f3venes graduados de la Nueva Escuela de Econom\u00eda, en Mosc\u00fa, el presidente de Estados Unidos, Barack Obama, urgi\u00f3 a Rusia a olvidar el pasado, destacando que los estadounidenses y rusos &quot;tuvieron el poder de destruir naciones, pero en 2009 nuestra herencia es diferente&quot;.\" \/>\n<meta name=\"robots\" content=\"index, follow, max-snippet:-1, max-image-preview:large, max-video-preview:-1\" \/>\n<link rel=\"canonical\" href=\"https:\/\/www.pressenza.com\/es\/2009\/07\/obamax-xentendemos-las-consecuencias-terribles-de-las-guerrasxx\/\" \/>\n<meta property=\"og:locale\" content=\"es_ES\" \/>\n<meta property=\"og:type\" content=\"article\" \/>\n<meta property=\"og:title\" content=\"Obama: &quot;entendemos las consecuencias terribles de las guerras&quot;.\" \/>\n<meta property=\"og:description\" content=\"Hablando ante j\u00f3venes graduados de la Nueva Escuela de Econom\u00eda, en Mosc\u00fa, el presidente de Estados Unidos, Barack Obama, urgi\u00f3 a Rusia a olvidar el pasado, destacando que los estadounidenses y rusos &quot;tuvieron el poder de destruir naciones, pero en 2009 nuestra herencia es diferente&quot;.\" \/>\n<meta property=\"og:url\" content=\"https:\/\/www.pressenza.com\/es\/2009\/07\/obamax-xentendemos-las-consecuencias-terribles-de-las-guerrasxx\/\" \/>\n<meta property=\"og:site_name\" content=\"Pressenza\" \/>\n<meta property=\"article:publisher\" content=\"https:\/\/www.facebook.com\/PressenzaItalia\" \/>\n<meta property=\"article:author\" content=\"https:\/\/www.facebook.com\/pressenza\" \/>\n<meta property=\"article:published_time\" content=\"2009-07-07T00:00:00+00:00\" \/>\n<meta property=\"article:modified_time\" content=\"2009-07-07T14:51:28+00:00\" \/>\n<meta name=\"author\" content=\"Pressenza IPA\" \/>\n<meta name=\"twitter:card\" content=\"summary_large_image\" \/>\n<meta name=\"twitter:creator\" content=\"@PressenzaIPA\" \/>\n<meta name=\"twitter:site\" content=\"@PressenzaIPA\" \/>\n<meta name=\"twitter:label1\" content=\"Escrito por\" \/>\n\t<meta name=\"twitter:data1\" content=\"Pressenza IPA\" \/>\n<script type=\"application\/ld+json\" class=\"yoast-schema-graph\">{\"@context\":\"https:\/\/schema.org\",\"@graph\":[{\"@type\":\"Article\",\"@id\":\"https:\/\/www.pressenza.com\/es\/2009\/07\/obamax-xentendemos-las-consecuencias-terribles-de-las-guerrasxx\/#article\",\"isPartOf\":{\"@id\":\"https:\/\/www.pressenza.com\/es\/2009\/07\/obamax-xentendemos-las-consecuencias-terribles-de-las-guerrasxx\/\"},\"author\":{\"name\":\"Pressenza IPA\",\"@id\":\"https:\/\/www.pressenza.com\/es\/#\/schema\/person\/010e5d02bcf40965427a1289a4cc8d75\"},\"headline\":\"Obama: \u00abentendemos las consecuencias terribles de las guerras\u00bb.\",\"datePublished\":\"2009-07-07T00:00:00+00:00\",\"dateModified\":\"2009-07-07T14:51:28+00:00\",\"mainEntityOfPage\":{\"@id\":\"https:\/\/www.pressenza.com\/es\/2009\/07\/obamax-xentendemos-las-consecuencias-terribles-de-las-guerrasxx\/\"},\"wordCount\":91,\"publisher\":{\"@id\":\"https:\/\/www.pressenza.com\/es\/#organization\"},\"articleSection\":[\"Europa\",\"Internacional\",\"Opiniones\",\"Pol\u00edtica\"],\"inLanguage\":\"es\"},{\"@type\":\"WebPage\",\"@id\":\"https:\/\/www.pressenza.com\/es\/2009\/07\/obamax-xentendemos-las-consecuencias-terribles-de-las-guerrasxx\/\",\"url\":\"https:\/\/www.pressenza.com\/es\/2009\/07\/obamax-xentendemos-las-consecuencias-terribles-de-las-guerrasxx\/\",\"name\":\"Obama: \\\"entendemos las consecuencias terribles de las guerras\\\".\",\"isPartOf\":{\"@id\":\"https:\/\/www.pressenza.com\/es\/#website\"},\"datePublished\":\"2009-07-07T00:00:00+00:00\",\"dateModified\":\"2009-07-07T14:51:28+00:00\",\"description\":\"Hablando ante j\u00f3venes graduados de la Nueva Escuela de Econom\u00eda, en Mosc\u00fa, el presidente de Estados Unidos, Barack Obama, urgi\u00f3 a Rusia a olvidar el pasado, destacando que los estadounidenses y rusos \\\"tuvieron el poder de destruir naciones, pero en 2009 nuestra herencia es diferente\\\".\",\"breadcrumb\":{\"@id\":\"https:\/\/www.pressenza.com\/es\/2009\/07\/obamax-xentendemos-las-consecuencias-terribles-de-las-guerrasxx\/#breadcrumb\"},\"inLanguage\":\"es\",\"potentialAction\":[{\"@type\":\"ReadAction\",\"target\":[\"https:\/\/www.pressenza.com\/es\/2009\/07\/obamax-xentendemos-las-consecuencias-terribles-de-las-guerrasxx\/\"]}]},{\"@type\":\"BreadcrumbList\",\"@id\":\"https:\/\/www.pressenza.com\/es\/2009\/07\/obamax-xentendemos-las-consecuencias-terribles-de-las-guerrasxx\/#breadcrumb\",\"itemListElement\":[{\"@type\":\"ListItem\",\"position\":1,\"name\":\"Accueil\",\"item\":\"https:\/\/www.pressenza.com\/es\/\"},{\"@type\":\"ListItem\",\"position\":2,\"name\":\"Obama: \u00abentendemos las consecuencias terribles de las guerras\u00bb.\"}]},{\"@type\":\"WebSite\",\"@id\":\"https:\/\/www.pressenza.com\/es\/#website\",\"url\":\"https:\/\/www.pressenza.com\/es\/\",\"name\":\"Pressenza\",\"description\":\"International Press Agency\",\"publisher\":{\"@id\":\"https:\/\/www.pressenza.com\/es\/#organization\"},\"potentialAction\":[{\"@type\":\"SearchAction\",\"target\":{\"@type\":\"EntryPoint\",\"urlTemplate\":\"https:\/\/www.pressenza.com\/es\/?s={search_term_string}\"},\"query-input\":{\"@type\":\"PropertyValueSpecification\",\"valueRequired\":true,\"valueName\":\"search_term_string\"}}],\"inLanguage\":\"es\"},{\"@type\":\"Organization\",\"@id\":\"https:\/\/www.pressenza.com\/es\/#organization\",\"name\":\"Pressenza\",\"url\":\"https:\/\/www.pressenza.com\/es\/\",\"logo\":{\"@type\":\"ImageObject\",\"inLanguage\":\"es\",\"@id\":\"https:\/\/www.pressenza.com\/es\/#\/schema\/logo\/image\/\",\"url\":\"https:\/\/www.pressenza.com\/wp-content\/uploads\/2022\/10\/pressenza_logo_200x200.jpg\",\"contentUrl\":\"https:\/\/www.pressenza.com\/wp-content\/uploads\/2022\/10\/pressenza_logo_200x200.jpg\",\"width\":200,\"height\":200,\"caption\":\"Pressenza\"},\"image\":{\"@id\":\"https:\/\/www.pressenza.com\/es\/#\/schema\/logo\/image\/\"},\"sameAs\":[\"https:\/\/www.facebook.com\/PressenzaItalia\",\"https:\/\/x.com\/PressenzaIPA\"]},{\"@type\":\"Person\",\"@id\":\"https:\/\/www.pressenza.com\/es\/#\/schema\/person\/010e5d02bcf40965427a1289a4cc8d75\",\"name\":\"Pressenza IPA\",\"description\":\"News from Pressenza IPA correspondents\",\"sameAs\":[\"https:\/\/www.facebook.com\/pressenza\",\"https:\/\/x.com\/PressenzaIPA\"],\"url\":\"https:\/\/www.pressenza.com\/es\/author\/pressenza-ipa\/\"}]}<\/script>\n<!-- \/ Yoast SEO plugin. -->","yoast_head_json":{"title":"Obama: \"entendemos las consecuencias terribles de las guerras\".","description":"Hablando ante j\u00f3venes graduados de la Nueva Escuela de Econom\u00eda, en Mosc\u00fa, el presidente de Estados Unidos, Barack Obama, urgi\u00f3 a Rusia a olvidar el pasado, destacando que los estadounidenses y rusos \"tuvieron el poder de destruir naciones, pero en 2009 nuestra herencia es diferente\".","robots":{"index":"index","follow":"follow","max-snippet":"max-snippet:-1","max-image-preview":"max-image-preview:large","max-video-preview":"max-video-preview:-1"},"canonical":"https:\/\/www.pressenza.com\/es\/2009\/07\/obamax-xentendemos-las-consecuencias-terribles-de-las-guerrasxx\/","og_locale":"es_ES","og_type":"article","og_title":"Obama: \"entendemos las consecuencias terribles de las guerras\".","og_description":"Hablando ante j\u00f3venes graduados de la Nueva Escuela de Econom\u00eda, en Mosc\u00fa, el presidente de Estados Unidos, Barack Obama, urgi\u00f3 a Rusia a olvidar el pasado, destacando que los estadounidenses y rusos \"tuvieron el poder de destruir naciones, pero en 2009 nuestra herencia es diferente\".","og_url":"https:\/\/www.pressenza.com\/es\/2009\/07\/obamax-xentendemos-las-consecuencias-terribles-de-las-guerrasxx\/","og_site_name":"Pressenza","article_publisher":"https:\/\/www.facebook.com\/PressenzaItalia","article_author":"https:\/\/www.facebook.com\/pressenza","article_published_time":"2009-07-07T00:00:00+00:00","article_modified_time":"2009-07-07T14:51:28+00:00","author":"Pressenza IPA","twitter_card":"summary_large_image","twitter_creator":"@PressenzaIPA","twitter_site":"@PressenzaIPA","twitter_misc":{"Escrito por":"Pressenza IPA"},"schema":{"@context":"https:\/\/schema.org","@graph":[{"@type":"Article","@id":"https:\/\/www.pressenza.com\/es\/2009\/07\/obamax-xentendemos-las-consecuencias-terribles-de-las-guerrasxx\/#article","isPartOf":{"@id":"https:\/\/www.pressenza.com\/es\/2009\/07\/obamax-xentendemos-las-consecuencias-terribles-de-las-guerrasxx\/"},"author":{"name":"Pressenza IPA","@id":"https:\/\/www.pressenza.com\/es\/#\/schema\/person\/010e5d02bcf40965427a1289a4cc8d75"},"headline":"Obama: \u00abentendemos las consecuencias terribles de las guerras\u00bb.","datePublished":"2009-07-07T00:00:00+00:00","dateModified":"2009-07-07T14:51:28+00:00","mainEntityOfPage":{"@id":"https:\/\/www.pressenza.com\/es\/2009\/07\/obamax-xentendemos-las-consecuencias-terribles-de-las-guerrasxx\/"},"wordCount":91,"publisher":{"@id":"https:\/\/www.pressenza.com\/es\/#organization"},"articleSection":["Europa","Internacional","Opiniones","Pol\u00edtica"],"inLanguage":"es"},{"@type":"WebPage","@id":"https:\/\/www.pressenza.com\/es\/2009\/07\/obamax-xentendemos-las-consecuencias-terribles-de-las-guerrasxx\/","url":"https:\/\/www.pressenza.com\/es\/2009\/07\/obamax-xentendemos-las-consecuencias-terribles-de-las-guerrasxx\/","name":"Obama: \"entendemos las consecuencias terribles de las guerras\".","isPartOf":{"@id":"https:\/\/www.pressenza.com\/es\/#website"},"datePublished":"2009-07-07T00:00:00+00:00","dateModified":"2009-07-07T14:51:28+00:00","description":"Hablando ante j\u00f3venes graduados de la Nueva Escuela de Econom\u00eda, en Mosc\u00fa, el presidente de Estados Unidos, Barack Obama, urgi\u00f3 a Rusia a olvidar el pasado, destacando que los estadounidenses y rusos \"tuvieron el poder de destruir naciones, pero en 2009 nuestra herencia es diferente\".","breadcrumb":{"@id":"https:\/\/www.pressenza.com\/es\/2009\/07\/obamax-xentendemos-las-consecuencias-terribles-de-las-guerrasxx\/#breadcrumb"},"inLanguage":"es","potentialAction":[{"@type":"ReadAction","target":["https:\/\/www.pressenza.com\/es\/2009\/07\/obamax-xentendemos-las-consecuencias-terribles-de-las-guerrasxx\/"]}]},{"@type":"BreadcrumbList","@id":"https:\/\/www.pressenza.com\/es\/2009\/07\/obamax-xentendemos-las-consecuencias-terribles-de-las-guerrasxx\/#breadcrumb","itemListElement":[{"@type":"ListItem","position":1,"name":"Accueil","item":"https:\/\/www.pressenza.com\/es\/"},{"@type":"ListItem","position":2,"name":"Obama: \u00abentendemos las consecuencias terribles de las guerras\u00bb."}]},{"@type":"WebSite","@id":"https:\/\/www.pressenza.com\/es\/#website","url":"https:\/\/www.pressenza.com\/es\/","name":"Pressenza","description":"International Press Agency","publisher":{"@id":"https:\/\/www.pressenza.com\/es\/#organization"},"potentialAction":[{"@type":"SearchAction","target":{"@type":"EntryPoint","urlTemplate":"https:\/\/www.pressenza.com\/es\/?s={search_term_string}"},"query-input":{"@type":"PropertyValueSpecification","valueRequired":true,"valueName":"search_term_string"}}],"inLanguage":"es"},{"@type":"Organization","@id":"https:\/\/www.pressenza.com\/es\/#organization","name":"Pressenza","url":"https:\/\/www.pressenza.com\/es\/","logo":{"@type":"ImageObject","inLanguage":"es","@id":"https:\/\/www.pressenza.com\/es\/#\/schema\/logo\/image\/","url":"https:\/\/www.pressenza.com\/wp-content\/uploads\/2022\/10\/pressenza_logo_200x200.jpg","contentUrl":"https:\/\/www.pressenza.com\/wp-content\/uploads\/2022\/10\/pressenza_logo_200x200.jpg","width":200,"height":200,"caption":"Pressenza"},"image":{"@id":"https:\/\/www.pressenza.com\/es\/#\/schema\/logo\/image\/"},"sameAs":["https:\/\/www.facebook.com\/PressenzaItalia","https:\/\/x.com\/PressenzaIPA"]},{"@type":"Person","@id":"https:\/\/www.pressenza.com\/es\/#\/schema\/person\/010e5d02bcf40965427a1289a4cc8d75","name":"Pressenza IPA","description":"News from Pressenza IPA correspondents","sameAs":["https:\/\/www.facebook.com\/pressenza","https:\/\/x.com\/PressenzaIPA"],"url":"https:\/\/www.pressenza.com\/es\/author\/pressenza-ipa\/"}]}},"place":"Mosc\u00fa","original_article_url":"","_links":{"self":[{"href":"https:\/\/www.pressenza.com\/es\/wp-json\/wp\/v2\/posts\/667","targetHints":{"allow":["GET"]}}],"collection":[{"href":"https:\/\/www.pressenza.com\/es\/wp-json\/wp\/v2\/posts"}],"about":[{"href":"https:\/\/www.pressenza.com\/es\/wp-json\/wp\/v2\/types\/post"}],"author":[{"embeddable":true,"href":"https:\/\/www.pressenza.com\/es\/wp-json\/wp\/v2\/users\/19"}],"replies":[{"embeddable":true,"href":"https:\/\/www.pressenza.com\/es\/wp-json\/wp\/v2\/comments?post=667"}],"version-history":[{"count":0,"href":"https:\/\/www.pressenza.com\/es\/wp-json\/wp\/v2\/posts\/667\/revisions"}],"wp:attachment":[{"href":"https:\/\/www.pressenza.com\/es\/wp-json\/wp\/v2\/media?parent=667"}],"wp:term":[{"taxonomy":"category","embeddable":true,"href":"https:\/\/www.pressenza.com\/es\/wp-json\/wp\/v2\/categories?post=667"},{"taxonomy":"post_tag","embeddable":true,"href":"https:\/\/www.pressenza.com\/es\/wp-json\/wp\/v2\/tags?post=667"}],"curies":[{"name":"wp","href":"https:\/\/api.w.org\/{rel}","templated":true}]}}