{"id":664318,"date":"2018-06-27T00:45:03","date_gmt":"2018-06-26T23:45:03","guid":{"rendered":"https:\/\/www.pressenza.com\/?p=664318"},"modified":"2018-06-27T17:29:58","modified_gmt":"2018-06-27T16:29:58","slug":"hay-que-degollar-al-fotografo","status":"publish","type":"post","link":"https:\/\/www.pressenza.com\/es\/2018\/06\/hay-que-degollar-al-fotografo\/","title":{"rendered":"\u00a1Hay que degollar al fot\u00f3grafo!"},"content":{"rendered":"<h4>Desaparici\u00f3n forzada: caso Daniel Solano<\/h4>\n<p>Fiske Menuko, Puel Mapu. El fot\u00f3grafo observa y lee. \u201c<em>\u00a1El ejercicio de un fot\u00f3grafo es la observaci\u00f3n y la lectura!\u201d<\/em>. Desde este principio parte tambi\u00e9n el fotoperiodista o reportero gr\u00e1fico, con la particularidad e intensi\u00f3n de siempre registrar con un fin documental. Eso que se registra es un documento de transcendencia hist\u00f3rica. El fot\u00f3grafo est\u00e1 atento a los gestos, a los movimientos que transitan frente a \u00e9l y que delatan un cambio, un hecho particular, la poes\u00eda de las cosas, la identidad de los escenarios y los protagonistas de los mismos. El fotoperiodista, como documentalista e historiador, se encarga de observar, leer y registrar los signos visuales, los gestos y los sucesos sociales que pueden caracterizar un espacio, un momento y\/o un grupo de personas determinado. El fotoperiodista tiene la dif\u00edcil misi\u00f3n de condensar esa caracterizaci\u00f3n (identitaria) compleja, diversa e interminable en una imagen o en una serie de im\u00e1genes documentales. \u00bfQu\u00e9 o qui\u00e9n(es) avala(n) y permite(n) que un imputado, acusado de desaparecer y asesinar a un joven originario, amenace de muerte, dentro de una audiencia judicial (donde es juzgado por el primer crimen), a un fotoperiodista? \u00bfEl acto se concentra s\u00f3lo en un entorpecimiento del proceso judicial o tambi\u00e9n coloca en evidencia el respaldo t\u00e1cito del que gozan los victimarios para cometer y protagonizar c\u00f3modamente este tipo de actos? \u00bfQu\u00e9 o qui\u00e9n(es) permite(n) que los 7 imputados de la causa Solano transiten las audiencias como si fueran los observadores de un partido de f\u00fatbol? \u00bfQu\u00e9 posici\u00f3n asumir\u00e1n los jueces ante las burlas y las amenazas, tanto dentro como fuera de la sala judicial, que protagoniz\u00f3 Juan Barrera en la \u00faltima audiencia? \u00bfLos jueces determinar\u00e1n que este polic\u00eda imputado pase la prisi\u00f3n preventiva dentro de la c\u00e1rcel hasta obtener una sentencia firme? \u00bfO avalar\u00e1n que uno de los \u00fanicos observadores internacionales del caso (que ha estado en cada una de las casi 30 audiencias) sea degollado (literal o metaf\u00f3ricamente), impidiendo de esta manera que relate lo que ve, en un contexto social en donde la labor de un fotoperiodista vale menos que el precio de una bala?<\/p>\n<h4>Introducci\u00f3n<\/h4>\n<p>En la audiencia n\u00famero 28 del juicio por la desaparici\u00f3n y el homicidio de Daniel Solano declararon s\u00f3lo 4 personas, entre ellas la t\u00eda de Daniel Solano y una joven estudiante de turismo que vio como sacaron a Daniel Solano de Macuba la madrugada del 5 de noviembre de 2011. Tambi\u00e9n declar\u00f3 un camionero (que en su primera declaraci\u00f3n hab\u00eda indicado que hab\u00eda visto a Daniel caminando por una ruta). Complet\u00f3 la lista una mujer que escuch\u00f3 una conversaci\u00f3n en un cumplea\u00f1os (ya mencionado en la causa) en donde se asegura que fueron los polic\u00edas los que mataron a Daniel.<\/p>\n<h4>Ki\u00f1e.\u00a0Uno<\/h4>\n<p><strong>La hermana de Gualberto<\/strong><\/p>\n<p>Maira Solano es la hermana de Gualberto Solano. Ella fue una de las primeras personas de la familia que se enter\u00f3 de la desaparici\u00f3n de su sobrino, y fue una de las primeras personas que viaj\u00f3 a R\u00edo Negro para buscarlo. <em>\u201c\u00bfC\u00f3mo que desapareci\u00f3? \u00a1Vos lo llevaste! \u00a1Vos tendr\u00edas que tener el control de la gente que llevaste! Y \u00e9l me contesta: \u2018\u00e9l es grande. \u00c9l sabe lo que hace\u2019. \u00bfQu\u00e9 no tienen un control de las personas que llevan? \u00bfNo salen a buscar a las personas cu\u00e1ndo no vuelven?\u201d<\/em>, le recrimin\u00f3 Maira a Dominguez, al\u00edas \u2018<em>Pachinga<\/em>\u2019, el puntero de Agrocosecha que se llev\u00f3 a Daniel desde Tartagal hasta Lamarque (R\u00edo Negro).<\/p>\n<p>Maira Solano confirm\u00f3 que se realiz\u00f3 una denuncia en Tartagal (un hecho ya citado en el juicio), pero que esa denuncia se perdi\u00f3. Maira tambi\u00e9n explic\u00f3 que durante los primeros d\u00edas en Neuqu\u00e9n tuvo contacto con los directivos de la empresa Agrocosecha S. A.\u00a0Maira reconoci\u00f3, al igual que otros testigos, que estos directivos intentaron convencerla de que Daniel<em> \u201cse hab\u00eda ido con una minita\u201d<\/em> o que en realidad, como justo el d\u00eda de su desaparici\u00f3n hab\u00eda cobrado, se estaba gastando el dinero y que cuando ya no tuviera m\u00e1s iba a aparecer.<\/p>\n<p>Maira Solano junto a su sobrina (Romina Solano) pasaron casi cinco a\u00f1os dentro del acampe (una construcci\u00f3n de nylon y palos de madera que no tiene ba\u00f1o, ni calefacci\u00f3n). Dentro de las carpas Maira y su sobrina tuvieron que soportar el miedo de pasar todas las noches en la intemperie y en la vulnerabilidad de esa construcci\u00f3n improvisada. <em>\u201cUna noche sentimos ruido afuera. Cuando est\u00e1bamos por salir a mirar, sentimos un disparo\u201d.<\/em> Las amenazas y los gestos de desprecio perduraron en el tiempo. Las dos mujeres estaban en el centro de una ciudad que parec\u00eda mirar hacia otro lado. \u00a1La impunidad estaba garantizada! Un d\u00eda apareci\u00f3 al lado del acampe, sobre una foto de Daniel, un manojo de huesos. D\u00edas previos al hecho Gualberto Solano hab\u00eda declarado en una radio, en un momento de perturbable desesperaci\u00f3n, que aunque sea le gustar\u00eda encontrar un hueso de su hijo.<\/p>\n<p>Cuatro inviernos sin ning\u00fan tipo de privilegios, ni atenciones pasaron las dos mujeres. Maira y su sobrina ten\u00edan que ir al ba\u00f1o al Juzgado 30 que est\u00e1 (a\u00fan hoy) frente al acampe. Durante esas visitas al juzgado reconocieron a Sandro Berthe. Tambi\u00e9n lo vieron dentro del juzgado a Juan Barrera. Durante esos cuatro largos a\u00f1os Maira y su sobrina estuvieron en contacto con varios testigos de la causa. Incluso conocieron a Julio a Scuadroni que <em>\u201cfue la persona que se acerc\u00f3 para contar que a Daniel lo hab\u00edan tirado al jag\u00fcel\u201d.<\/em><\/p>\n<div id=\"attachment_664327\" class=\"wp-caption alignnone\"><img loading=\"lazy\" decoding=\"async\" aria-describedby=\"caption-attachment-664327\" class=\"size-large wp-image-664327\" src=\"https:\/\/www.pressenza.com\/wp-content\/uploads\/2018\/06\/magda-solano-720x480.jpg\" alt=\"\" width=\"720\" height=\"480\" srcset=\"https:\/\/www.pressenza.com\/wp-content\/uploads\/2018\/06\/magda-solano-720x480.jpg 720w, https:\/\/www.pressenza.com\/wp-content\/uploads\/2018\/06\/magda-solano-300x200.jpg 300w, https:\/\/www.pressenza.com\/wp-content\/uploads\/2018\/06\/magda-solano-768x512.jpg 768w, https:\/\/www.pressenza.com\/wp-content\/uploads\/2018\/06\/magda-solano.jpg 800w\" sizes=\"auto, (max-width: 720px) 100vw, 720px\" \/><p id=\"caption-attachment-664327\" class=\"wp-caption-text\">Maira Solano dando su testimonio ante los jueces de la causa, mientras Juan Barrera, en el fondo, observa el piso. Foto Gustavo Figueroa<\/p><\/div>\n<p>Dentro del acampe Maira y Romina tuvieron que ser testigos de c\u00f3mo iba desmejorando gradualmente la salud de Gualberto. Paralelamente al deterioro de su salud, el desprecio y los gestos de violencia por parte de las autoridades encargadas de investigar se fueron acentuando y pronunciando. Un d\u00eda se difundi\u00f3 la noticia de que hab\u00eda aparecido una persona muerta en una chacra. Maira y Gualberto se reunieron con el fiscal Guillermo Bodrato. Bodrato no especul\u00f3 en protocolos. Tom\u00f3 su celular y ante la insistencia de Gualberto, le mostr\u00f3 la foto con el cuerpo en estado de descomposici\u00f3n del hombre, advirti\u00e9ndole en un tono despectivo y sobrador, <em>\u201c\u2018\u00a1f\u00edjate! \u00a1Ves! \u00a1No es tu hijo!\u00bb<\/em> Luego, a trav\u00e9s de una pericia sobre los dientes de la v\u00edctima se confirmo que no era el cuerpo de Daniel Solano.<\/p>\n<p>Gualberto Solano realiz\u00f3 cuatro huelgas de hambre frente al Juzgado 30 de Choele Choele. En la primera Gualberto tuvo problemas de presi\u00f3n. En la segunda huelga tuvo que ser internado por una hipotermia. En la tercera le dio un ACV. Con el jag\u00fcel y el juicio aparecieron los problemas en el coraz\u00f3n. Problemas que Gualberto, seg\u00fan el relato de su hermana, no ten\u00eda. <em>\u201cEl de a poquito iba desmejorando, por el tema que ten\u00eda que hacer huelgas de hambre, que ten\u00eda que encadenarse, hasta que cay\u00f3 al hospital con hipotermia. Despu\u00e9s le agarr\u00f3 un ACV. Todo eso provoc\u00f3 que se vaya desmejorando hasta que no dio m\u00e1s\u201d.<\/em><\/p>\n<h4>Epu.\u00a0Dos<\/h4>\n<p><strong>Los acosadores<\/strong><\/p>\n<p>La joven estudiante fue una de las primeras en llegar a Macuba la noche del 4 de noviembre de 2011. Al llegar vio a Pablo Albarr\u00e1n en la entrada del boliche. Luego lo vio nuevamente al salir. <em>\u201cMi compa\u00f1era me avisa que no nos pod\u00edamos ir porque le ten\u00edamos que dar la campera a un polic\u00eda. Me qued\u00e9. Eran como las cinco y media de la madrugada. Ya era tarde porque no quedaba casi nadie. Viene un polic\u00eda y me pide la campera. Yo se la entrego. Era Albarr\u00e1n\u201d.<\/em> La joven escuch\u00f3 cuando el animador llamo a la polic\u00eda. Mientras ella se dirig\u00eda para la entrada del boliche, vio c\u00f3mo lo sacaban a Daniel. Vio c\u00f3mo se cay\u00f3 y c\u00f3mo se detuvo a levantar su zapatilla. En total la joven cont\u00f3 por lo menos cuatro polic\u00edas llev\u00e1ndose a Daniel, aunque al \u00fanico polic\u00eda que identifico esta estudiante fue a Juan Barrera. <em>\u201cLa persona que lo saca es morocho y alto. Era Barrera\u201d.<\/em> Seg\u00fan esta testigo estaba tambi\u00e9n Pablo Bender dentro del boliche. Curiosamente es uno de los abogados defensores el que le lee un fragmento de su primera declaraci\u00f3n colocando en evidencia a sus defendidos. En esta declaraci\u00f3n la testigo reconoce a Bender dentro del boliche porque m\u00e1s de una vez lo hab\u00eda visto junto a Juan Barrera comport\u00e1ndose de una manera provocadora e indebida. <em>\u201cBender y Barrera, cuando est\u00e1n juntos, son insoportables de como molestan a las mujeres\u201d.<\/em><\/p>\n<div id=\"attachment_664335\" class=\"wp-caption alignnone\"><img loading=\"lazy\" decoding=\"async\" aria-describedby=\"caption-attachment-664335\" class=\"size-large wp-image-664335\" src=\"https:\/\/www.pressenza.com\/wp-content\/uploads\/2018\/06\/pablo-albarrc3a1n-720x405.jpg\" alt=\"\" width=\"720\" height=\"405\" srcset=\"https:\/\/www.pressenza.com\/wp-content\/uploads\/2018\/06\/pablo-albarrc3a1n-720x405.jpg 720w, https:\/\/www.pressenza.com\/wp-content\/uploads\/2018\/06\/pablo-albarrc3a1n-300x169.jpg 300w, https:\/\/www.pressenza.com\/wp-content\/uploads\/2018\/06\/pablo-albarrc3a1n-768x432.jpg 768w, https:\/\/www.pressenza.com\/wp-content\/uploads\/2018\/06\/pablo-albarrc3a1n-750x422.jpg 750w, https:\/\/www.pressenza.com\/wp-content\/uploads\/2018\/06\/pablo-albarrc3a1n.jpg 800w\" sizes=\"auto, (max-width: 720px) 100vw, 720px\" \/><p id=\"caption-attachment-664335\" class=\"wp-caption-text\">Pablo Albarr\u00e1n escuchando el relato de la estudiante. Foto Gustavo Figueroa<\/p><\/div>\n<h4>K\u00fcla.\u00a0Tres<\/h4>\n<p>La <strong>pista<\/strong> falsa del camionero<\/p>\n<p><em>\u201cFui a la comisaria a hacer un tr\u00e1mite y justo vi una foto, va un dibujo. Entonces le dije a la persona que atend\u00eda \u2018creo que vi una persona muy parecida a \u00e9l, pero era una persona que iba caminando. (\u2026) Yo hice un comentario y me tomaron como testigo\u201d<\/em>. Este testimonio pertenece a un camionero. Su relato es id\u00e9ntico al que dio otro camionero que dijo haber visto a Santiago Maldonado en Entre R\u00edos. Pareciera que, a simple vista, en cada desaparici\u00f3n forzada se aplica el mismo m\u00e9todo, con las mismas pistas falsas; las mismas pistas falsas forman parte del mismo plan de encubrimiento y de desaparici\u00f3n forzada. \u00bfPueden estos testigos ser tenidos en cuenta como protagonistas menores del sistema de encubrimiento que practican los verdugos y los autores intelectuales de la desaparici\u00f3n y homicidio de Daniel Solano? La deferencia con este testigo se establece en que es evidente su v\u00ednculo con los protagonista de la causa, no s\u00f3lo porque \u00e9ste confes\u00f3 que ten\u00eda un familiar en las fuerzas de seguridad del Estado, sino adem\u00e1s porque \u00e9l mismo reconoci\u00f3 que realizaba viajes para Expofrut. <em>\u201cTengo un familiar que trabaja en una comisar\u00eda de Allen y yo le sacaba frutas con el cami\u00f3n a Expofrut\u201d.<\/em><\/p>\n<h4>Meli.\u00a0Cuatro<\/h4>\n<p><strong>\u00a1Hay que degollar al fot\u00f3grafo!<\/strong><\/p>\n<p>El fot\u00f3grafo observa y lee. <em>\u201c\u00a1El ejercicio de un fot\u00f3grafo es la observaci\u00f3n y la lectura!\u201d.<\/em> Desde este principio parte tambi\u00e9n el fotoperiodista o reportero gr\u00e1fico, con la particularidad e intensi\u00f3n de siempre registrar con un fin documental. Eso que se registra es un documento de transcendencia hist\u00f3rica. El fot\u00f3grafo est\u00e1 atento a los gestos, a los movimientos que transitan frente a \u00e9l y que delatan un cambio, un hecho particular, la poes\u00eda de las cosas, la identidad de los escenarios y los protagonistas de los mismos. El fotoperiodista, como documentalista e historiador, se encarga de observar, leer y registrar los signos visuales, los gestos y los sucesos sociales que pueden caracterizar un espacio, un momento y\/o un grupo de personas determinado. El fotoperiodista tiene la dif\u00edcil misi\u00f3n de convertir esa caracterizaci\u00f3n (identitaria) compleja, diversa e interminable en una imagen o en una serie de im\u00e1genes documentales.<\/p>\n<p>\u00bfQu\u00e9 o qui\u00e9n(es) avala(n) y permite(n) que un imputado, acusado de desaparecer y asesinar a un joven originario, amenace de muerte, dentro de una audiencia judicial (donde es juzgado por el primer crimen), a un fotoperiodista? \u00bfEl acto se concentra s\u00f3lo en un entorpecimiento del proceso judicial o tambi\u00e9n coloca en evidencia el respaldo tacito del que gozan los v\u00edctimarios para cometer y protagonizar comodamente este tipo de actos? \u00bfQu\u00e9 o qui\u00e9n(es) permite(n) que los 7 imputados de la causa Solano transiten las audiencias como si fueran los observadores de un partido de f\u00fatbol? \u00bfQu\u00e9 posici\u00f3n asumir\u00e1n los jueces ante las burlas y las amenazas, tanto dentro como fuera de la sala judicial, que protagoniz\u00f3 Juan Barrera en la \u00faltima audiencia? \u00bfLos jueces determinar\u00e1n que este polic\u00eda imputado pase la prisi\u00f3n preventiva dentro de la c\u00e1rcel hasta obtener una sentencia firme? \u00bfO avalaran que uno de los \u00fanicos observadores internacionales del caso (que ha estado en cada una de las casi 30 audiencias) sea degollado (literal o metaf\u00f3ricamente), impidiendo de esta manera que relate lo que ve, en un contexto social en donde la labor de un fotoperiodista vale menos que el precio de una bala?<\/p>\n<div id=\"attachment_664319\" class=\"wp-caption alignnone\"><img loading=\"lazy\" decoding=\"async\" aria-describedby=\"caption-attachment-664319\" class=\"size-large wp-image-664319\" src=\"https:\/\/www.pressenza.com\/wp-content\/uploads\/2018\/06\/el-ojo-720x480.jpg\" alt=\"\" width=\"720\" height=\"480\" srcset=\"https:\/\/www.pressenza.com\/wp-content\/uploads\/2018\/06\/el-ojo-720x480.jpg 720w, https:\/\/www.pressenza.com\/wp-content\/uploads\/2018\/06\/el-ojo-300x200.jpg 300w, https:\/\/www.pressenza.com\/wp-content\/uploads\/2018\/06\/el-ojo-768x512.jpg 768w, https:\/\/www.pressenza.com\/wp-content\/uploads\/2018\/06\/el-ojo.jpg 800w\" sizes=\"auto, (max-width: 720px) 100vw, 720px\" \/><p id=\"caption-attachment-664319\" class=\"wp-caption-text\">Momento previo a la amenaza. Foto Gustavo Figuero<\/p><\/div>\n<p>Juan Barrera ya fue acusado de golpear m\u00e1s de treinta veces a un mismo joven perteneciente a los barrios perifericos de R\u00edo Negro. Varios testigos son los que lo vieron sacando a Daniel Solano de Macuba. Tanto Juan Barrera como su hermana han intervenido a varios testigos previo a sus testimonios, con el s\u00f3lo prop\u00f3sito de intimidar y resguardar su integridad. En la \u00faltima audiencia Juan Barrera se burl\u00f3 de la hermana de Daniel Solano y amenaz\u00f3 de muerte a quien escribe esta cr\u00f3nica. Parte del resultado de este proceder ha estado a la vista durante todo el juicio. Muchos testigos han vuelto a sus casas (res)guardando informaci\u00f3n importante que los compromete a los polic\u00edas imputados.<\/p>\n<p>Juan Barrera est\u00e1 sentado dentro de la sala judicial. Mira hacia adelante. Luego mira hacia el suelo. Su posici\u00f3n es similar a la que ha mantenido pr\u00e1cticamente durante todo el juicio Pablo Bender. Una posici\u00f3n casi fetal, en donde el imputado junta la cabeza con las rodillas y se queda detenido observando las lineas negras de las baldosas de la sala de la Ciudad Judicial. Yo retrato esa escena. Estoy a poco menos de cinco metros de distancia. Mientras yo realizo las fotograf\u00edas una de las testigos claves de la causa da su testimonio por videoconferencia. El contexto y el momento que transita el juicio sin duda es tenso. Quedan tan s\u00f3lo dos audiencias antes de los alegatos y la posterior sentencia. Realizo una fotograf\u00eda m\u00e1s. Barrera me mira. Se pasa el dedo indice por uno de los ojos. Se puede ver la piel interior de su ojo. Me hace recordar a la retina cortada con un navaja que aparece en la pel\u00edcula de Luis Bu\u00f1uel. Barrera se vuelve a erguir. Espera que yo deje de mirar la pantalla de la c\u00e1mara para mirarlo a \u00e9l. Cuando lo hago, \u00e9l sutilmente se pasa toda la mano por el cuello. El mensaje era claro. Degollar al observador de la sala judicial es intentar dejar ciega a la misma sala. Degollar al observador de la sala es como degollar tambi\u00e9n a los testigos de la causa, al p\u00fablico presente y a ese p\u00fablico que mira a la distancia el proceso de la causa. \u00bfCu\u00e1l es finalmente la informaci\u00f3n que sale afuera de la sala judicial? \u00bfQui\u00e9n la trasmite? \u00bfDe qu\u00e9 forma favorece que el rostro de los 7 polic\u00edas imputados no aparezcan en las pantallas de los medios masivos de la regi\u00f3n y el pa\u00eds? \u00bfDe qu\u00e9 forma perjudica esta omisi\u00f3n, por parte de los medios masivos, a los testigos de la causa y al p\u00fablico presente que observa a la distancia el proceso de la causa?<\/p>\n","protected":false},"excerpt":{"rendered":"<p>Desaparici\u00f3n forzada: caso Daniel Solano Fiske Menuko, Puel Mapu. El fot\u00f3grafo observa y lee. \u201c\u00a1El ejercicio de un fot\u00f3grafo es la observaci\u00f3n y la lectura!\u201d. Desde este principio parte tambi\u00e9n el fotoperiodista o reportero gr\u00e1fico, con la particularidad e intensi\u00f3n&hellip;<\/p>\n","protected":false},"author":1372,"featured_media":664343,"comment_status":"closed","ping_status":"closed","sticky":false,"template":"","format":"standard","meta":{"footnotes":""},"categories":[11389,79,67],"tags":[5276,32312,32311,441,30510,43967,43968,2427,1149,16058,30128],"class_list":["post-664318","post","type-post","status-publish","format-standard","has-post-thumbnail","hentry","category-contenido-original","category-derechos-humanos","category-sudamerica","tag-abuso-policial","tag-agrocosecha","tag-daniel-solano","tag-derechos-humanos","tag-desaparicion-forzada","tag-fiske-menuco","tag-general-roca","tag-narcotrafico","tag-patagonia","tag-policia-es","tag-rio-negro"],"yoast_head":"<!-- This site is optimized with the Yoast SEO plugin v27.1.1 - https:\/\/yoast.com\/product\/yoast-seo-wordpress\/ -->\n<title>\u00a1Hay que degollar al fot\u00f3grafo!<\/title>\n<meta name=\"description\" content=\"Desaparici\u00f3n forzada: caso Daniel Solano Fiske Menuko, Puel Mapu. El fot\u00f3grafo observa y lee. \u201c\u00a1El ejercicio de un fot\u00f3grafo es la observaci\u00f3n y la\" \/>\n<meta name=\"robots\" content=\"index, follow, max-snippet:-1, max-image-preview:large, max-video-preview:-1\" \/>\n<link rel=\"canonical\" href=\"https:\/\/www.pressenza.com\/es\/2018\/06\/hay-que-degollar-al-fotografo\/\" \/>\n<meta property=\"og:locale\" content=\"es_ES\" \/>\n<meta property=\"og:type\" content=\"article\" \/>\n<meta property=\"og:title\" content=\"\u00a1Hay que degollar al fot\u00f3grafo!\" \/>\n<meta property=\"og:description\" content=\"Desaparici\u00f3n forzada: caso Daniel Solano Fiske Menuko, Puel Mapu. El fot\u00f3grafo observa y lee. \u201c\u00a1El ejercicio de un fot\u00f3grafo es la observaci\u00f3n y la\" \/>\n<meta property=\"og:url\" content=\"https:\/\/www.pressenza.com\/es\/2018\/06\/hay-que-degollar-al-fotografo\/\" \/>\n<meta property=\"og:site_name\" content=\"Pressenza\" \/>\n<meta property=\"article:publisher\" content=\"https:\/\/www.facebook.com\/PressenzaItalia\" \/>\n<meta property=\"article:published_time\" content=\"2018-06-26T23:45:03+00:00\" \/>\n<meta property=\"article:modified_time\" content=\"2018-06-27T16:29:58+00:00\" \/>\n<meta property=\"og:image\" content=\"https:\/\/www.pressenza.com\/wp-content\/uploads\/2018\/06\/el-ademc3a1n.jpg\" \/>\n\t<meta property=\"og:image:width\" content=\"800\" \/>\n\t<meta property=\"og:image:height\" content=\"533\" \/>\n\t<meta property=\"og:image:type\" content=\"image\/jpeg\" \/>\n<meta name=\"author\" content=\"Gustavo Figueroa\" \/>\n<meta name=\"twitter:card\" content=\"summary_large_image\" \/>\n<meta name=\"twitter:creator\" content=\"@PressenzaIPA\" \/>\n<meta name=\"twitter:site\" content=\"@PressenzaIPA\" \/>\n<meta name=\"twitter:label1\" content=\"Escrito por\" \/>\n\t<meta name=\"twitter:data1\" content=\"Gustavo Figueroa\" \/>\n\t<meta name=\"twitter:label2\" content=\"Tiempo de lectura\" \/>\n\t<meta name=\"twitter:data2\" content=\"13 minutos\" \/>\n<script type=\"application\/ld+json\" class=\"yoast-schema-graph\">{\"@context\":\"https:\/\/schema.org\",\"@graph\":[{\"@type\":\"Article\",\"@id\":\"https:\/\/www.pressenza.com\/es\/2018\/06\/hay-que-degollar-al-fotografo\/#article\",\"isPartOf\":{\"@id\":\"https:\/\/www.pressenza.com\/es\/2018\/06\/hay-que-degollar-al-fotografo\/\"},\"author\":{\"name\":\"Gustavo Figueroa\",\"@id\":\"https:\/\/www.pressenza.com\/es\/#\/schema\/person\/dacb21ffbce19b7d40c5abc14b6efc88\"},\"headline\":\"\u00a1Hay que degollar al fot\u00f3grafo!\",\"datePublished\":\"2018-06-26T23:45:03+00:00\",\"dateModified\":\"2018-06-27T16:29:58+00:00\",\"mainEntityOfPage\":{\"@id\":\"https:\/\/www.pressenza.com\/es\/2018\/06\/hay-que-degollar-al-fotografo\/\"},\"wordCount\":2644,\"publisher\":{\"@id\":\"https:\/\/www.pressenza.com\/es\/#organization\"},\"image\":{\"@id\":\"https:\/\/www.pressenza.com\/es\/2018\/06\/hay-que-degollar-al-fotografo\/#primaryimage\"},\"thumbnailUrl\":\"https:\/\/www.pressenza.com\/wp-content\/uploads\/2018\/06\/el-ademc3a1n.jpg\",\"keywords\":[\"abuso policial\",\"Agrocosecha\",\"Daniel Solano\",\"Derechos humanos\",\"desaparici\u00f3n forzada\",\"Fiske Menuco\",\"General Roca\",\"narcotr\u00e1fico\",\"Patagonia\",\"policia\",\"R\u00edo Negro\"],\"articleSection\":[\"Contenido Original\",\"Derechos Humanos\",\"Sudam\u00e9rica\"],\"inLanguage\":\"es\"},{\"@type\":\"WebPage\",\"@id\":\"https:\/\/www.pressenza.com\/es\/2018\/06\/hay-que-degollar-al-fotografo\/\",\"url\":\"https:\/\/www.pressenza.com\/es\/2018\/06\/hay-que-degollar-al-fotografo\/\",\"name\":\"\u00a1Hay que degollar al fot\u00f3grafo!\",\"isPartOf\":{\"@id\":\"https:\/\/www.pressenza.com\/es\/#website\"},\"primaryImageOfPage\":{\"@id\":\"https:\/\/www.pressenza.com\/es\/2018\/06\/hay-que-degollar-al-fotografo\/#primaryimage\"},\"image\":{\"@id\":\"https:\/\/www.pressenza.com\/es\/2018\/06\/hay-que-degollar-al-fotografo\/#primaryimage\"},\"thumbnailUrl\":\"https:\/\/www.pressenza.com\/wp-content\/uploads\/2018\/06\/el-ademc3a1n.jpg\",\"datePublished\":\"2018-06-26T23:45:03+00:00\",\"dateModified\":\"2018-06-27T16:29:58+00:00\",\"description\":\"Desaparici\u00f3n forzada: caso Daniel Solano Fiske Menuko, Puel Mapu. El fot\u00f3grafo observa y lee. \u201c\u00a1El ejercicio de un fot\u00f3grafo es la observaci\u00f3n y la\",\"breadcrumb\":{\"@id\":\"https:\/\/www.pressenza.com\/es\/2018\/06\/hay-que-degollar-al-fotografo\/#breadcrumb\"},\"inLanguage\":\"es\",\"potentialAction\":[{\"@type\":\"ReadAction\",\"target\":[\"https:\/\/www.pressenza.com\/es\/2018\/06\/hay-que-degollar-al-fotografo\/\"]}]},{\"@type\":\"ImageObject\",\"inLanguage\":\"es\",\"@id\":\"https:\/\/www.pressenza.com\/es\/2018\/06\/hay-que-degollar-al-fotografo\/#primaryimage\",\"url\":\"https:\/\/www.pressenza.com\/wp-content\/uploads\/2018\/06\/el-ademc3a1n.jpg\",\"contentUrl\":\"https:\/\/www.pressenza.com\/wp-content\/uploads\/2018\/06\/el-ademc3a1n.jpg\",\"width\":800,\"height\":533},{\"@type\":\"BreadcrumbList\",\"@id\":\"https:\/\/www.pressenza.com\/es\/2018\/06\/hay-que-degollar-al-fotografo\/#breadcrumb\",\"itemListElement\":[{\"@type\":\"ListItem\",\"position\":1,\"name\":\"Accueil\",\"item\":\"https:\/\/www.pressenza.com\/es\/\"},{\"@type\":\"ListItem\",\"position\":2,\"name\":\"\u00a1Hay que degollar al fot\u00f3grafo!\"}]},{\"@type\":\"WebSite\",\"@id\":\"https:\/\/www.pressenza.com\/es\/#website\",\"url\":\"https:\/\/www.pressenza.com\/es\/\",\"name\":\"Pressenza\",\"description\":\"International Press Agency\",\"publisher\":{\"@id\":\"https:\/\/www.pressenza.com\/es\/#organization\"},\"potentialAction\":[{\"@type\":\"SearchAction\",\"target\":{\"@type\":\"EntryPoint\",\"urlTemplate\":\"https:\/\/www.pressenza.com\/es\/?s={search_term_string}\"},\"query-input\":{\"@type\":\"PropertyValueSpecification\",\"valueRequired\":true,\"valueName\":\"search_term_string\"}}],\"inLanguage\":\"es\"},{\"@type\":\"Organization\",\"@id\":\"https:\/\/www.pressenza.com\/es\/#organization\",\"name\":\"Pressenza\",\"url\":\"https:\/\/www.pressenza.com\/es\/\",\"logo\":{\"@type\":\"ImageObject\",\"inLanguage\":\"es\",\"@id\":\"https:\/\/www.pressenza.com\/es\/#\/schema\/logo\/image\/\",\"url\":\"https:\/\/www.pressenza.com\/wp-content\/uploads\/2022\/10\/pressenza_logo_200x200.jpg\",\"contentUrl\":\"https:\/\/www.pressenza.com\/wp-content\/uploads\/2022\/10\/pressenza_logo_200x200.jpg\",\"width\":200,\"height\":200,\"caption\":\"Pressenza\"},\"image\":{\"@id\":\"https:\/\/www.pressenza.com\/es\/#\/schema\/logo\/image\/\"},\"sameAs\":[\"https:\/\/www.facebook.com\/PressenzaItalia\",\"https:\/\/x.com\/PressenzaIPA\"]},{\"@type\":\"Person\",\"@id\":\"https:\/\/www.pressenza.com\/es\/#\/schema\/person\/dacb21ffbce19b7d40c5abc14b6efc88\",\"name\":\"Gustavo Figueroa\",\"description\":\"Gustavo Figueroa (1985). Periodista, documentalista, fot\u00f3grafo. Vive en Neuqu\u00e9n. Se interesa especialmente por temas relativos a pueblos originarios y derechos humanos. Es miembro del Equipo de Educadores Interculturales del Puel Mapu.\",\"sameAs\":[\"https:\/\/periferiasitio.wordpress.com\/\"],\"url\":\"https:\/\/www.pressenza.com\/es\/author\/gustavo-figueroa\/\"}]}<\/script>\n<!-- \/ Yoast SEO plugin. -->","yoast_head_json":{"title":"\u00a1Hay que degollar al fot\u00f3grafo!","description":"Desaparici\u00f3n forzada: caso Daniel Solano Fiske Menuko, Puel Mapu. El fot\u00f3grafo observa y lee. \u201c\u00a1El ejercicio de un fot\u00f3grafo es la observaci\u00f3n y la","robots":{"index":"index","follow":"follow","max-snippet":"max-snippet:-1","max-image-preview":"max-image-preview:large","max-video-preview":"max-video-preview:-1"},"canonical":"https:\/\/www.pressenza.com\/es\/2018\/06\/hay-que-degollar-al-fotografo\/","og_locale":"es_ES","og_type":"article","og_title":"\u00a1Hay que degollar al fot\u00f3grafo!","og_description":"Desaparici\u00f3n forzada: caso Daniel Solano Fiske Menuko, Puel Mapu. El fot\u00f3grafo observa y lee. \u201c\u00a1El ejercicio de un fot\u00f3grafo es la observaci\u00f3n y la","og_url":"https:\/\/www.pressenza.com\/es\/2018\/06\/hay-que-degollar-al-fotografo\/","og_site_name":"Pressenza","article_publisher":"https:\/\/www.facebook.com\/PressenzaItalia","article_published_time":"2018-06-26T23:45:03+00:00","article_modified_time":"2018-06-27T16:29:58+00:00","og_image":[{"width":800,"height":533,"url":"https:\/\/www.pressenza.com\/wp-content\/uploads\/2018\/06\/el-ademc3a1n.jpg","type":"image\/jpeg"}],"author":"Gustavo Figueroa","twitter_card":"summary_large_image","twitter_creator":"@PressenzaIPA","twitter_site":"@PressenzaIPA","twitter_misc":{"Escrito por":"Gustavo Figueroa","Tiempo de lectura":"13 minutos"},"schema":{"@context":"https:\/\/schema.org","@graph":[{"@type":"Article","@id":"https:\/\/www.pressenza.com\/es\/2018\/06\/hay-que-degollar-al-fotografo\/#article","isPartOf":{"@id":"https:\/\/www.pressenza.com\/es\/2018\/06\/hay-que-degollar-al-fotografo\/"},"author":{"name":"Gustavo Figueroa","@id":"https:\/\/www.pressenza.com\/es\/#\/schema\/person\/dacb21ffbce19b7d40c5abc14b6efc88"},"headline":"\u00a1Hay que degollar al fot\u00f3grafo!","datePublished":"2018-06-26T23:45:03+00:00","dateModified":"2018-06-27T16:29:58+00:00","mainEntityOfPage":{"@id":"https:\/\/www.pressenza.com\/es\/2018\/06\/hay-que-degollar-al-fotografo\/"},"wordCount":2644,"publisher":{"@id":"https:\/\/www.pressenza.com\/es\/#organization"},"image":{"@id":"https:\/\/www.pressenza.com\/es\/2018\/06\/hay-que-degollar-al-fotografo\/#primaryimage"},"thumbnailUrl":"https:\/\/www.pressenza.com\/wp-content\/uploads\/2018\/06\/el-ademc3a1n.jpg","keywords":["abuso policial","Agrocosecha","Daniel Solano","Derechos humanos","desaparici\u00f3n forzada","Fiske Menuco","General Roca","narcotr\u00e1fico","Patagonia","policia","R\u00edo Negro"],"articleSection":["Contenido Original","Derechos Humanos","Sudam\u00e9rica"],"inLanguage":"es"},{"@type":"WebPage","@id":"https:\/\/www.pressenza.com\/es\/2018\/06\/hay-que-degollar-al-fotografo\/","url":"https:\/\/www.pressenza.com\/es\/2018\/06\/hay-que-degollar-al-fotografo\/","name":"\u00a1Hay que degollar al fot\u00f3grafo!","isPartOf":{"@id":"https:\/\/www.pressenza.com\/es\/#website"},"primaryImageOfPage":{"@id":"https:\/\/www.pressenza.com\/es\/2018\/06\/hay-que-degollar-al-fotografo\/#primaryimage"},"image":{"@id":"https:\/\/www.pressenza.com\/es\/2018\/06\/hay-que-degollar-al-fotografo\/#primaryimage"},"thumbnailUrl":"https:\/\/www.pressenza.com\/wp-content\/uploads\/2018\/06\/el-ademc3a1n.jpg","datePublished":"2018-06-26T23:45:03+00:00","dateModified":"2018-06-27T16:29:58+00:00","description":"Desaparici\u00f3n forzada: caso Daniel Solano Fiske Menuko, Puel Mapu. El fot\u00f3grafo observa y lee. \u201c\u00a1El ejercicio de un fot\u00f3grafo es la observaci\u00f3n y la","breadcrumb":{"@id":"https:\/\/www.pressenza.com\/es\/2018\/06\/hay-que-degollar-al-fotografo\/#breadcrumb"},"inLanguage":"es","potentialAction":[{"@type":"ReadAction","target":["https:\/\/www.pressenza.com\/es\/2018\/06\/hay-que-degollar-al-fotografo\/"]}]},{"@type":"ImageObject","inLanguage":"es","@id":"https:\/\/www.pressenza.com\/es\/2018\/06\/hay-que-degollar-al-fotografo\/#primaryimage","url":"https:\/\/www.pressenza.com\/wp-content\/uploads\/2018\/06\/el-ademc3a1n.jpg","contentUrl":"https:\/\/www.pressenza.com\/wp-content\/uploads\/2018\/06\/el-ademc3a1n.jpg","width":800,"height":533},{"@type":"BreadcrumbList","@id":"https:\/\/www.pressenza.com\/es\/2018\/06\/hay-que-degollar-al-fotografo\/#breadcrumb","itemListElement":[{"@type":"ListItem","position":1,"name":"Accueil","item":"https:\/\/www.pressenza.com\/es\/"},{"@type":"ListItem","position":2,"name":"\u00a1Hay que degollar al fot\u00f3grafo!"}]},{"@type":"WebSite","@id":"https:\/\/www.pressenza.com\/es\/#website","url":"https:\/\/www.pressenza.com\/es\/","name":"Pressenza","description":"International Press Agency","publisher":{"@id":"https:\/\/www.pressenza.com\/es\/#organization"},"potentialAction":[{"@type":"SearchAction","target":{"@type":"EntryPoint","urlTemplate":"https:\/\/www.pressenza.com\/es\/?s={search_term_string}"},"query-input":{"@type":"PropertyValueSpecification","valueRequired":true,"valueName":"search_term_string"}}],"inLanguage":"es"},{"@type":"Organization","@id":"https:\/\/www.pressenza.com\/es\/#organization","name":"Pressenza","url":"https:\/\/www.pressenza.com\/es\/","logo":{"@type":"ImageObject","inLanguage":"es","@id":"https:\/\/www.pressenza.com\/es\/#\/schema\/logo\/image\/","url":"https:\/\/www.pressenza.com\/wp-content\/uploads\/2022\/10\/pressenza_logo_200x200.jpg","contentUrl":"https:\/\/www.pressenza.com\/wp-content\/uploads\/2022\/10\/pressenza_logo_200x200.jpg","width":200,"height":200,"caption":"Pressenza"},"image":{"@id":"https:\/\/www.pressenza.com\/es\/#\/schema\/logo\/image\/"},"sameAs":["https:\/\/www.facebook.com\/PressenzaItalia","https:\/\/x.com\/PressenzaIPA"]},{"@type":"Person","@id":"https:\/\/www.pressenza.com\/es\/#\/schema\/person\/dacb21ffbce19b7d40c5abc14b6efc88","name":"Gustavo Figueroa","description":"Gustavo Figueroa (1985). Periodista, documentalista, fot\u00f3grafo. Vive en Neuqu\u00e9n. Se interesa especialmente por temas relativos a pueblos originarios y derechos humanos. Es miembro del Equipo de Educadores Interculturales del Puel Mapu.","sameAs":["https:\/\/periferiasitio.wordpress.com\/"],"url":"https:\/\/www.pressenza.com\/es\/author\/gustavo-figueroa\/"}]}},"place":"R\u00edo Negro, Argentina","original_article_url":"","_links":{"self":[{"href":"https:\/\/www.pressenza.com\/es\/wp-json\/wp\/v2\/posts\/664318","targetHints":{"allow":["GET"]}}],"collection":[{"href":"https:\/\/www.pressenza.com\/es\/wp-json\/wp\/v2\/posts"}],"about":[{"href":"https:\/\/www.pressenza.com\/es\/wp-json\/wp\/v2\/types\/post"}],"author":[{"embeddable":true,"href":"https:\/\/www.pressenza.com\/es\/wp-json\/wp\/v2\/users\/1372"}],"replies":[{"embeddable":true,"href":"https:\/\/www.pressenza.com\/es\/wp-json\/wp\/v2\/comments?post=664318"}],"version-history":[{"count":0,"href":"https:\/\/www.pressenza.com\/es\/wp-json\/wp\/v2\/posts\/664318\/revisions"}],"wp:featuredmedia":[{"embeddable":true,"href":"https:\/\/www.pressenza.com\/es\/wp-json\/wp\/v2\/media\/664343"}],"wp:attachment":[{"href":"https:\/\/www.pressenza.com\/es\/wp-json\/wp\/v2\/media?parent=664318"}],"wp:term":[{"taxonomy":"category","embeddable":true,"href":"https:\/\/www.pressenza.com\/es\/wp-json\/wp\/v2\/categories?post=664318"},{"taxonomy":"post_tag","embeddable":true,"href":"https:\/\/www.pressenza.com\/es\/wp-json\/wp\/v2\/tags?post=664318"}],"curies":[{"name":"wp","href":"https:\/\/api.w.org\/{rel}","templated":true}]}}