{"id":660871,"date":"2018-06-20T14:01:02","date_gmt":"2018-06-20T13:01:02","guid":{"rendered":"https:\/\/www.pressenza.com\/?p=660871"},"modified":"2018-06-20T14:01:02","modified_gmt":"2018-06-20T13:01:02","slug":"marcha-ciudadana-y-solidaria-por-los-migrantes","status":"publish","type":"post","link":"https:\/\/www.pressenza.com\/es\/2018\/06\/marcha-ciudadana-y-solidaria-por-los-migrantes\/","title":{"rendered":"Marcha Ciudadana y Solidaria por los Migrantes"},"content":{"rendered":"<p><span style=\"color: #000000; font-family: Calibri;\">La asociaci\u00f3n \u00abL&#8217;Auberge des Migrants\u00bb organiza una marcha ciudadana y solidaria de Ventimiglia a Calais del 30 de abril al 7 de julio con una prolongaci\u00f3n en Londres el 8 de julio.<\/span><\/p>\n<p><span style=\"color: #000000; font-family: Calibri;\">En solidaridad con los migrantes, la asociaci\u00f3n pide la apertura de centros de acogida incondicionales, el fin del \u00abcrimen de solidaridad\u00bb y otros obst\u00e1culos al trabajo de los ciudadanos y de las organizaciones de ayuda a los migrantes.<\/span><\/p>\n<p><span style=\"color: #000000; font-family: Calibri;\">Claudia Waldmann, fot\u00f3grafa, particip\u00f3 en la etapa 43 (Evry en Villeneuve-Saint-Georges) y en la etapa 44 (Villeneuve-Saint-Georges en Par\u00eds) con una manifestaci\u00f3n organizada desde la Gare d&#8217;Austerlitz hasta R\u00e9publique.<\/span><\/p>\n<p><span style=\"color: #000000; font-family: Calibri;\">m\u00e1s informaci\u00f3n aqu\u00ed <a href=\"https:\/\/www.laubergedesmigrants.fr\/fr\/la-marche-citoyenne\/\">https:\/\/www.laubergedesmigrants.fr\/fr\/la-marche-citoyenne\/<\/a><\/span><\/p>\n<div class=\"post-gallery\">\n\t\t\t<figure class=\"post-gallery-item\">\n\t\t\t\t<img decoding=\"async\" src=\"https:\/\/www.pressenza.com\/wp-content\/uploads\/2018\/06\/xDSC0459-4-copie-750x422-c-default_jpg_pagespeed_ic_nNQSxbGssK-720x405.jpg\" loading=\"lazy\">\n\t\t\t\t<figcaption>\n\t\t\t\t\t\n\t\t\t\t<\/figcaption>\n\t\t\t<\/figure>\n\t\t\t<figure class=\"post-gallery-item\">\n\t\t\t\t<img decoding=\"async\" src=\"https:\/\/www.pressenza.com\/wp-content\/uploads\/2018\/06\/xDSC0492-65-750x422-c-default_jpg_pagespeed_ic_kHjpsyEm4y-720x405.jpg\" loading=\"lazy\">\n\t\t\t\t<figcaption>\n\t\t\t\t\t\n\t\t\t\t<\/figcaption>\n\t\t\t<\/figure>\n\t\t\t<figure class=\"post-gallery-item\">\n\t\t\t\t<img decoding=\"async\" src=\"https:\/\/www.pressenza.com\/wp-content\/uploads\/2018\/06\/xDSC0521-72-750x422-c-default_jpg_pagespeed_ic_nk1a9rUCEP-720x405.jpg\" loading=\"lazy\">\n\t\t\t\t<figcaption>\n\t\t\t\t\t\n\t\t\t\t<\/figcaption>\n\t\t\t<\/figure>\n\t\t\t<figure class=\"post-gallery-item\">\n\t\t\t\t<img decoding=\"async\" src=\"https:\/\/www.pressenza.com\/wp-content\/uploads\/2018\/06\/xDSC0549-2-750x422-c-default_jpg_pagespeed_ic_PYhVAhMTbV-720x405.jpg\" loading=\"lazy\">\n\t\t\t\t<figcaption>\n\t\t\t\t\t\n\t\t\t\t<\/figcaption>\n\t\t\t<\/figure>\n\t\t\t<figure class=\"post-gallery-item\">\n\t\t\t\t<img decoding=\"async\" src=\"https:\/\/www.pressenza.com\/wp-content\/uploads\/2018\/06\/xDSC0592-8-750x422-c-default_jpg_pagespeed_ic_bEnGoc5BL4-720x405.jpg\" loading=\"lazy\">\n\t\t\t\t<figcaption>\n\t\t\t\t\t\n\t\t\t\t<\/figcaption>\n\t\t\t<\/figure>\n\t\t\t<figure class=\"post-gallery-item\">\n\t\t\t\t<img decoding=\"async\" src=\"https:\/\/www.pressenza.com\/wp-content\/uploads\/2018\/06\/xDSC0605-14-750x422-c-default_jpg_pagespeed_ic_ckCGtVCePL-720x405.jpg\" loading=\"lazy\">\n\t\t\t\t<figcaption>\n\t\t\t\t\t\n\t\t\t\t<\/figcaption>\n\t\t\t<\/figure>\n\t\t\t<figure class=\"post-gallery-item\">\n\t\t\t\t<img decoding=\"async\" src=\"https:\/\/www.pressenza.com\/wp-content\/uploads\/2018\/06\/xDSC0611-22-copie-750x422-c-default_jpg_pagespeed_ic_-m3InOXkHG-720x405.jpg\" loading=\"lazy\">\n\t\t\t\t<figcaption>\n\t\t\t\t\t\n\t\t\t\t<\/figcaption>\n\t\t\t<\/figure>\n\t\t\t<figure class=\"post-gallery-item\">\n\t\t\t\t<img decoding=\"async\" src=\"https:\/\/www.pressenza.com\/wp-content\/uploads\/2018\/06\/xDSC0620-16-750x422-c-default_jpg_pagespeed_ic_0ScnjsgvvT-720x405.jpg\" loading=\"lazy\">\n\t\t\t\t<figcaption>\n\t\t\t\t\t\n\t\t\t\t<\/figcaption>\n\t\t\t<\/figure>\n\t\t\t<figure class=\"post-gallery-item\">\n\t\t\t\t<img decoding=\"async\" src=\"https:\/\/www.pressenza.com\/wp-content\/uploads\/2018\/06\/xDSC0635-19-750x422-c-default_jpg_pagespeed_ic_70MmDHQZ33-720x405.jpg\" loading=\"lazy\">\n\t\t\t\t<figcaption>\n\t\t\t\t\t\n\t\t\t\t<\/figcaption>\n\t\t\t<\/figure>\n\t\t\t<figure class=\"post-gallery-item\">\n\t\t\t\t<img decoding=\"async\" src=\"https:\/\/www.pressenza.com\/wp-content\/uploads\/2018\/06\/xDSC0674-23-750x422-c-default_jpg_pagespeed_ic_42pZ-sByNv-720x405.jpg\" loading=\"lazy\">\n\t\t\t\t<figcaption>\n\t\t\t\t\t\n\t\t\t\t<\/figcaption>\n\t\t\t<\/figure>\n\t\t\t<figure class=\"post-gallery-item\">\n\t\t\t\t<img decoding=\"async\" src=\"https:\/\/www.pressenza.com\/wp-content\/uploads\/2018\/06\/xDSC0732-28-750x422-c-default_jpg_pagespeed_ic_9sSREeb9ns-720x405.jpg\" loading=\"lazy\">\n\t\t\t\t<figcaption>\n\t\t\t\t\t\n\t\t\t\t<\/figcaption>\n\t\t\t<\/figure>\n\t\t\t<figure class=\"post-gallery-item\">\n\t\t\t\t<img decoding=\"async\" src=\"https:\/\/www.pressenza.com\/wp-content\/uploads\/2018\/06\/xDSC0744-30-750x422-c-default_jpg_pagespeed_ic_kP63co4Uc_-720x405.jpg\" loading=\"lazy\">\n\t\t\t\t<figcaption>\n\t\t\t\t\t\n\t\t\t\t<\/figcaption>\n\t\t\t<\/figure>\n\t\t\t<figure class=\"post-gallery-item\">\n\t\t\t\t<img decoding=\"async\" src=\"https:\/\/www.pressenza.com\/wp-content\/uploads\/2018\/06\/xDSC0770-32-750x422-c-default_jpg_pagespeed_ic_9_6PsZ8bJZ-720x405.jpg\" loading=\"lazy\">\n\t\t\t\t<figcaption>\n\t\t\t\t\t\n\t\t\t\t<\/figcaption>\n\t\t\t<\/figure>\n\t\t\t<figure class=\"post-gallery-item\">\n\t\t\t\t<img decoding=\"async\" src=\"https:\/\/www.pressenza.com\/wp-content\/uploads\/2018\/06\/xDSC0813-35-750x422-c-default_jpg_pagespeed_ic_xJ3YUxJ_4q-720x405.jpg\" loading=\"lazy\">\n\t\t\t\t<figcaption>\n\t\t\t\t\t\n\t\t\t\t<\/figcaption>\n\t\t\t<\/figure>\n\t\t\t<figure class=\"post-gallery-item\">\n\t\t\t\t<img decoding=\"async\" src=\"https:\/\/www.pressenza.com\/wp-content\/uploads\/2018\/06\/xDSC0887-39-750x422-c-default_jpg_pagespeed_ic_LCGAB7z76x-720x405.jpg\" loading=\"lazy\">\n\t\t\t\t<figcaption>\n\t\t\t\t\t\n\t\t\t\t<\/figcaption>\n\t\t\t<\/figure>\n\t\t\t<figure class=\"post-gallery-item\">\n\t\t\t\t<img decoding=\"async\" src=\"https:\/\/www.pressenza.com\/wp-content\/uploads\/2018\/06\/xDSC0899-42-750x422-c-default_jpg_pagespeed_ic_BdhuQJA7at-720x405.jpg\" loading=\"lazy\">\n\t\t\t\t<figcaption>\n\t\t\t\t\t\n\t\t\t\t<\/figcaption>\n\t\t\t<\/figure>\n\t\t\t<figure class=\"post-gallery-item\">\n\t\t\t\t<img decoding=\"async\" src=\"https:\/\/www.pressenza.com\/wp-content\/uploads\/2018\/06\/xDSC0948-51-750x422-c-default_jpg_pagespeed_ic_1XEDIBdqM4-720x405.jpg\" loading=\"lazy\">\n\t\t\t\t<figcaption>\n\t\t\t\t\t\n\t\t\t\t<\/figcaption>\n\t\t\t<\/figure>\n\t\t\t<figure class=\"post-gallery-item\">\n\t\t\t\t<img decoding=\"async\" src=\"https:\/\/www.pressenza.com\/wp-content\/uploads\/2018\/06\/xDSC1016-56-750x422-c-default_jpg_pagespeed_ic_XdiNfKkbro-720x405.jpg\" loading=\"lazy\">\n\t\t\t\t<figcaption>\n\t\t\t\t\t\n\t\t\t\t<\/figcaption>\n\t\t\t<\/figure>\n\t\t\t<figure class=\"post-gallery-item\">\n\t\t\t\t<img decoding=\"async\" src=\"https:\/\/www.pressenza.com\/wp-content\/uploads\/2018\/06\/xDSC1018-57-750x422-c-default_jpg_pagespeed_ic_NmP5GIJVNu-720x405.jpg\" loading=\"lazy\">\n\t\t\t\t<figcaption>\n\t\t\t\t\t\n\t\t\t\t<\/figcaption>\n\t\t\t<\/figure>\n\t\t\t<figure class=\"post-gallery-item\">\n\t\t\t\t<img decoding=\"async\" src=\"https:\/\/www.pressenza.com\/wp-content\/uploads\/2018\/06\/xDSC1039-49-copie-750x422-c-default_jpg_pagespeed_ic_OTedpU4stw-720x405.jpg\" loading=\"lazy\">\n\t\t\t\t<figcaption>\n\t\t\t\t\t\n\t\t\t\t<\/figcaption>\n\t\t\t<\/figure>\n\t\t\t<figure class=\"post-gallery-item\">\n\t\t\t\t<img decoding=\"async\" src=\"https:\/\/www.pressenza.com\/wp-content\/uploads\/2018\/06\/xDSC1169-64-copie-750x422-c-default_jpg_pagespeed_ic_P4D6dVoCH4-720x405.jpg\" loading=\"lazy\">\n\t\t\t\t<figcaption>\n\t\t\t\t\t\n\t\t\t\t<\/figcaption>\n\t\t\t<\/figure><\/div>\n","protected":false},"excerpt":{"rendered":"<p>La asociaci\u00f3n \u00abL&#8217;Auberge des Migrants\u00bb organiza una marcha ciudadana y solidaria de Ventimiglia a Calais del 30 de abril al 7 de julio con una prolongaci\u00f3n en Londres el 8 de julio. En solidaridad con los migrantes, la asociaci\u00f3n pide&hellip;<\/p>\n","protected":false},"author":926,"featured_media":660307,"comment_status":"closed","ping_status":"closed","sticky":false,"template":"","format":"standard","meta":{"footnotes":""},"categories":[5667],"tags":[47230,47231,47229],"class_list":["post-660871","post","type-post","status-publish","format-standard","has-post-thumbnail","hentry","category-foto-reportajes","tag-crimen-solidario","tag-marcha-ciudadana","tag-recepcion-de-inmigrantes"],"yoast_head":"<!-- This site is optimized with the Yoast SEO plugin v27.1.1 - https:\/\/yoast.com\/product\/yoast-seo-wordpress\/ -->\n<title>Marcha Ciudadana y Solidaria por los Migrantes<\/title>\n<meta name=\"description\" content=\"La asociaci\u00f3n &quot;L&#039;Auberge des Migrants&quot; organiza una marcha ciudadana y solidaria de Ventimiglia a Calais del 30 de abril al 7 de julio con una\" \/>\n<meta name=\"robots\" content=\"index, follow, max-snippet:-1, max-image-preview:large, max-video-preview:-1\" \/>\n<link rel=\"canonical\" href=\"https:\/\/www.pressenza.com\/es\/2018\/06\/marcha-ciudadana-y-solidaria-por-los-migrantes\/\" \/>\n<meta property=\"og:locale\" content=\"es_ES\" \/>\n<meta property=\"og:type\" content=\"article\" \/>\n<meta property=\"og:title\" content=\"Marcha Ciudadana y Solidaria por los Migrantes\" \/>\n<meta property=\"og:description\" content=\"La asociaci\u00f3n &quot;L&#039;Auberge des Migrants&quot; organiza una marcha ciudadana y solidaria de Ventimiglia a Calais del 30 de abril al 7 de julio con una\" \/>\n<meta property=\"og:url\" content=\"https:\/\/www.pressenza.com\/es\/2018\/06\/marcha-ciudadana-y-solidaria-por-los-migrantes\/\" \/>\n<meta property=\"og:site_name\" content=\"Pressenza\" \/>\n<meta property=\"article:publisher\" content=\"https:\/\/www.facebook.com\/PressenzaItalia\" \/>\n<meta property=\"article:published_time\" content=\"2018-06-20T13:01:02+00:00\" \/>\n<meta property=\"og:image\" content=\"https:\/\/www.pressenza.com\/wp-content\/uploads\/2018\/06\/DSC1078-61.jpg\" \/>\n\t<meta property=\"og:image:width\" content=\"675\" \/>\n\t<meta property=\"og:image:height\" content=\"450\" \/>\n\t<meta property=\"og:image:type\" content=\"image\/jpeg\" \/>\n<meta name=\"author\" content=\"R\u00e9daction France\" \/>\n<meta name=\"twitter:card\" content=\"summary_large_image\" \/>\n<meta name=\"twitter:creator\" content=\"@PressenzaIPA\" \/>\n<meta name=\"twitter:site\" content=\"@PressenzaIPA\" \/>\n<meta name=\"twitter:label1\" content=\"Escrito por\" \/>\n\t<meta name=\"twitter:data1\" content=\"R\u00e9daction France\" \/>\n\t<meta name=\"twitter:label2\" content=\"Tiempo de lectura\" \/>\n\t<meta name=\"twitter:data2\" content=\"1 minuto\" \/>\n<script type=\"application\/ld+json\" class=\"yoast-schema-graph\">{\"@context\":\"https:\/\/schema.org\",\"@graph\":[{\"@type\":\"Article\",\"@id\":\"https:\/\/www.pressenza.com\/es\/2018\/06\/marcha-ciudadana-y-solidaria-por-los-migrantes\/#article\",\"isPartOf\":{\"@id\":\"https:\/\/www.pressenza.com\/es\/2018\/06\/marcha-ciudadana-y-solidaria-por-los-migrantes\/\"},\"author\":{\"name\":\"R\u00e9daction France\",\"@id\":\"https:\/\/www.pressenza.com\/es\/#\/schema\/person\/3c9fe6670cc2cffbd37562f87b98e869\"},\"headline\":\"Marcha Ciudadana y Solidaria por los Migrantes\",\"datePublished\":\"2018-06-20T13:01:02+00:00\",\"mainEntityOfPage\":{\"@id\":\"https:\/\/www.pressenza.com\/es\/2018\/06\/marcha-ciudadana-y-solidaria-por-los-migrantes\/\"},\"wordCount\":129,\"publisher\":{\"@id\":\"https:\/\/www.pressenza.com\/es\/#organization\"},\"image\":{\"@id\":\"https:\/\/www.pressenza.com\/es\/2018\/06\/marcha-ciudadana-y-solidaria-por-los-migrantes\/#primaryimage\"},\"thumbnailUrl\":\"https:\/\/www.pressenza.com\/wp-content\/uploads\/2018\/06\/DSC1078-61.jpg\",\"keywords\":[\"crimen solidario\",\"marcha ciudadana\",\"recepci\u00f3n de inmigrantes\"],\"articleSection\":[\"Fotorreportajes\"],\"inLanguage\":\"es\"},{\"@type\":\"WebPage\",\"@id\":\"https:\/\/www.pressenza.com\/es\/2018\/06\/marcha-ciudadana-y-solidaria-por-los-migrantes\/\",\"url\":\"https:\/\/www.pressenza.com\/es\/2018\/06\/marcha-ciudadana-y-solidaria-por-los-migrantes\/\",\"name\":\"Marcha Ciudadana y Solidaria por los Migrantes\",\"isPartOf\":{\"@id\":\"https:\/\/www.pressenza.com\/es\/#website\"},\"primaryImageOfPage\":{\"@id\":\"https:\/\/www.pressenza.com\/es\/2018\/06\/marcha-ciudadana-y-solidaria-por-los-migrantes\/#primaryimage\"},\"image\":{\"@id\":\"https:\/\/www.pressenza.com\/es\/2018\/06\/marcha-ciudadana-y-solidaria-por-los-migrantes\/#primaryimage\"},\"thumbnailUrl\":\"https:\/\/www.pressenza.com\/wp-content\/uploads\/2018\/06\/DSC1078-61.jpg\",\"datePublished\":\"2018-06-20T13:01:02+00:00\",\"description\":\"La asociaci\u00f3n \\\"L'Auberge des Migrants\\\" organiza una marcha ciudadana y solidaria de Ventimiglia a Calais del 30 de abril al 7 de julio con una\",\"breadcrumb\":{\"@id\":\"https:\/\/www.pressenza.com\/es\/2018\/06\/marcha-ciudadana-y-solidaria-por-los-migrantes\/#breadcrumb\"},\"inLanguage\":\"es\",\"potentialAction\":[{\"@type\":\"ReadAction\",\"target\":[\"https:\/\/www.pressenza.com\/es\/2018\/06\/marcha-ciudadana-y-solidaria-por-los-migrantes\/\"]}]},{\"@type\":\"ImageObject\",\"inLanguage\":\"es\",\"@id\":\"https:\/\/www.pressenza.com\/es\/2018\/06\/marcha-ciudadana-y-solidaria-por-los-migrantes\/#primaryimage\",\"url\":\"https:\/\/www.pressenza.com\/wp-content\/uploads\/2018\/06\/DSC1078-61.jpg\",\"contentUrl\":\"https:\/\/www.pressenza.com\/wp-content\/uploads\/2018\/06\/DSC1078-61.jpg\",\"width\":675,\"height\":450},{\"@type\":\"BreadcrumbList\",\"@id\":\"https:\/\/www.pressenza.com\/es\/2018\/06\/marcha-ciudadana-y-solidaria-por-los-migrantes\/#breadcrumb\",\"itemListElement\":[{\"@type\":\"ListItem\",\"position\":1,\"name\":\"Accueil\",\"item\":\"https:\/\/www.pressenza.com\/es\/\"},{\"@type\":\"ListItem\",\"position\":2,\"name\":\"Marcha Ciudadana y Solidaria por los Migrantes\"}]},{\"@type\":\"WebSite\",\"@id\":\"https:\/\/www.pressenza.com\/es\/#website\",\"url\":\"https:\/\/www.pressenza.com\/es\/\",\"name\":\"Pressenza\",\"description\":\"International Press Agency\",\"publisher\":{\"@id\":\"https:\/\/www.pressenza.com\/es\/#organization\"},\"potentialAction\":[{\"@type\":\"SearchAction\",\"target\":{\"@type\":\"EntryPoint\",\"urlTemplate\":\"https:\/\/www.pressenza.com\/es\/?s={search_term_string}\"},\"query-input\":{\"@type\":\"PropertyValueSpecification\",\"valueRequired\":true,\"valueName\":\"search_term_string\"}}],\"inLanguage\":\"es\"},{\"@type\":\"Organization\",\"@id\":\"https:\/\/www.pressenza.com\/es\/#organization\",\"name\":\"Pressenza\",\"url\":\"https:\/\/www.pressenza.com\/es\/\",\"logo\":{\"@type\":\"ImageObject\",\"inLanguage\":\"es\",\"@id\":\"https:\/\/www.pressenza.com\/es\/#\/schema\/logo\/image\/\",\"url\":\"https:\/\/www.pressenza.com\/wp-content\/uploads\/2022\/10\/pressenza_logo_200x200.jpg\",\"contentUrl\":\"https:\/\/www.pressenza.com\/wp-content\/uploads\/2022\/10\/pressenza_logo_200x200.jpg\",\"width\":200,\"height\":200,\"caption\":\"Pressenza\"},\"image\":{\"@id\":\"https:\/\/www.pressenza.com\/es\/#\/schema\/logo\/image\/\"},\"sameAs\":[\"https:\/\/www.facebook.com\/PressenzaItalia\",\"https:\/\/x.com\/PressenzaIPA\"]},{\"@type\":\"Person\",\"@id\":\"https:\/\/www.pressenza.com\/es\/#\/schema\/person\/3c9fe6670cc2cffbd37562f87b98e869\",\"name\":\"R\u00e9daction France\",\"description\":\"News published by the Pressenza bureau in France\",\"sameAs\":[\"http:\/\/www.pressenza.com\/fr\"],\"url\":\"https:\/\/www.pressenza.com\/es\/author\/redactionfrance\/\"}]}<\/script>\n<!-- \/ Yoast SEO plugin. -->","yoast_head_json":{"title":"Marcha Ciudadana y Solidaria por los Migrantes","description":"La asociaci\u00f3n \"L'Auberge des Migrants\" organiza una marcha ciudadana y solidaria de Ventimiglia a Calais del 30 de abril al 7 de julio con una","robots":{"index":"index","follow":"follow","max-snippet":"max-snippet:-1","max-image-preview":"max-image-preview:large","max-video-preview":"max-video-preview:-1"},"canonical":"https:\/\/www.pressenza.com\/es\/2018\/06\/marcha-ciudadana-y-solidaria-por-los-migrantes\/","og_locale":"es_ES","og_type":"article","og_title":"Marcha Ciudadana y Solidaria por los Migrantes","og_description":"La asociaci\u00f3n \"L'Auberge des Migrants\" organiza una marcha ciudadana y solidaria de Ventimiglia a Calais del 30 de abril al 7 de julio con una","og_url":"https:\/\/www.pressenza.com\/es\/2018\/06\/marcha-ciudadana-y-solidaria-por-los-migrantes\/","og_site_name":"Pressenza","article_publisher":"https:\/\/www.facebook.com\/PressenzaItalia","article_published_time":"2018-06-20T13:01:02+00:00","og_image":[{"width":675,"height":450,"url":"https:\/\/www.pressenza.com\/wp-content\/uploads\/2018\/06\/DSC1078-61.jpg","type":"image\/jpeg"}],"author":"R\u00e9daction France","twitter_card":"summary_large_image","twitter_creator":"@PressenzaIPA","twitter_site":"@PressenzaIPA","twitter_misc":{"Escrito por":"R\u00e9daction France","Tiempo de lectura":"1 minuto"},"schema":{"@context":"https:\/\/schema.org","@graph":[{"@type":"Article","@id":"https:\/\/www.pressenza.com\/es\/2018\/06\/marcha-ciudadana-y-solidaria-por-los-migrantes\/#article","isPartOf":{"@id":"https:\/\/www.pressenza.com\/es\/2018\/06\/marcha-ciudadana-y-solidaria-por-los-migrantes\/"},"author":{"name":"R\u00e9daction France","@id":"https:\/\/www.pressenza.com\/es\/#\/schema\/person\/3c9fe6670cc2cffbd37562f87b98e869"},"headline":"Marcha Ciudadana y Solidaria por los Migrantes","datePublished":"2018-06-20T13:01:02+00:00","mainEntityOfPage":{"@id":"https:\/\/www.pressenza.com\/es\/2018\/06\/marcha-ciudadana-y-solidaria-por-los-migrantes\/"},"wordCount":129,"publisher":{"@id":"https:\/\/www.pressenza.com\/es\/#organization"},"image":{"@id":"https:\/\/www.pressenza.com\/es\/2018\/06\/marcha-ciudadana-y-solidaria-por-los-migrantes\/#primaryimage"},"thumbnailUrl":"https:\/\/www.pressenza.com\/wp-content\/uploads\/2018\/06\/DSC1078-61.jpg","keywords":["crimen solidario","marcha ciudadana","recepci\u00f3n de inmigrantes"],"articleSection":["Fotorreportajes"],"inLanguage":"es"},{"@type":"WebPage","@id":"https:\/\/www.pressenza.com\/es\/2018\/06\/marcha-ciudadana-y-solidaria-por-los-migrantes\/","url":"https:\/\/www.pressenza.com\/es\/2018\/06\/marcha-ciudadana-y-solidaria-por-los-migrantes\/","name":"Marcha Ciudadana y Solidaria por los Migrantes","isPartOf":{"@id":"https:\/\/www.pressenza.com\/es\/#website"},"primaryImageOfPage":{"@id":"https:\/\/www.pressenza.com\/es\/2018\/06\/marcha-ciudadana-y-solidaria-por-los-migrantes\/#primaryimage"},"image":{"@id":"https:\/\/www.pressenza.com\/es\/2018\/06\/marcha-ciudadana-y-solidaria-por-los-migrantes\/#primaryimage"},"thumbnailUrl":"https:\/\/www.pressenza.com\/wp-content\/uploads\/2018\/06\/DSC1078-61.jpg","datePublished":"2018-06-20T13:01:02+00:00","description":"La asociaci\u00f3n \"L'Auberge des Migrants\" organiza una marcha ciudadana y solidaria de Ventimiglia a Calais del 30 de abril al 7 de julio con una","breadcrumb":{"@id":"https:\/\/www.pressenza.com\/es\/2018\/06\/marcha-ciudadana-y-solidaria-por-los-migrantes\/#breadcrumb"},"inLanguage":"es","potentialAction":[{"@type":"ReadAction","target":["https:\/\/www.pressenza.com\/es\/2018\/06\/marcha-ciudadana-y-solidaria-por-los-migrantes\/"]}]},{"@type":"ImageObject","inLanguage":"es","@id":"https:\/\/www.pressenza.com\/es\/2018\/06\/marcha-ciudadana-y-solidaria-por-los-migrantes\/#primaryimage","url":"https:\/\/www.pressenza.com\/wp-content\/uploads\/2018\/06\/DSC1078-61.jpg","contentUrl":"https:\/\/www.pressenza.com\/wp-content\/uploads\/2018\/06\/DSC1078-61.jpg","width":675,"height":450},{"@type":"BreadcrumbList","@id":"https:\/\/www.pressenza.com\/es\/2018\/06\/marcha-ciudadana-y-solidaria-por-los-migrantes\/#breadcrumb","itemListElement":[{"@type":"ListItem","position":1,"name":"Accueil","item":"https:\/\/www.pressenza.com\/es\/"},{"@type":"ListItem","position":2,"name":"Marcha Ciudadana y Solidaria por los Migrantes"}]},{"@type":"WebSite","@id":"https:\/\/www.pressenza.com\/es\/#website","url":"https:\/\/www.pressenza.com\/es\/","name":"Pressenza","description":"International Press Agency","publisher":{"@id":"https:\/\/www.pressenza.com\/es\/#organization"},"potentialAction":[{"@type":"SearchAction","target":{"@type":"EntryPoint","urlTemplate":"https:\/\/www.pressenza.com\/es\/?s={search_term_string}"},"query-input":{"@type":"PropertyValueSpecification","valueRequired":true,"valueName":"search_term_string"}}],"inLanguage":"es"},{"@type":"Organization","@id":"https:\/\/www.pressenza.com\/es\/#organization","name":"Pressenza","url":"https:\/\/www.pressenza.com\/es\/","logo":{"@type":"ImageObject","inLanguage":"es","@id":"https:\/\/www.pressenza.com\/es\/#\/schema\/logo\/image\/","url":"https:\/\/www.pressenza.com\/wp-content\/uploads\/2022\/10\/pressenza_logo_200x200.jpg","contentUrl":"https:\/\/www.pressenza.com\/wp-content\/uploads\/2022\/10\/pressenza_logo_200x200.jpg","width":200,"height":200,"caption":"Pressenza"},"image":{"@id":"https:\/\/www.pressenza.com\/es\/#\/schema\/logo\/image\/"},"sameAs":["https:\/\/www.facebook.com\/PressenzaItalia","https:\/\/x.com\/PressenzaIPA"]},{"@type":"Person","@id":"https:\/\/www.pressenza.com\/es\/#\/schema\/person\/3c9fe6670cc2cffbd37562f87b98e869","name":"R\u00e9daction France","description":"News published by the Pressenza bureau in France","sameAs":["http:\/\/www.pressenza.com\/fr"],"url":"https:\/\/www.pressenza.com\/es\/author\/redactionfrance\/"}]}},"place":"","original_article_url":"","_links":{"self":[{"href":"https:\/\/www.pressenza.com\/es\/wp-json\/wp\/v2\/posts\/660871","targetHints":{"allow":["GET"]}}],"collection":[{"href":"https:\/\/www.pressenza.com\/es\/wp-json\/wp\/v2\/posts"}],"about":[{"href":"https:\/\/www.pressenza.com\/es\/wp-json\/wp\/v2\/types\/post"}],"author":[{"embeddable":true,"href":"https:\/\/www.pressenza.com\/es\/wp-json\/wp\/v2\/users\/926"}],"replies":[{"embeddable":true,"href":"https:\/\/www.pressenza.com\/es\/wp-json\/wp\/v2\/comments?post=660871"}],"version-history":[{"count":0,"href":"https:\/\/www.pressenza.com\/es\/wp-json\/wp\/v2\/posts\/660871\/revisions"}],"wp:featuredmedia":[{"embeddable":true,"href":"https:\/\/www.pressenza.com\/es\/wp-json\/wp\/v2\/media\/660307"}],"wp:attachment":[{"href":"https:\/\/www.pressenza.com\/es\/wp-json\/wp\/v2\/media?parent=660871"}],"wp:term":[{"taxonomy":"category","embeddable":true,"href":"https:\/\/www.pressenza.com\/es\/wp-json\/wp\/v2\/categories?post=660871"},{"taxonomy":"post_tag","embeddable":true,"href":"https:\/\/www.pressenza.com\/es\/wp-json\/wp\/v2\/tags?post=660871"}],"curies":[{"name":"wp","href":"https:\/\/api.w.org\/{rel}","templated":true}]}}