{"id":659,"date":"2009-07-06T00:00:00","date_gmt":"2009-07-06T00:00:00","guid":{"rendered":""},"modified":"2009-09-28T05:01:03","modified_gmt":"2009-09-28T05:01:03","slug":"lula-sanciona-amnistxa-a-los-extranjeros-y-critica-la-polxtica-migratoria-de-los-paxses-ricos","status":"publish","type":"post","link":"https:\/\/www.pressenza.com\/es\/2009\/07\/lula-sanciona-amnistxa-a-los-extranjeros-y-critica-la-polxtica-migratoria-de-los-paxses-ricos\/","title":{"rendered":"Lula sanciona amnist\u00eda a los extranjeros y critica la pol\u00edtica migratoria de los pa\u00edses ricos"},"content":{"rendered":"<p>El pasado d\u00eda 2 de julio se sancion\u00f3 la ley que permite regularizar la situaci\u00f3n de cerca de 50.000 extranjeros en el pa\u00eds. En la solemnidad en que se anunci\u00f3 la medida, en el Ministerio de Justicia, el presidente Lula critic\u00f3 la pol\u00edtica migratoria \u00abinjusta\u00bb de los pa\u00edses ricos. \u00abNo queremos ning\u00fan privilegio para ning\u00fan brasile\u00f1o en ninguna parte del mundo. Tan solo queremos que se trate a los brasile\u00f1os en el exterior como aqu\u00ed en Brasil tratamos a los extranjeros\u00bb, afirm\u00f3.<br \/>\nLula dirigi\u00f3 duras cr\u00edticas \u00aba la pol\u00edtica de discriminaci\u00f3n y prejuicio de los pa\u00edses ricos hacia los extranjeros. La represi\u00f3n y la intolerancia contra los inmigrantes no va a resolver los problemas causados por la crisis econ\u00f3mica mundial\u00bb, expres\u00f3 el presidente, recordando su condici\u00f3n de emigrante desde el nordeste del pa\u00eds, que tuvo que emigrar a S\u00e3o Paulo en busca de trabajo.<\/p>\n<p>Prehistoria de la democracia en Europa<\/p>\n<p>El ministro de Justicia, Tarso Genro, critic\u00f3 tambi\u00e9n a los pa\u00edses que, en su opini\u00f3n, criminalizan la simple presencia del inmigrante en sus territorios. *\u00abEn ciertos pa\u00edses europeos nos encontramos en la prehistoria de la democracia\u00bb*, afirm\u00f3 el ministro. La nueva legislaci\u00f3n beneficia a los inmigrantes que entraron clandestinamente en Brasil y a aquellos cuyo permiso de residencia ha vencido, adem\u00e1s de los extranjeros que no han obtenido todav\u00eda la condici\u00f3n de residente permanente en el pa\u00eds.<br \/>\nEn virtud de la nueva ley, los extranjeros tendr\u00e1n los mismos derechos y deberes que los brasile\u00f1os, excepto la posibilidad de presentar su candidatura a un cargo pol\u00edtico; tendr\u00e1n acceso a la salud y a la educaci\u00f3n, y podr\u00e1n buscar trabajo remunerado, sin ninguna restricci\u00f3n. Adem\u00e1s, el presidente suscribi\u00f3 un mensaje aconsejando al Congreso acerca del proyecto que modifica la ley de extranjer\u00eda, de 1980, para suprimir de ella el car\u00e1cter represor e incluir conceptos humanitarios recomendados por las Naciones Unidas. *\u00abTrabajo y dignidad para el emigrante es la respuesta que da Brasil a la intolerancia de los pa\u00edses ricos\u00bb*, afirm\u00f3 Lula, quien solicit\u00f3 al ministro de Justicia, Tarso Genro, un resumen de las medidas adoptadas por Brasil en favor de los inmigrantes para llevarlo al encuentro del G-8, la pr\u00f3xima semana, en Italia. *\u00abVoy a mostrar a los l\u00edderes de las grandes econom\u00edas la oposici\u00f3n de Brasil a la pol\u00edtica de los ricos con los inmigrantes\u00bb*.<br \/>\nSe da la coincidencia de que el encuentro tendr\u00e1 lugar en uno de los pa\u00edses que ha adoptado una de las pol\u00edticas m\u00e1s restrictivas para los inmigrantes, pues en Italia el Gobierno de Berlusconi ha aprobado una legislaci\u00f3n que llega a proponer la formaci\u00f3n de comit\u00e9s civiles para denunciar inmigrantes.<\/p>\n","protected":false},"excerpt":{"rendered":"<p>*\u00abQueremos que se trate a los brasile\u00f1os en el exterior como aqu\u00ed en Brasil tratamos a los extranjeros\u00bb*, manifest\u00f3 el presidente brasile\u00f1o al sancionar una nueva ley que permite regularizar la situaci\u00f3n de aproximadamente 50.000 extranjeros ilegales en el pa\u00eds<\/p>\n","protected":false},"author":19,"featured_media":0,"comment_status":"closed","ping_status":"open","sticky":false,"template":"","format":"standard","meta":{"footnotes":""},"categories":[76,39,161,67],"tags":[],"class_list":["post-659","post","type-post","status-publish","format-standard","hentry","category-relaciones-exteriores","category-internacional","category-opiniones","category-sudamerica"],"yoast_head":"<!-- This site is optimized with the Yoast SEO plugin v27.1.1 - https:\/\/yoast.com\/product\/yoast-seo-wordpress\/ -->\n<title>Lula sanciona amnist\u00eda a los extranjeros y critica la pol\u00edtica migratoria de los pa\u00edses ricos<\/title>\n<meta name=\"description\" content=\"*\u00abQueremos que se trate a los brasile\u00f1os en el exterior como aqu\u00ed en Brasil tratamos a los extranjeros\u00bb*, manifest\u00f3 el presidente brasile\u00f1o al sancionar una nueva ley que permite regularizar la situaci\u00f3n de aproximadamente 50.000 extranjeros ilegales en el pa\u00eds\" \/>\n<meta name=\"robots\" content=\"index, follow, max-snippet:-1, max-image-preview:large, max-video-preview:-1\" \/>\n<link rel=\"canonical\" href=\"https:\/\/www.pressenza.com\/es\/2009\/07\/lula-sanciona-amnistxa-a-los-extranjeros-y-critica-la-polxtica-migratoria-de-los-paxses-ricos\/\" \/>\n<meta property=\"og:locale\" content=\"es_ES\" \/>\n<meta property=\"og:type\" content=\"article\" \/>\n<meta property=\"og:title\" content=\"Lula sanciona amnist\u00eda a los extranjeros y critica la pol\u00edtica migratoria de los pa\u00edses ricos\" \/>\n<meta property=\"og:description\" content=\"*\u00abQueremos que se trate a los brasile\u00f1os en el exterior como aqu\u00ed en Brasil tratamos a los extranjeros\u00bb*, manifest\u00f3 el presidente brasile\u00f1o al sancionar una nueva ley que permite regularizar la situaci\u00f3n de aproximadamente 50.000 extranjeros ilegales en el pa\u00eds\" \/>\n<meta property=\"og:url\" content=\"https:\/\/www.pressenza.com\/es\/2009\/07\/lula-sanciona-amnistxa-a-los-extranjeros-y-critica-la-polxtica-migratoria-de-los-paxses-ricos\/\" \/>\n<meta property=\"og:site_name\" content=\"Pressenza\" \/>\n<meta property=\"article:publisher\" content=\"https:\/\/www.facebook.com\/PressenzaItalia\" \/>\n<meta property=\"article:author\" content=\"https:\/\/www.facebook.com\/pressenza\" \/>\n<meta property=\"article:published_time\" content=\"2009-07-06T00:00:00+00:00\" \/>\n<meta property=\"article:modified_time\" content=\"2009-09-28T05:01:03+00:00\" \/>\n<meta name=\"author\" content=\"Pressenza IPA\" \/>\n<meta name=\"twitter:card\" content=\"summary_large_image\" \/>\n<meta name=\"twitter:creator\" content=\"@PressenzaIPA\" \/>\n<meta name=\"twitter:site\" content=\"@PressenzaIPA\" \/>\n<meta name=\"twitter:label1\" content=\"Escrito por\" \/>\n\t<meta name=\"twitter:data1\" content=\"Pressenza IPA\" \/>\n\t<meta name=\"twitter:label2\" content=\"Tiempo de lectura\" \/>\n\t<meta name=\"twitter:data2\" content=\"2 minutos\" \/>\n<script type=\"application\/ld+json\" class=\"yoast-schema-graph\">{\"@context\":\"https:\/\/schema.org\",\"@graph\":[{\"@type\":\"Article\",\"@id\":\"https:\/\/www.pressenza.com\/es\/2009\/07\/lula-sanciona-amnistxa-a-los-extranjeros-y-critica-la-polxtica-migratoria-de-los-paxses-ricos\/#article\",\"isPartOf\":{\"@id\":\"https:\/\/www.pressenza.com\/es\/2009\/07\/lula-sanciona-amnistxa-a-los-extranjeros-y-critica-la-polxtica-migratoria-de-los-paxses-ricos\/\"},\"author\":{\"name\":\"Pressenza IPA\",\"@id\":\"https:\/\/www.pressenza.com\/es\/#\/schema\/person\/010e5d02bcf40965427a1289a4cc8d75\"},\"headline\":\"Lula sanciona amnist\u00eda a los extranjeros y critica la pol\u00edtica migratoria de los pa\u00edses ricos\",\"datePublished\":\"2009-07-06T00:00:00+00:00\",\"dateModified\":\"2009-09-28T05:01:03+00:00\",\"mainEntityOfPage\":{\"@id\":\"https:\/\/www.pressenza.com\/es\/2009\/07\/lula-sanciona-amnistxa-a-los-extranjeros-y-critica-la-polxtica-migratoria-de-los-paxses-ricos\/\"},\"wordCount\":498,\"publisher\":{\"@id\":\"https:\/\/www.pressenza.com\/es\/#organization\"},\"articleSection\":[\"Asuntos internacionales\",\"Internacional\",\"Opiniones\",\"Sudam\u00e9rica\"],\"inLanguage\":\"es\"},{\"@type\":\"WebPage\",\"@id\":\"https:\/\/www.pressenza.com\/es\/2009\/07\/lula-sanciona-amnistxa-a-los-extranjeros-y-critica-la-polxtica-migratoria-de-los-paxses-ricos\/\",\"url\":\"https:\/\/www.pressenza.com\/es\/2009\/07\/lula-sanciona-amnistxa-a-los-extranjeros-y-critica-la-polxtica-migratoria-de-los-paxses-ricos\/\",\"name\":\"Lula sanciona amnist\u00eda a los extranjeros y critica la pol\u00edtica migratoria de los pa\u00edses ricos\",\"isPartOf\":{\"@id\":\"https:\/\/www.pressenza.com\/es\/#website\"},\"datePublished\":\"2009-07-06T00:00:00+00:00\",\"dateModified\":\"2009-09-28T05:01:03+00:00\",\"description\":\"*\u00abQueremos que se trate a los brasile\u00f1os en el exterior como aqu\u00ed en Brasil tratamos a los extranjeros\u00bb*, manifest\u00f3 el presidente brasile\u00f1o al sancionar una nueva ley que permite regularizar la situaci\u00f3n de aproximadamente 50.000 extranjeros ilegales en el pa\u00eds\",\"breadcrumb\":{\"@id\":\"https:\/\/www.pressenza.com\/es\/2009\/07\/lula-sanciona-amnistxa-a-los-extranjeros-y-critica-la-polxtica-migratoria-de-los-paxses-ricos\/#breadcrumb\"},\"inLanguage\":\"es\",\"potentialAction\":[{\"@type\":\"ReadAction\",\"target\":[\"https:\/\/www.pressenza.com\/es\/2009\/07\/lula-sanciona-amnistxa-a-los-extranjeros-y-critica-la-polxtica-migratoria-de-los-paxses-ricos\/\"]}]},{\"@type\":\"BreadcrumbList\",\"@id\":\"https:\/\/www.pressenza.com\/es\/2009\/07\/lula-sanciona-amnistxa-a-los-extranjeros-y-critica-la-polxtica-migratoria-de-los-paxses-ricos\/#breadcrumb\",\"itemListElement\":[{\"@type\":\"ListItem\",\"position\":1,\"name\":\"Accueil\",\"item\":\"https:\/\/www.pressenza.com\/es\/\"},{\"@type\":\"ListItem\",\"position\":2,\"name\":\"Lula sanciona amnist\u00eda a los extranjeros y critica la pol\u00edtica migratoria de los pa\u00edses ricos\"}]},{\"@type\":\"WebSite\",\"@id\":\"https:\/\/www.pressenza.com\/es\/#website\",\"url\":\"https:\/\/www.pressenza.com\/es\/\",\"name\":\"Pressenza\",\"description\":\"International Press Agency\",\"publisher\":{\"@id\":\"https:\/\/www.pressenza.com\/es\/#organization\"},\"potentialAction\":[{\"@type\":\"SearchAction\",\"target\":{\"@type\":\"EntryPoint\",\"urlTemplate\":\"https:\/\/www.pressenza.com\/es\/?s={search_term_string}\"},\"query-input\":{\"@type\":\"PropertyValueSpecification\",\"valueRequired\":true,\"valueName\":\"search_term_string\"}}],\"inLanguage\":\"es\"},{\"@type\":\"Organization\",\"@id\":\"https:\/\/www.pressenza.com\/es\/#organization\",\"name\":\"Pressenza\",\"url\":\"https:\/\/www.pressenza.com\/es\/\",\"logo\":{\"@type\":\"ImageObject\",\"inLanguage\":\"es\",\"@id\":\"https:\/\/www.pressenza.com\/es\/#\/schema\/logo\/image\/\",\"url\":\"https:\/\/www.pressenza.com\/wp-content\/uploads\/2022\/10\/pressenza_logo_200x200.jpg\",\"contentUrl\":\"https:\/\/www.pressenza.com\/wp-content\/uploads\/2022\/10\/pressenza_logo_200x200.jpg\",\"width\":200,\"height\":200,\"caption\":\"Pressenza\"},\"image\":{\"@id\":\"https:\/\/www.pressenza.com\/es\/#\/schema\/logo\/image\/\"},\"sameAs\":[\"https:\/\/www.facebook.com\/PressenzaItalia\",\"https:\/\/x.com\/PressenzaIPA\"]},{\"@type\":\"Person\",\"@id\":\"https:\/\/www.pressenza.com\/es\/#\/schema\/person\/010e5d02bcf40965427a1289a4cc8d75\",\"name\":\"Pressenza IPA\",\"description\":\"News from Pressenza IPA correspondents\",\"sameAs\":[\"https:\/\/www.facebook.com\/pressenza\",\"https:\/\/x.com\/PressenzaIPA\"],\"url\":\"https:\/\/www.pressenza.com\/es\/author\/pressenza-ipa\/\"}]}<\/script>\n<!-- \/ Yoast SEO plugin. -->","yoast_head_json":{"title":"Lula sanciona amnist\u00eda a los extranjeros y critica la pol\u00edtica migratoria de los pa\u00edses ricos","description":"*\u00abQueremos que se trate a los brasile\u00f1os en el exterior como aqu\u00ed en Brasil tratamos a los extranjeros\u00bb*, manifest\u00f3 el presidente brasile\u00f1o al sancionar una nueva ley que permite regularizar la situaci\u00f3n de aproximadamente 50.000 extranjeros ilegales en el pa\u00eds","robots":{"index":"index","follow":"follow","max-snippet":"max-snippet:-1","max-image-preview":"max-image-preview:large","max-video-preview":"max-video-preview:-1"},"canonical":"https:\/\/www.pressenza.com\/es\/2009\/07\/lula-sanciona-amnistxa-a-los-extranjeros-y-critica-la-polxtica-migratoria-de-los-paxses-ricos\/","og_locale":"es_ES","og_type":"article","og_title":"Lula sanciona amnist\u00eda a los extranjeros y critica la pol\u00edtica migratoria de los pa\u00edses ricos","og_description":"*\u00abQueremos que se trate a los brasile\u00f1os en el exterior como aqu\u00ed en Brasil tratamos a los extranjeros\u00bb*, manifest\u00f3 el presidente brasile\u00f1o al sancionar una nueva ley que permite regularizar la situaci\u00f3n de aproximadamente 50.000 extranjeros ilegales en el pa\u00eds","og_url":"https:\/\/www.pressenza.com\/es\/2009\/07\/lula-sanciona-amnistxa-a-los-extranjeros-y-critica-la-polxtica-migratoria-de-los-paxses-ricos\/","og_site_name":"Pressenza","article_publisher":"https:\/\/www.facebook.com\/PressenzaItalia","article_author":"https:\/\/www.facebook.com\/pressenza","article_published_time":"2009-07-06T00:00:00+00:00","article_modified_time":"2009-09-28T05:01:03+00:00","author":"Pressenza IPA","twitter_card":"summary_large_image","twitter_creator":"@PressenzaIPA","twitter_site":"@PressenzaIPA","twitter_misc":{"Escrito por":"Pressenza IPA","Tiempo de lectura":"2 minutos"},"schema":{"@context":"https:\/\/schema.org","@graph":[{"@type":"Article","@id":"https:\/\/www.pressenza.com\/es\/2009\/07\/lula-sanciona-amnistxa-a-los-extranjeros-y-critica-la-polxtica-migratoria-de-los-paxses-ricos\/#article","isPartOf":{"@id":"https:\/\/www.pressenza.com\/es\/2009\/07\/lula-sanciona-amnistxa-a-los-extranjeros-y-critica-la-polxtica-migratoria-de-los-paxses-ricos\/"},"author":{"name":"Pressenza IPA","@id":"https:\/\/www.pressenza.com\/es\/#\/schema\/person\/010e5d02bcf40965427a1289a4cc8d75"},"headline":"Lula sanciona amnist\u00eda a los extranjeros y critica la pol\u00edtica migratoria de los pa\u00edses ricos","datePublished":"2009-07-06T00:00:00+00:00","dateModified":"2009-09-28T05:01:03+00:00","mainEntityOfPage":{"@id":"https:\/\/www.pressenza.com\/es\/2009\/07\/lula-sanciona-amnistxa-a-los-extranjeros-y-critica-la-polxtica-migratoria-de-los-paxses-ricos\/"},"wordCount":498,"publisher":{"@id":"https:\/\/www.pressenza.com\/es\/#organization"},"articleSection":["Asuntos internacionales","Internacional","Opiniones","Sudam\u00e9rica"],"inLanguage":"es"},{"@type":"WebPage","@id":"https:\/\/www.pressenza.com\/es\/2009\/07\/lula-sanciona-amnistxa-a-los-extranjeros-y-critica-la-polxtica-migratoria-de-los-paxses-ricos\/","url":"https:\/\/www.pressenza.com\/es\/2009\/07\/lula-sanciona-amnistxa-a-los-extranjeros-y-critica-la-polxtica-migratoria-de-los-paxses-ricos\/","name":"Lula sanciona amnist\u00eda a los extranjeros y critica la pol\u00edtica migratoria de los pa\u00edses ricos","isPartOf":{"@id":"https:\/\/www.pressenza.com\/es\/#website"},"datePublished":"2009-07-06T00:00:00+00:00","dateModified":"2009-09-28T05:01:03+00:00","description":"*\u00abQueremos que se trate a los brasile\u00f1os en el exterior como aqu\u00ed en Brasil tratamos a los extranjeros\u00bb*, manifest\u00f3 el presidente brasile\u00f1o al sancionar una nueva ley que permite regularizar la situaci\u00f3n de aproximadamente 50.000 extranjeros ilegales en el pa\u00eds","breadcrumb":{"@id":"https:\/\/www.pressenza.com\/es\/2009\/07\/lula-sanciona-amnistxa-a-los-extranjeros-y-critica-la-polxtica-migratoria-de-los-paxses-ricos\/#breadcrumb"},"inLanguage":"es","potentialAction":[{"@type":"ReadAction","target":["https:\/\/www.pressenza.com\/es\/2009\/07\/lula-sanciona-amnistxa-a-los-extranjeros-y-critica-la-polxtica-migratoria-de-los-paxses-ricos\/"]}]},{"@type":"BreadcrumbList","@id":"https:\/\/www.pressenza.com\/es\/2009\/07\/lula-sanciona-amnistxa-a-los-extranjeros-y-critica-la-polxtica-migratoria-de-los-paxses-ricos\/#breadcrumb","itemListElement":[{"@type":"ListItem","position":1,"name":"Accueil","item":"https:\/\/www.pressenza.com\/es\/"},{"@type":"ListItem","position":2,"name":"Lula sanciona amnist\u00eda a los extranjeros y critica la pol\u00edtica migratoria de los pa\u00edses ricos"}]},{"@type":"WebSite","@id":"https:\/\/www.pressenza.com\/es\/#website","url":"https:\/\/www.pressenza.com\/es\/","name":"Pressenza","description":"International Press Agency","publisher":{"@id":"https:\/\/www.pressenza.com\/es\/#organization"},"potentialAction":[{"@type":"SearchAction","target":{"@type":"EntryPoint","urlTemplate":"https:\/\/www.pressenza.com\/es\/?s={search_term_string}"},"query-input":{"@type":"PropertyValueSpecification","valueRequired":true,"valueName":"search_term_string"}}],"inLanguage":"es"},{"@type":"Organization","@id":"https:\/\/www.pressenza.com\/es\/#organization","name":"Pressenza","url":"https:\/\/www.pressenza.com\/es\/","logo":{"@type":"ImageObject","inLanguage":"es","@id":"https:\/\/www.pressenza.com\/es\/#\/schema\/logo\/image\/","url":"https:\/\/www.pressenza.com\/wp-content\/uploads\/2022\/10\/pressenza_logo_200x200.jpg","contentUrl":"https:\/\/www.pressenza.com\/wp-content\/uploads\/2022\/10\/pressenza_logo_200x200.jpg","width":200,"height":200,"caption":"Pressenza"},"image":{"@id":"https:\/\/www.pressenza.com\/es\/#\/schema\/logo\/image\/"},"sameAs":["https:\/\/www.facebook.com\/PressenzaItalia","https:\/\/x.com\/PressenzaIPA"]},{"@type":"Person","@id":"https:\/\/www.pressenza.com\/es\/#\/schema\/person\/010e5d02bcf40965427a1289a4cc8d75","name":"Pressenza IPA","description":"News from Pressenza IPA correspondents","sameAs":["https:\/\/www.facebook.com\/pressenza","https:\/\/x.com\/PressenzaIPA"],"url":"https:\/\/www.pressenza.com\/es\/author\/pressenza-ipa\/"}]}},"place":"Brasilia","original_article_url":"","_links":{"self":[{"href":"https:\/\/www.pressenza.com\/es\/wp-json\/wp\/v2\/posts\/659","targetHints":{"allow":["GET"]}}],"collection":[{"href":"https:\/\/www.pressenza.com\/es\/wp-json\/wp\/v2\/posts"}],"about":[{"href":"https:\/\/www.pressenza.com\/es\/wp-json\/wp\/v2\/types\/post"}],"author":[{"embeddable":true,"href":"https:\/\/www.pressenza.com\/es\/wp-json\/wp\/v2\/users\/19"}],"replies":[{"embeddable":true,"href":"https:\/\/www.pressenza.com\/es\/wp-json\/wp\/v2\/comments?post=659"}],"version-history":[{"count":0,"href":"https:\/\/www.pressenza.com\/es\/wp-json\/wp\/v2\/posts\/659\/revisions"}],"wp:attachment":[{"href":"https:\/\/www.pressenza.com\/es\/wp-json\/wp\/v2\/media?parent=659"}],"wp:term":[{"taxonomy":"category","embeddable":true,"href":"https:\/\/www.pressenza.com\/es\/wp-json\/wp\/v2\/categories?post=659"},{"taxonomy":"post_tag","embeddable":true,"href":"https:\/\/www.pressenza.com\/es\/wp-json\/wp\/v2\/tags?post=659"}],"curies":[{"name":"wp","href":"https:\/\/api.w.org\/{rel}","templated":true}]}}