{"id":658836,"date":"2018-06-16T23:36:13","date_gmt":"2018-06-16T22:36:13","guid":{"rendered":"https:\/\/www.pressenza.com\/?p=658836"},"modified":"2018-06-16T23:36:13","modified_gmt":"2018-06-16T22:36:13","slug":"elecciones-2018-colombia-la-politica-la-pasion","status":"publish","type":"post","link":"https:\/\/www.pressenza.com\/es\/2018\/06\/elecciones-2018-colombia-la-politica-la-pasion\/","title":{"rendered":"Elecciones 2018 en Colombia: la pol\u00edtica de la pasi\u00f3n"},"content":{"rendered":"<p><em>Por Franci Corrales Acosta<\/em><\/p>\n<p>Las \u00faltimas tres semanas es la pasi\u00f3n el sentimiento que se ha exacerbado en las redes sociales, se caldean los \u00e1nimos y se generan reacciones que convergen alrededor de las campa\u00f1as pol\u00edticas, a favor o en contra de la \u201cColombia Humana\u201d de Gustavo Petro, que propone un cambio como ruptura con las din\u00e1micas de pa\u00eds gobernada por una \u00e9lite pol\u00edtica; y a favor o, en contra, de \u201cEs El Que Es\u201d: Iv\u00e1n Duque, que propone un cambio con respecto al actual gobierno, pero que significa un retorno a la pol\u00edtica de \u00e9lite que controla todas las esferas del poder. El primero un cambio lleno de incertidumbres y el segundo, la certeza de la clase pol\u00edtica colombiana que siempre ha gobernado.<\/p>\n<p>Ambas campa\u00f1as han logrado mover desde lo m\u00e1s profundo, la humanidad colombiana, la necesidad de expresar sentimientos y emociones que representa eso que para cada uno y cada una es Colombia.  Las emociones y las pasiones han sido descartadas en la vida pol\u00edtica por considerarse la fuente de la irracionalidad. En ello, se socaba la capacidad del ser humano por aprobar o reprobar los actos de humanidad del otro y su sentido \u00e9tico y moral; la capacidad de leer su momento hist\u00f3rico desde las creencia y los valores sociales. <\/p>\n<p>Pero las campa\u00f1a pol\u00edtica saben muy bien c\u00f3mo se juega el mundo interior del electorado y, es justo eso, lo que se ve en la cotidianidad de la pol\u00edtica cuando Iv\u00e1n Duque, emulando a un hom\u00f3logo espa\u00f1ol, escribe una carta a su hija describiendo el pa\u00eds que le quiere dejar o, cuando Petro, llegada la fecha de la segunda vuelta, env\u00eda un mensaje que inicia con la imagen de la familia sentada compartiendo el desayuno e invitando a la esperanza. Con ello, no es justamente la racionalidad a la que se alude, es al fuero \u00edntimo en el que se mueve la pasi\u00f3n, donde se produce el amor y el odio. Es una apuesta por conquistar la humanidad del pueblo colombiano. Un apuesta que representa la misma humanidad de los dos candidatos. <\/p>\n<p>En este juego de emociones, en esa imagen humana de quienes aman y tienen familia se abre la pasi\u00f3n por el pa\u00eds, la pasi\u00f3n por Colombia, pero que indiscutiblemente representa dos proyectos de pa\u00eds. Representa un pueblo que se ha dividido y cree que el respectivo camino elegido es el que mejor representa su sentir, un proyecto se ama el otro se odia. Dos razones que se han convertido en la fuente de la discordia y han permitido que la pol\u00edtica haya conquistado el terreno del fanatismo, reduciendo la reflexi\u00f3n a memes con frases cortas que hablan odio, historias mal contadas y de versiones precarizadas de las disputas por el poder. El miedo, como la fuente del argumento, sugiere la renuncia a la sensatez que advierte momentos hist\u00f3ricos como los que vive un pa\u00eds que desea la paz. <\/p>\n<p>Uno de los proyectos del pa\u00eds, pro establishment con el concurso de todas las fuerzas pol\u00edticas que han desangrado hist\u00f3ricamente el pa\u00eds y que han llevado a esta sociedad a la debacle, produciendo los niveles de inequidad m\u00e1s altos para Latinoam\u00e9rica, permeado por la corrupci\u00f3n y la mafia, con altos niveles de impunidad y un sin n\u00famero de promesas incumplidas, habla de desarrollo y de oportunidades. Otro proyecto de pa\u00eds, que emerge de un ex M-19, que carga con el peso de la historia por revelarse ante el orden institucional, con un estigma que le precede y que, por dem\u00e1s, representa la perspectiva de descolocar la zona de confort de muchos en Colombia. Un proyecto que acompa\u00f1a, lo respalda y condiciona fuerzas sociales, pol\u00edticas y acad\u00e9micas que emergen del desencanto y habla de posibilidad, de reto y de progresi\u00f3n.   <\/p>\n<p>Sin embargo, la conducci\u00f3n de la emoci\u00f3n por obra de los medios de comunicaci\u00f3n ha posicionado irrestrictamente dos sentimientos el de simpat\u00eda a favor del candidato Iv\u00e1n Duque y el de animadversi\u00f3n en torno al candidato Gustavo Petro. Mientras el primero es presentado afable, cercano y con dominio de la cotidianidad; el segundo es representado como un sujeto r\u00edgido, controversial y paranoico. Con el primero las risas y las confianza; con el segundo el sarcasmo y la mordacidad. Claramente dos sentimientos muy humanos, pero contradictores.<\/p>\n<p>La decisi\u00f3n que se lleva a las urnas puede hacer la diferencia, pero no en todos los casos es c\u00e1ndida, por supuesto est\u00e1 atravesada por valores y creencias que hablan de las prioridades que emergen en cada uno y cada una de los ciudadanos. Hay que apelar al afecto y a la pasi\u00f3n humana que nos conduzca a una decisi\u00f3n que brinde paz. Seg\u00fan Nossbaum las emociones p\u00fablicas tienen consecuencias en la consecuci\u00f3n de objetivos referidos al progreso de la Naci\u00f3n.  Estas pueden imprimir vigor a la lucha o puede descarrilar la lucha, introduciendo y reforzando divisiones y jerarqu\u00edas. En este caso, \u00bfcu\u00e1l es el proyecto de pa\u00eds que mueve la pasi\u00f3n por una vida mejor en tiempos de cambio?<\/p>\n","protected":false},"excerpt":{"rendered":"<p>Por Franci Corrales Acosta Las \u00faltimas tres semanas es la pasi\u00f3n el sentimiento que se ha exacerbado en las redes sociales, se caldean los \u00e1nimos y se generan reacciones que convergen alrededor de las campa\u00f1as pol\u00edticas, a favor o en&hellip;<\/p>\n","protected":false},"author":1053,"featured_media":658845,"comment_status":"closed","ping_status":"closed","sticky":false,"template":"","format":"standard","meta":{"footnotes":""},"categories":[11389,161,74,67],"tags":[46468,14513],"class_list":["post-658836","post","type-post","status-publish","format-standard","has-post-thumbnail","hentry","category-contenido-original","category-opiniones","category-politica-es","category-sudamerica","tag-elecciones-colombia-2018","tag-proceso-de-paz-en-colombia"],"yoast_head":"<!-- This site is optimized with the Yoast SEO plugin v27.1.1 - https:\/\/yoast.com\/product\/yoast-seo-wordpress\/ -->\n<title>Elecciones 2018 en Colombia: la pol\u00edtica de la pasi\u00f3n<\/title>\n<meta name=\"description\" content=\"Por Franci Corrales Acosta Las \u00faltimas tres semanas es la pasi\u00f3n el sentimiento que se ha exacerbado en las redes sociales, se caldean los \u00e1nimos y se\" \/>\n<meta name=\"robots\" content=\"index, follow, max-snippet:-1, max-image-preview:large, max-video-preview:-1\" \/>\n<link rel=\"canonical\" href=\"https:\/\/www.pressenza.com\/es\/2018\/06\/elecciones-2018-colombia-la-politica-la-pasion\/\" \/>\n<meta property=\"og:locale\" content=\"es_ES\" \/>\n<meta property=\"og:type\" content=\"article\" \/>\n<meta property=\"og:title\" content=\"Elecciones 2018 en Colombia: la pol\u00edtica de la pasi\u00f3n\" \/>\n<meta property=\"og:description\" content=\"Por Franci Corrales Acosta Las \u00faltimas tres semanas es la pasi\u00f3n el sentimiento que se ha exacerbado en las redes sociales, se caldean los \u00e1nimos y se\" \/>\n<meta property=\"og:url\" content=\"https:\/\/www.pressenza.com\/es\/2018\/06\/elecciones-2018-colombia-la-politica-la-pasion\/\" \/>\n<meta property=\"og:site_name\" content=\"Pressenza\" \/>\n<meta property=\"article:publisher\" content=\"https:\/\/www.facebook.com\/PressenzaItalia\" \/>\n<meta property=\"article:published_time\" content=\"2018-06-16T22:36:13+00:00\" \/>\n<meta property=\"og:image\" content=\"https:\/\/www.pressenza.com\/wp-content\/uploads\/2018\/06\/Petro-y-Duque.jpg\" \/>\n\t<meta property=\"og:image:width\" content=\"900\" \/>\n\t<meta property=\"og:image:height\" content=\"600\" \/>\n\t<meta property=\"og:image:type\" content=\"image\/jpeg\" \/>\n<meta name=\"author\" content=\"Redacci\u00f3n Colombia\" \/>\n<meta name=\"twitter:card\" content=\"summary_large_image\" \/>\n<meta name=\"twitter:creator\" content=\"@PressenzaIPA\" \/>\n<meta name=\"twitter:site\" content=\"@PressenzaIPA\" \/>\n<meta name=\"twitter:label1\" content=\"Escrito por\" \/>\n\t<meta name=\"twitter:data1\" content=\"Redacci\u00f3n Colombia\" \/>\n\t<meta name=\"twitter:label2\" content=\"Tiempo de lectura\" \/>\n\t<meta name=\"twitter:data2\" content=\"4 minutos\" \/>\n<script type=\"application\/ld+json\" class=\"yoast-schema-graph\">{\"@context\":\"https:\/\/schema.org\",\"@graph\":[{\"@type\":\"Article\",\"@id\":\"https:\/\/www.pressenza.com\/es\/2018\/06\/elecciones-2018-colombia-la-politica-la-pasion\/#article\",\"isPartOf\":{\"@id\":\"https:\/\/www.pressenza.com\/es\/2018\/06\/elecciones-2018-colombia-la-politica-la-pasion\/\"},\"author\":{\"name\":\"Redacci\u00f3n Colombia\",\"@id\":\"https:\/\/www.pressenza.com\/es\/#\/schema\/person\/7c8ee170a4502d638436c91e385315f2\"},\"headline\":\"Elecciones 2018 en Colombia: la pol\u00edtica de la pasi\u00f3n\",\"datePublished\":\"2018-06-16T22:36:13+00:00\",\"mainEntityOfPage\":{\"@id\":\"https:\/\/www.pressenza.com\/es\/2018\/06\/elecciones-2018-colombia-la-politica-la-pasion\/\"},\"wordCount\":901,\"publisher\":{\"@id\":\"https:\/\/www.pressenza.com\/es\/#organization\"},\"image\":{\"@id\":\"https:\/\/www.pressenza.com\/es\/2018\/06\/elecciones-2018-colombia-la-politica-la-pasion\/#primaryimage\"},\"thumbnailUrl\":\"https:\/\/www.pressenza.com\/wp-content\/uploads\/2018\/06\/Petro-y-Duque.jpg\",\"keywords\":[\"Elecciones Colombia 2018\",\"Proceso de Paz en Colombia\"],\"articleSection\":[\"Contenido Original\",\"Opiniones\",\"Pol\u00edtica\",\"Sudam\u00e9rica\"],\"inLanguage\":\"es\"},{\"@type\":\"WebPage\",\"@id\":\"https:\/\/www.pressenza.com\/es\/2018\/06\/elecciones-2018-colombia-la-politica-la-pasion\/\",\"url\":\"https:\/\/www.pressenza.com\/es\/2018\/06\/elecciones-2018-colombia-la-politica-la-pasion\/\",\"name\":\"Elecciones 2018 en Colombia: la pol\u00edtica de la pasi\u00f3n\",\"isPartOf\":{\"@id\":\"https:\/\/www.pressenza.com\/es\/#website\"},\"primaryImageOfPage\":{\"@id\":\"https:\/\/www.pressenza.com\/es\/2018\/06\/elecciones-2018-colombia-la-politica-la-pasion\/#primaryimage\"},\"image\":{\"@id\":\"https:\/\/www.pressenza.com\/es\/2018\/06\/elecciones-2018-colombia-la-politica-la-pasion\/#primaryimage\"},\"thumbnailUrl\":\"https:\/\/www.pressenza.com\/wp-content\/uploads\/2018\/06\/Petro-y-Duque.jpg\",\"datePublished\":\"2018-06-16T22:36:13+00:00\",\"description\":\"Por Franci Corrales Acosta Las \u00faltimas tres semanas es la pasi\u00f3n el sentimiento que se ha exacerbado en las redes sociales, se caldean los \u00e1nimos y se\",\"breadcrumb\":{\"@id\":\"https:\/\/www.pressenza.com\/es\/2018\/06\/elecciones-2018-colombia-la-politica-la-pasion\/#breadcrumb\"},\"inLanguage\":\"es\",\"potentialAction\":[{\"@type\":\"ReadAction\",\"target\":[\"https:\/\/www.pressenza.com\/es\/2018\/06\/elecciones-2018-colombia-la-politica-la-pasion\/\"]}]},{\"@type\":\"ImageObject\",\"inLanguage\":\"es\",\"@id\":\"https:\/\/www.pressenza.com\/es\/2018\/06\/elecciones-2018-colombia-la-politica-la-pasion\/#primaryimage\",\"url\":\"https:\/\/www.pressenza.com\/wp-content\/uploads\/2018\/06\/Petro-y-Duque.jpg\",\"contentUrl\":\"https:\/\/www.pressenza.com\/wp-content\/uploads\/2018\/06\/Petro-y-Duque.jpg\",\"width\":900,\"height\":600},{\"@type\":\"BreadcrumbList\",\"@id\":\"https:\/\/www.pressenza.com\/es\/2018\/06\/elecciones-2018-colombia-la-politica-la-pasion\/#breadcrumb\",\"itemListElement\":[{\"@type\":\"ListItem\",\"position\":1,\"name\":\"Accueil\",\"item\":\"https:\/\/www.pressenza.com\/es\/\"},{\"@type\":\"ListItem\",\"position\":2,\"name\":\"Elecciones 2018 en Colombia: la pol\u00edtica de la pasi\u00f3n\"}]},{\"@type\":\"WebSite\",\"@id\":\"https:\/\/www.pressenza.com\/es\/#website\",\"url\":\"https:\/\/www.pressenza.com\/es\/\",\"name\":\"Pressenza\",\"description\":\"International Press Agency\",\"publisher\":{\"@id\":\"https:\/\/www.pressenza.com\/es\/#organization\"},\"potentialAction\":[{\"@type\":\"SearchAction\",\"target\":{\"@type\":\"EntryPoint\",\"urlTemplate\":\"https:\/\/www.pressenza.com\/es\/?s={search_term_string}\"},\"query-input\":{\"@type\":\"PropertyValueSpecification\",\"valueRequired\":true,\"valueName\":\"search_term_string\"}}],\"inLanguage\":\"es\"},{\"@type\":\"Organization\",\"@id\":\"https:\/\/www.pressenza.com\/es\/#organization\",\"name\":\"Pressenza\",\"url\":\"https:\/\/www.pressenza.com\/es\/\",\"logo\":{\"@type\":\"ImageObject\",\"inLanguage\":\"es\",\"@id\":\"https:\/\/www.pressenza.com\/es\/#\/schema\/logo\/image\/\",\"url\":\"https:\/\/www.pressenza.com\/wp-content\/uploads\/2022\/10\/pressenza_logo_200x200.jpg\",\"contentUrl\":\"https:\/\/www.pressenza.com\/wp-content\/uploads\/2022\/10\/pressenza_logo_200x200.jpg\",\"width\":200,\"height\":200,\"caption\":\"Pressenza\"},\"image\":{\"@id\":\"https:\/\/www.pressenza.com\/es\/#\/schema\/logo\/image\/\"},\"sameAs\":[\"https:\/\/www.facebook.com\/PressenzaItalia\",\"https:\/\/x.com\/PressenzaIPA\"]},{\"@type\":\"Person\",\"@id\":\"https:\/\/www.pressenza.com\/es\/#\/schema\/person\/7c8ee170a4502d638436c91e385315f2\",\"name\":\"Redacci\u00f3n Colombia\",\"description\":\"News published by the Pressenza bureau in Colombia\",\"url\":\"https:\/\/www.pressenza.com\/es\/author\/redaccion-colombia\/\"}]}<\/script>\n<!-- \/ Yoast SEO plugin. -->","yoast_head_json":{"title":"Elecciones 2018 en Colombia: la pol\u00edtica de la pasi\u00f3n","description":"Por Franci Corrales Acosta Las \u00faltimas tres semanas es la pasi\u00f3n el sentimiento que se ha exacerbado en las redes sociales, se caldean los \u00e1nimos y se","robots":{"index":"index","follow":"follow","max-snippet":"max-snippet:-1","max-image-preview":"max-image-preview:large","max-video-preview":"max-video-preview:-1"},"canonical":"https:\/\/www.pressenza.com\/es\/2018\/06\/elecciones-2018-colombia-la-politica-la-pasion\/","og_locale":"es_ES","og_type":"article","og_title":"Elecciones 2018 en Colombia: la pol\u00edtica de la pasi\u00f3n","og_description":"Por Franci Corrales Acosta Las \u00faltimas tres semanas es la pasi\u00f3n el sentimiento que se ha exacerbado en las redes sociales, se caldean los \u00e1nimos y se","og_url":"https:\/\/www.pressenza.com\/es\/2018\/06\/elecciones-2018-colombia-la-politica-la-pasion\/","og_site_name":"Pressenza","article_publisher":"https:\/\/www.facebook.com\/PressenzaItalia","article_published_time":"2018-06-16T22:36:13+00:00","og_image":[{"width":900,"height":600,"url":"https:\/\/www.pressenza.com\/wp-content\/uploads\/2018\/06\/Petro-y-Duque.jpg","type":"image\/jpeg"}],"author":"Redacci\u00f3n Colombia","twitter_card":"summary_large_image","twitter_creator":"@PressenzaIPA","twitter_site":"@PressenzaIPA","twitter_misc":{"Escrito por":"Redacci\u00f3n Colombia","Tiempo de lectura":"4 minutos"},"schema":{"@context":"https:\/\/schema.org","@graph":[{"@type":"Article","@id":"https:\/\/www.pressenza.com\/es\/2018\/06\/elecciones-2018-colombia-la-politica-la-pasion\/#article","isPartOf":{"@id":"https:\/\/www.pressenza.com\/es\/2018\/06\/elecciones-2018-colombia-la-politica-la-pasion\/"},"author":{"name":"Redacci\u00f3n Colombia","@id":"https:\/\/www.pressenza.com\/es\/#\/schema\/person\/7c8ee170a4502d638436c91e385315f2"},"headline":"Elecciones 2018 en Colombia: la pol\u00edtica de la pasi\u00f3n","datePublished":"2018-06-16T22:36:13+00:00","mainEntityOfPage":{"@id":"https:\/\/www.pressenza.com\/es\/2018\/06\/elecciones-2018-colombia-la-politica-la-pasion\/"},"wordCount":901,"publisher":{"@id":"https:\/\/www.pressenza.com\/es\/#organization"},"image":{"@id":"https:\/\/www.pressenza.com\/es\/2018\/06\/elecciones-2018-colombia-la-politica-la-pasion\/#primaryimage"},"thumbnailUrl":"https:\/\/www.pressenza.com\/wp-content\/uploads\/2018\/06\/Petro-y-Duque.jpg","keywords":["Elecciones Colombia 2018","Proceso de Paz en Colombia"],"articleSection":["Contenido Original","Opiniones","Pol\u00edtica","Sudam\u00e9rica"],"inLanguage":"es"},{"@type":"WebPage","@id":"https:\/\/www.pressenza.com\/es\/2018\/06\/elecciones-2018-colombia-la-politica-la-pasion\/","url":"https:\/\/www.pressenza.com\/es\/2018\/06\/elecciones-2018-colombia-la-politica-la-pasion\/","name":"Elecciones 2018 en Colombia: la pol\u00edtica de la pasi\u00f3n","isPartOf":{"@id":"https:\/\/www.pressenza.com\/es\/#website"},"primaryImageOfPage":{"@id":"https:\/\/www.pressenza.com\/es\/2018\/06\/elecciones-2018-colombia-la-politica-la-pasion\/#primaryimage"},"image":{"@id":"https:\/\/www.pressenza.com\/es\/2018\/06\/elecciones-2018-colombia-la-politica-la-pasion\/#primaryimage"},"thumbnailUrl":"https:\/\/www.pressenza.com\/wp-content\/uploads\/2018\/06\/Petro-y-Duque.jpg","datePublished":"2018-06-16T22:36:13+00:00","description":"Por Franci Corrales Acosta Las \u00faltimas tres semanas es la pasi\u00f3n el sentimiento que se ha exacerbado en las redes sociales, se caldean los \u00e1nimos y se","breadcrumb":{"@id":"https:\/\/www.pressenza.com\/es\/2018\/06\/elecciones-2018-colombia-la-politica-la-pasion\/#breadcrumb"},"inLanguage":"es","potentialAction":[{"@type":"ReadAction","target":["https:\/\/www.pressenza.com\/es\/2018\/06\/elecciones-2018-colombia-la-politica-la-pasion\/"]}]},{"@type":"ImageObject","inLanguage":"es","@id":"https:\/\/www.pressenza.com\/es\/2018\/06\/elecciones-2018-colombia-la-politica-la-pasion\/#primaryimage","url":"https:\/\/www.pressenza.com\/wp-content\/uploads\/2018\/06\/Petro-y-Duque.jpg","contentUrl":"https:\/\/www.pressenza.com\/wp-content\/uploads\/2018\/06\/Petro-y-Duque.jpg","width":900,"height":600},{"@type":"BreadcrumbList","@id":"https:\/\/www.pressenza.com\/es\/2018\/06\/elecciones-2018-colombia-la-politica-la-pasion\/#breadcrumb","itemListElement":[{"@type":"ListItem","position":1,"name":"Accueil","item":"https:\/\/www.pressenza.com\/es\/"},{"@type":"ListItem","position":2,"name":"Elecciones 2018 en Colombia: la pol\u00edtica de la pasi\u00f3n"}]},{"@type":"WebSite","@id":"https:\/\/www.pressenza.com\/es\/#website","url":"https:\/\/www.pressenza.com\/es\/","name":"Pressenza","description":"International Press Agency","publisher":{"@id":"https:\/\/www.pressenza.com\/es\/#organization"},"potentialAction":[{"@type":"SearchAction","target":{"@type":"EntryPoint","urlTemplate":"https:\/\/www.pressenza.com\/es\/?s={search_term_string}"},"query-input":{"@type":"PropertyValueSpecification","valueRequired":true,"valueName":"search_term_string"}}],"inLanguage":"es"},{"@type":"Organization","@id":"https:\/\/www.pressenza.com\/es\/#organization","name":"Pressenza","url":"https:\/\/www.pressenza.com\/es\/","logo":{"@type":"ImageObject","inLanguage":"es","@id":"https:\/\/www.pressenza.com\/es\/#\/schema\/logo\/image\/","url":"https:\/\/www.pressenza.com\/wp-content\/uploads\/2022\/10\/pressenza_logo_200x200.jpg","contentUrl":"https:\/\/www.pressenza.com\/wp-content\/uploads\/2022\/10\/pressenza_logo_200x200.jpg","width":200,"height":200,"caption":"Pressenza"},"image":{"@id":"https:\/\/www.pressenza.com\/es\/#\/schema\/logo\/image\/"},"sameAs":["https:\/\/www.facebook.com\/PressenzaItalia","https:\/\/x.com\/PressenzaIPA"]},{"@type":"Person","@id":"https:\/\/www.pressenza.com\/es\/#\/schema\/person\/7c8ee170a4502d638436c91e385315f2","name":"Redacci\u00f3n Colombia","description":"News published by the Pressenza bureau in Colombia","url":"https:\/\/www.pressenza.com\/es\/author\/redaccion-colombia\/"}]}},"place":"Medell\u00edn","original_article_url":"","_links":{"self":[{"href":"https:\/\/www.pressenza.com\/es\/wp-json\/wp\/v2\/posts\/658836","targetHints":{"allow":["GET"]}}],"collection":[{"href":"https:\/\/www.pressenza.com\/es\/wp-json\/wp\/v2\/posts"}],"about":[{"href":"https:\/\/www.pressenza.com\/es\/wp-json\/wp\/v2\/types\/post"}],"author":[{"embeddable":true,"href":"https:\/\/www.pressenza.com\/es\/wp-json\/wp\/v2\/users\/1053"}],"replies":[{"embeddable":true,"href":"https:\/\/www.pressenza.com\/es\/wp-json\/wp\/v2\/comments?post=658836"}],"version-history":[{"count":0,"href":"https:\/\/www.pressenza.com\/es\/wp-json\/wp\/v2\/posts\/658836\/revisions"}],"wp:featuredmedia":[{"embeddable":true,"href":"https:\/\/www.pressenza.com\/es\/wp-json\/wp\/v2\/media\/658845"}],"wp:attachment":[{"href":"https:\/\/www.pressenza.com\/es\/wp-json\/wp\/v2\/media?parent=658836"}],"wp:term":[{"taxonomy":"category","embeddable":true,"href":"https:\/\/www.pressenza.com\/es\/wp-json\/wp\/v2\/categories?post=658836"},{"taxonomy":"post_tag","embeddable":true,"href":"https:\/\/www.pressenza.com\/es\/wp-json\/wp\/v2\/tags?post=658836"}],"curies":[{"name":"wp","href":"https:\/\/api.w.org\/{rel}","templated":true}]}}