{"id":658575,"date":"2018-06-15T23:38:00","date_gmt":"2018-06-15T22:38:00","guid":{"rendered":"https:\/\/www.pressenza.com\/?p=658575"},"modified":"2018-06-15T23:38:00","modified_gmt":"2018-06-15T22:38:00","slug":"boletin-junio-del-foro-de-comunicacion-para-la-integracion-de-nuestramerica-fcina","status":"publish","type":"post","link":"https:\/\/www.pressenza.com\/es\/2018\/06\/boletin-junio-del-foro-de-comunicacion-para-la-integracion-de-nuestramerica-fcina\/","title":{"rendered":"Bolet\u00edn JUNIO del Foro de Comunicaci\u00f3n para la Integraci\u00f3n de NuestrAm\u00e9rica (FCINA)"},"content":{"rendered":"<p><em>El Foro de Comunicaci\u00f3n para la Integraci\u00f3n de NuestrAm\u00e9rica, iniciativa que articula redes, medios y organizaciones sociales de distintos puntos de la regi\u00f3n y en la que participa agencia Pressenza, emiti\u00f3 un nuevo bolet\u00edn informativo que reproducimos a continuaci\u00f3n.<\/em><\/p>\n<p><strong>Declaraci\u00f3n del Foro de Comunicaci\u00f3n para la Integraci\u00f3n de NuestrAm\u00e9rica<\/strong><\/p>\n<p><strong>El ingreso de Colombia a la OTAN amenaza la paz y la integraci\u00f3n de Am\u00e9rica Latina y el Caribe<\/strong><br \/>\nFCINA<br \/>\nEl anunciado ingreso de Colombia a la OTAN produce un quiebre con la Declaraci\u00f3n de Am\u00e9rica Latina y el Caribe como zona de paz y con los avances que signific\u00f3 para la regi\u00f3n la instalaci\u00f3n del Consejo de Defensa en UNASUR.<br \/>\n<a href=\"https:\/\/integracion-lac.info\/es\/node\/41347\" target=\"_blank\" rel=\"noopener noreferrer\">Leer m\u00e1s<\/a><\/p>\n<p><strong>Pronunciamiento del Foro de Comunicaci\u00f3n para la Integraci\u00f3n de NuestrAm\u00e9rica<\/strong><\/p>\n<p><strong>Ante la mentira y la violencia institucional, la verdad es PODEROSA<\/strong><br \/>\nFCINA<br \/>\nFrente al intento del Ministerio de Seguridad de Argentina de querer empa\u00f1ar la credibilidad de La Garganta Poderosa, vincul\u00e1ndola con el narcotr\u00e1fico, el FCINA, expresa su solidaridad plena con las y los compa\u00f1eros militantes de esta organizaci\u00f3n de fuerte arraigo social en villas y barrios segregados.<br \/>\n<a href=\"https:\/\/www.integracion-lac.info\/es\/node\/41400\" target=\"_blank\" rel=\"noopener noreferrer\">Leer m\u00e1s<\/a><\/p>\n<p><strong>Foro Social de Internet Am\u00e9rica Latina<\/strong><\/p>\n<p><strong>Comercio electr\u00f3nico y la agenda de las transnacionales<\/strong><br \/>\nSally Burch<br \/>\nEs atractivo para consumidores por la amplia gama de opciones, facilidad de comparar precios y, a menudo, entrega a domicilio. \u00a0Para las empresas, permite abrir nuevos mercados, a veces sin l\u00edmites geogr\u00e1ficos. \u00a0Ofrece tambi\u00e9n oportunidades para peque\u00f1os y medianos productores, una de cuyas principales dificultades es la comercializaci\u00f3n.<\/p>\n<p><a href=\"https:\/\/bit.ly\/2LjLPm7\" target=\"_blank\" rel=\"noopener noreferrer\">Leer m\u00e1s<\/a><\/p>\n<p><strong>Inteligencia artificial y big data<\/strong><br \/>\nRam\u00f3n Duarte<br \/>\nEstamos al borde de una revoluci\u00f3n tecnol\u00f3gica que modificar\u00e1 fundamentalmente la forma en que vivimos, trabajamos y nos relacionamos. En su escala, alcance y complejidad, la transformaci\u00f3n ser\u00e1 distinta a cualquier cosa que el g\u00e9nero humano haya experimentado antes, sin dudas que ello ser\u00e1 y est\u00e1 comenzando a ser as\u00ed.<br \/>\n<a href=\"https:\/\/bit.ly\/2JEanJu\" target=\"_blank\" rel=\"noopener noreferrer\">Leer m\u00e1s<\/a><\/p>\n<p><strong>Renata Mielli: Brasil avan\u00e7a rumo \u00e0 prote\u00e7\u00e3o de dados pessoais<\/strong><br \/>\nBar\u00e3o de Itarar\u00e9<br \/>\nInacredit\u00e1vel, impens\u00e1vel, surpreendente, fant\u00e1stico! E vai botando adjetivo a\u00ed para descrever o que aconteceu na noite desta ter\u00e7a-feira (29) na C\u00e2mara dos Deputados: a aprova\u00e7\u00e3o, POR UNANIMIDADE, do Projeto de Lei de Prote\u00e7\u00e3o de Dados Pessoais.<br \/>\n<a href=\"https:\/\/bit.ly\/2sGtK9q\" target=\"_blank\" rel=\"noopener noreferrer\">Ler mais<\/a><\/p>\n<p><strong>Impactos \u201cinvisibles\u201d de la era digital<\/strong><br \/>\nSilvia Ribeiro<br \/>\nCuando pensamos en la era digital probablemente lo primero que acude a la mente son computadoras, tel\u00e9fonos m\u00f3viles y otros elementos obvios de lo que se ha dado en llamar TIC: tecnolog\u00edas de informaci\u00f3n y comunicaci\u00f3n. Parece algo \u201cet\u00e9reo\u201d, pero en realidad conlleva enormes impactos ambientales y energ\u00e9ticos.<br \/>\n<a href=\"https:\/\/bit.ly\/2IHzmdL\" target=\"_blank\" rel=\"noopener noreferrer\">Leer m\u00e1s<\/a><\/p>\n<p><strong>Integraci\u00f3n Regional<\/strong><\/p>\n<p><strong>Am\u00e9rica Latina y el Caribe reafirman postulado de la Educaci\u00f3n Superior como un bien p\u00fablico social<\/strong><br \/>\nFCINA con informaci\u00f3n de CRES y Pressenza<br \/>\nTras cuatro d\u00edas de intenso trabajo en la ciudad de C\u00f3rdoba (Argentina), hombres y mujeres de Am\u00e9rica Latina y el Caribe, tanto de la academia como de la sociedad en general, dieron cierre a la III Conferencia Regional de Educaci\u00f3n Superior (CRES) con la firma de una declaraci\u00f3n conjunta que \u00abreafirma el postulado de la Educaci\u00f3n Superior como un bien p\u00fablico social, un derecho humano y universal y un deber de los Estados\u00bb.<br \/>\n<a href=\"https:\/\/www.integracion-lac.info\/es\/node\/41418\" target=\"_blank\" rel=\"noopener noreferrer\">Leer m\u00e1s<\/a><\/p>\n<p><strong>DOSSIER \/ Todo sobre la III Conferencia Regional de Educaci\u00f3n Superior<\/strong><br \/>\nQuestion Digital<br \/>\nDurante la clausura del encuentro \u2013transmitida v\u00eda Youtube a toda la regi\u00f3n\u2013 en el que participaron m\u00e1s de 500 rectores de universidades de Am\u00e9rica Latina y El Caribe, as\u00ed como 10 mil acad\u00e9micos e investigadores, se ley\u00f3 la declaraci\u00f3n final de la CRES, que fue una reuni\u00f3n preparatoria para la Conferencia Mundial de Educaci\u00f3n Superior que se llevar\u00e1 a cabo en Par\u00eds, en 2019.<br \/>\n<a href=\"https:\/\/bit.ly\/2MkVidH\" target=\"_blank\" rel=\"noopener noreferrer\">Leer m\u00e1s<\/a><\/p>\n<p><strong>Eleonora Forenza, activista italiana y diputada del Parlamento Europeo: \u201cEl TLC Mercosur-UE atenta contra la equidad de g\u00e9nero, en favor de las grandes corporaciones\u201d<\/strong><br \/>\nJorge Marchini \/ NODAL<br \/>\nLa eurodiputada italiana del Grupo GUE\/NGL, quien en marzo fue coponente de un informe sobre la equidad de g\u00e9nero en los tratados de libre comercio (TLCs) de la Uni\u00f3n Europea, respondi\u00f3 a algunas preguntas sobre las negociaciones del TLC entre la Uni\u00f3n Europea y el Mercosur.<br \/>\n<a href=\"https:\/\/bit.ly\/2HSaMm4\" target=\"_blank\" rel=\"noopener noreferrer\">Leer m\u00e1s<\/a><\/p>\n<p><strong>Coyuntura regional<\/strong><\/p>\n<p><strong>Colombia: la hora de las definiciones<\/strong><br \/>\nPedro Santana Rodr\u00edguez<br \/>\nEste domingo 17 de junio m\u00e1s de 36 millones de colombianos estamos llamados a tomar una decisi\u00f3n trascendental para el futuro del pa\u00eds en la segunda vuelta presidencial entre el candidato del continuismo representado en Iv\u00e1n Duque M\u00e1rquez y el candidato del cambio, Gustavo Petro Urrego. Las \u00faltimas encuestas muestran un crecimiento del candidato Petro. De acuerdo con la encuesta del CELAG con informaci\u00f3n recogida entre el 29 de mayo y el 6 de junio, la diferencia entre Petro y Duque es ahora de 5,5%.<br \/>\n<a href=\"https:\/\/bit.ly\/2LMOQuP\" target=\"_blank\" rel=\"noopener noreferrer\">Leer m\u00e1s<\/a><\/p>\n<p><strong>Colombia: El poder f\u00e1ctico teme perder el poder y trata de impedir a toda costa que gane Petro<\/strong><br \/>\nCamilo Rengifo Mar\u00edn-Clae<br \/>\nCampa\u00f1a sucia de desprestigio contra el candidato centroizquierdista Gustavo Petro, noticias falsas por redes sociales, temores de fraude electoral, presi\u00f3n de los medios hegem\u00f3nicos de comunicaci\u00f3n y de los empresarios instando a votar por el ultraderechista Iv\u00e1n Duque o sufragar en blanco, marcan los d\u00edas previos a los comicios presidenciales del pr\u00f3ximo domingo en Colombia.<br \/>\n<a href=\"https:\/\/bit.ly\/2JDBLHK\" target=\"_blank\" rel=\"noopener noreferrer\">Leer m\u00e1s<\/a><\/p>\n<p><strong>(+AUDIO) Contin\u00faan las protestas en Nicaragua y se va diluyendo el di\u00e1logo<\/strong><br \/>\nALER<br \/>\nYa son m\u00e1s de 50 d\u00edas de protesta en el pa\u00eds centroamericano, y las esperanzas para resolver la crisis pol\u00edtica y social centradas en el dialogo nacional, est\u00e1n a punto de esfumarse.<br \/>\n<a href=\"https:\/\/bit.ly\/2HNu8sk\" target=\"_blank\" rel=\"noopener noreferrer\">Leer m\u00e1s<\/a><\/p>\n<p><strong>(+Videos+Fotos) Nicaragua: Conferencia Episcopal convoc\u00f3 para este viernes la Mesa del Di\u00e1logo \/ Oposici\u00f3n convoc\u00f3 paro general \/ Gremios acusan a la derecha de golpista<\/strong><br \/>\nResumen Latinoamericano<\/p>\n<p>Los Obispos de la Conferencia Episcopal de Nicaragua, convocan a la Mesa Plenaria del Di\u00e1logo Nacional, para el pr\u00f3ximo viernes 15 de junio, a las 10 de la ma\u00f1ana en el Seminario Nacional Nuestra Se\u00f1ora de F\u00e1tima.<br \/>\n<a href=\"https:\/\/bit.ly\/2lcSUcl\" target=\"_blank\" rel=\"noopener noreferrer\">Leer m\u00e1s<\/a><\/p>\n<p><strong>L\u00f3pez Obrador: \u00bfa la tercera va la vencida?<\/strong><br \/>\nPrensa Latina<br \/>\nEl 1 de julio est\u00e1 casi a las puertas y ese d\u00eda los mexicanos elegir\u00e1n, entre otros cargos, al nuevo presidente de la Rep\u00fablica, en una porf\u00eda en la que el candidato Andr\u00e9s Manuel L\u00f3pez Obrador aparece como favorito, con buena ventaja en los sondeos, en su tercer intento por llegar a la presidencia.<br \/>\n<a href=\"https:\/\/bit.ly\/2HOpXfZ\" target=\"_blank\" rel=\"noopener noreferrer\">Leer m\u00e1s<\/a><\/p>\n<p><strong>A 18 d\u00edas de las elecciones generales: 112 pol\u00edticos asesinados en campa\u00f1a electoral mexicana<\/strong><br \/>\nALBA TV<br \/>\nEntre las mujeres asesinadas, se encuentran las candidatas del Partido Verde Ecologista de M\u00e9xico (Pvem) Juana Irais Maldonado, aspirante a diputada por el distrito local de Huauchinango, Puebla, y Erika C\u00e1zares, candidata a regidora del municipio Juan Galindo y colaboradora de Maldonado; quienes fueron asesinadas el fin de semana pasado, refiere nota de la Agencia Venezolana de Noticias (AVN).<br \/>\n<a href=\"https:\/\/bit.ly\/2JLmHna\" target=\"_blank\" rel=\"noopener noreferrer\">Leer m\u00e1s<\/a><\/p>\n<p><strong>Guatemala: Marchas contra Jimmy Morales y falta de presupuesto para las v\u00edctimas del Volc\u00e1n de Fuego<\/strong><br \/>\nNODAL<br \/>\nLa manifestaci\u00f3n de la AEU tambi\u00e9n coincidir\u00e1 con el plant\u00f3n que la Asamblea Ciudadana contra la Corrupci\u00f3n y la Impunidad tiene programada frente al Congreso de la Rep\u00fablica.<br \/>\n<a href=\"https:\/\/bit.ly\/2JMWyYH\" target=\"_blank\" rel=\"noopener noreferrer\">Leer m\u00e1s<\/a><\/p>\n<p><strong>Argentina: la C\u00e1mara de Diputados aprueba la legalizaci\u00f3n del aborto<\/strong><br \/>\nNODAL<br \/>\nPor 129 contra 125, la C\u00e1mara de Diputados dio media sanci\u00f3n al proyecto de legalizaci\u00f3n del aborto. La votaci\u00f3n sobrevino tras casi 22 horas de sesi\u00f3n, en un Congreso abrazado por una marea verde de chicas y chicos que resistieron temperaturas bajo cero durante la noche a la espera de la ley, y mientras las redes sociales bull\u00edan de reclamos a indecisos y agradecimientos a quienes avalar\u00edan la media sanci\u00f3n. A las 9.51, cuando los n\u00fameros aparecieron registrados en la pantalla de la C\u00e1mara, el recinto estall\u00f3 en gritos y aplausos. Quedaba atr\u00e1s una noche, un d\u00eda largu\u00edsimo.<br \/>\n<a href=\"https:\/\/bit.ly\/2HNgUfg\" target=\"_blank\" rel=\"noopener noreferrer\">Leer m\u00e1s<\/a><\/p>\n<p><strong>(Fotoreportaje) 13J#: Jornada inolvidable en apoyo a votaci\u00f3n por la ley del aborto<\/strong><br \/>\nResumen Latinoamericano<br \/>\nCasi 24 horas de vigilia en las calles de los alrededores del Congreso. Cientos de miles de j\u00f3venas, de mujeres de todas las edades, de todas las diversidades, reunidas, alegres, cantando, realizando performances art\u00edsticas de danzas, m\u00fasicas, tambores y sikuris, y sobre todo gritando hasta perder la voz: no hay un paso atr\u00e1s, el aborto lo vamos a conseguir, que el aborto sea ley, vamos a acabar con el patriarcado.<br \/>\n<a href=\"https:\/\/bit.ly\/2JRxgso\" target=\"_blank\" rel=\"noopener noreferrer\">Leer m\u00e1s<\/a><\/p>\n<p><strong>Comunicaci\u00f3n<\/strong><\/p>\n<p><strong>Ecuador: Sector Comunitario presenta proyecto de reforma a la Ley de Comunicaci\u00f3n<\/strong><br \/>\nJember Pico<br \/>\nLa propuesta presentada por el Ejecutivo el lunes 21 de mayo contiene una serie de reformas que buscan dar a la LOC un car\u00e1cter menos fiscalizador y sancionador en nombre de la libertad de expresi\u00f3n, proponiendo trasladar las funciones de supervisi\u00f3n y sanci\u00f3n del ente previsto para ello (SUPERCOM) a la Defensor\u00eda del Pueblo.<\/p>\n<p><a href=\"https:\/\/bit.ly\/2l7fOC5\" target=\"_blank\" rel=\"noopener noreferrer\">Leer m\u00e1s<\/a><br \/>\n<a href=\"https:\/\/bit.ly\/2ybdqUl\" target=\"_blank\" rel=\"noopener noreferrer\">(AUDIO) CORAPE<\/a><\/p>\n<p><strong>D\u00eda del Periodista: \u201cEstamos construyendo comunicaci\u00f3n popular para transformar el pa\u00eds\u201d<\/strong><br \/>\nFARCO<br \/>\nEn el marco del 80\u00b0 D\u00eda del Periodista, el presidente del FARCO, Pablo Antonini, reivindic\u00f3 la condici\u00f3n de trabajadorxs de qui\u00e9nes participan de medios de comunicaci\u00f3n comunitarios, populares y autogestionados.<br \/>\n<a href=\"https:\/\/bit.ly\/2JDA2Cf\" target=\"_blank\" rel=\"noopener noreferrer\">Leer m\u00e1s<\/a><\/p>\n<p><strong>(+Video+Fotos) En el D\u00eda del Periodista, comunicadores populares se\u00f1alan: \u201cLa libertad de expresi\u00f3n y el derecho a la comunicaci\u00f3n est\u00e1n en peligro\u201d<\/strong><br \/>\nPressenza<br \/>\nEl periodista y locutor V\u00edctor Hugo Morales ley\u00f3 en la apertura el documento fundacional de la articulaci\u00f3n expresando que \u201cla libertad de expresi\u00f3n y el derecho a la comunicaci\u00f3n est\u00e1n en peligro\u201d. Se alude en \u00e9l a la emergencia comunicacional vigente, producida por y para el poder de los grandes grupos econ\u00f3micos, en coherencia con el cambio de paradigma que tiene como objetivo condenar a millones de argentinos a la miseria y a la pobreza.<br \/>\n<a href=\"https:\/\/bit.ly\/2sGa2vw\" target=\"_blank\" rel=\"noopener noreferrer\">Leer m\u00e1s<\/a><\/p>\n<p><strong>(+VIDEO) Jean Wyllys: Democratizar a m\u00eddia contra o jornalismo de guerra<\/strong><br \/>\nFelipe Bianchi<br \/>\nRaivoso, sem espa\u00e7o para diverg\u00eancia e sem diversidade de opini\u00f5es e ideias. Esse \u00e9 o jornalismo de guerra praticado pela m\u00eddia monopolista, na avalia\u00e7\u00e3o de Jean Wyllys. O deputado federal (PSOL-RJ) participou, neste s\u00e1bado (26), do 6\u00ba Encontro Nacional de Blogueir@s e Ativistas Digitais, em S\u00e3o Paulo.<br \/>\n<a href=\"https:\/\/bit.ly\/2JC27JV\" target=\"_blank\" rel=\"noopener noreferrer\">Leer m\u00e1s<\/a><\/p>\n<p><strong>Educaci\u00f3n popular para reinventar la democracia. Revista 533-Junio 2018<\/strong><br \/>\nALAI<br \/>\nLa Educaci\u00f3n Popular es una apuesta pol\u00edtica que plantea la transformaci\u00f3n radical de la realidad a partir de la lectura cr\u00edtica del mundo. \u00a0Esta edici\u00f3n explora diversas facetas de esta apuesta, con \u00e9nfasis en la formaci\u00f3n pol\u00edtica, la participaci\u00f3n democr\u00e1tica y las luchas sociales; y la presentaci\u00f3n de algunas experiencias. \u00a0Una coedici\u00f3n con CEAAL.<br \/>\n<a href=\"https:\/\/bit.ly\/2MpnADK\" target=\"_blank\" rel=\"noopener noreferrer\">Leer m\u00e1s<\/a><\/p>\n<p><strong>Argentina: Se impulsa la Federaci\u00f3n de Comunicadores Populares<\/strong><br \/>\nFARCO<br \/>\nSe llev\u00f3 a cabo una reuni\u00f3n en la sede de la Confederacion de Trabajadores de la Econom\u00eda Popular (CTEP), en la ciudad de Buenos Aires, para seguir trabajando en la conformaci\u00f3n de una Federaci\u00f3n de Comunicadores Populares.<br \/>\n<a href=\"https:\/\/bit.ly\/2ycs8dM\" target=\"_blank\" rel=\"noopener noreferrer\">Leer m\u00e1s<\/a><\/p>\n<p><strong>Autoridades se comprometem com maior prote\u00e7\u00e3o de comunicadores v\u00edtimas de violencia<\/strong><br \/>\nIntervozes<br \/>\nDiversas autoridades p\u00fablicas afirmaram seu compromisso com a garantia da liberdade de express\u00e3o e a prote\u00e7\u00e3o dos comunicadores durante a audi\u00eancia p\u00fablica \u201cEstrat\u00e9gias de enfrentamento \u00e0 viol\u00eancia contra comunicadores no Brasil\u201d, realizada no dia 8 de maio de 2018, em Bras\u00edlia, pelo Conselho Nacional de Direitos Humanos (CNDH).<br \/>\n<a href=\"https:\/\/bit.ly\/2t5gbAI\" target=\"_blank\" rel=\"noopener noreferrer\">Ler mais<\/a><\/p>\n<p><strong>Huancayo, Per\u00fa: Taller reflexionar\u00e1 sobre Discriminaci\u00f3n en los Medios de Comunicaci\u00f3n<\/strong><br \/>\nSIGNIS ALC<br \/>\nEn el evento se presentaron estudios sobre el consumo televisivo y radial en el Per\u00fa, discriminaci\u00f3n en los medios de comunicaci\u00f3n, e iniciativas desarrolladas por el Ministerio de Cultura y el CONCORTV para promover la vigilancia ciudadana en los medios.<br \/>\n<a href=\"https:\/\/bit.ly\/2JLZzbw\" target=\"_blank\" rel=\"noopener noreferrer\">Leer m\u00e1s<\/a><\/p>\n<p><strong>An\u00e1lisis \u2013 Opini\u00f3n<\/strong><\/p>\n<p><strong>La lucha por el derecho al aborto: una deuda de la democracia argentina<\/strong><br \/>\nCristina Britez<br \/>\nEn pa\u00edses donde el aborto se regul\u00f3 de manera m\u00e1s permisiva, las tasas de mortalidad materna por abortos disminuyeron considerablemente. En Uruguay los abortos eran responsables del 37% de las muertes maternas hasta el a\u00f1o 2005, y desde 2012, cayeron hasta representar alrededor de un 8%, ocupando uno de los lugares con menor \u00edndice de mortalidad materna en toda Am\u00e9rica. En Espa\u00f1a, el n\u00famero de abortos descendi\u00f3 en t\u00e9rminos absolutos y relativos desde que se legaliz\u00f3 esta pr\u00e1ctica en 2010, de igual manera sucedi\u00f3 en Portugal a partir del a\u00f1o 2007.<br \/>\n<a href=\"https:\/\/bit.ly\/2ycZB7G\" target=\"_blank\" rel=\"noopener noreferrer\">Leer m\u00e1s<\/a><\/p>\n<p><strong>\u00bfEl fin de la historia de \u201cla otra comunicaci\u00f3n posible\u201d?<\/strong><br \/>\nF\u00e1tima Rodr\u00edguez \/ E\u2019a<br \/>\nYa no queda claro nada. Todo es difuso. Estamos atestados de informaci\u00f3n. No hay tiempo para nada, pero hoy no salimos del computador. Pasaron mil cosas, estuvimos muy conmocionados, pero no salimos de frente al computador.<br \/>\n<a href=\"https:\/\/bit.ly\/2HNwCa6\" target=\"_blank\" rel=\"noopener noreferrer\">Leer m\u00e1s<\/a><\/p>\n<p><strong>Tiempo de resistencia<\/strong><br \/>\nCOMUNA<br \/>\nEl gobierno macrista se puso en marcha, en diciembre de 2015, anunciando el \u201cfin de la guerra al periodismo\u201d, pero en verdad lanz\u00f3 acciones que, una tras otra, redundan en miles de voces acalladas, medios cerrados, y hostilidad, persecuci\u00f3n y violencia contra comunicadores que no son mirados con simpat\u00eda por el poder.<br \/>\n<a href=\"https:\/\/bit.ly\/2t8I4Ib\" target=\"_blank\" rel=\"noopener noreferrer\">Leer m\u00e1s<\/a><\/p>\n<p><strong>Entrevistas<\/strong><\/p>\n<p><strong>(AUDIO) Apawki Castro: \u201cSe deben considerar las voces del sector comunitario para el tratamiento de la Ley de Comunicaci\u00f3n\u201d<\/strong><br \/>\nCORAPE<br \/>\nEl sector comunitario entreg\u00f3 la propuesta de Ley Org\u00e1nica de Comunicaci\u00f3n a la Asamblea Nacional. Castro, dirigente de Comunicaci\u00f3n de la Conaie, inform\u00f3 cu\u00e1les son los puntos destacados, entre los que figuran la diferenciaci\u00f3n de requisitos en el concurso de frecuencias y un Cordicom ciudadano.<br \/>\n<a href=\"https:\/\/bit.ly\/2sVqDv9\" target=\"_blank\" rel=\"noopener noreferrer\">Leer m\u00e1s<\/a><\/p>\n<p><strong>Entrevista a Monica Bruckmann: \u00bfCu\u00e1l es la estrategia en Am\u00e9rica Latina? Asia en la econom\u00eda mundial<\/strong><br \/>\nSergio Callisaya<br \/>\nM\u00f3nica Bruckmann es soci\u00f3loga y docente del departamento de Ciencia Pol\u00edtica de la Universidad Federal de R\u00edo de Janeiro \u2013 Brasil, directora de la Organizaci\u00f3n de las Naciones Unidas para la Educaci\u00f3n, la Ciencia y la Cultura (UNESCO) sobre Econom\u00eda Global y Desarrollo Sustentable en el \u00e1rea de investigaci\u00f3n.<br \/>\n<a href=\"https:\/\/bit.ly\/2lbD4z0\" target=\"_blank\" rel=\"noopener noreferrer\">Leer m\u00e1s<\/a><\/p>\n<div><strong>\u00c1sia e Am\u00e9rica Latina na economia mundial<\/strong><\/div>\n<p>Carta Maior<\/p>\n<p>O Brasil em 5 publica uma entrevista de nossa colunista\u00a0<strong>M\u00f4nica Bruckmann<\/strong>. A Professora M\u00f4nica trata da rela\u00e7\u00e3o Am\u00e9rica Latina \u2013 China e as possibilidades abertas para a regi\u00e3o a partir da transforma\u00e7\u00e3o do gigante asi\u00e1tico na maior economia do mundo. A entrevista \u00e9 uma vers\u00e3o traduzida do espanhol, publicada no site da revista La Migra\u00f1a, realizada pela vice-presid\u00eancia da Bol\u00edvia. O entrevistador original \u00e9 Sergio Callisaya.<\/p>\n<p><a href=\"https:\/\/bit.ly\/2JOLgTH%20%C2%A0\" target=\"_blank\" rel=\"noopener noreferrer\">Ler mais<\/a><\/p>\n<p><strong>Movimientos Sociales<\/strong><\/p>\n<p><strong>(+AUDIO) El Salvador: Organizaciones en resistencia frente a amenazas de privatizaci\u00f3n del Agua<\/strong><br \/>\nKrissia Gir\u00f3n \/ ARPAS<br \/>\nPara las y los representantes del Foro del Agua, significa un retroceso que la Comisi\u00f3n de Medio Ambiente del parlamento haya enviado al archivo los 92 art\u00edculos de la ley general de agua, aprobados por la anterior legislatura.<br \/>\n<a href=\"https:\/\/bit.ly\/2JFDX1d\" target=\"_blank\" rel=\"noopener noreferrer\">Leer m\u00e1s<\/a><\/p>\n<p><strong>Paraguay: Se lanza la Campa\u00f1a por la Reforma Agraria<\/strong><br \/>\nCLOC-V\u00eda Campesina<br \/>\nLas organizaciones campesinas y sociales de Paraguay incorporaron en su calendario de acciones el 15 de junio como el D\u00eda Nacional de la Lucha por la Tierra, en conmemoraci\u00f3n de la masacre de Curuguaty, ocurrida en 2012.<br \/>\n<a href=\"https:\/\/bit.ly\/2JUAeMw\" target=\"_blank\" rel=\"noopener noreferrer\">Leer m\u00e1s<\/a><\/p>\n<p><strong>Justicia tributaria en el financiamiento del derecho a la educaci\u00f3n<\/strong><br \/>\nALER<\/p>\n<p>En el actual contexto de creciente poder y acumulaci\u00f3n de capital por las corporaciones internacionales, que se benefician de la transferencia de ganancias a para\u00edsos fiscales, las pr\u00e1cticas de elusi\u00f3n y evasi\u00f3n fiscal, as\u00ed como de las exenciones e incentivos fiscales da\u00f1inos que reciben de los Estados, los presupuestos p\u00fablicos nacionales han sido erosionados y, con ello, la capacidad de los gobiernos para financiar derechos fundamentales, como salud y educaci\u00f3n.<br \/>\n<a href=\"https:\/\/bit.ly\/2t8L9b4\" target=\"_blank\" rel=\"noopener noreferrer\">Leer m\u00e1s<\/a><\/p>\n<p><strong>M\u00e9xico: Conferencia de prensa de la Caminata Huellas de la Ternura<\/strong><br \/>\nALER<\/p>\n<p>La meta de este paso simb\u00f3lico de m\u00e1s de 15 mil kil\u00f3metros a lo largo de Am\u00e9rica y el Caribe es establecer redes de acci\u00f3n para que el cuidado con ternura encuentre espacios humanizantes, restauradores, formadores y transformadores en el seno de sus familias, escuelas e iglesias. El objetivo es hacer de \u00e9sta una herramienta que termine con las m\u00faltiples violencias contra nuestros ni\u00f1os y ni\u00f1as.<br \/>\n<a href=\"https:\/\/www.aler.org\/node\/3910\" target=\"_blank\" rel=\"noopener noreferrer\">Leer m\u00e1s<\/a><\/p>\n<p><strong>Central \u00danica de Trabajadores de Uruguay convoca a paro general<\/strong><br \/>\nPrensa Latina<\/p>\n<p>La Central \u00danica de Trabajadores PIT-CNT convoc\u00f3 a un paro parcial el 28 de junio y otro general de 24 horas para el 25 de julio, en desacuerdo con el proyecto de rendici\u00f3n de cuentas presentado por gobierno uruguayo.<br \/>\n<a href=\"https:\/\/bit.ly\/2JLfQKA\" target=\"_blank\" rel=\"noopener noreferrer\">Leer m\u00e1s<\/a><\/p>\n<p><strong>Chile: ANAMURI Celebra 20 a\u00f1os de unidad y lucha de las mujeres del campo<\/strong><br \/>\nCLOC-VC<\/p>\n<p>Las mujeres campesinas y de pueblos originarios que nos agrupamos en ANAMURI, desde Arica a Coyhaique, celebramos un a\u00f1o m\u00e1s de existencia, de vida org\u00e1nica, de lucha por\u00a0 nuestros derechos y contra la violencia del Estado y sus bases patriarcales; en defensa de las semillas nativas, la agroecolog\u00eda, por el derecho a la tierra y la soberan\u00eda alimentaria.<br \/>\n<a href=\"https:\/\/bit.ly\/2JM9URJ\" target=\"_blank\" rel=\"noopener noreferrer\">Leer m\u00e1s<\/a><\/p>\n<p><strong>Nicaragua Debe Vivir En Paz &#8211; Comunicado Asociaci\u00f3n Trabajadores del Campo<\/strong><br \/>\nFausto Torrez<br \/>\nYa tenemos m\u00e1s de 50 d\u00edas de vivir un caos producto de las ambiciones que los seres humanos promueven unos para estar en las alturas y otros para bajarlos y subirse ellos con la complicidad de las redes sociales, la iglesia y Washington.<br \/>\n<a href=\"https:\/\/bit.ly\/2HO8eoI\" target=\"_blank\" rel=\"noopener noreferrer\">Leer m\u00e1s<\/a><\/p>\n<p><strong>Dilma visita ENFF e ressalta o papel dos movimentos populares para 2018<\/strong><br \/>\nMST<br \/>\nNa Escola do MST, Dilma Rousseff conversou com jornalistas e afirmou as bases de um programa de radicaliza\u00e7\u00e3o democr\u00e1tica para a pr\u00f3xima etapa do Brasil.<br \/>\n<a href=\"https:\/\/bit.ly\/2JGKy7w\" target=\"_blank\" rel=\"noopener noreferrer\">Ler mais<\/a><\/p>\n<p><strong>(M\u00e9xico) Declaraci\u00f3n: Caminemos hacia la unidad en contra del neoliberalismo y por un nuevo pa\u00eds<\/strong><br \/>\nAlba Movimientos<br \/>\nLa crisis en la que nos han sumergido las reformas estructurales aprobadas en el pacto por M\u00e9xico ha alcanzado niveles verdaderamente alarmantes, provocando una situaci\u00f3n de emergencia nacional por la violencia desatada y los niveles de pobreza que lindan con una cat\u00e1strofe humanitaria.<br \/>\n<a href=\"https:\/\/bit.ly\/2JLDx5m\" target=\"_blank\" rel=\"noopener noreferrer\">Leer m\u00e1s<\/a><\/p>\n","protected":false},"excerpt":{"rendered":"<p>El Foro de Comunicaci\u00f3n para la Integraci\u00f3n de NuestrAm\u00e9rica, iniciativa que articula redes, medios y organizaciones sociales de distintos puntos de la regi\u00f3n y en la que participa agencia Pressenza, emiti\u00f3 un nuevo bolet\u00edn informativo que reproducimos a continuaci\u00f3n. Declaraci\u00f3n&hellip;<\/p>\n","protected":false},"author":1338,"featured_media":658576,"comment_status":"closed","ping_status":"closed","sticky":false,"template":"","format":"standard","meta":{"footnotes":""},"categories":[69,149,11389,75,79,1230,68,80,67],"tags":[18731,34181,47079,19471,1497],"class_list":["post-658575","post","type-post","status-publish","format-standard","has-post-thumbnail","hentry","category-america-central","category-comunicados-de-prensa","category-contenido-original","category-cultura-es","category-derechos-humanos","category-educacion-tema","category-norteamerica","category-pueblos-originarios","category-sudamerica","tag-democratizacion-de-la-comunicacion","tag-foro-de-comunicacion-para-la-integracion","tag-latinoamerica-y-el-caribe","tag-medios-comunitarios","tag-movimientos-sociales"],"yoast_head":"<!-- This site is optimized with the Yoast SEO plugin v27.1.1 - https:\/\/yoast.com\/product\/yoast-seo-wordpress\/ -->\n<title>Bolet\u00edn JUNIO del Foro de Comunicaci\u00f3n para la Integraci\u00f3n de NuestrAm\u00e9rica (FCINA)<\/title>\n<meta name=\"description\" content=\"El Foro de Comunicaci\u00f3n para la Integraci\u00f3n de NuestrAm\u00e9rica, iniciativa que articula redes, medios y organizaciones sociales de distintos puntos de la\" \/>\n<meta name=\"robots\" content=\"index, follow, max-snippet:-1, max-image-preview:large, max-video-preview:-1\" \/>\n<link rel=\"canonical\" href=\"https:\/\/www.pressenza.com\/es\/2018\/06\/boletin-junio-del-foro-de-comunicacion-para-la-integracion-de-nuestramerica-fcina\/\" \/>\n<meta property=\"og:locale\" content=\"es_ES\" \/>\n<meta property=\"og:type\" content=\"article\" \/>\n<meta property=\"og:title\" content=\"Bolet\u00edn JUNIO del Foro de Comunicaci\u00f3n para la Integraci\u00f3n de NuestrAm\u00e9rica (FCINA)\" \/>\n<meta property=\"og:description\" content=\"El Foro de Comunicaci\u00f3n para la Integraci\u00f3n de NuestrAm\u00e9rica, iniciativa que articula redes, medios y organizaciones sociales de distintos puntos de la\" \/>\n<meta property=\"og:url\" content=\"https:\/\/www.pressenza.com\/es\/2018\/06\/boletin-junio-del-foro-de-comunicacion-para-la-integracion-de-nuestramerica-fcina\/\" \/>\n<meta property=\"og:site_name\" content=\"Pressenza\" \/>\n<meta property=\"article:publisher\" content=\"https:\/\/www.facebook.com\/PressenzaItalia\" \/>\n<meta property=\"article:published_time\" content=\"2018-06-15T22:38:00+00:00\" \/>\n<meta property=\"og:image\" content=\"https:\/\/www.pressenza.com\/wp-content\/uploads\/2018\/06\/organizaciones-Foro.jpg\" \/>\n\t<meta property=\"og:image:width\" content=\"989\" \/>\n\t<meta property=\"og:image:height\" content=\"351\" \/>\n\t<meta property=\"og:image:type\" content=\"image\/jpeg\" \/>\n<meta name=\"author\" content=\"Foro de Comunicaci\u00f3n para la Integracion de NuestrAm\u00e9rica (FCINA)\" \/>\n<meta name=\"twitter:card\" content=\"summary_large_image\" \/>\n<meta name=\"twitter:creator\" content=\"@PressenzaIPA\" \/>\n<meta name=\"twitter:site\" content=\"@PressenzaIPA\" \/>\n<meta name=\"twitter:label1\" content=\"Escrito por\" \/>\n\t<meta name=\"twitter:data1\" content=\"Foro de Comunicaci\u00f3n para la Integracion de NuestrAm\u00e9rica (FCINA)\" \/>\n\t<meta name=\"twitter:label2\" content=\"Tiempo de lectura\" \/>\n\t<meta name=\"twitter:data2\" content=\"16 minutos\" \/>\n<script type=\"application\/ld+json\" class=\"yoast-schema-graph\">{\"@context\":\"https:\/\/schema.org\",\"@graph\":[{\"@type\":\"Article\",\"@id\":\"https:\/\/www.pressenza.com\/es\/2018\/06\/boletin-junio-del-foro-de-comunicacion-para-la-integracion-de-nuestramerica-fcina\/#article\",\"isPartOf\":{\"@id\":\"https:\/\/www.pressenza.com\/es\/2018\/06\/boletin-junio-del-foro-de-comunicacion-para-la-integracion-de-nuestramerica-fcina\/\"},\"author\":{\"name\":\"Foro de Comunicaci\u00f3n para la Integracion de NuestrAm\u00e9rica (FCINA)\",\"@id\":\"https:\/\/www.pressenza.com\/es\/#\/schema\/person\/bee2dba4625fd34d557d703cfd75f339\"},\"headline\":\"Bolet\u00edn JUNIO del Foro de Comunicaci\u00f3n para la Integraci\u00f3n de NuestrAm\u00e9rica (FCINA)\",\"datePublished\":\"2018-06-15T22:38:00+00:00\",\"mainEntityOfPage\":{\"@id\":\"https:\/\/www.pressenza.com\/es\/2018\/06\/boletin-junio-del-foro-de-comunicacion-para-la-integracion-de-nuestramerica-fcina\/\"},\"wordCount\":3156,\"publisher\":{\"@id\":\"https:\/\/www.pressenza.com\/es\/#organization\"},\"image\":{\"@id\":\"https:\/\/www.pressenza.com\/es\/2018\/06\/boletin-junio-del-foro-de-comunicacion-para-la-integracion-de-nuestramerica-fcina\/#primaryimage\"},\"thumbnailUrl\":\"https:\/\/www.pressenza.com\/wp-content\/uploads\/2018\/06\/organizaciones-Foro.jpg\",\"keywords\":[\"Democratizaci\u00f3n de la comunicaci\u00f3n\",\"foro de comunicaci\u00f3n para la integraci\u00f3n\",\"Latinoam\u00e9rica y el Caribe\",\"medios comunitarios\",\"movimientos sociales\"],\"articleSection\":[\"Am\u00e9rica Central\",\"Comunicados de Prensa\",\"Contenido Original\",\"Cultura y Medios\",\"Derechos Humanos\",\"Educaci\u00f3n\",\"Norteam\u00e9rica\",\"Pueblos Originarios\",\"Sudam\u00e9rica\"],\"inLanguage\":\"es\"},{\"@type\":\"WebPage\",\"@id\":\"https:\/\/www.pressenza.com\/es\/2018\/06\/boletin-junio-del-foro-de-comunicacion-para-la-integracion-de-nuestramerica-fcina\/\",\"url\":\"https:\/\/www.pressenza.com\/es\/2018\/06\/boletin-junio-del-foro-de-comunicacion-para-la-integracion-de-nuestramerica-fcina\/\",\"name\":\"Bolet\u00edn JUNIO del Foro de Comunicaci\u00f3n para la Integraci\u00f3n de NuestrAm\u00e9rica (FCINA)\",\"isPartOf\":{\"@id\":\"https:\/\/www.pressenza.com\/es\/#website\"},\"primaryImageOfPage\":{\"@id\":\"https:\/\/www.pressenza.com\/es\/2018\/06\/boletin-junio-del-foro-de-comunicacion-para-la-integracion-de-nuestramerica-fcina\/#primaryimage\"},\"image\":{\"@id\":\"https:\/\/www.pressenza.com\/es\/2018\/06\/boletin-junio-del-foro-de-comunicacion-para-la-integracion-de-nuestramerica-fcina\/#primaryimage\"},\"thumbnailUrl\":\"https:\/\/www.pressenza.com\/wp-content\/uploads\/2018\/06\/organizaciones-Foro.jpg\",\"datePublished\":\"2018-06-15T22:38:00+00:00\",\"description\":\"El Foro de Comunicaci\u00f3n para la Integraci\u00f3n de NuestrAm\u00e9rica, iniciativa que articula redes, medios y organizaciones sociales de distintos puntos de la\",\"breadcrumb\":{\"@id\":\"https:\/\/www.pressenza.com\/es\/2018\/06\/boletin-junio-del-foro-de-comunicacion-para-la-integracion-de-nuestramerica-fcina\/#breadcrumb\"},\"inLanguage\":\"es\",\"potentialAction\":[{\"@type\":\"ReadAction\",\"target\":[\"https:\/\/www.pressenza.com\/es\/2018\/06\/boletin-junio-del-foro-de-comunicacion-para-la-integracion-de-nuestramerica-fcina\/\"]}]},{\"@type\":\"ImageObject\",\"inLanguage\":\"es\",\"@id\":\"https:\/\/www.pressenza.com\/es\/2018\/06\/boletin-junio-del-foro-de-comunicacion-para-la-integracion-de-nuestramerica-fcina\/#primaryimage\",\"url\":\"https:\/\/www.pressenza.com\/wp-content\/uploads\/2018\/06\/organizaciones-Foro.jpg\",\"contentUrl\":\"https:\/\/www.pressenza.com\/wp-content\/uploads\/2018\/06\/organizaciones-Foro.jpg\",\"width\":989,\"height\":351},{\"@type\":\"BreadcrumbList\",\"@id\":\"https:\/\/www.pressenza.com\/es\/2018\/06\/boletin-junio-del-foro-de-comunicacion-para-la-integracion-de-nuestramerica-fcina\/#breadcrumb\",\"itemListElement\":[{\"@type\":\"ListItem\",\"position\":1,\"name\":\"Accueil\",\"item\":\"https:\/\/www.pressenza.com\/es\/\"},{\"@type\":\"ListItem\",\"position\":2,\"name\":\"Bolet\u00edn JUNIO del Foro de Comunicaci\u00f3n para la Integraci\u00f3n de NuestrAm\u00e9rica (FCINA)\"}]},{\"@type\":\"WebSite\",\"@id\":\"https:\/\/www.pressenza.com\/es\/#website\",\"url\":\"https:\/\/www.pressenza.com\/es\/\",\"name\":\"Pressenza\",\"description\":\"International Press Agency\",\"publisher\":{\"@id\":\"https:\/\/www.pressenza.com\/es\/#organization\"},\"potentialAction\":[{\"@type\":\"SearchAction\",\"target\":{\"@type\":\"EntryPoint\",\"urlTemplate\":\"https:\/\/www.pressenza.com\/es\/?s={search_term_string}\"},\"query-input\":{\"@type\":\"PropertyValueSpecification\",\"valueRequired\":true,\"valueName\":\"search_term_string\"}}],\"inLanguage\":\"es\"},{\"@type\":\"Organization\",\"@id\":\"https:\/\/www.pressenza.com\/es\/#organization\",\"name\":\"Pressenza\",\"url\":\"https:\/\/www.pressenza.com\/es\/\",\"logo\":{\"@type\":\"ImageObject\",\"inLanguage\":\"es\",\"@id\":\"https:\/\/www.pressenza.com\/es\/#\/schema\/logo\/image\/\",\"url\":\"https:\/\/www.pressenza.com\/wp-content\/uploads\/2022\/10\/pressenza_logo_200x200.jpg\",\"contentUrl\":\"https:\/\/www.pressenza.com\/wp-content\/uploads\/2022\/10\/pressenza_logo_200x200.jpg\",\"width\":200,\"height\":200,\"caption\":\"Pressenza\"},\"image\":{\"@id\":\"https:\/\/www.pressenza.com\/es\/#\/schema\/logo\/image\/\"},\"sameAs\":[\"https:\/\/www.facebook.com\/PressenzaItalia\",\"https:\/\/x.com\/PressenzaIPA\"]},{\"@type\":\"Person\",\"@id\":\"https:\/\/www.pressenza.com\/es\/#\/schema\/person\/bee2dba4625fd34d557d703cfd75f339\",\"name\":\"Foro de Comunicaci\u00f3n para la Integracion de NuestrAm\u00e9rica (FCINA)\",\"url\":\"https:\/\/www.pressenza.com\/es\/author\/fcina\/\"}]}<\/script>\n<!-- \/ Yoast SEO plugin. -->","yoast_head_json":{"title":"Bolet\u00edn JUNIO del Foro de Comunicaci\u00f3n para la Integraci\u00f3n de NuestrAm\u00e9rica (FCINA)","description":"El Foro de Comunicaci\u00f3n para la Integraci\u00f3n de NuestrAm\u00e9rica, iniciativa que articula redes, medios y organizaciones sociales de distintos puntos de la","robots":{"index":"index","follow":"follow","max-snippet":"max-snippet:-1","max-image-preview":"max-image-preview:large","max-video-preview":"max-video-preview:-1"},"canonical":"https:\/\/www.pressenza.com\/es\/2018\/06\/boletin-junio-del-foro-de-comunicacion-para-la-integracion-de-nuestramerica-fcina\/","og_locale":"es_ES","og_type":"article","og_title":"Bolet\u00edn JUNIO del Foro de Comunicaci\u00f3n para la Integraci\u00f3n de NuestrAm\u00e9rica (FCINA)","og_description":"El Foro de Comunicaci\u00f3n para la Integraci\u00f3n de NuestrAm\u00e9rica, iniciativa que articula redes, medios y organizaciones sociales de distintos puntos de la","og_url":"https:\/\/www.pressenza.com\/es\/2018\/06\/boletin-junio-del-foro-de-comunicacion-para-la-integracion-de-nuestramerica-fcina\/","og_site_name":"Pressenza","article_publisher":"https:\/\/www.facebook.com\/PressenzaItalia","article_published_time":"2018-06-15T22:38:00+00:00","og_image":[{"width":989,"height":351,"url":"https:\/\/www.pressenza.com\/wp-content\/uploads\/2018\/06\/organizaciones-Foro.jpg","type":"image\/jpeg"}],"author":"Foro de Comunicaci\u00f3n para la Integracion de NuestrAm\u00e9rica (FCINA)","twitter_card":"summary_large_image","twitter_creator":"@PressenzaIPA","twitter_site":"@PressenzaIPA","twitter_misc":{"Escrito por":"Foro de Comunicaci\u00f3n para la Integracion de NuestrAm\u00e9rica (FCINA)","Tiempo de lectura":"16 minutos"},"schema":{"@context":"https:\/\/schema.org","@graph":[{"@type":"Article","@id":"https:\/\/www.pressenza.com\/es\/2018\/06\/boletin-junio-del-foro-de-comunicacion-para-la-integracion-de-nuestramerica-fcina\/#article","isPartOf":{"@id":"https:\/\/www.pressenza.com\/es\/2018\/06\/boletin-junio-del-foro-de-comunicacion-para-la-integracion-de-nuestramerica-fcina\/"},"author":{"name":"Foro de Comunicaci\u00f3n para la Integracion de NuestrAm\u00e9rica (FCINA)","@id":"https:\/\/www.pressenza.com\/es\/#\/schema\/person\/bee2dba4625fd34d557d703cfd75f339"},"headline":"Bolet\u00edn JUNIO del Foro de Comunicaci\u00f3n para la Integraci\u00f3n de NuestrAm\u00e9rica (FCINA)","datePublished":"2018-06-15T22:38:00+00:00","mainEntityOfPage":{"@id":"https:\/\/www.pressenza.com\/es\/2018\/06\/boletin-junio-del-foro-de-comunicacion-para-la-integracion-de-nuestramerica-fcina\/"},"wordCount":3156,"publisher":{"@id":"https:\/\/www.pressenza.com\/es\/#organization"},"image":{"@id":"https:\/\/www.pressenza.com\/es\/2018\/06\/boletin-junio-del-foro-de-comunicacion-para-la-integracion-de-nuestramerica-fcina\/#primaryimage"},"thumbnailUrl":"https:\/\/www.pressenza.com\/wp-content\/uploads\/2018\/06\/organizaciones-Foro.jpg","keywords":["Democratizaci\u00f3n de la comunicaci\u00f3n","foro de comunicaci\u00f3n para la integraci\u00f3n","Latinoam\u00e9rica y el Caribe","medios comunitarios","movimientos sociales"],"articleSection":["Am\u00e9rica Central","Comunicados de Prensa","Contenido Original","Cultura y Medios","Derechos Humanos","Educaci\u00f3n","Norteam\u00e9rica","Pueblos Originarios","Sudam\u00e9rica"],"inLanguage":"es"},{"@type":"WebPage","@id":"https:\/\/www.pressenza.com\/es\/2018\/06\/boletin-junio-del-foro-de-comunicacion-para-la-integracion-de-nuestramerica-fcina\/","url":"https:\/\/www.pressenza.com\/es\/2018\/06\/boletin-junio-del-foro-de-comunicacion-para-la-integracion-de-nuestramerica-fcina\/","name":"Bolet\u00edn JUNIO del Foro de Comunicaci\u00f3n para la Integraci\u00f3n de NuestrAm\u00e9rica (FCINA)","isPartOf":{"@id":"https:\/\/www.pressenza.com\/es\/#website"},"primaryImageOfPage":{"@id":"https:\/\/www.pressenza.com\/es\/2018\/06\/boletin-junio-del-foro-de-comunicacion-para-la-integracion-de-nuestramerica-fcina\/#primaryimage"},"image":{"@id":"https:\/\/www.pressenza.com\/es\/2018\/06\/boletin-junio-del-foro-de-comunicacion-para-la-integracion-de-nuestramerica-fcina\/#primaryimage"},"thumbnailUrl":"https:\/\/www.pressenza.com\/wp-content\/uploads\/2018\/06\/organizaciones-Foro.jpg","datePublished":"2018-06-15T22:38:00+00:00","description":"El Foro de Comunicaci\u00f3n para la Integraci\u00f3n de NuestrAm\u00e9rica, iniciativa que articula redes, medios y organizaciones sociales de distintos puntos de la","breadcrumb":{"@id":"https:\/\/www.pressenza.com\/es\/2018\/06\/boletin-junio-del-foro-de-comunicacion-para-la-integracion-de-nuestramerica-fcina\/#breadcrumb"},"inLanguage":"es","potentialAction":[{"@type":"ReadAction","target":["https:\/\/www.pressenza.com\/es\/2018\/06\/boletin-junio-del-foro-de-comunicacion-para-la-integracion-de-nuestramerica-fcina\/"]}]},{"@type":"ImageObject","inLanguage":"es","@id":"https:\/\/www.pressenza.com\/es\/2018\/06\/boletin-junio-del-foro-de-comunicacion-para-la-integracion-de-nuestramerica-fcina\/#primaryimage","url":"https:\/\/www.pressenza.com\/wp-content\/uploads\/2018\/06\/organizaciones-Foro.jpg","contentUrl":"https:\/\/www.pressenza.com\/wp-content\/uploads\/2018\/06\/organizaciones-Foro.jpg","width":989,"height":351},{"@type":"BreadcrumbList","@id":"https:\/\/www.pressenza.com\/es\/2018\/06\/boletin-junio-del-foro-de-comunicacion-para-la-integracion-de-nuestramerica-fcina\/#breadcrumb","itemListElement":[{"@type":"ListItem","position":1,"name":"Accueil","item":"https:\/\/www.pressenza.com\/es\/"},{"@type":"ListItem","position":2,"name":"Bolet\u00edn JUNIO del Foro de Comunicaci\u00f3n para la Integraci\u00f3n de NuestrAm\u00e9rica (FCINA)"}]},{"@type":"WebSite","@id":"https:\/\/www.pressenza.com\/es\/#website","url":"https:\/\/www.pressenza.com\/es\/","name":"Pressenza","description":"International Press Agency","publisher":{"@id":"https:\/\/www.pressenza.com\/es\/#organization"},"potentialAction":[{"@type":"SearchAction","target":{"@type":"EntryPoint","urlTemplate":"https:\/\/www.pressenza.com\/es\/?s={search_term_string}"},"query-input":{"@type":"PropertyValueSpecification","valueRequired":true,"valueName":"search_term_string"}}],"inLanguage":"es"},{"@type":"Organization","@id":"https:\/\/www.pressenza.com\/es\/#organization","name":"Pressenza","url":"https:\/\/www.pressenza.com\/es\/","logo":{"@type":"ImageObject","inLanguage":"es","@id":"https:\/\/www.pressenza.com\/es\/#\/schema\/logo\/image\/","url":"https:\/\/www.pressenza.com\/wp-content\/uploads\/2022\/10\/pressenza_logo_200x200.jpg","contentUrl":"https:\/\/www.pressenza.com\/wp-content\/uploads\/2022\/10\/pressenza_logo_200x200.jpg","width":200,"height":200,"caption":"Pressenza"},"image":{"@id":"https:\/\/www.pressenza.com\/es\/#\/schema\/logo\/image\/"},"sameAs":["https:\/\/www.facebook.com\/PressenzaItalia","https:\/\/x.com\/PressenzaIPA"]},{"@type":"Person","@id":"https:\/\/www.pressenza.com\/es\/#\/schema\/person\/bee2dba4625fd34d557d703cfd75f339","name":"Foro de Comunicaci\u00f3n para la Integracion de NuestrAm\u00e9rica (FCINA)","url":"https:\/\/www.pressenza.com\/es\/author\/fcina\/"}]}},"place":"Am\u00e9rica Latina y el Caribe","original_article_url":"","_links":{"self":[{"href":"https:\/\/www.pressenza.com\/es\/wp-json\/wp\/v2\/posts\/658575","targetHints":{"allow":["GET"]}}],"collection":[{"href":"https:\/\/www.pressenza.com\/es\/wp-json\/wp\/v2\/posts"}],"about":[{"href":"https:\/\/www.pressenza.com\/es\/wp-json\/wp\/v2\/types\/post"}],"author":[{"embeddable":true,"href":"https:\/\/www.pressenza.com\/es\/wp-json\/wp\/v2\/users\/1338"}],"replies":[{"embeddable":true,"href":"https:\/\/www.pressenza.com\/es\/wp-json\/wp\/v2\/comments?post=658575"}],"version-history":[{"count":0,"href":"https:\/\/www.pressenza.com\/es\/wp-json\/wp\/v2\/posts\/658575\/revisions"}],"wp:featuredmedia":[{"embeddable":true,"href":"https:\/\/www.pressenza.com\/es\/wp-json\/wp\/v2\/media\/658576"}],"wp:attachment":[{"href":"https:\/\/www.pressenza.com\/es\/wp-json\/wp\/v2\/media?parent=658575"}],"wp:term":[{"taxonomy":"category","embeddable":true,"href":"https:\/\/www.pressenza.com\/es\/wp-json\/wp\/v2\/categories?post=658575"},{"taxonomy":"post_tag","embeddable":true,"href":"https:\/\/www.pressenza.com\/es\/wp-json\/wp\/v2\/tags?post=658575"}],"curies":[{"name":"wp","href":"https:\/\/api.w.org\/{rel}","templated":true}]}}