{"id":658229,"date":"2018-06-14T22:45:07","date_gmt":"2018-06-14T21:45:07","guid":{"rendered":"https:\/\/www.pressenza.com\/?p=658229"},"modified":"2018-06-14T22:45:07","modified_gmt":"2018-06-14T21:45:07","slug":"testimonio-desde-el-barco-acuario","status":"publish","type":"post","link":"https:\/\/www.pressenza.com\/es\/2018\/06\/testimonio-desde-el-barco-acuario\/","title":{"rendered":"Testimonio desde el barco Acuario"},"content":{"rendered":"<p><em>A continuaci\u00f3n presentamos la historia de Alessandro Porro, un voluntario del equipo SAR (Search and Rescue) que se encuentra a bordo del barco Aquarius de <a href=\"https:\/\/www.facebook.com\/sosmeditalia\/?fref=mentions\">SOS MEDITERRANEE Italia<\/a>.<\/em><\/p>\n<p>El Acuario se encuentra frente al Golfo de Orosei. El mar est\u00e1 en calma y el viento ha bajado. Mucha gente est\u00e1 en cubierta viendo Cerde\u00f1a. En el fondo est\u00e1n los que duermen, los que lavan la ropa y los que juegan a las damas en un tablero de ajedrez autoconstruido. La situaci\u00f3n parece m\u00e1s tranquila que en los \u00faltimos d\u00edas, aunque las personas afectadas est\u00e9n agotadas. Mucha gente sigue preguntando \u00ab\u00bfcu\u00e1ndo llegaremos?\u00bb He estado en el mar durante 6 d\u00edas. Uno en inflables y 5 en Acuario. Y primero, durante meses en centros de detenci\u00f3n en Libia. Los mediadores culturales tratan de entender por lo que han pasado. Estas personas hablan de secuestros, violaciones y torturas. Uno de ellos, de 18 a\u00f1os, nos habl\u00f3 de la noche que le ayudamos el s\u00e1bado pasado.<\/p>\n<p>\u00abEst\u00e1bamos 135 en el bote inflable. Cuando nos fuimos estaba completamente oscuro. Ninguno de nosotros ten\u00eda un salvavidas. Quer\u00edan mucho dinero de nosotros, nadie ten\u00eda suficiente. Pasamos al menos 24 horas en el mar antes de ser rescatados por ustedes. Antes de que llegaran, el bote estaba casi lleno de agua, me asust\u00e9. Cuando termin\u00e9 en el agua hac\u00eda fr\u00edo y me qued\u00e9 completamente desnudo. La gente a mi alrededor se aferraba a cualquier cosa. Tuve que luchar para conseguir un chaleco salvavidas cuando los arrojaron al agua. Despu\u00e9s de un tiempo me las arregl\u00e9 para conseguir uno. Entonces me sacaron del agua y me llevaron al m\u00e9dico. Estoy agradecido a todos en este barco.\u201d<\/p>\n<p><a href=\"#_msoanchor_1\">[WU1]<\/a><\/p>\n","protected":false},"excerpt":{"rendered":"<p>A continuaci\u00f3n presentamos la historia de Alessandro Porro, un voluntario del equipo SAR (Search and Rescue) que se encuentra a bordo del barco Aquarius de SOS MEDITERRANEE Italia. El Acuario se encuentra frente al Golfo de Orosei. El mar est\u00e1&hellip;<\/p>\n","protected":false},"author":594,"featured_media":658180,"comment_status":"closed","ping_status":"closed","sticky":false,"template":"","format":"standard","meta":{"footnotes":""},"categories":[64,79,66],"tags":[47007,3672,1392,15633],"class_list":["post-658229","post","type-post","status-publish","format-standard","has-post-thumbnail","hentry","category-africa-es","category-derechos-humanos","category-europa-es","tag-barco-acuario","tag-italia-es","tag-libia-es","tag-migrantes"],"yoast_head":"<!-- This site is optimized with the Yoast SEO plugin v27.1.1 - https:\/\/yoast.com\/product\/yoast-seo-wordpress\/ -->\n<title>Testimonio desde el barco Acuario<\/title>\n<meta name=\"description\" content=\"A continuaci\u00f3n presentamos la historia de Alessandro Porro, un voluntario del equipo SAR (Search and Rescue) que se encuentra a bordo del barco Aquarius\" \/>\n<meta name=\"robots\" content=\"index, follow, max-snippet:-1, max-image-preview:large, max-video-preview:-1\" \/>\n<link rel=\"canonical\" href=\"https:\/\/www.pressenza.com\/es\/2018\/06\/testimonio-desde-el-barco-acuario\/\" \/>\n<meta property=\"og:locale\" content=\"es_ES\" \/>\n<meta property=\"og:type\" content=\"article\" \/>\n<meta property=\"og:title\" content=\"Testimonio desde el barco Acuario\" \/>\n<meta property=\"og:description\" content=\"A continuaci\u00f3n presentamos la historia de Alessandro Porro, un voluntario del equipo SAR (Search and Rescue) que se encuentra a bordo del barco Aquarius\" \/>\n<meta property=\"og:url\" content=\"https:\/\/www.pressenza.com\/es\/2018\/06\/testimonio-desde-el-barco-acuario\/\" \/>\n<meta property=\"og:site_name\" content=\"Pressenza\" \/>\n<meta property=\"article:publisher\" content=\"https:\/\/www.facebook.com\/PressenzaItalia\" \/>\n<meta property=\"article:author\" content=\"https:\/\/www.facebook.com\/PressenzaItalia\" \/>\n<meta property=\"article:published_time\" content=\"2018-06-14T21:45:07+00:00\" \/>\n<meta property=\"og:image\" content=\"https:\/\/www.pressenza.com\/wp-content\/uploads\/2018\/06\/Aquarius-1.jpg\" \/>\n\t<meta property=\"og:image:width\" content=\"2048\" \/>\n\t<meta property=\"og:image:height\" content=\"1365\" \/>\n\t<meta property=\"og:image:type\" content=\"image\/jpeg\" \/>\n<meta name=\"author\" content=\"Redazione Italia\" \/>\n<meta name=\"twitter:card\" content=\"summary_large_image\" \/>\n<meta name=\"twitter:creator\" content=\"@pressenza_it\" \/>\n<meta name=\"twitter:site\" content=\"@PressenzaIPA\" \/>\n<meta name=\"twitter:label1\" content=\"Escrito por\" \/>\n\t<meta name=\"twitter:data1\" content=\"Redazione Italia\" \/>\n\t<meta name=\"twitter:label2\" content=\"Tiempo de lectura\" \/>\n\t<meta name=\"twitter:data2\" content=\"1 minuto\" \/>\n<script type=\"application\/ld+json\" class=\"yoast-schema-graph\">{\"@context\":\"https:\/\/schema.org\",\"@graph\":[{\"@type\":\"Article\",\"@id\":\"https:\/\/www.pressenza.com\/es\/2018\/06\/testimonio-desde-el-barco-acuario\/#article\",\"isPartOf\":{\"@id\":\"https:\/\/www.pressenza.com\/es\/2018\/06\/testimonio-desde-el-barco-acuario\/\"},\"author\":{\"name\":\"Redazione Italia\",\"@id\":\"https:\/\/www.pressenza.com\/es\/#\/schema\/person\/d983e81827ae24f2c7b1a2123d197f8d\"},\"headline\":\"Testimonio desde el barco Acuario\",\"datePublished\":\"2018-06-14T21:45:07+00:00\",\"mainEntityOfPage\":{\"@id\":\"https:\/\/www.pressenza.com\/es\/2018\/06\/testimonio-desde-el-barco-acuario\/\"},\"wordCount\":298,\"publisher\":{\"@id\":\"https:\/\/www.pressenza.com\/es\/#organization\"},\"image\":{\"@id\":\"https:\/\/www.pressenza.com\/es\/2018\/06\/testimonio-desde-el-barco-acuario\/#primaryimage\"},\"thumbnailUrl\":\"https:\/\/www.pressenza.com\/wp-content\/uploads\/2018\/06\/Aquarius-1.jpg\",\"keywords\":[\"barco Acuario\",\"Italia\",\"Libia\",\"migrantes\"],\"articleSection\":[\"Africa\",\"Derechos Humanos\",\"Europa\"],\"inLanguage\":\"es\"},{\"@type\":\"WebPage\",\"@id\":\"https:\/\/www.pressenza.com\/es\/2018\/06\/testimonio-desde-el-barco-acuario\/\",\"url\":\"https:\/\/www.pressenza.com\/es\/2018\/06\/testimonio-desde-el-barco-acuario\/\",\"name\":\"Testimonio desde el barco Acuario\",\"isPartOf\":{\"@id\":\"https:\/\/www.pressenza.com\/es\/#website\"},\"primaryImageOfPage\":{\"@id\":\"https:\/\/www.pressenza.com\/es\/2018\/06\/testimonio-desde-el-barco-acuario\/#primaryimage\"},\"image\":{\"@id\":\"https:\/\/www.pressenza.com\/es\/2018\/06\/testimonio-desde-el-barco-acuario\/#primaryimage\"},\"thumbnailUrl\":\"https:\/\/www.pressenza.com\/wp-content\/uploads\/2018\/06\/Aquarius-1.jpg\",\"datePublished\":\"2018-06-14T21:45:07+00:00\",\"description\":\"A continuaci\u00f3n presentamos la historia de Alessandro Porro, un voluntario del equipo SAR (Search and Rescue) que se encuentra a bordo del barco Aquarius\",\"breadcrumb\":{\"@id\":\"https:\/\/www.pressenza.com\/es\/2018\/06\/testimonio-desde-el-barco-acuario\/#breadcrumb\"},\"inLanguage\":\"es\",\"potentialAction\":[{\"@type\":\"ReadAction\",\"target\":[\"https:\/\/www.pressenza.com\/es\/2018\/06\/testimonio-desde-el-barco-acuario\/\"]}]},{\"@type\":\"ImageObject\",\"inLanguage\":\"es\",\"@id\":\"https:\/\/www.pressenza.com\/es\/2018\/06\/testimonio-desde-el-barco-acuario\/#primaryimage\",\"url\":\"https:\/\/www.pressenza.com\/wp-content\/uploads\/2018\/06\/Aquarius-1.jpg\",\"contentUrl\":\"https:\/\/www.pressenza.com\/wp-content\/uploads\/2018\/06\/Aquarius-1.jpg\",\"width\":2048,\"height\":1365},{\"@type\":\"BreadcrumbList\",\"@id\":\"https:\/\/www.pressenza.com\/es\/2018\/06\/testimonio-desde-el-barco-acuario\/#breadcrumb\",\"itemListElement\":[{\"@type\":\"ListItem\",\"position\":1,\"name\":\"Accueil\",\"item\":\"https:\/\/www.pressenza.com\/es\/\"},{\"@type\":\"ListItem\",\"position\":2,\"name\":\"Testimonio desde el barco Acuario\"}]},{\"@type\":\"WebSite\",\"@id\":\"https:\/\/www.pressenza.com\/es\/#website\",\"url\":\"https:\/\/www.pressenza.com\/es\/\",\"name\":\"Pressenza\",\"description\":\"International Press Agency\",\"publisher\":{\"@id\":\"https:\/\/www.pressenza.com\/es\/#organization\"},\"potentialAction\":[{\"@type\":\"SearchAction\",\"target\":{\"@type\":\"EntryPoint\",\"urlTemplate\":\"https:\/\/www.pressenza.com\/es\/?s={search_term_string}\"},\"query-input\":{\"@type\":\"PropertyValueSpecification\",\"valueRequired\":true,\"valueName\":\"search_term_string\"}}],\"inLanguage\":\"es\"},{\"@type\":\"Organization\",\"@id\":\"https:\/\/www.pressenza.com\/es\/#organization\",\"name\":\"Pressenza\",\"url\":\"https:\/\/www.pressenza.com\/es\/\",\"logo\":{\"@type\":\"ImageObject\",\"inLanguage\":\"es\",\"@id\":\"https:\/\/www.pressenza.com\/es\/#\/schema\/logo\/image\/\",\"url\":\"https:\/\/www.pressenza.com\/wp-content\/uploads\/2022\/10\/pressenza_logo_200x200.jpg\",\"contentUrl\":\"https:\/\/www.pressenza.com\/wp-content\/uploads\/2022\/10\/pressenza_logo_200x200.jpg\",\"width\":200,\"height\":200,\"caption\":\"Pressenza\"},\"image\":{\"@id\":\"https:\/\/www.pressenza.com\/es\/#\/schema\/logo\/image\/\"},\"sameAs\":[\"https:\/\/www.facebook.com\/PressenzaItalia\",\"https:\/\/x.com\/PressenzaIPA\"]},{\"@type\":\"Person\",\"@id\":\"https:\/\/www.pressenza.com\/es\/#\/schema\/person\/d983e81827ae24f2c7b1a2123d197f8d\",\"name\":\"Redazione Italia\",\"description\":\"News from the Pressenza Bureau in Italy\",\"sameAs\":[\"https:\/\/www.pressenza.com\/it\/author\/redazione-italia\/\",\"https:\/\/www.facebook.com\/PressenzaItalia\",\"https:\/\/www.instagram.com\/pressenza_italia\/\",\"https:\/\/x.com\/pressenza_it\",\"https:\/\/www.youtube.com\/channel\/UCSalEIWjE1RSxkwjfftFuqg\"],\"url\":\"https:\/\/www.pressenza.com\/es\/author\/redazione-italia\/\"}]}<\/script>\n<!-- \/ Yoast SEO plugin. -->","yoast_head_json":{"title":"Testimonio desde el barco Acuario","description":"A continuaci\u00f3n presentamos la historia de Alessandro Porro, un voluntario del equipo SAR (Search and Rescue) que se encuentra a bordo del barco Aquarius","robots":{"index":"index","follow":"follow","max-snippet":"max-snippet:-1","max-image-preview":"max-image-preview:large","max-video-preview":"max-video-preview:-1"},"canonical":"https:\/\/www.pressenza.com\/es\/2018\/06\/testimonio-desde-el-barco-acuario\/","og_locale":"es_ES","og_type":"article","og_title":"Testimonio desde el barco Acuario","og_description":"A continuaci\u00f3n presentamos la historia de Alessandro Porro, un voluntario del equipo SAR (Search and Rescue) que se encuentra a bordo del barco Aquarius","og_url":"https:\/\/www.pressenza.com\/es\/2018\/06\/testimonio-desde-el-barco-acuario\/","og_site_name":"Pressenza","article_publisher":"https:\/\/www.facebook.com\/PressenzaItalia","article_author":"https:\/\/www.facebook.com\/PressenzaItalia","article_published_time":"2018-06-14T21:45:07+00:00","og_image":[{"width":2048,"height":1365,"url":"https:\/\/www.pressenza.com\/wp-content\/uploads\/2018\/06\/Aquarius-1.jpg","type":"image\/jpeg"}],"author":"Redazione Italia","twitter_card":"summary_large_image","twitter_creator":"@pressenza_it","twitter_site":"@PressenzaIPA","twitter_misc":{"Escrito por":"Redazione Italia","Tiempo de lectura":"1 minuto"},"schema":{"@context":"https:\/\/schema.org","@graph":[{"@type":"Article","@id":"https:\/\/www.pressenza.com\/es\/2018\/06\/testimonio-desde-el-barco-acuario\/#article","isPartOf":{"@id":"https:\/\/www.pressenza.com\/es\/2018\/06\/testimonio-desde-el-barco-acuario\/"},"author":{"name":"Redazione Italia","@id":"https:\/\/www.pressenza.com\/es\/#\/schema\/person\/d983e81827ae24f2c7b1a2123d197f8d"},"headline":"Testimonio desde el barco Acuario","datePublished":"2018-06-14T21:45:07+00:00","mainEntityOfPage":{"@id":"https:\/\/www.pressenza.com\/es\/2018\/06\/testimonio-desde-el-barco-acuario\/"},"wordCount":298,"publisher":{"@id":"https:\/\/www.pressenza.com\/es\/#organization"},"image":{"@id":"https:\/\/www.pressenza.com\/es\/2018\/06\/testimonio-desde-el-barco-acuario\/#primaryimage"},"thumbnailUrl":"https:\/\/www.pressenza.com\/wp-content\/uploads\/2018\/06\/Aquarius-1.jpg","keywords":["barco Acuario","Italia","Libia","migrantes"],"articleSection":["Africa","Derechos Humanos","Europa"],"inLanguage":"es"},{"@type":"WebPage","@id":"https:\/\/www.pressenza.com\/es\/2018\/06\/testimonio-desde-el-barco-acuario\/","url":"https:\/\/www.pressenza.com\/es\/2018\/06\/testimonio-desde-el-barco-acuario\/","name":"Testimonio desde el barco Acuario","isPartOf":{"@id":"https:\/\/www.pressenza.com\/es\/#website"},"primaryImageOfPage":{"@id":"https:\/\/www.pressenza.com\/es\/2018\/06\/testimonio-desde-el-barco-acuario\/#primaryimage"},"image":{"@id":"https:\/\/www.pressenza.com\/es\/2018\/06\/testimonio-desde-el-barco-acuario\/#primaryimage"},"thumbnailUrl":"https:\/\/www.pressenza.com\/wp-content\/uploads\/2018\/06\/Aquarius-1.jpg","datePublished":"2018-06-14T21:45:07+00:00","description":"A continuaci\u00f3n presentamos la historia de Alessandro Porro, un voluntario del equipo SAR (Search and Rescue) que se encuentra a bordo del barco Aquarius","breadcrumb":{"@id":"https:\/\/www.pressenza.com\/es\/2018\/06\/testimonio-desde-el-barco-acuario\/#breadcrumb"},"inLanguage":"es","potentialAction":[{"@type":"ReadAction","target":["https:\/\/www.pressenza.com\/es\/2018\/06\/testimonio-desde-el-barco-acuario\/"]}]},{"@type":"ImageObject","inLanguage":"es","@id":"https:\/\/www.pressenza.com\/es\/2018\/06\/testimonio-desde-el-barco-acuario\/#primaryimage","url":"https:\/\/www.pressenza.com\/wp-content\/uploads\/2018\/06\/Aquarius-1.jpg","contentUrl":"https:\/\/www.pressenza.com\/wp-content\/uploads\/2018\/06\/Aquarius-1.jpg","width":2048,"height":1365},{"@type":"BreadcrumbList","@id":"https:\/\/www.pressenza.com\/es\/2018\/06\/testimonio-desde-el-barco-acuario\/#breadcrumb","itemListElement":[{"@type":"ListItem","position":1,"name":"Accueil","item":"https:\/\/www.pressenza.com\/es\/"},{"@type":"ListItem","position":2,"name":"Testimonio desde el barco Acuario"}]},{"@type":"WebSite","@id":"https:\/\/www.pressenza.com\/es\/#website","url":"https:\/\/www.pressenza.com\/es\/","name":"Pressenza","description":"International Press Agency","publisher":{"@id":"https:\/\/www.pressenza.com\/es\/#organization"},"potentialAction":[{"@type":"SearchAction","target":{"@type":"EntryPoint","urlTemplate":"https:\/\/www.pressenza.com\/es\/?s={search_term_string}"},"query-input":{"@type":"PropertyValueSpecification","valueRequired":true,"valueName":"search_term_string"}}],"inLanguage":"es"},{"@type":"Organization","@id":"https:\/\/www.pressenza.com\/es\/#organization","name":"Pressenza","url":"https:\/\/www.pressenza.com\/es\/","logo":{"@type":"ImageObject","inLanguage":"es","@id":"https:\/\/www.pressenza.com\/es\/#\/schema\/logo\/image\/","url":"https:\/\/www.pressenza.com\/wp-content\/uploads\/2022\/10\/pressenza_logo_200x200.jpg","contentUrl":"https:\/\/www.pressenza.com\/wp-content\/uploads\/2022\/10\/pressenza_logo_200x200.jpg","width":200,"height":200,"caption":"Pressenza"},"image":{"@id":"https:\/\/www.pressenza.com\/es\/#\/schema\/logo\/image\/"},"sameAs":["https:\/\/www.facebook.com\/PressenzaItalia","https:\/\/x.com\/PressenzaIPA"]},{"@type":"Person","@id":"https:\/\/www.pressenza.com\/es\/#\/schema\/person\/d983e81827ae24f2c7b1a2123d197f8d","name":"Redazione Italia","description":"News from the Pressenza Bureau in Italy","sameAs":["https:\/\/www.pressenza.com\/it\/author\/redazione-italia\/","https:\/\/www.facebook.com\/PressenzaItalia","https:\/\/www.instagram.com\/pressenza_italia\/","https:\/\/x.com\/pressenza_it","https:\/\/www.youtube.com\/channel\/UCSalEIWjE1RSxkwjfftFuqg"],"url":"https:\/\/www.pressenza.com\/es\/author\/redazione-italia\/"}]}},"place":"","original_article_url":"","_links":{"self":[{"href":"https:\/\/www.pressenza.com\/es\/wp-json\/wp\/v2\/posts\/658229","targetHints":{"allow":["GET"]}}],"collection":[{"href":"https:\/\/www.pressenza.com\/es\/wp-json\/wp\/v2\/posts"}],"about":[{"href":"https:\/\/www.pressenza.com\/es\/wp-json\/wp\/v2\/types\/post"}],"author":[{"embeddable":true,"href":"https:\/\/www.pressenza.com\/es\/wp-json\/wp\/v2\/users\/594"}],"replies":[{"embeddable":true,"href":"https:\/\/www.pressenza.com\/es\/wp-json\/wp\/v2\/comments?post=658229"}],"version-history":[{"count":0,"href":"https:\/\/www.pressenza.com\/es\/wp-json\/wp\/v2\/posts\/658229\/revisions"}],"wp:featuredmedia":[{"embeddable":true,"href":"https:\/\/www.pressenza.com\/es\/wp-json\/wp\/v2\/media\/658180"}],"wp:attachment":[{"href":"https:\/\/www.pressenza.com\/es\/wp-json\/wp\/v2\/media?parent=658229"}],"wp:term":[{"taxonomy":"category","embeddable":true,"href":"https:\/\/www.pressenza.com\/es\/wp-json\/wp\/v2\/categories?post=658229"},{"taxonomy":"post_tag","embeddable":true,"href":"https:\/\/www.pressenza.com\/es\/wp-json\/wp\/v2\/tags?post=658229"}],"curies":[{"name":"wp","href":"https:\/\/api.w.org\/{rel}","templated":true}]}}