{"id":658082,"date":"2018-06-14T16:11:02","date_gmt":"2018-06-14T15:11:02","guid":{"rendered":"https:\/\/www.pressenza.com\/?p=658082"},"modified":"2018-06-14T16:11:02","modified_gmt":"2018-06-14T15:11:02","slug":"la-ue-elimina-los-obstaculos-a-la-revolucion-energetica-pero-el-objetivo-de-crecimiento-de-las-energias-renovables-no-es-adecuado","status":"publish","type":"post","link":"https:\/\/www.pressenza.com\/es\/2018\/06\/la-ue-elimina-los-obstaculos-a-la-revolucion-energetica-pero-el-objetivo-de-crecimiento-de-las-energias-renovables-no-es-adecuado\/","title":{"rendered":"La UE elimina los obst\u00e1culos a la revoluci\u00f3n energ\u00e9tica, pero el objetivo de crecimiento de las energ\u00edas renovables no es adecuado"},"content":{"rendered":"<p><span style=\"color: #000000; font-family: Calibri;\">Los paneles solares pronto podr\u00e1n cubrir millones de tejados en toda Europa, lo que permitir\u00e1 a los ciudadanos participar activamente en la transici\u00f3n hacia un sistema de energ\u00eda renovable, gracias al acuerdo alcanzado ayer en la Uni\u00f3n Europea.<\/span><\/p>\n<p><span style=\"color: #000000; font-family: Calibri;\">Los gobiernos europeos, sin embargo, han frenado los esfuerzos del Parlamento para aumentar el peso de las renovables en el sistema energ\u00e9tico europeo mediante la actualizaci\u00f3n de los objetivos de crecimiento de las fuentes limpias en 2023 y el rechazo de importantes salvaguardias contra los efectos nocivos de las bionerg\u00edas y los biocombustibles.<\/span><\/p>\n<p><span style=\"color: #000000; font-family: Calibri;\">\u00abEste acuerdo reconoce por primera vez el derecho de los ciudadanos a participar en la revoluci\u00f3n energ\u00e9tica en Europa y rompe algunas de las principales barreras que frenan la lucha contra el cambio clim\u00e1tico. Esto da a las personas y a las comunidades un mayor control sobre la energ\u00eda que utilizan, permiti\u00e9ndoles participar en el crecimiento de las energ\u00edas renovables y desafiar a los gigantes de la energ\u00eda en todo el continente. Sin embargo, el objetivo de crecimiento de las energ\u00edas renovables del 32% es demasiado bajo y permite que las grandes empresas energ\u00e9ticas permanezcan ancladas en los combustibles f\u00f3siles o en tecnolog\u00edas que han demostrado ser falsas soluciones al cambio clim\u00e1tico\u00bb, afirma Sebastian Mang, consultor de energ\u00eda de Greenpeace UE.<\/span><\/p>\n<p><span style=\"color: #000000; font-family: Calibri;\">El acuerdo entre el Parlamento Europeo y los gobiernos europeos garantiza a los ciudadanos de la UE, las autoridades locales, los peque\u00f1os empresarios y las cooperativas el derecho a producir, consumir, almacenar y vender energ\u00eda renovable de producci\u00f3n propia, sin estar sujeto a sanciones fiscales ni a cargas burocr\u00e1ticas excesivas. El acuerdo proh\u00edbe las sanciones que algunos pa\u00edses han introducido para impedir que sus ciudadanos participen en la transici\u00f3n energ\u00e9tica. En Ruman\u00eda, por ejemplo, a los ciudadanos que quieren vender su energ\u00eda en Internet se les exige que creen una empresa y cumplan unos requisitos fiscales espec\u00edficos. En Espa\u00f1a, el \u00abimpuesto solar\u00bb impide la producci\u00f3n generalizada de energ\u00eda renovable a trav\u00e9s de un sistema de tarifas onerosas y obst\u00e1culos burocr\u00e1ticos. El fin de estas medidas vejatorias fue una de las exigencias centrales del Parlamento Europeo en las negociaciones con los Estados miembros.<\/span><\/p>\n<p><span style=\"color: #000000; font-family: Calibri;\">Por primera vez, la legislaci\u00f3n europea reconoce el papel de las cooperativas energ\u00e9ticas en la transici\u00f3n energ\u00e9tica, facilitando a los ciudadanos la realizaci\u00f3n de sus proyectos de energ\u00edas renovables y garantiz\u00e1ndoles la protecci\u00f3n contra el dominio de los mercados por parte de las grandes empresas. Como mostr\u00f3 un estudio reciente, los proyectos dirigidos por cooperativas de energ\u00eda proporcionan a las econom\u00edas locales ocho veces m\u00e1s ingresos que proyectos similares dirigidos por una gran empresa de servicios p\u00fablicos.<\/span><\/p>\n<p><span style=\"color: #000000; font-family: Calibri;\">Para Greenpeace, el objetivo de crecimiento m\u00ednimo del 32 % de energ\u00eda renovable para 2030 es inadecuado para prevenir los efectos perjudiciales del cambio clim\u00e1tico. El acuerdo de ayer tambi\u00e9n permitir\u00e1 que los pa\u00edses y las compa\u00f1\u00edas contin\u00faen clasificando una parte de la bioenerg\u00eda insostenible como renovable, allanando el camino para la tala de otros \u00e1rboles y la deforestaci\u00f3n de los bosques tropicales para la producci\u00f3n de biocombustibles que alimentar\u00e1n las centrales el\u00e9ctricas, las plantas industriales y los autom\u00f3viles. Los negociadores acordaron congelar a los niveles actuales el uso de biocarburantes que causan el mayor da\u00f1o a la biodiversidad, como el aceite de palma, y eliminar gradualmente su uso para 2030, poniendo fin a la actual obligaci\u00f3n de los Estados miembros de la UE de incluir los biocarburantes obtenidos a partir de cultivos en su combinaci\u00f3n energ\u00e9tica para el sector del transporte.<\/span><\/p>\n","protected":false},"excerpt":{"rendered":"<p>Los paneles solares pronto podr\u00e1n cubrir millones de tejados en toda Europa, lo que permitir\u00e1 a los ciudadanos participar activamente en la transici\u00f3n hacia un sistema de energ\u00eda renovable, gracias al acuerdo alcanzado ayer en la Uni\u00f3n Europea. Los gobiernos&hellip;<\/p>\n","protected":false},"author":618,"featured_media":658033,"comment_status":"closed","ping_status":"closed","sticky":false,"template":"","format":"standard","meta":{"footnotes":""},"categories":[149,78,66],"tags":[3575,47029,817],"class_list":["post-658082","post","type-post","status-publish","format-standard","has-post-thumbnail","hentry","category-comunicados-de-prensa","category-medio-ambiente-ecologia","category-europa-es","tag-energia-renovable","tag-paneles-solares","tag-parlamento-europeo"],"yoast_head":"<!-- This site is optimized with the Yoast SEO plugin v27.1.1 - https:\/\/yoast.com\/product\/yoast-seo-wordpress\/ -->\n<title>La UE elimina los obst\u00e1culos a la revoluci\u00f3n energ\u00e9tica, pero el objetivo de crecimiento de las energ\u00edas renovables no es adecuado<\/title>\n<meta name=\"description\" content=\"Los paneles solares pronto podr\u00e1n cubrir millones de tejados en toda Europa, lo que permitir\u00e1 a los ciudadanos participar activamente en la transici\u00f3n\" \/>\n<meta name=\"robots\" content=\"index, follow, max-snippet:-1, max-image-preview:large, max-video-preview:-1\" \/>\n<link rel=\"canonical\" href=\"https:\/\/www.pressenza.com\/es\/2018\/06\/la-ue-elimina-los-obstaculos-a-la-revolucion-energetica-pero-el-objetivo-de-crecimiento-de-las-energias-renovables-no-es-adecuado\/\" \/>\n<meta property=\"og:locale\" content=\"es_ES\" \/>\n<meta property=\"og:type\" content=\"article\" \/>\n<meta property=\"og:title\" content=\"La UE elimina los obst\u00e1culos a la revoluci\u00f3n energ\u00e9tica, pero el objetivo de crecimiento de las energ\u00edas renovables no es adecuado\" \/>\n<meta property=\"og:description\" content=\"Los paneles solares pronto podr\u00e1n cubrir millones de tejados en toda Europa, lo que permitir\u00e1 a los ciudadanos participar activamente en la transici\u00f3n\" \/>\n<meta property=\"og:url\" content=\"https:\/\/www.pressenza.com\/es\/2018\/06\/la-ue-elimina-los-obstaculos-a-la-revolucion-energetica-pero-el-objetivo-de-crecimiento-de-las-energias-renovables-no-es-adecuado\/\" \/>\n<meta property=\"og:site_name\" content=\"Pressenza\" \/>\n<meta property=\"article:publisher\" content=\"https:\/\/www.facebook.com\/PressenzaItalia\" \/>\n<meta property=\"article:author\" content=\"https:\/\/www.facebook.com\/GreenpeaceItalia\/\" \/>\n<meta property=\"article:published_time\" content=\"2018-06-14T15:11:02+00:00\" \/>\n<meta property=\"og:image\" content=\"https:\/\/www.pressenza.com\/wp-content\/uploads\/2018\/06\/pannelli-fotovoltaici.jpg\" \/>\n\t<meta property=\"og:image:width\" content=\"1024\" \/>\n\t<meta property=\"og:image:height\" content=\"621\" \/>\n\t<meta property=\"og:image:type\" content=\"image\/jpeg\" \/>\n<meta name=\"author\" content=\"Greenpeace Italia\" \/>\n<meta name=\"twitter:card\" content=\"summary_large_image\" \/>\n<meta name=\"twitter:creator\" content=\"@PressenzaIPA\" \/>\n<meta name=\"twitter:site\" content=\"@PressenzaIPA\" \/>\n<meta name=\"twitter:label1\" content=\"Escrito por\" \/>\n\t<meta name=\"twitter:data1\" content=\"Greenpeace Italia\" \/>\n\t<meta name=\"twitter:label2\" content=\"Tiempo de lectura\" \/>\n\t<meta name=\"twitter:data2\" content=\"3 minutos\" \/>\n<script type=\"application\/ld+json\" class=\"yoast-schema-graph\">{\"@context\":\"https:\/\/schema.org\",\"@graph\":[{\"@type\":\"Article\",\"@id\":\"https:\/\/www.pressenza.com\/es\/2018\/06\/la-ue-elimina-los-obstaculos-a-la-revolucion-energetica-pero-el-objetivo-de-crecimiento-de-las-energias-renovables-no-es-adecuado\/#article\",\"isPartOf\":{\"@id\":\"https:\/\/www.pressenza.com\/es\/2018\/06\/la-ue-elimina-los-obstaculos-a-la-revolucion-energetica-pero-el-objetivo-de-crecimiento-de-las-energias-renovables-no-es-adecuado\/\"},\"author\":{\"name\":\"Greenpeace Italia\",\"@id\":\"https:\/\/www.pressenza.com\/es\/#\/schema\/person\/2b5e1aef56a92e7fcda4ef0db68c28f0\"},\"headline\":\"La UE elimina los obst\u00e1culos a la revoluci\u00f3n energ\u00e9tica, pero el objetivo de crecimiento de las energ\u00edas renovables no es adecuado\",\"datePublished\":\"2018-06-14T15:11:02+00:00\",\"mainEntityOfPage\":{\"@id\":\"https:\/\/www.pressenza.com\/es\/2018\/06\/la-ue-elimina-los-obstaculos-a-la-revolucion-energetica-pero-el-objetivo-de-crecimiento-de-las-energias-renovables-no-es-adecuado\/\"},\"wordCount\":658,\"publisher\":{\"@id\":\"https:\/\/www.pressenza.com\/es\/#organization\"},\"image\":{\"@id\":\"https:\/\/www.pressenza.com\/es\/2018\/06\/la-ue-elimina-los-obstaculos-a-la-revolucion-energetica-pero-el-objetivo-de-crecimiento-de-las-energias-renovables-no-es-adecuado\/#primaryimage\"},\"thumbnailUrl\":\"https:\/\/www.pressenza.com\/wp-content\/uploads\/2018\/06\/pannelli-fotovoltaici.jpg\",\"keywords\":[\"Energ\u00eda renovable\",\"paneles solares\",\"Parlamento Europeo\"],\"articleSection\":[\"Comunicados de Prensa\",\"Ecolog\u00eda y Medio Ambiente\",\"Europa\"],\"inLanguage\":\"es\"},{\"@type\":\"WebPage\",\"@id\":\"https:\/\/www.pressenza.com\/es\/2018\/06\/la-ue-elimina-los-obstaculos-a-la-revolucion-energetica-pero-el-objetivo-de-crecimiento-de-las-energias-renovables-no-es-adecuado\/\",\"url\":\"https:\/\/www.pressenza.com\/es\/2018\/06\/la-ue-elimina-los-obstaculos-a-la-revolucion-energetica-pero-el-objetivo-de-crecimiento-de-las-energias-renovables-no-es-adecuado\/\",\"name\":\"La UE elimina los obst\u00e1culos a la revoluci\u00f3n energ\u00e9tica, pero el objetivo de crecimiento de las energ\u00edas renovables no es adecuado\",\"isPartOf\":{\"@id\":\"https:\/\/www.pressenza.com\/es\/#website\"},\"primaryImageOfPage\":{\"@id\":\"https:\/\/www.pressenza.com\/es\/2018\/06\/la-ue-elimina-los-obstaculos-a-la-revolucion-energetica-pero-el-objetivo-de-crecimiento-de-las-energias-renovables-no-es-adecuado\/#primaryimage\"},\"image\":{\"@id\":\"https:\/\/www.pressenza.com\/es\/2018\/06\/la-ue-elimina-los-obstaculos-a-la-revolucion-energetica-pero-el-objetivo-de-crecimiento-de-las-energias-renovables-no-es-adecuado\/#primaryimage\"},\"thumbnailUrl\":\"https:\/\/www.pressenza.com\/wp-content\/uploads\/2018\/06\/pannelli-fotovoltaici.jpg\",\"datePublished\":\"2018-06-14T15:11:02+00:00\",\"description\":\"Los paneles solares pronto podr\u00e1n cubrir millones de tejados en toda Europa, lo que permitir\u00e1 a los ciudadanos participar activamente en la transici\u00f3n\",\"breadcrumb\":{\"@id\":\"https:\/\/www.pressenza.com\/es\/2018\/06\/la-ue-elimina-los-obstaculos-a-la-revolucion-energetica-pero-el-objetivo-de-crecimiento-de-las-energias-renovables-no-es-adecuado\/#breadcrumb\"},\"inLanguage\":\"es\",\"potentialAction\":[{\"@type\":\"ReadAction\",\"target\":[\"https:\/\/www.pressenza.com\/es\/2018\/06\/la-ue-elimina-los-obstaculos-a-la-revolucion-energetica-pero-el-objetivo-de-crecimiento-de-las-energias-renovables-no-es-adecuado\/\"]}]},{\"@type\":\"ImageObject\",\"inLanguage\":\"es\",\"@id\":\"https:\/\/www.pressenza.com\/es\/2018\/06\/la-ue-elimina-los-obstaculos-a-la-revolucion-energetica-pero-el-objetivo-de-crecimiento-de-las-energias-renovables-no-es-adecuado\/#primaryimage\",\"url\":\"https:\/\/www.pressenza.com\/wp-content\/uploads\/2018\/06\/pannelli-fotovoltaici.jpg\",\"contentUrl\":\"https:\/\/www.pressenza.com\/wp-content\/uploads\/2018\/06\/pannelli-fotovoltaici.jpg\",\"width\":1024,\"height\":621},{\"@type\":\"BreadcrumbList\",\"@id\":\"https:\/\/www.pressenza.com\/es\/2018\/06\/la-ue-elimina-los-obstaculos-a-la-revolucion-energetica-pero-el-objetivo-de-crecimiento-de-las-energias-renovables-no-es-adecuado\/#breadcrumb\",\"itemListElement\":[{\"@type\":\"ListItem\",\"position\":1,\"name\":\"Accueil\",\"item\":\"https:\/\/www.pressenza.com\/es\/\"},{\"@type\":\"ListItem\",\"position\":2,\"name\":\"La UE elimina los obst\u00e1culos a la revoluci\u00f3n energ\u00e9tica, pero el objetivo de crecimiento de las energ\u00edas renovables no es adecuado\"}]},{\"@type\":\"WebSite\",\"@id\":\"https:\/\/www.pressenza.com\/es\/#website\",\"url\":\"https:\/\/www.pressenza.com\/es\/\",\"name\":\"Pressenza\",\"description\":\"International Press Agency\",\"publisher\":{\"@id\":\"https:\/\/www.pressenza.com\/es\/#organization\"},\"potentialAction\":[{\"@type\":\"SearchAction\",\"target\":{\"@type\":\"EntryPoint\",\"urlTemplate\":\"https:\/\/www.pressenza.com\/es\/?s={search_term_string}\"},\"query-input\":{\"@type\":\"PropertyValueSpecification\",\"valueRequired\":true,\"valueName\":\"search_term_string\"}}],\"inLanguage\":\"es\"},{\"@type\":\"Organization\",\"@id\":\"https:\/\/www.pressenza.com\/es\/#organization\",\"name\":\"Pressenza\",\"url\":\"https:\/\/www.pressenza.com\/es\/\",\"logo\":{\"@type\":\"ImageObject\",\"inLanguage\":\"es\",\"@id\":\"https:\/\/www.pressenza.com\/es\/#\/schema\/logo\/image\/\",\"url\":\"https:\/\/www.pressenza.com\/wp-content\/uploads\/2022\/10\/pressenza_logo_200x200.jpg\",\"contentUrl\":\"https:\/\/www.pressenza.com\/wp-content\/uploads\/2022\/10\/pressenza_logo_200x200.jpg\",\"width\":200,\"height\":200,\"caption\":\"Pressenza\"},\"image\":{\"@id\":\"https:\/\/www.pressenza.com\/es\/#\/schema\/logo\/image\/\"},\"sameAs\":[\"https:\/\/www.facebook.com\/PressenzaItalia\",\"https:\/\/x.com\/PressenzaIPA\"]},{\"@type\":\"Person\",\"@id\":\"https:\/\/www.pressenza.com\/es\/#\/schema\/person\/2b5e1aef56a92e7fcda4ef0db68c28f0\",\"name\":\"Greenpeace Italia\",\"sameAs\":[\"http:\/\/www.greenpeace.it\",\"https:\/\/www.facebook.com\/GreenpeaceItalia\/\"],\"url\":\"https:\/\/www.pressenza.com\/es\/author\/greenpeace-italia\/\"}]}<\/script>\n<!-- \/ Yoast SEO plugin. -->","yoast_head_json":{"title":"La UE elimina los obst\u00e1culos a la revoluci\u00f3n energ\u00e9tica, pero el objetivo de crecimiento de las energ\u00edas renovables no es adecuado","description":"Los paneles solares pronto podr\u00e1n cubrir millones de tejados en toda Europa, lo que permitir\u00e1 a los ciudadanos participar activamente en la transici\u00f3n","robots":{"index":"index","follow":"follow","max-snippet":"max-snippet:-1","max-image-preview":"max-image-preview:large","max-video-preview":"max-video-preview:-1"},"canonical":"https:\/\/www.pressenza.com\/es\/2018\/06\/la-ue-elimina-los-obstaculos-a-la-revolucion-energetica-pero-el-objetivo-de-crecimiento-de-las-energias-renovables-no-es-adecuado\/","og_locale":"es_ES","og_type":"article","og_title":"La UE elimina los obst\u00e1culos a la revoluci\u00f3n energ\u00e9tica, pero el objetivo de crecimiento de las energ\u00edas renovables no es adecuado","og_description":"Los paneles solares pronto podr\u00e1n cubrir millones de tejados en toda Europa, lo que permitir\u00e1 a los ciudadanos participar activamente en la transici\u00f3n","og_url":"https:\/\/www.pressenza.com\/es\/2018\/06\/la-ue-elimina-los-obstaculos-a-la-revolucion-energetica-pero-el-objetivo-de-crecimiento-de-las-energias-renovables-no-es-adecuado\/","og_site_name":"Pressenza","article_publisher":"https:\/\/www.facebook.com\/PressenzaItalia","article_author":"https:\/\/www.facebook.com\/GreenpeaceItalia\/","article_published_time":"2018-06-14T15:11:02+00:00","og_image":[{"width":1024,"height":621,"url":"https:\/\/www.pressenza.com\/wp-content\/uploads\/2018\/06\/pannelli-fotovoltaici.jpg","type":"image\/jpeg"}],"author":"Greenpeace Italia","twitter_card":"summary_large_image","twitter_creator":"@PressenzaIPA","twitter_site":"@PressenzaIPA","twitter_misc":{"Escrito por":"Greenpeace Italia","Tiempo de lectura":"3 minutos"},"schema":{"@context":"https:\/\/schema.org","@graph":[{"@type":"Article","@id":"https:\/\/www.pressenza.com\/es\/2018\/06\/la-ue-elimina-los-obstaculos-a-la-revolucion-energetica-pero-el-objetivo-de-crecimiento-de-las-energias-renovables-no-es-adecuado\/#article","isPartOf":{"@id":"https:\/\/www.pressenza.com\/es\/2018\/06\/la-ue-elimina-los-obstaculos-a-la-revolucion-energetica-pero-el-objetivo-de-crecimiento-de-las-energias-renovables-no-es-adecuado\/"},"author":{"name":"Greenpeace Italia","@id":"https:\/\/www.pressenza.com\/es\/#\/schema\/person\/2b5e1aef56a92e7fcda4ef0db68c28f0"},"headline":"La UE elimina los obst\u00e1culos a la revoluci\u00f3n energ\u00e9tica, pero el objetivo de crecimiento de las energ\u00edas renovables no es adecuado","datePublished":"2018-06-14T15:11:02+00:00","mainEntityOfPage":{"@id":"https:\/\/www.pressenza.com\/es\/2018\/06\/la-ue-elimina-los-obstaculos-a-la-revolucion-energetica-pero-el-objetivo-de-crecimiento-de-las-energias-renovables-no-es-adecuado\/"},"wordCount":658,"publisher":{"@id":"https:\/\/www.pressenza.com\/es\/#organization"},"image":{"@id":"https:\/\/www.pressenza.com\/es\/2018\/06\/la-ue-elimina-los-obstaculos-a-la-revolucion-energetica-pero-el-objetivo-de-crecimiento-de-las-energias-renovables-no-es-adecuado\/#primaryimage"},"thumbnailUrl":"https:\/\/www.pressenza.com\/wp-content\/uploads\/2018\/06\/pannelli-fotovoltaici.jpg","keywords":["Energ\u00eda renovable","paneles solares","Parlamento Europeo"],"articleSection":["Comunicados de Prensa","Ecolog\u00eda y Medio Ambiente","Europa"],"inLanguage":"es"},{"@type":"WebPage","@id":"https:\/\/www.pressenza.com\/es\/2018\/06\/la-ue-elimina-los-obstaculos-a-la-revolucion-energetica-pero-el-objetivo-de-crecimiento-de-las-energias-renovables-no-es-adecuado\/","url":"https:\/\/www.pressenza.com\/es\/2018\/06\/la-ue-elimina-los-obstaculos-a-la-revolucion-energetica-pero-el-objetivo-de-crecimiento-de-las-energias-renovables-no-es-adecuado\/","name":"La UE elimina los obst\u00e1culos a la revoluci\u00f3n energ\u00e9tica, pero el objetivo de crecimiento de las energ\u00edas renovables no es adecuado","isPartOf":{"@id":"https:\/\/www.pressenza.com\/es\/#website"},"primaryImageOfPage":{"@id":"https:\/\/www.pressenza.com\/es\/2018\/06\/la-ue-elimina-los-obstaculos-a-la-revolucion-energetica-pero-el-objetivo-de-crecimiento-de-las-energias-renovables-no-es-adecuado\/#primaryimage"},"image":{"@id":"https:\/\/www.pressenza.com\/es\/2018\/06\/la-ue-elimina-los-obstaculos-a-la-revolucion-energetica-pero-el-objetivo-de-crecimiento-de-las-energias-renovables-no-es-adecuado\/#primaryimage"},"thumbnailUrl":"https:\/\/www.pressenza.com\/wp-content\/uploads\/2018\/06\/pannelli-fotovoltaici.jpg","datePublished":"2018-06-14T15:11:02+00:00","description":"Los paneles solares pronto podr\u00e1n cubrir millones de tejados en toda Europa, lo que permitir\u00e1 a los ciudadanos participar activamente en la transici\u00f3n","breadcrumb":{"@id":"https:\/\/www.pressenza.com\/es\/2018\/06\/la-ue-elimina-los-obstaculos-a-la-revolucion-energetica-pero-el-objetivo-de-crecimiento-de-las-energias-renovables-no-es-adecuado\/#breadcrumb"},"inLanguage":"es","potentialAction":[{"@type":"ReadAction","target":["https:\/\/www.pressenza.com\/es\/2018\/06\/la-ue-elimina-los-obstaculos-a-la-revolucion-energetica-pero-el-objetivo-de-crecimiento-de-las-energias-renovables-no-es-adecuado\/"]}]},{"@type":"ImageObject","inLanguage":"es","@id":"https:\/\/www.pressenza.com\/es\/2018\/06\/la-ue-elimina-los-obstaculos-a-la-revolucion-energetica-pero-el-objetivo-de-crecimiento-de-las-energias-renovables-no-es-adecuado\/#primaryimage","url":"https:\/\/www.pressenza.com\/wp-content\/uploads\/2018\/06\/pannelli-fotovoltaici.jpg","contentUrl":"https:\/\/www.pressenza.com\/wp-content\/uploads\/2018\/06\/pannelli-fotovoltaici.jpg","width":1024,"height":621},{"@type":"BreadcrumbList","@id":"https:\/\/www.pressenza.com\/es\/2018\/06\/la-ue-elimina-los-obstaculos-a-la-revolucion-energetica-pero-el-objetivo-de-crecimiento-de-las-energias-renovables-no-es-adecuado\/#breadcrumb","itemListElement":[{"@type":"ListItem","position":1,"name":"Accueil","item":"https:\/\/www.pressenza.com\/es\/"},{"@type":"ListItem","position":2,"name":"La UE elimina los obst\u00e1culos a la revoluci\u00f3n energ\u00e9tica, pero el objetivo de crecimiento de las energ\u00edas renovables no es adecuado"}]},{"@type":"WebSite","@id":"https:\/\/www.pressenza.com\/es\/#website","url":"https:\/\/www.pressenza.com\/es\/","name":"Pressenza","description":"International Press Agency","publisher":{"@id":"https:\/\/www.pressenza.com\/es\/#organization"},"potentialAction":[{"@type":"SearchAction","target":{"@type":"EntryPoint","urlTemplate":"https:\/\/www.pressenza.com\/es\/?s={search_term_string}"},"query-input":{"@type":"PropertyValueSpecification","valueRequired":true,"valueName":"search_term_string"}}],"inLanguage":"es"},{"@type":"Organization","@id":"https:\/\/www.pressenza.com\/es\/#organization","name":"Pressenza","url":"https:\/\/www.pressenza.com\/es\/","logo":{"@type":"ImageObject","inLanguage":"es","@id":"https:\/\/www.pressenza.com\/es\/#\/schema\/logo\/image\/","url":"https:\/\/www.pressenza.com\/wp-content\/uploads\/2022\/10\/pressenza_logo_200x200.jpg","contentUrl":"https:\/\/www.pressenza.com\/wp-content\/uploads\/2022\/10\/pressenza_logo_200x200.jpg","width":200,"height":200,"caption":"Pressenza"},"image":{"@id":"https:\/\/www.pressenza.com\/es\/#\/schema\/logo\/image\/"},"sameAs":["https:\/\/www.facebook.com\/PressenzaItalia","https:\/\/x.com\/PressenzaIPA"]},{"@type":"Person","@id":"https:\/\/www.pressenza.com\/es\/#\/schema\/person\/2b5e1aef56a92e7fcda4ef0db68c28f0","name":"Greenpeace Italia","sameAs":["http:\/\/www.greenpeace.it","https:\/\/www.facebook.com\/GreenpeaceItalia\/"],"url":"https:\/\/www.pressenza.com\/es\/author\/greenpeace-italia\/"}]}},"place":"","original_article_url":"","_links":{"self":[{"href":"https:\/\/www.pressenza.com\/es\/wp-json\/wp\/v2\/posts\/658082","targetHints":{"allow":["GET"]}}],"collection":[{"href":"https:\/\/www.pressenza.com\/es\/wp-json\/wp\/v2\/posts"}],"about":[{"href":"https:\/\/www.pressenza.com\/es\/wp-json\/wp\/v2\/types\/post"}],"author":[{"embeddable":true,"href":"https:\/\/www.pressenza.com\/es\/wp-json\/wp\/v2\/users\/618"}],"replies":[{"embeddable":true,"href":"https:\/\/www.pressenza.com\/es\/wp-json\/wp\/v2\/comments?post=658082"}],"version-history":[{"count":0,"href":"https:\/\/www.pressenza.com\/es\/wp-json\/wp\/v2\/posts\/658082\/revisions"}],"wp:featuredmedia":[{"embeddable":true,"href":"https:\/\/www.pressenza.com\/es\/wp-json\/wp\/v2\/media\/658033"}],"wp:attachment":[{"href":"https:\/\/www.pressenza.com\/es\/wp-json\/wp\/v2\/media?parent=658082"}],"wp:term":[{"taxonomy":"category","embeddable":true,"href":"https:\/\/www.pressenza.com\/es\/wp-json\/wp\/v2\/categories?post=658082"},{"taxonomy":"post_tag","embeddable":true,"href":"https:\/\/www.pressenza.com\/es\/wp-json\/wp\/v2\/tags?post=658082"}],"curies":[{"name":"wp","href":"https:\/\/api.w.org\/{rel}","templated":true}]}}