{"id":655741,"date":"2018-06-11T15:38:03","date_gmt":"2018-06-11T14:38:03","guid":{"rendered":"https:\/\/www.pressenza.com\/?p=655741"},"modified":"2018-06-11T15:38:36","modified_gmt":"2018-06-11T14:38:36","slug":"marcha-la-impunidad","status":"publish","type":"post","link":"https:\/\/www.pressenza.com\/es\/2018\/06\/marcha-la-impunidad\/","title":{"rendered":"Chile: Marcha contra la impunidad"},"content":{"rendered":"<p>Desde la Plaza Italia las organizaciones de derechos humanos, las agrupaciones de detenidos desaparecidos, familiares, hijos, ex presos pol\u00edticos marcharon este jueves 7 de junio contra la impunidad, contra la injusticia, contra la indiferencia de los organismos del estado, contra el maltrato, contra la precariedad, contra el olvido, especialmente contra el olvido, quiz\u00e1s por eso la noche se sent\u00eda particularmente fr\u00eda y oscura solo rota por los gritos al un\u00edsono que retumbaban en la caja de la Alameda: &#8211; ninguna democracia se puede levantar sin terminar primero con tanta impunidad-<br \/>\n<a href=\"https:\/\/www.pressenza.com\/wp-content\/uploads\/2018\/06\/MG_0755_2592x1728.jpg\"><img loading=\"lazy\" decoding=\"async\" class=\"alignleft size-large wp-image-655760\" src=\"https:\/\/www.pressenza.com\/wp-content\/uploads\/2018\/06\/MG_0755_2592x1728-720x480.jpg\" alt=\"\" width=\"720\" height=\"480\" srcset=\"https:\/\/www.pressenza.com\/wp-content\/uploads\/2018\/06\/MG_0755_2592x1728-720x480.jpg 720w, https:\/\/www.pressenza.com\/wp-content\/uploads\/2018\/06\/MG_0755_2592x1728-300x200.jpg 300w, https:\/\/www.pressenza.com\/wp-content\/uploads\/2018\/06\/MG_0755_2592x1728-768x512.jpg 768w, https:\/\/www.pressenza.com\/wp-content\/uploads\/2018\/06\/MG_0755_2592x1728.jpg 2048w\" sizes=\"auto, (max-width: 720px) 100vw, 720px\" \/><\/a><\/p>\n<p><a href=\"https:\/\/www.pressenza.com\/wp-content\/uploads\/2018\/06\/MG_0759_2592x1728.jpg\"><img loading=\"lazy\" decoding=\"async\" class=\"alignleft size-large wp-image-655769\" src=\"https:\/\/www.pressenza.com\/wp-content\/uploads\/2018\/06\/MG_0759_2592x1728-720x480.jpg\" alt=\"\" width=\"720\" height=\"480\" srcset=\"https:\/\/www.pressenza.com\/wp-content\/uploads\/2018\/06\/MG_0759_2592x1728-720x480.jpg 720w, https:\/\/www.pressenza.com\/wp-content\/uploads\/2018\/06\/MG_0759_2592x1728-300x200.jpg 300w, https:\/\/www.pressenza.com\/wp-content\/uploads\/2018\/06\/MG_0759_2592x1728-768x512.jpg 768w, https:\/\/www.pressenza.com\/wp-content\/uploads\/2018\/06\/MG_0759_2592x1728.jpg 2048w\" sizes=\"auto, (max-width: 720px) 100vw, 720px\" \/><\/a><\/p>\n<p><a href=\"https:\/\/www.pressenza.com\/wp-content\/uploads\/2018\/06\/MG_0773_2592x1728.jpg\"><img loading=\"lazy\" decoding=\"async\" class=\"alignleft size-large wp-image-655778\" src=\"https:\/\/www.pressenza.com\/wp-content\/uploads\/2018\/06\/MG_0773_2592x1728-720x480.jpg\" alt=\"\" width=\"720\" height=\"480\" srcset=\"https:\/\/www.pressenza.com\/wp-content\/uploads\/2018\/06\/MG_0773_2592x1728-720x480.jpg 720w, https:\/\/www.pressenza.com\/wp-content\/uploads\/2018\/06\/MG_0773_2592x1728-300x200.jpg 300w, https:\/\/www.pressenza.com\/wp-content\/uploads\/2018\/06\/MG_0773_2592x1728-768x512.jpg 768w, https:\/\/www.pressenza.com\/wp-content\/uploads\/2018\/06\/MG_0773_2592x1728.jpg 2048w\" sizes=\"auto, (max-width: 720px) 100vw, 720px\" \/><\/a><\/p>\n<p><a href=\"https:\/\/www.pressenza.com\/wp-content\/uploads\/2018\/06\/MG_0776_2592x1728.jpg\"><img loading=\"lazy\" decoding=\"async\" class=\"alignleft size-large wp-image-655787\" src=\"https:\/\/www.pressenza.com\/wp-content\/uploads\/2018\/06\/MG_0776_2592x1728-720x480.jpg\" alt=\"\" width=\"720\" height=\"480\" srcset=\"https:\/\/www.pressenza.com\/wp-content\/uploads\/2018\/06\/MG_0776_2592x1728-720x480.jpg 720w, https:\/\/www.pressenza.com\/wp-content\/uploads\/2018\/06\/MG_0776_2592x1728-300x200.jpg 300w, https:\/\/www.pressenza.com\/wp-content\/uploads\/2018\/06\/MG_0776_2592x1728-768x512.jpg 768w, https:\/\/www.pressenza.com\/wp-content\/uploads\/2018\/06\/MG_0776_2592x1728.jpg 2048w\" sizes=\"auto, (max-width: 720px) 100vw, 720px\" \/><\/a><\/p>\n<p><a href=\"https:\/\/www.pressenza.com\/wp-content\/uploads\/2018\/06\/MG_0777_2592x1728.jpg\"><img loading=\"lazy\" decoding=\"async\" class=\"alignleft size-large wp-image-655796\" src=\"https:\/\/www.pressenza.com\/wp-content\/uploads\/2018\/06\/MG_0777_2592x1728-720x480.jpg\" alt=\"\" width=\"720\" height=\"480\" srcset=\"https:\/\/www.pressenza.com\/wp-content\/uploads\/2018\/06\/MG_0777_2592x1728-720x480.jpg 720w, https:\/\/www.pressenza.com\/wp-content\/uploads\/2018\/06\/MG_0777_2592x1728-300x200.jpg 300w, https:\/\/www.pressenza.com\/wp-content\/uploads\/2018\/06\/MG_0777_2592x1728-768x512.jpg 768w, https:\/\/www.pressenza.com\/wp-content\/uploads\/2018\/06\/MG_0777_2592x1728.jpg 2048w\" sizes=\"auto, (max-width: 720px) 100vw, 720px\" \/><\/a><\/p>\n<p><a href=\"https:\/\/www.pressenza.com\/wp-content\/uploads\/2018\/06\/MG_0790_2592x1728.jpg\"><img loading=\"lazy\" decoding=\"async\" class=\"alignleft size-large wp-image-655805\" src=\"https:\/\/www.pressenza.com\/wp-content\/uploads\/2018\/06\/MG_0790_2592x1728-720x480.jpg\" alt=\"\" width=\"720\" height=\"480\" srcset=\"https:\/\/www.pressenza.com\/wp-content\/uploads\/2018\/06\/MG_0790_2592x1728-720x480.jpg 720w, https:\/\/www.pressenza.com\/wp-content\/uploads\/2018\/06\/MG_0790_2592x1728-300x200.jpg 300w, https:\/\/www.pressenza.com\/wp-content\/uploads\/2018\/06\/MG_0790_2592x1728-768x512.jpg 768w, https:\/\/www.pressenza.com\/wp-content\/uploads\/2018\/06\/MG_0790_2592x1728.jpg 2048w\" sizes=\"auto, (max-width: 720px) 100vw, 720px\" \/><\/a><\/p>\n<p><a href=\"https:\/\/www.pressenza.com\/wp-content\/uploads\/2018\/06\/MG_0810_2592x1728.jpg\"><img loading=\"lazy\" decoding=\"async\" class=\"alignleft size-large wp-image-655814\" src=\"https:\/\/www.pressenza.com\/wp-content\/uploads\/2018\/06\/MG_0810_2592x1728-720x480.jpg\" alt=\"\" width=\"720\" height=\"480\" srcset=\"https:\/\/www.pressenza.com\/wp-content\/uploads\/2018\/06\/MG_0810_2592x1728-720x480.jpg 720w, https:\/\/www.pressenza.com\/wp-content\/uploads\/2018\/06\/MG_0810_2592x1728-300x200.jpg 300w, https:\/\/www.pressenza.com\/wp-content\/uploads\/2018\/06\/MG_0810_2592x1728-768x512.jpg 768w, https:\/\/www.pressenza.com\/wp-content\/uploads\/2018\/06\/MG_0810_2592x1728.jpg 2048w\" sizes=\"auto, (max-width: 720px) 100vw, 720px\" \/><\/a><\/p>\n<p><a href=\"https:\/\/www.pressenza.com\/wp-content\/uploads\/2018\/06\/MG_0811_2592x1728.jpg\"><img loading=\"lazy\" decoding=\"async\" class=\"alignleft size-large wp-image-655823\" src=\"https:\/\/www.pressenza.com\/wp-content\/uploads\/2018\/06\/MG_0811_2592x1728-683x1024.jpg\" alt=\"\" width=\"683\" height=\"1024\" srcset=\"https:\/\/www.pressenza.com\/wp-content\/uploads\/2018\/06\/MG_0811_2592x1728-683x1024.jpg 683w, https:\/\/www.pressenza.com\/wp-content\/uploads\/2018\/06\/MG_0811_2592x1728-200x300.jpg 200w, https:\/\/www.pressenza.com\/wp-content\/uploads\/2018\/06\/MG_0811_2592x1728-768x1152.jpg 768w, https:\/\/www.pressenza.com\/wp-content\/uploads\/2018\/06\/MG_0811_2592x1728.jpg 1365w\" sizes=\"auto, (max-width: 683px) 100vw, 683px\" \/><\/a><\/p>\n<p><a href=\"https:\/\/www.pressenza.com\/wp-content\/uploads\/2018\/06\/MG_0814_2592x1728.jpg\"><img loading=\"lazy\" decoding=\"async\" class=\"alignleft size-large wp-image-655832\" src=\"https:\/\/www.pressenza.com\/wp-content\/uploads\/2018\/06\/MG_0814_2592x1728-683x1024.jpg\" alt=\"\" width=\"683\" height=\"1024\" srcset=\"https:\/\/www.pressenza.com\/wp-content\/uploads\/2018\/06\/MG_0814_2592x1728-683x1024.jpg 683w, https:\/\/www.pressenza.com\/wp-content\/uploads\/2018\/06\/MG_0814_2592x1728-200x300.jpg 200w, https:\/\/www.pressenza.com\/wp-content\/uploads\/2018\/06\/MG_0814_2592x1728-768x1152.jpg 768w, https:\/\/www.pressenza.com\/wp-content\/uploads\/2018\/06\/MG_0814_2592x1728.jpg 1365w\" sizes=\"auto, (max-width: 683px) 100vw, 683px\" \/><\/a><\/p>\n<p><a href=\"https:\/\/www.pressenza.com\/wp-content\/uploads\/2018\/06\/MG_0816_2592x1728.jpg\"><img loading=\"lazy\" decoding=\"async\" class=\"alignleft size-large wp-image-655841\" src=\"https:\/\/www.pressenza.com\/wp-content\/uploads\/2018\/06\/MG_0816_2592x1728-720x480.jpg\" alt=\"\" width=\"720\" height=\"480\" srcset=\"https:\/\/www.pressenza.com\/wp-content\/uploads\/2018\/06\/MG_0816_2592x1728-720x480.jpg 720w, https:\/\/www.pressenza.com\/wp-content\/uploads\/2018\/06\/MG_0816_2592x1728-300x200.jpg 300w, https:\/\/www.pressenza.com\/wp-content\/uploads\/2018\/06\/MG_0816_2592x1728-768x512.jpg 768w, https:\/\/www.pressenza.com\/wp-content\/uploads\/2018\/06\/MG_0816_2592x1728.jpg 2048w\" sizes=\"auto, (max-width: 720px) 100vw, 720px\" \/><\/a><\/p>\n<p><a href=\"https:\/\/www.pressenza.com\/wp-content\/uploads\/2018\/06\/MG_0822_2592x1728.jpg\"><img loading=\"lazy\" decoding=\"async\" class=\"alignleft size-large wp-image-655850\" src=\"https:\/\/www.pressenza.com\/wp-content\/uploads\/2018\/06\/MG_0822_2592x1728-720x480.jpg\" alt=\"\" width=\"720\" height=\"480\" srcset=\"https:\/\/www.pressenza.com\/wp-content\/uploads\/2018\/06\/MG_0822_2592x1728-720x480.jpg 720w, https:\/\/www.pressenza.com\/wp-content\/uploads\/2018\/06\/MG_0822_2592x1728-300x200.jpg 300w, https:\/\/www.pressenza.com\/wp-content\/uploads\/2018\/06\/MG_0822_2592x1728-768x512.jpg 768w, https:\/\/www.pressenza.com\/wp-content\/uploads\/2018\/06\/MG_0822_2592x1728.jpg 2048w\" sizes=\"auto, (max-width: 720px) 100vw, 720px\" \/><\/a><\/p>\n<p><a href=\"https:\/\/www.pressenza.com\/wp-content\/uploads\/2018\/06\/MG_0824_2592x1728.jpg\"><img loading=\"lazy\" decoding=\"async\" class=\"alignleft size-large wp-image-655859\" src=\"https:\/\/www.pressenza.com\/wp-content\/uploads\/2018\/06\/MG_0824_2592x1728-720x480.jpg\" alt=\"\" width=\"720\" height=\"480\" srcset=\"https:\/\/www.pressenza.com\/wp-content\/uploads\/2018\/06\/MG_0824_2592x1728-720x480.jpg 720w, https:\/\/www.pressenza.com\/wp-content\/uploads\/2018\/06\/MG_0824_2592x1728-300x200.jpg 300w, https:\/\/www.pressenza.com\/wp-content\/uploads\/2018\/06\/MG_0824_2592x1728-768x512.jpg 768w, https:\/\/www.pressenza.com\/wp-content\/uploads\/2018\/06\/MG_0824_2592x1728.jpg 2048w\" sizes=\"auto, (max-width: 720px) 100vw, 720px\" \/><\/a><\/p>\n<p><a href=\"https:\/\/www.pressenza.com\/wp-content\/uploads\/2018\/06\/MG_0828_2592x1728.jpg\"><img loading=\"lazy\" decoding=\"async\" class=\"alignleft size-large wp-image-655868\" src=\"https:\/\/www.pressenza.com\/wp-content\/uploads\/2018\/06\/MG_0828_2592x1728-720x480.jpg\" alt=\"\" width=\"720\" height=\"480\" srcset=\"https:\/\/www.pressenza.com\/wp-content\/uploads\/2018\/06\/MG_0828_2592x1728-720x480.jpg 720w, https:\/\/www.pressenza.com\/wp-content\/uploads\/2018\/06\/MG_0828_2592x1728-300x200.jpg 300w, https:\/\/www.pressenza.com\/wp-content\/uploads\/2018\/06\/MG_0828_2592x1728-768x512.jpg 768w, https:\/\/www.pressenza.com\/wp-content\/uploads\/2018\/06\/MG_0828_2592x1728.jpg 2048w\" sizes=\"auto, (max-width: 720px) 100vw, 720px\" \/><\/a><\/p>\n<p><a href=\"https:\/\/www.pressenza.com\/wp-content\/uploads\/2018\/06\/MG_0840_2592x1728.jpg\"><img loading=\"lazy\" decoding=\"async\" class=\"alignleft size-large wp-image-655877\" src=\"https:\/\/www.pressenza.com\/wp-content\/uploads\/2018\/06\/MG_0840_2592x1728-720x480.jpg\" alt=\"\" width=\"720\" height=\"480\" srcset=\"https:\/\/www.pressenza.com\/wp-content\/uploads\/2018\/06\/MG_0840_2592x1728-720x480.jpg 720w, https:\/\/www.pressenza.com\/wp-content\/uploads\/2018\/06\/MG_0840_2592x1728-300x200.jpg 300w, https:\/\/www.pressenza.com\/wp-content\/uploads\/2018\/06\/MG_0840_2592x1728-768x512.jpg 768w, https:\/\/www.pressenza.com\/wp-content\/uploads\/2018\/06\/MG_0840_2592x1728.jpg 2048w\" sizes=\"auto, (max-width: 720px) 100vw, 720px\" \/><\/a><\/p>\n","protected":false},"excerpt":{"rendered":"<p>Desde la Plaza Italia las organizaciones de derechos humanos, las agrupaciones de detenidos desaparecidos, familiares, hijos, ex presos pol\u00edticos marcharon este jueves 7 de junio contra la impunidad, contra la injusticia, contra la indiferencia de los organismos del estado, contra&hellip;<\/p>\n","protected":false},"author":1510,"featured_media":655742,"comment_status":"closed","ping_status":"closed","sticky":false,"template":"","format":"standard","meta":{"footnotes":""},"categories":[11389,79,5667,74,67],"tags":[29,441,16475,8641],"class_list":["post-655741","post","type-post","status-publish","format-standard","has-post-thumbnail","hentry","category-contenido-original","category-derechos-humanos","category-foto-reportajes","category-politica-es","category-sudamerica","tag-chile","tag-derechos-humanos","tag-marcha","tag-santiago"],"yoast_head":"<!-- This site is optimized with the Yoast SEO plugin v27.1.1 - https:\/\/yoast.com\/product\/yoast-seo-wordpress\/ -->\n<title>Chile: Marcha contra la impunidad<\/title>\n<meta name=\"description\" content=\"Desde la Plaza Italia las organizaciones de derechos humanos, las agrupaciones de detenidos desaparecidos, familiares, hijos, ex presos pol\u00edticos\" \/>\n<meta name=\"robots\" content=\"index, follow, max-snippet:-1, max-image-preview:large, max-video-preview:-1\" \/>\n<link rel=\"canonical\" href=\"https:\/\/www.pressenza.com\/es\/2018\/06\/marcha-la-impunidad\/\" \/>\n<meta property=\"og:locale\" content=\"es_ES\" \/>\n<meta property=\"og:type\" content=\"article\" \/>\n<meta property=\"og:title\" content=\"Chile: Marcha contra la impunidad\" \/>\n<meta property=\"og:description\" content=\"Desde la Plaza Italia las organizaciones de derechos humanos, las agrupaciones de detenidos desaparecidos, familiares, hijos, ex presos pol\u00edticos\" \/>\n<meta property=\"og:url\" content=\"https:\/\/www.pressenza.com\/es\/2018\/06\/marcha-la-impunidad\/\" \/>\n<meta property=\"og:site_name\" content=\"Pressenza\" \/>\n<meta property=\"article:publisher\" content=\"https:\/\/www.facebook.com\/PressenzaItalia\" \/>\n<meta property=\"article:published_time\" content=\"2018-06-11T14:38:03+00:00\" \/>\n<meta property=\"article:modified_time\" content=\"2018-06-11T14:38:36+00:00\" \/>\n<meta property=\"og:image\" content=\"https:\/\/www.pressenza.com\/wp-content\/uploads\/2018\/06\/MG_0724_2592x1728.jpg\" \/>\n\t<meta property=\"og:image:width\" content=\"2048\" \/>\n\t<meta property=\"og:image:height\" content=\"1365\" \/>\n\t<meta property=\"og:image:type\" content=\"image\/jpeg\" \/>\n<meta name=\"author\" content=\"Dalia Chiu S.\" \/>\n<meta name=\"twitter:card\" content=\"summary_large_image\" \/>\n<meta name=\"twitter:creator\" content=\"@PressenzaIPA\" \/>\n<meta name=\"twitter:site\" content=\"@PressenzaIPA\" \/>\n<meta name=\"twitter:label1\" content=\"Escrito por\" \/>\n\t<meta name=\"twitter:data1\" content=\"Dalia Chiu S.\" \/>\n<script type=\"application\/ld+json\" class=\"yoast-schema-graph\">{\"@context\":\"https:\/\/schema.org\",\"@graph\":[{\"@type\":\"Article\",\"@id\":\"https:\/\/www.pressenza.com\/es\/2018\/06\/marcha-la-impunidad\/#article\",\"isPartOf\":{\"@id\":\"https:\/\/www.pressenza.com\/es\/2018\/06\/marcha-la-impunidad\/\"},\"author\":{\"name\":\"Dalia Chiu S.\",\"@id\":\"https:\/\/www.pressenza.com\/es\/#\/schema\/person\/7bde354a3d9ffb1b22919c581d0357ea\"},\"headline\":\"Chile: Marcha contra la impunidad\",\"datePublished\":\"2018-06-11T14:38:03+00:00\",\"dateModified\":\"2018-06-11T14:38:36+00:00\",\"mainEntityOfPage\":{\"@id\":\"https:\/\/www.pressenza.com\/es\/2018\/06\/marcha-la-impunidad\/\"},\"wordCount\":99,\"publisher\":{\"@id\":\"https:\/\/www.pressenza.com\/es\/#organization\"},\"image\":{\"@id\":\"https:\/\/www.pressenza.com\/es\/2018\/06\/marcha-la-impunidad\/#primaryimage\"},\"thumbnailUrl\":\"https:\/\/www.pressenza.com\/wp-content\/uploads\/2018\/06\/MG_0724_2592x1728.jpg\",\"keywords\":[\"Chile\",\"Derechos humanos\",\"Marcha\",\"Santiago\"],\"articleSection\":[\"Contenido Original\",\"Derechos Humanos\",\"Fotorreportajes\",\"Pol\u00edtica\",\"Sudam\u00e9rica\"],\"inLanguage\":\"es\"},{\"@type\":\"WebPage\",\"@id\":\"https:\/\/www.pressenza.com\/es\/2018\/06\/marcha-la-impunidad\/\",\"url\":\"https:\/\/www.pressenza.com\/es\/2018\/06\/marcha-la-impunidad\/\",\"name\":\"Chile: Marcha contra la impunidad\",\"isPartOf\":{\"@id\":\"https:\/\/www.pressenza.com\/es\/#website\"},\"primaryImageOfPage\":{\"@id\":\"https:\/\/www.pressenza.com\/es\/2018\/06\/marcha-la-impunidad\/#primaryimage\"},\"image\":{\"@id\":\"https:\/\/www.pressenza.com\/es\/2018\/06\/marcha-la-impunidad\/#primaryimage\"},\"thumbnailUrl\":\"https:\/\/www.pressenza.com\/wp-content\/uploads\/2018\/06\/MG_0724_2592x1728.jpg\",\"datePublished\":\"2018-06-11T14:38:03+00:00\",\"dateModified\":\"2018-06-11T14:38:36+00:00\",\"description\":\"Desde la Plaza Italia las organizaciones de derechos humanos, las agrupaciones de detenidos desaparecidos, familiares, hijos, ex presos pol\u00edticos\",\"breadcrumb\":{\"@id\":\"https:\/\/www.pressenza.com\/es\/2018\/06\/marcha-la-impunidad\/#breadcrumb\"},\"inLanguage\":\"es\",\"potentialAction\":[{\"@type\":\"ReadAction\",\"target\":[\"https:\/\/www.pressenza.com\/es\/2018\/06\/marcha-la-impunidad\/\"]}]},{\"@type\":\"ImageObject\",\"inLanguage\":\"es\",\"@id\":\"https:\/\/www.pressenza.com\/es\/2018\/06\/marcha-la-impunidad\/#primaryimage\",\"url\":\"https:\/\/www.pressenza.com\/wp-content\/uploads\/2018\/06\/MG_0724_2592x1728.jpg\",\"contentUrl\":\"https:\/\/www.pressenza.com\/wp-content\/uploads\/2018\/06\/MG_0724_2592x1728.jpg\",\"width\":2048,\"height\":1365,\"caption\":\"derechos humanos\"},{\"@type\":\"BreadcrumbList\",\"@id\":\"https:\/\/www.pressenza.com\/es\/2018\/06\/marcha-la-impunidad\/#breadcrumb\",\"itemListElement\":[{\"@type\":\"ListItem\",\"position\":1,\"name\":\"Accueil\",\"item\":\"https:\/\/www.pressenza.com\/es\/\"},{\"@type\":\"ListItem\",\"position\":2,\"name\":\"Chile: Marcha contra la impunidad\"}]},{\"@type\":\"WebSite\",\"@id\":\"https:\/\/www.pressenza.com\/es\/#website\",\"url\":\"https:\/\/www.pressenza.com\/es\/\",\"name\":\"Pressenza\",\"description\":\"International Press Agency\",\"publisher\":{\"@id\":\"https:\/\/www.pressenza.com\/es\/#organization\"},\"potentialAction\":[{\"@type\":\"SearchAction\",\"target\":{\"@type\":\"EntryPoint\",\"urlTemplate\":\"https:\/\/www.pressenza.com\/es\/?s={search_term_string}\"},\"query-input\":{\"@type\":\"PropertyValueSpecification\",\"valueRequired\":true,\"valueName\":\"search_term_string\"}}],\"inLanguage\":\"es\"},{\"@type\":\"Organization\",\"@id\":\"https:\/\/www.pressenza.com\/es\/#organization\",\"name\":\"Pressenza\",\"url\":\"https:\/\/www.pressenza.com\/es\/\",\"logo\":{\"@type\":\"ImageObject\",\"inLanguage\":\"es\",\"@id\":\"https:\/\/www.pressenza.com\/es\/#\/schema\/logo\/image\/\",\"url\":\"https:\/\/www.pressenza.com\/wp-content\/uploads\/2022\/10\/pressenza_logo_200x200.jpg\",\"contentUrl\":\"https:\/\/www.pressenza.com\/wp-content\/uploads\/2022\/10\/pressenza_logo_200x200.jpg\",\"width\":200,\"height\":200,\"caption\":\"Pressenza\"},\"image\":{\"@id\":\"https:\/\/www.pressenza.com\/es\/#\/schema\/logo\/image\/\"},\"sameAs\":[\"https:\/\/www.facebook.com\/PressenzaItalia\",\"https:\/\/x.com\/PressenzaIPA\"]},{\"@type\":\"Person\",\"@id\":\"https:\/\/www.pressenza.com\/es\/#\/schema\/person\/7bde354a3d9ffb1b22919c581d0357ea\",\"name\":\"Dalia Chiu S.\",\"description\":\"Ge\u00f3loga de la Universidad de Chile, nacida en Santiago en 1954\",\"url\":\"https:\/\/www.pressenza.com\/es\/author\/dalia-chiu\/\"}]}<\/script>\n<!-- \/ Yoast SEO plugin. -->","yoast_head_json":{"title":"Chile: Marcha contra la impunidad","description":"Desde la Plaza Italia las organizaciones de derechos humanos, las agrupaciones de detenidos desaparecidos, familiares, hijos, ex presos pol\u00edticos","robots":{"index":"index","follow":"follow","max-snippet":"max-snippet:-1","max-image-preview":"max-image-preview:large","max-video-preview":"max-video-preview:-1"},"canonical":"https:\/\/www.pressenza.com\/es\/2018\/06\/marcha-la-impunidad\/","og_locale":"es_ES","og_type":"article","og_title":"Chile: Marcha contra la impunidad","og_description":"Desde la Plaza Italia las organizaciones de derechos humanos, las agrupaciones de detenidos desaparecidos, familiares, hijos, ex presos pol\u00edticos","og_url":"https:\/\/www.pressenza.com\/es\/2018\/06\/marcha-la-impunidad\/","og_site_name":"Pressenza","article_publisher":"https:\/\/www.facebook.com\/PressenzaItalia","article_published_time":"2018-06-11T14:38:03+00:00","article_modified_time":"2018-06-11T14:38:36+00:00","og_image":[{"width":2048,"height":1365,"url":"https:\/\/www.pressenza.com\/wp-content\/uploads\/2018\/06\/MG_0724_2592x1728.jpg","type":"image\/jpeg"}],"author":"Dalia Chiu S.","twitter_card":"summary_large_image","twitter_creator":"@PressenzaIPA","twitter_site":"@PressenzaIPA","twitter_misc":{"Escrito por":"Dalia Chiu S."},"schema":{"@context":"https:\/\/schema.org","@graph":[{"@type":"Article","@id":"https:\/\/www.pressenza.com\/es\/2018\/06\/marcha-la-impunidad\/#article","isPartOf":{"@id":"https:\/\/www.pressenza.com\/es\/2018\/06\/marcha-la-impunidad\/"},"author":{"name":"Dalia Chiu S.","@id":"https:\/\/www.pressenza.com\/es\/#\/schema\/person\/7bde354a3d9ffb1b22919c581d0357ea"},"headline":"Chile: Marcha contra la impunidad","datePublished":"2018-06-11T14:38:03+00:00","dateModified":"2018-06-11T14:38:36+00:00","mainEntityOfPage":{"@id":"https:\/\/www.pressenza.com\/es\/2018\/06\/marcha-la-impunidad\/"},"wordCount":99,"publisher":{"@id":"https:\/\/www.pressenza.com\/es\/#organization"},"image":{"@id":"https:\/\/www.pressenza.com\/es\/2018\/06\/marcha-la-impunidad\/#primaryimage"},"thumbnailUrl":"https:\/\/www.pressenza.com\/wp-content\/uploads\/2018\/06\/MG_0724_2592x1728.jpg","keywords":["Chile","Derechos humanos","Marcha","Santiago"],"articleSection":["Contenido Original","Derechos Humanos","Fotorreportajes","Pol\u00edtica","Sudam\u00e9rica"],"inLanguage":"es"},{"@type":"WebPage","@id":"https:\/\/www.pressenza.com\/es\/2018\/06\/marcha-la-impunidad\/","url":"https:\/\/www.pressenza.com\/es\/2018\/06\/marcha-la-impunidad\/","name":"Chile: Marcha contra la impunidad","isPartOf":{"@id":"https:\/\/www.pressenza.com\/es\/#website"},"primaryImageOfPage":{"@id":"https:\/\/www.pressenza.com\/es\/2018\/06\/marcha-la-impunidad\/#primaryimage"},"image":{"@id":"https:\/\/www.pressenza.com\/es\/2018\/06\/marcha-la-impunidad\/#primaryimage"},"thumbnailUrl":"https:\/\/www.pressenza.com\/wp-content\/uploads\/2018\/06\/MG_0724_2592x1728.jpg","datePublished":"2018-06-11T14:38:03+00:00","dateModified":"2018-06-11T14:38:36+00:00","description":"Desde la Plaza Italia las organizaciones de derechos humanos, las agrupaciones de detenidos desaparecidos, familiares, hijos, ex presos pol\u00edticos","breadcrumb":{"@id":"https:\/\/www.pressenza.com\/es\/2018\/06\/marcha-la-impunidad\/#breadcrumb"},"inLanguage":"es","potentialAction":[{"@type":"ReadAction","target":["https:\/\/www.pressenza.com\/es\/2018\/06\/marcha-la-impunidad\/"]}]},{"@type":"ImageObject","inLanguage":"es","@id":"https:\/\/www.pressenza.com\/es\/2018\/06\/marcha-la-impunidad\/#primaryimage","url":"https:\/\/www.pressenza.com\/wp-content\/uploads\/2018\/06\/MG_0724_2592x1728.jpg","contentUrl":"https:\/\/www.pressenza.com\/wp-content\/uploads\/2018\/06\/MG_0724_2592x1728.jpg","width":2048,"height":1365,"caption":"derechos humanos"},{"@type":"BreadcrumbList","@id":"https:\/\/www.pressenza.com\/es\/2018\/06\/marcha-la-impunidad\/#breadcrumb","itemListElement":[{"@type":"ListItem","position":1,"name":"Accueil","item":"https:\/\/www.pressenza.com\/es\/"},{"@type":"ListItem","position":2,"name":"Chile: Marcha contra la impunidad"}]},{"@type":"WebSite","@id":"https:\/\/www.pressenza.com\/es\/#website","url":"https:\/\/www.pressenza.com\/es\/","name":"Pressenza","description":"International Press Agency","publisher":{"@id":"https:\/\/www.pressenza.com\/es\/#organization"},"potentialAction":[{"@type":"SearchAction","target":{"@type":"EntryPoint","urlTemplate":"https:\/\/www.pressenza.com\/es\/?s={search_term_string}"},"query-input":{"@type":"PropertyValueSpecification","valueRequired":true,"valueName":"search_term_string"}}],"inLanguage":"es"},{"@type":"Organization","@id":"https:\/\/www.pressenza.com\/es\/#organization","name":"Pressenza","url":"https:\/\/www.pressenza.com\/es\/","logo":{"@type":"ImageObject","inLanguage":"es","@id":"https:\/\/www.pressenza.com\/es\/#\/schema\/logo\/image\/","url":"https:\/\/www.pressenza.com\/wp-content\/uploads\/2022\/10\/pressenza_logo_200x200.jpg","contentUrl":"https:\/\/www.pressenza.com\/wp-content\/uploads\/2022\/10\/pressenza_logo_200x200.jpg","width":200,"height":200,"caption":"Pressenza"},"image":{"@id":"https:\/\/www.pressenza.com\/es\/#\/schema\/logo\/image\/"},"sameAs":["https:\/\/www.facebook.com\/PressenzaItalia","https:\/\/x.com\/PressenzaIPA"]},{"@type":"Person","@id":"https:\/\/www.pressenza.com\/es\/#\/schema\/person\/7bde354a3d9ffb1b22919c581d0357ea","name":"Dalia Chiu S.","description":"Ge\u00f3loga de la Universidad de Chile, nacida en Santiago en 1954","url":"https:\/\/www.pressenza.com\/es\/author\/dalia-chiu\/"}]}},"place":"","original_article_url":"","_links":{"self":[{"href":"https:\/\/www.pressenza.com\/es\/wp-json\/wp\/v2\/posts\/655741","targetHints":{"allow":["GET"]}}],"collection":[{"href":"https:\/\/www.pressenza.com\/es\/wp-json\/wp\/v2\/posts"}],"about":[{"href":"https:\/\/www.pressenza.com\/es\/wp-json\/wp\/v2\/types\/post"}],"author":[{"embeddable":true,"href":"https:\/\/www.pressenza.com\/es\/wp-json\/wp\/v2\/users\/1510"}],"replies":[{"embeddable":true,"href":"https:\/\/www.pressenza.com\/es\/wp-json\/wp\/v2\/comments?post=655741"}],"version-history":[{"count":0,"href":"https:\/\/www.pressenza.com\/es\/wp-json\/wp\/v2\/posts\/655741\/revisions"}],"wp:featuredmedia":[{"embeddable":true,"href":"https:\/\/www.pressenza.com\/es\/wp-json\/wp\/v2\/media\/655742"}],"wp:attachment":[{"href":"https:\/\/www.pressenza.com\/es\/wp-json\/wp\/v2\/media?parent=655741"}],"wp:term":[{"taxonomy":"category","embeddable":true,"href":"https:\/\/www.pressenza.com\/es\/wp-json\/wp\/v2\/categories?post=655741"},{"taxonomy":"post_tag","embeddable":true,"href":"https:\/\/www.pressenza.com\/es\/wp-json\/wp\/v2\/tags?post=655741"}],"curies":[{"name":"wp","href":"https:\/\/api.w.org\/{rel}","templated":true}]}}