{"id":654922,"date":"2018-06-09T21:02:11","date_gmt":"2018-06-09T20:02:11","guid":{"rendered":"https:\/\/www.pressenza.com\/?p=654922"},"modified":"2018-06-09T21:02:11","modified_gmt":"2018-06-09T20:02:11","slug":"intervienen-judicialmente-la-tupac-amaru-argentina","status":"publish","type":"post","link":"https:\/\/www.pressenza.com\/es\/2018\/06\/intervienen-judicialmente-la-tupac-amaru-argentina\/","title":{"rendered":"Intervienen judicialmente la Tupac Amaru en Argentina"},"content":{"rendered":"<p>El acoso a la organizaci\u00f3n barrial Tupac Amaru, en la provincia argentina de Jujuy, sigue sumando cap\u00edtulos de arbitrariedades. A las detenciones ilegales de varios integrantes de la organizaci\u00f3n, ahora se suma el allanamiento y usurpaci\u00f3n de la sede central tupaquera en el centro de la capital juje\u00f1a, San Salvador.<\/p>\n<p>La dirigente Milagro Sala, desde su detenci\u00f3n domiciliaria repudi\u00f3 el accionar policial y de la justicia provincial, adem\u00e1s de denunciar que el operativo policial se realiz\u00f3 sin orden judicial y por un emisario del gobernador, Gerardo Morales.<\/p>\n<p>\u201cSe quieren apropiar de todo lo que tiene la Tupac. Jos\u00e9 Luis Estrada es el hombre que design\u00f3 Morales para actuar con su patota policial y amedrentar a todos los compa\u00f1eros\u201d, dijo v\u00eda telef\u00f3nica con medios de la capital argentina, Sala.<\/p>\n<p>Estrada fue designado como interventor de la Tupac Amaru y adem\u00e1s de expulsar a las personas que estaban en el edificio, se llevaron el tom\u00f3grafo que compr\u00f3 la instituci\u00f3n y que sigue siendo el \u00fanico de la provincia.<\/p>\n<p>\u201cEl tom\u00f3grafo funcionaba para todos\u00a0los afiliados y cualquier persona que lo necesitara por un bono de tres pesos (unos 15 centavos de d\u00f3lar). Se llevaron\u00a0todos los equipos para hacer radiograf\u00edas y ecograf\u00edas, todo se compr\u00f3 con mucho sacrificio, no hay argumentos para llev\u00e1rselos. El juez Pullen Llermanos se caracteriza por ser un apropiador, no le importa nada\u201d, sostuvo Sala en declaraciones a la radio La Patriada.<\/p>\n<p>\u201cNos pueden sacar todo pero lo que no nos pueden sacar es la dignidad y las ganas de trabajar\u201d, asegur\u00f3 la dirigente y acus\u00f3 al gobernador Morales de seguir \u201creinaugurando las obras de la Tupac Amaru\u201d.<\/p>\n<p>La persecuci\u00f3n judicial contra la organizaci\u00f3n social que fuera la m\u00e1s grande de la Argentina, contin\u00faa por el control que mantiene del poder judicial el gobierno de la provincia.<\/p>\n","protected":false},"excerpt":{"rendered":"<p>El acoso a la organizaci\u00f3n barrial Tupac Amaru, en la provincia argentina de Jujuy, sigue sumando cap\u00edtulos de arbitrariedades. A las detenciones ilegales de varios integrantes de la organizaci\u00f3n, ahora se suma el allanamiento y usurpaci\u00f3n de la sede central&hellip;<\/p>\n","protected":false},"author":96,"featured_media":654923,"comment_status":"closed","ping_status":"closed","sticky":false,"template":"","format":"standard","meta":{"footnotes":""},"categories":[11389,74,67],"tags":[26,7399,1266,1096],"class_list":["post-654922","post","type-post","status-publish","format-standard","has-post-thumbnail","hentry","category-contenido-original","category-politica-es","category-sudamerica","tag-argentina","tag-jujuy","tag-milagro-sala","tag-tupac-amaru"],"yoast_head":"<!-- This site is optimized with the Yoast SEO plugin v27.1.1 - https:\/\/yoast.com\/product\/yoast-seo-wordpress\/ -->\n<title>Intervienen judicialmente la Tupac Amaru en Argentina<\/title>\n<meta name=\"description\" content=\"El acoso a la organizaci\u00f3n barrial Tupac Amaru, en la provincia argentina de Jujuy, sigue sumando cap\u00edtulos de arbitrariedades. A las detenciones ilegales\" \/>\n<meta name=\"robots\" content=\"index, follow, max-snippet:-1, max-image-preview:large, max-video-preview:-1\" \/>\n<link rel=\"canonical\" href=\"https:\/\/www.pressenza.com\/es\/2018\/06\/intervienen-judicialmente-la-tupac-amaru-argentina\/\" \/>\n<meta property=\"og:locale\" content=\"es_ES\" \/>\n<meta property=\"og:type\" content=\"article\" \/>\n<meta property=\"og:title\" content=\"Intervienen judicialmente la Tupac Amaru en Argentina\" \/>\n<meta property=\"og:description\" content=\"El acoso a la organizaci\u00f3n barrial Tupac Amaru, en la provincia argentina de Jujuy, sigue sumando cap\u00edtulos de arbitrariedades. A las detenciones ilegales\" \/>\n<meta property=\"og:url\" content=\"https:\/\/www.pressenza.com\/es\/2018\/06\/intervienen-judicialmente-la-tupac-amaru-argentina\/\" \/>\n<meta property=\"og:site_name\" content=\"Pressenza\" \/>\n<meta property=\"article:publisher\" content=\"https:\/\/www.facebook.com\/PressenzaItalia\" \/>\n<meta property=\"article:author\" content=\"https:\/\/www.facebook.com\/mariano.quiroga.779\" \/>\n<meta property=\"article:published_time\" content=\"2018-06-09T20:02:11+00:00\" \/>\n<meta property=\"og:image\" content=\"https:\/\/www.pressenza.com\/wp-content\/uploads\/2018\/06\/comite-allanamiento.jpg\" \/>\n\t<meta property=\"og:image:width\" content=\"960\" \/>\n\t<meta property=\"og:image:height\" content=\"960\" \/>\n\t<meta property=\"og:image:type\" content=\"image\/jpeg\" \/>\n<meta name=\"author\" content=\"Mariano Quiroga\" \/>\n<meta name=\"twitter:card\" content=\"summary_large_image\" \/>\n<meta name=\"twitter:creator\" content=\"@MaruchoQuiroga\" \/>\n<meta name=\"twitter:site\" content=\"@PressenzaIPA\" \/>\n<meta name=\"twitter:label1\" content=\"Escrito por\" \/>\n\t<meta name=\"twitter:data1\" content=\"Mariano Quiroga\" \/>\n\t<meta name=\"twitter:label2\" content=\"Tiempo de lectura\" \/>\n\t<meta name=\"twitter:data2\" content=\"2 minutos\" \/>\n<script type=\"application\/ld+json\" class=\"yoast-schema-graph\">{\"@context\":\"https:\/\/schema.org\",\"@graph\":[{\"@type\":\"Article\",\"@id\":\"https:\/\/www.pressenza.com\/es\/2018\/06\/intervienen-judicialmente-la-tupac-amaru-argentina\/#article\",\"isPartOf\":{\"@id\":\"https:\/\/www.pressenza.com\/es\/2018\/06\/intervienen-judicialmente-la-tupac-amaru-argentina\/\"},\"author\":{\"name\":\"Mariano Quiroga\",\"@id\":\"https:\/\/www.pressenza.com\/es\/#\/schema\/person\/a0856fe41d8234b92503e6b28dc2585e\"},\"headline\":\"Intervienen judicialmente la Tupac Amaru en Argentina\",\"datePublished\":\"2018-06-09T20:02:11+00:00\",\"mainEntityOfPage\":{\"@id\":\"https:\/\/www.pressenza.com\/es\/2018\/06\/intervienen-judicialmente-la-tupac-amaru-argentina\/\"},\"wordCount\":327,\"publisher\":{\"@id\":\"https:\/\/www.pressenza.com\/es\/#organization\"},\"image\":{\"@id\":\"https:\/\/www.pressenza.com\/es\/2018\/06\/intervienen-judicialmente-la-tupac-amaru-argentina\/#primaryimage\"},\"thumbnailUrl\":\"https:\/\/www.pressenza.com\/wp-content\/uploads\/2018\/06\/comite-allanamiento.jpg\",\"keywords\":[\"Argentina\",\"Jujuy\",\"Milagro Sala\",\"Tupac Amaru\"],\"articleSection\":[\"Contenido Original\",\"Pol\u00edtica\",\"Sudam\u00e9rica\"],\"inLanguage\":\"es\"},{\"@type\":\"WebPage\",\"@id\":\"https:\/\/www.pressenza.com\/es\/2018\/06\/intervienen-judicialmente-la-tupac-amaru-argentina\/\",\"url\":\"https:\/\/www.pressenza.com\/es\/2018\/06\/intervienen-judicialmente-la-tupac-amaru-argentina\/\",\"name\":\"Intervienen judicialmente la Tupac Amaru en Argentina\",\"isPartOf\":{\"@id\":\"https:\/\/www.pressenza.com\/es\/#website\"},\"primaryImageOfPage\":{\"@id\":\"https:\/\/www.pressenza.com\/es\/2018\/06\/intervienen-judicialmente-la-tupac-amaru-argentina\/#primaryimage\"},\"image\":{\"@id\":\"https:\/\/www.pressenza.com\/es\/2018\/06\/intervienen-judicialmente-la-tupac-amaru-argentina\/#primaryimage\"},\"thumbnailUrl\":\"https:\/\/www.pressenza.com\/wp-content\/uploads\/2018\/06\/comite-allanamiento.jpg\",\"datePublished\":\"2018-06-09T20:02:11+00:00\",\"description\":\"El acoso a la organizaci\u00f3n barrial Tupac Amaru, en la provincia argentina de Jujuy, sigue sumando cap\u00edtulos de arbitrariedades. A las detenciones ilegales\",\"breadcrumb\":{\"@id\":\"https:\/\/www.pressenza.com\/es\/2018\/06\/intervienen-judicialmente-la-tupac-amaru-argentina\/#breadcrumb\"},\"inLanguage\":\"es\",\"potentialAction\":[{\"@type\":\"ReadAction\",\"target\":[\"https:\/\/www.pressenza.com\/es\/2018\/06\/intervienen-judicialmente-la-tupac-amaru-argentina\/\"]}]},{\"@type\":\"ImageObject\",\"inLanguage\":\"es\",\"@id\":\"https:\/\/www.pressenza.com\/es\/2018\/06\/intervienen-judicialmente-la-tupac-amaru-argentina\/#primaryimage\",\"url\":\"https:\/\/www.pressenza.com\/wp-content\/uploads\/2018\/06\/comite-allanamiento.jpg\",\"contentUrl\":\"https:\/\/www.pressenza.com\/wp-content\/uploads\/2018\/06\/comite-allanamiento.jpg\",\"width\":960,\"height\":960},{\"@type\":\"BreadcrumbList\",\"@id\":\"https:\/\/www.pressenza.com\/es\/2018\/06\/intervienen-judicialmente-la-tupac-amaru-argentina\/#breadcrumb\",\"itemListElement\":[{\"@type\":\"ListItem\",\"position\":1,\"name\":\"Accueil\",\"item\":\"https:\/\/www.pressenza.com\/es\/\"},{\"@type\":\"ListItem\",\"position\":2,\"name\":\"Intervienen judicialmente la Tupac Amaru en Argentina\"}]},{\"@type\":\"WebSite\",\"@id\":\"https:\/\/www.pressenza.com\/es\/#website\",\"url\":\"https:\/\/www.pressenza.com\/es\/\",\"name\":\"Pressenza\",\"description\":\"International Press Agency\",\"publisher\":{\"@id\":\"https:\/\/www.pressenza.com\/es\/#organization\"},\"potentialAction\":[{\"@type\":\"SearchAction\",\"target\":{\"@type\":\"EntryPoint\",\"urlTemplate\":\"https:\/\/www.pressenza.com\/es\/?s={search_term_string}\"},\"query-input\":{\"@type\":\"PropertyValueSpecification\",\"valueRequired\":true,\"valueName\":\"search_term_string\"}}],\"inLanguage\":\"es\"},{\"@type\":\"Organization\",\"@id\":\"https:\/\/www.pressenza.com\/es\/#organization\",\"name\":\"Pressenza\",\"url\":\"https:\/\/www.pressenza.com\/es\/\",\"logo\":{\"@type\":\"ImageObject\",\"inLanguage\":\"es\",\"@id\":\"https:\/\/www.pressenza.com\/es\/#\/schema\/logo\/image\/\",\"url\":\"https:\/\/www.pressenza.com\/wp-content\/uploads\/2022\/10\/pressenza_logo_200x200.jpg\",\"contentUrl\":\"https:\/\/www.pressenza.com\/wp-content\/uploads\/2022\/10\/pressenza_logo_200x200.jpg\",\"width\":200,\"height\":200,\"caption\":\"Pressenza\"},\"image\":{\"@id\":\"https:\/\/www.pressenza.com\/es\/#\/schema\/logo\/image\/\"},\"sameAs\":[\"https:\/\/www.facebook.com\/PressenzaItalia\",\"https:\/\/x.com\/PressenzaIPA\"]},{\"@type\":\"Person\",\"@id\":\"https:\/\/www.pressenza.com\/es\/#\/schema\/person\/a0856fe41d8234b92503e6b28dc2585e\",\"name\":\"Mariano Quiroga\",\"description\":\"Born in Buenos Aires, Argentina, in 1976, Mariano is a journalist, poet and international editor for Pressenza. His career includes publications in different countries and languages. Currently he is presenter on radio programmes in Ecuador and Argentina. A humanist communicator specialising in international politics, his vocation has led him to seek to build bridges that allow relationships to be made between data, events, people and contexts in order to create an inclusive look that synthesises the noblest searches for social justice and humanisation of the planet.\",\"sameAs\":[\"https:\/\/www.facebook.com\/mariano.quiroga.779\",\"https:\/\/x.com\/MaruchoQuiroga\"],\"url\":\"https:\/\/www.pressenza.com\/es\/author\/mariano-quiroga\/\"}]}<\/script>\n<!-- \/ Yoast SEO plugin. -->","yoast_head_json":{"title":"Intervienen judicialmente la Tupac Amaru en Argentina","description":"El acoso a la organizaci\u00f3n barrial Tupac Amaru, en la provincia argentina de Jujuy, sigue sumando cap\u00edtulos de arbitrariedades. A las detenciones ilegales","robots":{"index":"index","follow":"follow","max-snippet":"max-snippet:-1","max-image-preview":"max-image-preview:large","max-video-preview":"max-video-preview:-1"},"canonical":"https:\/\/www.pressenza.com\/es\/2018\/06\/intervienen-judicialmente-la-tupac-amaru-argentina\/","og_locale":"es_ES","og_type":"article","og_title":"Intervienen judicialmente la Tupac Amaru en Argentina","og_description":"El acoso a la organizaci\u00f3n barrial Tupac Amaru, en la provincia argentina de Jujuy, sigue sumando cap\u00edtulos de arbitrariedades. A las detenciones ilegales","og_url":"https:\/\/www.pressenza.com\/es\/2018\/06\/intervienen-judicialmente-la-tupac-amaru-argentina\/","og_site_name":"Pressenza","article_publisher":"https:\/\/www.facebook.com\/PressenzaItalia","article_author":"https:\/\/www.facebook.com\/mariano.quiroga.779","article_published_time":"2018-06-09T20:02:11+00:00","og_image":[{"width":960,"height":960,"url":"https:\/\/www.pressenza.com\/wp-content\/uploads\/2018\/06\/comite-allanamiento.jpg","type":"image\/jpeg"}],"author":"Mariano Quiroga","twitter_card":"summary_large_image","twitter_creator":"@MaruchoQuiroga","twitter_site":"@PressenzaIPA","twitter_misc":{"Escrito por":"Mariano Quiroga","Tiempo de lectura":"2 minutos"},"schema":{"@context":"https:\/\/schema.org","@graph":[{"@type":"Article","@id":"https:\/\/www.pressenza.com\/es\/2018\/06\/intervienen-judicialmente-la-tupac-amaru-argentina\/#article","isPartOf":{"@id":"https:\/\/www.pressenza.com\/es\/2018\/06\/intervienen-judicialmente-la-tupac-amaru-argentina\/"},"author":{"name":"Mariano Quiroga","@id":"https:\/\/www.pressenza.com\/es\/#\/schema\/person\/a0856fe41d8234b92503e6b28dc2585e"},"headline":"Intervienen judicialmente la Tupac Amaru en Argentina","datePublished":"2018-06-09T20:02:11+00:00","mainEntityOfPage":{"@id":"https:\/\/www.pressenza.com\/es\/2018\/06\/intervienen-judicialmente-la-tupac-amaru-argentina\/"},"wordCount":327,"publisher":{"@id":"https:\/\/www.pressenza.com\/es\/#organization"},"image":{"@id":"https:\/\/www.pressenza.com\/es\/2018\/06\/intervienen-judicialmente-la-tupac-amaru-argentina\/#primaryimage"},"thumbnailUrl":"https:\/\/www.pressenza.com\/wp-content\/uploads\/2018\/06\/comite-allanamiento.jpg","keywords":["Argentina","Jujuy","Milagro Sala","Tupac Amaru"],"articleSection":["Contenido Original","Pol\u00edtica","Sudam\u00e9rica"],"inLanguage":"es"},{"@type":"WebPage","@id":"https:\/\/www.pressenza.com\/es\/2018\/06\/intervienen-judicialmente-la-tupac-amaru-argentina\/","url":"https:\/\/www.pressenza.com\/es\/2018\/06\/intervienen-judicialmente-la-tupac-amaru-argentina\/","name":"Intervienen judicialmente la Tupac Amaru en Argentina","isPartOf":{"@id":"https:\/\/www.pressenza.com\/es\/#website"},"primaryImageOfPage":{"@id":"https:\/\/www.pressenza.com\/es\/2018\/06\/intervienen-judicialmente-la-tupac-amaru-argentina\/#primaryimage"},"image":{"@id":"https:\/\/www.pressenza.com\/es\/2018\/06\/intervienen-judicialmente-la-tupac-amaru-argentina\/#primaryimage"},"thumbnailUrl":"https:\/\/www.pressenza.com\/wp-content\/uploads\/2018\/06\/comite-allanamiento.jpg","datePublished":"2018-06-09T20:02:11+00:00","description":"El acoso a la organizaci\u00f3n barrial Tupac Amaru, en la provincia argentina de Jujuy, sigue sumando cap\u00edtulos de arbitrariedades. A las detenciones ilegales","breadcrumb":{"@id":"https:\/\/www.pressenza.com\/es\/2018\/06\/intervienen-judicialmente-la-tupac-amaru-argentina\/#breadcrumb"},"inLanguage":"es","potentialAction":[{"@type":"ReadAction","target":["https:\/\/www.pressenza.com\/es\/2018\/06\/intervienen-judicialmente-la-tupac-amaru-argentina\/"]}]},{"@type":"ImageObject","inLanguage":"es","@id":"https:\/\/www.pressenza.com\/es\/2018\/06\/intervienen-judicialmente-la-tupac-amaru-argentina\/#primaryimage","url":"https:\/\/www.pressenza.com\/wp-content\/uploads\/2018\/06\/comite-allanamiento.jpg","contentUrl":"https:\/\/www.pressenza.com\/wp-content\/uploads\/2018\/06\/comite-allanamiento.jpg","width":960,"height":960},{"@type":"BreadcrumbList","@id":"https:\/\/www.pressenza.com\/es\/2018\/06\/intervienen-judicialmente-la-tupac-amaru-argentina\/#breadcrumb","itemListElement":[{"@type":"ListItem","position":1,"name":"Accueil","item":"https:\/\/www.pressenza.com\/es\/"},{"@type":"ListItem","position":2,"name":"Intervienen judicialmente la Tupac Amaru en Argentina"}]},{"@type":"WebSite","@id":"https:\/\/www.pressenza.com\/es\/#website","url":"https:\/\/www.pressenza.com\/es\/","name":"Pressenza","description":"International Press Agency","publisher":{"@id":"https:\/\/www.pressenza.com\/es\/#organization"},"potentialAction":[{"@type":"SearchAction","target":{"@type":"EntryPoint","urlTemplate":"https:\/\/www.pressenza.com\/es\/?s={search_term_string}"},"query-input":{"@type":"PropertyValueSpecification","valueRequired":true,"valueName":"search_term_string"}}],"inLanguage":"es"},{"@type":"Organization","@id":"https:\/\/www.pressenza.com\/es\/#organization","name":"Pressenza","url":"https:\/\/www.pressenza.com\/es\/","logo":{"@type":"ImageObject","inLanguage":"es","@id":"https:\/\/www.pressenza.com\/es\/#\/schema\/logo\/image\/","url":"https:\/\/www.pressenza.com\/wp-content\/uploads\/2022\/10\/pressenza_logo_200x200.jpg","contentUrl":"https:\/\/www.pressenza.com\/wp-content\/uploads\/2022\/10\/pressenza_logo_200x200.jpg","width":200,"height":200,"caption":"Pressenza"},"image":{"@id":"https:\/\/www.pressenza.com\/es\/#\/schema\/logo\/image\/"},"sameAs":["https:\/\/www.facebook.com\/PressenzaItalia","https:\/\/x.com\/PressenzaIPA"]},{"@type":"Person","@id":"https:\/\/www.pressenza.com\/es\/#\/schema\/person\/a0856fe41d8234b92503e6b28dc2585e","name":"Mariano Quiroga","description":"Born in Buenos Aires, Argentina, in 1976, Mariano is a journalist, poet and international editor for Pressenza. His career includes publications in different countries and languages. Currently he is presenter on radio programmes in Ecuador and Argentina. A humanist communicator specialising in international politics, his vocation has led him to seek to build bridges that allow relationships to be made between data, events, people and contexts in order to create an inclusive look that synthesises the noblest searches for social justice and humanisation of the planet.","sameAs":["https:\/\/www.facebook.com\/mariano.quiroga.779","https:\/\/x.com\/MaruchoQuiroga"],"url":"https:\/\/www.pressenza.com\/es\/author\/mariano-quiroga\/"}]}},"place":"Ciudad de Buenos Aires, Argentina","original_article_url":"http:\/\/www.pichinchauniversal.com.ec\/intervienen-judicialmente-la-tupac-amaru-en-argentina\/","_links":{"self":[{"href":"https:\/\/www.pressenza.com\/es\/wp-json\/wp\/v2\/posts\/654922","targetHints":{"allow":["GET"]}}],"collection":[{"href":"https:\/\/www.pressenza.com\/es\/wp-json\/wp\/v2\/posts"}],"about":[{"href":"https:\/\/www.pressenza.com\/es\/wp-json\/wp\/v2\/types\/post"}],"author":[{"embeddable":true,"href":"https:\/\/www.pressenza.com\/es\/wp-json\/wp\/v2\/users\/96"}],"replies":[{"embeddable":true,"href":"https:\/\/www.pressenza.com\/es\/wp-json\/wp\/v2\/comments?post=654922"}],"version-history":[{"count":0,"href":"https:\/\/www.pressenza.com\/es\/wp-json\/wp\/v2\/posts\/654922\/revisions"}],"wp:featuredmedia":[{"embeddable":true,"href":"https:\/\/www.pressenza.com\/es\/wp-json\/wp\/v2\/media\/654923"}],"wp:attachment":[{"href":"https:\/\/www.pressenza.com\/es\/wp-json\/wp\/v2\/media?parent=654922"}],"wp:term":[{"taxonomy":"category","embeddable":true,"href":"https:\/\/www.pressenza.com\/es\/wp-json\/wp\/v2\/categories?post=654922"},{"taxonomy":"post_tag","embeddable":true,"href":"https:\/\/www.pressenza.com\/es\/wp-json\/wp\/v2\/tags?post=654922"}],"curies":[{"name":"wp","href":"https:\/\/api.w.org\/{rel}","templated":true}]}}