{"id":654,"date":"2009-07-05T00:00:00","date_gmt":"2009-07-05T00:00:00","guid":{"rendered":""},"modified":"2009-07-05T18:33:43","modified_gmt":"2009-07-05T18:33:43","slug":"impiden-aterrizaje-de-zelaya","status":"publish","type":"post","link":"https:\/\/www.pressenza.com\/es\/2009\/07\/impiden-aterrizaje-de-zelaya\/","title":{"rendered":"Impiden aterrizaje de Zelaya"},"content":{"rendered":"<p>A pesar de ello, Zelaya intent\u00f3 llegar a Honduras desde Washington, aunque el avi\u00f3n que lo trasladaba tuvo que dar media vuelta y aterrizar en el aeropuerto de Managua. El vuelo dur\u00f3 4 horas y media y en \u00e9l, adem\u00e1s de Zelaya, viajaban la canciller Patricia Roa y el secretario de la OEA Miguel D\u2019Escotto.<\/p>\n<p>Los militares hondure\u00f1os colocaron veh\u00edculos en el medio de la pista. El avi\u00f3n sobrevol\u00f3 el aeropuerto durante varios minutos pero no pudo aterrizar por la presencia de varios camiones militares sobre la pista.<\/p>\n<p>Zelaya afirm\u00f3 que partir\u00e1 inmediatamente hacia El Salvador para reunirse all\u00ed con los presidentes que lo esperan ah\u00ed: la presidenta de Argentina, Cristina Fern\u00e1ndez; de Paraguay, Fernando Lugo, y de Ecuador, Rafael Correa, reunidos todos en el aeropuerto de San Salvador.<\/p>\n<p>En la zona del aeropuerto de Tegucigalpa, adherentes de Zelaya fueron reprimidos por las fuerzas de seguridad que custodiaban la zona. En los disturbios al menos una persona muri\u00f3 y una decena m\u00e1s result\u00f3 herida.<\/p>\n<p>El Gobierno de facto de Honduras adelant\u00f3 en tres horas el toque de queda decretado para esta noche, que comenzar\u00e1 a regir desde las 19.00 hrs.<\/p>\n<p>Hugo Ch\u00e1vez, felicit\u00f3 p\u00fablicamente al *\u00abvaliente\u00bb* Manuel Zelaya, as\u00ed como a los pilotos venezolanos del avi\u00f3n. Afirm\u00f3 que Zelaya *\u00abes un hombre valiente como pocos que he conocido en mi vida\u00bb* y a\u00f1adi\u00f3 que cre\u00eda que esta ha sido una *\u00abgran victoria moral\u00bb*.<\/p>\n","protected":false},"excerpt":{"rendered":"<p>Manuel Zelaya no pudo hoy aterrizar en Honduras como previsto, en el avi\u00f3n venezolano que sobrevol\u00f3 Tegucigalpa por lo que tuvo que dar la vuelta y desviarse a Nicaragua. En los pr\u00f3ximos d\u00edas intentar\u00e1 entrar nuevamente a su pa\u00eds por alguna otra v\u00eda.<\/p>\n<p>Zelaya hab\u00eda anunciado su vuelta al pa\u00eds una semana despu\u00e9s de que fuese depuesto del gobierno de Honduras. La respuesta del nuevo gobierno de Honduras, encabezado por Micheletti, fue aseverar que no permitir\u00eda el ingreso del avi\u00f3n al pa\u00eds.<\/p>\n","protected":false},"author":19,"featured_media":0,"comment_status":"closed","ping_status":"open","sticky":false,"template":"","format":"standard","meta":{"footnotes":""},"categories":[69,76,149,39],"tags":[],"class_list":["post-654","post","type-post","status-publish","format-standard","hentry","category-america-central","category-relaciones-exteriores","category-comunicados-de-prensa","category-internacional"],"yoast_head":"<!-- This site is optimized with the Yoast SEO plugin v27.1.1 - https:\/\/yoast.com\/product\/yoast-seo-wordpress\/ -->\n<title>Impiden aterrizaje de Zelaya<\/title>\n<meta name=\"description\" content=\"Manuel Zelaya no pudo hoy aterrizar en Honduras como previsto, en el avi\u00f3n venezolano que sobrevol\u00f3 Tegucigalpa por lo que tuvo que dar la vuelta y desviarse a Nicaragua. En los pr\u00f3ximos d\u00edas intentar\u00e1 entrar nuevamente a su pa\u00eds por alguna otra v\u00eda.  Zelaya hab\u00eda anunciado su vuelta al pa\u00eds una semana despu\u00e9s de que fuese depuesto del gobierno de Honduras. La respuesta del nuevo gobierno de Honduras, encabezado por Micheletti, fue aseverar que no permitir\u00eda el ingreso del avi\u00f3n al pa\u00eds.\" \/>\n<meta name=\"robots\" content=\"index, follow, max-snippet:-1, max-image-preview:large, max-video-preview:-1\" \/>\n<link rel=\"canonical\" href=\"https:\/\/www.pressenza.com\/es\/2009\/07\/impiden-aterrizaje-de-zelaya\/\" \/>\n<meta property=\"og:locale\" content=\"es_ES\" \/>\n<meta property=\"og:type\" content=\"article\" \/>\n<meta property=\"og:title\" content=\"Impiden aterrizaje de Zelaya\" \/>\n<meta property=\"og:description\" content=\"Manuel Zelaya no pudo hoy aterrizar en Honduras como previsto, en el avi\u00f3n venezolano que sobrevol\u00f3 Tegucigalpa por lo que tuvo que dar la vuelta y desviarse a Nicaragua. En los pr\u00f3ximos d\u00edas intentar\u00e1 entrar nuevamente a su pa\u00eds por alguna otra v\u00eda.  Zelaya hab\u00eda anunciado su vuelta al pa\u00eds una semana despu\u00e9s de que fuese depuesto del gobierno de Honduras. La respuesta del nuevo gobierno de Honduras, encabezado por Micheletti, fue aseverar que no permitir\u00eda el ingreso del avi\u00f3n al pa\u00eds.\" \/>\n<meta property=\"og:url\" content=\"https:\/\/www.pressenza.com\/es\/2009\/07\/impiden-aterrizaje-de-zelaya\/\" \/>\n<meta property=\"og:site_name\" content=\"Pressenza\" \/>\n<meta property=\"article:publisher\" content=\"https:\/\/www.facebook.com\/PressenzaItalia\" \/>\n<meta property=\"article:author\" content=\"https:\/\/www.facebook.com\/pressenza\" \/>\n<meta property=\"article:published_time\" content=\"2009-07-05T00:00:00+00:00\" \/>\n<meta property=\"article:modified_time\" content=\"2009-07-05T18:33:43+00:00\" \/>\n<meta name=\"author\" content=\"Pressenza IPA\" \/>\n<meta name=\"twitter:card\" content=\"summary_large_image\" \/>\n<meta name=\"twitter:creator\" content=\"@PressenzaIPA\" \/>\n<meta name=\"twitter:site\" content=\"@PressenzaIPA\" \/>\n<meta name=\"twitter:label1\" content=\"Escrito por\" \/>\n\t<meta name=\"twitter:data1\" content=\"Pressenza IPA\" \/>\n\t<meta name=\"twitter:label2\" content=\"Tiempo de lectura\" \/>\n\t<meta name=\"twitter:data2\" content=\"1 minuto\" \/>\n<script type=\"application\/ld+json\" class=\"yoast-schema-graph\">{\"@context\":\"https:\/\/schema.org\",\"@graph\":[{\"@type\":\"Article\",\"@id\":\"https:\/\/www.pressenza.com\/es\/2009\/07\/impiden-aterrizaje-de-zelaya\/#article\",\"isPartOf\":{\"@id\":\"https:\/\/www.pressenza.com\/es\/2009\/07\/impiden-aterrizaje-de-zelaya\/\"},\"author\":{\"name\":\"Pressenza IPA\",\"@id\":\"https:\/\/www.pressenza.com\/es\/#\/schema\/person\/010e5d02bcf40965427a1289a4cc8d75\"},\"headline\":\"Impiden aterrizaje de Zelaya\",\"datePublished\":\"2009-07-05T00:00:00+00:00\",\"dateModified\":\"2009-07-05T18:33:43+00:00\",\"mainEntityOfPage\":{\"@id\":\"https:\/\/www.pressenza.com\/es\/2009\/07\/impiden-aterrizaje-de-zelaya\/\"},\"wordCount\":248,\"publisher\":{\"@id\":\"https:\/\/www.pressenza.com\/es\/#organization\"},\"articleSection\":[\"Am\u00e9rica Central\",\"Asuntos internacionales\",\"Comunicados de Prensa\",\"Internacional\"],\"inLanguage\":\"es\"},{\"@type\":\"WebPage\",\"@id\":\"https:\/\/www.pressenza.com\/es\/2009\/07\/impiden-aterrizaje-de-zelaya\/\",\"url\":\"https:\/\/www.pressenza.com\/es\/2009\/07\/impiden-aterrizaje-de-zelaya\/\",\"name\":\"Impiden aterrizaje de Zelaya\",\"isPartOf\":{\"@id\":\"https:\/\/www.pressenza.com\/es\/#website\"},\"datePublished\":\"2009-07-05T00:00:00+00:00\",\"dateModified\":\"2009-07-05T18:33:43+00:00\",\"description\":\"Manuel Zelaya no pudo hoy aterrizar en Honduras como previsto, en el avi\u00f3n venezolano que sobrevol\u00f3 Tegucigalpa por lo que tuvo que dar la vuelta y desviarse a Nicaragua. En los pr\u00f3ximos d\u00edas intentar\u00e1 entrar nuevamente a su pa\u00eds por alguna otra v\u00eda. Zelaya hab\u00eda anunciado su vuelta al pa\u00eds una semana despu\u00e9s de que fuese depuesto del gobierno de Honduras. La respuesta del nuevo gobierno de Honduras, encabezado por Micheletti, fue aseverar que no permitir\u00eda el ingreso del avi\u00f3n al pa\u00eds.\",\"breadcrumb\":{\"@id\":\"https:\/\/www.pressenza.com\/es\/2009\/07\/impiden-aterrizaje-de-zelaya\/#breadcrumb\"},\"inLanguage\":\"es\",\"potentialAction\":[{\"@type\":\"ReadAction\",\"target\":[\"https:\/\/www.pressenza.com\/es\/2009\/07\/impiden-aterrizaje-de-zelaya\/\"]}]},{\"@type\":\"BreadcrumbList\",\"@id\":\"https:\/\/www.pressenza.com\/es\/2009\/07\/impiden-aterrizaje-de-zelaya\/#breadcrumb\",\"itemListElement\":[{\"@type\":\"ListItem\",\"position\":1,\"name\":\"Accueil\",\"item\":\"https:\/\/www.pressenza.com\/es\/\"},{\"@type\":\"ListItem\",\"position\":2,\"name\":\"Impiden aterrizaje de Zelaya\"}]},{\"@type\":\"WebSite\",\"@id\":\"https:\/\/www.pressenza.com\/es\/#website\",\"url\":\"https:\/\/www.pressenza.com\/es\/\",\"name\":\"Pressenza\",\"description\":\"International Press Agency\",\"publisher\":{\"@id\":\"https:\/\/www.pressenza.com\/es\/#organization\"},\"potentialAction\":[{\"@type\":\"SearchAction\",\"target\":{\"@type\":\"EntryPoint\",\"urlTemplate\":\"https:\/\/www.pressenza.com\/es\/?s={search_term_string}\"},\"query-input\":{\"@type\":\"PropertyValueSpecification\",\"valueRequired\":true,\"valueName\":\"search_term_string\"}}],\"inLanguage\":\"es\"},{\"@type\":\"Organization\",\"@id\":\"https:\/\/www.pressenza.com\/es\/#organization\",\"name\":\"Pressenza\",\"url\":\"https:\/\/www.pressenza.com\/es\/\",\"logo\":{\"@type\":\"ImageObject\",\"inLanguage\":\"es\",\"@id\":\"https:\/\/www.pressenza.com\/es\/#\/schema\/logo\/image\/\",\"url\":\"https:\/\/www.pressenza.com\/wp-content\/uploads\/2022\/10\/pressenza_logo_200x200.jpg\",\"contentUrl\":\"https:\/\/www.pressenza.com\/wp-content\/uploads\/2022\/10\/pressenza_logo_200x200.jpg\",\"width\":200,\"height\":200,\"caption\":\"Pressenza\"},\"image\":{\"@id\":\"https:\/\/www.pressenza.com\/es\/#\/schema\/logo\/image\/\"},\"sameAs\":[\"https:\/\/www.facebook.com\/PressenzaItalia\",\"https:\/\/x.com\/PressenzaIPA\"]},{\"@type\":\"Person\",\"@id\":\"https:\/\/www.pressenza.com\/es\/#\/schema\/person\/010e5d02bcf40965427a1289a4cc8d75\",\"name\":\"Pressenza IPA\",\"description\":\"News from Pressenza IPA correspondents\",\"sameAs\":[\"https:\/\/www.facebook.com\/pressenza\",\"https:\/\/x.com\/PressenzaIPA\"],\"url\":\"https:\/\/www.pressenza.com\/es\/author\/pressenza-ipa\/\"}]}<\/script>\n<!-- \/ Yoast SEO plugin. -->","yoast_head_json":{"title":"Impiden aterrizaje de Zelaya","description":"Manuel Zelaya no pudo hoy aterrizar en Honduras como previsto, en el avi\u00f3n venezolano que sobrevol\u00f3 Tegucigalpa por lo que tuvo que dar la vuelta y desviarse a Nicaragua. En los pr\u00f3ximos d\u00edas intentar\u00e1 entrar nuevamente a su pa\u00eds por alguna otra v\u00eda.  Zelaya hab\u00eda anunciado su vuelta al pa\u00eds una semana despu\u00e9s de que fuese depuesto del gobierno de Honduras. La respuesta del nuevo gobierno de Honduras, encabezado por Micheletti, fue aseverar que no permitir\u00eda el ingreso del avi\u00f3n al pa\u00eds.","robots":{"index":"index","follow":"follow","max-snippet":"max-snippet:-1","max-image-preview":"max-image-preview:large","max-video-preview":"max-video-preview:-1"},"canonical":"https:\/\/www.pressenza.com\/es\/2009\/07\/impiden-aterrizaje-de-zelaya\/","og_locale":"es_ES","og_type":"article","og_title":"Impiden aterrizaje de Zelaya","og_description":"Manuel Zelaya no pudo hoy aterrizar en Honduras como previsto, en el avi\u00f3n venezolano que sobrevol\u00f3 Tegucigalpa por lo que tuvo que dar la vuelta y desviarse a Nicaragua. En los pr\u00f3ximos d\u00edas intentar\u00e1 entrar nuevamente a su pa\u00eds por alguna otra v\u00eda.  Zelaya hab\u00eda anunciado su vuelta al pa\u00eds una semana despu\u00e9s de que fuese depuesto del gobierno de Honduras. La respuesta del nuevo gobierno de Honduras, encabezado por Micheletti, fue aseverar que no permitir\u00eda el ingreso del avi\u00f3n al pa\u00eds.","og_url":"https:\/\/www.pressenza.com\/es\/2009\/07\/impiden-aterrizaje-de-zelaya\/","og_site_name":"Pressenza","article_publisher":"https:\/\/www.facebook.com\/PressenzaItalia","article_author":"https:\/\/www.facebook.com\/pressenza","article_published_time":"2009-07-05T00:00:00+00:00","article_modified_time":"2009-07-05T18:33:43+00:00","author":"Pressenza IPA","twitter_card":"summary_large_image","twitter_creator":"@PressenzaIPA","twitter_site":"@PressenzaIPA","twitter_misc":{"Escrito por":"Pressenza IPA","Tiempo de lectura":"1 minuto"},"schema":{"@context":"https:\/\/schema.org","@graph":[{"@type":"Article","@id":"https:\/\/www.pressenza.com\/es\/2009\/07\/impiden-aterrizaje-de-zelaya\/#article","isPartOf":{"@id":"https:\/\/www.pressenza.com\/es\/2009\/07\/impiden-aterrizaje-de-zelaya\/"},"author":{"name":"Pressenza IPA","@id":"https:\/\/www.pressenza.com\/es\/#\/schema\/person\/010e5d02bcf40965427a1289a4cc8d75"},"headline":"Impiden aterrizaje de Zelaya","datePublished":"2009-07-05T00:00:00+00:00","dateModified":"2009-07-05T18:33:43+00:00","mainEntityOfPage":{"@id":"https:\/\/www.pressenza.com\/es\/2009\/07\/impiden-aterrizaje-de-zelaya\/"},"wordCount":248,"publisher":{"@id":"https:\/\/www.pressenza.com\/es\/#organization"},"articleSection":["Am\u00e9rica Central","Asuntos internacionales","Comunicados de Prensa","Internacional"],"inLanguage":"es"},{"@type":"WebPage","@id":"https:\/\/www.pressenza.com\/es\/2009\/07\/impiden-aterrizaje-de-zelaya\/","url":"https:\/\/www.pressenza.com\/es\/2009\/07\/impiden-aterrizaje-de-zelaya\/","name":"Impiden aterrizaje de Zelaya","isPartOf":{"@id":"https:\/\/www.pressenza.com\/es\/#website"},"datePublished":"2009-07-05T00:00:00+00:00","dateModified":"2009-07-05T18:33:43+00:00","description":"Manuel Zelaya no pudo hoy aterrizar en Honduras como previsto, en el avi\u00f3n venezolano que sobrevol\u00f3 Tegucigalpa por lo que tuvo que dar la vuelta y desviarse a Nicaragua. En los pr\u00f3ximos d\u00edas intentar\u00e1 entrar nuevamente a su pa\u00eds por alguna otra v\u00eda. Zelaya hab\u00eda anunciado su vuelta al pa\u00eds una semana despu\u00e9s de que fuese depuesto del gobierno de Honduras. La respuesta del nuevo gobierno de Honduras, encabezado por Micheletti, fue aseverar que no permitir\u00eda el ingreso del avi\u00f3n al pa\u00eds.","breadcrumb":{"@id":"https:\/\/www.pressenza.com\/es\/2009\/07\/impiden-aterrizaje-de-zelaya\/#breadcrumb"},"inLanguage":"es","potentialAction":[{"@type":"ReadAction","target":["https:\/\/www.pressenza.com\/es\/2009\/07\/impiden-aterrizaje-de-zelaya\/"]}]},{"@type":"BreadcrumbList","@id":"https:\/\/www.pressenza.com\/es\/2009\/07\/impiden-aterrizaje-de-zelaya\/#breadcrumb","itemListElement":[{"@type":"ListItem","position":1,"name":"Accueil","item":"https:\/\/www.pressenza.com\/es\/"},{"@type":"ListItem","position":2,"name":"Impiden aterrizaje de Zelaya"}]},{"@type":"WebSite","@id":"https:\/\/www.pressenza.com\/es\/#website","url":"https:\/\/www.pressenza.com\/es\/","name":"Pressenza","description":"International Press Agency","publisher":{"@id":"https:\/\/www.pressenza.com\/es\/#organization"},"potentialAction":[{"@type":"SearchAction","target":{"@type":"EntryPoint","urlTemplate":"https:\/\/www.pressenza.com\/es\/?s={search_term_string}"},"query-input":{"@type":"PropertyValueSpecification","valueRequired":true,"valueName":"search_term_string"}}],"inLanguage":"es"},{"@type":"Organization","@id":"https:\/\/www.pressenza.com\/es\/#organization","name":"Pressenza","url":"https:\/\/www.pressenza.com\/es\/","logo":{"@type":"ImageObject","inLanguage":"es","@id":"https:\/\/www.pressenza.com\/es\/#\/schema\/logo\/image\/","url":"https:\/\/www.pressenza.com\/wp-content\/uploads\/2022\/10\/pressenza_logo_200x200.jpg","contentUrl":"https:\/\/www.pressenza.com\/wp-content\/uploads\/2022\/10\/pressenza_logo_200x200.jpg","width":200,"height":200,"caption":"Pressenza"},"image":{"@id":"https:\/\/www.pressenza.com\/es\/#\/schema\/logo\/image\/"},"sameAs":["https:\/\/www.facebook.com\/PressenzaItalia","https:\/\/x.com\/PressenzaIPA"]},{"@type":"Person","@id":"https:\/\/www.pressenza.com\/es\/#\/schema\/person\/010e5d02bcf40965427a1289a4cc8d75","name":"Pressenza IPA","description":"News from Pressenza IPA correspondents","sameAs":["https:\/\/www.facebook.com\/pressenza","https:\/\/x.com\/PressenzaIPA"],"url":"https:\/\/www.pressenza.com\/es\/author\/pressenza-ipa\/"}]}},"place":"Tegucigalpa","original_article_url":"","_links":{"self":[{"href":"https:\/\/www.pressenza.com\/es\/wp-json\/wp\/v2\/posts\/654","targetHints":{"allow":["GET"]}}],"collection":[{"href":"https:\/\/www.pressenza.com\/es\/wp-json\/wp\/v2\/posts"}],"about":[{"href":"https:\/\/www.pressenza.com\/es\/wp-json\/wp\/v2\/types\/post"}],"author":[{"embeddable":true,"href":"https:\/\/www.pressenza.com\/es\/wp-json\/wp\/v2\/users\/19"}],"replies":[{"embeddable":true,"href":"https:\/\/www.pressenza.com\/es\/wp-json\/wp\/v2\/comments?post=654"}],"version-history":[{"count":0,"href":"https:\/\/www.pressenza.com\/es\/wp-json\/wp\/v2\/posts\/654\/revisions"}],"wp:attachment":[{"href":"https:\/\/www.pressenza.com\/es\/wp-json\/wp\/v2\/media?parent=654"}],"wp:term":[{"taxonomy":"category","embeddable":true,"href":"https:\/\/www.pressenza.com\/es\/wp-json\/wp\/v2\/categories?post=654"},{"taxonomy":"post_tag","embeddable":true,"href":"https:\/\/www.pressenza.com\/es\/wp-json\/wp\/v2\/tags?post=654"}],"curies":[{"name":"wp","href":"https:\/\/api.w.org\/{rel}","templated":true}]}}